{"id":9550,"date":"2026-09-02T11:20:17","date_gmt":"2026-09-02T09:20:17","guid":{"rendered":"https:\/\/www.zurbrueggen.de\/magazin\/?p=9550"},"modified":"2026-09-02T11:20:17","modified_gmt":"2026-09-02T09:20:17","slug":"herbstkueche","status":"publish","type":"post","link":"https:\/\/www.zurbrueggen.de\/magazin\/herbstkueche\/","title":{"rendered":"Herbstk\u00fcche"},"content":{"rendered":"<div class=\"mceTemp\"><\/div>\n<p><span class=\"vorschau\" style=\"font-family: 'Roboto Slab'; font-size: 22px; line-height: 34px; font-weight: 300; margin-top: 40px;\"> Wenn die Tage k\u00fcrzer werden und sich die Bl\u00e4tter in warme Farben h\u00fcllen, beginnt die Zeit f\u00fcr herzhafte Gerichte, aromatische Gew\u00fcrze und gem\u00fctliche Abende am Esstisch. K\u00fcrbis, Pilze, \u00c4pfel oder Maronen bringen den Herbst auf den Teller und laden zum gemeinsamen Kochen und Genie\u00dfen ein. Mit hochwertigen K\u00fcchenhelfern, stilvollem Geschirr und praktischen Kochutensilien von Zurbr\u00fcggen wird jede Mahlzeit zu einem echten Wohlf\u00fchlmoment. <\/span><\/p>\n<p><!--more--><\/p>\n<figure id=\"attachment_7292\" aria-describedby=\"caption-attachment-7292\" style=\"width: 1200px\" class=\"wp-caption aligncenter\"><a href=\"https:\/\/www.zurbrueggen.de\/wmf-6tlg-messerblock-6-tlg.-spitzenklasse\/1018838\"><img loading=\"lazy\" decoding=\"async\" class=\"size-full wp-image-7292\" src=\"https:\/\/www.zurbrueggen.de\/magazin\/wp-content\/uploads\/2026\/08\/magazin-beitragsbild-2-m-herbstkueche-20260831-141338.jpg\" alt=\"\" width=\"1200\" height=\"675\" \/><\/a><figcaption id=\"caption-attachment-7292\" class=\"wp-caption-text\">K\u00fcchenhelfer f\u00fcr den Herbst<\/figcaption><\/figure>\n<h5 style=\"text-align: left; padding-left: 150px;\">Die richtige Ausstattung f\u00fcr herbstliche Lieblingsgerichte<\/h5>\n<p><span class=\"fliesstext\" style=\"font-family: Roboto, sans-serif; font-size: 16px; line-height: 24px; font-weight: 400;\"> Cremige K\u00fcrbissuppe, Ofengem\u00fcse oder ein aromatisches Pilzrisotto gelingen mit den passenden <a href=\"https:\/\/www.zurbrueggen.de\/haushalt\/\">K\u00fcchenhelfern<\/a> besonders einfach. Hochwertige <a href=\"https:\/\/www.zurbrueggen.de\/marken\/fissler\/produkte\/fissler-toepfe\/\">T\u00f6pfe von Fissler<\/a>, scharfe<a href=\"https:\/\/www.zurbrueggen.de\/marken\/zwilling\/produkte\/zwilling-schneiden\/\"> Messer von ZWILLING <\/a>und langlebige <a href=\"https:\/\/www.zurbrueggen.de\/search?search=le+creuset+br%C3%A4ter\">Br\u00e4ter von Le Creuset<\/a> sind ideale Begleiter f\u00fcr die Herbstk\u00fcche. Frische Zutaten lassen sich auf robusten Schneidebrettern bequem vorbereiten, w\u00e4hrend praktische K\u00fcchenhelfer das Kochen noch komfortabler machen. Auch <a href=\"https:\/\/www.zurbrueggen.de\/haushalt\/haushaltsgeraete\/kuechenmaschinen\/\">K\u00fcchenmaschinen<\/a>,<a href=\"https:\/\/www.zurbrueggen.de\/haushalt\/kochen\/kuechenhelfer\/waagen-messhilfen\/\"> Messbecher <\/a>oder<a href=\"https:\/\/www.zurbrueggen.de\/haushalt\/kochen\/muehlen-streuer\/\"> Gew\u00fcrzm\u00fchlen <\/a>erleichtern die Zubereitung und sorgen daf\u00fcr, dass jeder Handgriff sitzt. Wer saisonale Zutaten frisch verarbeitet, bringt den Geschmack des Herbstes besonders intensiv zur Geltung. So bleibt mehr Zeit f\u00fcr das, was den Herbst ausmacht: gemeinsam genie\u00dfen und neue Lieblingsrezepte entdecken. <\/span><\/p>\n<p>&nbsp;<\/p>\n<figure id=\"attachment_7292\" aria-describedby=\"caption-attachment-7292\" style=\"width: 1200px\" class=\"wp-caption aligncenter\"><a href=\"https:\/\/www.zurbrueggen.de\/zurbrueggen-pfannenset-3-tlg.-paradigm\/1485140\"><img loading=\"lazy\" decoding=\"async\" class=\"size-full wp-image-7292\" src=\"https:\/\/www.zurbrueggen.de\/magazin\/wp-content\/uploads\/2026\/08\/magazin-beitragsbild-3-m-herbstkueche-20260831-141337.jpg\" alt=\"\" width=\"1200\" height=\"675\" \/><\/a><figcaption id=\"caption-attachment-7292\" class=\"wp-caption-text\">Genusszeit in der K\u00fcche<\/figcaption><\/figure>\n<h5 style=\"text-align: left; padding-left: 150px;\"> W\u00e4rme, die man schmecken kann <\/h5>\n<p><span class=\"fliesstext\" style=\"font-family: Roboto, sans-serif; font-size: 16px; line-height: 24px; font-weight: 400;\"> Herbstgerichte leben von kr\u00e4ftigen Aromen und einer schonenden Zubereitung. <a href=\"https:\/\/www.zurbrueggen.de\/haushalt\/kochen\/toepfe\/braten-schmortoepfe\/\">Schmort\u00f6pfe<\/a>, <a href=\"https:\/\/www.zurbrueggen.de\/haushalt\/kochen\/kuechenhelfer\/auflaufformen\/\">Auflaufformen<\/a> und<a href=\"https:\/\/www.zurbrueggen.de\/haushalt\/kochen\/toepfe\/braten-schmortoepfe\/\"> Br\u00e4ter <\/a>sorgen daf\u00fcr, dass sich Gew\u00fcrze und Zutaten optimal entfalten k\u00f6nnen. Der <a href=\"https:\/\/www.zurbrueggen.de\/search?search=le+creuset+signature+br%C3%A4ter\">Le Creuset Signature Br\u00e4ter<\/a> eignet sich perfekt f\u00fcr Schmorgerichte, Suppen oder Ofengerichte, w\u00e4hrend der <a href=\"https:\/\/www.zurbrueggen.de\/search?search=Fissler+Original-Profi+Collection+Kochtopf\">Fissler Original-Profi Collection Kochtopf<\/a> t\u00e4glich zuverl\u00e4ssig zum Einsatz kommt. Erg\u00e4nzt durch hochwertige <a href=\"https:\/\/www.zurbrueggen.de\/haushalt\/kochen\/kuechenhelfer\/auflaufformen\/\">Auflaufformen <\/a>und stilvolle <a href=\"https:\/\/www.zurbrueggen.de\/haushalt\/geschirr\/schalen-schuesseln\/schuesseln\/\">Servierschalen<\/a> gelangen herzhafte Lieblingsgerichte direkt vom Ofen auf den Esstisch. Auch selbst gebackenes Brot, Kartoffelgratin oder gef\u00fcllter K\u00fcrbis lassen sich darin wunderbar zubereiten und servieren. Die warmen D\u00fcfte aus der K\u00fcche schaffen sofort eine gem\u00fctliche Atmosph\u00e4re und machen Lust auf gemeinsame Stunden mit Familie und Freunden. So wird aus jedem Essen ein kleiner Genussmoment. <\/span><\/p>\n<p>&nbsp;<\/p>\n<figure id=\"attachment_7292\" aria-describedby=\"caption-attachment-7292\" style=\"width: 1200px\" class=\"wp-caption aligncenter\"><a href=\"https:\/\/www.zurbrueggen.de\/ritzenhoff-breker-tellerset-18-tlg-savora\/1454224\"><img loading=\"lazy\" decoding=\"async\" class=\"size-full wp-image-7292\" src=\"https:\/\/www.zurbrueggen.de\/magazin\/wp-content\/uploads\/2026\/08\/magazin-beitragsbild-4-m-herbstkueche-20260831-141337.jpg\" alt=\"\" width=\"1200\" height=\"675\" \/><\/a><figcaption id=\"caption-attachment-7292\" class=\"wp-caption-text\">Nat\u00fcrlich sch\u00f6n gedeckt<\/figcaption><\/figure>\n<h5 style=\"text-align: left; padding-left: 150px;\"> Stilvoll servieren und gemeinsam genie\u00dfen <\/h5>\n<p><span class=\"fliesstext\" style=\"font-family: Roboto, sans-serif; font-size: 16px; line-height: 24px; font-weight: 400;\"> Nicht nur das Essen, sondern auch die Pr\u00e4sentation macht den Unterschied. Das <a href=\"https:\/\/www.zurbrueggen.de\/search?search=CREATABLE+Kombiservice+NORDIC+FJORD\">CREATABLE Kombiservice NORDIC FJORD<\/a> setzt herbstliche Gerichte gekonnt in Szene und harmoniert wunderbar mit nat\u00fcrlichen Materialien wie Holz oder Leinen. Elegante <a href=\"https:\/\/www.zurbrueggen.de\/marken\/leonardo\/?p=1&#038;order=Relevancy-desc&#038;ffcategory=Haushalt%2FGl%C3%A4ser&#038;limit=36\">Gl\u00e4ser von Leonardo<\/a>, formsch\u00f6ne <a href=\"https:\/\/www.zurbrueggen.de\/haushalt\/bevorraten-servieren\/tabletts-servierteller\/\">Servierplatten<\/a> und hochwertiges <a href=\"https:\/\/www.zurbrueggen.de\/haushalt\/besteck\/\">Besteck <\/a>runden den gedeckten <a href=\"https:\/\/www.zurbrueggen.de\/moebel\/esszimmer\/esstische\/\">Tisch<\/a> stilvoll ab. Erg\u00e4nze die Tischdekoration mit Stoffservietten, <a href=\"https:\/\/www.zurbrueggen.de\/deko-textil\/dekoration\/windlichter-kerzenstaender\/kerzen\/\">Kerzen<\/a> oder kleinen Naturmaterialien wie Zapfen, Eukalyptus oder Trockenblumen. Warme Erdt\u00f6ne und dezente <a href=\"https:\/\/www.zurbrueggen.de\/deko-textil\/dekoration\/\">Dekoration<\/a> schaffen eine Atmosph\u00e4re, in der sich G\u00e4ste sofort wohlf\u00fchlen. So wird aus einem gemeinsamen Essen ein besonderes Erlebnis, das lange in Erinnerung bleibt. <\/span><\/p>\n<p>&nbsp;<\/p>\n<figure id=\"attachment_7292\" aria-describedby=\"caption-attachment-7292\" style=\"width: 1200px\" class=\"wp-caption aligncenter\"><a href=\"https:\/\/www.zurbrueggen.de\/leonardo-etagere-2-stoeckig-matera\/1440533\"><img loading=\"lazy\" decoding=\"async\" class=\"size-full wp-image-7292\" src=\"https:\/\/www.zurbrueggen.de\/magazin\/wp-content\/uploads\/2026\/08\/magazin-beitragsbild-5-m-herbstkueche-20260831-141337.jpg\" alt=\"\" width=\"1200\" height=\"675\" \/><\/a><figcaption id=\"caption-attachment-7292\" class=\"wp-caption-text\">K\u00f6stlichkeiten auf zwei Etagen<\/figcaption><\/figure>\n<h5 style=\"text-align: left; padding-left: 150px;\"> Herbstlicher Genuss f\u00fcr jeden Tag <\/h5>\n<p><span class=\"fliesstext\" style=\"font-family: Roboto, sans-serif; font-size: 16px; line-height: 24px; font-weight: 400;\">Auch kleine Genussmomente geh\u00f6ren zum Herbst dazu. Ein hei\u00dfer Tee, ein cremiger Pumpkin Spice Latte oder frisch gebackener Apfelkuchen machen den Nachmittag besonders gem\u00fctlich. Mit einer <a href=\"https:\/\/www.zurbrueggen.de\/search?search=KitchenAid+K%C3%BCchenmaschine\">KitchenAid K\u00fcchenmaschine<\/a> gelingen Teige und Cremes im Handumdrehen, w\u00e4hrend <a href=\"https:\/\/www.zurbrueggen.de\/haushalt\/kochen\/toepfe\/wasserkessel\/\">Wasserkessel<\/a>, <a href=\"https:\/\/www.zurbrueggen.de\/haushalt\/kaffee-tee\/teekannen\/\">Teekannen<\/a> und <a href=\"https:\/\/www.zurbrueggen.de\/haushalt\/kaffee-tee\/thermo-isolierbecher\/\">Thermobecher<\/a> f\u00fcr die passende Begleitung an k\u00fchlen Tagen sorgen. Sch\u00f6ne <a href=\"https:\/\/www.zurbrueggen.de\/haushalt\/bevorraten-servieren\/frischhaltedosen\/vorratsdosen\/\">Vorratsdosen<\/a> halten Kekse, N\u00fcsse oder selbst gebackene Leckereien frisch und jederzeit griffbereit. Auch selbstgemachte Marmeladen, Granola oder herbstliche Backmischungen lassen sich darin dekorativ aufbewahren. Wer gerne G\u00e4ste empf\u00e4ngt, kann s\u00fc\u00dfe und herzhafte Kleinigkeiten stilvoll auf Etag\u00e8ren oder Servierplatten pr\u00e4sentieren. So wird die Herbstk\u00fcche zum Mittelpunkt des Zuhauses. vom Fr\u00fchst\u00fcck bis zum gem\u00fctlichen Abendessen.<\/span><\/p>\n<figure id=\"attachment_9518\" aria-describedby=\"caption-attachment-9518\" style=\"width: 1200px\" class=\"wp-caption aligncenter\"><img loading=\"lazy\" decoding=\"async\" class=\"wp-image-9518 size-full\" src=\"https:\/\/www.zurbrueggen.de\/magazin\/wp-content\/uploads\/2026\/08\/magazin-beitragsbild-6-m-herbstkueche-20260831-141337.jpg\" alt=\"\" width=\"1200\" height=\"675\" \/><figcaption id=\"caption-attachment-9518\" class=\"wp-caption-text\">So schmeckt der Herbst<\/figcaption><\/figure>\n<h5 style=\"text-align: left; padding-left: 150px;\">Smashed Sweet Potatoes mit Feta &#038; Hot Honey<\/h5>\n<p>&nbsp;<\/p>\n<p><span class=\"fliesstext\" style=\"font-family: Roboto, sans-serif; font-size: 16px; line-height: 24px; font-weight: 400;\">Zutaten (2 Personen):<br \/>\n\u2022 2 mittelgro\u00dfe S\u00fc\u00dfkartoffeln<br \/>\n\u2022 100g Feta<br \/>\n\u2022 1EL Oliven\u00f6l<br \/>\n\u2022 1EL Honig<br \/>\n\u2022 \u00bdTL Chiliflocken (nach Geschmack)<br \/>\n\u2022 \u00bdTL Paprikapulver<br \/>\n\u2022 Frischer Thymian oder Rosmarin<br \/>\n\u2022 Salz &#038; Pfeffer<br \/>\n\u2022 1 Fr\u00fchlingszwiebel, in feine Ringe geschnitten<br \/>\n\u2022 Optional: 1 EL Granatapfelkerne oder gehackte Waln\u00fcsse<\/p>\n<p><\/span><\/p>\n<p>&nbsp;<\/p>\n<h5 style=\"text-align: left; padding-left: 150px;\">Zubereitung<\/h5>\n<p><span class=\"fliesstext\" style=\"font-family: Roboto, sans-serif; font-size: 16px; line-height: 24px; font-weight: 400;\"><span data-teams=\"true\"><br \/>\nDie S\u00fc\u00dfkartoffeln gr\u00fcndlich waschen und etwa 25\u201330 Minuten in Salzwasser gar kochen. Anschlie\u00dfend auf ein mit Backpapier belegtes Backblech legen und mit einem Glas oder Kartoffelstampfer vorsichtig flach dr\u00fccken. Mit Oliven\u00f6l betr\u00e4ufeln, Paprikapulver, Salz und Pfeffer w\u00fcrzen und bei 220 \u00b0C Ober-\/Unterhitze etwa 20\u201325 Minuten goldbraun und knusprig backen. Den Feta dar\u00fcberbr\u00f6seln und weitere 5 Minuten im Ofen erw\u00e4rmen. W\u00e4hrenddessen den Honig leicht erw\u00e4rmen und mit den Chiliflocken verr\u00fchren. Die S\u00fc\u00dfkartoffeln mit Hot Honey betr\u00e4ufeln und mit frischem Thymian oder Rosmarin, Fr\u00fchlingszwiebeln und nach Belieben mit Granatapfelkernen oder gehackten Waln\u00fcssen garnieren. <\/span> <\/span><\/p>\n<p>&nbsp;<\/p>\n<p><a href=\"https:\/\/www.zurbrueggen.de\/herbstkueche\/\"><img loading=\"lazy\" decoding=\"async\" class=\"aligncenter size-full wp-image-7164\" src=\"https:\/\/www.zurbrueggen.de\/magazin\/wp-content\/uploads\/2026\/08\/magazin-footer-mobil-herbstkueche-20260831-141337.jpg\" alt=\"\" width=\"750\" height=\"320\" \/><\/a><\/p>\n","protected":false},"excerpt":{"rendered":"<p>Wenn die Tage k\u00fcrzer werden und sich die Bl\u00e4tter in warme Farben h\u00fcllen, beginnt die Zeit f\u00fcr herzhafte Gerichte, aromatische Gew\u00fcrze und gem\u00fctliche Abende am Esstisch. K\u00fcrbis, Pilze, \u00c4pfel oder Maronen bringen den Herbst auf den Teller und laden zum gemeinsamen Kochen und Genie\u00dfen ein. Mit hochwertigen K\u00fcchenhelfern, stilvollem Geschirr und praktischen Kochutensilien von Zurbr\u00fcggen [&hellip;]<\/p>\n","protected":false},"author":27,"featured_media":9599,"comment_status":"open","ping_status":"open","sticky":false,"template":"","format":"standard","meta":{"_acf_changed":false,"footnotes":""},"categories":[32,27,26],"tags":[1171,1175,1241,1333,1386,1387,1190,1114,1187,1321],"class_list":["post-9550","post","type-post","status-publish","format-standard","has-post-thumbnail","hentry","category-trend","category-trends-und-wissen","category-wohnwelten","tag-einrichtungstrends","tag-grill","tag-herbst","tag-herbstdeko","tag-herbstgericht","tag-herbstkueche","tag-moebel","tag-stil","tag-trend","tag-wohnen"],"acf":[],"yoast_head":"<!-- This site is optimized with the Yoast SEO plugin v27.4 - https:\/\/yoast.com\/product\/yoast-seo-wordpress\/ -->\n<title>Herbstk\u00fcche<\/title>\n<meta name=\"description\" content=\"Wenn die Tage k\u00fcrzer werden, beginnt die Zeit f\u00fcr herzhafte Gerichte. Mit K\u00fcchenhelfern von Zurbr\u00fcggen gelingt jedes Herbstrezept.\" \/>\n<meta name=\"robots\" content=\"index, follow, max-snippet:-1, max-image-preview:large, max-video-preview:-1\" \/>\n<link rel=\"canonical\" href=\"https:\/\/www.zurbrueggen.de\/magazin\/herbstkueche\/\" \/>\n<meta property=\"og:locale\" content=\"de_DE\" \/>\n<meta property=\"og:type\" content=\"article\" \/>\n<meta property=\"og:title\" content=\"Herbstk\u00fcche\" \/>\n<meta property=\"og:description\" content=\"Wenn die Tage k\u00fcrzer werden und sich die Bl\u00e4tter in warme Farben h\u00fcllen, beginnt die Zeit f\u00fcr herzhafte Gerichte, aromatische Gew\u00fcrze und gem\u00fctliche Abende am Esstisch. K\u00fcrbis, Pilze, \u00c4pfel oder Maronen bringen den Herbst auf den Teller und laden zum gemeinsamen Kochen und Genie\u00dfen ein. Mit hochwertigen K\u00fcchenhelfern, stilvollem Geschirr und praktischen Kochutensilien von Zurbr\u00fcggen wird jede Mahlzeit zu einem echten Wohlf\u00fchlmoment.\" \/>\n<meta property=\"og:url\" content=\"https:\/\/www.zurbrueggen.de\/magazin\/herbstkueche\/\" \/>\n<meta property=\"og:site_name\" content=\"Zurbr\u00fcggen magazin\" \/>\n<meta property=\"article:publisher\" content=\"https:\/\/facebook.com\/zurbrueggen\" \/>\n<meta property=\"article:published_time\" content=\"2026-09-02T09:20:17+00:00\" \/>\n<meta property=\"og:image\" content=\"https:\/\/www.zurbrueggen.de\/magazin\/wp-content\/uploads\/2026\/08\/magazin-beitragsbild-1-cta-m-herbstkueche-20260831-141610.jpg\" \/>\n\t<meta property=\"og:image:width\" content=\"1200\" \/>\n\t<meta property=\"og:image:height\" content=\"675\" \/>\n\t<meta property=\"og:image:type\" content=\"image\/jpeg\" \/>\n<meta name=\"author\" content=\"Julia Paschen\" \/>\n<script type=\"application\/ld+json\" class=\"yoast-schema-graph\">{\"@context\":\"https:\\\/\\\/schema.org\",\"@graph\":[{\"@type\":\"Article\",\"@id\":\"https:\\\/\\\/www.zurbrueggen.de\\\/magazin\\\/herbstkueche\\\/#article\",\"isPartOf\":{\"@id\":\"https:\\\/\\\/www.zurbrueggen.de\\\/magazin\\\/herbstkueche\\\/\"},\"author\":{\"name\":\"Julia Paschen\",\"@id\":\"https:\\\/\\\/www.zurbrueggen.de\\\/magazin\\\/#\\\/schema\\\/person\\\/5596ed176b1851c47a00e32190fbd9e8\"},\"headline\":\"Herbstk\u00fcche\",\"datePublished\":\"2026-09-02T09:20:17+00:00\",\"mainEntityOfPage\":{\"@id\":\"https:\\\/\\\/www.zurbrueggen.de\\\/magazin\\\/herbstkueche\\\/\"},\"wordCount\":770,\"commentCount\":0,\"publisher\":{\"@id\":\"https:\\\/\\\/www.zurbrueggen.de\\\/magazin\\\/#organization\"},\"image\":{\"@id\":\"https:\\\/\\\/www.zurbrueggen.de\\\/magazin\\\/herbstkueche\\\/#primaryimage\"},\"thumbnailUrl\":\"https:\\\/\\\/www.zurbrueggen.de\\\/magazin\\\/wp-content\\\/uploads\\\/2026\\\/08\\\/magazin-beitragsbild-1-cta-m-herbstkueche-20260831-141610.jpg\",\"keywords\":[\"Einrichtungstrends\",\"Grill\",\"Herbst\",\"Herbstdeko\",\"Herbstgericht\",\"Herbstk\u00fcche\",\"M\u00f6bel\",\"Stil\",\"Trend\",\"Wohnen\"],\"articleSection\":[\"trend\",\"Trends &amp; Wissen\",\"Wohnwelten\"],\"inLanguage\":\"de\",\"potentialAction\":[{\"@type\":\"CommentAction\",\"name\":\"Comment\",\"target\":[\"https:\\\/\\\/www.zurbrueggen.de\\\/magazin\\\/herbstkueche\\\/#respond\"]}]},{\"@type\":\"WebPage\",\"@id\":\"https:\\\/\\\/www.zurbrueggen.de\\\/magazin\\\/herbstkueche\\\/\",\"url\":\"https:\\\/\\\/www.zurbrueggen.de\\\/magazin\\\/herbstkueche\\\/\",\"name\":\"Herbstk\u00fcche\",\"isPartOf\":{\"@id\":\"https:\\\/\\\/www.zurbrueggen.de\\\/magazin\\\/#website\"},\"primaryImageOfPage\":{\"@id\":\"https:\\\/\\\/www.zurbrueggen.de\\\/magazin\\\/herbstkueche\\\/#primaryimage\"},\"image\":{\"@id\":\"https:\\\/\\\/www.zurbrueggen.de\\\/magazin\\\/herbstkueche\\\/#primaryimage\"},\"thumbnailUrl\":\"https:\\\/\\\/www.zurbrueggen.de\\\/magazin\\\/wp-content\\\/uploads\\\/2026\\\/08\\\/magazin-beitragsbild-1-cta-m-herbstkueche-20260831-141610.jpg\",\"datePublished\":\"2026-09-02T09:20:17+00:00\",\"description\":\"Wenn die Tage k\u00fcrzer werden, beginnt die Zeit f\u00fcr herzhafte Gerichte. Mit K\u00fcchenhelfern von Zurbr\u00fcggen gelingt jedes Herbstrezept.\",\"breadcrumb\":{\"@id\":\"https:\\\/\\\/www.zurbrueggen.de\\\/magazin\\\/herbstkueche\\\/#breadcrumb\"},\"inLanguage\":\"de\",\"potentialAction\":[{\"@type\":\"ReadAction\",\"target\":[\"https:\\\/\\\/www.zurbrueggen.de\\\/magazin\\\/herbstkueche\\\/\"]}]},{\"@type\":\"ImageObject\",\"inLanguage\":\"de\",\"@id\":\"https:\\\/\\\/www.zurbrueggen.de\\\/magazin\\\/herbstkueche\\\/#primaryimage\",\"url\":\"https:\\\/\\\/www.zurbrueggen.de\\\/magazin\\\/wp-content\\\/uploads\\\/2026\\\/08\\\/magazin-beitragsbild-1-cta-m-herbstkueche-20260831-141610.jpg\",\"contentUrl\":\"https:\\\/\\\/www.zurbrueggen.de\\\/magazin\\\/wp-content\\\/uploads\\\/2026\\\/08\\\/magazin-beitragsbild-1-cta-m-herbstkueche-20260831-141610.jpg\",\"width\":1200,\"height\":675},{\"@type\":\"BreadcrumbList\",\"@id\":\"https:\\\/\\\/www.zurbrueggen.de\\\/magazin\\\/herbstkueche\\\/#breadcrumb\",\"itemListElement\":[{\"@type\":\"ListItem\",\"position\":1,\"name\":\"Startseite\",\"item\":\"https:\\\/\\\/www.zurbrueggen.de\\\/magazin\\\/\"},{\"@type\":\"ListItem\",\"position\":2,\"name\":\"Herbstk\u00fcche\"}]},{\"@type\":\"WebSite\",\"@id\":\"https:\\\/\\\/www.zurbrueggen.de\\\/magazin\\\/#website\",\"url\":\"https:\\\/\\\/www.zurbrueggen.de\\\/magazin\\\/\",\"name\":\"Zurbr\u00fcggen magazin\",\"description\":\"DESIGN \u2022 STYLE \u2022 LIVING\",\"publisher\":{\"@id\":\"https:\\\/\\\/www.zurbrueggen.de\\\/magazin\\\/#organization\"},\"potentialAction\":[{\"@type\":\"SearchAction\",\"target\":{\"@type\":\"EntryPoint\",\"urlTemplate\":\"https:\\\/\\\/www.zurbrueggen.de\\\/magazin\\\/?s={search_term_string}\"},\"query-input\":{\"@type\":\"PropertyValueSpecification\",\"valueRequired\":true,\"valueName\":\"search_term_string\"}}],\"inLanguage\":\"de\"},{\"@type\":\"Organization\",\"@id\":\"https:\\\/\\\/www.zurbrueggen.de\\\/magazin\\\/#organization\",\"name\":\"Zurbr\u00fcggen Wohn-Zentrum GmbH\",\"url\":\"https:\\\/\\\/www.zurbrueggen.de\\\/magazin\\\/\",\"logo\":{\"@type\":\"ImageObject\",\"inLanguage\":\"de\",\"@id\":\"https:\\\/\\\/www.zurbrueggen.de\\\/magazin\\\/#\\\/schema\\\/logo\\\/image\\\/\",\"url\":\"https:\\\/\\\/www.zurbrueggen.de\\\/magazin\\\/wp-content\\\/uploads\\\/2016\\\/07\\\/logo_zurbrueggen.png\",\"contentUrl\":\"https:\\\/\\\/www.zurbrueggen.de\\\/magazin\\\/wp-content\\\/uploads\\\/2016\\\/07\\\/logo_zurbrueggen.png\",\"width\":400,\"height\":107,\"caption\":\"Zurbr\u00fcggen Wohn-Zentrum GmbH\"},\"image\":{\"@id\":\"https:\\\/\\\/www.zurbrueggen.de\\\/magazin\\\/#\\\/schema\\\/logo\\\/image\\\/\"},\"sameAs\":[\"https:\\\/\\\/facebook.com\\\/zurbrueggen\",\"https:\\\/\\\/x.com\\\/Zurbrueggen\"]},{\"@type\":\"Person\",\"@id\":\"https:\\\/\\\/www.zurbrueggen.de\\\/magazin\\\/#\\\/schema\\\/person\\\/5596ed176b1851c47a00e32190fbd9e8\",\"name\":\"Julia Paschen\",\"image\":{\"@type\":\"ImageObject\",\"inLanguage\":\"de\",\"@id\":\"https:\\\/\\\/secure.gravatar.com\\\/avatar\\\/000d1f6af0d913dc11958dffa0a2a27e1ec646f1fd674334902659ca07ac9752?s=96&d=mm&r=g\",\"url\":\"https:\\\/\\\/secure.gravatar.com\\\/avatar\\\/000d1f6af0d913dc11958dffa0a2a27e1ec646f1fd674334902659ca07ac9752?s=96&d=mm&r=g\",\"contentUrl\":\"https:\\\/\\\/secure.gravatar.com\\\/avatar\\\/000d1f6af0d913dc11958dffa0a2a27e1ec646f1fd674334902659ca07ac9752?s=96&d=mm&r=g\",\"caption\":\"Julia Paschen\"},\"url\":\"https:\\\/\\\/www.zurbrueggen.de\\\/magazin\\\/author\\\/j_paschen\\\/\"}]}<\/script>\n<!-- \/ Yoast SEO plugin. -->","yoast_head_json":{"title":"Herbstk\u00fcche","description":"Wenn die Tage k\u00fcrzer werden, beginnt die Zeit f\u00fcr herzhafte Gerichte. Mit K\u00fcchenhelfern von Zurbr\u00fcggen gelingt jedes Herbstrezept.","robots":{"index":"index","follow":"follow","max-snippet":"max-snippet:-1","max-image-preview":"max-image-preview:large","max-video-preview":"max-video-preview:-1"},"canonical":"https:\/\/www.zurbrueggen.de\/magazin\/herbstkueche\/","og_locale":"de_DE","og_type":"article","og_title":"Herbstk\u00fcche","og_description":"Wenn die Tage k\u00fcrzer werden und sich die Bl\u00e4tter in warme Farben h\u00fcllen, beginnt die Zeit f\u00fcr herzhafte Gerichte, aromatische Gew\u00fcrze und gem\u00fctliche Abende am Esstisch. K\u00fcrbis, Pilze, \u00c4pfel oder Maronen bringen den Herbst auf den Teller und laden zum gemeinsamen Kochen und Genie\u00dfen ein. Mit hochwertigen K\u00fcchenhelfern, stilvollem Geschirr und praktischen Kochutensilien von Zurbr\u00fcggen wird jede Mahlzeit zu einem echten Wohlf\u00fchlmoment.","og_url":"https:\/\/www.zurbrueggen.de\/magazin\/herbstkueche\/","og_site_name":"Zurbr\u00fcggen magazin","article_publisher":"https:\/\/facebook.com\/zurbrueggen","article_published_time":"2026-09-02T09:20:17+00:00","og_image":[{"width":1200,"height":675,"url":"https:\/\/www.zurbrueggen.de\/magazin\/wp-content\/uploads\/2026\/08\/magazin-beitragsbild-1-cta-m-herbstkueche-20260831-141610.jpg","type":"image\/jpeg"}],"author":"Julia Paschen","schema":{"@context":"https:\/\/schema.org","@graph":[{"@type":"Article","@id":"https:\/\/www.zurbrueggen.de\/magazin\/herbstkueche\/#article","isPartOf":{"@id":"https:\/\/www.zurbrueggen.de\/magazin\/herbstkueche\/"},"author":{"name":"Julia Paschen","@id":"https:\/\/www.zurbrueggen.de\/magazin\/#\/schema\/person\/5596ed176b1851c47a00e32190fbd9e8"},"headline":"Herbstk\u00fcche","datePublished":"2026-09-02T09:20:17+00:00","mainEntityOfPage":{"@id":"https:\/\/www.zurbrueggen.de\/magazin\/herbstkueche\/"},"wordCount":770,"commentCount":0,"publisher":{"@id":"https:\/\/www.zurbrueggen.de\/magazin\/#organization"},"image":{"@id":"https:\/\/www.zurbrueggen.de\/magazin\/herbstkueche\/#primaryimage"},"thumbnailUrl":"https:\/\/www.zurbrueggen.de\/magazin\/wp-content\/uploads\/2026\/08\/magazin-beitragsbild-1-cta-m-herbstkueche-20260831-141610.jpg","keywords":["Einrichtungstrends","Grill","Herbst","Herbstdeko","Herbstgericht","Herbstk\u00fcche","M\u00f6bel","Stil","Trend","Wohnen"],"articleSection":["trend","Trends &amp; Wissen","Wohnwelten"],"inLanguage":"de","potentialAction":[{"@type":"CommentAction","name":"Comment","target":["https:\/\/www.zurbrueggen.de\/magazin\/herbstkueche\/#respond"]}]},{"@type":"WebPage","@id":"https:\/\/www.zurbrueggen.de\/magazin\/herbstkueche\/","url":"https:\/\/www.zurbrueggen.de\/magazin\/herbstkueche\/","name":"Herbstk\u00fcche","isPartOf":{"@id":"https:\/\/www.zurbrueggen.de\/magazin\/#website"},"primaryImageOfPage":{"@id":"https:\/\/www.zurbrueggen.de\/magazin\/herbstkueche\/#primaryimage"},"image":{"@id":"https:\/\/www.zurbrueggen.de\/magazin\/herbstkueche\/#primaryimage"},"thumbnailUrl":"https:\/\/www.zurbrueggen.de\/magazin\/wp-content\/uploads\/2026\/08\/magazin-beitragsbild-1-cta-m-herbstkueche-20260831-141610.jpg","datePublished":"2026-09-02T09:20:17+00:00","description":"Wenn die Tage k\u00fcrzer werden, beginnt die Zeit f\u00fcr herzhafte Gerichte. Mit K\u00fcchenhelfern von Zurbr\u00fcggen gelingt jedes Herbstrezept.","breadcrumb":{"@id":"https:\/\/www.zurbrueggen.de\/magazin\/herbstkueche\/#breadcrumb"},"inLanguage":"de","potentialAction":[{"@type":"ReadAction","target":["https:\/\/www.zurbrueggen.de\/magazin\/herbstkueche\/"]}]},{"@type":"ImageObject","inLanguage":"de","@id":"https:\/\/www.zurbrueggen.de\/magazin\/herbstkueche\/#primaryimage","url":"https:\/\/www.zurbrueggen.de\/magazin\/wp-content\/uploads\/2026\/08\/magazin-beitragsbild-1-cta-m-herbstkueche-20260831-141610.jpg","contentUrl":"https:\/\/www.zurbrueggen.de\/magazin\/wp-content\/uploads\/2026\/08\/magazin-beitragsbild-1-cta-m-herbstkueche-20260831-141610.jpg","width":1200,"height":675},{"@type":"BreadcrumbList","@id":"https:\/\/www.zurbrueggen.de\/magazin\/herbstkueche\/#breadcrumb","itemListElement":[{"@type":"ListItem","position":1,"name":"Startseite","item":"https:\/\/www.zurbrueggen.de\/magazin\/"},{"@type":"ListItem","position":2,"name":"Herbstk\u00fcche"}]},{"@type":"WebSite","@id":"https:\/\/www.zurbrueggen.de\/magazin\/#website","url":"https:\/\/www.zurbrueggen.de\/magazin\/","name":"Zurbr\u00fcggen magazin","description":"DESIGN \u2022 STYLE \u2022 LIVING","publisher":{"@id":"https:\/\/www.zurbrueggen.de\/magazin\/#organization"},"potentialAction":[{"@type":"SearchAction","target":{"@type":"EntryPoint","urlTemplate":"https:\/\/www.zurbrueggen.de\/magazin\/?s={search_term_string}"},"query-input":{"@type":"PropertyValueSpecification","valueRequired":true,"valueName":"search_term_string"}}],"inLanguage":"de"},{"@type":"Organization","@id":"https:\/\/www.zurbrueggen.de\/magazin\/#organization","name":"Zurbr\u00fcggen Wohn-Zentrum GmbH","url":"https:\/\/www.zurbrueggen.de\/magazin\/","logo":{"@type":"ImageObject","inLanguage":"de","@id":"https:\/\/www.zurbrueggen.de\/magazin\/#\/schema\/logo\/image\/","url":"https:\/\/www.zurbrueggen.de\/magazin\/wp-content\/uploads\/2016\/07\/logo_zurbrueggen.png","contentUrl":"https:\/\/www.zurbrueggen.de\/magazin\/wp-content\/uploads\/2016\/07\/logo_zurbrueggen.png","width":400,"height":107,"caption":"Zurbr\u00fcggen Wohn-Zentrum GmbH"},"image":{"@id":"https:\/\/www.zurbrueggen.de\/magazin\/#\/schema\/logo\/image\/"},"sameAs":["https:\/\/facebook.com\/zurbrueggen","https:\/\/x.com\/Zurbrueggen"]},{"@type":"Person","@id":"https:\/\/www.zurbrueggen.de\/magazin\/#\/schema\/person\/5596ed176b1851c47a00e32190fbd9e8","name":"Julia Paschen","image":{"@type":"ImageObject","inLanguage":"de","@id":"https:\/\/secure.gravatar.com\/avatar\/000d1f6af0d913dc11958dffa0a2a27e1ec646f1fd674334902659ca07ac9752?s=96&d=mm&r=g","url":"https:\/\/secure.gravatar.com\/avatar\/000d1f6af0d913dc11958dffa0a2a27e1ec646f1fd674334902659ca07ac9752?s=96&d=mm&r=g","contentUrl":"https:\/\/secure.gravatar.com\/avatar\/000d1f6af0d913dc11958dffa0a2a27e1ec646f1fd674334902659ca07ac9752?s=96&d=mm&r=g","caption":"Julia Paschen"},"url":"https:\/\/www.zurbrueggen.de\/magazin\/author\/j_paschen\/"}]}},"_links":{"self":[{"href":"https:\/\/www.zurbrueggen.de\/magazin\/wp-json\/wp\/v2\/posts\/9550","targetHints":{"allow":["GET"]}}],"collection":[{"href":"https:\/\/www.zurbrueggen.de\/magazin\/wp-json\/wp\/v2\/posts"}],"about":[{"href":"https:\/\/www.zurbrueggen.de\/magazin\/wp-json\/wp\/v2\/types\/post"}],"author":[{"embeddable":true,"href":"https:\/\/www.zurbrueggen.de\/magazin\/wp-json\/wp\/v2\/users\/27"}],"replies":[{"embeddable":true,"href":"https:\/\/www.zurbrueggen.de\/magazin\/wp-json\/wp\/v2\/comments?post=9550"}],"version-history":[{"count":6,"href":"https:\/\/www.zurbrueggen.de\/magazin\/wp-json\/wp\/v2\/posts\/9550\/revisions"}],"predecessor-version":[{"id":9604,"href":"https:\/\/www.zurbrueggen.de\/magazin\/wp-json\/wp\/v2\/posts\/9550\/revisions\/9604"}],"wp:featuredmedia":[{"embeddable":true,"href":"https:\/\/www.zurbrueggen.de\/magazin\/wp-json\/wp\/v2\/media\/9599"}],"wp:attachment":[{"href":"https:\/\/www.zurbrueggen.de\/magazin\/wp-json\/wp\/v2\/media?parent=9550"}],"wp:term":[{"taxonomy":"category","embeddable":true,"href":"https:\/\/www.zurbrueggen.de\/magazin\/wp-json\/wp\/v2\/categories?post=9550"},{"taxonomy":"post_tag","embeddable":true,"href":"https:\/\/www.zurbrueggen.de\/magazin\/wp-json\/wp\/v2\/tags?post=9550"}],"curies":[{"name":"wp","href":"https:\/\/api.w.org\/{rel}","templated":true}]}}