{"id":9259,"date":"2026-03-18T08:01:55","date_gmt":"2026-03-18T07:01:55","guid":{"rendered":"https:\/\/www.zurbrueggen.de\/magazin\/?p=9259"},"modified":"2026-03-18T08:01:55","modified_gmt":"2026-03-18T07:01:55","slug":"scandi-ostern","status":"publish","type":"post","link":"https:\/\/www.zurbrueggen.de\/magazin\/scandi-ostern\/","title":{"rendered":"Scandi Ostern"},"content":{"rendered":"<div class=\"mceTemp\"><\/div>\n<p><span class=\"vorschau\" style=\"font-family: 'Roboto Slab'; font-size: 22px; line-height: 34px; font-weight: 300; margin-top: 40px;\"> Ostern im Scandi-Style ist leise, leicht und voller Gef\u00fchl. Es geht um nat\u00fcrliche Materialien, sanfte Farben und eine entspannte Art zu dekorieren, die nie \u00fcberladen wirkt. Helles Holz, Keramik, Glas und Textilien in soften T\u00f6nen schaffen eine Atmosph\u00e4re, die Fr\u00fchlingsruhe und W\u00e4rme verbindet. Handgemachte Details, minimalistische Osterakzente und die Liebe zur Natur spielen dabei eine zentrale Rolle. Genau diese Mischung aus Klarheit, Gem\u00fctlichkeit und zeitloser \u00c4sthetik macht Scandi Ostern so besonders und bietet jede Menge Inspiration f\u00fcr Einrichtung, Tischdeko und kleine Styling-Ideen, die Ostern ganz pers\u00f6nlich werden lassen. Wir nehmen euch mit auf diese spannende Reise durch das Osterfest im nordischen Stil. <\/span><\/p>\n<p><!--more--><\/p>\n<figure id=\"attachment_7292\" aria-describedby=\"caption-attachment-7292\" style=\"width: 1200px\" class=\"wp-caption aligncenter\"><a href=\"https:\/\/www.zurbrueggen.de\/scandi-ostern\"><img loading=\"lazy\" decoding=\"async\" class=\"size-full wp-image-7292\" src=\"https:\/\/www.zurbrueggen.de\/magazin\/wp-content\/uploads\/2026\/03\/magazin-beitragsbild-2-m-scandi-ostern-20260317-074801.jpg\" alt=\"\" width=\"1200\" height=\"675\" \/><\/a><figcaption id=\"caption-attachment-7292\" class=\"wp-caption-text\">Zeitloses Scandi Oster DIY<\/figcaption><\/figure>\n<h5 style=\"text-align: left; padding-left: 150px;\">Weniger ist mehr: Osterdeko in Naturt\u00f6nen<\/h5>\n<p><span class=\"fliesstext\" style=\"font-family: Roboto, sans-serif; font-size: 16px; line-height: 24px; font-weight: 400;\"> F\u00fcr Scandi-Ostern lieben wir <a href=\"https:\/\/www.zurbrueggen.de\/deko-textil\/dekoration\/\">Deko<\/a>, die klar und gleichzeitig warm wirkt. Perfekt daf\u00fcr geeignet sind <a href=\"https:\/\/www.zurbrueggen.de\/blomus-vasen-3er-set-nona\/1277818\">helle Keramik-Vasen<\/a> in Naturt\u00f6nen, gef\u00fcllt mit zarten Fr\u00fchlingszweigen oder frischen Tulpen, die auf dem Esstisch sofort eine gewisse Fr\u00fchlingsfrische verbreiten. Kleine <a href=\"https:\/\/www.zurbrueggen.de\/light-living-kerzenstaender-isara\/1471261\">Kerzenhalter<\/a> in Braun oder Sand setzen Akzente, ohne \u00fcberladen zu wirken. Dazu passen schlichte <a href=\"https:\/\/www.zurbrueggen.de\/werner-voss-led-stabkerze-4er-set\/1227210\">LED-Stabkerzen<\/a>, f\u00fcr mehr Ruhe oder leuchtende Farbt\u00f6ne f\u00fcr ein farbliches Statement. <a href=\"https:\/\/www.zurbrueggen.de\/light-living-windlicht-adeta\/1471362\">Windlichter<\/a> aus nat\u00fcrlichen Materialien wie Holz oder Seilen zaubern abends ein gem\u00fctliches Licht und unterstreichen den minimalistischen Look. In Kombination mit einer neutralen Tischdecke oder einem Tischl\u00e4ufer aus Leinen oder Baumwolle wird jede Ostertafel zum Scandi-Highlight. Eine moderne <a href=\"https:\/\/www.zurbrueggen.de\/decoris-etagere\/1432921\">Servier-Etagere<\/a> eignet sich toll, um Osterleckereien zu platzieren. Diese k\u00f6nnt ihr nutzen, um Ostereier oder andere Deko-Elemente in Szene zu setzen. Alt bew\u00e4hrt und dennoch beliebt sind dekorative <a href=\"https:\/\/www.zurbrueggen.de\/leonardo-hase\/1468514\">Osterfiguren, wie Hasen<\/a>. Mit diesen Tipps zaubert ihr im Handumdrehen skandinavische \u00c4sthetik auf euren <a href=\"https:\/\/www.zurbrueggen.de\/moebel\/esszimmer\/esstische\/\">Tisch<\/a>. <\/span><\/p>\n<p>&nbsp;<\/p>\n<figure id=\"attachment_7292\" aria-describedby=\"caption-attachment-7292\" style=\"width: 1200px\" class=\"wp-caption aligncenter\"><a href=\"https:\/\/www.zurbrueggen.de\/wmf-besteckset-60-tlg-boston\/0988438\"><img loading=\"lazy\" decoding=\"async\" class=\"size-full wp-image-7292\" src=\"https:\/\/www.zurbrueggen.de\/magazin\/wp-content\/uploads\/2026\/03\/magazin-beitragsbild-3-m-scandi-ostern-20260317-074759.jpg\" alt=\"\" width=\"1200\" height=\"675\" \/><\/a><figcaption id=\"caption-attachment-7292\" class=\"wp-caption-text\">Nordische Oster-Tafel<\/figcaption><\/figure>\n<h5 style=\"text-align: left; padding-left: 150px;\">Skandinavischer Osterbrunch leicht gemacht<\/h5>\n<p><span class=\"fliesstext\" style=\"font-family: Roboto, sans-serif; font-size: 16px; line-height: 24px; font-weight: 400;\"><br \/>\nBeim Scandi-Osterbrunch kreiert ihr einen <a href=\"https:\/\/www.zurbrueggen.de\/moebel\/esszimmer\/esstische\/\">Tisch<\/a>, der entspannt wirkt und trotzdem liebevoll durchdacht ist. Starten k\u00f6nnt ihr dazu mit ruhigem <a href=\"https:\/\/www.zurbrueggen.de\/ritzenhoff-breker-kombiservice-30-tlg.-olivia-omara\/1423654\">Geschirr in hellen, nat\u00fcrlichen Farben<\/a>. Typisch skandinavisch ist dabei die Kombination von unterschiedlichen Formen. Das sorgt f\u00fcr eine lockere und nicht zu perfekte Atmosph\u00e4re. Benutzt ihr Stoffservietten statt Papier, bringen diese sofort mehr Wertigkeit auf den Tisch. Die Servietten k\u00f6nnt ihr locker gefaltet oder mit einem einfachen Band zusammenbinden. F\u00fcr die Oster-Deko reichen einzelne Eier entweder aus Keramik oder selbst bemalt, dezente Platzk\u00e4rtchen oder eine kleine <a href=\"https:\/\/www.zurbrueggen.de\/haushalt\/geschirr\/schalen-schuesseln\/\">Schale<\/a> mit Fr\u00fchlingsbl\u00fcten f\u00fcr die Mitte des Tisches. Besonders stimmig wird es, wenn Funktion und <a href=\"https:\/\/www.zurbrueggen.de\/deko-textil\/dekoration\/\">Deko<\/a> ineinander \u00fcbergehen. Zum Beispiel <a href=\"https:\/\/www.zurbrueggen.de\/justinus-brotkorb-life-style\/1196628\">Brotk\u00f6rbe<\/a> aus Naturmaterialien, <a href=\"https:\/\/www.zurbrueggen.de\/homeware-schneid-servierbrett\/1089372\">Holzbrettchen<\/a> f\u00fcr Geb\u00e4ck oder <a href=\"https:\/\/www.zurbrueggen.de\/novel-tablett-ca.-33x44cm\/1405029\">Serviertabletts<\/a> f\u00fcr Obst und Dips. Tipp: Falls ihr einen <a href=\"https:\/\/www.zurbrueggen.de\/justinus-dekokranz-lifestyle-oe35cm\/1386222\">Metall-Adventskranz<\/a> Zuhause habt, k\u00f6nnt ihr diesen in wenigen Schritten zum Osterkranz umfunktionieren. Zuerst bindet ihr daf\u00fcr kleine Deko-\u00c4ste um das Metall. Kerzen k\u00f6nnen hierbei in Fr\u00fchlingsfarben wie gr\u00fcn oder rosa erg\u00e4nzt werden. <\/span><\/p>\n<p>&nbsp;<\/p>\n<figure id=\"attachment_7292\" aria-describedby=\"caption-attachment-7292\" style=\"width: 1200px\" class=\"wp-caption aligncenter\"><a href=\"https:\/\/www.zurbrueggen.de\/scandi-ostern\"><img loading=\"lazy\" decoding=\"async\" class=\"size-full wp-image-7292\" src=\"https:\/\/www.zurbrueggen.de\/magazin\/wp-content\/uploads\/2026\/03\/magazin-beitragsbild-4-m-scandi-ostern-20260302-112927-1.jpg\" alt=\"\" width=\"1200\" height=\"675\" \/><\/a><figcaption id=\"caption-attachment-7292\" class=\"wp-caption-text\">Ostern im Scandi-Look<\/figcaption><\/figure>\n<h5 style=\"text-align: left; padding-left: 150px;\">Nat\u00fcrlich basteln: Scandi-DIYs f\u00fcr Ostern<\/h5>\n<p><span class=\"fliesstext\" style=\"font-family: Roboto, sans-serif; font-size: 16px; line-height: 24px; font-weight: 400;\"> Wenn ihr Ostern im Scandi-Look richtig f\u00fchlen wollt, dann ist DIY-Deko einfach perfekt, weil sie so unperfekt sch\u00f6n sein darf. Kleinere Projekte, wie Eier bemalen oder mit Naturmaterialien basteln sind schnell umgesetzt. Eure Eier k\u00f6nnt ihr mit feinen Streifen und Linien bemalen, denn bei dem nordischen Stil spielen schlichte Muster eine gro\u00dfe Rolle. Typische Farben, die ihr verwenden k\u00f6nnt, sind zum Beispiel Schwarz, Beige oder Salbeigr\u00fcn. Selbstgebundene Mini-Kr\u00e4nze aus Zweigen und Trockenblumen sorgen f\u00fcr ein Highlight auf dem Tisch. Kleine <a href=\"https:\/\/www.zurbrueggen.de\/leonardo-vase-casolare\/1193455\">Vasen<\/a> oder <a href=\"https:\/\/www.zurbrueggen.de\/villeroy-boch-becher-set-4-tlg.-new-moon\/1239211\">Gl\u00e4ser<\/a> k\u00f6nnt ihr \u00fcbrigens upcyceln und mit Band, Jute oder einem minimalistischen &#8222;Frohe Ostern&#8220;-Etikett versehen und an eure G\u00e4ste verschenken. Der Trick bei allem ist, es clean und ruhig zu gestalten, denn das macht den Look aus. Weniger Motive, mehr Struktur. Und wenn ihr am Ende ein paar selbstgemachte Details auf dem Tisch oder in einer Schale arrangiert, wirkt das sofort pers\u00f6nlich, ohne dass es nach Deko-Overload aussieht <\/span><\/p>\n<p>&nbsp;<\/p>\n<figure id=\"attachment_7292\" aria-describedby=\"caption-attachment-7292\" style=\"width: 1200px\" class=\"wp-caption aligncenter\"><a href=\"https:\/\/www.zurbrueggen.de\/ritzenhoff-breker-kombiservice-30-tlg.-olivia-omara\/1423654\"><img loading=\"lazy\" decoding=\"async\" class=\"size-full wp-image-7292\" src=\"https:\/\/www.zurbrueggen.de\/magazin\/wp-content\/uploads\/2026\/03\/magazin-beitragsbild-5-m-scandi-ostern-20260317-082504.jpg\" alt=\"\" width=\"1200\" height=\"675\" \/><\/a><figcaption id=\"caption-attachment-7292\" class=\"wp-caption-text\">Osterbrunch in Beiget\u00f6nen<\/figcaption><\/figure>\n<h5 style=\"text-align: left; padding-left: 150px;\">Nordic Table Dining<\/h5>\n<p><span class=\"fliesstext\" style=\"font-family: Roboto, sans-serif; font-size: 16px; line-height: 24px; font-weight: 400;\"> F\u00fcr euer Oster-Dinner oder ein entspanntes Mittagessen darf der Look etwas ruhiger und \u201eerwachsener\u201c sein als beim Brunch. Wir setzen hier gern auf warme Naturt\u00f6ne, <a href=\"https:\/\/www.zurbrueggen.de\/apelt-laeufer-torino\/1093586\">schlichte Tischdecken<\/a> und <a href=\"https:\/\/www.zurbrueggen.de\/leitmotiv-led-akku-tischleuchte-cone\/1442117\">LED-Tischleuchten<\/a> als Statement, welche die gesamte Stimmung am Tisch weich und warm wirken lassen. Ein Mix aus <a href=\"https:\/\/www.zurbrueggen.de\/haushalt\/geschirr\/\">mattem Geschirr<\/a>, <a href=\"https:\/\/www.zurbrueggen.de\/schott-zwiesel-trinkglas-simple\/0093111\">klaren Gl\u00e4sern<\/a> und Holz-Elementen wie <a href=\"https:\/\/www.zurbrueggen.de\/zeller-present-schneide-servierbrett-mit-griff\/1453582\">Servierbrettern <\/a>oder <a href=\"https:\/\/www.zurbrueggen.de\/continenta-schale-d.38cm-eiche\/1294430\">Schalen<\/a> entspricht hierbei dem typisch nordischen Einrichtungsstil. Dazu passen <a href=\"https:\/\/www.zurbrueggen.de\/wmf-besteck-60tlg.-philadelphia\/0007364\">filigranes Besteck in Edelstahl<\/a> oder <a href=\"https:\/\/www.zurbrueggen.de\/villeroy-boch-besteck-20-tlg.-manufacture-rock-cutlery\/1272160\">mattem Schwarz<\/a>, schlichte Stoffservietten mit dezenten Ringen sowie eine elegante Weinkaraffe, die den Tisch sofort hochwertiger wirken l\u00e4sst. Auch <a href=\"https:\/\/www.zurbrueggen.de\/schott-zwiesel-becher-4er-set-miovino\/1410636\">Wassergl\u00e4ser in geradliniger Form<\/a> oder leicht <a href=\"https:\/\/www.zurbrueggen.de\/spiegelau-rotweinglas-set-4-tlg.-lifestyle\/1242847\">geriffelte Weingl\u00e4ser <\/a>f\u00fcgen sich perfekt ein. Als Deko reicht oft schon ein l\u00e4ngliches Arrangement aus Zweigen, Eukalyptus oder Fr\u00fchlingsblumen, dass sich wie ein nat\u00fcrlicher Tischl\u00e4ufer durch die Mitte zieht. So wirkt alles skandinavisch, modern und trotzdem festlich zu eurem Osterfest im Scandi-Stil.  <\/span><\/p>\n<p>&nbsp;<\/p>\n<p><a href=\"https:\/\/www.zurbrueggen.de\/scandi-ostern\"><img loading=\"lazy\" decoding=\"async\" class=\"aligncenter size-full wp-image-7164\" src=\"https:\/\/www.zurbrueggen.de\/magazin\/wp-content\/uploads\/2026\/03\/magazin-footer-mobil-scandi-ostern-20260302-103359-1.jpg\" alt=\"\" width=\"750\" height=\"320\" \/><\/a><\/p>\n","protected":false},"excerpt":{"rendered":"<p>Ostern im Scandi-Style ist leise, leicht und voller Gef\u00fchl. Es geht um nat\u00fcrliche Materialien, sanfte Farben und eine entspannte Art zu dekorieren, die nie \u00fcberladen wirkt. Helles Holz, Keramik, Glas und Textilien in soften T\u00f6nen schaffen eine Atmosph\u00e4re, die Fr\u00fchlingsruhe und W\u00e4rme verbindet. Handgemachte Details, minimalistische Osterakzente und die Liebe zur Natur spielen dabei eine [&hellip;]<\/p>\n","protected":false},"author":27,"featured_media":9301,"comment_status":"open","ping_status":"open","sticky":false,"template":"","format":"standard","meta":{"_acf_changed":false,"footnotes":""},"categories":[32,27],"tags":[1171,1190,1312,1378,1114,1187,1276,1321,1291,1374,1145],"class_list":["post-9259","post","type-post","status-publish","format-standard","has-post-thumbnail","hentry","category-trend","category-trends-und-wissen","tag-einrichtungstrends","tag-moebel","tag-ostern","tag-scandi","tag-stil","tag-trend","tag-wohnaccessoires","tag-wohnen","tag-wohnstil","tag-wohntrends2026","tag-wohnzimmer"],"acf":[],"yoast_head":"<!-- This site is optimized with the Yoast SEO plugin v27.4 - https:\/\/yoast.com\/product\/yoast-seo-wordpress\/ -->\n<title>Scandi Ostern<\/title>\n<meta name=\"description\" content=\"Scandi Ostern steht f\u00fcr Ruhe, Nat\u00fcrlichkeit und zeitlose \u00c4sthetik. Helles Holz, Keramik und sanfte Farben schaffen eine gem\u00fctliche Fr\u00fchlingsatmosph\u00e4re.\" \/>\n<meta name=\"robots\" content=\"index, follow, max-snippet:-1, max-image-preview:large, max-video-preview:-1\" \/>\n<link rel=\"canonical\" href=\"https:\/\/www.zurbrueggen.de\/magazin\/scandi-ostern\/\" \/>\n<meta property=\"og:locale\" content=\"de_DE\" \/>\n<meta property=\"og:type\" content=\"article\" \/>\n<meta property=\"og:title\" content=\"Scandi Ostern\" \/>\n<meta property=\"og:description\" content=\"Ostern im Scandi-Style ist leise, leicht und voller Gef\u00fchl. Es geht um nat\u00fcrliche Materialien, sanfte Farben und eine entspannte Art zu dekorieren, die nie \u00fcberladen wirkt. Helles Holz, Keramik, Glas und Textilien in soften T\u00f6nen schaffen eine Atmosph\u00e4re, die Fr\u00fchlingsruhe und W\u00e4rme verbindet. Handgemachte Details, minimalistische Osterakzente und die Liebe zur Natur spielen dabei eine zentrale Rolle. Genau diese Mischung aus Klarheit, Gem\u00fctlichkeit und zeitloser \u00c4sthetik macht Scandi Ostern so besonders und bietet jede Menge Inspiration f\u00fcr Einrichtung, Tischdeko und kleine Styling-Ideen, die Ostern ganz pers\u00f6nlich werden lassen. Wir nehmen euch mit auf diese spannende Reise durch das Osterfest im nordischen Stil.\" \/>\n<meta property=\"og:url\" content=\"https:\/\/www.zurbrueggen.de\/magazin\/scandi-ostern\/\" \/>\n<meta property=\"og:site_name\" content=\"Zurbr\u00fcggen magazin\" \/>\n<meta property=\"article:publisher\" content=\"https:\/\/facebook.com\/zurbrueggen\" \/>\n<meta property=\"article:published_time\" content=\"2026-03-18T07:01:55+00:00\" \/>\n<meta property=\"og:image\" content=\"https:\/\/www.zurbrueggen.de\/magazin\/wp-content\/uploads\/2026\/03\/magazin-beitragsbild-cta-m-scandi-ostern-20260302-103400-1.jpg\" \/>\n\t<meta property=\"og:image:width\" content=\"1200\" \/>\n\t<meta property=\"og:image:height\" content=\"675\" \/>\n\t<meta property=\"og:image:type\" content=\"image\/jpeg\" \/>\n<meta name=\"author\" content=\"Julia Paschen\" \/>\n<script type=\"application\/ld+json\" class=\"yoast-schema-graph\">{\"@context\":\"https:\\\/\\\/schema.org\",\"@graph\":[{\"@type\":\"Article\",\"@id\":\"https:\\\/\\\/www.zurbrueggen.de\\\/magazin\\\/scandi-ostern\\\/#article\",\"isPartOf\":{\"@id\":\"https:\\\/\\\/www.zurbrueggen.de\\\/magazin\\\/scandi-ostern\\\/\"},\"author\":{\"name\":\"Julia Paschen\",\"@id\":\"https:\\\/\\\/www.zurbrueggen.de\\\/magazin\\\/#\\\/schema\\\/person\\\/5596ed176b1851c47a00e32190fbd9e8\"},\"headline\":\"Scandi Ostern\",\"datePublished\":\"2026-03-18T07:01:55+00:00\",\"mainEntityOfPage\":{\"@id\":\"https:\\\/\\\/www.zurbrueggen.de\\\/magazin\\\/scandi-ostern\\\/\"},\"wordCount\":819,\"commentCount\":0,\"publisher\":{\"@id\":\"https:\\\/\\\/www.zurbrueggen.de\\\/magazin\\\/#organization\"},\"image\":{\"@id\":\"https:\\\/\\\/www.zurbrueggen.de\\\/magazin\\\/scandi-ostern\\\/#primaryimage\"},\"thumbnailUrl\":\"https:\\\/\\\/www.zurbrueggen.de\\\/magazin\\\/wp-content\\\/uploads\\\/2026\\\/03\\\/magazin-beitragsbild-cta-m-scandi-ostern-20260302-103400-1.jpg\",\"keywords\":[\"Einrichtungstrends\",\"M\u00f6bel\",\"Ostern\",\"Scandi\",\"Stil\",\"Trend\",\"Wohnaccessoires\",\"Wohnen\",\"Wohnstil\",\"wohntrends2026\",\"Wohnzimmer\"],\"articleSection\":[\"trend\",\"Trends &amp; Wissen\"],\"inLanguage\":\"de\",\"potentialAction\":[{\"@type\":\"CommentAction\",\"name\":\"Comment\",\"target\":[\"https:\\\/\\\/www.zurbrueggen.de\\\/magazin\\\/scandi-ostern\\\/#respond\"]}]},{\"@type\":\"WebPage\",\"@id\":\"https:\\\/\\\/www.zurbrueggen.de\\\/magazin\\\/scandi-ostern\\\/\",\"url\":\"https:\\\/\\\/www.zurbrueggen.de\\\/magazin\\\/scandi-ostern\\\/\",\"name\":\"Scandi Ostern\",\"isPartOf\":{\"@id\":\"https:\\\/\\\/www.zurbrueggen.de\\\/magazin\\\/#website\"},\"primaryImageOfPage\":{\"@id\":\"https:\\\/\\\/www.zurbrueggen.de\\\/magazin\\\/scandi-ostern\\\/#primaryimage\"},\"image\":{\"@id\":\"https:\\\/\\\/www.zurbrueggen.de\\\/magazin\\\/scandi-ostern\\\/#primaryimage\"},\"thumbnailUrl\":\"https:\\\/\\\/www.zurbrueggen.de\\\/magazin\\\/wp-content\\\/uploads\\\/2026\\\/03\\\/magazin-beitragsbild-cta-m-scandi-ostern-20260302-103400-1.jpg\",\"datePublished\":\"2026-03-18T07:01:55+00:00\",\"description\":\"Scandi Ostern steht f\u00fcr Ruhe, Nat\u00fcrlichkeit und zeitlose \u00c4sthetik. Helles Holz, Keramik und sanfte Farben schaffen eine gem\u00fctliche Fr\u00fchlingsatmosph\u00e4re.\",\"breadcrumb\":{\"@id\":\"https:\\\/\\\/www.zurbrueggen.de\\\/magazin\\\/scandi-ostern\\\/#breadcrumb\"},\"inLanguage\":\"de\",\"potentialAction\":[{\"@type\":\"ReadAction\",\"target\":[\"https:\\\/\\\/www.zurbrueggen.de\\\/magazin\\\/scandi-ostern\\\/\"]}]},{\"@type\":\"ImageObject\",\"inLanguage\":\"de\",\"@id\":\"https:\\\/\\\/www.zurbrueggen.de\\\/magazin\\\/scandi-ostern\\\/#primaryimage\",\"url\":\"https:\\\/\\\/www.zurbrueggen.de\\\/magazin\\\/wp-content\\\/uploads\\\/2026\\\/03\\\/magazin-beitragsbild-cta-m-scandi-ostern-20260302-103400-1.jpg\",\"contentUrl\":\"https:\\\/\\\/www.zurbrueggen.de\\\/magazin\\\/wp-content\\\/uploads\\\/2026\\\/03\\\/magazin-beitragsbild-cta-m-scandi-ostern-20260302-103400-1.jpg\",\"width\":1200,\"height\":675},{\"@type\":\"BreadcrumbList\",\"@id\":\"https:\\\/\\\/www.zurbrueggen.de\\\/magazin\\\/scandi-ostern\\\/#breadcrumb\",\"itemListElement\":[{\"@type\":\"ListItem\",\"position\":1,\"name\":\"Startseite\",\"item\":\"https:\\\/\\\/www.zurbrueggen.de\\\/magazin\\\/\"},{\"@type\":\"ListItem\",\"position\":2,\"name\":\"Scandi Ostern\"}]},{\"@type\":\"WebSite\",\"@id\":\"https:\\\/\\\/www.zurbrueggen.de\\\/magazin\\\/#website\",\"url\":\"https:\\\/\\\/www.zurbrueggen.de\\\/magazin\\\/\",\"name\":\"Zurbr\u00fcggen magazin\",\"description\":\"DESIGN \u2022 STYLE \u2022 LIVING\",\"publisher\":{\"@id\":\"https:\\\/\\\/www.zurbrueggen.de\\\/magazin\\\/#organization\"},\"potentialAction\":[{\"@type\":\"SearchAction\",\"target\":{\"@type\":\"EntryPoint\",\"urlTemplate\":\"https:\\\/\\\/www.zurbrueggen.de\\\/magazin\\\/?s={search_term_string}\"},\"query-input\":{\"@type\":\"PropertyValueSpecification\",\"valueRequired\":true,\"valueName\":\"search_term_string\"}}],\"inLanguage\":\"de\"},{\"@type\":\"Organization\",\"@id\":\"https:\\\/\\\/www.zurbrueggen.de\\\/magazin\\\/#organization\",\"name\":\"Zurbr\u00fcggen Wohn-Zentrum GmbH\",\"url\":\"https:\\\/\\\/www.zurbrueggen.de\\\/magazin\\\/\",\"logo\":{\"@type\":\"ImageObject\",\"inLanguage\":\"de\",\"@id\":\"https:\\\/\\\/www.zurbrueggen.de\\\/magazin\\\/#\\\/schema\\\/logo\\\/image\\\/\",\"url\":\"https:\\\/\\\/www.zurbrueggen.de\\\/magazin\\\/wp-content\\\/uploads\\\/2016\\\/07\\\/logo_zurbrueggen.png\",\"contentUrl\":\"https:\\\/\\\/www.zurbrueggen.de\\\/magazin\\\/wp-content\\\/uploads\\\/2016\\\/07\\\/logo_zurbrueggen.png\",\"width\":400,\"height\":107,\"caption\":\"Zurbr\u00fcggen Wohn-Zentrum GmbH\"},\"image\":{\"@id\":\"https:\\\/\\\/www.zurbrueggen.de\\\/magazin\\\/#\\\/schema\\\/logo\\\/image\\\/\"},\"sameAs\":[\"https:\\\/\\\/facebook.com\\\/zurbrueggen\",\"https:\\\/\\\/x.com\\\/Zurbrueggen\"]},{\"@type\":\"Person\",\"@id\":\"https:\\\/\\\/www.zurbrueggen.de\\\/magazin\\\/#\\\/schema\\\/person\\\/5596ed176b1851c47a00e32190fbd9e8\",\"name\":\"Julia Paschen\",\"image\":{\"@type\":\"ImageObject\",\"inLanguage\":\"de\",\"@id\":\"https:\\\/\\\/secure.gravatar.com\\\/avatar\\\/000d1f6af0d913dc11958dffa0a2a27e1ec646f1fd674334902659ca07ac9752?s=96&d=mm&r=g\",\"url\":\"https:\\\/\\\/secure.gravatar.com\\\/avatar\\\/000d1f6af0d913dc11958dffa0a2a27e1ec646f1fd674334902659ca07ac9752?s=96&d=mm&r=g\",\"contentUrl\":\"https:\\\/\\\/secure.gravatar.com\\\/avatar\\\/000d1f6af0d913dc11958dffa0a2a27e1ec646f1fd674334902659ca07ac9752?s=96&d=mm&r=g\",\"caption\":\"Julia Paschen\"},\"url\":\"https:\\\/\\\/www.zurbrueggen.de\\\/magazin\\\/author\\\/j_paschen\\\/\"}]}<\/script>\n<!-- \/ Yoast SEO plugin. -->","yoast_head_json":{"title":"Scandi Ostern","description":"Scandi Ostern steht f\u00fcr Ruhe, Nat\u00fcrlichkeit und zeitlose \u00c4sthetik. Helles Holz, Keramik und sanfte Farben schaffen eine gem\u00fctliche Fr\u00fchlingsatmosph\u00e4re.","robots":{"index":"index","follow":"follow","max-snippet":"max-snippet:-1","max-image-preview":"max-image-preview:large","max-video-preview":"max-video-preview:-1"},"canonical":"https:\/\/www.zurbrueggen.de\/magazin\/scandi-ostern\/","og_locale":"de_DE","og_type":"article","og_title":"Scandi Ostern","og_description":"Ostern im Scandi-Style ist leise, leicht und voller Gef\u00fchl. Es geht um nat\u00fcrliche Materialien, sanfte Farben und eine entspannte Art zu dekorieren, die nie \u00fcberladen wirkt. Helles Holz, Keramik, Glas und Textilien in soften T\u00f6nen schaffen eine Atmosph\u00e4re, die Fr\u00fchlingsruhe und W\u00e4rme verbindet. Handgemachte Details, minimalistische Osterakzente und die Liebe zur Natur spielen dabei eine zentrale Rolle. Genau diese Mischung aus Klarheit, Gem\u00fctlichkeit und zeitloser \u00c4sthetik macht Scandi Ostern so besonders und bietet jede Menge Inspiration f\u00fcr Einrichtung, Tischdeko und kleine Styling-Ideen, die Ostern ganz pers\u00f6nlich werden lassen. Wir nehmen euch mit auf diese spannende Reise durch das Osterfest im nordischen Stil.","og_url":"https:\/\/www.zurbrueggen.de\/magazin\/scandi-ostern\/","og_site_name":"Zurbr\u00fcggen magazin","article_publisher":"https:\/\/facebook.com\/zurbrueggen","article_published_time":"2026-03-18T07:01:55+00:00","og_image":[{"width":1200,"height":675,"url":"https:\/\/www.zurbrueggen.de\/magazin\/wp-content\/uploads\/2026\/03\/magazin-beitragsbild-cta-m-scandi-ostern-20260302-103400-1.jpg","type":"image\/jpeg"}],"author":"Julia Paschen","schema":{"@context":"https:\/\/schema.org","@graph":[{"@type":"Article","@id":"https:\/\/www.zurbrueggen.de\/magazin\/scandi-ostern\/#article","isPartOf":{"@id":"https:\/\/www.zurbrueggen.de\/magazin\/scandi-ostern\/"},"author":{"name":"Julia Paschen","@id":"https:\/\/www.zurbrueggen.de\/magazin\/#\/schema\/person\/5596ed176b1851c47a00e32190fbd9e8"},"headline":"Scandi Ostern","datePublished":"2026-03-18T07:01:55+00:00","mainEntityOfPage":{"@id":"https:\/\/www.zurbrueggen.de\/magazin\/scandi-ostern\/"},"wordCount":819,"commentCount":0,"publisher":{"@id":"https:\/\/www.zurbrueggen.de\/magazin\/#organization"},"image":{"@id":"https:\/\/www.zurbrueggen.de\/magazin\/scandi-ostern\/#primaryimage"},"thumbnailUrl":"https:\/\/www.zurbrueggen.de\/magazin\/wp-content\/uploads\/2026\/03\/magazin-beitragsbild-cta-m-scandi-ostern-20260302-103400-1.jpg","keywords":["Einrichtungstrends","M\u00f6bel","Ostern","Scandi","Stil","Trend","Wohnaccessoires","Wohnen","Wohnstil","wohntrends2026","Wohnzimmer"],"articleSection":["trend","Trends &amp; Wissen"],"inLanguage":"de","potentialAction":[{"@type":"CommentAction","name":"Comment","target":["https:\/\/www.zurbrueggen.de\/magazin\/scandi-ostern\/#respond"]}]},{"@type":"WebPage","@id":"https:\/\/www.zurbrueggen.de\/magazin\/scandi-ostern\/","url":"https:\/\/www.zurbrueggen.de\/magazin\/scandi-ostern\/","name":"Scandi Ostern","isPartOf":{"@id":"https:\/\/www.zurbrueggen.de\/magazin\/#website"},"primaryImageOfPage":{"@id":"https:\/\/www.zurbrueggen.de\/magazin\/scandi-ostern\/#primaryimage"},"image":{"@id":"https:\/\/www.zurbrueggen.de\/magazin\/scandi-ostern\/#primaryimage"},"thumbnailUrl":"https:\/\/www.zurbrueggen.de\/magazin\/wp-content\/uploads\/2026\/03\/magazin-beitragsbild-cta-m-scandi-ostern-20260302-103400-1.jpg","datePublished":"2026-03-18T07:01:55+00:00","description":"Scandi Ostern steht f\u00fcr Ruhe, Nat\u00fcrlichkeit und zeitlose \u00c4sthetik. Helles Holz, Keramik und sanfte Farben schaffen eine gem\u00fctliche Fr\u00fchlingsatmosph\u00e4re.","breadcrumb":{"@id":"https:\/\/www.zurbrueggen.de\/magazin\/scandi-ostern\/#breadcrumb"},"inLanguage":"de","potentialAction":[{"@type":"ReadAction","target":["https:\/\/www.zurbrueggen.de\/magazin\/scandi-ostern\/"]}]},{"@type":"ImageObject","inLanguage":"de","@id":"https:\/\/www.zurbrueggen.de\/magazin\/scandi-ostern\/#primaryimage","url":"https:\/\/www.zurbrueggen.de\/magazin\/wp-content\/uploads\/2026\/03\/magazin-beitragsbild-cta-m-scandi-ostern-20260302-103400-1.jpg","contentUrl":"https:\/\/www.zurbrueggen.de\/magazin\/wp-content\/uploads\/2026\/03\/magazin-beitragsbild-cta-m-scandi-ostern-20260302-103400-1.jpg","width":1200,"height":675},{"@type":"BreadcrumbList","@id":"https:\/\/www.zurbrueggen.de\/magazin\/scandi-ostern\/#breadcrumb","itemListElement":[{"@type":"ListItem","position":1,"name":"Startseite","item":"https:\/\/www.zurbrueggen.de\/magazin\/"},{"@type":"ListItem","position":2,"name":"Scandi Ostern"}]},{"@type":"WebSite","@id":"https:\/\/www.zurbrueggen.de\/magazin\/#website","url":"https:\/\/www.zurbrueggen.de\/magazin\/","name":"Zurbr\u00fcggen magazin","description":"DESIGN \u2022 STYLE \u2022 LIVING","publisher":{"@id":"https:\/\/www.zurbrueggen.de\/magazin\/#organization"},"potentialAction":[{"@type":"SearchAction","target":{"@type":"EntryPoint","urlTemplate":"https:\/\/www.zurbrueggen.de\/magazin\/?s={search_term_string}"},"query-input":{"@type":"PropertyValueSpecification","valueRequired":true,"valueName":"search_term_string"}}],"inLanguage":"de"},{"@type":"Organization","@id":"https:\/\/www.zurbrueggen.de\/magazin\/#organization","name":"Zurbr\u00fcggen Wohn-Zentrum GmbH","url":"https:\/\/www.zurbrueggen.de\/magazin\/","logo":{"@type":"ImageObject","inLanguage":"de","@id":"https:\/\/www.zurbrueggen.de\/magazin\/#\/schema\/logo\/image\/","url":"https:\/\/www.zurbrueggen.de\/magazin\/wp-content\/uploads\/2016\/07\/logo_zurbrueggen.png","contentUrl":"https:\/\/www.zurbrueggen.de\/magazin\/wp-content\/uploads\/2016\/07\/logo_zurbrueggen.png","width":400,"height":107,"caption":"Zurbr\u00fcggen Wohn-Zentrum GmbH"},"image":{"@id":"https:\/\/www.zurbrueggen.de\/magazin\/#\/schema\/logo\/image\/"},"sameAs":["https:\/\/facebook.com\/zurbrueggen","https:\/\/x.com\/Zurbrueggen"]},{"@type":"Person","@id":"https:\/\/www.zurbrueggen.de\/magazin\/#\/schema\/person\/5596ed176b1851c47a00e32190fbd9e8","name":"Julia Paschen","image":{"@type":"ImageObject","inLanguage":"de","@id":"https:\/\/secure.gravatar.com\/avatar\/000d1f6af0d913dc11958dffa0a2a27e1ec646f1fd674334902659ca07ac9752?s=96&d=mm&r=g","url":"https:\/\/secure.gravatar.com\/avatar\/000d1f6af0d913dc11958dffa0a2a27e1ec646f1fd674334902659ca07ac9752?s=96&d=mm&r=g","contentUrl":"https:\/\/secure.gravatar.com\/avatar\/000d1f6af0d913dc11958dffa0a2a27e1ec646f1fd674334902659ca07ac9752?s=96&d=mm&r=g","caption":"Julia Paschen"},"url":"https:\/\/www.zurbrueggen.de\/magazin\/author\/j_paschen\/"}]}},"_links":{"self":[{"href":"https:\/\/www.zurbrueggen.de\/magazin\/wp-json\/wp\/v2\/posts\/9259","targetHints":{"allow":["GET"]}}],"collection":[{"href":"https:\/\/www.zurbrueggen.de\/magazin\/wp-json\/wp\/v2\/posts"}],"about":[{"href":"https:\/\/www.zurbrueggen.de\/magazin\/wp-json\/wp\/v2\/types\/post"}],"author":[{"embeddable":true,"href":"https:\/\/www.zurbrueggen.de\/magazin\/wp-json\/wp\/v2\/users\/27"}],"replies":[{"embeddable":true,"href":"https:\/\/www.zurbrueggen.de\/magazin\/wp-json\/wp\/v2\/comments?post=9259"}],"version-history":[{"count":10,"href":"https:\/\/www.zurbrueggen.de\/magazin\/wp-json\/wp\/v2\/posts\/9259\/revisions"}],"predecessor-version":[{"id":9319,"href":"https:\/\/www.zurbrueggen.de\/magazin\/wp-json\/wp\/v2\/posts\/9259\/revisions\/9319"}],"wp:featuredmedia":[{"embeddable":true,"href":"https:\/\/www.zurbrueggen.de\/magazin\/wp-json\/wp\/v2\/media\/9301"}],"wp:attachment":[{"href":"https:\/\/www.zurbrueggen.de\/magazin\/wp-json\/wp\/v2\/media?parent=9259"}],"wp:term":[{"taxonomy":"category","embeddable":true,"href":"https:\/\/www.zurbrueggen.de\/magazin\/wp-json\/wp\/v2\/categories?post=9259"},{"taxonomy":"post_tag","embeddable":true,"href":"https:\/\/www.zurbrueggen.de\/magazin\/wp-json\/wp\/v2\/tags?post=9259"}],"curies":[{"name":"wp","href":"https:\/\/api.w.org\/{rel}","templated":true}]}}