{"id":9126,"date":"2025-12-03T08:20:36","date_gmt":"2025-12-03T07:20:36","guid":{"rendered":"https:\/\/www.zurbrueggen.de\/magazin\/?p=9126"},"modified":"2025-12-03T08:20:36","modified_gmt":"2025-12-03T07:20:36","slug":"zauberhafte-weihnachten","status":"publish","type":"post","link":"https:\/\/www.zurbrueggen.de\/magazin\/zauberhafte-weihnachten\/","title":{"rendered":"Zauberhafte Weihnachten"},"content":{"rendered":"<div class=\"mceTemp\"><\/div>\n<p><span class=\"vorschau\" style=\"font-family: 'Roboto Slab'; font-size: 22px; line-height: 34px; font-weight: 300; margin-top: 40px;\"> Wenn drau\u00dfen leise der kalte Wind tanzt und drinnen Kerzenschein f\u00fcr W\u00e4rme sorgt, ist Weihnachten nicht mehr weit. Jetzt wird das Zuhause zur B\u00fchne f\u00fcr festliche Momente voller Stil und Geborgenheit. Mit den liebevoll ausgew\u00e4hlten Wohnaccessoires und Dekorationen gelingt es euch im Handumdrehen, jeden Raum in ein winterliches Wohlf\u00fchlparadies zu verwandeln \u2013 elegant, harmonisch und mit ganz pers\u00f6nlicher Note. Wir zeigen euch wie\u2019s geht! <\/span><\/p>\n<p><!--more--><\/p>\n<figure id=\"attachment_7292\" aria-describedby=\"caption-attachment-7292\" style=\"width: 1200px\" class=\"wp-caption aligncenter\"><a href=\"https:\/\/www.zurbrueggen.de\/creatable-kombiservice-30-tlg.-luna-black-line\/1360657\"><img loading=\"lazy\" decoding=\"async\" class=\"size-full wp-image-7292\" src=\"https:\/\/www.zurbrueggen.de\/magazin\/wp-content\/uploads\/2025\/11\/magazin-beitragsbild-2-m-zauberhafte-weihnachten-20251113-115309.jpg\" alt=\"\" width=\"1200\" height=\"675\" \/><\/a><figcaption id=\"caption-attachment-7292\" class=\"wp-caption-text\">Festliche Tafel<\/figcaption><\/figure>\n<h5 style=\"text-align: left; padding-left: 150px;\">Der Tisch als festlicher Mittelpunkt<\/h5>\n<p><span class=\"fliesstext\" style=\"font-family: Roboto, sans-serif; font-size: 16px; line-height: 24px; font-weight: 400;\"> Ein liebevoll gedeckter <a href=\"https:\/\/www.zurbrueggen.de\/moebel\/esszimmer\/esstische\/\">Tisch<\/a> ist das Herzst\u00fcck jedes Weihnachtsabends. Es ist der Ort, an dem Erinnerungen entstehen und Geschichten geteilt werden. Beginnen k\u00f6nnt ihr mit einer hochwertigen <a href=\"https:\/\/www.zurbrueggen.de\/deko-textil\/textilien\/tischdecken-laeufer\/\">Tischdeck<\/a>e in Creme oder Bordeaux, sie bildet die B\u00fchne f\u00fcr gl\u00e4nzendes <a href=\"https:\/\/www.zurbrueggen.de\/haushalt\/besteck\/\">Besteck<\/a> und edles <a href=\"https:\/\/www.zurbrueggen.de\/haushalt\/geschirr\/weihnachtsgeschirr\/\">Porzellan<\/a>. Erg\u00e4nzt goldene Serviettenringe, funkelnde <a href=\"https:\/\/www.zurbrueggen.de\/haushalt\/glaeser\/\">Gl\u00e4ser<\/a> und kleine <a href=\"https:\/\/www.zurbrueggen.de\/day-led-teelichter-20er-pack\/1364927\">Teelichter<\/a>, die das Licht sanft brechen. Frische Tannenzweige, Zimtstangen oder getrocknete Orangenscheiben verleihen Nat\u00fcrlichkeit und duften herrlich. F\u00fcr einen modernen Twist k\u00f6nnt ihr <a href=\"https:\/\/www.zurbrueggen.de\/villeroy-boch-kombiservice-16-tlg.-manufacture-rock\/1333186\">mattschwarzes Geschirr<\/a>, Leinenservietten und klare Linien kombinieren \u2013 das schafft zeitlose Eleganz. Eine gl\u00e4serne <a href=\"https:\/\/www.zurbrueggen.de\/gasper-glasvase-zylinder\/1258413\">Vase<\/a> mit Trockenblumen oder Eukalyptus bringt Frische und wirkt stilvoll. Wer\u2019s verspielter mag, setzt auf kleine Namensschilder oder Mini-Geschenke am Platz. Bei uns findet ihr definitiv unz\u00e4hlige Inspirationen, um euren Stil zu entfalten. So wird der Tisch nicht nur zum Ort des Genusses, sondern zum Herzst\u00fcck eines Weihnachtsabends voller W\u00e4rme, Licht und liebevoller Atmosph\u00e4re. <\/span><\/p>\n<p>&nbsp;<\/p>\n<figure id=\"attachment_7292\" aria-describedby=\"caption-attachment-7292\" style=\"width: 1200px\" class=\"wp-caption aligncenter\"><a href=\"https:\/\/www.zurbrueggen.de\/lumineo-led-strangbeleuchtung-95cm-mit-20-led-s\/1140781\"><img loading=\"lazy\" decoding=\"async\" class=\"size-full wp-image-7292\" src=\"https:\/\/www.zurbrueggen.de\/magazin\/wp-content\/uploads\/2025\/11\/magazin-beitragsbild-3-m-zauberhafte-weihnachten-20251113-115308.jpg\" alt=\"\" width=\"1200\" height=\"675\" \/><\/a><figcaption id=\"caption-attachment-7292\" class=\"wp-caption-text\">F\u00fcr eine besondere Atmosph\u00e4re<\/figcaption><\/figure>\n<h5 style=\"text-align: left; padding-left: 150px;\">Wintermorgen voller Behaglichkeit<\/h5>\n<p><span class=\"fliesstext\" style=\"font-family: Roboto, sans-serif; font-size: 16px; line-height: 24px; font-weight: 400;\"> Ein weihnachtliches Fr\u00fchst\u00fcck ist der perfekte Start in einen Tag voller Freude. Der Duft von frischem Geb\u00e4ck, sanfte Musik und das erste Kerzenlicht schaffen sofort Stimmung. Ein <a href=\"https:\/\/www.zurbrueggen.de\/deko-textil\/textilien\/tischdecken-laeufer\/\">Tischl\u00e4ufer aus Naturleinen<\/a>, h\u00fcbsches <a href=\"https:\/\/www.zurbrueggen.de\/thomas-kombiservice-cliff-16-tlg.\/1296597\">Porzellan <\/a>in sanften Farben und daneben <a href=\"https:\/\/www.zurbrueggen.de\/zurbrueggen-untersetzer-6er-set\/1414876\">platzierte Untersetzer<\/a> aus Seil bilden ein warmes Gesamtbild. Kleine Deko-Highlights wie <a href=\"https:\/\/www.zurbrueggen.de\/justinus-besteck-30-tlg.-sunset\/1282680\">goldenes Besteck<\/a>, Stoffservietten, <a href=\"https:\/\/www.zurbrueggen.de\/villeroy-boch-jubilaeums-becher-set-4tlg\/1441033\">Tassen<\/a> mit weihnachtlichen Motiven oder bestickte Tischsets verleihen Charakter. Eine<a href=\"https:\/\/www.zurbrueggen.de\/lumineo-compact-lichterkette-12m-micro-led-960\/1442330\"> Mini-Lichterkette <\/a>in der Mitte sorgt f\u00fcr festliches Funkeln, w\u00e4hrend getrocknete Orangenscheiben und Zimtstangen einen feinen Duft verbreiten. Servieren k\u00f6nnt frisches Obst in sch\u00f6nen <a href=\"https:\/\/www.zurbrueggen.de\/villeroy-boch-servierschale-toy-s-delight\/0089791\">Schalen<\/a>, und dazu Marmeladengl\u00e4ser auf einem Holzbrett gef\u00fcllt mit hei\u00dfer Schokolade und Sahne \u2013 Genuss pur! Im Zurbr\u00fcggen Onlineshop aber auch vor Ort findet ihr viele liebevolle <a href=\"https:\/\/www.zurbrueggen.de\/deko-textil\/weihnachten\/weihnachtsdekoration\/\">Weihnachts-Accessoires<\/a>, um diese besondere Atmosph\u00e4re zu gestalten. So startet der Tag entspannt, inspirierend und mit einem Gef\u00fchl von Geborgenheit, das perfekt zur sch\u00f6nsten Zeit des Jahres passt. <\/span><\/p>\n<p>&nbsp;<\/p>\n<figure id=\"attachment_7292\" aria-describedby=\"caption-attachment-7292\" style=\"width: 1200px\" class=\"wp-caption aligncenter\"><a href=\"https:\/\/www.zurbrueggen.de\/fhl-easy-akku-tischleuchte-paule\/1452228\"><img loading=\"lazy\" decoding=\"async\" class=\"size-full wp-image-7292\" src=\"https:\/\/www.zurbrueggen.de\/magazin\/wp-content\/uploads\/2025\/11\/magazin-beitragsbild-4-m-zauberhafte-weihnachten-20251113-115308.jpg\" alt=\"\" width=\"1200\" height=\"675\" \/><\/a><figcaption id=\"caption-attachment-7292\" class=\"wp-caption-text\">Tischleuchte als Highlight<\/figcaption><\/figure>\n<h5 style=\"text-align: left; padding-left: 150px;\">Dekorieren mit Pers\u00f6nlichkeit<\/h5>\n<p><span class=\"fliesstext\" style=\"font-family: Roboto, sans-serif; font-size: 16px; line-height: 24px; font-weight: 400;\"> <a href=\"https:\/\/www.zurbrueggen.de\/deko-textil\/weihnachten\/weihnachtsdekoration\/\">Weihnachtsdeko<\/a> darf gl\u00e4nzen, glitzern, \u00fcberraschen \u2013 und vor allem: eure Geschichte erz\u00e4hlen. Lasst euch von eurer Intuition leiten, anstatt Perfektion anzustreben. Kombiniert warme Materialien wie Holz und Leinen mit k\u00fchlen Elementen wie Glas oder Metall, um ein harmonisches Gleichgewicht zu schaffen. Besonders beliebt sind in dieser Saison elegante <a href=\"https:\/\/www.zurbrueggen.de\/decoris-nussknacker-40cm\/1442350\">Nussknacker<\/a>, funkelnde <a href=\"https:\/\/www.zurbrueggen.de\/x-mas-art-collection-led-stern\/1317853\">Sterne<\/a>, filigrane Rentiere oder <a href=\"https:\/\/www.zurbrueggen.de\/decoris-papierbaum\/1436448\">Papiertannenb\u00e4ume<\/a>. Duftkerzen mit Vanille- oder Tannennoten bringen zus\u00e4tzlich Stimmung. Drapierte Lichterketten locker \u00fcber <a href=\"https:\/\/www.zurbrueggen.de\/landscape-spiegel-carlo\/1399027\">Spiegel<\/a> oder in <a href=\"https:\/\/www.zurbrueggen.de\/light-living-vase-keisha\/1378415\">Glasvasen<\/a>, sorgen f\u00fcr echte Magie. <a href=\"https:\/\/www.zurbrueggen.de\/decoris-dekokranz-oe33cm\/1436176\">Kr\u00e4nze <\/a>und <a href=\"https:\/\/www.zurbrueggen.de\/everlands-weihnachts-girlande\/1301706\">Girlanden <\/a>an T\u00fcren oder W\u00e4nden verleihen Tiefe. Achtet auf eine Farbwelt, wie etwa Gold und Wei\u00df oder Gr\u00fcn und Natur, und bleibt ihr treu. So wirkt alles harmonisch und dennoch individuell. Eure<a href=\"https:\/\/www.zurbrueggen.de\/deko-textil\/weihnachten\/weihnachtsdekoration\/\"> Dekoration<\/a> wird zum Ausdruck der Pers\u00f6nlichkeit \u2013 festlich, authentisch, liebevoll und wunderbar winterlich zugleich. Weihnachten darf glitzern, strahlen und echt sein \u2013 genau wie ihr! <\/span><\/p>\n<p>&nbsp;<\/p>\n<figure id=\"attachment_7156\" aria-describedby=\"caption-attachment-7156\" style=\"width: 1200px\" class=\"wp-caption aligncenter\"><a href=\"https:\/\/www.zurbrueggen.de\/fink-teelichthalter-jona\/1297850\"><img loading=\"lazy\" decoding=\"async\" class=\"size-full wp-image-7156\" src=\"https:\/\/www.zurbrueggen.de\/magazin\/wp-content\/uploads\/2025\/11\/magazin-beitragsbild-5-m-zauberhafte-weihnachten-20251113-115308.jpg\" alt=\"\" width=\"1200\" height=\"675\" \/><\/a><figcaption id=\"caption-attachment-7156\" class=\"wp-caption-text\">Ruhe und Behaglichkeit<\/figcaption><\/figure>\n<h5 style=\"text-align: left; padding-left: 150px;\">Ruhe, Licht und Geborgenheit<\/h5>\n<p><span class=\"fliesstext\" style=\"font-family: Roboto, sans-serif; font-size: 16px; line-height: 24px; font-weight: 400;\">Wenn der Tag sich dem Ende neigt und drau\u00dfen Stille einkehrt, verwandelt sich das <a href=\"https:\/\/www.zurbrueggen.de\/moebel\/wohnzimmer\/\">Wohnzimmer<\/a> in einen Ort der Ruhe und Behaglichkeit. Jetzt ist Zeit f\u00fcr weiche <a href=\"https:\/\/www.zurbrueggen.de\/deko-textil\/textilien\/kissen-huellen\/\">Kissen<\/a>, flauschige Decken und sanftes Licht. Stellt <a href=\"https:\/\/www.zurbrueggen.de\/fink-windlicht-wika\/1297886\">Windlichter<\/a> auf das Sideboard, z\u00fcndet Kerzen an und lasst euch vom warmen Schimmer einh\u00fcllen. Kombiniert metallische Akzente mit Naturmaterialien \u2013 Holz, <a href=\"https:\/\/www.zurbrueggen.de\/zurbrueggen-schaffell-ca.-85cm\/1189568\">Fell<\/a> und Glas harmonieren perfekt. Deko-Sterne, elegante <a href=\"https:\/\/www.zurbrueggen.de\/fink-teelichthalter-stacey\/1429457\">Teelichthalter<\/a> oder weihnachtliche Blumenarrangements verleihen dem Raum festliche Tiefe. Duft spielt eine wichtige Rolle: Tanne, Orange und Vanille schaffen ein Gef\u00fchl von Zuhause. Legt ein <a href=\"https:\/\/www.zurbrueggen.de\/light-living-schale-maes\/1456549\">Tablett<\/a> mit Pl\u00e4tzchen, Kakao oder Tee bereit und genie\u00dft den Moment. Mit unserer Inspiration gelingt der Look m\u00fchelos. So wird euer Zuhause zum Ort des Loslassens, an dem Licht, W\u00e4rme und Liebe zusammenfinden \u2013 perfekt, um Weihnachten in vollen Z\u00fcgen zu genie\u00dfen. <\/span><\/p>\n<p>&nbsp;<\/p>\n<p><a href=\"https:\/\/www.zurbrueggen.de\/zauberhafte-weihnachten\"><img loading=\"lazy\" decoding=\"async\" class=\"aligncenter size-full wp-image-7164\" src=\"https:\/\/www.zurbrueggen.de\/magazin\/wp-content\/uploads\/2025\/11\/magazin-footer-mobil-zauberhafte-weihnachten-20251113-105153.jpg\" alt=\"\" width=\"750\" height=\"320\" \/><\/a><\/p>\n","protected":false},"excerpt":{"rendered":"<p>Wenn drau\u00dfen leise der kalte Wind tanzt und drinnen Kerzenschein f\u00fcr W\u00e4rme sorgt, ist Weihnachten nicht mehr weit. Jetzt wird das Zuhause zur B\u00fchne f\u00fcr festliche Momente voller Stil und Geborgenheit. Mit den liebevoll ausgew\u00e4hlten Wohnaccessoires und Dekorationen gelingt es euch im Handumdrehen, jeden Raum in ein winterliches Wohlf\u00fchlparadies zu verwandeln \u2013 elegant, harmonisch und [&hellip;]<\/p>\n","protected":false},"author":27,"featured_media":9127,"comment_status":"open","ping_status":"open","sticky":false,"template":"","format":"standard","meta":{"_acf_changed":false,"footnotes":""},"categories":[32,27],"tags":[1252,1155,1171,1190,1114,1187,1276,1291,1145],"class_list":["post-9126","post","type-post","status-publish","format-standard","has-post-thumbnail","hentry","category-trend","category-trends-und-wissen","tag-advent","tag-dekoration-deko-accessoires-weihnachten-schmuecken-dekorieren-tannenbaum-christbaum","tag-einrichtungstrends","tag-moebel","tag-stil","tag-trend","tag-wohnaccessoires","tag-wohnstil","tag-wohnzimmer"],"acf":[],"yoast_head":"<!-- This site is optimized with the Yoast SEO plugin v27.4 - https:\/\/yoast.com\/product\/yoast-seo-wordpress\/ -->\n<title>Adventliche Wohnideen - alles zur Weihnachtszeit!<\/title>\n<meta name=\"description\" content=\"Wenn die Tage k\u00fcrzer werden und der Duft von Zimt und Tannenzweigen in der Luft liegt, beginnt die sch\u00f6nste Zeit des Jahres: die Adventszeit.\" \/>\n<meta name=\"robots\" content=\"index, follow, max-snippet:-1, max-image-preview:large, max-video-preview:-1\" \/>\n<link rel=\"canonical\" href=\"https:\/\/www.zurbrueggen.de\/magazin\/zauberhafte-weihnachten\/\" \/>\n<meta property=\"og:locale\" content=\"de_DE\" \/>\n<meta property=\"og:type\" content=\"article\" \/>\n<meta property=\"og:title\" content=\"Adventliche Wohnideen\" \/>\n<meta property=\"og:description\" content=\"Wenn die Tage k\u00fcrzer werden und der Duft von Zimt und Tannenzweigen in der Luft liegt, beginnt die sch\u00f6nste Zeit des Jahres: die Adventszeit. Jetzt darf das Zuhause funkeln, leuchten und zum Ort der Gem\u00fctlichkeit werden. Ob glanzvolle Deko-Trends, festlich gedeckte Tische beim Adventsbrunch, stimmungsvolle Fenster-Dekoration oder ein einladender Eingangsbereich, jeder Raum bekommt seine ganz eigene, weihnachtliche Note. Lasst euch inspirieren, wie ihr euer Zuhause mit kleinen Details in ein adventliches Winterwunderland verwandelt.\" \/>\n<meta property=\"og:url\" content=\"https:\/\/www.zurbrueggen.de\/magazin\/zauberhafte-weihnachten\/\" \/>\n<meta property=\"og:site_name\" content=\"Zurbr\u00fcggen magazin\" \/>\n<meta property=\"article:publisher\" content=\"https:\/\/facebook.com\/zurbrueggen\" \/>\n<meta property=\"article:published_time\" content=\"2025-12-03T07:20:36+00:00\" \/>\n<meta property=\"og:image\" content=\"https:\/\/www.zurbrueggen.de\/magazin\/wp-content\/uploads\/2025\/11\/magazin-beitragsbild-cta-m-zauberhafte-weihnachten-20251113-105155.jpg\" \/>\n\t<meta property=\"og:image:width\" content=\"1200\" \/>\n\t<meta property=\"og:image:height\" content=\"675\" \/>\n\t<meta property=\"og:image:type\" content=\"image\/jpeg\" \/>\n<meta name=\"author\" content=\"Julia Paschen\" \/>\n<script type=\"application\/ld+json\" class=\"yoast-schema-graph\">{\"@context\":\"https:\\\/\\\/schema.org\",\"@graph\":[{\"@type\":\"Article\",\"@id\":\"https:\\\/\\\/www.zurbrueggen.de\\\/magazin\\\/zauberhafte-weihnachten\\\/#article\",\"isPartOf\":{\"@id\":\"https:\\\/\\\/www.zurbrueggen.de\\\/magazin\\\/zauberhafte-weihnachten\\\/\"},\"author\":{\"name\":\"Julia Paschen\",\"@id\":\"https:\\\/\\\/www.zurbrueggen.de\\\/magazin\\\/#\\\/schema\\\/person\\\/5596ed176b1851c47a00e32190fbd9e8\"},\"headline\":\"Zauberhafte Weihnachten\",\"datePublished\":\"2025-12-03T07:20:36+00:00\",\"mainEntityOfPage\":{\"@id\":\"https:\\\/\\\/www.zurbrueggen.de\\\/magazin\\\/zauberhafte-weihnachten\\\/\"},\"wordCount\":724,\"commentCount\":0,\"publisher\":{\"@id\":\"https:\\\/\\\/www.zurbrueggen.de\\\/magazin\\\/#organization\"},\"image\":{\"@id\":\"https:\\\/\\\/www.zurbrueggen.de\\\/magazin\\\/zauberhafte-weihnachten\\\/#primaryimage\"},\"thumbnailUrl\":\"https:\\\/\\\/www.zurbrueggen.de\\\/magazin\\\/wp-content\\\/uploads\\\/2025\\\/11\\\/magazin-beitragsbild-cta-m-zauberhafte-weihnachten-20251113-105155.jpg\",\"keywords\":[\"Advent\",\"Dekoration; Deko; Accessoires; Weihnachten; Schm\u00fccken; Dekorieren; Tannenbaum; Christbaum\",\"Einrichtungstrends\",\"M\u00f6bel\",\"Stil\",\"Trend\",\"Wohnaccessoires\",\"Wohnstil\",\"Wohnzimmer\"],\"articleSection\":[\"trend\",\"Trends &amp; Wissen\"],\"inLanguage\":\"de\",\"potentialAction\":[{\"@type\":\"CommentAction\",\"name\":\"Comment\",\"target\":[\"https:\\\/\\\/www.zurbrueggen.de\\\/magazin\\\/zauberhafte-weihnachten\\\/#respond\"]}]},{\"@type\":\"WebPage\",\"@id\":\"https:\\\/\\\/www.zurbrueggen.de\\\/magazin\\\/zauberhafte-weihnachten\\\/\",\"url\":\"https:\\\/\\\/www.zurbrueggen.de\\\/magazin\\\/zauberhafte-weihnachten\\\/\",\"name\":\"Adventliche Wohnideen - alles zur Weihnachtszeit!\",\"isPartOf\":{\"@id\":\"https:\\\/\\\/www.zurbrueggen.de\\\/magazin\\\/#website\"},\"primaryImageOfPage\":{\"@id\":\"https:\\\/\\\/www.zurbrueggen.de\\\/magazin\\\/zauberhafte-weihnachten\\\/#primaryimage\"},\"image\":{\"@id\":\"https:\\\/\\\/www.zurbrueggen.de\\\/magazin\\\/zauberhafte-weihnachten\\\/#primaryimage\"},\"thumbnailUrl\":\"https:\\\/\\\/www.zurbrueggen.de\\\/magazin\\\/wp-content\\\/uploads\\\/2025\\\/11\\\/magazin-beitragsbild-cta-m-zauberhafte-weihnachten-20251113-105155.jpg\",\"datePublished\":\"2025-12-03T07:20:36+00:00\",\"description\":\"Wenn die Tage k\u00fcrzer werden und der Duft von Zimt und Tannenzweigen in der Luft liegt, beginnt die sch\u00f6nste Zeit des Jahres: die Adventszeit.\",\"breadcrumb\":{\"@id\":\"https:\\\/\\\/www.zurbrueggen.de\\\/magazin\\\/zauberhafte-weihnachten\\\/#breadcrumb\"},\"inLanguage\":\"de\",\"potentialAction\":[{\"@type\":\"ReadAction\",\"target\":[\"https:\\\/\\\/www.zurbrueggen.de\\\/magazin\\\/zauberhafte-weihnachten\\\/\"]}]},{\"@type\":\"ImageObject\",\"inLanguage\":\"de\",\"@id\":\"https:\\\/\\\/www.zurbrueggen.de\\\/magazin\\\/zauberhafte-weihnachten\\\/#primaryimage\",\"url\":\"https:\\\/\\\/www.zurbrueggen.de\\\/magazin\\\/wp-content\\\/uploads\\\/2025\\\/11\\\/magazin-beitragsbild-cta-m-zauberhafte-weihnachten-20251113-105155.jpg\",\"contentUrl\":\"https:\\\/\\\/www.zurbrueggen.de\\\/magazin\\\/wp-content\\\/uploads\\\/2025\\\/11\\\/magazin-beitragsbild-cta-m-zauberhafte-weihnachten-20251113-105155.jpg\",\"width\":1200,\"height\":675},{\"@type\":\"BreadcrumbList\",\"@id\":\"https:\\\/\\\/www.zurbrueggen.de\\\/magazin\\\/zauberhafte-weihnachten\\\/#breadcrumb\",\"itemListElement\":[{\"@type\":\"ListItem\",\"position\":1,\"name\":\"Startseite\",\"item\":\"https:\\\/\\\/www.zurbrueggen.de\\\/magazin\\\/\"},{\"@type\":\"ListItem\",\"position\":2,\"name\":\"Zauberhafte Weihnachten\"}]},{\"@type\":\"WebSite\",\"@id\":\"https:\\\/\\\/www.zurbrueggen.de\\\/magazin\\\/#website\",\"url\":\"https:\\\/\\\/www.zurbrueggen.de\\\/magazin\\\/\",\"name\":\"Zurbr\u00fcggen magazin\",\"description\":\"DESIGN \u2022 STYLE \u2022 LIVING\",\"publisher\":{\"@id\":\"https:\\\/\\\/www.zurbrueggen.de\\\/magazin\\\/#organization\"},\"potentialAction\":[{\"@type\":\"SearchAction\",\"target\":{\"@type\":\"EntryPoint\",\"urlTemplate\":\"https:\\\/\\\/www.zurbrueggen.de\\\/magazin\\\/?s={search_term_string}\"},\"query-input\":{\"@type\":\"PropertyValueSpecification\",\"valueRequired\":true,\"valueName\":\"search_term_string\"}}],\"inLanguage\":\"de\"},{\"@type\":\"Organization\",\"@id\":\"https:\\\/\\\/www.zurbrueggen.de\\\/magazin\\\/#organization\",\"name\":\"Zurbr\u00fcggen Wohn-Zentrum GmbH\",\"url\":\"https:\\\/\\\/www.zurbrueggen.de\\\/magazin\\\/\",\"logo\":{\"@type\":\"ImageObject\",\"inLanguage\":\"de\",\"@id\":\"https:\\\/\\\/www.zurbrueggen.de\\\/magazin\\\/#\\\/schema\\\/logo\\\/image\\\/\",\"url\":\"https:\\\/\\\/www.zurbrueggen.de\\\/magazin\\\/wp-content\\\/uploads\\\/2016\\\/07\\\/logo_zurbrueggen.png\",\"contentUrl\":\"https:\\\/\\\/www.zurbrueggen.de\\\/magazin\\\/wp-content\\\/uploads\\\/2016\\\/07\\\/logo_zurbrueggen.png\",\"width\":400,\"height\":107,\"caption\":\"Zurbr\u00fcggen Wohn-Zentrum GmbH\"},\"image\":{\"@id\":\"https:\\\/\\\/www.zurbrueggen.de\\\/magazin\\\/#\\\/schema\\\/logo\\\/image\\\/\"},\"sameAs\":[\"https:\\\/\\\/facebook.com\\\/zurbrueggen\",\"https:\\\/\\\/x.com\\\/Zurbrueggen\"]},{\"@type\":\"Person\",\"@id\":\"https:\\\/\\\/www.zurbrueggen.de\\\/magazin\\\/#\\\/schema\\\/person\\\/5596ed176b1851c47a00e32190fbd9e8\",\"name\":\"Julia Paschen\",\"image\":{\"@type\":\"ImageObject\",\"inLanguage\":\"de\",\"@id\":\"https:\\\/\\\/secure.gravatar.com\\\/avatar\\\/000d1f6af0d913dc11958dffa0a2a27e1ec646f1fd674334902659ca07ac9752?s=96&d=mm&r=g\",\"url\":\"https:\\\/\\\/secure.gravatar.com\\\/avatar\\\/000d1f6af0d913dc11958dffa0a2a27e1ec646f1fd674334902659ca07ac9752?s=96&d=mm&r=g\",\"contentUrl\":\"https:\\\/\\\/secure.gravatar.com\\\/avatar\\\/000d1f6af0d913dc11958dffa0a2a27e1ec646f1fd674334902659ca07ac9752?s=96&d=mm&r=g\",\"caption\":\"Julia Paschen\"},\"url\":\"https:\\\/\\\/www.zurbrueggen.de\\\/magazin\\\/author\\\/j_paschen\\\/\"}]}<\/script>\n<!-- \/ Yoast SEO plugin. -->","yoast_head_json":{"title":"Adventliche Wohnideen - alles zur Weihnachtszeit!","description":"Wenn die Tage k\u00fcrzer werden und der Duft von Zimt und Tannenzweigen in der Luft liegt, beginnt die sch\u00f6nste Zeit des Jahres: die Adventszeit.","robots":{"index":"index","follow":"follow","max-snippet":"max-snippet:-1","max-image-preview":"max-image-preview:large","max-video-preview":"max-video-preview:-1"},"canonical":"https:\/\/www.zurbrueggen.de\/magazin\/zauberhafte-weihnachten\/","og_locale":"de_DE","og_type":"article","og_title":"Adventliche Wohnideen","og_description":"Wenn die Tage k\u00fcrzer werden und der Duft von Zimt und Tannenzweigen in der Luft liegt, beginnt die sch\u00f6nste Zeit des Jahres: die Adventszeit. Jetzt darf das Zuhause funkeln, leuchten und zum Ort der Gem\u00fctlichkeit werden. Ob glanzvolle Deko-Trends, festlich gedeckte Tische beim Adventsbrunch, stimmungsvolle Fenster-Dekoration oder ein einladender Eingangsbereich, jeder Raum bekommt seine ganz eigene, weihnachtliche Note. Lasst euch inspirieren, wie ihr euer Zuhause mit kleinen Details in ein adventliches Winterwunderland verwandelt.","og_url":"https:\/\/www.zurbrueggen.de\/magazin\/zauberhafte-weihnachten\/","og_site_name":"Zurbr\u00fcggen magazin","article_publisher":"https:\/\/facebook.com\/zurbrueggen","article_published_time":"2025-12-03T07:20:36+00:00","og_image":[{"width":1200,"height":675,"url":"https:\/\/www.zurbrueggen.de\/magazin\/wp-content\/uploads\/2025\/11\/magazin-beitragsbild-cta-m-zauberhafte-weihnachten-20251113-105155.jpg","type":"image\/jpeg"}],"author":"Julia Paschen","schema":{"@context":"https:\/\/schema.org","@graph":[{"@type":"Article","@id":"https:\/\/www.zurbrueggen.de\/magazin\/zauberhafte-weihnachten\/#article","isPartOf":{"@id":"https:\/\/www.zurbrueggen.de\/magazin\/zauberhafte-weihnachten\/"},"author":{"name":"Julia Paschen","@id":"https:\/\/www.zurbrueggen.de\/magazin\/#\/schema\/person\/5596ed176b1851c47a00e32190fbd9e8"},"headline":"Zauberhafte Weihnachten","datePublished":"2025-12-03T07:20:36+00:00","mainEntityOfPage":{"@id":"https:\/\/www.zurbrueggen.de\/magazin\/zauberhafte-weihnachten\/"},"wordCount":724,"commentCount":0,"publisher":{"@id":"https:\/\/www.zurbrueggen.de\/magazin\/#organization"},"image":{"@id":"https:\/\/www.zurbrueggen.de\/magazin\/zauberhafte-weihnachten\/#primaryimage"},"thumbnailUrl":"https:\/\/www.zurbrueggen.de\/magazin\/wp-content\/uploads\/2025\/11\/magazin-beitragsbild-cta-m-zauberhafte-weihnachten-20251113-105155.jpg","keywords":["Advent","Dekoration; Deko; Accessoires; Weihnachten; Schm\u00fccken; Dekorieren; Tannenbaum; Christbaum","Einrichtungstrends","M\u00f6bel","Stil","Trend","Wohnaccessoires","Wohnstil","Wohnzimmer"],"articleSection":["trend","Trends &amp; Wissen"],"inLanguage":"de","potentialAction":[{"@type":"CommentAction","name":"Comment","target":["https:\/\/www.zurbrueggen.de\/magazin\/zauberhafte-weihnachten\/#respond"]}]},{"@type":"WebPage","@id":"https:\/\/www.zurbrueggen.de\/magazin\/zauberhafte-weihnachten\/","url":"https:\/\/www.zurbrueggen.de\/magazin\/zauberhafte-weihnachten\/","name":"Adventliche Wohnideen - alles zur Weihnachtszeit!","isPartOf":{"@id":"https:\/\/www.zurbrueggen.de\/magazin\/#website"},"primaryImageOfPage":{"@id":"https:\/\/www.zurbrueggen.de\/magazin\/zauberhafte-weihnachten\/#primaryimage"},"image":{"@id":"https:\/\/www.zurbrueggen.de\/magazin\/zauberhafte-weihnachten\/#primaryimage"},"thumbnailUrl":"https:\/\/www.zurbrueggen.de\/magazin\/wp-content\/uploads\/2025\/11\/magazin-beitragsbild-cta-m-zauberhafte-weihnachten-20251113-105155.jpg","datePublished":"2025-12-03T07:20:36+00:00","description":"Wenn die Tage k\u00fcrzer werden und der Duft von Zimt und Tannenzweigen in der Luft liegt, beginnt die sch\u00f6nste Zeit des Jahres: die Adventszeit.","breadcrumb":{"@id":"https:\/\/www.zurbrueggen.de\/magazin\/zauberhafte-weihnachten\/#breadcrumb"},"inLanguage":"de","potentialAction":[{"@type":"ReadAction","target":["https:\/\/www.zurbrueggen.de\/magazin\/zauberhafte-weihnachten\/"]}]},{"@type":"ImageObject","inLanguage":"de","@id":"https:\/\/www.zurbrueggen.de\/magazin\/zauberhafte-weihnachten\/#primaryimage","url":"https:\/\/www.zurbrueggen.de\/magazin\/wp-content\/uploads\/2025\/11\/magazin-beitragsbild-cta-m-zauberhafte-weihnachten-20251113-105155.jpg","contentUrl":"https:\/\/www.zurbrueggen.de\/magazin\/wp-content\/uploads\/2025\/11\/magazin-beitragsbild-cta-m-zauberhafte-weihnachten-20251113-105155.jpg","width":1200,"height":675},{"@type":"BreadcrumbList","@id":"https:\/\/www.zurbrueggen.de\/magazin\/zauberhafte-weihnachten\/#breadcrumb","itemListElement":[{"@type":"ListItem","position":1,"name":"Startseite","item":"https:\/\/www.zurbrueggen.de\/magazin\/"},{"@type":"ListItem","position":2,"name":"Zauberhafte Weihnachten"}]},{"@type":"WebSite","@id":"https:\/\/www.zurbrueggen.de\/magazin\/#website","url":"https:\/\/www.zurbrueggen.de\/magazin\/","name":"Zurbr\u00fcggen magazin","description":"DESIGN \u2022 STYLE \u2022 LIVING","publisher":{"@id":"https:\/\/www.zurbrueggen.de\/magazin\/#organization"},"potentialAction":[{"@type":"SearchAction","target":{"@type":"EntryPoint","urlTemplate":"https:\/\/www.zurbrueggen.de\/magazin\/?s={search_term_string}"},"query-input":{"@type":"PropertyValueSpecification","valueRequired":true,"valueName":"search_term_string"}}],"inLanguage":"de"},{"@type":"Organization","@id":"https:\/\/www.zurbrueggen.de\/magazin\/#organization","name":"Zurbr\u00fcggen Wohn-Zentrum GmbH","url":"https:\/\/www.zurbrueggen.de\/magazin\/","logo":{"@type":"ImageObject","inLanguage":"de","@id":"https:\/\/www.zurbrueggen.de\/magazin\/#\/schema\/logo\/image\/","url":"https:\/\/www.zurbrueggen.de\/magazin\/wp-content\/uploads\/2016\/07\/logo_zurbrueggen.png","contentUrl":"https:\/\/www.zurbrueggen.de\/magazin\/wp-content\/uploads\/2016\/07\/logo_zurbrueggen.png","width":400,"height":107,"caption":"Zurbr\u00fcggen Wohn-Zentrum GmbH"},"image":{"@id":"https:\/\/www.zurbrueggen.de\/magazin\/#\/schema\/logo\/image\/"},"sameAs":["https:\/\/facebook.com\/zurbrueggen","https:\/\/x.com\/Zurbrueggen"]},{"@type":"Person","@id":"https:\/\/www.zurbrueggen.de\/magazin\/#\/schema\/person\/5596ed176b1851c47a00e32190fbd9e8","name":"Julia Paschen","image":{"@type":"ImageObject","inLanguage":"de","@id":"https:\/\/secure.gravatar.com\/avatar\/000d1f6af0d913dc11958dffa0a2a27e1ec646f1fd674334902659ca07ac9752?s=96&d=mm&r=g","url":"https:\/\/secure.gravatar.com\/avatar\/000d1f6af0d913dc11958dffa0a2a27e1ec646f1fd674334902659ca07ac9752?s=96&d=mm&r=g","contentUrl":"https:\/\/secure.gravatar.com\/avatar\/000d1f6af0d913dc11958dffa0a2a27e1ec646f1fd674334902659ca07ac9752?s=96&d=mm&r=g","caption":"Julia Paschen"},"url":"https:\/\/www.zurbrueggen.de\/magazin\/author\/j_paschen\/"}]}},"_links":{"self":[{"href":"https:\/\/www.zurbrueggen.de\/magazin\/wp-json\/wp\/v2\/posts\/9126","targetHints":{"allow":["GET"]}}],"collection":[{"href":"https:\/\/www.zurbrueggen.de\/magazin\/wp-json\/wp\/v2\/posts"}],"about":[{"href":"https:\/\/www.zurbrueggen.de\/magazin\/wp-json\/wp\/v2\/types\/post"}],"author":[{"embeddable":true,"href":"https:\/\/www.zurbrueggen.de\/magazin\/wp-json\/wp\/v2\/users\/27"}],"replies":[{"embeddable":true,"href":"https:\/\/www.zurbrueggen.de\/magazin\/wp-json\/wp\/v2\/comments?post=9126"}],"version-history":[{"count":10,"href":"https:\/\/www.zurbrueggen.de\/magazin\/wp-json\/wp\/v2\/posts\/9126\/revisions"}],"predecessor-version":[{"id":9152,"href":"https:\/\/www.zurbrueggen.de\/magazin\/wp-json\/wp\/v2\/posts\/9126\/revisions\/9152"}],"wp:featuredmedia":[{"embeddable":true,"href":"https:\/\/www.zurbrueggen.de\/magazin\/wp-json\/wp\/v2\/media\/9127"}],"wp:attachment":[{"href":"https:\/\/www.zurbrueggen.de\/magazin\/wp-json\/wp\/v2\/media?parent=9126"}],"wp:term":[{"taxonomy":"category","embeddable":true,"href":"https:\/\/www.zurbrueggen.de\/magazin\/wp-json\/wp\/v2\/categories?post=9126"},{"taxonomy":"post_tag","embeddable":true,"href":"https:\/\/www.zurbrueggen.de\/magazin\/wp-json\/wp\/v2\/tags?post=9126"}],"curies":[{"name":"wp","href":"https:\/\/api.w.org\/{rel}","templated":true}]}}