{"id":8871,"date":"2025-09-09T15:21:03","date_gmt":"2025-09-09T13:21:03","guid":{"rendered":"https:\/\/www.zurbrueggen.de\/magazin\/?p=8871"},"modified":"2025-09-09T15:21:03","modified_gmt":"2025-09-09T13:21:03","slug":"home-barista-lounge","status":"publish","type":"post","link":"https:\/\/www.zurbrueggen.de\/magazin\/home-barista-lounge\/","title":{"rendered":"Home Barista-Lounge"},"content":{"rendered":"<div class=\"mceTemp\"><\/div>\n<p><span class=\"vorschau\" style=\"font-family: 'Roboto Slab'; font-size: 22px; line-height: 34px; font-weight: 300; margin-top: 40px;\">Wir alle kennen es: Der Wecker rei\u00dft uns aus dem Schlaf, man stolpert halb aus dem Bett, greift im Halbschlaf nach den Klamotten, die irgendwo in Reichweite liegen und versucht, sich irgendwie aufzuraffen. Der erste Gedanke? Meistens: \u201eErstmal einen Kaffee.\u201c F\u00fcr alle Morgenmuffel ein wahres Wunder, um gen\u00fcsslich und wach in den Tag zu starten. Und wenn der Kaffee dann auch noch richtig gut schmeckt, hebt sich die Laune fast wie von selbst. Mit einer kleinen Home Barista-Lounge Zuhause k\u00f6nnt ihr dieses Ritual jederzeit mit echtem Barista-Feeling zelebrieren.<\/span><\/p>\n<p><!--more--><\/p>\n<figure id=\"attachment_8743\" aria-describedby=\"caption-attachment-8743\" style=\"width: 1200px\" class=\"wp-caption aligncenter\"><a href=\"https:\/\/www.zurbrueggen.de\/leonardo-kaffeebecher-solo\/1268858\"><img loading=\"lazy\" decoding=\"async\" class=\"wp-image-8743 size-full\" src=\"https:\/\/www.zurbrueggen.de\/magazin\/wp-content\/uploads\/2025\/09\/magazin-beitragsbild-2-m-home-barista-lounge.jpg\" alt=\"Gem\u00fctlicher Kaffeeklatsch\" width=\"1200\" height=\"675\" \/><\/a><figcaption id=\"caption-attachment-8743\" class=\"wp-caption-text\">Gem\u00fctlicher Kaffeeklatsch<\/figcaption><\/figure>\n<h5 style=\"text-align: left; padding-left: 150px;\"> Zeit f\u00fcr Gem\u00fctlichkeit mit Kaffee-Flair im Herbst <\/h5>\n<p><span class=\"fliesstext\" style=\"font-family: Roboto, sans-serif; font-size: 16px; line-height: 24px; font-weight: 400;\"> Wenn drau\u00dfen der Wind ums Haus fegt und Regentropfen an die Fensterscheiben klopfen, gibt es kaum etwas Sch\u00f6neres, als es sich drinnen mit einer dampfenden<a href=\"https:\/\/www.zurbrueggen.de\/haushalt\/geschirr\/tassen\/\"> Tasse <\/a>Kaffee gem\u00fctlich zu machen. W\u00e4hrend man im Sommer seine genussvollen Momente gerne mit Cocktails und kalten Getr\u00e4nken unter freiem Himmel verbringt, verlagert sich das Wohlf\u00fchlritual im Herbst in die eigenen vier W\u00e4nde. Doch das bedeutet keineswegs Verzicht, ganz im Gegenteil. Jetzt ist die ideale Zeit, eine eigene kleine Barista-Oase zu gestalten. Mit dem passenden Ambiente, einer kuscheligen Atmosph\u00e4re und ein paar einfachen Einrichtungsideen holt ihr euch echtes Caf\u00e9-Feeling nach Hause. Ein herbstlicher R\u00fcckzugsort, der nicht nur dem K\u00f6rper, sondern auch der Seele wohltut. Ob ihr allein entspannen oder mit euren Liebsten einen gem\u00fctlichen Kaffeeklatsch genie\u00dfen wollt \u2013 mit eurer ganz pers\u00f6nlichen Barista-Lounge beginnt der Herbst auf genussvolle Weise. Lasst euch inspirieren, wie ihr diesen Ort gestaltet \u2013 stilvoll, behaglich und ganz nach eurem Geschmack. <\/span><\/p>\n<p>&nbsp;<\/p>\n<figure id=\"attachment_8747\" aria-describedby=\"caption-attachment-8747\" style=\"width: 1200px\" class=\"wp-caption aligncenter\"><a href=\"https:\/\/www.zurbrueggen.de\/z2-esstisch-ace\/1229584\"><img loading=\"lazy\" decoding=\"async\" class=\"wp-image-8747 size-full\" src=\"https:\/\/www.zurbrueggen.de\/magazin\/wp-content\/uploads\/2025\/09\/magazin-beitragsbild-3-m-home-barista-lounge.jpg\" alt=\"\" width=\"1200\" height=\"675\" \/><\/a><figcaption id=\"caption-attachment-8747\" class=\"wp-caption-text\">Perfekt zum Verweilen<\/figcaption><\/figure>\n<h5 style=\"text-align: left; padding-left: 150px;\">Die perfekte Kulisse f\u00fcr euer Kaffee-Ritual<\/h5>\n<p><span class=\"fliesstext\" style=\"font-family: Roboto, sans-serif; font-size: 16px; line-height: 24px; font-weight: 400;\">Um eure Barista-Lounge zu gestalten, braucht es nicht viel \u2013 nur ein bisschen Fantasie und ein gutes Gesp\u00fcr f\u00fcr euer Zuhause. Ob ihr euch f\u00fcr einen einzelnen Raum entscheidet oder <a href=\"https:\/\/www.zurbrueggen.de\/kuechen\/\">K\u00fcche <\/a>und <a href=\"https:\/\/www.zurbrueggen.de\/moebel\/wohnzimmer\/\">Wohnzimmer<\/a> miteinander kombiniert, ist euch \u00fcberlassen. Ideal ist eine gem\u00fctliche Ecke, in der ihr zur Ruhe kommt und in der ihr euer Kaffee-Ritual genie\u00dfen k\u00f6nnt. In der K\u00fcche l\u00e4sst sich die eigentliche<a href=\"https:\/\/www.zurbrueggen.de\/z2-barschrank-shirley\/1397219\"> Bar <\/a>aufbauen, w\u00e4hrend im Wohnzimmer eine einladende Sitzecke mit Regalen f\u00fcr das Caf\u00e9-Ambiente sorgt. F\u00fcr eure Barista-Bar-Ecke k\u00f6nnt ihr offene Wandregale nutzen \u2013 besonders sch\u00f6n wirken sie in warmen Holzt\u00f6nen oder hellem skandinavischem Stil. Diese Regale bieten Platz f\u00fcr Dekorationsm\u00f6glichkeiten aus<a href=\"https:\/\/www.zurbrueggen.de\/haushalt\/geschirr\/tassen\/\"> Tassen<\/a>, Kaffeebohnen, <a href=\"https:\/\/www.zurbrueggen.de\/deko-textil\/dekoration\/vasen\/\">Vasen<\/a>, <a href=\"https:\/\/www.zurbrueggen.de\/deko-textil\/dekoration\/weihnachten\/lichterketten-leuchtobjekte\/\">LED-Kerzen<\/a> oder <a href=\"https:\/\/www.zurbrueggen.de\/deko-textil\/dekoration\/windlichter-kerzenstaender\/kerzenstaender-halter\/\">Kerzenst\u00e4ndern<\/a>. Licht spielt dabei eine zentrale Rolle:<a href=\"https:\/\/www.zurbrueggen.de\/deko-textil\/dekoration\/windlichter-kerzenstaender\/kerzen\/\"> Kerzen<\/a> oder <a href=\"https:\/\/www.zurbrueggen.de\/deko-textil\/dekoration\/weihnachten\/lichterketten-leuchtobjekte\/\">Lichterketten <\/a>schaffen eine behagliche Stimmung an grauen Tagen. Auch farbenfrohe Lampen in Orange oder Kupfer sorgen f\u00fcr wohnliche Akzente. Wer es noch individueller mag, streicht den Wandbereich hinter der Bar in einer sanften Farbe. Beige, Sand oder Buttergelb verleihen Ruhe, w\u00e4hrend Rosa oder T\u00fcrkis Frische an die Wand bringen. <\/span><\/p>\n<p>&nbsp;<\/p>\n<figure id=\"attachment_8749\" aria-describedby=\"caption-attachment-8749\" style=\"width: 1200px\" class=\"wp-caption aligncenter\"><a href=\"https:\/\/www.zurbrueggen.de\/stelton-isolierkanne\/1439678\"><img loading=\"lazy\" decoding=\"async\" class=\"wp-image-8749 size-full\" src=\"https:\/\/www.zurbrueggen.de\/magazin\/wp-content\/uploads\/2025\/09\/magazin-beitragsbild-4-m-home-barista-lounge.jpg\" alt=\"\" width=\"1200\" height=\"675\" \/><\/a><figcaption id=\"caption-attachment-8749\" class=\"wp-caption-text\">F\u00fcr echtes Caf\u00e9-Flair<\/figcaption><\/figure>\n<h5 style=\"text-align: left; padding-left: 150px;\">Barista-Bar: funktional und stilvoll zugleich<\/h5>\n<p><span class=\"fliesstext\" style=\"font-family: Roboto, sans-serif; font-size: 16px; line-height: 24px; font-weight: 400;\"> Der Hauptteil eurer Barista-Lounge ist die eigentliche Kaffeestation. Direkt unter <a href=\"https:\/\/www.zurbrueggen.de\/moebel\/wohnzimmer\/regale\/wandregale\/\">Wandregalen<\/a> k\u00f6nnt ihr eine kleine <a href=\"https:\/\/www.zurbrueggen.de\/z2-barschrank-shirley\/1403965\">Bar<\/a>, ein offenes<a href=\"https:\/\/www.zurbrueggen.de\/xora-regal-halbhoch-rocky\/1361660\"> Regal<\/a> oder eine <a href=\"https:\/\/www.zurbrueggen.de\/xora-kommode-yamael\/1333101\">Kommode <\/a>platzieren \u2013 je nachdem, wie viel Platz euch zur Verf\u00fcgung steht. Hier kommt eure Barista- oder <a href=\"https:\/\/www.zurbrueggen.de\/search?search=Kaffeemaschine\">Kaffeemaschine<\/a> besonders gut zur Geltung. In den Schubladen und F\u00e4chern lassen sich s\u00e4mtliche Utensilien praktisch und gleichzeitig dekorativ verstauen: <a href=\"https:\/\/www.zurbrueggen.de\/ritzenhoff-breker-dosen-3er-set-vio\/1352499\">Kaffeebohnen-Dosen<\/a>,<a href=\"https:\/\/www.zurbrueggen.de\/wenko-bambus-box-terra\/1186953\"> Aufbewahrungsboxen<\/a>, <a href=\"https:\/\/www.zurbrueggen.de\/wmf-kaffeebecherloeffel-6-tlg.-nuova\/0987639\">L\u00f6ffel<\/a>, <a href=\"https:\/\/www.zurbrueggen.de\/moritz-moritz-barista-roma-thermo-cappuccino-glaeser-6tlg.\/1356434\">Thermo-Gl\u00e4ser<\/a>, <a href=\"https:\/\/www.zurbrueggen.de\/leonardo-korkenuntersetzer-4er-set\/1410287\">Untersetzer<\/a>, S\u00fc\u00dfungsmittel oder auch ein <a href=\"https:\/\/www.zurbrueggen.de\/cilio-milchaufschaeumer-esperto\/1391394\">Milchaufsch\u00e4umer<\/a> finden hier ihren Platz. Wer mag, kann Milch und S\u00fc\u00dfungsmittel allerdings auch auf einer h\u00fcbschen <a href=\"https:\/\/www.zurbrueggen.de\/magazin\/gartenfreuden\/\">Servierplatte <\/a>arrangieren \u2013 das sorgt f\u00fcr echtes Caf\u00e9-Flair. Glasdosen mit Deckel oder minimalistische Beh\u00e4lter helfen, Ordnung und Stil zu kombinieren. Die Bar wird so zum Herzst\u00fcck eurer kleinen Genuss-Oase: durchdacht, aufger\u00e4umt und ganz auf euren Geschmack zugeschnitten. Auch farblich k\u00f6nnt ihr hier Akzente setzen \u2013 entweder Ton-in-Ton mit dem restlichen Raum oder bewusst kontrastreich durch verschiedene Farben. <\/span><\/p>\n<p>&nbsp;<\/p>\n<p>&nbsp;<\/p>\n<figure id=\"attachment_8750\" aria-describedby=\"caption-attachment-8750\" style=\"width: 1200px\" class=\"wp-caption aligncenter\"><a href=\"https:\/\/www.zurbrueggen.de\/zwilling-latte-macchiato-glasset-2-tlg.-sorrento\/1300533\"><img loading=\"lazy\" decoding=\"async\" class=\"wp-image-8750 size-full\" src=\"https:\/\/www.zurbrueggen.de\/magazin\/wp-content\/uploads\/2025\/09\/magazin-beitragsbild-5-m-home-barista-lounge.jpg\" alt=\"\" width=\"1200\" height=\"675\" \/><\/a><figcaption id=\"caption-attachment-8750\" class=\"wp-caption-text\">Barista-Style f\u00fcr Zuhause<\/figcaption><\/figure>\n<h5 style=\"text-align: left; padding-left: 150px;\">Vollendeter Genuss: Sitzbereich &#038; die Kunst des Servierens<\/h5>\n<p><span class=\"fliesstext\" style=\"font-family: Roboto, sans-serif; font-size: 16px; line-height: 24px; font-weight: 400;\"> Aber was w\u00e4re eine perfekte Tasse Kaffee ohne den passenden Ort zum Genie\u00dfen? Daf\u00fcr k\u00f6nnt ihr ganz einfach eine gem\u00fctliche Sitzecke einrichten, die zum Verweilen einl\u00e4dt. Idealerweise f\u00fcr zwei bis drei Personen. Kleinere <a href=\"https:\/\/www.zurbrueggen.de\/z2-esstisch-kristo\/1398137\">Caf\u00e9-Tische<\/a>, ob rund oder eckig, schaffen eine behagliche Atmosph\u00e4re. Weiche <a href=\"https:\/\/www.zurbrueggen.de\/apelt-kissenhuelle-tiago\/1298146\">Kissen<\/a>, flauschige Plaids oder <a href=\"https:\/\/www.zurbrueggen.de\/zurbrueggen-schaffell-ca.-85cm\/1189568\">Fellauflagen <\/a>sorgen auf euren <a href=\"https:\/\/www.zurbrueggen.de\/linea-natura-armlehnstuhl-pisa\/1374277\">St\u00fchlen<\/a> f\u00fcr extra Komfort. Achtet darauf, dass Farben, Textilien und Materialien aufeinander abgestimmt sind, wenn ihr ein harmonisches Gesamtbild erzeugen wollt. Eine Tischdecke in Naturt\u00f6nen, Platzsets aus Leinen und eine schlichte <a href=\"https:\/\/www.zurbrueggen.de\/decoris-vase\/1423875\">Vase <\/a>mit Trockenblumen runden die Dekoration stilvoll ab. Und dann kommt der wichtigste Teil: <a href=\"https:\/\/www.zurbrueggen.de\/haushalt\/geschirr\/tassen\/\">Tassen<\/a> und <a href=\"https:\/\/www.zurbrueggen.de\/haushalt\/kaffee-tee\/\">Kaffeegl\u00e4ser<\/a>. Von <a href=\"https:\/\/www.zurbrueggen.de\/blomus-2er-set-espressotassen-mio\/1182032\">Espresso<\/a> bis <a href=\"https:\/\/www.zurbrueggen.de\/cilio-latte-macchiato-2er-set-verona\/1303099\">Latte Macchiato<\/a> \u2013 f\u00fcr jede Variante lohnt sich das passende Gef\u00e4\u00df. Davon habt ihr am besten von jeder Sorte mehrere auf Vorrat. Milchaufsch\u00e4umer,<a href=\"https:\/\/www.zurbrueggen.de\/blomus-milchkaennchen-280ml-pilar\/1270305\"> Milchk\u00e4nnchen<\/a> oder Sirups in Geschmacksrichtungen wie Karamell oder Haselnuss sorgen dann noch f\u00fcr den Rest des Barista-Feelings. Noch ein St\u00fcck Kuchen oder feines Geb\u00e4ck und eure Lounge wird zur kleinen Kaffeewelt zum Wohlf\u00fchlen. Wir w\u00fcnschen euch eine genussvolle Herbstzeit! <\/span><\/p>\n<p>&nbsp;<\/p>\n<p>&nbsp;<\/p>\n<p><a href=\"https:\/\/www.zurbrueggen.de\/home-barista-lounge\"><img loading=\"lazy\" decoding=\"async\" class=\"aligncenter wp-image-8751 size-full\" src=\"https:\/\/www.zurbrueggen.de\/magazin\/wp-content\/uploads\/2025\/09\/magazin-footer-mobil-home-barista-lounge_neu-20250904-122607.jpg\" alt=\"\" width=\"750\" height=\"320\" \/><\/a><\/p>\n","protected":false},"excerpt":{"rendered":"<p>Wir alle kennen es: Der Wecker rei\u00dft uns aus dem Schlaf, man stolpert halb aus dem Bett, greift im Halbschlaf nach den Klamotten, die irgendwo in Reichweite liegen und versucht, sich irgendwie aufzuraffen. Der erste Gedanke? Meistens: \u201eErstmal einen Kaffee.\u201c F\u00fcr alle Morgenmuffel ein wahres Wunder, um gen\u00fcsslich und wach in den Tag zu starten. [&hellip;]<\/p>\n","protected":false},"author":27,"featured_media":8993,"comment_status":"open","ping_status":"open","sticky":false,"template":"","format":"standard","meta":{"_acf_changed":false,"footnotes":""},"categories":[32,45,27],"tags":[1367,1368,1188,1171,1366,1369,1133,1190,1114,1187,1276,1291,1145],"class_list":["post-8871","post","type-post","status-publish","format-standard","has-post-thumbnail","hentry","category-trend","category-trend-einrichtung","category-trends-und-wissen","tag-barista","tag-coffee","tag-dekoration","tag-einrichtungstrends","tag-home-barista-lounge","tag-kaffee","tag-kueche","tag-moebel","tag-stil","tag-trend","tag-wohnaccessoires","tag-wohnstil","tag-wohnzimmer"],"acf":[],"yoast_head":"<!-- This site is optimized with the Yoast SEO plugin v27.4 - https:\/\/yoast.com\/product\/yoast-seo-wordpress\/ -->\n<title>Home Barista - Lounge - Genussvoller Herbst<\/title>\n<meta name=\"description\" content=\"Morgens geht nichts ohne Kaffee \u2013 das Ritual, das uns wach macht und Laune gibt. Mit der Home Barista-Lounge wird daraus Genuss mit Barista-Feeling.\" \/>\n<meta name=\"robots\" content=\"index, follow, max-snippet:-1, max-image-preview:large, max-video-preview:-1\" \/>\n<link rel=\"canonical\" href=\"https:\/\/www.zurbrueggen.de\/magazin\/home-barista-lounge\/\" \/>\n<meta property=\"og:locale\" content=\"de_DE\" \/>\n<meta property=\"og:type\" content=\"article\" \/>\n<meta property=\"og:title\" content=\"Home Barista-Lounge - Genussvoller Herbst\" \/>\n<meta property=\"og:description\" content=\"Wir alle kennen es: Der Wecker rei\u00dft uns aus dem Schlaf, man stolpert halb aus dem Bett, greift im Halbschlaf nach den Klamotten, die irgendwo in Reichweite liegen und versucht, sich irgendwie aufzuraffen. Der erste Gedanke? Meistens: \u201eErstmal einen Kaffee.\u201c F\u00fcr alle Morgenmuffel ein wahres Wunder, um gen\u00fcsslich und wach in den Tag zu starten. Und wenn der Kaffee dann auch noch richtig gut schmeckt, hebt sich die Laune fast wie von selbst. In unserem Beitrag zeigen wir euch, wie ihr nicht nur morgens eine richtig leckere Tasse Kaffee genie\u00dfen k\u00f6nnt, sondern dieses kleine Ritual mit echtem Barista-Feeling zelebriert\" \/>\n<meta property=\"og:url\" content=\"https:\/\/www.zurbrueggen.de\/magazin\/home-barista-lounge\/\" \/>\n<meta property=\"og:site_name\" content=\"Zurbr\u00fcggen magazin\" \/>\n<meta property=\"article:publisher\" content=\"https:\/\/facebook.com\/zurbrueggen\" \/>\n<meta property=\"article:published_time\" content=\"2025-09-09T13:21:03+00:00\" \/>\n<meta property=\"og:image\" content=\"https:\/\/www.zurbrueggen.de\/magazin\/wp-content\/uploads\/2025\/08\/magazin-beitragsbild-cta-m-home-barista-lounge.jpg\" \/>\n\t<meta property=\"og:image:width\" content=\"1200\" \/>\n\t<meta property=\"og:image:height\" content=\"675\" \/>\n\t<meta property=\"og:image:type\" content=\"image\/jpeg\" \/>\n<meta name=\"author\" content=\"Julia Paschen\" \/>\n<script type=\"application\/ld+json\" class=\"yoast-schema-graph\">{\"@context\":\"https:\\\/\\\/schema.org\",\"@graph\":[{\"@type\":\"Article\",\"@id\":\"https:\\\/\\\/www.zurbrueggen.de\\\/magazin\\\/home-barista-lounge\\\/#article\",\"isPartOf\":{\"@id\":\"https:\\\/\\\/www.zurbrueggen.de\\\/magazin\\\/home-barista-lounge\\\/\"},\"author\":{\"name\":\"Julia Paschen\",\"@id\":\"https:\\\/\\\/www.zurbrueggen.de\\\/magazin\\\/#\\\/schema\\\/person\\\/5596ed176b1851c47a00e32190fbd9e8\"},\"headline\":\"Home Barista-Lounge\",\"datePublished\":\"2025-09-09T13:21:03+00:00\",\"mainEntityOfPage\":{\"@id\":\"https:\\\/\\\/www.zurbrueggen.de\\\/magazin\\\/home-barista-lounge\\\/\"},\"wordCount\":857,\"commentCount\":0,\"publisher\":{\"@id\":\"https:\\\/\\\/www.zurbrueggen.de\\\/magazin\\\/#organization\"},\"image\":{\"@id\":\"https:\\\/\\\/www.zurbrueggen.de\\\/magazin\\\/home-barista-lounge\\\/#primaryimage\"},\"thumbnailUrl\":\"https:\\\/\\\/www.zurbrueggen.de\\\/magazin\\\/wp-content\\\/uploads\\\/2025\\\/08\\\/magazin-beitragsbild-cta-m-home-barista-lounge.jpg\",\"keywords\":[\"Barista\",\"Coffee\",\"Dekoration\",\"Einrichtungstrends\",\"Home Barista Lounge\",\"Kaffee\",\"K\u00fcche\",\"M\u00f6bel\",\"Stil\",\"Trend\",\"Wohnaccessoires\",\"Wohnstil\",\"Wohnzimmer\"],\"articleSection\":[\"trend\",\"trend\",\"Trends &amp; Wissen\"],\"inLanguage\":\"de\",\"potentialAction\":[{\"@type\":\"CommentAction\",\"name\":\"Comment\",\"target\":[\"https:\\\/\\\/www.zurbrueggen.de\\\/magazin\\\/home-barista-lounge\\\/#respond\"]}]},{\"@type\":\"WebPage\",\"@id\":\"https:\\\/\\\/www.zurbrueggen.de\\\/magazin\\\/home-barista-lounge\\\/\",\"url\":\"https:\\\/\\\/www.zurbrueggen.de\\\/magazin\\\/home-barista-lounge\\\/\",\"name\":\"Home Barista - Lounge - Genussvoller Herbst\",\"isPartOf\":{\"@id\":\"https:\\\/\\\/www.zurbrueggen.de\\\/magazin\\\/#website\"},\"primaryImageOfPage\":{\"@id\":\"https:\\\/\\\/www.zurbrueggen.de\\\/magazin\\\/home-barista-lounge\\\/#primaryimage\"},\"image\":{\"@id\":\"https:\\\/\\\/www.zurbrueggen.de\\\/magazin\\\/home-barista-lounge\\\/#primaryimage\"},\"thumbnailUrl\":\"https:\\\/\\\/www.zurbrueggen.de\\\/magazin\\\/wp-content\\\/uploads\\\/2025\\\/08\\\/magazin-beitragsbild-cta-m-home-barista-lounge.jpg\",\"datePublished\":\"2025-09-09T13:21:03+00:00\",\"description\":\"Morgens geht nichts ohne Kaffee \u2013 das Ritual, das uns wach macht und Laune gibt. Mit der Home Barista-Lounge wird daraus Genuss mit Barista-Feeling.\",\"breadcrumb\":{\"@id\":\"https:\\\/\\\/www.zurbrueggen.de\\\/magazin\\\/home-barista-lounge\\\/#breadcrumb\"},\"inLanguage\":\"de\",\"potentialAction\":[{\"@type\":\"ReadAction\",\"target\":[\"https:\\\/\\\/www.zurbrueggen.de\\\/magazin\\\/home-barista-lounge\\\/\"]}]},{\"@type\":\"ImageObject\",\"inLanguage\":\"de\",\"@id\":\"https:\\\/\\\/www.zurbrueggen.de\\\/magazin\\\/home-barista-lounge\\\/#primaryimage\",\"url\":\"https:\\\/\\\/www.zurbrueggen.de\\\/magazin\\\/wp-content\\\/uploads\\\/2025\\\/08\\\/magazin-beitragsbild-cta-m-home-barista-lounge.jpg\",\"contentUrl\":\"https:\\\/\\\/www.zurbrueggen.de\\\/magazin\\\/wp-content\\\/uploads\\\/2025\\\/08\\\/magazin-beitragsbild-cta-m-home-barista-lounge.jpg\",\"width\":1200,\"height\":675},{\"@type\":\"BreadcrumbList\",\"@id\":\"https:\\\/\\\/www.zurbrueggen.de\\\/magazin\\\/home-barista-lounge\\\/#breadcrumb\",\"itemListElement\":[{\"@type\":\"ListItem\",\"position\":1,\"name\":\"Startseite\",\"item\":\"https:\\\/\\\/www.zurbrueggen.de\\\/magazin\\\/\"},{\"@type\":\"ListItem\",\"position\":2,\"name\":\"Home Barista-Lounge\"}]},{\"@type\":\"WebSite\",\"@id\":\"https:\\\/\\\/www.zurbrueggen.de\\\/magazin\\\/#website\",\"url\":\"https:\\\/\\\/www.zurbrueggen.de\\\/magazin\\\/\",\"name\":\"Zurbr\u00fcggen magazin\",\"description\":\"DESIGN \u2022 STYLE \u2022 LIVING\",\"publisher\":{\"@id\":\"https:\\\/\\\/www.zurbrueggen.de\\\/magazin\\\/#organization\"},\"potentialAction\":[{\"@type\":\"SearchAction\",\"target\":{\"@type\":\"EntryPoint\",\"urlTemplate\":\"https:\\\/\\\/www.zurbrueggen.de\\\/magazin\\\/?s={search_term_string}\"},\"query-input\":{\"@type\":\"PropertyValueSpecification\",\"valueRequired\":true,\"valueName\":\"search_term_string\"}}],\"inLanguage\":\"de\"},{\"@type\":\"Organization\",\"@id\":\"https:\\\/\\\/www.zurbrueggen.de\\\/magazin\\\/#organization\",\"name\":\"Zurbr\u00fcggen Wohn-Zentrum GmbH\",\"url\":\"https:\\\/\\\/www.zurbrueggen.de\\\/magazin\\\/\",\"logo\":{\"@type\":\"ImageObject\",\"inLanguage\":\"de\",\"@id\":\"https:\\\/\\\/www.zurbrueggen.de\\\/magazin\\\/#\\\/schema\\\/logo\\\/image\\\/\",\"url\":\"https:\\\/\\\/www.zurbrueggen.de\\\/magazin\\\/wp-content\\\/uploads\\\/2016\\\/07\\\/logo_zurbrueggen.png\",\"contentUrl\":\"https:\\\/\\\/www.zurbrueggen.de\\\/magazin\\\/wp-content\\\/uploads\\\/2016\\\/07\\\/logo_zurbrueggen.png\",\"width\":400,\"height\":107,\"caption\":\"Zurbr\u00fcggen Wohn-Zentrum GmbH\"},\"image\":{\"@id\":\"https:\\\/\\\/www.zurbrueggen.de\\\/magazin\\\/#\\\/schema\\\/logo\\\/image\\\/\"},\"sameAs\":[\"https:\\\/\\\/facebook.com\\\/zurbrueggen\",\"https:\\\/\\\/x.com\\\/Zurbrueggen\"]},{\"@type\":\"Person\",\"@id\":\"https:\\\/\\\/www.zurbrueggen.de\\\/magazin\\\/#\\\/schema\\\/person\\\/5596ed176b1851c47a00e32190fbd9e8\",\"name\":\"Julia Paschen\",\"image\":{\"@type\":\"ImageObject\",\"inLanguage\":\"de\",\"@id\":\"https:\\\/\\\/secure.gravatar.com\\\/avatar\\\/000d1f6af0d913dc11958dffa0a2a27e1ec646f1fd674334902659ca07ac9752?s=96&d=mm&r=g\",\"url\":\"https:\\\/\\\/secure.gravatar.com\\\/avatar\\\/000d1f6af0d913dc11958dffa0a2a27e1ec646f1fd674334902659ca07ac9752?s=96&d=mm&r=g\",\"contentUrl\":\"https:\\\/\\\/secure.gravatar.com\\\/avatar\\\/000d1f6af0d913dc11958dffa0a2a27e1ec646f1fd674334902659ca07ac9752?s=96&d=mm&r=g\",\"caption\":\"Julia Paschen\"},\"url\":\"https:\\\/\\\/www.zurbrueggen.de\\\/magazin\\\/author\\\/j_paschen\\\/\"}]}<\/script>\n<!-- \/ Yoast SEO plugin. -->","yoast_head_json":{"title":"Home Barista - Lounge - Genussvoller Herbst","description":"Morgens geht nichts ohne Kaffee \u2013 das Ritual, das uns wach macht und Laune gibt. Mit der Home Barista-Lounge wird daraus Genuss mit Barista-Feeling.","robots":{"index":"index","follow":"follow","max-snippet":"max-snippet:-1","max-image-preview":"max-image-preview:large","max-video-preview":"max-video-preview:-1"},"canonical":"https:\/\/www.zurbrueggen.de\/magazin\/home-barista-lounge\/","og_locale":"de_DE","og_type":"article","og_title":"Home Barista-Lounge - Genussvoller Herbst","og_description":"Wir alle kennen es: Der Wecker rei\u00dft uns aus dem Schlaf, man stolpert halb aus dem Bett, greift im Halbschlaf nach den Klamotten, die irgendwo in Reichweite liegen und versucht, sich irgendwie aufzuraffen. Der erste Gedanke? Meistens: \u201eErstmal einen Kaffee.\u201c F\u00fcr alle Morgenmuffel ein wahres Wunder, um gen\u00fcsslich und wach in den Tag zu starten. Und wenn der Kaffee dann auch noch richtig gut schmeckt, hebt sich die Laune fast wie von selbst. In unserem Beitrag zeigen wir euch, wie ihr nicht nur morgens eine richtig leckere Tasse Kaffee genie\u00dfen k\u00f6nnt, sondern dieses kleine Ritual mit echtem Barista-Feeling zelebriert","og_url":"https:\/\/www.zurbrueggen.de\/magazin\/home-barista-lounge\/","og_site_name":"Zurbr\u00fcggen magazin","article_publisher":"https:\/\/facebook.com\/zurbrueggen","article_published_time":"2025-09-09T13:21:03+00:00","og_image":[{"width":1200,"height":675,"url":"https:\/\/www.zurbrueggen.de\/magazin\/wp-content\/uploads\/2025\/08\/magazin-beitragsbild-cta-m-home-barista-lounge.jpg","type":"image\/jpeg"}],"author":"Julia Paschen","schema":{"@context":"https:\/\/schema.org","@graph":[{"@type":"Article","@id":"https:\/\/www.zurbrueggen.de\/magazin\/home-barista-lounge\/#article","isPartOf":{"@id":"https:\/\/www.zurbrueggen.de\/magazin\/home-barista-lounge\/"},"author":{"name":"Julia Paschen","@id":"https:\/\/www.zurbrueggen.de\/magazin\/#\/schema\/person\/5596ed176b1851c47a00e32190fbd9e8"},"headline":"Home Barista-Lounge","datePublished":"2025-09-09T13:21:03+00:00","mainEntityOfPage":{"@id":"https:\/\/www.zurbrueggen.de\/magazin\/home-barista-lounge\/"},"wordCount":857,"commentCount":0,"publisher":{"@id":"https:\/\/www.zurbrueggen.de\/magazin\/#organization"},"image":{"@id":"https:\/\/www.zurbrueggen.de\/magazin\/home-barista-lounge\/#primaryimage"},"thumbnailUrl":"https:\/\/www.zurbrueggen.de\/magazin\/wp-content\/uploads\/2025\/08\/magazin-beitragsbild-cta-m-home-barista-lounge.jpg","keywords":["Barista","Coffee","Dekoration","Einrichtungstrends","Home Barista Lounge","Kaffee","K\u00fcche","M\u00f6bel","Stil","Trend","Wohnaccessoires","Wohnstil","Wohnzimmer"],"articleSection":["trend","trend","Trends &amp; Wissen"],"inLanguage":"de","potentialAction":[{"@type":"CommentAction","name":"Comment","target":["https:\/\/www.zurbrueggen.de\/magazin\/home-barista-lounge\/#respond"]}]},{"@type":"WebPage","@id":"https:\/\/www.zurbrueggen.de\/magazin\/home-barista-lounge\/","url":"https:\/\/www.zurbrueggen.de\/magazin\/home-barista-lounge\/","name":"Home Barista - Lounge - Genussvoller Herbst","isPartOf":{"@id":"https:\/\/www.zurbrueggen.de\/magazin\/#website"},"primaryImageOfPage":{"@id":"https:\/\/www.zurbrueggen.de\/magazin\/home-barista-lounge\/#primaryimage"},"image":{"@id":"https:\/\/www.zurbrueggen.de\/magazin\/home-barista-lounge\/#primaryimage"},"thumbnailUrl":"https:\/\/www.zurbrueggen.de\/magazin\/wp-content\/uploads\/2025\/08\/magazin-beitragsbild-cta-m-home-barista-lounge.jpg","datePublished":"2025-09-09T13:21:03+00:00","description":"Morgens geht nichts ohne Kaffee \u2013 das Ritual, das uns wach macht und Laune gibt. Mit der Home Barista-Lounge wird daraus Genuss mit Barista-Feeling.","breadcrumb":{"@id":"https:\/\/www.zurbrueggen.de\/magazin\/home-barista-lounge\/#breadcrumb"},"inLanguage":"de","potentialAction":[{"@type":"ReadAction","target":["https:\/\/www.zurbrueggen.de\/magazin\/home-barista-lounge\/"]}]},{"@type":"ImageObject","inLanguage":"de","@id":"https:\/\/www.zurbrueggen.de\/magazin\/home-barista-lounge\/#primaryimage","url":"https:\/\/www.zurbrueggen.de\/magazin\/wp-content\/uploads\/2025\/08\/magazin-beitragsbild-cta-m-home-barista-lounge.jpg","contentUrl":"https:\/\/www.zurbrueggen.de\/magazin\/wp-content\/uploads\/2025\/08\/magazin-beitragsbild-cta-m-home-barista-lounge.jpg","width":1200,"height":675},{"@type":"BreadcrumbList","@id":"https:\/\/www.zurbrueggen.de\/magazin\/home-barista-lounge\/#breadcrumb","itemListElement":[{"@type":"ListItem","position":1,"name":"Startseite","item":"https:\/\/www.zurbrueggen.de\/magazin\/"},{"@type":"ListItem","position":2,"name":"Home Barista-Lounge"}]},{"@type":"WebSite","@id":"https:\/\/www.zurbrueggen.de\/magazin\/#website","url":"https:\/\/www.zurbrueggen.de\/magazin\/","name":"Zurbr\u00fcggen magazin","description":"DESIGN \u2022 STYLE \u2022 LIVING","publisher":{"@id":"https:\/\/www.zurbrueggen.de\/magazin\/#organization"},"potentialAction":[{"@type":"SearchAction","target":{"@type":"EntryPoint","urlTemplate":"https:\/\/www.zurbrueggen.de\/magazin\/?s={search_term_string}"},"query-input":{"@type":"PropertyValueSpecification","valueRequired":true,"valueName":"search_term_string"}}],"inLanguage":"de"},{"@type":"Organization","@id":"https:\/\/www.zurbrueggen.de\/magazin\/#organization","name":"Zurbr\u00fcggen Wohn-Zentrum GmbH","url":"https:\/\/www.zurbrueggen.de\/magazin\/","logo":{"@type":"ImageObject","inLanguage":"de","@id":"https:\/\/www.zurbrueggen.de\/magazin\/#\/schema\/logo\/image\/","url":"https:\/\/www.zurbrueggen.de\/magazin\/wp-content\/uploads\/2016\/07\/logo_zurbrueggen.png","contentUrl":"https:\/\/www.zurbrueggen.de\/magazin\/wp-content\/uploads\/2016\/07\/logo_zurbrueggen.png","width":400,"height":107,"caption":"Zurbr\u00fcggen Wohn-Zentrum GmbH"},"image":{"@id":"https:\/\/www.zurbrueggen.de\/magazin\/#\/schema\/logo\/image\/"},"sameAs":["https:\/\/facebook.com\/zurbrueggen","https:\/\/x.com\/Zurbrueggen"]},{"@type":"Person","@id":"https:\/\/www.zurbrueggen.de\/magazin\/#\/schema\/person\/5596ed176b1851c47a00e32190fbd9e8","name":"Julia Paschen","image":{"@type":"ImageObject","inLanguage":"de","@id":"https:\/\/secure.gravatar.com\/avatar\/000d1f6af0d913dc11958dffa0a2a27e1ec646f1fd674334902659ca07ac9752?s=96&d=mm&r=g","url":"https:\/\/secure.gravatar.com\/avatar\/000d1f6af0d913dc11958dffa0a2a27e1ec646f1fd674334902659ca07ac9752?s=96&d=mm&r=g","contentUrl":"https:\/\/secure.gravatar.com\/avatar\/000d1f6af0d913dc11958dffa0a2a27e1ec646f1fd674334902659ca07ac9752?s=96&d=mm&r=g","caption":"Julia Paschen"},"url":"https:\/\/www.zurbrueggen.de\/magazin\/author\/j_paschen\/"}]}},"_links":{"self":[{"href":"https:\/\/www.zurbrueggen.de\/magazin\/wp-json\/wp\/v2\/posts\/8871","targetHints":{"allow":["GET"]}}],"collection":[{"href":"https:\/\/www.zurbrueggen.de\/magazin\/wp-json\/wp\/v2\/posts"}],"about":[{"href":"https:\/\/www.zurbrueggen.de\/magazin\/wp-json\/wp\/v2\/types\/post"}],"author":[{"embeddable":true,"href":"https:\/\/www.zurbrueggen.de\/magazin\/wp-json\/wp\/v2\/users\/27"}],"replies":[{"embeddable":true,"href":"https:\/\/www.zurbrueggen.de\/magazin\/wp-json\/wp\/v2\/comments?post=8871"}],"version-history":[{"count":15,"href":"https:\/\/www.zurbrueggen.de\/magazin\/wp-json\/wp\/v2\/posts\/8871\/revisions"}],"predecessor-version":[{"id":9014,"href":"https:\/\/www.zurbrueggen.de\/magazin\/wp-json\/wp\/v2\/posts\/8871\/revisions\/9014"}],"wp:featuredmedia":[{"embeddable":true,"href":"https:\/\/www.zurbrueggen.de\/magazin\/wp-json\/wp\/v2\/media\/8993"}],"wp:attachment":[{"href":"https:\/\/www.zurbrueggen.de\/magazin\/wp-json\/wp\/v2\/media?parent=8871"}],"wp:term":[{"taxonomy":"category","embeddable":true,"href":"https:\/\/www.zurbrueggen.de\/magazin\/wp-json\/wp\/v2\/categories?post=8871"},{"taxonomy":"post_tag","embeddable":true,"href":"https:\/\/www.zurbrueggen.de\/magazin\/wp-json\/wp\/v2\/tags?post=8871"}],"curies":[{"name":"wp","href":"https:\/\/api.w.org\/{rel}","templated":true}]}}