{"id":8600,"date":"2025-03-12T10:03:49","date_gmt":"2025-03-12T09:03:49","guid":{"rendered":"https:\/\/www.zurbrueggen.de\/magazin\/?p=8600"},"modified":"2025-03-12T10:03:49","modified_gmt":"2025-03-12T09:03:49","slug":"farbenfroher-fruehling","status":"publish","type":"post","link":"https:\/\/www.zurbrueggen.de\/magazin\/farbenfroher-fruehling\/","title":{"rendered":"Farbenfroher Fr\u00fchling"},"content":{"rendered":"<div class=\"mceTemp\"><\/div>\n<p><span class=\"vorschau\" style=\"font-family: 'Roboto Slab'; font-size: 22px; line-height: 34px; font-weight: 300; margin-top: 40px;\"> Der Fr\u00fchling steht kurz bevor! Mit seinen klaren und hellen T\u00f6nen bringt er eine erfrischende Abwechslung zu den dunklen Herbst- und Wintermonaten. Zeit, um euer Zuhause passend zur Jahreszeit in fr\u00fchlingshaften Glanz zu tauchen. Lasst euch inspirieren und nutzt die Gelegenheit, um mit lebendigen Farben und frischen Akzenten eine fr\u00f6hliche und einladende Atmosph\u00e4re zu schaffen. <\/span><\/p>\n<p><!--more--><\/p>\n<figure id=\"attachment_7292\" aria-describedby=\"caption-attachment-7292\" style=\"width: 1200px\" class=\"wp-caption aligncenter\"><a href=\"https:\/\/www.zurbrueggen.de\/spruegel-kissenhuelle-bella-leaves\/1381880\"><img loading=\"lazy\" decoding=\"async\" class=\"size-full wp-image-7292\" src=\"https:\/\/www.zurbrueggen.de\/magazin\/wp-content\/uploads\/2025\/02\/magazin-beitragsbild-2-m-farbenfroher-fruehling-20250218-162540.jpg\" alt=\"\" width=\"1200\" height=\"675\" \/><\/a><figcaption id=\"caption-attachment-7292\" class=\"wp-caption-text\">F\u00fcr ein lebendiges Zuhause<\/figcaption><\/figure>\n<h5 style=\"text-align: left; padding-left: 150px;\">Wintergrau ad\u00e9!<\/h5>\n<p><span class=\"fliesstext\" style=\"font-family: Roboto, sans-serif; font-size: 16px; line-height: 24px; font-weight: 400;\"> Ein tr\u00fcber Blick nach drau\u00dfen verr\u00e4t: Es wird h\u00f6chste Zeit, den Fr\u00fchling hereinzulassen! Die dunklen Wintertage d\u00fcrfen nun gerne weichen. Mit dem sanften Licht der neuen Jahreszeit und passenden<a href=\"https:\/\/www.zurbrueggen.de\/moebel\/\"> M\u00f6beln<\/a> sowie <a href=\"https:\/\/www.zurbrueggen.de\/deko-textil\/dekoration\/\">Accessoires <\/a>zieht die Frische des Fr\u00fchlings in euer Zuhause ein. Leinenkissen oder <a href=\"https:\/\/www.zurbrueggen.de\/goezze-kissenhuelle-sven\/1378499\">Kissenh\u00fcllen<\/a> in Pastellt\u00f6nen bringen Leichtigkeit auf das <a href=\"https:\/\/www.zurbrueggen.de\/moebel\/wohnzimmer\/sofa-couch\/\">Sofa<\/a>, w\u00e4hrend ein zart<a href=\"https:\/\/www.zurbrueggen.de\/joop-lines-creme\/1307392\"> gemusterter Teppich <\/a>in Gelb oder Gr\u00fcn den Raum aufhellt. Ein filigraner<a href=\"https:\/\/www.zurbrueggen.de\/moebel\/wohnzimmer\/wohnzimmertische\/beistelltische\/\"> Beistelltisch<\/a>, geschm\u00fcckt mit einer <a href=\"https:\/\/www.zurbrueggen.de\/deko-textil\/dekoration\/vasen\/\">Vase<\/a> voller Tulpen, setzt den perfekten Fr\u00fchlingsakzent und sorgt f\u00fcr eine positive Atmosph\u00e4re. Gl\u00e4nzende Highlights wie goldene <a href=\"https:\/\/www.zurbrueggen.de\/deko-textil\/dekoration\/windlichter-kerzenstaender\/\">Kerzenst\u00e4nder <\/a>oder <a href=\"https:\/\/www.zurbrueggen.de\/light-living-vase-dusit\/1399269\">schimmernde Glasvasen<\/a> reflektieren das Licht und lassen den Raum in verschiedenen Farben erstrahlen. Wer mutig ist, setzt mit einem <a href=\"https:\/\/www.zurbrueggen.de\/z2-sessel-justine\/1397910\">pastellfarbenen Sessel<\/a> oder einer <a href=\"https:\/\/www.zurbrueggen.de\/hom-in-sideboard-jolly\/1351046\">mintgr\u00fcnen Kommode <\/a>ein Statement. Mit diesen Tipps hei\u00dft es: Wintergrau ad\u00e9 \u2013 und willkommen, Fr\u00fchlingsfrische! <\/span><\/p>\n<p>&nbsp;<\/p>\n<figure id=\"attachment_7156\" aria-describedby=\"caption-attachment-7156\" style=\"width: 1200px\" class=\"wp-caption aligncenter\"><a href=\"https:\/\/www.zurbrueggen.de\/oci-webteppich-200-cm-sixteen\/1143421\"><img loading=\"lazy\" decoding=\"async\" class=\"size-full wp-image-7156\" src=\"https:\/\/www.zurbrueggen.de\/magazin\/wp-content\/uploads\/2025\/02\/magazin-beitragsbild-3-m-farbenfroher-fruehling-20250218-162538.jpg\" alt=\"\" width=\"1200\" height=\"675\" \/><\/a><figcaption id=\"caption-attachment-7156\" class=\"wp-caption-text\">Frische Farben, buntes Wohnen!<\/figcaption><\/figure>\n<h5 style=\"text-align: left; padding-left: 150px;\">Hereinspaziert, lieber Fr\u00fchling!<\/h5>\n<p><span class=\"fliesstext\" style=\"font-family: Roboto, sans-serif; font-size: 16px; line-height: 24px; font-weight: 400;\"> Der<a href=\"https:\/\/www.zurbrueggen.de\/moebel\/flur\/\"> Flur<\/a> ist oft der erste Eindruck eines Zuhauses \u2013 warum also nicht auch mit einem Hauch Fr\u00fchling beleben? Mit einfachen \u00c4nderungen wird der Eingangsbereich zu einer hellen, freundlichen Oase, die schon beim Hereinkommen gute Stimmung verbreitet. <a href=\"https:\/\/www.zurbrueggen.de\/moebel\/flur\/garderoben\/\">Garderobenm\u00f6bel<\/a> in hellem Holz oder Wei\u00df wirken einladend und leicht, w\u00e4hrend auf einer Ablage eine Vase mit frischen Fr\u00fchlingsblumen platziert werden kann, die sofort Farbe ins Spiel bringt. Pastellfarbene<a href=\"https:\/\/www.zurbrueggen.de\/deko-textil\/aufbewahrung\/boxen\/\"> K\u00f6rbe<\/a> oder <a href=\"https:\/\/www.zurbrueggen.de\/deko-textil\/dekoration\/schalen\/\">dekorative Schalen<\/a> bieten Stauraum f\u00fcr <a href=\"https:\/\/www.zurbrueggen.de\/haushalt\/geschirr\/schalen-schuesseln\/schuesseln\/\">Schl\u00fcssel<\/a> und Kleinigkeiten, w\u00e4hrend ein<a href=\"https:\/\/www.zurbrueggen.de\/deko-textil\/spiegel\/\"> gro\u00dfer Spiegel<\/a> das Licht reflektiert und den Raum luftiger wirken l\u00e4sst. Eine <a href=\"https:\/\/www.zurbrueggen.de\/deko-textil\/teppiche\/fuss-stufenmatten\/\">Fu\u00dfmatte<\/a> in frischen Farben oder mit floralen Mustern sorgt zudem f\u00fcr eine fr\u00f6hliche Atmosph\u00e4re. Wer es besonders gem\u00fctlich mag, kann mit Duft\u00f6l in Zitrusnoten den Fr\u00fchling auch aromatisch willkommen hei\u00dfen. So startet ihr perfekt in die helle Jahreszeit und sorgt gleichzeitig f\u00fcr einen erfrischenden Empfang eurer G\u00e4ste. <\/span><\/p>\n<p>&nbsp;<\/p>\n<figure id=\"attachment_7292\" aria-describedby=\"caption-attachment-7292\" style=\"width: 1200px\" class=\"wp-caption aligncenter\"><a href=\"https:\/\/www.zurbrueggen.de\/leonardo-trinkglas-twist\/1400943\"><img loading=\"lazy\" decoding=\"async\" class=\"size-full wp-image-7292\" src=\"https:\/\/www.zurbrueggen.de\/magazin\/\/wp-content\/uploads\/2025\/02\/magazin-beitragsbild-4-m-farbenfroher-fruehling-20250218-162538.jpg\" alt=\"\" width=\"1200\" height=\"675\" \/><\/a><figcaption id=\"caption-attachment-7292\" class=\"wp-caption-text\">Fr\u00fchlingszauber zieht ein<\/figcaption><\/figure>\n<h5 style=\"text-align: left; padding-left: 150px;\">Fr\u00fchlingshafte Esszimmer-Oase<\/h5>\n<p><span class=\"fliesstext\" style=\"font-family: Roboto, sans-serif; font-size: 16px; line-height: 24px; font-weight: 400;\"> Beim Fr\u00fchst\u00fcck am Wochenende den ersten Sonnenstrahlen zuzuschauen, wie sie \u00fcber den Boden tanzen und sich leichte W\u00e4rme anstaut \u2013 das dauert nicht mehr lang. Bis dahin k\u00f6nnt ihr mit gezielten M\u00f6bel- und Deko-Highlights den Fr\u00fchlingszauber vorweg einladen. Verwandelt dazu das <a href=\"https:\/\/www.zurbrueggen.de\/moebel\/esszimmer\/\">Esszimmer <\/a>in eine frische, einladende Oase voller Leichtigkeit und Farbe. Ein <a href=\"https:\/\/www.zurbrueggen.de\/z2-esstisch-kristo\/1398137\">Esstisch<\/a> aus hellem Holz oder mit einer wei\u00dfen Oberfl\u00e4che schafft eine luftige Atmosph\u00e4re, w\u00e4hrend <a href=\"https:\/\/www.zurbrueggen.de\/moebel\/esszimmer\/stuehle\/\">St\u00fchle<\/a> in sanften Pastellt\u00f6nen wie Mintgr\u00fcn, Blassrosa oder Himmelblau den Raum fr\u00f6hlich und leicht wirken lassen. Ein farbenfroher <a href=\"https:\/\/www.zurbrueggen.de\/deko-textil\/textilien\/tischdecken-laeufer\/tischlaeufer\/\">L\u00e4ufer <\/a>unter dem <a href=\"https:\/\/www.zurbrueggen.de\/moebel\/esszimmer\/esstische\/\">Tisch <\/a>bringt zus\u00e4tzlich W\u00e4rme und Struktur. Zudem setzen<a href=\"https:\/\/www.zurbrueggen.de\/deko-textil\/dekoration\/\"> Accessoires <\/a>erfrischende Akzente: Eine <a href=\"https:\/\/www.zurbrueggen.de\/eglo-leuchten-pendelleuchte-siruela\/1409349\">Pendelleuchte<\/a> aus Rattan oder Glas f\u00e4ngt das Tageslicht ein, w\u00e4hrend <a href=\"https:\/\/www.zurbrueggen.de\/van-well-kombiservice-16-tlg.-urban\/1396070\">pastellfarbenes Geschirr<\/a> und <a href=\"https:\/\/www.zurbrueggen.de\/like-by-villeroy-boch-longdrinkbecher-2-tlg.-like-ice\/1406240\">strahlende Gl\u00e4ser <\/a>zu einem langen Fr\u00fchlingsbrunch einladen. Mit all diesen Elementen wird euer Essbereich zum perfekten Ort f\u00fcr gesellige Fr\u00fchlingsmomente! <\/span><\/p>\n<p>&nbsp;<\/p>\n<figure id=\"attachment_7156\" aria-describedby=\"caption-attachment-7156\" style=\"width: 1200px\" class=\"wp-caption aligncenter\"><a href=\"https:\/\/www.zurbrueggen.de\/lounge-handmade-sessel-lh-ben\/1385345\"><img loading=\"lazy\" decoding=\"async\" class=\"size-full wp-image-7156\" src=\"https:\/\/www.zurbrueggen.de\/magazin\/wp-content\/uploads\/2025\/02\/magazin-beitragsbild-5-m-farbenfroher-fruehling-20250218-162538.jpg\" alt=\"\" width=\"1200\" height=\"675\" \/><\/a><figcaption id=\"caption-attachment-7156\" class=\"wp-caption-text\">Farbenfrohe Akzente setzen<\/figcaption><\/figure>\n<h5 style=\"text-align: left; padding-left: 150px;\">Fr\u00fchling in jedem Zimmer<\/h5>\n<p><span class=\"fliesstext\" style=\"font-family: Roboto, sans-serif; font-size: 16px; line-height: 24px; font-weight: 400;\"> Der Fr\u00fchling zieht bald ein \u2013 und mit den richtigen Deko-Highlights wird jedes Zimmer zur frischen Wohlf\u00fchloase! Schon kleine Accessoires gen\u00fcgen, um die Leichtigkeit der neuen Jahreszeit in euer Zuhause zu bringen. Zarte <a href=\"https:\/\/www.zurbrueggen.de\/deko-textil\/dekoration\/vasen\/\">Vasen <\/a>aus Glas oder Keramik in Pastellt\u00f6nen setzen frische Blumen perfekt in Szene. Auch bunte Keramikschalen oder filigrane Glasflaschen werden zu charmanten Hinguckern. Leichte Vorh\u00e4nge in sanften Pastellfarben oder verspielte<a href=\"https:\/\/www.zurbrueggen.de\/deko-textil\/textilien\/tischdecken-laeufer\/\"> Tischdecken <\/a>mit floralen Prints bringen fr\u00fchlingshafte Frische und sorgen f\u00fcr eine lebendige Atmosph\u00e4re. <a href=\"https:\/\/www.zurbrueggen.de\/deko-textil\/textilien\/kissen-huellen\/kissenhuellen\/\">Kissenbez\u00fcge<\/a> mit floralen Mustern oder in fr\u00f6hlichem Gelb, Gr\u00fcn oder Rosa bringen neue Energie auf<a href=\"https:\/\/www.zurbrueggen.de\/moebel\/wohnzimmer\/sofa-couch\/\"> Sofa <\/a> und <a href=\"https:\/\/www.zurbrueggen.de\/moebel\/wohnzimmer\/sessel\/\">Sessel<\/a>. Auch <a href=\"https:\/\/www.zurbrueggen.de\/deko-textil\/wanddekoration\/\">Wanddekoration <\/a>darf nicht fehlen: Zarte Illustrationen von Bl\u00fcten oder ein <a href=\"https:\/\/www.zurbrueggen.de\/deko-textil\/bilder-rahmen\/\">Bild <\/a>in strahlenden Nuancen passen zur Jahreszeit. Kleine Pflanzen in geflochtenen K\u00f6rben oder <a href=\"https:\/\/www.zurbrueggen.de\/zurbrueggen-macramee-wandbehang\/1371518\">Makramee-Haltern<\/a> bringen zus\u00e4tzlichen Charme. Mit diesen Details zieht der Fr\u00fchling in jedes Zimmer ein und verspr\u00fcht pure Lebensfreude! <\/span><\/p>\n<p>&nbsp;<\/p>\n<p><a href=\"https:\/\/www.zurbrueggen.de\/farbenfroher-fruehling\"><img loading=\"lazy\" decoding=\"async\" class=\"aligncenter size-full wp-image-7164\" src=\"https:\/\/www.zurbrueggen.de\/magazin\/wp-content\/uploads\/2025\/02\/magazin-footer-mobil-farbenfroher-fruehling-20250218-153353.jpg\" alt=\"\" width=\"750\" height=\"320\" \/><\/a><\/p>\n","protected":false},"excerpt":{"rendered":"<p>Der Fr\u00fchling steht kurz bevor! Mit seinen klaren und hellen T\u00f6nen bringt er eine erfrischende Abwechslung zu den dunklen Herbst- und Wintermonaten. Zeit, um euer Zuhause passend zur Jahreszeit in fr\u00fchlingshaften Glanz zu tauchen. Lasst euch inspirieren und nutzt die Gelegenheit, um mit lebendigen Farben und frischen Akzenten eine fr\u00f6hliche und einladende Atmosph\u00e4re zu schaffen.<\/p>\n","protected":false},"author":27,"featured_media":8632,"comment_status":"open","ping_status":"open","sticky":false,"template":"","format":"standard","meta":{"_acf_changed":false,"footnotes":""},"categories":[32,27],"tags":[1171,1272,1190,1114,1187,1276,1291,1145],"class_list":["post-8600","post","type-post","status-publish","format-standard","has-post-thumbnail","hentry","category-trend","category-trends-und-wissen","tag-einrichtungstrends","tag-fruehling","tag-moebel","tag-stil","tag-trend","tag-wohnaccessoires","tag-wohnstil","tag-wohnzimmer"],"acf":[],"yoast_head":"<!-- This site is optimized with the Yoast SEO plugin v27.4 - https:\/\/yoast.com\/product\/yoast-seo-wordpress\/ -->\n<title>Farbenfroher Fr\u00fchling - Ein Zuhause, welches aufbl\u00fcht<\/title>\n<meta name=\"description\" content=\"Lasst euch inspirieren und nutzt die Gelegenheit, um mit lebendigen Farben und frischen Akzenten eine fr\u00f6hliche und einladende Atmosph\u00e4re zu schaffen.\" \/>\n<meta name=\"robots\" content=\"index, follow, max-snippet:-1, max-image-preview:large, max-video-preview:-1\" \/>\n<link rel=\"canonical\" href=\"https:\/\/www.zurbrueggen.de\/magazin\/farbenfroher-fruehling\/\" \/>\n<meta property=\"og:locale\" content=\"de_DE\" \/>\n<meta property=\"og:type\" content=\"article\" \/>\n<meta property=\"og:title\" content=\"Farbenfroher Fr\u00fchling\" \/>\n<meta property=\"og:description\" content=\"Der Fr\u00fchling steht kurz bevor! Mit seinen klaren und hellen T\u00f6nen bringt er eine erfrischende Abwechslung zu den dunklen Herbst- und Wintermonaten. Zeit, um euer Zuhause passend zur Jahreszeit in fr\u00fchlingshaften Glanz zu tauchen. Lasst euch inspirieren und nutzt die Gelegenheit, um mit lebendigen Farben und frischen Akzenten eine fr\u00f6hliche und einladende Atmosph\u00e4re zu schaffen.\" \/>\n<meta property=\"og:url\" content=\"https:\/\/www.zurbrueggen.de\/magazin\/farbenfroher-fruehling\/\" \/>\n<meta property=\"og:site_name\" content=\"Zurbr\u00fcggen magazin\" \/>\n<meta property=\"article:publisher\" content=\"https:\/\/facebook.com\/zurbrueggen\" \/>\n<meta property=\"article:published_time\" content=\"2025-03-12T09:03:49+00:00\" \/>\n<meta property=\"og:image\" content=\"https:\/\/www.zurbrueggen.de\/magazin\/wp-content\/uploads\/2025\/02\/magazin-beitragsbild-cta-m-farbenfroher-fruehling-20250218-153355.jpg\" \/>\n\t<meta property=\"og:image:width\" content=\"1200\" \/>\n\t<meta property=\"og:image:height\" content=\"675\" \/>\n\t<meta property=\"og:image:type\" content=\"image\/jpeg\" \/>\n<meta name=\"author\" content=\"Julia Paschen\" \/>\n<script type=\"application\/ld+json\" class=\"yoast-schema-graph\">{\"@context\":\"https:\\\/\\\/schema.org\",\"@graph\":[{\"@type\":\"Article\",\"@id\":\"https:\\\/\\\/www.zurbrueggen.de\\\/magazin\\\/farbenfroher-fruehling\\\/#article\",\"isPartOf\":{\"@id\":\"https:\\\/\\\/www.zurbrueggen.de\\\/magazin\\\/farbenfroher-fruehling\\\/\"},\"author\":{\"name\":\"Julia Paschen\",\"@id\":\"https:\\\/\\\/www.zurbrueggen.de\\\/magazin\\\/#\\\/schema\\\/person\\\/5596ed176b1851c47a00e32190fbd9e8\"},\"headline\":\"Farbenfroher Fr\u00fchling\",\"datePublished\":\"2025-03-12T09:03:49+00:00\",\"mainEntityOfPage\":{\"@id\":\"https:\\\/\\\/www.zurbrueggen.de\\\/magazin\\\/farbenfroher-fruehling\\\/\"},\"wordCount\":732,\"commentCount\":0,\"publisher\":{\"@id\":\"https:\\\/\\\/www.zurbrueggen.de\\\/magazin\\\/#organization\"},\"image\":{\"@id\":\"https:\\\/\\\/www.zurbrueggen.de\\\/magazin\\\/farbenfroher-fruehling\\\/#primaryimage\"},\"thumbnailUrl\":\"https:\\\/\\\/www.zurbrueggen.de\\\/magazin\\\/wp-content\\\/uploads\\\/2025\\\/02\\\/magazin-beitragsbild-cta-m-farbenfroher-fruehling-20250218-153355.jpg\",\"keywords\":[\"Einrichtungstrends\",\"Fr\u00fchling\",\"M\u00f6bel\",\"Stil\",\"Trend\",\"Wohnaccessoires\",\"Wohnstil\",\"Wohnzimmer\"],\"articleSection\":[\"trend\",\"Trends &amp; Wissen\"],\"inLanguage\":\"de\",\"potentialAction\":[{\"@type\":\"CommentAction\",\"name\":\"Comment\",\"target\":[\"https:\\\/\\\/www.zurbrueggen.de\\\/magazin\\\/farbenfroher-fruehling\\\/#respond\"]}]},{\"@type\":\"WebPage\",\"@id\":\"https:\\\/\\\/www.zurbrueggen.de\\\/magazin\\\/farbenfroher-fruehling\\\/\",\"url\":\"https:\\\/\\\/www.zurbrueggen.de\\\/magazin\\\/farbenfroher-fruehling\\\/\",\"name\":\"Farbenfroher Fr\u00fchling - Ein Zuhause, welches aufbl\u00fcht\",\"isPartOf\":{\"@id\":\"https:\\\/\\\/www.zurbrueggen.de\\\/magazin\\\/#website\"},\"primaryImageOfPage\":{\"@id\":\"https:\\\/\\\/www.zurbrueggen.de\\\/magazin\\\/farbenfroher-fruehling\\\/#primaryimage\"},\"image\":{\"@id\":\"https:\\\/\\\/www.zurbrueggen.de\\\/magazin\\\/farbenfroher-fruehling\\\/#primaryimage\"},\"thumbnailUrl\":\"https:\\\/\\\/www.zurbrueggen.de\\\/magazin\\\/wp-content\\\/uploads\\\/2025\\\/02\\\/magazin-beitragsbild-cta-m-farbenfroher-fruehling-20250218-153355.jpg\",\"datePublished\":\"2025-03-12T09:03:49+00:00\",\"description\":\"Lasst euch inspirieren und nutzt die Gelegenheit, um mit lebendigen Farben und frischen Akzenten eine fr\u00f6hliche und einladende Atmosph\u00e4re zu schaffen.\",\"breadcrumb\":{\"@id\":\"https:\\\/\\\/www.zurbrueggen.de\\\/magazin\\\/farbenfroher-fruehling\\\/#breadcrumb\"},\"inLanguage\":\"de\",\"potentialAction\":[{\"@type\":\"ReadAction\",\"target\":[\"https:\\\/\\\/www.zurbrueggen.de\\\/magazin\\\/farbenfroher-fruehling\\\/\"]}]},{\"@type\":\"ImageObject\",\"inLanguage\":\"de\",\"@id\":\"https:\\\/\\\/www.zurbrueggen.de\\\/magazin\\\/farbenfroher-fruehling\\\/#primaryimage\",\"url\":\"https:\\\/\\\/www.zurbrueggen.de\\\/magazin\\\/wp-content\\\/uploads\\\/2025\\\/02\\\/magazin-beitragsbild-cta-m-farbenfroher-fruehling-20250218-153355.jpg\",\"contentUrl\":\"https:\\\/\\\/www.zurbrueggen.de\\\/magazin\\\/wp-content\\\/uploads\\\/2025\\\/02\\\/magazin-beitragsbild-cta-m-farbenfroher-fruehling-20250218-153355.jpg\",\"width\":1200,\"height\":675},{\"@type\":\"BreadcrumbList\",\"@id\":\"https:\\\/\\\/www.zurbrueggen.de\\\/magazin\\\/farbenfroher-fruehling\\\/#breadcrumb\",\"itemListElement\":[{\"@type\":\"ListItem\",\"position\":1,\"name\":\"Startseite\",\"item\":\"https:\\\/\\\/www.zurbrueggen.de\\\/magazin\\\/\"},{\"@type\":\"ListItem\",\"position\":2,\"name\":\"Farbenfroher Fr\u00fchling\"}]},{\"@type\":\"WebSite\",\"@id\":\"https:\\\/\\\/www.zurbrueggen.de\\\/magazin\\\/#website\",\"url\":\"https:\\\/\\\/www.zurbrueggen.de\\\/magazin\\\/\",\"name\":\"Zurbr\u00fcggen magazin\",\"description\":\"DESIGN \u2022 STYLE \u2022 LIVING\",\"publisher\":{\"@id\":\"https:\\\/\\\/www.zurbrueggen.de\\\/magazin\\\/#organization\"},\"potentialAction\":[{\"@type\":\"SearchAction\",\"target\":{\"@type\":\"EntryPoint\",\"urlTemplate\":\"https:\\\/\\\/www.zurbrueggen.de\\\/magazin\\\/?s={search_term_string}\"},\"query-input\":{\"@type\":\"PropertyValueSpecification\",\"valueRequired\":true,\"valueName\":\"search_term_string\"}}],\"inLanguage\":\"de\"},{\"@type\":\"Organization\",\"@id\":\"https:\\\/\\\/www.zurbrueggen.de\\\/magazin\\\/#organization\",\"name\":\"Zurbr\u00fcggen Wohn-Zentrum GmbH\",\"url\":\"https:\\\/\\\/www.zurbrueggen.de\\\/magazin\\\/\",\"logo\":{\"@type\":\"ImageObject\",\"inLanguage\":\"de\",\"@id\":\"https:\\\/\\\/www.zurbrueggen.de\\\/magazin\\\/#\\\/schema\\\/logo\\\/image\\\/\",\"url\":\"https:\\\/\\\/www.zurbrueggen.de\\\/magazin\\\/wp-content\\\/uploads\\\/2016\\\/07\\\/logo_zurbrueggen.png\",\"contentUrl\":\"https:\\\/\\\/www.zurbrueggen.de\\\/magazin\\\/wp-content\\\/uploads\\\/2016\\\/07\\\/logo_zurbrueggen.png\",\"width\":400,\"height\":107,\"caption\":\"Zurbr\u00fcggen Wohn-Zentrum GmbH\"},\"image\":{\"@id\":\"https:\\\/\\\/www.zurbrueggen.de\\\/magazin\\\/#\\\/schema\\\/logo\\\/image\\\/\"},\"sameAs\":[\"https:\\\/\\\/facebook.com\\\/zurbrueggen\",\"https:\\\/\\\/x.com\\\/Zurbrueggen\"]},{\"@type\":\"Person\",\"@id\":\"https:\\\/\\\/www.zurbrueggen.de\\\/magazin\\\/#\\\/schema\\\/person\\\/5596ed176b1851c47a00e32190fbd9e8\",\"name\":\"Julia Paschen\",\"image\":{\"@type\":\"ImageObject\",\"inLanguage\":\"de\",\"@id\":\"https:\\\/\\\/secure.gravatar.com\\\/avatar\\\/000d1f6af0d913dc11958dffa0a2a27e1ec646f1fd674334902659ca07ac9752?s=96&d=mm&r=g\",\"url\":\"https:\\\/\\\/secure.gravatar.com\\\/avatar\\\/000d1f6af0d913dc11958dffa0a2a27e1ec646f1fd674334902659ca07ac9752?s=96&d=mm&r=g\",\"contentUrl\":\"https:\\\/\\\/secure.gravatar.com\\\/avatar\\\/000d1f6af0d913dc11958dffa0a2a27e1ec646f1fd674334902659ca07ac9752?s=96&d=mm&r=g\",\"caption\":\"Julia Paschen\"},\"url\":\"https:\\\/\\\/www.zurbrueggen.de\\\/magazin\\\/author\\\/j_paschen\\\/\"}]}<\/script>\n<!-- \/ Yoast SEO plugin. -->","yoast_head_json":{"title":"Farbenfroher Fr\u00fchling - Ein Zuhause, welches aufbl\u00fcht","description":"Lasst euch inspirieren und nutzt die Gelegenheit, um mit lebendigen Farben und frischen Akzenten eine fr\u00f6hliche und einladende Atmosph\u00e4re zu schaffen.","robots":{"index":"index","follow":"follow","max-snippet":"max-snippet:-1","max-image-preview":"max-image-preview:large","max-video-preview":"max-video-preview:-1"},"canonical":"https:\/\/www.zurbrueggen.de\/magazin\/farbenfroher-fruehling\/","og_locale":"de_DE","og_type":"article","og_title":"Farbenfroher Fr\u00fchling","og_description":"Der Fr\u00fchling steht kurz bevor! Mit seinen klaren und hellen T\u00f6nen bringt er eine erfrischende Abwechslung zu den dunklen Herbst- und Wintermonaten. Zeit, um euer Zuhause passend zur Jahreszeit in fr\u00fchlingshaften Glanz zu tauchen. Lasst euch inspirieren und nutzt die Gelegenheit, um mit lebendigen Farben und frischen Akzenten eine fr\u00f6hliche und einladende Atmosph\u00e4re zu schaffen.","og_url":"https:\/\/www.zurbrueggen.de\/magazin\/farbenfroher-fruehling\/","og_site_name":"Zurbr\u00fcggen magazin","article_publisher":"https:\/\/facebook.com\/zurbrueggen","article_published_time":"2025-03-12T09:03:49+00:00","og_image":[{"width":1200,"height":675,"url":"https:\/\/www.zurbrueggen.de\/magazin\/wp-content\/uploads\/2025\/02\/magazin-beitragsbild-cta-m-farbenfroher-fruehling-20250218-153355.jpg","type":"image\/jpeg"}],"author":"Julia Paschen","schema":{"@context":"https:\/\/schema.org","@graph":[{"@type":"Article","@id":"https:\/\/www.zurbrueggen.de\/magazin\/farbenfroher-fruehling\/#article","isPartOf":{"@id":"https:\/\/www.zurbrueggen.de\/magazin\/farbenfroher-fruehling\/"},"author":{"name":"Julia Paschen","@id":"https:\/\/www.zurbrueggen.de\/magazin\/#\/schema\/person\/5596ed176b1851c47a00e32190fbd9e8"},"headline":"Farbenfroher Fr\u00fchling","datePublished":"2025-03-12T09:03:49+00:00","mainEntityOfPage":{"@id":"https:\/\/www.zurbrueggen.de\/magazin\/farbenfroher-fruehling\/"},"wordCount":732,"commentCount":0,"publisher":{"@id":"https:\/\/www.zurbrueggen.de\/magazin\/#organization"},"image":{"@id":"https:\/\/www.zurbrueggen.de\/magazin\/farbenfroher-fruehling\/#primaryimage"},"thumbnailUrl":"https:\/\/www.zurbrueggen.de\/magazin\/wp-content\/uploads\/2025\/02\/magazin-beitragsbild-cta-m-farbenfroher-fruehling-20250218-153355.jpg","keywords":["Einrichtungstrends","Fr\u00fchling","M\u00f6bel","Stil","Trend","Wohnaccessoires","Wohnstil","Wohnzimmer"],"articleSection":["trend","Trends &amp; Wissen"],"inLanguage":"de","potentialAction":[{"@type":"CommentAction","name":"Comment","target":["https:\/\/www.zurbrueggen.de\/magazin\/farbenfroher-fruehling\/#respond"]}]},{"@type":"WebPage","@id":"https:\/\/www.zurbrueggen.de\/magazin\/farbenfroher-fruehling\/","url":"https:\/\/www.zurbrueggen.de\/magazin\/farbenfroher-fruehling\/","name":"Farbenfroher Fr\u00fchling - Ein Zuhause, welches aufbl\u00fcht","isPartOf":{"@id":"https:\/\/www.zurbrueggen.de\/magazin\/#website"},"primaryImageOfPage":{"@id":"https:\/\/www.zurbrueggen.de\/magazin\/farbenfroher-fruehling\/#primaryimage"},"image":{"@id":"https:\/\/www.zurbrueggen.de\/magazin\/farbenfroher-fruehling\/#primaryimage"},"thumbnailUrl":"https:\/\/www.zurbrueggen.de\/magazin\/wp-content\/uploads\/2025\/02\/magazin-beitragsbild-cta-m-farbenfroher-fruehling-20250218-153355.jpg","datePublished":"2025-03-12T09:03:49+00:00","description":"Lasst euch inspirieren und nutzt die Gelegenheit, um mit lebendigen Farben und frischen Akzenten eine fr\u00f6hliche und einladende Atmosph\u00e4re zu schaffen.","breadcrumb":{"@id":"https:\/\/www.zurbrueggen.de\/magazin\/farbenfroher-fruehling\/#breadcrumb"},"inLanguage":"de","potentialAction":[{"@type":"ReadAction","target":["https:\/\/www.zurbrueggen.de\/magazin\/farbenfroher-fruehling\/"]}]},{"@type":"ImageObject","inLanguage":"de","@id":"https:\/\/www.zurbrueggen.de\/magazin\/farbenfroher-fruehling\/#primaryimage","url":"https:\/\/www.zurbrueggen.de\/magazin\/wp-content\/uploads\/2025\/02\/magazin-beitragsbild-cta-m-farbenfroher-fruehling-20250218-153355.jpg","contentUrl":"https:\/\/www.zurbrueggen.de\/magazin\/wp-content\/uploads\/2025\/02\/magazin-beitragsbild-cta-m-farbenfroher-fruehling-20250218-153355.jpg","width":1200,"height":675},{"@type":"BreadcrumbList","@id":"https:\/\/www.zurbrueggen.de\/magazin\/farbenfroher-fruehling\/#breadcrumb","itemListElement":[{"@type":"ListItem","position":1,"name":"Startseite","item":"https:\/\/www.zurbrueggen.de\/magazin\/"},{"@type":"ListItem","position":2,"name":"Farbenfroher Fr\u00fchling"}]},{"@type":"WebSite","@id":"https:\/\/www.zurbrueggen.de\/magazin\/#website","url":"https:\/\/www.zurbrueggen.de\/magazin\/","name":"Zurbr\u00fcggen magazin","description":"DESIGN \u2022 STYLE \u2022 LIVING","publisher":{"@id":"https:\/\/www.zurbrueggen.de\/magazin\/#organization"},"potentialAction":[{"@type":"SearchAction","target":{"@type":"EntryPoint","urlTemplate":"https:\/\/www.zurbrueggen.de\/magazin\/?s={search_term_string}"},"query-input":{"@type":"PropertyValueSpecification","valueRequired":true,"valueName":"search_term_string"}}],"inLanguage":"de"},{"@type":"Organization","@id":"https:\/\/www.zurbrueggen.de\/magazin\/#organization","name":"Zurbr\u00fcggen Wohn-Zentrum GmbH","url":"https:\/\/www.zurbrueggen.de\/magazin\/","logo":{"@type":"ImageObject","inLanguage":"de","@id":"https:\/\/www.zurbrueggen.de\/magazin\/#\/schema\/logo\/image\/","url":"https:\/\/www.zurbrueggen.de\/magazin\/wp-content\/uploads\/2016\/07\/logo_zurbrueggen.png","contentUrl":"https:\/\/www.zurbrueggen.de\/magazin\/wp-content\/uploads\/2016\/07\/logo_zurbrueggen.png","width":400,"height":107,"caption":"Zurbr\u00fcggen Wohn-Zentrum GmbH"},"image":{"@id":"https:\/\/www.zurbrueggen.de\/magazin\/#\/schema\/logo\/image\/"},"sameAs":["https:\/\/facebook.com\/zurbrueggen","https:\/\/x.com\/Zurbrueggen"]},{"@type":"Person","@id":"https:\/\/www.zurbrueggen.de\/magazin\/#\/schema\/person\/5596ed176b1851c47a00e32190fbd9e8","name":"Julia Paschen","image":{"@type":"ImageObject","inLanguage":"de","@id":"https:\/\/secure.gravatar.com\/avatar\/000d1f6af0d913dc11958dffa0a2a27e1ec646f1fd674334902659ca07ac9752?s=96&d=mm&r=g","url":"https:\/\/secure.gravatar.com\/avatar\/000d1f6af0d913dc11958dffa0a2a27e1ec646f1fd674334902659ca07ac9752?s=96&d=mm&r=g","contentUrl":"https:\/\/secure.gravatar.com\/avatar\/000d1f6af0d913dc11958dffa0a2a27e1ec646f1fd674334902659ca07ac9752?s=96&d=mm&r=g","caption":"Julia Paschen"},"url":"https:\/\/www.zurbrueggen.de\/magazin\/author\/j_paschen\/"}]}},"_links":{"self":[{"href":"https:\/\/www.zurbrueggen.de\/magazin\/wp-json\/wp\/v2\/posts\/8600","targetHints":{"allow":["GET"]}}],"collection":[{"href":"https:\/\/www.zurbrueggen.de\/magazin\/wp-json\/wp\/v2\/posts"}],"about":[{"href":"https:\/\/www.zurbrueggen.de\/magazin\/wp-json\/wp\/v2\/types\/post"}],"author":[{"embeddable":true,"href":"https:\/\/www.zurbrueggen.de\/magazin\/wp-json\/wp\/v2\/users\/27"}],"replies":[{"embeddable":true,"href":"https:\/\/www.zurbrueggen.de\/magazin\/wp-json\/wp\/v2\/comments?post=8600"}],"version-history":[{"count":12,"href":"https:\/\/www.zurbrueggen.de\/magazin\/wp-json\/wp\/v2\/posts\/8600\/revisions"}],"predecessor-version":[{"id":8655,"href":"https:\/\/www.zurbrueggen.de\/magazin\/wp-json\/wp\/v2\/posts\/8600\/revisions\/8655"}],"wp:featuredmedia":[{"embeddable":true,"href":"https:\/\/www.zurbrueggen.de\/magazin\/wp-json\/wp\/v2\/media\/8632"}],"wp:attachment":[{"href":"https:\/\/www.zurbrueggen.de\/magazin\/wp-json\/wp\/v2\/media?parent=8600"}],"wp:term":[{"taxonomy":"category","embeddable":true,"href":"https:\/\/www.zurbrueggen.de\/magazin\/wp-json\/wp\/v2\/categories?post=8600"},{"taxonomy":"post_tag","embeddable":true,"href":"https:\/\/www.zurbrueggen.de\/magazin\/wp-json\/wp\/v2\/tags?post=8600"}],"curies":[{"name":"wp","href":"https:\/\/api.w.org\/{rel}","templated":true}]}}