{"id":8533,"date":"2025-01-15T08:26:16","date_gmt":"2025-01-15T07:26:16","guid":{"rendered":"https:\/\/www.zurbrueggen.de\/magazin\/?p=8533"},"modified":"2025-01-15T08:26:16","modified_gmt":"2025-01-15T07:26:16","slug":"mocha-mousse","status":"publish","type":"post","link":"https:\/\/www.zurbrueggen.de\/magazin\/mocha-mousse\/","title":{"rendered":"Mocha Mousse"},"content":{"rendered":"<div class=\"mceTemp\"><\/div>\n<p><span class=\"vorschau\" style=\"font-family: 'Roboto Slab'; font-size: 22px; line-height: 34px; font-weight: 300; margin-top: 40px;\"> Die Pantone-Farbe 2025, \u201eMocha Mousse\u201c bringt W\u00e4rme und Eleganz in eure vier W\u00e4nde. Mit unseren Tipps k\u00f6nnt ihr die Trendfarbe gezielt einsetzen und ein echtes Wohlf\u00fchl-Interieur erschaffen. Lasst euch inspirieren und entdeckt, wie M\u00f6bel, Accessoires und Dekoration in \u201eMocha Mousse\u201c das gesamte Jahr \u00fcber, f\u00fcr eine harmonische und einladende Atmosph\u00e4re sorgen. <\/span><\/p>\n<p><!--more--><\/p>\n<figure id=\"attachment_7292\" aria-describedby=\"caption-attachment-7292\" style=\"width: 1200px\" class=\"wp-caption aligncenter\"><a href=\"https:\/\/www.zurbrueggen.de\/nowa-stehleuchte-nerida-nerida\/1416253\"><img loading=\"lazy\" decoding=\"async\" class=\"size-full wp-image-7292\" src=\"https:\/\/www.zurbrueggen.de\/magazin\/wp-content\/uploads\/2025\/01\/magazin-beitragsbild-2-m-mocha-mousse-20250108-151756.jpg\" alt=\"\" width=\"1200\" height=\"675\" \/><\/a><figcaption id=\"caption-attachment-7292\" class=\"wp-caption-text\">Gem\u00fctlich einrichten mit Erdfarben<\/figcaption><\/figure>\n<h5 style=\"text-align: left; padding-left: 150px;\">Wohnzimmergestaltung: Tasty &amp; Comfy<\/h5>\n<p><span class=\"fliesstext\" style=\"font-family: Roboto, sans-serif; font-size: 16px; line-height: 24px; font-weight: 400;\"> Im<a href=\"https:\/\/www.zurbrueggen.de\/moebel\/wohnzimmer\/\"> Wohnzimmer <\/a>sorgt \u201eMocha Mousse\u201c f\u00fcr eine besonders warme, einladende Stimmung. W\u00e4hlt dazu ein Sofa wie das<a href=\"https:\/\/www.zurbrueggen.de\/hom-in-big-sofa-fellini-ii.\/1298677\"> Hom\u2018 in Big Sofa<\/a> in diesem Trendton und kombiniert es mit Accessoires wie Kissen, Plaids und Teppichen in harmonierenden Braunt\u00f6nen. Ein <a href=\"https:\/\/www.zurbrueggen.de\/zurbrueggen-couchtisch-marvin\/1326330\">Couchtisch aus Massivholz<\/a>, wie der von Zurbr\u00fcggen, passt ideal dazu und sorgt f\u00fcr einen nat\u00fcrlichen, modernen Look. Auch <a href=\"https:\/\/www.zurbrueggen.de\/leuchten\/innenleuchten\/deckenleuchten\/\">Deckenleuchten<\/a> oder <a href=\"https:\/\/www.zurbrueggen.de\/leuchten\/innenleuchten\/tischleuchten\/\">Tischlampen <\/a>in Gold- oder Kupfert\u00f6nen setzen edle Akzente und unterstreichen die luxuri\u00f6se Wirkung der Farbe. Zus\u00e4tzlich runden <a href=\"https:\/\/www.zurbrueggen.de\/joop-oesenvorhang-j-allovers\/0165727\">Vorh\u00e4nge<\/a> in einem sanften Beige oder Creme die Farbpalette ab und sorgen f\u00fcr ein harmonisches Gesamtbild. <a href=\"https:\/\/www.zurbrueggen.de\/gasper-kunstblume-yucca-im-keramiktopf\/1264053\">Pflanzen<\/a> bringen Frische und Lebendigkeit in euren Raum, w\u00e4hrend Kunstwerke mit erdigen, warmen Farbt\u00f6nen die W\u00e4nde in \u201eMocha Mousse\u201c schm\u00fccken. F\u00fcr noch mehr Behaglichkeit sorgt ein <a href=\"https:\/\/www.zurbrueggen.de\/zurbrueggen-schaffell-tibet-ca.-85cm\/1243100\">Schaffell-Teppich<\/a> in einem dunklen Braunton. Hierbei wird ein bestimmter Teil des <a href=\"https:\/\/www.zurbrueggen.de\/moebel\/wohnzimmer\/\">Wohnzimmers <\/a>zus\u00e4tzlich gew\u00e4rmt und f\u00fcr eine gem\u00fctliche Atmosph\u00e4re ist ebenso gesorgt. Dekorative Kerzen oder <a href=\"https:\/\/www.zurbrueggen.de\/nachtmann-teelichthalter-2er-setsquare\/1317331\">Teelichthalter<\/a> in passenden Farben runden das Ambiente ab. <\/span><\/p>\n<p>&nbsp;<\/p>\n<figure id=\"attachment_7156\" aria-describedby=\"caption-attachment-7156\" style=\"width: 1200px\" class=\"wp-caption aligncenter\"><a href=\"https:\/\/www.zurbrueggen.de\/z2-schwebetuerenschrank-winn2\/1268719\"><img loading=\"lazy\" decoding=\"async\" class=\"size-full wp-image-7156\" src=\"https:\/\/www.zurbrueggen.de\/magazin\/wp-content\/uploads\/2025\/01\/magazin-beitragsbild-3-m-mocha-mousse-20250108-151754.jpg\" alt=\"\" width=\"1200\" height=\"675\" \/><\/a><figcaption id=\"caption-attachment-7156\" class=\"wp-caption-text\">Mocha Mousse im harmonischen Mix<\/figcaption><\/figure>\n<h5 style=\"text-align: left; padding-left: 150px;\">Entspannt und elegant \u2013 Mocha Mousse im Schlafzimmer<\/h5>\n<p><span class=\"fliesstext\" style=\"font-family: Roboto, sans-serif; font-size: 16px; line-height: 24px; font-weight: 400;\">Neben anderen R\u00e4umlichkeiten eignet sich auch das<a href=\"https:\/\/www.zurbrueggen.de\/moebel\/schlafzimmer\/\"> Schlafzimmer<\/a>, um mit \u201eMocha Mousse\u201c eine kleine Wohlf\u00fchloase zu schaffen. Um mit wenig Aufwand einen gro\u00dfen Effekt zu erzeugen, gen\u00fcgt es schon eine <a href=\"https:\/\/www.zurbrueggen.de\/estella-bettwaesche-kian\/1365430\">Bettw\u00e4sche<\/a> oder <a href=\"https:\/\/www.zurbrueggen.de\/linneweber-kissen-boucle-solid\/1409299\">Deko-Kissen<\/a> in diesem Farbton zu w\u00e4hlen. Damit wird dem Raum ein Gef\u00fchl von Geborgenheit vermittelt. Weitere Gestaltungsm\u00f6glichkeiten bieten euch eine <a href=\"https:\/\/www.zurbrueggen.de\/linea-natura-kommode-linea\/1149910\">Kommode <\/a>aus Holz oder ein <a href=\"https:\/\/www.zurbrueggen.de\/moebel\/schlafzimmer\/nachttische-kommoden\/\">Nachttisch<\/a> in einem warmen Braunton. Ein gro\u00dfer <a href=\"https:\/\/www.zurbrueggen.de\/landscape-spiegel-carlo\/1399027\">Spiegel<\/a> verleiht dem Raum Tiefe und Eleganz. Somit wird der comfy Look perfekt erg\u00e4nzt. Ein <a href=\"https:\/\/www.zurbrueggen.de\/joop-sessel-characters-8170\/1305349\">Sessel<\/a> in \u201eMocha Mousse\u201c bietet euch eine gem\u00fctliche Leseecke, welche ihr f\u00fcr zus\u00e4tzliche W\u00e4rme mit einem kleinen <a href=\"https:\/\/www.zurbrueggen.de\/deko-textil\/teppiche\/\">Teppich <\/a>ausstatten k\u00f6nnt. Dekorative <a href=\"https:\/\/www.zurbrueggen.de\/deko-textil\/textilien\/kissen-huellen\/\">Kissen<\/a> oder eine <a href=\"https:\/\/www.zurbrueggen.de\/biederlack-wohndecke-cotton-home\/1394988\">Tagesdecke<\/a> im passenden Braunton sorgen f\u00fcr den zus\u00e4tzlichen Schliff an Gem\u00fctlichkeit in eurer Leseecke. Wanddekorationen mit Naturmotiven und Bilderrahmen aus Holz runden das harmonische Gesamtbild ab. Die Deko-Accessoires k\u00f6nnt ihr auf einem <a href=\"https:\/\/www.zurbrueggen.de\/schoener-wohnen-lamellen-paneel-yonna\/1410588\">Wandpaneel<\/a> platzieren, welches ebenfalls zum Look passt. <a href=\"https:\/\/www.zurbrueggen.de\/leuchten\/innenleuchten\/tischleuchten\/\">Nachttischlampen<\/a> mit warmem Licht sorgen f\u00fcr eine entspannte Stimmung, wenn ihr an rauen Winterabenden ein Buch in eurem <a href=\"https:\/\/www.zurbrueggen.de\/moebel\/schlafzimmer\/betten\/\">Bett <\/a>lesen wollt. <\/span><\/p>\n<p>&nbsp;<\/p>\n<figure id=\"attachment_7292\" aria-describedby=\"caption-attachment-7292\" style=\"width: 1200px\" class=\"wp-caption aligncenter\"><a href=\"https:\/\/www.zurbrueggen.de\/nowa-stehleuchte-norin-norin\/1416259\"><img loading=\"lazy\" decoding=\"async\" class=\"size-full wp-image-7292\" src=\"https:\/\/www.zurbrueggen.de\/magazin\/wp-content\/uploads\/2025\/01\/magazin-beitragsbild-4-m-mocha-mousse-20250108-151754.jpg\" alt=\"\" width=\"1200\" height=\"675\" \/><\/a><figcaption id=\"caption-attachment-7292\" class=\"wp-caption-text\">Espresso-Ton trifft Stil<\/figcaption><\/figure>\n<h5 style=\"text-align: left; padding-left: 150px;\">Warme Farbakzente f\u00fcr deinen Homeoffice-Bereich<\/h5>\n<p><span class=\"fliesstext\" style=\"font-family: Roboto, sans-serif; font-size: 16px; line-height: 24px; font-weight: 400;\"> Auch im <a href=\"https:\/\/www.zurbrueggen.de\/moebel\/buero\/\">Homeoffice<\/a> kann \u201eMocha Mousse\u201c seine beruhigende Wirkung entfalten. M\u00f6belst\u00fccke, wie ein eleganter <a href=\"https:\/\/www.zurbrueggen.de\/moebel\/buero\/buerotische\/\">Schreibtisch <\/a>aus Holz, mit einem bequemen <a href=\"https:\/\/www.zurbrueggen.de\/moebel\/esszimmer\/stuehle\/\">B\u00fcrostuhl<\/a> und <a href=\"https:\/\/www.zurbrueggen.de\/deko-textil\/dekoration\/\">Accessoires <\/a>in passendem Braun oder Beige, schaffen hierbei den Anfang. Durch die harmonische Farbgestaltung entsteht ein Raum, der nicht nur stilvoll, sondern auch produktivit\u00e4tsf\u00f6rdernd wirkt, wenn ihr von Zuhause aus arbeitet. Erg\u00e4nzen k\u00f6nnt ihr den Look mit <a href=\"https:\/\/www.zurbrueggen.de\/moebel\/buero\/bueroregale\/\">Regalen<\/a> in warmen Holzt\u00f6nen, die Platz f\u00fcr B\u00fccher und Dekoration bieten. Diese passen nicht nur perfekt zum Farbkonzept, sondern dienen auch als dekorative und vor allem praktische Elemente. Ein <a href=\"https:\/\/www.zurbrueggen.de\/moebel\/buero\/buerostuehle\/ergonomische-buerostuehle\/\">ergonomischer Stuhl<\/a> sorgt f\u00fcr Komfort w\u00e4hrend der Arbeit. Diesen k\u00f6nnt ihr mit einer w\u00e4rmenden Tagesdecke in Beige oder Braun ausstatten und selbst der triste <a href=\"https:\/\/www.zurbrueggen.de\/moebel\/buero\/buerostuehle\/\">B\u00fcrostuhl<\/a> f\u00fcgt sich in den Farbtrend ein. Durch Schreibutensilien und B\u00fcroaccessoires in Gold oder Kupfer sorgt ihr f\u00fcr edle Akzente und Abwechslung. Eine Pinnwand k\u00f6nnt ihr f\u00fcr Notizen und Inspirationen nutzen. So verleiht eurem Homeoffice-Platz eine harmonische und inspirierende Note. <\/span><\/p>\n<p>&nbsp;<\/p>\n<figure id=\"attachment_7156\" aria-describedby=\"caption-attachment-7156\" style=\"width: 1200px\" class=\"wp-caption aligncenter\"><a href=\"https:\/\/www.zurbrueggen.de\/karlsson-block-phone-charger-wecker\/1392075\"><img loading=\"lazy\" decoding=\"async\" class=\"size-full wp-image-7156\" src=\"https:\/\/www.zurbrueggen.de\/magazin\/wp-content\/uploads\/2025\/01\/magazin-beitragsbild-5-m-mocha-mousse-20250108-151754.jpg\" alt=\"\" width=\"1200\" height=\"675\" \/><\/a><figcaption id=\"caption-attachment-7156\" class=\"wp-caption-text\">Akzente in der Trendfarbe setzen<\/figcaption><\/figure>\n<h5 style=\"text-align: left; padding-left: 150px;\">Deko-Highlights mit der Pantone-Trendfarbe 2025<\/h5>\n<p><span class=\"fliesstext\" style=\"font-family: Roboto, sans-serif; font-size: 16px; line-height: 24px; font-weight: 400;\"> Wer es etwas subtiler mag, kann \u201eMocha Mousse\u201c gezielt als Akzentfarbe einsetzen. Dabei k\u00f6nnt ihr auf verschiedene <a href=\"https:\/\/www.zurbrueggen.de\/deko-textil\/dekoration\/\">Deko-Elemente<\/a> setzen oder aber auch die Farbe direkt an die Wand bringen. Angefangen bei der Deko, k\u00f6nnt ihr euer Zuhause mit Kunstwerken,<a href=\"https:\/\/www.zurbrueggen.de\/deko-textil\/dekoration\/vasen\/\"> Vasen <\/a>oder <a href=\"https:\/\/www.zurbrueggen.de\/deko-textil\/dekoration\/windlichter-kerzenstaender\/\">Kerzenhaltern <\/a>in diesem Farbton ausstatten, um stimmungsvolle Highlights zu setzen. Besonders gut l\u00e4sst sich \u201eMocha Mousse\u201c mit anderen Erdt\u00f6nen wie Beige, Sand und Olivgr\u00fcn kombinieren. Dadurch entsteht ein harmonisches Gesamtbild, welches dem Raum Ruhe und W\u00e4rme verleiht. Wer sich etwas mehr traut und direkt ganze W\u00e4nde bepinseln m\u00f6chte, dem raten wir klein anzufangen und erstmal eine einzelne Wand mit der Farbe zu schm\u00fccken. Entdeckt auf <a href=\"http:\/\/www.zurbrueggen.de\">www.zurbr\u00fcggen.de<\/a> <a href=\"https:\/\/www.zurbrueggen.de\/moebel\/\">M\u00f6bel<\/a> und <a href=\"https:\/\/www.zurbrueggen.de\/deko-textil\/dekoration\/\">Accessoires<\/a>, die euren R\u00e4umen passend dazu W\u00e4rme und Stil verleihen. Und schon ist auch euer Zuhause im Handumdrehen zum Trendsetter geworden und erstrahlt durch die Pantone Farbe des Jahres 2025 in v\u00f6llig neuen T\u00f6nen. <\/span><\/p>\n<p>&nbsp;<\/p>\n<p><a href=\"https:\/\/www.zurbrueggen.de\/mocha-mousse\"><img loading=\"lazy\" decoding=\"async\" class=\"aligncenter size-full wp-image-7164\" src=\"https:\/\/www.zurbrueggen.de\/magazin\/wp-content\/uploads\/2025\/01\/d19e6a5c-a4d4-4822-bd6d-af78321685f8.jpg\" alt=\"\" width=\"750\" height=\"320\" \/><\/a><\/p>\n","protected":false},"excerpt":{"rendered":"<p>Die Pantone-Farbe 2025, \u201eMocha Mousse\u201c bringt W\u00e4rme und Eleganz in eure vier W\u00e4nde. Mit unseren Tipps k\u00f6nnt ihr die Trendfarbe gezielt einsetzen und ein echtes Wohlf\u00fchl-Interieur erschaffen. Lasst euch inspirieren und entdeckt, wie M\u00f6bel, Accessoires und Dekoration in \u201eMocha Mousse\u201c das gesamte Jahr \u00fcber, f\u00fcr eine harmonische und einladende Atmosph\u00e4re sorgen.<\/p>\n","protected":false},"author":27,"featured_media":8547,"comment_status":"open","ping_status":"open","sticky":false,"template":"","format":"standard","meta":{"_acf_changed":false,"footnotes":""},"categories":[27],"tags":[1171,1286,1241,1190,1345,1303,1304,1344,1225,1114,1187,1192,1276,1291,1145],"class_list":["post-8533","post","type-post","status-publish","format-standard","has-post-thumbnail","hentry","category-trends-und-wissen","tag-einrichtungstrends","tag-gemuetlichkeit","tag-herbst","tag-moebel","tag-mocha-mousse","tag-pantone","tag-pantone-farbe","tag-pantone-farbe-2025","tag-schlafzimmer","tag-stil","tag-trend","tag-weihnachten","tag-wohnaccessoires","tag-wohnstil","tag-wohnzimmer"],"acf":[],"yoast_head":"<!-- This site is optimized with the Yoast SEO plugin v27.4 - https:\/\/yoast.com\/product\/yoast-seo-wordpress\/ -->\n<title>Mocha Mousse - Die Pantone Farbe des Jahres 2025<\/title>\n<meta name=\"description\" content=\"Die Pantone Farbe des Jahres Mocha Mousse bringt W\u00e4rme und Eleganz in eure vier W\u00e4nde. Mit unseren Tipps k\u00f6nnt ihr die Trendfarbe gezielt einsetzen.\" \/>\n<meta name=\"robots\" content=\"index, follow, max-snippet:-1, max-image-preview:large, max-video-preview:-1\" \/>\n<link rel=\"canonical\" href=\"https:\/\/www.zurbrueggen.de\/magazin\/mocha-mousse\/\" \/>\n<meta property=\"og:locale\" content=\"de_DE\" \/>\n<meta property=\"og:type\" content=\"article\" \/>\n<meta property=\"og:title\" content=\"Gem\u00fctliche Adventszeit - Bis jedes Lichtlein brennt\" \/>\n<meta property=\"og:description\" content=\"In diesem Beitrag haben wir passend zur Jahreszeit, glanzvolle Tipps und Ideen f\u00fcr eure perfekte und gem\u00fctliche Adventszeit Zuhause zusammengefasst.\" \/>\n<meta property=\"og:url\" content=\"https:\/\/www.zurbrueggen.de\/magazin\/mocha-mousse\/\" \/>\n<meta property=\"og:site_name\" content=\"Zurbr\u00fcggen magazin\" \/>\n<meta property=\"article:publisher\" content=\"https:\/\/facebook.com\/zurbrueggen\" \/>\n<meta property=\"article:published_time\" content=\"2025-01-15T07:26:16+00:00\" \/>\n<meta property=\"og:image\" content=\"https:\/\/www.zurbrueggen.de\/magazin\/wp-content\/uploads\/2025\/01\/magazin-beitragsbild-cta-m-mocha-mousse.jpg\" \/>\n\t<meta property=\"og:image:width\" content=\"1200\" \/>\n\t<meta property=\"og:image:height\" content=\"675\" \/>\n\t<meta property=\"og:image:type\" content=\"image\/jpeg\" \/>\n<meta name=\"author\" content=\"Julia Paschen\" \/>\n<script type=\"application\/ld+json\" class=\"yoast-schema-graph\">{\"@context\":\"https:\\\/\\\/schema.org\",\"@graph\":[{\"@type\":\"Article\",\"@id\":\"https:\\\/\\\/www.zurbrueggen.de\\\/magazin\\\/mocha-mousse\\\/#article\",\"isPartOf\":{\"@id\":\"https:\\\/\\\/www.zurbrueggen.de\\\/magazin\\\/mocha-mousse\\\/\"},\"author\":{\"name\":\"Julia Paschen\",\"@id\":\"https:\\\/\\\/www.zurbrueggen.de\\\/magazin\\\/#\\\/schema\\\/person\\\/5596ed176b1851c47a00e32190fbd9e8\"},\"headline\":\"Mocha Mousse\",\"datePublished\":\"2025-01-15T07:26:16+00:00\",\"mainEntityOfPage\":{\"@id\":\"https:\\\/\\\/www.zurbrueggen.de\\\/magazin\\\/mocha-mousse\\\/\"},\"wordCount\":815,\"commentCount\":0,\"publisher\":{\"@id\":\"https:\\\/\\\/www.zurbrueggen.de\\\/magazin\\\/#organization\"},\"image\":{\"@id\":\"https:\\\/\\\/www.zurbrueggen.de\\\/magazin\\\/mocha-mousse\\\/#primaryimage\"},\"thumbnailUrl\":\"https:\\\/\\\/www.zurbrueggen.de\\\/magazin\\\/wp-content\\\/uploads\\\/2025\\\/01\\\/magazin-beitragsbild-cta-m-mocha-mousse.jpg\",\"keywords\":[\"Einrichtungstrends\",\"Gem\u00fctlichkeit\",\"Herbst\",\"M\u00f6bel\",\"Mocha Mousse\",\"Pantone\",\"Pantone Farbe\",\"Pantone Farbe 2025\",\"Schlafzimmer\",\"Stil\",\"Trend\",\"Weihnachten\",\"Wohnaccessoires\",\"Wohnstil\",\"Wohnzimmer\"],\"articleSection\":[\"Trends &amp; Wissen\"],\"inLanguage\":\"de\",\"potentialAction\":[{\"@type\":\"CommentAction\",\"name\":\"Comment\",\"target\":[\"https:\\\/\\\/www.zurbrueggen.de\\\/magazin\\\/mocha-mousse\\\/#respond\"]}]},{\"@type\":\"WebPage\",\"@id\":\"https:\\\/\\\/www.zurbrueggen.de\\\/magazin\\\/mocha-mousse\\\/\",\"url\":\"https:\\\/\\\/www.zurbrueggen.de\\\/magazin\\\/mocha-mousse\\\/\",\"name\":\"Mocha Mousse - Die Pantone Farbe des Jahres 2025\",\"isPartOf\":{\"@id\":\"https:\\\/\\\/www.zurbrueggen.de\\\/magazin\\\/#website\"},\"primaryImageOfPage\":{\"@id\":\"https:\\\/\\\/www.zurbrueggen.de\\\/magazin\\\/mocha-mousse\\\/#primaryimage\"},\"image\":{\"@id\":\"https:\\\/\\\/www.zurbrueggen.de\\\/magazin\\\/mocha-mousse\\\/#primaryimage\"},\"thumbnailUrl\":\"https:\\\/\\\/www.zurbrueggen.de\\\/magazin\\\/wp-content\\\/uploads\\\/2025\\\/01\\\/magazin-beitragsbild-cta-m-mocha-mousse.jpg\",\"datePublished\":\"2025-01-15T07:26:16+00:00\",\"description\":\"Die Pantone Farbe des Jahres Mocha Mousse bringt W\u00e4rme und Eleganz in eure vier W\u00e4nde. Mit unseren Tipps k\u00f6nnt ihr die Trendfarbe gezielt einsetzen.\",\"breadcrumb\":{\"@id\":\"https:\\\/\\\/www.zurbrueggen.de\\\/magazin\\\/mocha-mousse\\\/#breadcrumb\"},\"inLanguage\":\"de\",\"potentialAction\":[{\"@type\":\"ReadAction\",\"target\":[\"https:\\\/\\\/www.zurbrueggen.de\\\/magazin\\\/mocha-mousse\\\/\"]}]},{\"@type\":\"ImageObject\",\"inLanguage\":\"de\",\"@id\":\"https:\\\/\\\/www.zurbrueggen.de\\\/magazin\\\/mocha-mousse\\\/#primaryimage\",\"url\":\"https:\\\/\\\/www.zurbrueggen.de\\\/magazin\\\/wp-content\\\/uploads\\\/2025\\\/01\\\/magazin-beitragsbild-cta-m-mocha-mousse.jpg\",\"contentUrl\":\"https:\\\/\\\/www.zurbrueggen.de\\\/magazin\\\/wp-content\\\/uploads\\\/2025\\\/01\\\/magazin-beitragsbild-cta-m-mocha-mousse.jpg\",\"width\":1200,\"height\":675},{\"@type\":\"BreadcrumbList\",\"@id\":\"https:\\\/\\\/www.zurbrueggen.de\\\/magazin\\\/mocha-mousse\\\/#breadcrumb\",\"itemListElement\":[{\"@type\":\"ListItem\",\"position\":1,\"name\":\"Startseite\",\"item\":\"https:\\\/\\\/www.zurbrueggen.de\\\/magazin\\\/\"},{\"@type\":\"ListItem\",\"position\":2,\"name\":\"Mocha Mousse\"}]},{\"@type\":\"WebSite\",\"@id\":\"https:\\\/\\\/www.zurbrueggen.de\\\/magazin\\\/#website\",\"url\":\"https:\\\/\\\/www.zurbrueggen.de\\\/magazin\\\/\",\"name\":\"Zurbr\u00fcggen magazin\",\"description\":\"DESIGN \u2022 STYLE \u2022 LIVING\",\"publisher\":{\"@id\":\"https:\\\/\\\/www.zurbrueggen.de\\\/magazin\\\/#organization\"},\"potentialAction\":[{\"@type\":\"SearchAction\",\"target\":{\"@type\":\"EntryPoint\",\"urlTemplate\":\"https:\\\/\\\/www.zurbrueggen.de\\\/magazin\\\/?s={search_term_string}\"},\"query-input\":{\"@type\":\"PropertyValueSpecification\",\"valueRequired\":true,\"valueName\":\"search_term_string\"}}],\"inLanguage\":\"de\"},{\"@type\":\"Organization\",\"@id\":\"https:\\\/\\\/www.zurbrueggen.de\\\/magazin\\\/#organization\",\"name\":\"Zurbr\u00fcggen Wohn-Zentrum GmbH\",\"url\":\"https:\\\/\\\/www.zurbrueggen.de\\\/magazin\\\/\",\"logo\":{\"@type\":\"ImageObject\",\"inLanguage\":\"de\",\"@id\":\"https:\\\/\\\/www.zurbrueggen.de\\\/magazin\\\/#\\\/schema\\\/logo\\\/image\\\/\",\"url\":\"https:\\\/\\\/www.zurbrueggen.de\\\/magazin\\\/wp-content\\\/uploads\\\/2016\\\/07\\\/logo_zurbrueggen.png\",\"contentUrl\":\"https:\\\/\\\/www.zurbrueggen.de\\\/magazin\\\/wp-content\\\/uploads\\\/2016\\\/07\\\/logo_zurbrueggen.png\",\"width\":400,\"height\":107,\"caption\":\"Zurbr\u00fcggen Wohn-Zentrum GmbH\"},\"image\":{\"@id\":\"https:\\\/\\\/www.zurbrueggen.de\\\/magazin\\\/#\\\/schema\\\/logo\\\/image\\\/\"},\"sameAs\":[\"https:\\\/\\\/facebook.com\\\/zurbrueggen\",\"https:\\\/\\\/x.com\\\/Zurbrueggen\"]},{\"@type\":\"Person\",\"@id\":\"https:\\\/\\\/www.zurbrueggen.de\\\/magazin\\\/#\\\/schema\\\/person\\\/5596ed176b1851c47a00e32190fbd9e8\",\"name\":\"Julia Paschen\",\"image\":{\"@type\":\"ImageObject\",\"inLanguage\":\"de\",\"@id\":\"https:\\\/\\\/secure.gravatar.com\\\/avatar\\\/000d1f6af0d913dc11958dffa0a2a27e1ec646f1fd674334902659ca07ac9752?s=96&d=mm&r=g\",\"url\":\"https:\\\/\\\/secure.gravatar.com\\\/avatar\\\/000d1f6af0d913dc11958dffa0a2a27e1ec646f1fd674334902659ca07ac9752?s=96&d=mm&r=g\",\"contentUrl\":\"https:\\\/\\\/secure.gravatar.com\\\/avatar\\\/000d1f6af0d913dc11958dffa0a2a27e1ec646f1fd674334902659ca07ac9752?s=96&d=mm&r=g\",\"caption\":\"Julia Paschen\"},\"url\":\"https:\\\/\\\/www.zurbrueggen.de\\\/magazin\\\/author\\\/j_paschen\\\/\"}]}<\/script>\n<!-- \/ Yoast SEO plugin. -->","yoast_head_json":{"title":"Mocha Mousse - Die Pantone Farbe des Jahres 2025","description":"Die Pantone Farbe des Jahres Mocha Mousse bringt W\u00e4rme und Eleganz in eure vier W\u00e4nde. Mit unseren Tipps k\u00f6nnt ihr die Trendfarbe gezielt einsetzen.","robots":{"index":"index","follow":"follow","max-snippet":"max-snippet:-1","max-image-preview":"max-image-preview:large","max-video-preview":"max-video-preview:-1"},"canonical":"https:\/\/www.zurbrueggen.de\/magazin\/mocha-mousse\/","og_locale":"de_DE","og_type":"article","og_title":"Gem\u00fctliche Adventszeit - Bis jedes Lichtlein brennt","og_description":"In diesem Beitrag haben wir passend zur Jahreszeit, glanzvolle Tipps und Ideen f\u00fcr eure perfekte und gem\u00fctliche Adventszeit Zuhause zusammengefasst.","og_url":"https:\/\/www.zurbrueggen.de\/magazin\/mocha-mousse\/","og_site_name":"Zurbr\u00fcggen magazin","article_publisher":"https:\/\/facebook.com\/zurbrueggen","article_published_time":"2025-01-15T07:26:16+00:00","og_image":[{"width":1200,"height":675,"url":"https:\/\/www.zurbrueggen.de\/magazin\/wp-content\/uploads\/2025\/01\/magazin-beitragsbild-cta-m-mocha-mousse.jpg","type":"image\/jpeg"}],"author":"Julia Paschen","schema":{"@context":"https:\/\/schema.org","@graph":[{"@type":"Article","@id":"https:\/\/www.zurbrueggen.de\/magazin\/mocha-mousse\/#article","isPartOf":{"@id":"https:\/\/www.zurbrueggen.de\/magazin\/mocha-mousse\/"},"author":{"name":"Julia Paschen","@id":"https:\/\/www.zurbrueggen.de\/magazin\/#\/schema\/person\/5596ed176b1851c47a00e32190fbd9e8"},"headline":"Mocha Mousse","datePublished":"2025-01-15T07:26:16+00:00","mainEntityOfPage":{"@id":"https:\/\/www.zurbrueggen.de\/magazin\/mocha-mousse\/"},"wordCount":815,"commentCount":0,"publisher":{"@id":"https:\/\/www.zurbrueggen.de\/magazin\/#organization"},"image":{"@id":"https:\/\/www.zurbrueggen.de\/magazin\/mocha-mousse\/#primaryimage"},"thumbnailUrl":"https:\/\/www.zurbrueggen.de\/magazin\/wp-content\/uploads\/2025\/01\/magazin-beitragsbild-cta-m-mocha-mousse.jpg","keywords":["Einrichtungstrends","Gem\u00fctlichkeit","Herbst","M\u00f6bel","Mocha Mousse","Pantone","Pantone Farbe","Pantone Farbe 2025","Schlafzimmer","Stil","Trend","Weihnachten","Wohnaccessoires","Wohnstil","Wohnzimmer"],"articleSection":["Trends &amp; Wissen"],"inLanguage":"de","potentialAction":[{"@type":"CommentAction","name":"Comment","target":["https:\/\/www.zurbrueggen.de\/magazin\/mocha-mousse\/#respond"]}]},{"@type":"WebPage","@id":"https:\/\/www.zurbrueggen.de\/magazin\/mocha-mousse\/","url":"https:\/\/www.zurbrueggen.de\/magazin\/mocha-mousse\/","name":"Mocha Mousse - Die Pantone Farbe des Jahres 2025","isPartOf":{"@id":"https:\/\/www.zurbrueggen.de\/magazin\/#website"},"primaryImageOfPage":{"@id":"https:\/\/www.zurbrueggen.de\/magazin\/mocha-mousse\/#primaryimage"},"image":{"@id":"https:\/\/www.zurbrueggen.de\/magazin\/mocha-mousse\/#primaryimage"},"thumbnailUrl":"https:\/\/www.zurbrueggen.de\/magazin\/wp-content\/uploads\/2025\/01\/magazin-beitragsbild-cta-m-mocha-mousse.jpg","datePublished":"2025-01-15T07:26:16+00:00","description":"Die Pantone Farbe des Jahres Mocha Mousse bringt W\u00e4rme und Eleganz in eure vier W\u00e4nde. Mit unseren Tipps k\u00f6nnt ihr die Trendfarbe gezielt einsetzen.","breadcrumb":{"@id":"https:\/\/www.zurbrueggen.de\/magazin\/mocha-mousse\/#breadcrumb"},"inLanguage":"de","potentialAction":[{"@type":"ReadAction","target":["https:\/\/www.zurbrueggen.de\/magazin\/mocha-mousse\/"]}]},{"@type":"ImageObject","inLanguage":"de","@id":"https:\/\/www.zurbrueggen.de\/magazin\/mocha-mousse\/#primaryimage","url":"https:\/\/www.zurbrueggen.de\/magazin\/wp-content\/uploads\/2025\/01\/magazin-beitragsbild-cta-m-mocha-mousse.jpg","contentUrl":"https:\/\/www.zurbrueggen.de\/magazin\/wp-content\/uploads\/2025\/01\/magazin-beitragsbild-cta-m-mocha-mousse.jpg","width":1200,"height":675},{"@type":"BreadcrumbList","@id":"https:\/\/www.zurbrueggen.de\/magazin\/mocha-mousse\/#breadcrumb","itemListElement":[{"@type":"ListItem","position":1,"name":"Startseite","item":"https:\/\/www.zurbrueggen.de\/magazin\/"},{"@type":"ListItem","position":2,"name":"Mocha Mousse"}]},{"@type":"WebSite","@id":"https:\/\/www.zurbrueggen.de\/magazin\/#website","url":"https:\/\/www.zurbrueggen.de\/magazin\/","name":"Zurbr\u00fcggen magazin","description":"DESIGN \u2022 STYLE \u2022 LIVING","publisher":{"@id":"https:\/\/www.zurbrueggen.de\/magazin\/#organization"},"potentialAction":[{"@type":"SearchAction","target":{"@type":"EntryPoint","urlTemplate":"https:\/\/www.zurbrueggen.de\/magazin\/?s={search_term_string}"},"query-input":{"@type":"PropertyValueSpecification","valueRequired":true,"valueName":"search_term_string"}}],"inLanguage":"de"},{"@type":"Organization","@id":"https:\/\/www.zurbrueggen.de\/magazin\/#organization","name":"Zurbr\u00fcggen Wohn-Zentrum GmbH","url":"https:\/\/www.zurbrueggen.de\/magazin\/","logo":{"@type":"ImageObject","inLanguage":"de","@id":"https:\/\/www.zurbrueggen.de\/magazin\/#\/schema\/logo\/image\/","url":"https:\/\/www.zurbrueggen.de\/magazin\/wp-content\/uploads\/2016\/07\/logo_zurbrueggen.png","contentUrl":"https:\/\/www.zurbrueggen.de\/magazin\/wp-content\/uploads\/2016\/07\/logo_zurbrueggen.png","width":400,"height":107,"caption":"Zurbr\u00fcggen Wohn-Zentrum GmbH"},"image":{"@id":"https:\/\/www.zurbrueggen.de\/magazin\/#\/schema\/logo\/image\/"},"sameAs":["https:\/\/facebook.com\/zurbrueggen","https:\/\/x.com\/Zurbrueggen"]},{"@type":"Person","@id":"https:\/\/www.zurbrueggen.de\/magazin\/#\/schema\/person\/5596ed176b1851c47a00e32190fbd9e8","name":"Julia Paschen","image":{"@type":"ImageObject","inLanguage":"de","@id":"https:\/\/secure.gravatar.com\/avatar\/000d1f6af0d913dc11958dffa0a2a27e1ec646f1fd674334902659ca07ac9752?s=96&d=mm&r=g","url":"https:\/\/secure.gravatar.com\/avatar\/000d1f6af0d913dc11958dffa0a2a27e1ec646f1fd674334902659ca07ac9752?s=96&d=mm&r=g","contentUrl":"https:\/\/secure.gravatar.com\/avatar\/000d1f6af0d913dc11958dffa0a2a27e1ec646f1fd674334902659ca07ac9752?s=96&d=mm&r=g","caption":"Julia Paschen"},"url":"https:\/\/www.zurbrueggen.de\/magazin\/author\/j_paschen\/"}]}},"_links":{"self":[{"href":"https:\/\/www.zurbrueggen.de\/magazin\/wp-json\/wp\/v2\/posts\/8533","targetHints":{"allow":["GET"]}}],"collection":[{"href":"https:\/\/www.zurbrueggen.de\/magazin\/wp-json\/wp\/v2\/posts"}],"about":[{"href":"https:\/\/www.zurbrueggen.de\/magazin\/wp-json\/wp\/v2\/types\/post"}],"author":[{"embeddable":true,"href":"https:\/\/www.zurbrueggen.de\/magazin\/wp-json\/wp\/v2\/users\/27"}],"replies":[{"embeddable":true,"href":"https:\/\/www.zurbrueggen.de\/magazin\/wp-json\/wp\/v2\/comments?post=8533"}],"version-history":[{"count":5,"href":"https:\/\/www.zurbrueggen.de\/magazin\/wp-json\/wp\/v2\/posts\/8533\/revisions"}],"predecessor-version":[{"id":8556,"href":"https:\/\/www.zurbrueggen.de\/magazin\/wp-json\/wp\/v2\/posts\/8533\/revisions\/8556"}],"wp:featuredmedia":[{"embeddable":true,"href":"https:\/\/www.zurbrueggen.de\/magazin\/wp-json\/wp\/v2\/media\/8547"}],"wp:attachment":[{"href":"https:\/\/www.zurbrueggen.de\/magazin\/wp-json\/wp\/v2\/media?parent=8533"}],"wp:term":[{"taxonomy":"category","embeddable":true,"href":"https:\/\/www.zurbrueggen.de\/magazin\/wp-json\/wp\/v2\/categories?post=8533"},{"taxonomy":"post_tag","embeddable":true,"href":"https:\/\/www.zurbrueggen.de\/magazin\/wp-json\/wp\/v2\/tags?post=8533"}],"curies":[{"name":"wp","href":"https:\/\/api.w.org\/{rel}","templated":true}]}}