{"id":8442,"date":"2024-12-11T08:59:25","date_gmt":"2024-12-11T07:59:25","guid":{"rendered":"https:\/\/www.zurbrueggen.de\/magazin\/?p=8442"},"modified":"2024-12-11T08:59:25","modified_gmt":"2024-12-11T07:59:25","slug":"winterlicher-kuechenzauber","status":"publish","type":"post","link":"https:\/\/www.zurbrueggen.de\/magazin\/winterlicher-kuechenzauber\/","title":{"rendered":"Winterlicher K\u00fcchenzauber"},"content":{"rendered":"<div class=\"mceTemp\"><\/div>\n<p><span class=\"vorschau\" style=\"font-family: 'Roboto Slab'; font-size: 22px; line-height: 34px; font-weight: 300; margin-top: 40px;\"> Die Winterzeit ist die perfekte Jahreszeit, um neue kulinarische Gen\u00fcsse zu entdecken. Kreativ k\u00f6nnt ihr euch durch saisonale Obst- und Gem\u00fcsesorten testen und in Kombination mit besonderen Gew\u00fcrzen die Kochfl\u00e4che unsicher machen. Die richtigen Tools helfen euch dann dabei. Wir zeigen euch die Must-Haves f\u00fcr einen winterlichen K\u00fcchenzauber, damit euer Weihnachtsfest mit den Liebsten zu einem echten Gourmet-Erlebnis wird. <\/span><\/p>\n<p><!--more--><\/p>\n<figure id=\"attachment_7292\" aria-describedby=\"caption-attachment-7292\" style=\"width: 1200px\" class=\"wp-caption aligncenter\"><a href=\"https:\/\/www.zurbrueggen.de\/kitchenaid-kuechenmaschine-artisan-5ksm175psejp\/1412524\"><img loading=\"lazy\" decoding=\"async\" class=\"size-full wp-image-7292\" src=\"https:\/\/www.zurbrueggen.de\/magazin\/wp-content\/uploads\/2024\/12\/magazin-beitragsbild-2-m-winterlicher-kuechenzauber.jpg\" alt=\"\" width=\"1200\" height=\"675\" \/><\/a><figcaption id=\"caption-attachment-7292\" class=\"wp-caption-text\">Ein wahres Allround-Talent<\/figcaption><\/figure>\n<h5 style=\"text-align: left; padding-left: 150px;\"> Weihnachtsgerichte &#8211; Einfach neu angerichtet? <\/h5>\n<p><span class=\"fliesstext\" style=\"font-family: Roboto, sans-serif; font-size: 16px; line-height: 24px; font-weight: 400;\"> Die Vorweihnachtszeit ist wie wir finden, die perfekte Jahreszeit, um sich kulinarisch zu verw\u00f6hnen und die heimische K\u00fcche in eine Genusswerkstatt zu verwandeln. Mit den richtigen K\u00fcchenger\u00e4ten k\u00f6nnt ihr fantastische Gerichte zaubern, die nicht nur den Gaumen, sondern auch das Herz erfreuen. Ein wahres Allround-Talent, welches euch bei so einigen Rezeptschritten die Arbeit abnimmt, ist die <a href=\"https:\/\/www.zurbrueggen.de\/kitchenaid-kuechenmaschine-4-8l-candy-apple-artisan\/1390152\">KitchenAid K\u00fcchenmaschine<\/a>. Mit ihrer Hilfe k\u00f6nnt ihr samtige Suppen und cremige Saucen kreieren, aber auch Teige f\u00fcr leckeres Geb\u00e4ck sind ohne eigene Muskelkraft schnell hergezaubert. Ein besonderes Tool, welches euch beim Schneiden von Obst und Gem\u00fcse hilft, ist der <a href=\"https:\/\/www.zurbrueggen.de\/genius-nicer-dicer-23-tlg.-chef-professional\/1379705\">Genius Nicer Dicer<\/a>. Verschiedene Aufs\u00e4tze helfen euch nicht nur beim Zerkleinern, sie erm\u00f6glichen euch kreativ zu werden und unterschiedliche Formen auszuprobieren. So werden Gurken beispielsweise in Spiralen geschnitten und Kartoffel-Ecken in Ihrer Form gleichm\u00e4\u00dfig perfektioniert. Dank dem praktischen K\u00fcchenhelfer k\u00f6nnt ihr selbst bereits bekannten Gerichten einen neuen Look verleihen und eure G\u00e4ste positiv \u00fcberraschen. <\/span><\/p>\n<p>&nbsp;<\/p>\n<figure id=\"attachment_7292\" aria-describedby=\"caption-attachment-7292\" style=\"width: 1200px\" class=\"wp-caption aligncenter\"><a href=\"https:\/\/www.zurbrueggen.de\/le-creuset-braeter-rund-24cm-schwarz-signature\/0123557\"><img loading=\"lazy\" decoding=\"async\" class=\"size-full wp-image-7292\" \" src=\"https:\/\/www.zurbrueggen.de\/magazin\/wp-content\/uploads\/2024\/12\/magazin-beitragsbild-3-m-winterlicher-kuechenzauber.jpg\" alt=\"\" width=\"1200\" height=\"675\" \/><\/a><figcaption id=\"caption-attachment-7292\" class=\"wp-caption-text\">LE CREUSET: Der Gourmet-Profitopf<\/figcaption><\/figure>\n<h5 style=\"text-align: left; padding-left: 150px;\">Kn\u00f6del auf kulinarischer Mission<\/h5>\n<p><span class=\"fliesstext\" style=\"font-family: Roboto, sans-serif; font-size: 16px; line-height: 24px; font-weight: 400;\"> Ihr wollt eure Liebsten dieses Jahr unbedingt von euren Kochk\u00fcnsten \u00fcberzeugen, m\u00f6gt aber nicht von traditionellen Gerichten abweichen? Kein Problem! Wir haben ein Hauptgericht f\u00fcr euch, mit dem Ihr nicht auf altbew\u00e4hrte beliebte Speisen verzichten m\u00fcsst, ihr euren G\u00e4sten dennoch etwas Neues auf dem <a href=\"https:\/\/www.zurbrueggen.de\/haushalt\/geschirr\/teller\/\">Teller<\/a> bieten k\u00f6nnt. Eine der bekanntesten Beilagen sind Kn\u00f6del, die meist zum Hauptgang am <a href=\"https:\/\/www.zurbrueggen.de\/moebel\/esszimmer\/esstische\/\">Esstisch<\/a> serviert werden. Um diese neu anzurichten, ben\u00f6tigt ihr einen <a href=\"https:\/\/www.zurbrueggen.de\/haushalt\/kochen\/toepfe\/kochtoepfe\/\">Kochtopf<\/a>, in dem ihr sie zuerst nach Rezept oder Anleitung kocht. Seid ihr damit fertig, lasst ihr die Kn\u00f6del etwas abk\u00fchlen und fangt dann an sie mit einem Messer zu halbieren. Die H\u00e4lften schneidet ihr dann in Streifen, denn daraus entstehen die Kn\u00f6del-Fries. Eingepinselt mit \u00d6l und Gew\u00fcrzen eurer Wahl, kommen sie dann auf dem <a href=\"https:\/\/www.zurbrueggen.de\/dr.-oetker-backblech-backidee\/1239406\">Backblech<\/a> f\u00fcr 15 Minuten bei 190 Grad Umluft in den Ofen. Fertig sind die knusprigen Pommes, im Kn\u00f6del-Style. Passend dazu, k\u00f6nnt ihr in <a href=\"https:\/\/www.zurbrueggen.de\/ritzenhoff-breker-dipschale-troms\/1397709\">Dip-Schalen<\/a> eine fruchtige Preiselbeer-Mayo servieren. <\/span><\/p>\n<p>&nbsp;<\/p>\n<figure id=\"attachment_7292\" aria-describedby=\"caption-attachment-7292\" style=\"width: 1200px\" class=\"wp-caption aligncenter\"><a href=\"https:\/\/www.zurbrueggen.de\/staub-cocotte-set-4-tlg.\/1285638\"><img loading=\"lazy\" decoding=\"async\" class=\"size-full wp-image-7292\" src=\"https:\/\/www.zurbrueggen.de\/magazin\/wp-content\/uploads\/2024\/12\/magazin-beitragsbild-4-m-winterlicher-kuechenzauber.jpg\" alt=\"\" width=\"1200\" height=\"675\" \/><\/a><figcaption id=\"caption-attachment-7292\" class=\"wp-caption-text\">Stilvoll pr\u00e4sentiert<\/figcaption><\/figure>\n<h5 style=\"text-align: left; padding-left: 150px;\">Stilvoll angerichtet<\/h5>\n<p><span class=\"fliesstext\" style=\"font-family: Roboto, sans-serif; font-size: 16px; line-height: 24px; font-weight: 400;\">W\u00e4hrend eure Kn\u00f6del-Fries etwas weniger Vorbereitungszeit ben\u00f6tigen, solltet ihr etwas mehr Zeit in den Braten investieren. Denn dieser ist meist das Herzst\u00fcck eines weihnachtlichen Men\u00fcs. Mit einem digitalen <a href=\"https:\/\/www.zurbrueggen.de\/gefu-digitales-bratenthermometer-tempere\/1038150\">Bratenthermometer<\/a> gelingen euch dabei zarte Fleischgerichte auf den Punkt genau. Aber auch ein<a href=\"https:\/\/www.zurbrueggen.de\/le-creuset-braeter-26cm-creme-tradition\/1399430\"> Br\u00e4ter von Le Creuset<\/a> wird euren Anspr\u00fcchen an einen genussvollen Braten gerecht. Mit dem Br\u00e4ter aus hochwertigem Gusseisen k\u00f6nnt ihr euer Fleisch schmoren, braten oder langsam garen. Ein Dampfgarer bewahrt beim Kochen, dann die Vitamine und Aromen vom Gem\u00fcse. Nun fehlt nur noch das Dessert! Dazu ben\u00f6tigt ihr Zimteis, welches ihr aus Vanilleschoten-Mark, 400g gezuckerter Kondensmilch, 500g Sahne und 2TL Zimt anfertigt. Vermengt alle Zutaten gut miteinander und f\u00fcllt die fertige Mischung anschlie\u00dfend in Stern-Silikonformen, welche f\u00fcr 3-4 Stunden in die Tiefk\u00fchltruhe kommen. Angerichtet wird es passend in sternformenden Schalen. Dr\u00fcckt dazu die Eis-Sterne aus Ihrer Form, direkt in die Schale. Zum Schluss wird nur noch etwas Zimt in einem Sieb \u00fcber das Eis gestreut.<\/span><\/p>\n<p>&nbsp;<\/p>\n<figure id=\"attachment_7156\" aria-describedby=\"caption-attachment-7156\" style=\"width: 1200px\" class=\"wp-caption aligncenter\"><a href=\"https:\/\/www.zurbrueggen.de\/fink-ricardo-leuchter-4-flm.\/1412309\"><img loading=\"lazy\" decoding=\"async\" class=\"size-full wp-image-7156\" src=\"https:\/\/www.zurbrueggen.de\/magazin\/wp-content\/uploads\/2024\/12\/magazin-beitragsbild-5-m-winterlicher-kuechenzauber.jpg\" alt=\"\" width=\"1200\" height=\"675\" \/><\/a><figcaption id=\"caption-attachment-7156\" class=\"wp-caption-text\">Ein behagliches Ambiente<\/figcaption><\/figure>\n<h5 style=\"text-align: left; padding-left: 150px;\"> Stimmungsvolle Tisch-Deko <\/h5>\n<p><span class=\"fliesstext\" style=\"font-family: Roboto, sans-serif; font-size: 16px; line-height: 24px; font-weight: 400;\"> Bei eurem festlichen Essen darf nat\u00fcrlich die passende <a href=\"https:\/\/www.zurbrueggen.de\/deko-textil\/dekoration\/\">Tisch-Deko<\/a> nicht fehlen. Ein liebevoll dekorierter Essplatz ist dabei ein Muss. Hier k\u00f6nnt ihr Servietten nutzen, die mit Sisalband zusammengebunden werden. F\u00fcgt dann noch einen Tannenzweig hinzu \u2013 und schon habt ihr ein weihnachtliches Highlight auf dem <a href=\"https:\/\/www.zurbrueggen.de\/haushalt\/geschirr\/teller\/\">Essteller<\/a>. Um die Wartezeit zwischen den G\u00e4ngen zu vers\u00fc\u00dfen, bieten sich kleine Snacks wie N\u00fcsse oder Pl\u00e4tzchen an. Besonders sch\u00f6n ist daf\u00fcr die <a href=\"https:\/\/www.zurbrueggen.de\/leonardo-dose-baum-capanna\/1393030\">Leonardo Dose<\/a> aus Glas in Tannenbaum-Optik. Zwischen <a href=\"https:\/\/www.zurbrueggen.de\/deko-textil\/dekoration\/windlichter-kerzenstaender\/kerzen\/\">Kerzen<\/a> und <a href=\"https:\/\/www.zurbrueggen.de\/deko-textil\/dekoration\/weihnachten\/lichterketten-leuchtobjekte\/\">Lichterketten<\/a> machen sich auch <a href=\"https:\/\/www.zurbrueggen.de\/deko-textil\/dekoration\/weihnachten\/weihnachtsbaumschmuck\/\">Weihnachtsbaumkugeln<\/a> gut auf dem Tisch. Haltet euch an weihnachtliche Farben wie Gr\u00fcn und Dunkelrot, um Akzente zu setzen. Zu den leuchtenden Klassikern geh\u00f6ren auch kleine <a href=\"https:\/\/www.zurbrueggen.de\/werner-voss-teelichthalter-haus\/1353601\">Teelicht-H\u00e4user<\/a>. Diese k\u00f6nnt ihr einzeln oder als kleine Stadt auf dem Tisch arrangieren. Und w\u00e4hrend der Kerzenschein dann den Raum erhellt, k\u00f6nnt ihr euer perfektes Weihnachtsessen mit euren Liebsten genie\u00dfen. Wir w\u00fcnschen euch eine harmonische und funkelnde Zeit!<\/span><\/p>\n<p>&nbsp;<\/p>\n<p><a href=\"https:\/\/www.zurbrueggen.de\/winterlicher-kuechenzauber\"><img loading=\"lazy\" decoding=\"async\" class=\"aligncenter size-full wp-image-7164\" src=\"https:\/\/www.zurbrueggen.de\/magazin\/wp-content\/uploads\/2024\/12\/magazin-footer-mobil-winterlicher-kuechenzauber.jpg\" alt=\"\" width=\"750\" height=\"320\" \/><\/a><\/p>\n","protected":false},"excerpt":{"rendered":"<p>Die Winterzeit ist die perfekte Jahreszeit, um neue kulinarische Gen\u00fcsse zu entdecken. Kreativ k\u00f6nnt ihr euch durch saisonale Obst- und Gem\u00fcsesorten testen und in Kombination mit besonderen Gew\u00fcrzen die Kochfl\u00e4che unsicher machen. Die richtigen Tools helfen euch dann dabei. Wir zeigen euch die Must-Haves f\u00fcr einen winterlichen K\u00fcchenzauber, damit euer Weihnachtsfest mit den Liebsten zu [&hellip;]<\/p>\n","protected":false},"author":27,"featured_media":8488,"comment_status":"open","ping_status":"open","sticky":false,"template":"","format":"standard","meta":{"_acf_changed":false,"footnotes":""},"categories":[27],"tags":[1252,1188,1155,1171,1286,1241,1333,1331,1190,1114,1187,1258,1276,1291,1145],"class_list":["post-8442","post","type-post","status-publish","format-standard","has-post-thumbnail","hentry","category-trends-und-wissen","tag-advent","tag-dekoration","tag-dekoration-deko-accessoires-weihnachten-schmuecken-dekorieren-tannenbaum-christbaum","tag-einrichtungstrends","tag-gemuetlichkeit","tag-herbst","tag-herbstdeko","tag-mepal","tag-moebel","tag-stil","tag-trend","tag-weihnachtsdeko","tag-wohnaccessoires","tag-wohnstil","tag-wohnzimmer"],"acf":[],"yoast_head":"<!-- This site is optimized with the Yoast SEO plugin v27.4 - https:\/\/yoast.com\/product\/yoast-seo-wordpress\/ -->\n<title>Winterlicher K\u00fcchenzauber - Zimtstern-Eis und Kn\u00f6del-fries<\/title>\n<meta name=\"description\" content=\"Wir zeigen euch die Must-Haves f\u00fcr einen winterlichen K\u00fcchenzauber, damit euer Weihnachtsfest mit den Liebsten zu einem echten Gourmet-Erlebnis wird.\" \/>\n<meta name=\"robots\" content=\"index, follow, max-snippet:-1, max-image-preview:large, max-video-preview:-1\" \/>\n<link rel=\"canonical\" href=\"https:\/\/www.zurbrueggen.de\/magazin\/winterlicher-kuechenzauber\/\" \/>\n<meta property=\"og:locale\" content=\"de_DE\" \/>\n<meta property=\"og:type\" content=\"article\" \/>\n<meta property=\"og:title\" content=\"Winterlicher K\u00fcchenzauber - Zimtstern-Eis und Kn\u00f6del-fries\" \/>\n<meta property=\"og:description\" content=\"Die Winterzeit ist die perfekte Jahreszeit, um neue kulinarische Gen\u00fcsse zu entdecken. Kreativ k\u00f6nnt ihr euch durch saisonale Obst- und Gem\u00fcsesorten testen und in Kombination mit besonderen Gew\u00fcrzen die Kochfl\u00e4che unsicher machen. Die richtigen Tools helfen euch dann dabei. Wir zeigen euch die Must-Haves f\u00fcr einen winterlichen K\u00fcchenzauber, damit euer Weihnachtsfest mit den Liebsten zu einem echten Gourmet-Erlebnis wird.\" \/>\n<meta property=\"og:url\" content=\"https:\/\/www.zurbrueggen.de\/magazin\/winterlicher-kuechenzauber\/\" \/>\n<meta property=\"og:site_name\" content=\"Zurbr\u00fcggen magazin\" \/>\n<meta property=\"article:publisher\" content=\"https:\/\/facebook.com\/zurbrueggen\" \/>\n<meta property=\"article:published_time\" content=\"2024-12-11T07:59:25+00:00\" \/>\n<meta property=\"og:image\" content=\"https:\/\/www.zurbrueggen.de\/magazin\/wp-content\/uploads\/2024\/12\/magazin-beitragsbild-cta-m-winterlicher-kuechenzauber.jpg\" \/>\n\t<meta property=\"og:image:width\" content=\"1200\" \/>\n\t<meta property=\"og:image:height\" content=\"675\" \/>\n\t<meta property=\"og:image:type\" content=\"image\/jpeg\" \/>\n<meta name=\"author\" content=\"Julia Paschen\" \/>\n<script type=\"application\/ld+json\" class=\"yoast-schema-graph\">{\"@context\":\"https:\\\/\\\/schema.org\",\"@graph\":[{\"@type\":\"Article\",\"@id\":\"https:\\\/\\\/www.zurbrueggen.de\\\/magazin\\\/winterlicher-kuechenzauber\\\/#article\",\"isPartOf\":{\"@id\":\"https:\\\/\\\/www.zurbrueggen.de\\\/magazin\\\/winterlicher-kuechenzauber\\\/\"},\"author\":{\"name\":\"Julia Paschen\",\"@id\":\"https:\\\/\\\/www.zurbrueggen.de\\\/magazin\\\/#\\\/schema\\\/person\\\/5596ed176b1851c47a00e32190fbd9e8\"},\"headline\":\"Winterlicher K\u00fcchenzauber\",\"datePublished\":\"2024-12-11T07:59:25+00:00\",\"mainEntityOfPage\":{\"@id\":\"https:\\\/\\\/www.zurbrueggen.de\\\/magazin\\\/winterlicher-kuechenzauber\\\/\"},\"wordCount\":256,\"commentCount\":0,\"publisher\":{\"@id\":\"https:\\\/\\\/www.zurbrueggen.de\\\/magazin\\\/#organization\"},\"image\":{\"@id\":\"https:\\\/\\\/www.zurbrueggen.de\\\/magazin\\\/winterlicher-kuechenzauber\\\/#primaryimage\"},\"thumbnailUrl\":\"https:\\\/\\\/www.zurbrueggen.de\\\/magazin\\\/wp-content\\\/uploads\\\/2024\\\/12\\\/magazin-beitragsbild-cta-m-winterlicher-kuechenzauber.jpg\",\"keywords\":[\"Advent\",\"Dekoration\",\"Dekoration; Deko; Accessoires; Weihnachten; Schm\u00fccken; Dekorieren; Tannenbaum; Christbaum\",\"Einrichtungstrends\",\"Gem\u00fctlichkeit\",\"Herbst\",\"Herbstdeko\",\"Mepal\",\"M\u00f6bel\",\"Stil\",\"Trend\",\"Weihnachtsdeko\",\"Wohnaccessoires\",\"Wohnstil\",\"Wohnzimmer\"],\"articleSection\":[\"Trends &amp; Wissen\"],\"inLanguage\":\"de\",\"potentialAction\":[{\"@type\":\"CommentAction\",\"name\":\"Comment\",\"target\":[\"https:\\\/\\\/www.zurbrueggen.de\\\/magazin\\\/winterlicher-kuechenzauber\\\/#respond\"]}]},{\"@type\":\"WebPage\",\"@id\":\"https:\\\/\\\/www.zurbrueggen.de\\\/magazin\\\/winterlicher-kuechenzauber\\\/\",\"url\":\"https:\\\/\\\/www.zurbrueggen.de\\\/magazin\\\/winterlicher-kuechenzauber\\\/\",\"name\":\"Winterlicher K\u00fcchenzauber - Zimtstern-Eis und Kn\u00f6del-fries\",\"isPartOf\":{\"@id\":\"https:\\\/\\\/www.zurbrueggen.de\\\/magazin\\\/#website\"},\"primaryImageOfPage\":{\"@id\":\"https:\\\/\\\/www.zurbrueggen.de\\\/magazin\\\/winterlicher-kuechenzauber\\\/#primaryimage\"},\"image\":{\"@id\":\"https:\\\/\\\/www.zurbrueggen.de\\\/magazin\\\/winterlicher-kuechenzauber\\\/#primaryimage\"},\"thumbnailUrl\":\"https:\\\/\\\/www.zurbrueggen.de\\\/magazin\\\/wp-content\\\/uploads\\\/2024\\\/12\\\/magazin-beitragsbild-cta-m-winterlicher-kuechenzauber.jpg\",\"datePublished\":\"2024-12-11T07:59:25+00:00\",\"description\":\"Wir zeigen euch die Must-Haves f\u00fcr einen winterlichen K\u00fcchenzauber, damit euer Weihnachtsfest mit den Liebsten zu einem echten Gourmet-Erlebnis wird.\",\"breadcrumb\":{\"@id\":\"https:\\\/\\\/www.zurbrueggen.de\\\/magazin\\\/winterlicher-kuechenzauber\\\/#breadcrumb\"},\"inLanguage\":\"de\",\"potentialAction\":[{\"@type\":\"ReadAction\",\"target\":[\"https:\\\/\\\/www.zurbrueggen.de\\\/magazin\\\/winterlicher-kuechenzauber\\\/\"]}]},{\"@type\":\"ImageObject\",\"inLanguage\":\"de\",\"@id\":\"https:\\\/\\\/www.zurbrueggen.de\\\/magazin\\\/winterlicher-kuechenzauber\\\/#primaryimage\",\"url\":\"https:\\\/\\\/www.zurbrueggen.de\\\/magazin\\\/wp-content\\\/uploads\\\/2024\\\/12\\\/magazin-beitragsbild-cta-m-winterlicher-kuechenzauber.jpg\",\"contentUrl\":\"https:\\\/\\\/www.zurbrueggen.de\\\/magazin\\\/wp-content\\\/uploads\\\/2024\\\/12\\\/magazin-beitragsbild-cta-m-winterlicher-kuechenzauber.jpg\",\"width\":1200,\"height\":675},{\"@type\":\"BreadcrumbList\",\"@id\":\"https:\\\/\\\/www.zurbrueggen.de\\\/magazin\\\/winterlicher-kuechenzauber\\\/#breadcrumb\",\"itemListElement\":[{\"@type\":\"ListItem\",\"position\":1,\"name\":\"Startseite\",\"item\":\"https:\\\/\\\/www.zurbrueggen.de\\\/magazin\\\/\"},{\"@type\":\"ListItem\",\"position\":2,\"name\":\"Winterlicher K\u00fcchenzauber\"}]},{\"@type\":\"WebSite\",\"@id\":\"https:\\\/\\\/www.zurbrueggen.de\\\/magazin\\\/#website\",\"url\":\"https:\\\/\\\/www.zurbrueggen.de\\\/magazin\\\/\",\"name\":\"Zurbr\u00fcggen magazin\",\"description\":\"DESIGN \u2022 STYLE \u2022 LIVING\",\"publisher\":{\"@id\":\"https:\\\/\\\/www.zurbrueggen.de\\\/magazin\\\/#organization\"},\"potentialAction\":[{\"@type\":\"SearchAction\",\"target\":{\"@type\":\"EntryPoint\",\"urlTemplate\":\"https:\\\/\\\/www.zurbrueggen.de\\\/magazin\\\/?s={search_term_string}\"},\"query-input\":{\"@type\":\"PropertyValueSpecification\",\"valueRequired\":true,\"valueName\":\"search_term_string\"}}],\"inLanguage\":\"de\"},{\"@type\":\"Organization\",\"@id\":\"https:\\\/\\\/www.zurbrueggen.de\\\/magazin\\\/#organization\",\"name\":\"Zurbr\u00fcggen Wohn-Zentrum GmbH\",\"url\":\"https:\\\/\\\/www.zurbrueggen.de\\\/magazin\\\/\",\"logo\":{\"@type\":\"ImageObject\",\"inLanguage\":\"de\",\"@id\":\"https:\\\/\\\/www.zurbrueggen.de\\\/magazin\\\/#\\\/schema\\\/logo\\\/image\\\/\",\"url\":\"https:\\\/\\\/www.zurbrueggen.de\\\/magazin\\\/wp-content\\\/uploads\\\/2016\\\/07\\\/logo_zurbrueggen.png\",\"contentUrl\":\"https:\\\/\\\/www.zurbrueggen.de\\\/magazin\\\/wp-content\\\/uploads\\\/2016\\\/07\\\/logo_zurbrueggen.png\",\"width\":400,\"height\":107,\"caption\":\"Zurbr\u00fcggen Wohn-Zentrum GmbH\"},\"image\":{\"@id\":\"https:\\\/\\\/www.zurbrueggen.de\\\/magazin\\\/#\\\/schema\\\/logo\\\/image\\\/\"},\"sameAs\":[\"https:\\\/\\\/facebook.com\\\/zurbrueggen\",\"https:\\\/\\\/x.com\\\/Zurbrueggen\"]},{\"@type\":\"Person\",\"@id\":\"https:\\\/\\\/www.zurbrueggen.de\\\/magazin\\\/#\\\/schema\\\/person\\\/5596ed176b1851c47a00e32190fbd9e8\",\"name\":\"Julia Paschen\",\"image\":{\"@type\":\"ImageObject\",\"inLanguage\":\"de\",\"@id\":\"https:\\\/\\\/secure.gravatar.com\\\/avatar\\\/000d1f6af0d913dc11958dffa0a2a27e1ec646f1fd674334902659ca07ac9752?s=96&d=mm&r=g\",\"url\":\"https:\\\/\\\/secure.gravatar.com\\\/avatar\\\/000d1f6af0d913dc11958dffa0a2a27e1ec646f1fd674334902659ca07ac9752?s=96&d=mm&r=g\",\"contentUrl\":\"https:\\\/\\\/secure.gravatar.com\\\/avatar\\\/000d1f6af0d913dc11958dffa0a2a27e1ec646f1fd674334902659ca07ac9752?s=96&d=mm&r=g\",\"caption\":\"Julia Paschen\"},\"url\":\"https:\\\/\\\/www.zurbrueggen.de\\\/magazin\\\/author\\\/j_paschen\\\/\"}]}<\/script>\n<!-- \/ Yoast SEO plugin. -->","yoast_head_json":{"title":"Winterlicher K\u00fcchenzauber - Zimtstern-Eis und Kn\u00f6del-fries","description":"Wir zeigen euch die Must-Haves f\u00fcr einen winterlichen K\u00fcchenzauber, damit euer Weihnachtsfest mit den Liebsten zu einem echten Gourmet-Erlebnis wird.","robots":{"index":"index","follow":"follow","max-snippet":"max-snippet:-1","max-image-preview":"max-image-preview:large","max-video-preview":"max-video-preview:-1"},"canonical":"https:\/\/www.zurbrueggen.de\/magazin\/winterlicher-kuechenzauber\/","og_locale":"de_DE","og_type":"article","og_title":"Winterlicher K\u00fcchenzauber - Zimtstern-Eis und Kn\u00f6del-fries","og_description":"Die Winterzeit ist die perfekte Jahreszeit, um neue kulinarische Gen\u00fcsse zu entdecken. Kreativ k\u00f6nnt ihr euch durch saisonale Obst- und Gem\u00fcsesorten testen und in Kombination mit besonderen Gew\u00fcrzen die Kochfl\u00e4che unsicher machen. Die richtigen Tools helfen euch dann dabei. Wir zeigen euch die Must-Haves f\u00fcr einen winterlichen K\u00fcchenzauber, damit euer Weihnachtsfest mit den Liebsten zu einem echten Gourmet-Erlebnis wird.","og_url":"https:\/\/www.zurbrueggen.de\/magazin\/winterlicher-kuechenzauber\/","og_site_name":"Zurbr\u00fcggen magazin","article_publisher":"https:\/\/facebook.com\/zurbrueggen","article_published_time":"2024-12-11T07:59:25+00:00","og_image":[{"width":1200,"height":675,"url":"https:\/\/www.zurbrueggen.de\/magazin\/wp-content\/uploads\/2024\/12\/magazin-beitragsbild-cta-m-winterlicher-kuechenzauber.jpg","type":"image\/jpeg"}],"author":"Julia Paschen","schema":{"@context":"https:\/\/schema.org","@graph":[{"@type":"Article","@id":"https:\/\/www.zurbrueggen.de\/magazin\/winterlicher-kuechenzauber\/#article","isPartOf":{"@id":"https:\/\/www.zurbrueggen.de\/magazin\/winterlicher-kuechenzauber\/"},"author":{"name":"Julia Paschen","@id":"https:\/\/www.zurbrueggen.de\/magazin\/#\/schema\/person\/5596ed176b1851c47a00e32190fbd9e8"},"headline":"Winterlicher K\u00fcchenzauber","datePublished":"2024-12-11T07:59:25+00:00","mainEntityOfPage":{"@id":"https:\/\/www.zurbrueggen.de\/magazin\/winterlicher-kuechenzauber\/"},"wordCount":256,"commentCount":0,"publisher":{"@id":"https:\/\/www.zurbrueggen.de\/magazin\/#organization"},"image":{"@id":"https:\/\/www.zurbrueggen.de\/magazin\/winterlicher-kuechenzauber\/#primaryimage"},"thumbnailUrl":"https:\/\/www.zurbrueggen.de\/magazin\/wp-content\/uploads\/2024\/12\/magazin-beitragsbild-cta-m-winterlicher-kuechenzauber.jpg","keywords":["Advent","Dekoration","Dekoration; Deko; Accessoires; Weihnachten; Schm\u00fccken; Dekorieren; Tannenbaum; Christbaum","Einrichtungstrends","Gem\u00fctlichkeit","Herbst","Herbstdeko","Mepal","M\u00f6bel","Stil","Trend","Weihnachtsdeko","Wohnaccessoires","Wohnstil","Wohnzimmer"],"articleSection":["Trends &amp; Wissen"],"inLanguage":"de","potentialAction":[{"@type":"CommentAction","name":"Comment","target":["https:\/\/www.zurbrueggen.de\/magazin\/winterlicher-kuechenzauber\/#respond"]}]},{"@type":"WebPage","@id":"https:\/\/www.zurbrueggen.de\/magazin\/winterlicher-kuechenzauber\/","url":"https:\/\/www.zurbrueggen.de\/magazin\/winterlicher-kuechenzauber\/","name":"Winterlicher K\u00fcchenzauber - Zimtstern-Eis und Kn\u00f6del-fries","isPartOf":{"@id":"https:\/\/www.zurbrueggen.de\/magazin\/#website"},"primaryImageOfPage":{"@id":"https:\/\/www.zurbrueggen.de\/magazin\/winterlicher-kuechenzauber\/#primaryimage"},"image":{"@id":"https:\/\/www.zurbrueggen.de\/magazin\/winterlicher-kuechenzauber\/#primaryimage"},"thumbnailUrl":"https:\/\/www.zurbrueggen.de\/magazin\/wp-content\/uploads\/2024\/12\/magazin-beitragsbild-cta-m-winterlicher-kuechenzauber.jpg","datePublished":"2024-12-11T07:59:25+00:00","description":"Wir zeigen euch die Must-Haves f\u00fcr einen winterlichen K\u00fcchenzauber, damit euer Weihnachtsfest mit den Liebsten zu einem echten Gourmet-Erlebnis wird.","breadcrumb":{"@id":"https:\/\/www.zurbrueggen.de\/magazin\/winterlicher-kuechenzauber\/#breadcrumb"},"inLanguage":"de","potentialAction":[{"@type":"ReadAction","target":["https:\/\/www.zurbrueggen.de\/magazin\/winterlicher-kuechenzauber\/"]}]},{"@type":"ImageObject","inLanguage":"de","@id":"https:\/\/www.zurbrueggen.de\/magazin\/winterlicher-kuechenzauber\/#primaryimage","url":"https:\/\/www.zurbrueggen.de\/magazin\/wp-content\/uploads\/2024\/12\/magazin-beitragsbild-cta-m-winterlicher-kuechenzauber.jpg","contentUrl":"https:\/\/www.zurbrueggen.de\/magazin\/wp-content\/uploads\/2024\/12\/magazin-beitragsbild-cta-m-winterlicher-kuechenzauber.jpg","width":1200,"height":675},{"@type":"BreadcrumbList","@id":"https:\/\/www.zurbrueggen.de\/magazin\/winterlicher-kuechenzauber\/#breadcrumb","itemListElement":[{"@type":"ListItem","position":1,"name":"Startseite","item":"https:\/\/www.zurbrueggen.de\/magazin\/"},{"@type":"ListItem","position":2,"name":"Winterlicher K\u00fcchenzauber"}]},{"@type":"WebSite","@id":"https:\/\/www.zurbrueggen.de\/magazin\/#website","url":"https:\/\/www.zurbrueggen.de\/magazin\/","name":"Zurbr\u00fcggen magazin","description":"DESIGN \u2022 STYLE \u2022 LIVING","publisher":{"@id":"https:\/\/www.zurbrueggen.de\/magazin\/#organization"},"potentialAction":[{"@type":"SearchAction","target":{"@type":"EntryPoint","urlTemplate":"https:\/\/www.zurbrueggen.de\/magazin\/?s={search_term_string}"},"query-input":{"@type":"PropertyValueSpecification","valueRequired":true,"valueName":"search_term_string"}}],"inLanguage":"de"},{"@type":"Organization","@id":"https:\/\/www.zurbrueggen.de\/magazin\/#organization","name":"Zurbr\u00fcggen Wohn-Zentrum GmbH","url":"https:\/\/www.zurbrueggen.de\/magazin\/","logo":{"@type":"ImageObject","inLanguage":"de","@id":"https:\/\/www.zurbrueggen.de\/magazin\/#\/schema\/logo\/image\/","url":"https:\/\/www.zurbrueggen.de\/magazin\/wp-content\/uploads\/2016\/07\/logo_zurbrueggen.png","contentUrl":"https:\/\/www.zurbrueggen.de\/magazin\/wp-content\/uploads\/2016\/07\/logo_zurbrueggen.png","width":400,"height":107,"caption":"Zurbr\u00fcggen Wohn-Zentrum GmbH"},"image":{"@id":"https:\/\/www.zurbrueggen.de\/magazin\/#\/schema\/logo\/image\/"},"sameAs":["https:\/\/facebook.com\/zurbrueggen","https:\/\/x.com\/Zurbrueggen"]},{"@type":"Person","@id":"https:\/\/www.zurbrueggen.de\/magazin\/#\/schema\/person\/5596ed176b1851c47a00e32190fbd9e8","name":"Julia Paschen","image":{"@type":"ImageObject","inLanguage":"de","@id":"https:\/\/secure.gravatar.com\/avatar\/000d1f6af0d913dc11958dffa0a2a27e1ec646f1fd674334902659ca07ac9752?s=96&d=mm&r=g","url":"https:\/\/secure.gravatar.com\/avatar\/000d1f6af0d913dc11958dffa0a2a27e1ec646f1fd674334902659ca07ac9752?s=96&d=mm&r=g","contentUrl":"https:\/\/secure.gravatar.com\/avatar\/000d1f6af0d913dc11958dffa0a2a27e1ec646f1fd674334902659ca07ac9752?s=96&d=mm&r=g","caption":"Julia Paschen"},"url":"https:\/\/www.zurbrueggen.de\/magazin\/author\/j_paschen\/"}]}},"_links":{"self":[{"href":"https:\/\/www.zurbrueggen.de\/magazin\/wp-json\/wp\/v2\/posts\/8442","targetHints":{"allow":["GET"]}}],"collection":[{"href":"https:\/\/www.zurbrueggen.de\/magazin\/wp-json\/wp\/v2\/posts"}],"about":[{"href":"https:\/\/www.zurbrueggen.de\/magazin\/wp-json\/wp\/v2\/types\/post"}],"author":[{"embeddable":true,"href":"https:\/\/www.zurbrueggen.de\/magazin\/wp-json\/wp\/v2\/users\/27"}],"replies":[{"embeddable":true,"href":"https:\/\/www.zurbrueggen.de\/magazin\/wp-json\/wp\/v2\/comments?post=8442"}],"version-history":[{"count":7,"href":"https:\/\/www.zurbrueggen.de\/magazin\/wp-json\/wp\/v2\/posts\/8442\/revisions"}],"predecessor-version":[{"id":8592,"href":"https:\/\/www.zurbrueggen.de\/magazin\/wp-json\/wp\/v2\/posts\/8442\/revisions\/8592"}],"wp:featuredmedia":[{"embeddable":true,"href":"https:\/\/www.zurbrueggen.de\/magazin\/wp-json\/wp\/v2\/media\/8488"}],"wp:attachment":[{"href":"https:\/\/www.zurbrueggen.de\/magazin\/wp-json\/wp\/v2\/media?parent=8442"}],"wp:term":[{"taxonomy":"category","embeddable":true,"href":"https:\/\/www.zurbrueggen.de\/magazin\/wp-json\/wp\/v2\/categories?post=8442"},{"taxonomy":"post_tag","embeddable":true,"href":"https:\/\/www.zurbrueggen.de\/magazin\/wp-json\/wp\/v2\/tags?post=8442"}],"curies":[{"name":"wp","href":"https:\/\/api.w.org\/{rel}","templated":true}]}}