{"id":7984,"date":"2024-03-20T10:28:42","date_gmt":"2024-03-20T09:28:42","guid":{"rendered":"https:\/\/www.zurbrueggen.de\/magazin\/?p=7984"},"modified":"2024-05-15T11:31:50","modified_gmt":"2024-05-15T09:31:50","slug":"fruehlingserwachen-fuer-dein-zuhause","status":"publish","type":"post","link":"https:\/\/www.zurbrueggen.de\/magazin\/fruehlingserwachen-fuer-dein-zuhause\/","title":{"rendered":"Fr\u00fchlingserwachen f\u00fcr dein Zuhause"},"content":{"rendered":"<p><span class=\"vorschau\" style=\"font-family: 'Roboto Slab'; font-size: 22px; line-height: 34px; font-weight: 300; margin-top: 40px;\">Mit dem Fr\u00fchling kehrt nicht nur die W\u00e4rme und die Bl\u00fctenpracht zur\u00fcck, sondern auch die perfekte Gelegenheit f\u00fcr ein Fr\u00fchlingserwachen f\u00fcr dein Zuhause. In diesem Magazinbeitrag erkunden wir die neuesten Einrichtungstrends, die ganz im Zeichen der Osterzeit stehen. Lass dich von den nachfolgenden Ideen inspirieren, um deine Wohnr\u00e4ume in ein fr\u00fchlingshaftes Ambiente zu tauchen.<br \/>\n<\/span><\/p>\n<p><!--more--><\/p>\n<p>&nbsp;<\/p>\n<figure id=\"attachment_7999\" aria-describedby=\"caption-attachment-7999\" style=\"width: 665px\" class=\"wp-caption aligncenter\"><a href=\"https:\/\/www.zurbrueggen.de\/merinos-kunstfellteppich-80x150cm-loft\/1264313\"><img loading=\"lazy\" decoding=\"async\" class=\"wp-image-7999 size-large\" src=\"https:\/\/www.zurbrueggen.de\/magazin\/wp-content\/uploads\/2024\/03\/magazin-beitragsbild-4-m-fruehlingserwachen-1024x576.jpg\" alt=\"\" width=\"665\" height=\"374\" srcset=\"https:\/\/www.zurbrueggen.de\/magazin\/wp-content\/uploads\/2024\/03\/magazin-beitragsbild-4-m-fruehlingserwachen-1024x576.jpg 1024w, https:\/\/www.zurbrueggen.de\/magazin\/wp-content\/uploads\/2024\/03\/magazin-beitragsbild-4-m-fruehlingserwachen-300x169.jpg 300w, https:\/\/www.zurbrueggen.de\/magazin\/wp-content\/uploads\/2024\/03\/magazin-beitragsbild-4-m-fruehlingserwachen-768x432.jpg 768w, https:\/\/www.zurbrueggen.de\/magazin\/wp-content\/uploads\/2024\/03\/magazin-beitragsbild-4-m-fruehlingserwachen-665x374.jpg 665w, https:\/\/www.zurbrueggen.de\/magazin\/wp-content\/uploads\/2024\/03\/magazin-beitragsbild-4-m-fruehlingserwachen-462x260.jpg 462w, https:\/\/www.zurbrueggen.de\/magazin\/wp-content\/uploads\/2024\/03\/magazin-beitragsbild-4-m-fruehlingserwachen.jpg 1200w\" sizes=\"auto, (max-width: 665px) 100vw, 665px\" \/><\/a><figcaption id=\"caption-attachment-7999\" class=\"wp-caption-text\">Bunt bedeckt von Kopf bis Fu\u00df<\/figcaption><\/figure>\n<h5 style=\"text-align: left; padding-left: 150px;\">Leichte Stoffe und helle Akzente<\/h5>\n<p><span class=\"fliesstext\" style=\"font-family: Roboto, sans-serif; font-size: 16px; line-height: 24px; font-weight: 400;\"><br \/>\nVerleihe deinem Raum eine luftige Leichtigkeit, indem du schwere Vorh\u00e4nge und Kissen gegen leichte Stoffe austauschst. Ein Beispiel f\u00fcr diese Ver\u00e4nderung ist die <a href=\"https:\/\/www.zurbrueggen.de\/magma-heimtex-samt-uni-kissenhuelle-50x50-cm\/0980782\">Kissenh\u00fclle von Magma in Samt<\/a>. Mit heller Dekoration wie wei\u00dfen oder pastellfarbenen Kissen und Decken bringst du eine erfrischende Lebendigkeit in dein Zuhause. Die sanften Nuancen von Rosa, Mint und Himmelblau schaffen eine einladende Atmosph\u00e4re, die zum Verweilen einl\u00e4dt. Die Kunst liegt darin, diese Farben geschickt mit neutralen Elementen zu kombinieren, um einen harmonischen Gesamtlook zu erreichen.<\/span><\/p>\n<p>&nbsp;<\/p>\n<figure id=\"attachment_8001\" aria-describedby=\"caption-attachment-8001\" style=\"width: 665px\" class=\"wp-caption aligncenter\"><a href=\"https:\/\/www.zurbrueggen.de\/villeroy-boch-kombiservice-30-tlg.-vieux-luxembourg\/1355357\"><img loading=\"lazy\" decoding=\"async\" class=\"wp-image-8001 size-large\" src=\"https:\/\/www.zurbrueggen.de\/magazin\/wp-content\/uploads\/2024\/03\/magazin-beitragsbild-5-m-fruehlingserwachen-1024x576.jpg\" alt=\"\" width=\"665\" height=\"374\" srcset=\"https:\/\/www.zurbrueggen.de\/magazin\/wp-content\/uploads\/2024\/03\/magazin-beitragsbild-5-m-fruehlingserwachen-1024x576.jpg 1024w, https:\/\/www.zurbrueggen.de\/magazin\/wp-content\/uploads\/2024\/03\/magazin-beitragsbild-5-m-fruehlingserwachen-300x169.jpg 300w, https:\/\/www.zurbrueggen.de\/magazin\/wp-content\/uploads\/2024\/03\/magazin-beitragsbild-5-m-fruehlingserwachen-768x432.jpg 768w, https:\/\/www.zurbrueggen.de\/magazin\/wp-content\/uploads\/2024\/03\/magazin-beitragsbild-5-m-fruehlingserwachen-665x374.jpg 665w, https:\/\/www.zurbrueggen.de\/magazin\/wp-content\/uploads\/2024\/03\/magazin-beitragsbild-5-m-fruehlingserwachen-462x260.jpg 462w, https:\/\/www.zurbrueggen.de\/magazin\/wp-content\/uploads\/2024\/03\/magazin-beitragsbild-5-m-fruehlingserwachen.jpg 1200w\" sizes=\"auto, (max-width: 665px) 100vw, 665px\" \/><\/a><figcaption id=\"caption-attachment-8001\" class=\"wp-caption-text\">Himmlisch gedeckter Tisch<\/figcaption><\/figure>\n<h5 style=\"text-align: left; padding-left: 150px;\">Minimalismus meets Osterfreude &#8211; mit einfachen, aber effektiven Elementen einen modernen Look erreichen<\/h5>\n<p><span class=\"fliesstext\" style=\"font-family: Roboto, sans-serif; font-size: 16px; line-height: 24px; font-weight: 400;\">Minimalismus basiert auf dem Motto &#8222;Weniger ist mehr&#8220;. Daher k\u00f6nnen wenige, gut ausgew\u00e4hlte Elemente eine kraftvolle Aussage erzeugen und eine einladende, moderne Umgebung schaffen. Hierbei setzt man am besten auf simple dekorative Elemente, die die Osterstimmung ins Haus bringen. Eine Skulptur in Form eines Hasen oder ein Ei als Deko-Objekt, sorgen f\u00fcr das Osterfeeling. Beachtet dabei, gen\u00fcgend Freiraum zwischen den Elementen zu lassen. Dies sorgt f\u00fcr eine beruhigende Atmosph\u00e4re in der Osterzeit. Daran sieht man, dass Minimalismus nicht f\u00fcr die Leere steht, sondern Raum f\u00fcr Entspannung und Kreativit\u00e4t birgt.<\/span><\/p>\n<p>&nbsp;<\/p>\n<figure id=\"attachment_8002\" aria-describedby=\"caption-attachment-8002\" style=\"width: 665px\" class=\"wp-caption aligncenter\"><img loading=\"lazy\" decoding=\"async\" class=\"wp-image-8002 size-large\" src=\"https:\/\/www.zurbrueggen.de\/magazin\/wp-content\/uploads\/2024\/03\/magazin-beitragsbild-7-m-fruehlingserwachen-1024x576.jpg\" alt=\"\" width=\"665\" height=\"374\" srcset=\"https:\/\/www.zurbrueggen.de\/magazin\/wp-content\/uploads\/2024\/03\/magazin-beitragsbild-7-m-fruehlingserwachen-1024x576.jpg 1024w, https:\/\/www.zurbrueggen.de\/magazin\/wp-content\/uploads\/2024\/03\/magazin-beitragsbild-7-m-fruehlingserwachen-300x169.jpg 300w, https:\/\/www.zurbrueggen.de\/magazin\/wp-content\/uploads\/2024\/03\/magazin-beitragsbild-7-m-fruehlingserwachen-768x432.jpg 768w, https:\/\/www.zurbrueggen.de\/magazin\/wp-content\/uploads\/2024\/03\/magazin-beitragsbild-7-m-fruehlingserwachen-665x374.jpg 665w, https:\/\/www.zurbrueggen.de\/magazin\/wp-content\/uploads\/2024\/03\/magazin-beitragsbild-7-m-fruehlingserwachen-462x260.jpg 462w, https:\/\/www.zurbrueggen.de\/magazin\/wp-content\/uploads\/2024\/03\/magazin-beitragsbild-7-m-fruehlingserwachen.jpg 1200w\" sizes=\"auto, (max-width: 665px) 100vw, 665px\" \/><figcaption id=\"caption-attachment-8002\" class=\"wp-caption-text\">Florales Geschirr f\u00fcr sch\u00f6ne Fr\u00fchlingsgef\u00fchle<\/figcaption><\/figure>\n<h5 style=\"text-align: left; padding-left: 150px;\">Der perfekte Osterbrunch<\/h5>\n<p><span class=\"fliesstext\" style=\"font-family: Roboto, sans-serif; font-size: 16px; line-height: 24px; font-weight: 400;\">Gestalte das Esszimmer f\u00fcr ein festliches Osterbrunch-Erlebnis, indem du deinem Esstisch eine fr\u00fchlingshafte Note mit einer gut durchdachten Tischdeko verleihst. Setze auf florale Tischl\u00e4ufer oder frische Blumenarrangements in dezenten Vasen, wie der <a href=\"https:\/\/www.zurbrueggen.de\/asa-selection-vase\/1292095\">ASA Selection Vase<\/a>. Du kannst au\u00dferdem besonderes Geschirr und Besteck ausw\u00e4hlen, das den festlichen Anlass in der Osterzeit unterstreicht. Das <a href=\"https:\/\/www.zurbrueggen.de\/sambonet-besteck-30-tlg.-cortina\/1283246\">Goldene Besteck von Sambonet<\/a> sorgt auf dem Esstisch f\u00fcr einen prunkvollen Hingucker. Pastellfarben, florale Muster oder Geschirr mit Ostermotiven k\u00f6nnen einen spielerischen und eleganten Touch hinzuf\u00fcgen. Die <a href=\"https:\/\/www.zurbrueggen.de\/kitchenaid-kuechenmaschine-4-8-l-artisan-5ksm125elr\/1326179\">KitchenAid K\u00fcchenmaschine<\/a> hilft dabei, den wundervoll geschm\u00fcckten <a href=\"https:\/\/www.zurbrueggen.de\/moebel\/esszimmer\/esstische\/\">Tisch<\/a> zu f\u00fcllen. Im Handumdrehen lassen sich k\u00f6stliche Oster-Gerichte zaubern. Mit der <a href=\"https:\/\/www.zurbrueggen.de\/birkmann-vollbackform-hase\/1371355\">Birkmann Vollbackform Hase<\/a> wird das Osterfest zu einem festlichen Backerlebnis, das nicht nur k\u00f6stlich schmeckt, sondern auch charmant in Form eines niedlichen Hasen gestaltet ist.<\/span><\/p>\n<p>&nbsp;<\/p>\n<figure id=\"attachment_7996\" aria-describedby=\"caption-attachment-7996\" style=\"width: 665px\" class=\"wp-caption aligncenter\"><a href=\"https:\/\/www.zurbrueggen.de\/like-by-villeroy-boch-wasserglas-set-2-tlg.-like-grape\/1381267\"><img loading=\"lazy\" decoding=\"async\" class=\"wp-image-7996 size-large\" src=\"https:\/\/www.zurbrueggen.de\/magazin\/wp-content\/uploads\/2024\/02\/magazin-beitragsbild-3-m-fruehlingserwachen-1024x576.jpg\" alt=\"\" width=\"665\" height=\"374\" srcset=\"https:\/\/www.zurbrueggen.de\/magazin\/wp-content\/uploads\/2024\/02\/magazin-beitragsbild-3-m-fruehlingserwachen-1024x576.jpg 1024w, https:\/\/www.zurbrueggen.de\/magazin\/wp-content\/uploads\/2024\/02\/magazin-beitragsbild-3-m-fruehlingserwachen-300x169.jpg 300w, https:\/\/www.zurbrueggen.de\/magazin\/wp-content\/uploads\/2024\/02\/magazin-beitragsbild-3-m-fruehlingserwachen-768x432.jpg 768w, https:\/\/www.zurbrueggen.de\/magazin\/wp-content\/uploads\/2024\/02\/magazin-beitragsbild-3-m-fruehlingserwachen-665x374.jpg 665w, https:\/\/www.zurbrueggen.de\/magazin\/wp-content\/uploads\/2024\/02\/magazin-beitragsbild-3-m-fruehlingserwachen-462x260.jpg 462w, https:\/\/www.zurbrueggen.de\/magazin\/wp-content\/uploads\/2024\/02\/magazin-beitragsbild-3-m-fruehlingserwachen.jpg 1200w\" sizes=\"auto, (max-width: 665px) 100vw, 665px\" \/><\/a><figcaption id=\"caption-attachment-7996\" class=\"wp-caption-text\">F\u00fcr ein buntes Osterfr\u00fchst\u00fcck<\/figcaption><\/figure>\n<h5 style=\"text-align: left; padding-left: 150px;\">DIY-Projekte f\u00fcr eine pers\u00f6nliche Note<\/h5>\n<p><span class=\"fliesstext\" style=\"font-family: Roboto, sans-serif; font-size: 16px; line-height: 24px; font-weight: 400;\">Auch DIY-Projekte k\u00f6nnen den Fr\u00fchling zu einem kreativen Erlebnis verwandeln. Bemalte Ostereier, selbstgemachte Kr\u00e4nze oder individuell gestaltete Tischdekorationen verleihen deinem Zuhause eine pers\u00f6nliche und einzigartige Note. Dieses Jahr liegt es besonders im Trend, <a href=\"https:\/\/www.zurbrueggen.de\/fink-stumpenkerze-candle\/1297868\">Kerzen<\/a> selbst zu gestalten. Die Wunschkerze wird mit fl\u00fcssigem Kerzenwachs in verschiedenen Farben bemalt. Du kannst aber auch deine eigenen Oster Windlichter kreieren. Umh\u00fclle dazu einfach Gl\u00e4ser mit Spitzenb\u00e4ndern oder d\u00fcnnen Stoffen in fr\u00fchlingshaften Farben und setze <a href=\"https:\/\/www.zurbrueggen.de\/deko-textil\/dekoration\/windlichter-kerzenstaender\/teelichthalter\/\">Teelichter<\/a> oder <a href=\"https:\/\/www.zurbrueggen.de\/deko-textil\/dekoration\/weihnachten\/lichterketten-leuchtobjekte\/\">LED-Kerzen<\/a> in die Gl\u00e4ser. Und schon ist die perfekte DIY-Deko geschaffen!<\/span><\/p>\n<p><a href=\"https:\/\/www.zurbrueggen.de\/fruehlingserwachen-fuer-dein-zuhause\/\"><img loading=\"lazy\" decoding=\"async\" class=\"aligncenter size-full wp-image-7164\" src=\"https:\/\/www.zurbrueggen.de\/magazin\/wp-content\/uploads\/2024\/03\/magazin-footer-mobil-fruehlingserwachen.jpg\" alt=\"\" width=\"750\" height=\"320\" \/><\/a><\/p>\n","protected":false},"excerpt":{"rendered":"<p>Mit dem Fr\u00fchling kehrt nicht nur die W\u00e4rme und die Bl\u00fctenpracht zur\u00fcck, sondern auch die perfekte Gelegenheit f\u00fcr ein Fr\u00fchlingserwachen f\u00fcr dein Zuhause. In diesem Magazinbeitrag erkunden wir die neuesten Einrichtungstrends, die ganz im Zeichen der Osterzeit stehen. Lass dich von den nachfolgenden Ideen inspirieren, um deine Wohnr\u00e4ume in ein fr\u00fchlingshaftes Ambiente zu tauchen.<\/p>\n","protected":false},"author":27,"featured_media":7994,"comment_status":"open","ping_status":"open","sticky":false,"template":"","format":"standard","meta":{"_acf_changed":false,"footnotes":""},"categories":[29,47,34],"tags":[1191,1188,1272,1273,1313,1312],"class_list":["post-7984","post","type-post","status-publish","format-standard","has-post-thumbnail","hentry","category-dekoration","category-wohnstil","category-zuhause","tag-accessoires","tag-dekoration","tag-fruehling","tag-fruehlingsanfang","tag-osterdeko","tag-ostern"],"acf":[],"yoast_head":"<!-- This site is optimized with the Yoast SEO plugin v27.4 - https:\/\/yoast.com\/product\/yoast-seo-wordpress\/ -->\n<title>Fr\u00fchlingserwachen f\u00fcr dein Zuhause - Einrichtungstrends f\u00fcr die Osterzeit<\/title>\n<meta name=\"description\" content=\"In diesem Magazinbeitrag erkunden wir die neuesten Einrichtungstrends, die ganz im Zeichen der Osterzeit stehen. Lass dich von unseren Ideen inspirieren.\" \/>\n<meta name=\"robots\" content=\"index, follow, max-snippet:-1, max-image-preview:large, max-video-preview:-1\" \/>\n<link rel=\"canonical\" href=\"https:\/\/www.zurbrueggen.de\/magazin\/fruehlingserwachen-fuer-dein-zuhause\/\" \/>\n<meta property=\"og:locale\" content=\"de_DE\" \/>\n<meta property=\"og:type\" content=\"article\" \/>\n<meta property=\"og:title\" content=\"Black and White - Kontrastreich und edel einrichten\" \/>\n<meta property=\"og:description\" content=\"In diesem Beitrag zeigen wir, wie durch geschickte Kombination von Black and White ein kontrastreicher und edler Raum entstehen kann.\" \/>\n<meta property=\"og:url\" content=\"https:\/\/www.zurbrueggen.de\/magazin\/fruehlingserwachen-fuer-dein-zuhause\/\" \/>\n<meta property=\"og:site_name\" content=\"Zurbr\u00fcggen magazin\" \/>\n<meta property=\"article:publisher\" content=\"https:\/\/facebook.com\/zurbrueggen\" \/>\n<meta property=\"article:published_time\" content=\"2024-03-20T09:28:42+00:00\" \/>\n<meta property=\"article:modified_time\" content=\"2024-05-15T09:31:50+00:00\" \/>\n<meta property=\"og:image\" content=\"https:\/\/www.zurbrueggen.de\/magazin\/wp-content\/uploads\/2024\/02\/magazin-beitragsbild-cta-m-fruehlingserwachen.jpg\" \/>\n\t<meta property=\"og:image:width\" content=\"1200\" \/>\n\t<meta property=\"og:image:height\" content=\"675\" \/>\n\t<meta property=\"og:image:type\" content=\"image\/jpeg\" \/>\n<meta name=\"author\" content=\"Julia Paschen\" \/>\n<script type=\"application\/ld+json\" class=\"yoast-schema-graph\">{\"@context\":\"https:\\\/\\\/schema.org\",\"@graph\":[{\"@type\":\"Article\",\"@id\":\"https:\\\/\\\/www.zurbrueggen.de\\\/magazin\\\/fruehlingserwachen-fuer-dein-zuhause\\\/#article\",\"isPartOf\":{\"@id\":\"https:\\\/\\\/www.zurbrueggen.de\\\/magazin\\\/fruehlingserwachen-fuer-dein-zuhause\\\/\"},\"author\":{\"name\":\"Julia Paschen\",\"@id\":\"https:\\\/\\\/www.zurbrueggen.de\\\/magazin\\\/#\\\/schema\\\/person\\\/5596ed176b1851c47a00e32190fbd9e8\"},\"headline\":\"Fr\u00fchlingserwachen f\u00fcr dein Zuhause\",\"datePublished\":\"2024-03-20T09:28:42+00:00\",\"dateModified\":\"2024-05-15T09:31:50+00:00\",\"mainEntityOfPage\":{\"@id\":\"https:\\\/\\\/www.zurbrueggen.de\\\/magazin\\\/fruehlingserwachen-fuer-dein-zuhause\\\/\"},\"wordCount\":569,\"commentCount\":0,\"publisher\":{\"@id\":\"https:\\\/\\\/www.zurbrueggen.de\\\/magazin\\\/#organization\"},\"image\":{\"@id\":\"https:\\\/\\\/www.zurbrueggen.de\\\/magazin\\\/fruehlingserwachen-fuer-dein-zuhause\\\/#primaryimage\"},\"thumbnailUrl\":\"https:\\\/\\\/www.zurbrueggen.de\\\/magazin\\\/wp-content\\\/uploads\\\/2024\\\/02\\\/magazin-beitragsbild-cta-m-fruehlingserwachen.jpg\",\"keywords\":[\"Accessoires\",\"Dekoration\",\"Fr\u00fchling\",\"Fr\u00fchlingsanfang\",\"Osterdeko\",\"Ostern\"],\"articleSection\":[\"Dekoration\",\"Wohnstil\",\"zuhause\"],\"inLanguage\":\"de\",\"potentialAction\":[{\"@type\":\"CommentAction\",\"name\":\"Comment\",\"target\":[\"https:\\\/\\\/www.zurbrueggen.de\\\/magazin\\\/fruehlingserwachen-fuer-dein-zuhause\\\/#respond\"]}]},{\"@type\":\"WebPage\",\"@id\":\"https:\\\/\\\/www.zurbrueggen.de\\\/magazin\\\/fruehlingserwachen-fuer-dein-zuhause\\\/\",\"url\":\"https:\\\/\\\/www.zurbrueggen.de\\\/magazin\\\/fruehlingserwachen-fuer-dein-zuhause\\\/\",\"name\":\"Fr\u00fchlingserwachen f\u00fcr dein Zuhause - Einrichtungstrends f\u00fcr die Osterzeit\",\"isPartOf\":{\"@id\":\"https:\\\/\\\/www.zurbrueggen.de\\\/magazin\\\/#website\"},\"primaryImageOfPage\":{\"@id\":\"https:\\\/\\\/www.zurbrueggen.de\\\/magazin\\\/fruehlingserwachen-fuer-dein-zuhause\\\/#primaryimage\"},\"image\":{\"@id\":\"https:\\\/\\\/www.zurbrueggen.de\\\/magazin\\\/fruehlingserwachen-fuer-dein-zuhause\\\/#primaryimage\"},\"thumbnailUrl\":\"https:\\\/\\\/www.zurbrueggen.de\\\/magazin\\\/wp-content\\\/uploads\\\/2024\\\/02\\\/magazin-beitragsbild-cta-m-fruehlingserwachen.jpg\",\"datePublished\":\"2024-03-20T09:28:42+00:00\",\"dateModified\":\"2024-05-15T09:31:50+00:00\",\"description\":\"In diesem Magazinbeitrag erkunden wir die neuesten Einrichtungstrends, die ganz im Zeichen der Osterzeit stehen. Lass dich von unseren Ideen inspirieren.\",\"breadcrumb\":{\"@id\":\"https:\\\/\\\/www.zurbrueggen.de\\\/magazin\\\/fruehlingserwachen-fuer-dein-zuhause\\\/#breadcrumb\"},\"inLanguage\":\"de\",\"potentialAction\":[{\"@type\":\"ReadAction\",\"target\":[\"https:\\\/\\\/www.zurbrueggen.de\\\/magazin\\\/fruehlingserwachen-fuer-dein-zuhause\\\/\"]}]},{\"@type\":\"ImageObject\",\"inLanguage\":\"de\",\"@id\":\"https:\\\/\\\/www.zurbrueggen.de\\\/magazin\\\/fruehlingserwachen-fuer-dein-zuhause\\\/#primaryimage\",\"url\":\"https:\\\/\\\/www.zurbrueggen.de\\\/magazin\\\/wp-content\\\/uploads\\\/2024\\\/02\\\/magazin-beitragsbild-cta-m-fruehlingserwachen.jpg\",\"contentUrl\":\"https:\\\/\\\/www.zurbrueggen.de\\\/magazin\\\/wp-content\\\/uploads\\\/2024\\\/02\\\/magazin-beitragsbild-cta-m-fruehlingserwachen.jpg\",\"width\":1200,\"height\":675,\"caption\":\"Ein fr\u00fchlingshaftes Indoor-Setting mit Fokus auf Wohnraumdekoration. Eine Vase mit rosa Tulpen und Zweigen mit Knospen symbolisiert die Erneuerung und das Wachstum des Fr\u00fchlings. Im Vordergrund befinden sich Schalen mit pastellfarbenen Eiern, die wahrscheinlich als Osterdekoration dienen.\"},{\"@type\":\"BreadcrumbList\",\"@id\":\"https:\\\/\\\/www.zurbrueggen.de\\\/magazin\\\/fruehlingserwachen-fuer-dein-zuhause\\\/#breadcrumb\",\"itemListElement\":[{\"@type\":\"ListItem\",\"position\":1,\"name\":\"Startseite\",\"item\":\"https:\\\/\\\/www.zurbrueggen.de\\\/magazin\\\/\"},{\"@type\":\"ListItem\",\"position\":2,\"name\":\"Fr\u00fchlingserwachen f\u00fcr dein Zuhause\"}]},{\"@type\":\"WebSite\",\"@id\":\"https:\\\/\\\/www.zurbrueggen.de\\\/magazin\\\/#website\",\"url\":\"https:\\\/\\\/www.zurbrueggen.de\\\/magazin\\\/\",\"name\":\"Zurbr\u00fcggen magazin\",\"description\":\"DESIGN \u2022 STYLE \u2022 LIVING\",\"publisher\":{\"@id\":\"https:\\\/\\\/www.zurbrueggen.de\\\/magazin\\\/#organization\"},\"potentialAction\":[{\"@type\":\"SearchAction\",\"target\":{\"@type\":\"EntryPoint\",\"urlTemplate\":\"https:\\\/\\\/www.zurbrueggen.de\\\/magazin\\\/?s={search_term_string}\"},\"query-input\":{\"@type\":\"PropertyValueSpecification\",\"valueRequired\":true,\"valueName\":\"search_term_string\"}}],\"inLanguage\":\"de\"},{\"@type\":\"Organization\",\"@id\":\"https:\\\/\\\/www.zurbrueggen.de\\\/magazin\\\/#organization\",\"name\":\"Zurbr\u00fcggen Wohn-Zentrum GmbH\",\"url\":\"https:\\\/\\\/www.zurbrueggen.de\\\/magazin\\\/\",\"logo\":{\"@type\":\"ImageObject\",\"inLanguage\":\"de\",\"@id\":\"https:\\\/\\\/www.zurbrueggen.de\\\/magazin\\\/#\\\/schema\\\/logo\\\/image\\\/\",\"url\":\"https:\\\/\\\/www.zurbrueggen.de\\\/magazin\\\/wp-content\\\/uploads\\\/2016\\\/07\\\/logo_zurbrueggen.png\",\"contentUrl\":\"https:\\\/\\\/www.zurbrueggen.de\\\/magazin\\\/wp-content\\\/uploads\\\/2016\\\/07\\\/logo_zurbrueggen.png\",\"width\":400,\"height\":107,\"caption\":\"Zurbr\u00fcggen Wohn-Zentrum GmbH\"},\"image\":{\"@id\":\"https:\\\/\\\/www.zurbrueggen.de\\\/magazin\\\/#\\\/schema\\\/logo\\\/image\\\/\"},\"sameAs\":[\"https:\\\/\\\/facebook.com\\\/zurbrueggen\",\"https:\\\/\\\/x.com\\\/Zurbrueggen\"]},{\"@type\":\"Person\",\"@id\":\"https:\\\/\\\/www.zurbrueggen.de\\\/magazin\\\/#\\\/schema\\\/person\\\/5596ed176b1851c47a00e32190fbd9e8\",\"name\":\"Julia Paschen\",\"image\":{\"@type\":\"ImageObject\",\"inLanguage\":\"de\",\"@id\":\"https:\\\/\\\/secure.gravatar.com\\\/avatar\\\/000d1f6af0d913dc11958dffa0a2a27e1ec646f1fd674334902659ca07ac9752?s=96&d=mm&r=g\",\"url\":\"https:\\\/\\\/secure.gravatar.com\\\/avatar\\\/000d1f6af0d913dc11958dffa0a2a27e1ec646f1fd674334902659ca07ac9752?s=96&d=mm&r=g\",\"contentUrl\":\"https:\\\/\\\/secure.gravatar.com\\\/avatar\\\/000d1f6af0d913dc11958dffa0a2a27e1ec646f1fd674334902659ca07ac9752?s=96&d=mm&r=g\",\"caption\":\"Julia Paschen\"},\"url\":\"https:\\\/\\\/www.zurbrueggen.de\\\/magazin\\\/author\\\/j_paschen\\\/\"}]}<\/script>\n<!-- \/ Yoast SEO plugin. -->","yoast_head_json":{"title":"Fr\u00fchlingserwachen f\u00fcr dein Zuhause - Einrichtungstrends f\u00fcr die Osterzeit","description":"In diesem Magazinbeitrag erkunden wir die neuesten Einrichtungstrends, die ganz im Zeichen der Osterzeit stehen. Lass dich von unseren Ideen inspirieren.","robots":{"index":"index","follow":"follow","max-snippet":"max-snippet:-1","max-image-preview":"max-image-preview:large","max-video-preview":"max-video-preview:-1"},"canonical":"https:\/\/www.zurbrueggen.de\/magazin\/fruehlingserwachen-fuer-dein-zuhause\/","og_locale":"de_DE","og_type":"article","og_title":"Black and White - Kontrastreich und edel einrichten","og_description":"In diesem Beitrag zeigen wir, wie durch geschickte Kombination von Black and White ein kontrastreicher und edler Raum entstehen kann.","og_url":"https:\/\/www.zurbrueggen.de\/magazin\/fruehlingserwachen-fuer-dein-zuhause\/","og_site_name":"Zurbr\u00fcggen magazin","article_publisher":"https:\/\/facebook.com\/zurbrueggen","article_published_time":"2024-03-20T09:28:42+00:00","article_modified_time":"2024-05-15T09:31:50+00:00","og_image":[{"width":1200,"height":675,"url":"https:\/\/www.zurbrueggen.de\/magazin\/wp-content\/uploads\/2024\/02\/magazin-beitragsbild-cta-m-fruehlingserwachen.jpg","type":"image\/jpeg"}],"author":"Julia Paschen","schema":{"@context":"https:\/\/schema.org","@graph":[{"@type":"Article","@id":"https:\/\/www.zurbrueggen.de\/magazin\/fruehlingserwachen-fuer-dein-zuhause\/#article","isPartOf":{"@id":"https:\/\/www.zurbrueggen.de\/magazin\/fruehlingserwachen-fuer-dein-zuhause\/"},"author":{"name":"Julia Paschen","@id":"https:\/\/www.zurbrueggen.de\/magazin\/#\/schema\/person\/5596ed176b1851c47a00e32190fbd9e8"},"headline":"Fr\u00fchlingserwachen f\u00fcr dein Zuhause","datePublished":"2024-03-20T09:28:42+00:00","dateModified":"2024-05-15T09:31:50+00:00","mainEntityOfPage":{"@id":"https:\/\/www.zurbrueggen.de\/magazin\/fruehlingserwachen-fuer-dein-zuhause\/"},"wordCount":569,"commentCount":0,"publisher":{"@id":"https:\/\/www.zurbrueggen.de\/magazin\/#organization"},"image":{"@id":"https:\/\/www.zurbrueggen.de\/magazin\/fruehlingserwachen-fuer-dein-zuhause\/#primaryimage"},"thumbnailUrl":"https:\/\/www.zurbrueggen.de\/magazin\/wp-content\/uploads\/2024\/02\/magazin-beitragsbild-cta-m-fruehlingserwachen.jpg","keywords":["Accessoires","Dekoration","Fr\u00fchling","Fr\u00fchlingsanfang","Osterdeko","Ostern"],"articleSection":["Dekoration","Wohnstil","zuhause"],"inLanguage":"de","potentialAction":[{"@type":"CommentAction","name":"Comment","target":["https:\/\/www.zurbrueggen.de\/magazin\/fruehlingserwachen-fuer-dein-zuhause\/#respond"]}]},{"@type":"WebPage","@id":"https:\/\/www.zurbrueggen.de\/magazin\/fruehlingserwachen-fuer-dein-zuhause\/","url":"https:\/\/www.zurbrueggen.de\/magazin\/fruehlingserwachen-fuer-dein-zuhause\/","name":"Fr\u00fchlingserwachen f\u00fcr dein Zuhause - Einrichtungstrends f\u00fcr die Osterzeit","isPartOf":{"@id":"https:\/\/www.zurbrueggen.de\/magazin\/#website"},"primaryImageOfPage":{"@id":"https:\/\/www.zurbrueggen.de\/magazin\/fruehlingserwachen-fuer-dein-zuhause\/#primaryimage"},"image":{"@id":"https:\/\/www.zurbrueggen.de\/magazin\/fruehlingserwachen-fuer-dein-zuhause\/#primaryimage"},"thumbnailUrl":"https:\/\/www.zurbrueggen.de\/magazin\/wp-content\/uploads\/2024\/02\/magazin-beitragsbild-cta-m-fruehlingserwachen.jpg","datePublished":"2024-03-20T09:28:42+00:00","dateModified":"2024-05-15T09:31:50+00:00","description":"In diesem Magazinbeitrag erkunden wir die neuesten Einrichtungstrends, die ganz im Zeichen der Osterzeit stehen. Lass dich von unseren Ideen inspirieren.","breadcrumb":{"@id":"https:\/\/www.zurbrueggen.de\/magazin\/fruehlingserwachen-fuer-dein-zuhause\/#breadcrumb"},"inLanguage":"de","potentialAction":[{"@type":"ReadAction","target":["https:\/\/www.zurbrueggen.de\/magazin\/fruehlingserwachen-fuer-dein-zuhause\/"]}]},{"@type":"ImageObject","inLanguage":"de","@id":"https:\/\/www.zurbrueggen.de\/magazin\/fruehlingserwachen-fuer-dein-zuhause\/#primaryimage","url":"https:\/\/www.zurbrueggen.de\/magazin\/wp-content\/uploads\/2024\/02\/magazin-beitragsbild-cta-m-fruehlingserwachen.jpg","contentUrl":"https:\/\/www.zurbrueggen.de\/magazin\/wp-content\/uploads\/2024\/02\/magazin-beitragsbild-cta-m-fruehlingserwachen.jpg","width":1200,"height":675,"caption":"Ein fr\u00fchlingshaftes Indoor-Setting mit Fokus auf Wohnraumdekoration. Eine Vase mit rosa Tulpen und Zweigen mit Knospen symbolisiert die Erneuerung und das Wachstum des Fr\u00fchlings. Im Vordergrund befinden sich Schalen mit pastellfarbenen Eiern, die wahrscheinlich als Osterdekoration dienen."},{"@type":"BreadcrumbList","@id":"https:\/\/www.zurbrueggen.de\/magazin\/fruehlingserwachen-fuer-dein-zuhause\/#breadcrumb","itemListElement":[{"@type":"ListItem","position":1,"name":"Startseite","item":"https:\/\/www.zurbrueggen.de\/magazin\/"},{"@type":"ListItem","position":2,"name":"Fr\u00fchlingserwachen f\u00fcr dein Zuhause"}]},{"@type":"WebSite","@id":"https:\/\/www.zurbrueggen.de\/magazin\/#website","url":"https:\/\/www.zurbrueggen.de\/magazin\/","name":"Zurbr\u00fcggen magazin","description":"DESIGN \u2022 STYLE \u2022 LIVING","publisher":{"@id":"https:\/\/www.zurbrueggen.de\/magazin\/#organization"},"potentialAction":[{"@type":"SearchAction","target":{"@type":"EntryPoint","urlTemplate":"https:\/\/www.zurbrueggen.de\/magazin\/?s={search_term_string}"},"query-input":{"@type":"PropertyValueSpecification","valueRequired":true,"valueName":"search_term_string"}}],"inLanguage":"de"},{"@type":"Organization","@id":"https:\/\/www.zurbrueggen.de\/magazin\/#organization","name":"Zurbr\u00fcggen Wohn-Zentrum GmbH","url":"https:\/\/www.zurbrueggen.de\/magazin\/","logo":{"@type":"ImageObject","inLanguage":"de","@id":"https:\/\/www.zurbrueggen.de\/magazin\/#\/schema\/logo\/image\/","url":"https:\/\/www.zurbrueggen.de\/magazin\/wp-content\/uploads\/2016\/07\/logo_zurbrueggen.png","contentUrl":"https:\/\/www.zurbrueggen.de\/magazin\/wp-content\/uploads\/2016\/07\/logo_zurbrueggen.png","width":400,"height":107,"caption":"Zurbr\u00fcggen Wohn-Zentrum GmbH"},"image":{"@id":"https:\/\/www.zurbrueggen.de\/magazin\/#\/schema\/logo\/image\/"},"sameAs":["https:\/\/facebook.com\/zurbrueggen","https:\/\/x.com\/Zurbrueggen"]},{"@type":"Person","@id":"https:\/\/www.zurbrueggen.de\/magazin\/#\/schema\/person\/5596ed176b1851c47a00e32190fbd9e8","name":"Julia Paschen","image":{"@type":"ImageObject","inLanguage":"de","@id":"https:\/\/secure.gravatar.com\/avatar\/000d1f6af0d913dc11958dffa0a2a27e1ec646f1fd674334902659ca07ac9752?s=96&d=mm&r=g","url":"https:\/\/secure.gravatar.com\/avatar\/000d1f6af0d913dc11958dffa0a2a27e1ec646f1fd674334902659ca07ac9752?s=96&d=mm&r=g","contentUrl":"https:\/\/secure.gravatar.com\/avatar\/000d1f6af0d913dc11958dffa0a2a27e1ec646f1fd674334902659ca07ac9752?s=96&d=mm&r=g","caption":"Julia Paschen"},"url":"https:\/\/www.zurbrueggen.de\/magazin\/author\/j_paschen\/"}]}},"_links":{"self":[{"href":"https:\/\/www.zurbrueggen.de\/magazin\/wp-json\/wp\/v2\/posts\/7984","targetHints":{"allow":["GET"]}}],"collection":[{"href":"https:\/\/www.zurbrueggen.de\/magazin\/wp-json\/wp\/v2\/posts"}],"about":[{"href":"https:\/\/www.zurbrueggen.de\/magazin\/wp-json\/wp\/v2\/types\/post"}],"author":[{"embeddable":true,"href":"https:\/\/www.zurbrueggen.de\/magazin\/wp-json\/wp\/v2\/users\/27"}],"replies":[{"embeddable":true,"href":"https:\/\/www.zurbrueggen.de\/magazin\/wp-json\/wp\/v2\/comments?post=7984"}],"version-history":[{"count":19,"href":"https:\/\/www.zurbrueggen.de\/magazin\/wp-json\/wp\/v2\/posts\/7984\/revisions"}],"predecessor-version":[{"id":8124,"href":"https:\/\/www.zurbrueggen.de\/magazin\/wp-json\/wp\/v2\/posts\/7984\/revisions\/8124"}],"wp:featuredmedia":[{"embeddable":true,"href":"https:\/\/www.zurbrueggen.de\/magazin\/wp-json\/wp\/v2\/media\/7994"}],"wp:attachment":[{"href":"https:\/\/www.zurbrueggen.de\/magazin\/wp-json\/wp\/v2\/media?parent=7984"}],"wp:term":[{"taxonomy":"category","embeddable":true,"href":"https:\/\/www.zurbrueggen.de\/magazin\/wp-json\/wp\/v2\/categories?post=7984"},{"taxonomy":"post_tag","embeddable":true,"href":"https:\/\/www.zurbrueggen.de\/magazin\/wp-json\/wp\/v2\/tags?post=7984"}],"curies":[{"name":"wp","href":"https:\/\/api.w.org\/{rel}","templated":true}]}}