{"id":796,"date":"2016-08-23T12:07:37","date_gmt":"2016-08-23T10:07:37","guid":{"rendered":"http:\/\/zurbrueggen.hmmh.staging.7meter17.de\/?p=796"},"modified":"2019-12-05T14:19:53","modified_gmt":"2019-12-05T13:19:53","slug":"die-zurbrueggen-wg","status":"publish","type":"post","link":"https:\/\/www.zurbrueggen.de\/magazin\/die-zurbrueggen-wg\/","title":{"rendered":"Die Zurbr\u00fcggen WG"},"content":{"rendered":"<p><span class=\"fliesstext vorschau\" style=\"font-family: 'Roboto Slab'; font-size: 22px; line-height: 34px; font-weight: 300; margin-top: 40px;\">Inspirationen zur M\u00f6blierung\u00a0der neuen Wohnung, aktuelle Wohntrends\u00a0oder Tipps f\u00fcr\u00a0budgetbezogene Einrichtungen. In dieser\u00a0Serie werden wir f\u00fcr Sie jeden Monat ein Zimmer in unserer Zurbr\u00fcggen WG einrichten. Seien Sie gespannt auf moderne Designs und wechselnde Stile f\u00fcr jedes Portemonnaie.<\/span><\/p>\n<p><span class=\"fliesstext vorschau\" style=\"font-family: 'Roboto Slab'; font-size: 22px; line-height: 34px; font-weight: 300; margin-top: 40px;\">\u00a0<\/span><\/p>\n<p><span class=\"vorschau\" style=\"margin-top: 40px;\"><!--more--><\/span><\/p>\n<h2><span class=\"subheading\" style=\"font-family: 'Roboto Slab', sans-serif; font-size: 20px; margin-top: 40px; font-weight: 400; text-transform: none; margin-left: 12.5%;\">Das ist unsere Zurbr\u00fcggen WG<\/span><\/h2>\n<p><span class=\"fliesstext\" style=\"font-family: Roboto, sans-serif; font-size: 16px; line-height: 24px; font-weight: 400;\">Die Zurbr\u00fcggen WG bezieht eine sch\u00f6ne kleine Wohnung im Kreuzviertel von Dortmund. Wir begleiten unsere Bewohner, stellen sie nach und nach vor und zeigen, wie sie ihre neue Wohnung individuell einrichten. Seien Sie gespannt, wenn wir in der n\u00e4chsten Episode den gemeinsamen Wohn \/\u00a0Essbereich einrichten.<\/span><\/p>\n<figure id=\"attachment_1122\" aria-describedby=\"caption-attachment-1122\" style=\"width: 466px\" class=\"wp-caption alignleft\"><img loading=\"lazy\" decoding=\"async\" class=\"wp-image-1122\" src=\"https:\/\/www.zurbrueggen.de\/magazin\/wp-content\/uploads\/2016\/08\/magazin-wg3-zurbrueggen-1024x576.jpg\" alt=\"V.l.n.r.: Roland , Vicky , Nadja und Gerrit\" width=\"466\" height=\"262\" srcset=\"https:\/\/www.zurbrueggen.de\/magazin\/wp-content\/uploads\/2016\/08\/magazin-wg3-zurbrueggen-1024x576.jpg 1024w, https:\/\/www.zurbrueggen.de\/magazin\/wp-content\/uploads\/2016\/08\/magazin-wg3-zurbrueggen-300x169.jpg 300w, https:\/\/www.zurbrueggen.de\/magazin\/wp-content\/uploads\/2016\/08\/magazin-wg3-zurbrueggen-768x432.jpg 768w, https:\/\/www.zurbrueggen.de\/magazin\/wp-content\/uploads\/2016\/08\/magazin-wg3-zurbrueggen-665x374.jpg 665w, https:\/\/www.zurbrueggen.de\/magazin\/wp-content\/uploads\/2016\/08\/magazin-wg3-zurbrueggen-462x260.jpg 462w, https:\/\/www.zurbrueggen.de\/magazin\/wp-content\/uploads\/2016\/08\/magazin-wg3-zurbrueggen.jpg 1200w\" sizes=\"auto, (max-width: 466px) 100vw, 466px\" \/><figcaption id=\"caption-attachment-1122\" class=\"wp-caption-text\">V.l.n.r.: Roland , Vicky , Nadja und Gerrit<\/figcaption><\/figure>\n<p><span class=\"vorschau fliesstext\" style=\"margin-top: 40px; font-family: Roboto, sans-serif; font-size: 16px; line-height: 24px; font-weight: 400;\">Nadja hat eine sch\u00f6ne 133,85 m\u00b2 Wohnung entdeckt und \u00fcber eine Anzeige ihre Mitbewohner gefunden. Unsere WG besteht aus 5 Zimmern, K\u00fcche, Bad. Da die WG gerade frisch bezogen wird, m\u00fcssen alle R\u00e4ume neu eingerichtet werden. Jeder unserer Bewohner hat seinen individuellen Stil und sein individuelles Budget.<\/span><\/p>\n<p>&nbsp;<\/p>\n<p>&nbsp;<\/p>\n<p>&nbsp;<\/p>\n<p>&nbsp;<\/p>\n<h2><span class=\"subheading\" style=\"font-family: 'Roboto Slab', sans-serif; font-size: 20px; margin-top: 40px; font-weight: 400; text-transform: none; margin-left: 12.5%;\">Professionelle Einrichtungtipps<\/span><\/h2>\n<p><span class=\"vorschau fliesstext\" style=\"margin-top: 40px; font-family: Roboto, sans-serif; font-size: 16px; line-height: 24px; font-weight: 400;\">Wir schicken unsere Innenarchitekten mit einem Budget auf die Suche, um f\u00fcr sie die R\u00e4ume stilvoll einzurichten. Falls\u00a0Ihnen die\u00a0Einrichtung gef\u00e4llt &#8230; alle M\u00f6belst\u00fccke sind bei uns in den Zurbr\u00fcggen Filialen erh\u00e4ltlich. Sollte Ihr Zimmer gr\u00f6\u00dfer, kleiner oder ganz anders geschnitten sein, ist das auch kein Problem. Unsere Experten vor Ort helfen Ihnen gerne die\u00a0WG-Zimmer, passend\u00a0f\u00fcr ihr\u00a0Zuhause nachzuplanen.<\/span><\/p>\n<p><img loading=\"lazy\" decoding=\"async\" class=\"alignnone size-full wp-image-1123\" src=\"https:\/\/www.zurbrueggen.de\/magazin\/wp-content\/uploads\/2016\/08\/magazin-wg-zurbrueggen-1.jpg\" alt=\"magazin-wg-zurbrueggen\" width=\"1200\" height=\"675\" srcset=\"https:\/\/www.zurbrueggen.de\/magazin\/wp-content\/uploads\/2016\/08\/magazin-wg-zurbrueggen-1.jpg 1200w, https:\/\/www.zurbrueggen.de\/magazin\/wp-content\/uploads\/2016\/08\/magazin-wg-zurbrueggen-1-300x169.jpg 300w, https:\/\/www.zurbrueggen.de\/magazin\/wp-content\/uploads\/2016\/08\/magazin-wg-zurbrueggen-1-768x432.jpg 768w, https:\/\/www.zurbrueggen.de\/magazin\/wp-content\/uploads\/2016\/08\/magazin-wg-zurbrueggen-1-1024x576.jpg 1024w, https:\/\/www.zurbrueggen.de\/magazin\/wp-content\/uploads\/2016\/08\/magazin-wg-zurbrueggen-1-665x374.jpg 665w, https:\/\/www.zurbrueggen.de\/magazin\/wp-content\/uploads\/2016\/08\/magazin-wg-zurbrueggen-1-462x260.jpg 462w\" sizes=\"auto, (max-width: 1200px) 100vw, 1200px\" \/><\/p>\n","protected":false},"excerpt":{"rendered":"<p>Inspirationen zur M\u00f6blierung\u00a0der neuen Wohnung, aktuelle Wohntrends\u00a0oder Tipps f\u00fcr\u00a0budgetbezogene Einrichtungen. In dieser\u00a0Serie werden wir f\u00fcr Sie jeden Monat ein Zimmer in unserer Zurbr\u00fcggen WG einrichten. Seien Sie gespannt auf moderne Designs und wechselnde Stile f\u00fcr jedes Portemonnaie. \u00a0<\/p>\n","protected":false},"author":20,"featured_media":1465,"comment_status":"open","ping_status":"open","sticky":false,"template":"","format":"standard","meta":{"_acf_changed":false,"footnotes":""},"categories":[1,47,34],"tags":[],"class_list":["post-796","post","type-post","status-publish","format-standard","has-post-thumbnail","hentry","category-alle-artikel","category-wohnstil","category-zuhause"],"acf":[],"yoast_head":"<!-- This site is optimized with the Yoast SEO plugin v27.4 - https:\/\/yoast.com\/product\/yoast-seo-wordpress\/ -->\n<title>Die Zurbr\u00fcggen WG &#8211; Zurbr\u00fcggen magazin<\/title>\n<meta name=\"description\" content=\"Inspirationen zur M\u00f6blierung\u00a0der neuen Wohnung, aktuelle Wohntrends\u00a0oder Tipps f\u00fcr\u00a0budgetbezogene Einrichtungen. In dieser\u00a0Serie werden wir f\u00fcr Sie jeden - Einrichten entdecken!\" \/>\n<meta name=\"robots\" content=\"index, follow, max-snippet:-1, max-image-preview:large, max-video-preview:-1\" \/>\n<link rel=\"canonical\" href=\"https:\/\/www.zurbrueggen.de\/magazin\/die-zurbrueggen-wg\/\" \/>\n<meta property=\"og:locale\" content=\"de_DE\" \/>\n<meta property=\"og:type\" content=\"article\" \/>\n<meta property=\"og:title\" content=\"Die Zurbr\u00fcggen WG &#8211; Zurbr\u00fcggen magazin\" \/>\n<meta property=\"og:description\" content=\"Inspirationen zur M\u00f6blierung\u00a0der neuen Wohnung, aktuelle Wohntrends\u00a0oder Tipps f\u00fcr\u00a0budgetbezogene Einrichtungen. In dieser\u00a0Serie werden wir f\u00fcr Sie jeden - Einrichten entdecken!\" \/>\n<meta property=\"og:url\" content=\"https:\/\/www.zurbrueggen.de\/magazin\/die-zurbrueggen-wg\/\" \/>\n<meta property=\"og:site_name\" content=\"Zurbr\u00fcggen magazin\" \/>\n<meta property=\"article:publisher\" content=\"https:\/\/facebook.com\/zurbrueggen\" \/>\n<meta property=\"article:published_time\" content=\"2016-08-23T10:07:37+00:00\" \/>\n<meta property=\"article:modified_time\" content=\"2019-12-05T13:19:53+00:00\" \/>\n<meta property=\"og:image\" content=\"https:\/\/www.zurbrueggen.de\/magazin\/wp-content\/uploads\/2017\/02\/magazin-wg2-zurbrueggen.jpg\" \/>\n\t<meta property=\"og:image:width\" content=\"1200\" \/>\n\t<meta property=\"og:image:height\" content=\"675\" \/>\n\t<meta property=\"og:image:type\" content=\"image\/jpeg\" \/>\n<meta name=\"author\" content=\"Linda Wolfgart\" \/>\n<script type=\"application\/ld+json\" class=\"yoast-schema-graph\">{\"@context\":\"https:\\\/\\\/schema.org\",\"@graph\":[{\"@type\":\"Article\",\"@id\":\"https:\\\/\\\/www.zurbrueggen.de\\\/magazin\\\/die-zurbrueggen-wg\\\/#article\",\"isPartOf\":{\"@id\":\"https:\\\/\\\/www.zurbrueggen.de\\\/magazin\\\/die-zurbrueggen-wg\\\/\"},\"author\":{\"name\":\"Linda Wolfgart\",\"@id\":\"https:\\\/\\\/www.zurbrueggen.de\\\/magazin\\\/#\\\/schema\\\/person\\\/07170b1da6f7876ac78e450b9a3ed3d6\"},\"headline\":\"Die Zurbr\u00fcggen WG\",\"datePublished\":\"2016-08-23T10:07:37+00:00\",\"dateModified\":\"2019-12-05T13:19:53+00:00\",\"mainEntityOfPage\":{\"@id\":\"https:\\\/\\\/www.zurbrueggen.de\\\/magazin\\\/die-zurbrueggen-wg\\\/\"},\"wordCount\":245,\"commentCount\":1,\"publisher\":{\"@id\":\"https:\\\/\\\/www.zurbrueggen.de\\\/magazin\\\/#organization\"},\"image\":{\"@id\":\"https:\\\/\\\/www.zurbrueggen.de\\\/magazin\\\/die-zurbrueggen-wg\\\/#primaryimage\"},\"thumbnailUrl\":\"https:\\\/\\\/www.zurbrueggen.de\\\/magazin\\\/wp-content\\\/uploads\\\/2017\\\/02\\\/magazin-wg2-zurbrueggen.jpg\",\"articleSection\":[\"Alle Artikel\",\"Wohnstil\",\"zuhause\"],\"inLanguage\":\"de\",\"potentialAction\":[{\"@type\":\"CommentAction\",\"name\":\"Comment\",\"target\":[\"https:\\\/\\\/www.zurbrueggen.de\\\/magazin\\\/die-zurbrueggen-wg\\\/#respond\"]}]},{\"@type\":\"WebPage\",\"@id\":\"https:\\\/\\\/www.zurbrueggen.de\\\/magazin\\\/die-zurbrueggen-wg\\\/\",\"url\":\"https:\\\/\\\/www.zurbrueggen.de\\\/magazin\\\/die-zurbrueggen-wg\\\/\",\"name\":\"Die Zurbr\u00fcggen WG &#8211; Zurbr\u00fcggen magazin\",\"isPartOf\":{\"@id\":\"https:\\\/\\\/www.zurbrueggen.de\\\/magazin\\\/#website\"},\"primaryImageOfPage\":{\"@id\":\"https:\\\/\\\/www.zurbrueggen.de\\\/magazin\\\/die-zurbrueggen-wg\\\/#primaryimage\"},\"image\":{\"@id\":\"https:\\\/\\\/www.zurbrueggen.de\\\/magazin\\\/die-zurbrueggen-wg\\\/#primaryimage\"},\"thumbnailUrl\":\"https:\\\/\\\/www.zurbrueggen.de\\\/magazin\\\/wp-content\\\/uploads\\\/2017\\\/02\\\/magazin-wg2-zurbrueggen.jpg\",\"datePublished\":\"2016-08-23T10:07:37+00:00\",\"dateModified\":\"2019-12-05T13:19:53+00:00\",\"description\":\"Inspirationen zur M\u00f6blierung\u00a0der neuen Wohnung, aktuelle Wohntrends\u00a0oder Tipps f\u00fcr\u00a0budgetbezogene Einrichtungen. In dieser\u00a0Serie werden wir f\u00fcr Sie jeden - Einrichten entdecken!\",\"breadcrumb\":{\"@id\":\"https:\\\/\\\/www.zurbrueggen.de\\\/magazin\\\/die-zurbrueggen-wg\\\/#breadcrumb\"},\"inLanguage\":\"de\",\"potentialAction\":[{\"@type\":\"ReadAction\",\"target\":[\"https:\\\/\\\/www.zurbrueggen.de\\\/magazin\\\/die-zurbrueggen-wg\\\/\"]}]},{\"@type\":\"ImageObject\",\"inLanguage\":\"de\",\"@id\":\"https:\\\/\\\/www.zurbrueggen.de\\\/magazin\\\/die-zurbrueggen-wg\\\/#primaryimage\",\"url\":\"https:\\\/\\\/www.zurbrueggen.de\\\/magazin\\\/wp-content\\\/uploads\\\/2017\\\/02\\\/magazin-wg2-zurbrueggen.jpg\",\"contentUrl\":\"https:\\\/\\\/www.zurbrueggen.de\\\/magazin\\\/wp-content\\\/uploads\\\/2017\\\/02\\\/magazin-wg2-zurbrueggen.jpg\",\"width\":1200,\"height\":675,\"caption\":\"Inspirationen zur M\u00f6blierung der neuen Wohnung, aktuelle Wohntrends oder Tipps\"},{\"@type\":\"BreadcrumbList\",\"@id\":\"https:\\\/\\\/www.zurbrueggen.de\\\/magazin\\\/die-zurbrueggen-wg\\\/#breadcrumb\",\"itemListElement\":[{\"@type\":\"ListItem\",\"position\":1,\"name\":\"Startseite\",\"item\":\"https:\\\/\\\/www.zurbrueggen.de\\\/magazin\\\/\"},{\"@type\":\"ListItem\",\"position\":2,\"name\":\"Die Zurbr\u00fcggen WG\"}]},{\"@type\":\"WebSite\",\"@id\":\"https:\\\/\\\/www.zurbrueggen.de\\\/magazin\\\/#website\",\"url\":\"https:\\\/\\\/www.zurbrueggen.de\\\/magazin\\\/\",\"name\":\"Zurbr\u00fcggen magazin\",\"description\":\"DESIGN \u2022 STYLE \u2022 LIVING\",\"publisher\":{\"@id\":\"https:\\\/\\\/www.zurbrueggen.de\\\/magazin\\\/#organization\"},\"potentialAction\":[{\"@type\":\"SearchAction\",\"target\":{\"@type\":\"EntryPoint\",\"urlTemplate\":\"https:\\\/\\\/www.zurbrueggen.de\\\/magazin\\\/?s={search_term_string}\"},\"query-input\":{\"@type\":\"PropertyValueSpecification\",\"valueRequired\":true,\"valueName\":\"search_term_string\"}}],\"inLanguage\":\"de\"},{\"@type\":\"Organization\",\"@id\":\"https:\\\/\\\/www.zurbrueggen.de\\\/magazin\\\/#organization\",\"name\":\"Zurbr\u00fcggen Wohn-Zentrum GmbH\",\"url\":\"https:\\\/\\\/www.zurbrueggen.de\\\/magazin\\\/\",\"logo\":{\"@type\":\"ImageObject\",\"inLanguage\":\"de\",\"@id\":\"https:\\\/\\\/www.zurbrueggen.de\\\/magazin\\\/#\\\/schema\\\/logo\\\/image\\\/\",\"url\":\"https:\\\/\\\/www.zurbrueggen.de\\\/magazin\\\/wp-content\\\/uploads\\\/2016\\\/07\\\/logo_zurbrueggen.png\",\"contentUrl\":\"https:\\\/\\\/www.zurbrueggen.de\\\/magazin\\\/wp-content\\\/uploads\\\/2016\\\/07\\\/logo_zurbrueggen.png\",\"width\":400,\"height\":107,\"caption\":\"Zurbr\u00fcggen Wohn-Zentrum GmbH\"},\"image\":{\"@id\":\"https:\\\/\\\/www.zurbrueggen.de\\\/magazin\\\/#\\\/schema\\\/logo\\\/image\\\/\"},\"sameAs\":[\"https:\\\/\\\/facebook.com\\\/zurbrueggen\",\"https:\\\/\\\/x.com\\\/Zurbrueggen\"]},{\"@type\":\"Person\",\"@id\":\"https:\\\/\\\/www.zurbrueggen.de\\\/magazin\\\/#\\\/schema\\\/person\\\/07170b1da6f7876ac78e450b9a3ed3d6\",\"name\":\"Linda Wolfgart\",\"image\":{\"@type\":\"ImageObject\",\"inLanguage\":\"de\",\"@id\":\"https:\\\/\\\/secure.gravatar.com\\\/avatar\\\/f84173980fbd4382d8c0ae77c07dbf27a65219dbdadb5b039dab209120bb5c55?s=96&d=mm&r=g\",\"url\":\"https:\\\/\\\/secure.gravatar.com\\\/avatar\\\/f84173980fbd4382d8c0ae77c07dbf27a65219dbdadb5b039dab209120bb5c55?s=96&d=mm&r=g\",\"contentUrl\":\"https:\\\/\\\/secure.gravatar.com\\\/avatar\\\/f84173980fbd4382d8c0ae77c07dbf27a65219dbdadb5b039dab209120bb5c55?s=96&d=mm&r=g\",\"caption\":\"Linda Wolfgart\"},\"url\":\"https:\\\/\\\/www.zurbrueggen.de\\\/magazin\\\/author\\\/l_junowicz\\\/\"}]}<\/script>\n<!-- \/ Yoast SEO plugin. -->","yoast_head_json":{"title":"Die Zurbr\u00fcggen WG &#8211; Zurbr\u00fcggen magazin","description":"Inspirationen zur M\u00f6blierung\u00a0der neuen Wohnung, aktuelle Wohntrends\u00a0oder Tipps f\u00fcr\u00a0budgetbezogene Einrichtungen. In dieser\u00a0Serie werden wir f\u00fcr Sie jeden - Einrichten entdecken!","robots":{"index":"index","follow":"follow","max-snippet":"max-snippet:-1","max-image-preview":"max-image-preview:large","max-video-preview":"max-video-preview:-1"},"canonical":"https:\/\/www.zurbrueggen.de\/magazin\/die-zurbrueggen-wg\/","og_locale":"de_DE","og_type":"article","og_title":"Die Zurbr\u00fcggen WG &#8211; Zurbr\u00fcggen magazin","og_description":"Inspirationen zur M\u00f6blierung\u00a0der neuen Wohnung, aktuelle Wohntrends\u00a0oder Tipps f\u00fcr\u00a0budgetbezogene Einrichtungen. In dieser\u00a0Serie werden wir f\u00fcr Sie jeden - Einrichten entdecken!","og_url":"https:\/\/www.zurbrueggen.de\/magazin\/die-zurbrueggen-wg\/","og_site_name":"Zurbr\u00fcggen magazin","article_publisher":"https:\/\/facebook.com\/zurbrueggen","article_published_time":"2016-08-23T10:07:37+00:00","article_modified_time":"2019-12-05T13:19:53+00:00","og_image":[{"width":1200,"height":675,"url":"https:\/\/www.zurbrueggen.de\/magazin\/wp-content\/uploads\/2017\/02\/magazin-wg2-zurbrueggen.jpg","type":"image\/jpeg"}],"author":"Linda Wolfgart","schema":{"@context":"https:\/\/schema.org","@graph":[{"@type":"Article","@id":"https:\/\/www.zurbrueggen.de\/magazin\/die-zurbrueggen-wg\/#article","isPartOf":{"@id":"https:\/\/www.zurbrueggen.de\/magazin\/die-zurbrueggen-wg\/"},"author":{"name":"Linda Wolfgart","@id":"https:\/\/www.zurbrueggen.de\/magazin\/#\/schema\/person\/07170b1da6f7876ac78e450b9a3ed3d6"},"headline":"Die Zurbr\u00fcggen WG","datePublished":"2016-08-23T10:07:37+00:00","dateModified":"2019-12-05T13:19:53+00:00","mainEntityOfPage":{"@id":"https:\/\/www.zurbrueggen.de\/magazin\/die-zurbrueggen-wg\/"},"wordCount":245,"commentCount":1,"publisher":{"@id":"https:\/\/www.zurbrueggen.de\/magazin\/#organization"},"image":{"@id":"https:\/\/www.zurbrueggen.de\/magazin\/die-zurbrueggen-wg\/#primaryimage"},"thumbnailUrl":"https:\/\/www.zurbrueggen.de\/magazin\/wp-content\/uploads\/2017\/02\/magazin-wg2-zurbrueggen.jpg","articleSection":["Alle Artikel","Wohnstil","zuhause"],"inLanguage":"de","potentialAction":[{"@type":"CommentAction","name":"Comment","target":["https:\/\/www.zurbrueggen.de\/magazin\/die-zurbrueggen-wg\/#respond"]}]},{"@type":"WebPage","@id":"https:\/\/www.zurbrueggen.de\/magazin\/die-zurbrueggen-wg\/","url":"https:\/\/www.zurbrueggen.de\/magazin\/die-zurbrueggen-wg\/","name":"Die Zurbr\u00fcggen WG &#8211; Zurbr\u00fcggen magazin","isPartOf":{"@id":"https:\/\/www.zurbrueggen.de\/magazin\/#website"},"primaryImageOfPage":{"@id":"https:\/\/www.zurbrueggen.de\/magazin\/die-zurbrueggen-wg\/#primaryimage"},"image":{"@id":"https:\/\/www.zurbrueggen.de\/magazin\/die-zurbrueggen-wg\/#primaryimage"},"thumbnailUrl":"https:\/\/www.zurbrueggen.de\/magazin\/wp-content\/uploads\/2017\/02\/magazin-wg2-zurbrueggen.jpg","datePublished":"2016-08-23T10:07:37+00:00","dateModified":"2019-12-05T13:19:53+00:00","description":"Inspirationen zur M\u00f6blierung\u00a0der neuen Wohnung, aktuelle Wohntrends\u00a0oder Tipps f\u00fcr\u00a0budgetbezogene Einrichtungen. In dieser\u00a0Serie werden wir f\u00fcr Sie jeden - Einrichten entdecken!","breadcrumb":{"@id":"https:\/\/www.zurbrueggen.de\/magazin\/die-zurbrueggen-wg\/#breadcrumb"},"inLanguage":"de","potentialAction":[{"@type":"ReadAction","target":["https:\/\/www.zurbrueggen.de\/magazin\/die-zurbrueggen-wg\/"]}]},{"@type":"ImageObject","inLanguage":"de","@id":"https:\/\/www.zurbrueggen.de\/magazin\/die-zurbrueggen-wg\/#primaryimage","url":"https:\/\/www.zurbrueggen.de\/magazin\/wp-content\/uploads\/2017\/02\/magazin-wg2-zurbrueggen.jpg","contentUrl":"https:\/\/www.zurbrueggen.de\/magazin\/wp-content\/uploads\/2017\/02\/magazin-wg2-zurbrueggen.jpg","width":1200,"height":675,"caption":"Inspirationen zur M\u00f6blierung der neuen Wohnung, aktuelle Wohntrends oder Tipps"},{"@type":"BreadcrumbList","@id":"https:\/\/www.zurbrueggen.de\/magazin\/die-zurbrueggen-wg\/#breadcrumb","itemListElement":[{"@type":"ListItem","position":1,"name":"Startseite","item":"https:\/\/www.zurbrueggen.de\/magazin\/"},{"@type":"ListItem","position":2,"name":"Die Zurbr\u00fcggen WG"}]},{"@type":"WebSite","@id":"https:\/\/www.zurbrueggen.de\/magazin\/#website","url":"https:\/\/www.zurbrueggen.de\/magazin\/","name":"Zurbr\u00fcggen magazin","description":"DESIGN \u2022 STYLE \u2022 LIVING","publisher":{"@id":"https:\/\/www.zurbrueggen.de\/magazin\/#organization"},"potentialAction":[{"@type":"SearchAction","target":{"@type":"EntryPoint","urlTemplate":"https:\/\/www.zurbrueggen.de\/magazin\/?s={search_term_string}"},"query-input":{"@type":"PropertyValueSpecification","valueRequired":true,"valueName":"search_term_string"}}],"inLanguage":"de"},{"@type":"Organization","@id":"https:\/\/www.zurbrueggen.de\/magazin\/#organization","name":"Zurbr\u00fcggen Wohn-Zentrum GmbH","url":"https:\/\/www.zurbrueggen.de\/magazin\/","logo":{"@type":"ImageObject","inLanguage":"de","@id":"https:\/\/www.zurbrueggen.de\/magazin\/#\/schema\/logo\/image\/","url":"https:\/\/www.zurbrueggen.de\/magazin\/wp-content\/uploads\/2016\/07\/logo_zurbrueggen.png","contentUrl":"https:\/\/www.zurbrueggen.de\/magazin\/wp-content\/uploads\/2016\/07\/logo_zurbrueggen.png","width":400,"height":107,"caption":"Zurbr\u00fcggen Wohn-Zentrum GmbH"},"image":{"@id":"https:\/\/www.zurbrueggen.de\/magazin\/#\/schema\/logo\/image\/"},"sameAs":["https:\/\/facebook.com\/zurbrueggen","https:\/\/x.com\/Zurbrueggen"]},{"@type":"Person","@id":"https:\/\/www.zurbrueggen.de\/magazin\/#\/schema\/person\/07170b1da6f7876ac78e450b9a3ed3d6","name":"Linda Wolfgart","image":{"@type":"ImageObject","inLanguage":"de","@id":"https:\/\/secure.gravatar.com\/avatar\/f84173980fbd4382d8c0ae77c07dbf27a65219dbdadb5b039dab209120bb5c55?s=96&d=mm&r=g","url":"https:\/\/secure.gravatar.com\/avatar\/f84173980fbd4382d8c0ae77c07dbf27a65219dbdadb5b039dab209120bb5c55?s=96&d=mm&r=g","contentUrl":"https:\/\/secure.gravatar.com\/avatar\/f84173980fbd4382d8c0ae77c07dbf27a65219dbdadb5b039dab209120bb5c55?s=96&d=mm&r=g","caption":"Linda Wolfgart"},"url":"https:\/\/www.zurbrueggen.de\/magazin\/author\/l_junowicz\/"}]}},"_links":{"self":[{"href":"https:\/\/www.zurbrueggen.de\/magazin\/wp-json\/wp\/v2\/posts\/796","targetHints":{"allow":["GET"]}}],"collection":[{"href":"https:\/\/www.zurbrueggen.de\/magazin\/wp-json\/wp\/v2\/posts"}],"about":[{"href":"https:\/\/www.zurbrueggen.de\/magazin\/wp-json\/wp\/v2\/types\/post"}],"author":[{"embeddable":true,"href":"https:\/\/www.zurbrueggen.de\/magazin\/wp-json\/wp\/v2\/users\/20"}],"replies":[{"embeddable":true,"href":"https:\/\/www.zurbrueggen.de\/magazin\/wp-json\/wp\/v2\/comments?post=796"}],"version-history":[{"count":75,"href":"https:\/\/www.zurbrueggen.de\/magazin\/wp-json\/wp\/v2\/posts\/796\/revisions"}],"predecessor-version":[{"id":2298,"href":"https:\/\/www.zurbrueggen.de\/magazin\/wp-json\/wp\/v2\/posts\/796\/revisions\/2298"}],"wp:featuredmedia":[{"embeddable":true,"href":"https:\/\/www.zurbrueggen.de\/magazin\/wp-json\/wp\/v2\/media\/1465"}],"wp:attachment":[{"href":"https:\/\/www.zurbrueggen.de\/magazin\/wp-json\/wp\/v2\/media?parent=796"}],"wp:term":[{"taxonomy":"category","embeddable":true,"href":"https:\/\/www.zurbrueggen.de\/magazin\/wp-json\/wp\/v2\/categories?post=796"},{"taxonomy":"post_tag","embeddable":true,"href":"https:\/\/www.zurbrueggen.de\/magazin\/wp-json\/wp\/v2\/tags?post=796"}],"curies":[{"name":"wp","href":"https:\/\/api.w.org\/{rel}","templated":true}]}}