{"id":7481,"date":"2023-10-18T08:11:19","date_gmt":"2023-10-18T06:11:19","guid":{"rendered":"https:\/\/www.zurbrueggen.de\/magazin\/?p=7481"},"modified":"2024-01-11T12:59:37","modified_gmt":"2024-01-11T11:59:37","slug":"herbstliches-ambiente","status":"publish","type":"post","link":"https:\/\/www.zurbrueggen.de\/magazin\/herbstliches-ambiente\/","title":{"rendered":"Herbstliches Ambiente"},"content":{"rendered":"<div class=\"mceTemp\"><\/div>\n<p><span class=\"vorschau\" style=\"font-family: 'Roboto Slab'; font-size: 22px; line-height: 34px; font-weight: 300; margin-top: 40px;\">Strahlende Orange-, Rot- und gelb T\u00f6ne beschreiben die herbstliche Jahreszeit. Die einkehrenden k\u00fcrzeren sowie k\u00e4lteren Tage eignen sich perfekt, um es sich f\u00fcr ein herbstliches Ambiente Zuhause so richtig gem\u00fctlich zu machen. Wir zeigen euch in diesem Beitrag, wie auch ihr das Herbstgef\u00fchl ganz einfach in euer Zuhause bringt.\u00a0<\/span><\/p>\n<p><!--more--><br \/>\n&nbsp;<\/p>\n<figure id=\"attachment_7292\" aria-describedby=\"caption-attachment-7292\" style=\"width: 1200px\" class=\"wp-caption aligncenter\"><a href=\"https:\/\/www.zurbrueggen.de\/leonardo-tee-set-3-tlg.-limited-edition\/1313997\"><img loading=\"lazy\" decoding=\"async\" class=\"size-full wp-image-7292\" src=\"https:\/\/www.zurbrueggen.de\/magazin\/wp-content\/uploads\/2023\/10\/715ddb69-f287-4822-b76a-a710fb42b317.jpg\" alt=\"\" width=\"1200\" height=\"675\" \/><\/a><figcaption id=\"caption-attachment-7292\" class=\"wp-caption-text\">Herbst Must-Haves: W\u00e4rmende Tees<\/figcaption><\/figure>\n<h5 style=\"text-align: left; padding-left: 150px;\">Kuschliger Herbst-Abend<\/h5>\n<p><span class=\"fliesstext\" style=\"font-family: Roboto, sans-serif; font-size: 16px; line-height: 24px; font-weight: 400;\">W\u00e4hrend es im Herbst drau\u00dfen ungem\u00fctlicher wird, k\u00f6nnen wir es uns drinnen mit Herbst-Deko umso gem\u00fctlicher machen. Das flackernde Kerzenlicht der <a href=\"https:\/\/www.zurbrueggen.de\/fink-vase-windlicht-dena\/1346945\">Fink Vase DENA<\/a> wirkt beruhigend und sorgt f\u00fcr mehr Gem\u00fctlichkeit. Das Farbdesign in Braun erzeugt eine w\u00e4rmende Ausstrahlungskraft. Zus\u00e4tzlich l\u00e4sst sich ein Abend mit einer <a href=\"https:\/\/www.zurbrueggen.de\/haushalt\/geschirr\/tassen\/\">Tasse<\/a> Tee wunderbar ausklingen. Mit der <a href=\"https:\/\/www.zurbrueggen.de\/search?search=PERLEMOR+CORAL+Tasse+von+Like+by+Villeroy+%26+Boch\">PERLEMOR CORAL Tasse von Like by Villeroy &amp; Boch <\/a>kann man sich auf die k\u00e4ltere Zeit einstimmen. Aber auch das Lesen eines Buches vor einem w\u00e4rmenden Kamin klingt in dieser Jahreszeit verlockend. Vor dem <a href=\"https:\/\/www.zurbrueggen.de\/landscape-elektrokamin-london\/1081557\">Landscape Elektrokamin London <\/a>kann man im Herbst optimal entspannen und die Ablagefl\u00e4che eignet sich perfekt, um <a href=\"https:\/\/www.zurbrueggen.de\/deko-textil\/bilder-rahmen\/\">Fotorahmen<\/a> mit Bildern von den Liebsten aufzustellen. F\u00fcr mehr herbstliches Ambiente f\u00fcr Zuhause k\u00f6nnen wir auf der <a href=\"https:\/\/www.zurbrueggen.de\/osca-rundecke-l-nubo\/1251870\">Osca Rundecke NUBO <\/a> bequem dabei zu sehen, wie die B\u00e4ume ihre Bl\u00e4tter verlieren.<\/span><\/p>\n<figure id=\"attachment_7292\" aria-describedby=\"caption-attachment-7292\" style=\"width: 1200px\" class=\"wp-caption aligncenter\"><a href=\"https:\/\/www.zurbrueggen.de\/search?search=schaffell&amp;tab=product\"><img loading=\"lazy\" decoding=\"async\" class=\"size-full wp-image-7292\" src=\"https:\/\/www.zurbrueggen.de\/magazin\/wp-content\/uploads\/2023\/10\/76fade11-320f-4e0d-bcda-c3b72af090c6.jpg\" alt=\"\" width=\"1200\" height=\"675\" \/><\/a><figcaption id=\"caption-attachment-7292\" class=\"wp-caption-text\">Schaffell als behaglicher Begleiter<\/figcaption><\/figure>\n<h5 style=\"text-align: left; padding-left: 150px;\">Behagliche Raumbegleiter<\/h5>\n<p><span class=\"fliesstext\" style=\"font-family: Roboto, sans-serif; font-size: 16px; line-height: 24px; font-weight: 400;\">Ein herbstlicher Spaziergang durch den Wald tut nicht nur der Gesundheit und Seele gut. Der meist mit Arbeitsstress gef\u00fcllte Kopf wird durch die frische Luft befreit. Allerdings werden bei einer solchen Wanderung gerne <a href=\"https:\/\/www.zurbrueggen.de\/deko-textil\/dekoration\/\">Dekorationen<\/a> aus Holz, \u00c4sten, Kastanien mitgenommen und diese sind ein Schutzraum und Nahrungsmittel f\u00fcr Tiere. Zum Gl\u00fcck gibt es tolle Alternativen. Ein sch\u00f6nes Beispiel an dieser Stelle: das <a href=\"https:\/\/www.zurbrueggen.de\/leonardo-windlicht-27-mit-teak-toscana\/1186424\">Leonardo Windlicht Toscana<\/a>. Mit dieser Deko k\u00f6nnt ihr eine gem\u00fctliche Stimmung und ein herbstliches Ambiente erschaffen. Anschlie\u00dfend kann man mit einer kuschligen Decke wie der <a href=\"https:\/\/www.zurbrueggen.de\/search?search=IBENA+Wohndecke+BUGATTI\">IBENA Wohndecke BUGATTI<\/a> auf der <a href=\"https:\/\/www.zurbrueggen.de\/moebel\/wohnzimmer\/sofa-couch\/\">Couch<\/a> den Lichtschein in vollen Z\u00fcgen genie\u00dfen. Ein vor dem Kamin positioniertes <a href=\"https:\/\/www.zurbrueggen.de\/search?search=schaffell\">Schaffell von Zurbr\u00fcggen<\/a> unterstreicht das Herbstgef\u00fchl. Aber auch auf einer <a href=\"https:\/\/www.zurbrueggen.de\/moebel\/esszimmer\/sitzbaenke\/holzbaenke\/\">Holzbank<\/a> oder der Ecke des <a href=\"https:\/\/www.zurbrueggen.de\/moebel\/wohnzimmer\/sofa-couch\/\">Sofas<\/a> ist das Fell aus Wolle ein behaglicher Raumbegleiter und sorgt f\u00fcr mehr Gem\u00fctlichkeit im Herbst.<\/span><\/p>\n<p>&nbsp;<\/p>\n<figure id=\"attachment_7156\" aria-describedby=\"caption-attachment-7156\" style=\"width: 1200px\" class=\"wp-caption aligncenter\"><a href=\"https:\/\/www.zurbrueggen.de\/villeroy-boch-etagere-artesano-original\/0089010\"><img loading=\"lazy\" decoding=\"async\" class=\"size-full wp-image-7156\" src=\"https:\/\/www.zurbrueggen.de\/magazin\/wp-content\/uploads\/2023\/10\/83500539-eef9-4ae8-a035-593bb387a7f7.jpg\" alt=\"\" width=\"1200\" height=\"675\" \/><\/a><figcaption id=\"caption-attachment-7156\" class=\"wp-caption-text\">F\u00fcr ein gem\u00fctliches Beisammensitzen<\/figcaption><\/figure>\n<h5 style=\"text-align: left; padding-left: 150px;\">Ein Tisch zu Halloween<\/h5>\n<p><span class=\"fliesstext\" style=\"font-family: Roboto, sans-serif; font-size: 16px; line-height: 24px; font-weight: 400;\">Am Ende des Monats Oktober steht wie jedes Jahr ein ganz spezielles Fest vor der T\u00fcr, welches jung bis alt begeistert. Es handelt sich hierbei nat\u00fcrlich um Halloween. Am 31.10. werden die Tische aufbereitet, um mit den Nachbarn, Familie und Freunden gemeinsam die gruseligsten Speisen zu pr\u00e4sentieren und zu vernaschen. Auf dem <a href=\"https:\/\/www.zurbrueggen.de\/z2-esstisch-gerd\/1117969\">Esstisch Gerd von Z2<\/a> findet man Platz, um die K\u00f6stlichkeiten und den Besuch unterzukriegen. Mit dem <a href=\"https:\/\/www.zurbrueggen.de\/villeroy-boch-eye-catcherset-4-tlg.-artesano-original\/1218073\">Villeroy &amp; Boch Eye Catcherset ARTESANO ORIGINAL<\/a> sind verschiedene Speisen platzsparend und \u00e4sthetisch platziert. Auch das <a href=\"https:\/\/www.zurbrueggen.de\/search?search=Homeware+Schneid-+und+Servierbrett+\">Homeware Schneid- und Servierbrett <\/a>eignet sich ideal zum Servieren von verschiedenen kleinen H\u00e4ppchen. Die <a href=\"https:\/\/www.zurbrueggen.de\/gefu-4er-set-schaschlikspiesse-piccante\/1037843\">Schaschlikspie\u00dfe PICCANTE von GEFU <\/a>halten f\u00fcr das Aufspie\u00dfen und Verzieren mit Marshmallows und Fr\u00fcchten her. Aufgew\u00e4rmte Schokolade aus dem <a href=\"https:\/\/www.zurbrueggen.de\/search?search=Fissler+Kochtopf+ORIGINAL-PROFI+COLLLECTION+\">Fissler Kochtopf ORIGINAL-PROFI COLLLECTION <\/a>2 schmeckt zu den s\u00fc\u00dfen Spie\u00dfen am besten und l\u00e4sst Kinderaugen erstrahlen.<\/span><\/p>\n<p>&nbsp;<\/p>\n<figure id=\"attachment_7156\" aria-describedby=\"caption-attachment-7156\" style=\"width: 1200px\" class=\"wp-caption aligncenter\"><a href=\"https:\/\/www.zurbrueggen.de\/le-creuset-kuerbisfoermchen-ofenrot-halloween\/1318365\"><img loading=\"lazy\" decoding=\"async\" class=\"size-full wp-image-7156\" src=\"https:\/\/www.zurbrueggen.de\/magazin\/wp-content\/uploads\/2023\/10\/93125298-cd3d-4a26-b1f3-b1febee5be9f.jpg\" alt=\"\" width=\"1200\" height=\"675\" \/><\/a><figcaption id=\"caption-attachment-7156\" class=\"wp-caption-text\">Herbstk\u00fcche mit LE CREUSET<\/figcaption><\/figure>\n<h5 style=\"text-align: left; padding-left: 150px;\">Rezept<\/h5>\n<p><span class=\"fliesstext\" style=\"font-family: Roboto, sans-serif; font-size: 16px; line-height: 24px; font-weight: 400;\"> Mit dem <a href=\"https:\/\/www.zurbrueggen.de\/search?search=LE+CREUSET+Auflaufform+2-er+Set+KLASSIK\">LE CREUSET Auflaufform 2-er Set KLASSIK<\/a> gart ihr k\u00f6stliche Ofengerichte. Erh\u00e4ltlich ist die Form in mehreren Farbvariationen. Damit ist sie ein optischer Farbtupfer und passt zu jedem Anlass<\/span><span class=\"fliesstext\" style=\"font-family: Roboto, sans-serif; font-size: 16px; line-height: 24px; font-weight: 400;\">. Wer gerne saisonal speist, f\u00fcr den haben wir hier eine Empfehlung passend zum herbstlichen Ambiente f\u00fcr Zuhause:<br \/>\nKartoffel-K\u00fcrbis-Gratin<br \/>\n<span class=\"fliesstext\" style=\"font-family: Roboto, sans-serif; font-size: 16px; line-height: 24px; font-weight: 400;\"><br \/>\nZutaten f\u00fcr 4 Personen:<br \/>\n250g Kartoffeln<br \/>\n1 (\u00e0 ca. 600g) Hokkaido-K\u00fcrbis<br \/>\n1 Knoblauchzehe<br \/>\n100g Schlagsahne<br \/>\nSalz<br \/>\nMuskatnuss<br \/>\n20g Parmesank\u00e4se oder vegetarischer Hartk\u00e4se<br \/>\n2 Stiele Petersilie<br \/>\n<span class=\"fliesstext\" style=\"font-family: Roboto, sans-serif; font-size: 16px; line-height: 24px; font-weight: 400;\"><br \/>\nKartoffeln sch\u00e4len, K\u00fcrbis abwaschen, entkernen und in 0,5 cm kleine Spalten schneiden.<br \/>\nKnoblauch sch\u00e4len und fein hacken, anschlie\u00dfend in einem Topf mit der Sahne aufkochen und kr\u00e4ftig mit Pfeffer und Muskat w\u00fcrzen.<br \/>\nErst alle Kartoffeln, dar\u00fcber dann die K\u00fcrbisspalten in die LE CREUSET Auflaufform schichten. Die Knoblauch-Sahne dar\u00fcber gie\u00dfen und mit geriebenem Parmesan bestreuen.<br \/>\nDanach 30 min. bei 175\u00b0 Umluft im Backofen backen.<br \/>\nPetersilie waschen, trocknen und das fertige Gratin damit bestreuen.<br \/>\n<span class=\"fliesstext\" style=\"font-family: Roboto, sans-serif; font-size: 16px; line-height: 24px; font-weight: 400;\"><br \/>\nWir w\u00fcnschen guten Appetit und ein sch\u00f6nes Halloween-Fest mit euren Liebsten. <\/span><\/span><\/span><\/span><\/p>\n<p><a href=\"https:\/\/www.zurbrueggen.de\/herbstliches-ambiente\/\"><img loading=\"lazy\" decoding=\"async\" class=\"aligncenter size-full wp-image-7164\" src=\"https:\/\/www.zurbrueggen.de\/magazin\/wp-content\/uploads\/2023\/10\/a34fd6c8-3c8f-4a48-b51a-616ae48528ca.jpg\" alt=\"\" width=\"750\" height=\"320\" \/><\/a><\/p>\n","protected":false},"excerpt":{"rendered":"<p>Strahlende Orange-, Rot- und gelb T\u00f6ne beschreiben die herbstliche Jahreszeit. Die einkehrenden k\u00fcrzeren sowie k\u00e4lteren Tage eignen sich perfekt, um es sich f\u00fcr ein herbstliches Ambiente Zuhause so richtig gem\u00fctlich zu machen. Wir zeigen euch in diesem Beitrag, wie auch ihr das Herbstgef\u00fchl ganz einfach in euer Zuhause bringt.\u00a0<\/p>\n","protected":false},"author":27,"featured_media":7593,"comment_status":"open","ping_status":"open","sticky":false,"template":"","format":"gallery","meta":{"_acf_changed":false,"footnotes":""},"categories":[32,27],"tags":[1188,1146,1266,1285,1171,1286,1241,1190,1225,1224,1114,1187,1186,1276,1291,1145],"class_list":["post-7481","post","type-post","status-publish","format-gallery","has-post-thumbnail","hentry","category-trend","category-trends-und-wissen","tag-dekoration","tag-einrichtung","tag-einrichtungsideen","tag-einrichtungsstil","tag-einrichtungstrends","tag-gemuetlichkeit","tag-herbst","tag-moebel","tag-schlafzimmer","tag-sessel","tag-stil","tag-trend","tag-trends","tag-wohnaccessoires","tag-wohnstil","tag-wohnzimmer","post_format-post-format-gallery"],"acf":[],"yoast_head":"<!-- This site is optimized with the Yoast SEO plugin v27.4 - https:\/\/yoast.com\/product\/yoast-seo-wordpress\/ -->\n<title>F\u00fcr mehr Gem\u00fctlichkeit! Herbstliches Ambiente f\u00fcr Zuhause<\/title>\n<meta name=\"description\" content=\"Wir zeigen euch in diesem Beitrag, wie auch ihr ein herbstliches Ambiente ganz einfach in euer Zuhause bringen k\u00f6nnt. F\u00fcr mehr Gem\u00fctlichkeit!\" \/>\n<meta name=\"robots\" content=\"index, follow, max-snippet:-1, max-image-preview:large, max-video-preview:-1\" \/>\n<link rel=\"canonical\" href=\"https:\/\/www.zurbrueggen.de\/magazin\/herbstliches-ambiente\/\" \/>\n<meta property=\"og:locale\" content=\"de_DE\" \/>\n<meta property=\"og:type\" content=\"article\" \/>\n<meta property=\"og:title\" content=\"Von leuchtenden B\u00e4umen bis hin zu heimeligem Kerzenschein | Herbstliches Ambiente\" \/>\n<meta property=\"og:description\" content=\"Wir zeigen euch in diesem Beitrag, wie auch ihr das Herbstgef\u00fchl ganz einfach in euer Zuhause bringen k\u00f6nnt.\" \/>\n<meta property=\"og:url\" content=\"https:\/\/www.zurbrueggen.de\/magazin\/herbstliches-ambiente\/\" \/>\n<meta property=\"og:site_name\" content=\"Zurbr\u00fcggen magazin\" \/>\n<meta property=\"article:publisher\" content=\"https:\/\/facebook.com\/zurbrueggen\" \/>\n<meta property=\"article:published_time\" content=\"2023-10-18T06:11:19+00:00\" \/>\n<meta property=\"article:modified_time\" content=\"2024-01-11T11:59:37+00:00\" \/>\n<meta property=\"og:image\" content=\"https:\/\/www.zurbrueggen.de\/magazin\/wp-content\/uploads\/2023\/08\/5943f84d-c230-48b8-b34c-8ec3fb7b7d24.jpg\" \/>\n\t<meta property=\"og:image:width\" content=\"1200\" \/>\n\t<meta property=\"og:image:height\" content=\"675\" \/>\n\t<meta property=\"og:image:type\" content=\"image\/jpeg\" \/>\n<meta name=\"author\" content=\"Julia Paschen\" \/>\n<script type=\"application\/ld+json\" class=\"yoast-schema-graph\">{\"@context\":\"https:\\\/\\\/schema.org\",\"@graph\":[{\"@type\":\"Article\",\"@id\":\"https:\\\/\\\/www.zurbrueggen.de\\\/magazin\\\/herbstliches-ambiente\\\/#article\",\"isPartOf\":{\"@id\":\"https:\\\/\\\/www.zurbrueggen.de\\\/magazin\\\/herbstliches-ambiente\\\/\"},\"author\":{\"name\":\"Julia Paschen\",\"@id\":\"https:\\\/\\\/www.zurbrueggen.de\\\/magazin\\\/#\\\/schema\\\/person\\\/5596ed176b1851c47a00e32190fbd9e8\"},\"headline\":\"Herbstliches Ambiente\",\"datePublished\":\"2023-10-18T06:11:19+00:00\",\"dateModified\":\"2024-01-11T11:59:37+00:00\",\"mainEntityOfPage\":{\"@id\":\"https:\\\/\\\/www.zurbrueggen.de\\\/magazin\\\/herbstliches-ambiente\\\/\"},\"wordCount\":727,\"commentCount\":0,\"publisher\":{\"@id\":\"https:\\\/\\\/www.zurbrueggen.de\\\/magazin\\\/#organization\"},\"image\":{\"@id\":\"https:\\\/\\\/www.zurbrueggen.de\\\/magazin\\\/herbstliches-ambiente\\\/#primaryimage\"},\"thumbnailUrl\":\"https:\\\/\\\/www.zurbrueggen.de\\\/magazin\\\/wp-content\\\/uploads\\\/2023\\\/08\\\/5943f84d-c230-48b8-b34c-8ec3fb7b7d24.jpg\",\"keywords\":[\"Dekoration\",\"Einrichtung\",\"Einrichtungsideen\",\"Einrichtungsstil\",\"Einrichtungstrends\",\"Gem\u00fctlichkeit\",\"Herbst\",\"M\u00f6bel\",\"Schlafzimmer\",\"Sessel\",\"Stil\",\"Trend\",\"Trends\",\"Wohnaccessoires\",\"Wohnstil\",\"Wohnzimmer\"],\"articleSection\":[\"trend\",\"Trends &amp; Wissen\"],\"inLanguage\":\"de\",\"potentialAction\":[{\"@type\":\"CommentAction\",\"name\":\"Comment\",\"target\":[\"https:\\\/\\\/www.zurbrueggen.de\\\/magazin\\\/herbstliches-ambiente\\\/#respond\"]}]},{\"@type\":\"WebPage\",\"@id\":\"https:\\\/\\\/www.zurbrueggen.de\\\/magazin\\\/herbstliches-ambiente\\\/\",\"url\":\"https:\\\/\\\/www.zurbrueggen.de\\\/magazin\\\/herbstliches-ambiente\\\/\",\"name\":\"F\u00fcr mehr Gem\u00fctlichkeit! Herbstliches Ambiente f\u00fcr Zuhause\",\"isPartOf\":{\"@id\":\"https:\\\/\\\/www.zurbrueggen.de\\\/magazin\\\/#website\"},\"primaryImageOfPage\":{\"@id\":\"https:\\\/\\\/www.zurbrueggen.de\\\/magazin\\\/herbstliches-ambiente\\\/#primaryimage\"},\"image\":{\"@id\":\"https:\\\/\\\/www.zurbrueggen.de\\\/magazin\\\/herbstliches-ambiente\\\/#primaryimage\"},\"thumbnailUrl\":\"https:\\\/\\\/www.zurbrueggen.de\\\/magazin\\\/wp-content\\\/uploads\\\/2023\\\/08\\\/5943f84d-c230-48b8-b34c-8ec3fb7b7d24.jpg\",\"datePublished\":\"2023-10-18T06:11:19+00:00\",\"dateModified\":\"2024-01-11T11:59:37+00:00\",\"description\":\"Wir zeigen euch in diesem Beitrag, wie auch ihr ein herbstliches Ambiente ganz einfach in euer Zuhause bringen k\u00f6nnt. F\u00fcr mehr Gem\u00fctlichkeit!\",\"breadcrumb\":{\"@id\":\"https:\\\/\\\/www.zurbrueggen.de\\\/magazin\\\/herbstliches-ambiente\\\/#breadcrumb\"},\"inLanguage\":\"de\",\"potentialAction\":[{\"@type\":\"ReadAction\",\"target\":[\"https:\\\/\\\/www.zurbrueggen.de\\\/magazin\\\/herbstliches-ambiente\\\/\"]}]},{\"@type\":\"ImageObject\",\"inLanguage\":\"de\",\"@id\":\"https:\\\/\\\/www.zurbrueggen.de\\\/magazin\\\/herbstliches-ambiente\\\/#primaryimage\",\"url\":\"https:\\\/\\\/www.zurbrueggen.de\\\/magazin\\\/wp-content\\\/uploads\\\/2023\\\/08\\\/5943f84d-c230-48b8-b34c-8ec3fb7b7d24.jpg\",\"contentUrl\":\"https:\\\/\\\/www.zurbrueggen.de\\\/magazin\\\/wp-content\\\/uploads\\\/2023\\\/08\\\/5943f84d-c230-48b8-b34c-8ec3fb7b7d24.jpg\",\"width\":1200,\"height\":675},{\"@type\":\"BreadcrumbList\",\"@id\":\"https:\\\/\\\/www.zurbrueggen.de\\\/magazin\\\/herbstliches-ambiente\\\/#breadcrumb\",\"itemListElement\":[{\"@type\":\"ListItem\",\"position\":1,\"name\":\"Startseite\",\"item\":\"https:\\\/\\\/www.zurbrueggen.de\\\/magazin\\\/\"},{\"@type\":\"ListItem\",\"position\":2,\"name\":\"Herbstliches Ambiente\"}]},{\"@type\":\"WebSite\",\"@id\":\"https:\\\/\\\/www.zurbrueggen.de\\\/magazin\\\/#website\",\"url\":\"https:\\\/\\\/www.zurbrueggen.de\\\/magazin\\\/\",\"name\":\"Zurbr\u00fcggen magazin\",\"description\":\"DESIGN \u2022 STYLE \u2022 LIVING\",\"publisher\":{\"@id\":\"https:\\\/\\\/www.zurbrueggen.de\\\/magazin\\\/#organization\"},\"potentialAction\":[{\"@type\":\"SearchAction\",\"target\":{\"@type\":\"EntryPoint\",\"urlTemplate\":\"https:\\\/\\\/www.zurbrueggen.de\\\/magazin\\\/?s={search_term_string}\"},\"query-input\":{\"@type\":\"PropertyValueSpecification\",\"valueRequired\":true,\"valueName\":\"search_term_string\"}}],\"inLanguage\":\"de\"},{\"@type\":\"Organization\",\"@id\":\"https:\\\/\\\/www.zurbrueggen.de\\\/magazin\\\/#organization\",\"name\":\"Zurbr\u00fcggen Wohn-Zentrum GmbH\",\"url\":\"https:\\\/\\\/www.zurbrueggen.de\\\/magazin\\\/\",\"logo\":{\"@type\":\"ImageObject\",\"inLanguage\":\"de\",\"@id\":\"https:\\\/\\\/www.zurbrueggen.de\\\/magazin\\\/#\\\/schema\\\/logo\\\/image\\\/\",\"url\":\"https:\\\/\\\/www.zurbrueggen.de\\\/magazin\\\/wp-content\\\/uploads\\\/2016\\\/07\\\/logo_zurbrueggen.png\",\"contentUrl\":\"https:\\\/\\\/www.zurbrueggen.de\\\/magazin\\\/wp-content\\\/uploads\\\/2016\\\/07\\\/logo_zurbrueggen.png\",\"width\":400,\"height\":107,\"caption\":\"Zurbr\u00fcggen Wohn-Zentrum GmbH\"},\"image\":{\"@id\":\"https:\\\/\\\/www.zurbrueggen.de\\\/magazin\\\/#\\\/schema\\\/logo\\\/image\\\/\"},\"sameAs\":[\"https:\\\/\\\/facebook.com\\\/zurbrueggen\",\"https:\\\/\\\/x.com\\\/Zurbrueggen\"]},{\"@type\":\"Person\",\"@id\":\"https:\\\/\\\/www.zurbrueggen.de\\\/magazin\\\/#\\\/schema\\\/person\\\/5596ed176b1851c47a00e32190fbd9e8\",\"name\":\"Julia Paschen\",\"image\":{\"@type\":\"ImageObject\",\"inLanguage\":\"de\",\"@id\":\"https:\\\/\\\/secure.gravatar.com\\\/avatar\\\/000d1f6af0d913dc11958dffa0a2a27e1ec646f1fd674334902659ca07ac9752?s=96&d=mm&r=g\",\"url\":\"https:\\\/\\\/secure.gravatar.com\\\/avatar\\\/000d1f6af0d913dc11958dffa0a2a27e1ec646f1fd674334902659ca07ac9752?s=96&d=mm&r=g\",\"contentUrl\":\"https:\\\/\\\/secure.gravatar.com\\\/avatar\\\/000d1f6af0d913dc11958dffa0a2a27e1ec646f1fd674334902659ca07ac9752?s=96&d=mm&r=g\",\"caption\":\"Julia Paschen\"},\"url\":\"https:\\\/\\\/www.zurbrueggen.de\\\/magazin\\\/author\\\/j_paschen\\\/\"}]}<\/script>\n<!-- \/ Yoast SEO plugin. -->","yoast_head_json":{"title":"F\u00fcr mehr Gem\u00fctlichkeit! Herbstliches Ambiente f\u00fcr Zuhause","description":"Wir zeigen euch in diesem Beitrag, wie auch ihr ein herbstliches Ambiente ganz einfach in euer Zuhause bringen k\u00f6nnt. F\u00fcr mehr Gem\u00fctlichkeit!","robots":{"index":"index","follow":"follow","max-snippet":"max-snippet:-1","max-image-preview":"max-image-preview:large","max-video-preview":"max-video-preview:-1"},"canonical":"https:\/\/www.zurbrueggen.de\/magazin\/herbstliches-ambiente\/","og_locale":"de_DE","og_type":"article","og_title":"Von leuchtenden B\u00e4umen bis hin zu heimeligem Kerzenschein | Herbstliches Ambiente","og_description":"Wir zeigen euch in diesem Beitrag, wie auch ihr das Herbstgef\u00fchl ganz einfach in euer Zuhause bringen k\u00f6nnt.","og_url":"https:\/\/www.zurbrueggen.de\/magazin\/herbstliches-ambiente\/","og_site_name":"Zurbr\u00fcggen magazin","article_publisher":"https:\/\/facebook.com\/zurbrueggen","article_published_time":"2023-10-18T06:11:19+00:00","article_modified_time":"2024-01-11T11:59:37+00:00","og_image":[{"width":1200,"height":675,"url":"https:\/\/www.zurbrueggen.de\/magazin\/wp-content\/uploads\/2023\/08\/5943f84d-c230-48b8-b34c-8ec3fb7b7d24.jpg","type":"image\/jpeg"}],"author":"Julia Paschen","schema":{"@context":"https:\/\/schema.org","@graph":[{"@type":"Article","@id":"https:\/\/www.zurbrueggen.de\/magazin\/herbstliches-ambiente\/#article","isPartOf":{"@id":"https:\/\/www.zurbrueggen.de\/magazin\/herbstliches-ambiente\/"},"author":{"name":"Julia Paschen","@id":"https:\/\/www.zurbrueggen.de\/magazin\/#\/schema\/person\/5596ed176b1851c47a00e32190fbd9e8"},"headline":"Herbstliches Ambiente","datePublished":"2023-10-18T06:11:19+00:00","dateModified":"2024-01-11T11:59:37+00:00","mainEntityOfPage":{"@id":"https:\/\/www.zurbrueggen.de\/magazin\/herbstliches-ambiente\/"},"wordCount":727,"commentCount":0,"publisher":{"@id":"https:\/\/www.zurbrueggen.de\/magazin\/#organization"},"image":{"@id":"https:\/\/www.zurbrueggen.de\/magazin\/herbstliches-ambiente\/#primaryimage"},"thumbnailUrl":"https:\/\/www.zurbrueggen.de\/magazin\/wp-content\/uploads\/2023\/08\/5943f84d-c230-48b8-b34c-8ec3fb7b7d24.jpg","keywords":["Dekoration","Einrichtung","Einrichtungsideen","Einrichtungsstil","Einrichtungstrends","Gem\u00fctlichkeit","Herbst","M\u00f6bel","Schlafzimmer","Sessel","Stil","Trend","Trends","Wohnaccessoires","Wohnstil","Wohnzimmer"],"articleSection":["trend","Trends &amp; Wissen"],"inLanguage":"de","potentialAction":[{"@type":"CommentAction","name":"Comment","target":["https:\/\/www.zurbrueggen.de\/magazin\/herbstliches-ambiente\/#respond"]}]},{"@type":"WebPage","@id":"https:\/\/www.zurbrueggen.de\/magazin\/herbstliches-ambiente\/","url":"https:\/\/www.zurbrueggen.de\/magazin\/herbstliches-ambiente\/","name":"F\u00fcr mehr Gem\u00fctlichkeit! Herbstliches Ambiente f\u00fcr Zuhause","isPartOf":{"@id":"https:\/\/www.zurbrueggen.de\/magazin\/#website"},"primaryImageOfPage":{"@id":"https:\/\/www.zurbrueggen.de\/magazin\/herbstliches-ambiente\/#primaryimage"},"image":{"@id":"https:\/\/www.zurbrueggen.de\/magazin\/herbstliches-ambiente\/#primaryimage"},"thumbnailUrl":"https:\/\/www.zurbrueggen.de\/magazin\/wp-content\/uploads\/2023\/08\/5943f84d-c230-48b8-b34c-8ec3fb7b7d24.jpg","datePublished":"2023-10-18T06:11:19+00:00","dateModified":"2024-01-11T11:59:37+00:00","description":"Wir zeigen euch in diesem Beitrag, wie auch ihr ein herbstliches Ambiente ganz einfach in euer Zuhause bringen k\u00f6nnt. F\u00fcr mehr Gem\u00fctlichkeit!","breadcrumb":{"@id":"https:\/\/www.zurbrueggen.de\/magazin\/herbstliches-ambiente\/#breadcrumb"},"inLanguage":"de","potentialAction":[{"@type":"ReadAction","target":["https:\/\/www.zurbrueggen.de\/magazin\/herbstliches-ambiente\/"]}]},{"@type":"ImageObject","inLanguage":"de","@id":"https:\/\/www.zurbrueggen.de\/magazin\/herbstliches-ambiente\/#primaryimage","url":"https:\/\/www.zurbrueggen.de\/magazin\/wp-content\/uploads\/2023\/08\/5943f84d-c230-48b8-b34c-8ec3fb7b7d24.jpg","contentUrl":"https:\/\/www.zurbrueggen.de\/magazin\/wp-content\/uploads\/2023\/08\/5943f84d-c230-48b8-b34c-8ec3fb7b7d24.jpg","width":1200,"height":675},{"@type":"BreadcrumbList","@id":"https:\/\/www.zurbrueggen.de\/magazin\/herbstliches-ambiente\/#breadcrumb","itemListElement":[{"@type":"ListItem","position":1,"name":"Startseite","item":"https:\/\/www.zurbrueggen.de\/magazin\/"},{"@type":"ListItem","position":2,"name":"Herbstliches Ambiente"}]},{"@type":"WebSite","@id":"https:\/\/www.zurbrueggen.de\/magazin\/#website","url":"https:\/\/www.zurbrueggen.de\/magazin\/","name":"Zurbr\u00fcggen magazin","description":"DESIGN \u2022 STYLE \u2022 LIVING","publisher":{"@id":"https:\/\/www.zurbrueggen.de\/magazin\/#organization"},"potentialAction":[{"@type":"SearchAction","target":{"@type":"EntryPoint","urlTemplate":"https:\/\/www.zurbrueggen.de\/magazin\/?s={search_term_string}"},"query-input":{"@type":"PropertyValueSpecification","valueRequired":true,"valueName":"search_term_string"}}],"inLanguage":"de"},{"@type":"Organization","@id":"https:\/\/www.zurbrueggen.de\/magazin\/#organization","name":"Zurbr\u00fcggen Wohn-Zentrum GmbH","url":"https:\/\/www.zurbrueggen.de\/magazin\/","logo":{"@type":"ImageObject","inLanguage":"de","@id":"https:\/\/www.zurbrueggen.de\/magazin\/#\/schema\/logo\/image\/","url":"https:\/\/www.zurbrueggen.de\/magazin\/wp-content\/uploads\/2016\/07\/logo_zurbrueggen.png","contentUrl":"https:\/\/www.zurbrueggen.de\/magazin\/wp-content\/uploads\/2016\/07\/logo_zurbrueggen.png","width":400,"height":107,"caption":"Zurbr\u00fcggen Wohn-Zentrum GmbH"},"image":{"@id":"https:\/\/www.zurbrueggen.de\/magazin\/#\/schema\/logo\/image\/"},"sameAs":["https:\/\/facebook.com\/zurbrueggen","https:\/\/x.com\/Zurbrueggen"]},{"@type":"Person","@id":"https:\/\/www.zurbrueggen.de\/magazin\/#\/schema\/person\/5596ed176b1851c47a00e32190fbd9e8","name":"Julia Paschen","image":{"@type":"ImageObject","inLanguage":"de","@id":"https:\/\/secure.gravatar.com\/avatar\/000d1f6af0d913dc11958dffa0a2a27e1ec646f1fd674334902659ca07ac9752?s=96&d=mm&r=g","url":"https:\/\/secure.gravatar.com\/avatar\/000d1f6af0d913dc11958dffa0a2a27e1ec646f1fd674334902659ca07ac9752?s=96&d=mm&r=g","contentUrl":"https:\/\/secure.gravatar.com\/avatar\/000d1f6af0d913dc11958dffa0a2a27e1ec646f1fd674334902659ca07ac9752?s=96&d=mm&r=g","caption":"Julia Paschen"},"url":"https:\/\/www.zurbrueggen.de\/magazin\/author\/j_paschen\/"}]}},"_links":{"self":[{"href":"https:\/\/www.zurbrueggen.de\/magazin\/wp-json\/wp\/v2\/posts\/7481","targetHints":{"allow":["GET"]}}],"collection":[{"href":"https:\/\/www.zurbrueggen.de\/magazin\/wp-json\/wp\/v2\/posts"}],"about":[{"href":"https:\/\/www.zurbrueggen.de\/magazin\/wp-json\/wp\/v2\/types\/post"}],"author":[{"embeddable":true,"href":"https:\/\/www.zurbrueggen.de\/magazin\/wp-json\/wp\/v2\/users\/27"}],"replies":[{"embeddable":true,"href":"https:\/\/www.zurbrueggen.de\/magazin\/wp-json\/wp\/v2\/comments?post=7481"}],"version-history":[{"count":15,"href":"https:\/\/www.zurbrueggen.de\/magazin\/wp-json\/wp\/v2\/posts\/7481\/revisions"}],"predecessor-version":[{"id":7804,"href":"https:\/\/www.zurbrueggen.de\/magazin\/wp-json\/wp\/v2\/posts\/7481\/revisions\/7804"}],"wp:featuredmedia":[{"embeddable":true,"href":"https:\/\/www.zurbrueggen.de\/magazin\/wp-json\/wp\/v2\/media\/7593"}],"wp:attachment":[{"href":"https:\/\/www.zurbrueggen.de\/magazin\/wp-json\/wp\/v2\/media?parent=7481"}],"wp:term":[{"taxonomy":"category","embeddable":true,"href":"https:\/\/www.zurbrueggen.de\/magazin\/wp-json\/wp\/v2\/categories?post=7481"},{"taxonomy":"post_tag","embeddable":true,"href":"https:\/\/www.zurbrueggen.de\/magazin\/wp-json\/wp\/v2\/tags?post=7481"}],"curies":[{"name":"wp","href":"https:\/\/api.w.org\/{rel}","templated":true}]}}