{"id":7458,"date":"2023-08-22T08:18:33","date_gmt":"2023-08-22T06:18:33","guid":{"rendered":"https:\/\/www.zurbrueggen.de\/magazin\/?p=7458"},"modified":"2024-01-11T16:38:43","modified_gmt":"2024-01-11T15:38:43","slug":"die-erste-wohnung","status":"publish","type":"post","link":"https:\/\/www.zurbrueggen.de\/magazin\/die-erste-wohnung\/","title":{"rendered":"Die erste Wohnung"},"content":{"rendered":"<div class=\"mceTemp\"><\/div>\n<p><span class=\"vorschau\" style=\"font-family: 'Roboto Slab'; font-size: 22px; line-height: 34px; font-weight: 300; margin-top: 40px;\"> Raus aus dem trauten Heim und rein in die eigenen ersten vier W\u00e4nde. Fehlen nur noch die passenden M\u00f6bel. Doch schnell k\u00f6nnen einem dabei die Kosten f\u00fcr die allererste Einrichtung \u00fcber den Kopf steigen. Wir haben Ideen und Tipps f\u00fcr euch, wie ihr Kosten sparen k\u00f6nnt und eure erste eigene Wohnung trotzdem zum Hingucker wird. Seid gespannt!<\/span><\/p>\n<p><!--more--><br \/>\n&nbsp;<\/p>\n<figure id=\"attachment_7292\" aria-describedby=\"caption-attachment-7292\" style=\"width: 1200px\" class=\"wp-caption aligncenter\"><a href=\"https:\/\/www.zurbrueggen.de\/z2-kommode-medan\/1363183\"><img loading=\"lazy\" decoding=\"async\" class=\"size-full wp-image-7292\" src=\"https:\/\/www.zurbrueggen.de\/magazin\/wp-content\/uploads\/2023\/08\/44d14262-94c1-4915-8918-4c7d195f0566.jpg\" alt=\"\" width=\"1200\" height=\"675\" \/><\/a><figcaption id=\"caption-attachment-7292\" class=\"wp-caption-text\">Modern eingerichtet mit M\u00f6beln von Z2<\/figcaption><\/figure>\n<h5 style=\"text-align: left; padding-left: 150px;\">Guter Preis \u2013 Gute Qualit\u00e4t mit Z2<\/h5>\n<p><span class=\"fliesstext\" style=\"font-family: Roboto, sans-serif; font-size: 16px; line-height: 24px; font-weight: 400;\">Die Marke <a href=\"https:\/\/www.zurbrueggen.de\/marken\/z2\/\">Z2<\/a> erm\u00f6glicht es, mit modernen und preiswerten M\u00f6bel-Angeboten das Junge Wohnen zu verwirklichen. Dabei m\u00fcsst ihr allerdings nicht auf Qualit\u00e4t verzichten. Die M\u00f6belst\u00fccke sind nicht nur hochwertig, sondern auch optisch an aktuelle Einrichtungstrends angepasst. Die Kategorien reichen von <a href=\"https:\/\/www.zurbrueggen.de\/moebel\/\">M\u00f6beln<\/a> \u00fcber <a href=\"https:\/\/www.zurbrueggen.de\/deko-textil\/dekoration\/\">Deko<\/a> und <a href=\"https:\/\/www.zurbrueggen.de\/deko-textil\/textilien\/\">Textil<\/a> bis hin zu <a href=\"https:\/\/www.zurbrueggen.de\/leuchten\/\">Leuchten<\/a>. Falls ihr also noch \u00fcberlegt, wie ihr eure Wohnung stilvoll und g\u00fcnstig einrichten k\u00f6nntet, werdet ihr hier f\u00fcndig. Einige Bestseller aus den oben genannten Kategorien stellen wir euch in diesem Beitrag vor.<\/span><\/p>\n<p>&nbsp;<\/p>\n<figure id=\"attachment_7292\" aria-describedby=\"caption-attachment-7292\" style=\"width: 1200px\" class=\"wp-caption aligncenter\"><a href=\"https:\/\/www.zurbrueggen.de\/z2-sideboard-babila\/1159155\"><img loading=\"lazy\" decoding=\"async\" class=\"size-full wp-image-7292\" src=\"https:\/\/www.zurbrueggen.de\/magazin\/wp-content\/uploads\/2023\/08\/1d33ae1f-a9a0-44c1-8124-7323ddf122e8.jpg\" alt=\"\" width=\"1200\" height=\"675\" \/><\/a><figcaption id=\"caption-attachment-7292\" class=\"wp-caption-text\">F\u00fcr ausreichend Stauraum: Sideboard BABILA<\/figcaption><\/figure>\n<h5 style=\"text-align: left; padding-left: 150px;\">Wohnzimmer<\/h5>\n<p><span class=\"fliesstext\" style=\"font-family: Roboto, sans-serif; font-size: 16px; line-height: 24px; font-weight: 400;\">Zum Herzen eines <a href=\"https:\/\/www.zurbrueggen.de\/moebel\/wohnzimmer\/\">Wohnzimmers<\/a> geh\u00f6rt eine <a href=\"https:\/\/www.zurbrueggen.de\/moebel\/wohnzimmer\/sofa-couch\/\">Couch<\/a>. Ein sch\u00f6nes Modell, welches sich nicht nur positiv im Geldbeutel bemerkbar macht, ist das <a href=\"https:\/\/www.zurbrueggen.de\/z2-funktionssofa-step\/1252475\">Z2 Funktionssofa STEP<\/a>. Es passt optimal in gr\u00f6\u00dfere und kleinere Wohnbereiche. Besitzt man ein Wohn-Schlafzimmer, wird Platz eingespart. Wem dies zu wenig Sitzm\u00f6glichkeiten sind, der kann zus\u00e4tzlich einen <a href=\"https:\/\/www.zurbrueggen.de\/moebel\/wohnzimmer\/sessel\/\">Sessel<\/a> aufstellen. Gem\u00fctlich machen kann man es sich auf dem Sessel WINCHESTER von Z2. Aber auch ein <a href=\"https:\/\/www.zurbrueggen.de\/moebel\/wohnzimmer\/hocker\/\">Hocker<\/a> eignet sich perfekt, um sich niederzusetzen oder die Beine vom Sofa aus lang zu machen. Passend dazu empfehlen wir den <a href=\"https:\/\/www.zurbrueggen.de\/search?search=Hocker+WINCHESTER+von+Z2\">Hocker WINCHESTER von Z2<\/a>. Diese harmonieren aufgrund ihrer \u00e4hnlichen Farbgebung. Das <a href=\"https:\/\/www.zurbrueggen.de\/z2-tv-lowboard-goeteborg\/1300700\">Z2 TV-Lowboard G\u00d6TEBORG<\/a> liegt preislich im niedrigeren Budget-Rahmen f\u00fcr die erste Wohnung. Trotzdem wirkt es wie ein trendiges Designerst\u00fcck. Euren TV sowie technisches Zubeh\u00f6r kann auf dem Lowboard platziert werden. M\u00f6chte man die Serie erweitern und entscheidet sich f\u00fcr das <a href=\"https:\/\/www.zurbrueggen.de\/z2-highboard-goeteborg\/1300644\">Highboard G\u00d6TEBORG<\/a> bietet dieses Stauraum und liegt vom Design im Trend.<\/span><\/p>\n<p>&nbsp;<\/p>\n<figure id=\"attachment_7156\" aria-describedby=\"caption-attachment-7156\" style=\"width: 1200px\" class=\"wp-caption aligncenter\"><a href=\"https:\/\/www.zurbrueggen.de\/search?search=capri+z2\"><img loading=\"lazy\" decoding=\"async\" class=\"size-full wp-image-7156\" src=\"https:\/\/www.zurbrueggen.de\/magazin\/wp-content\/uploads\/2023\/08\/85ade64f-bdd1-47a4-a5f2-699a4716b696.jpg\" alt=\"\" width=\"1200\" height=\"675\" \/><\/a><figcaption id=\"caption-attachment-7156\" class=\"wp-caption-text\">F\u00fcr einen erholsamen Schlaf: Z2 Schlafzimmer<\/figcaption><\/figure>\n<h5 style=\"text-align: left; padding-left: 150px;\">Schlafzimmer<\/h5>\n<p><span class=\"fliesstext\" style=\"font-family: Roboto, sans-serif; font-size: 16px; line-height: 24px; font-weight: 400;\">F\u00fcr einen erholsamen Schlaf ben\u00f6tigt man ein passendes <a href=\"https:\/\/www.zurbrueggen.de\/moebel\/schlafzimmer\/betten\/\">Bett<\/a>. Das <a href=\"https:\/\/www.zurbrueggen.de\/z2-polsterbett-mattis\/1309795\">Polsterbett MATTIS von Z2 <\/a> macht hier einen \u00e4u\u00dferst tollen Gesamteindruck. Durch das minimalistische, elegante Design harmoniert es mit jedem Farbkonzept. Um Kleidung ordentlich zu verstauen, eignet sich der <a href=\"https:\/\/www.zurbrueggen.de\/z2-drehtuerenschrank-3-tuerig-karl\/1040261\">Dreht\u00fcrenschrank KARL von Z2<\/a>. Ein Blickfang an ihm ist die gro\u00dfe Spiegelt\u00fcr, die Platz und Anschaffungskosten f\u00fcr einen separaten <a href=\"https:\/\/www.zurbrueggen.de\/deko-textil\/spiegel\/\">Spiegel<\/a> erspart. Um noch mehr Platz in der ersten Wohnung zu sparen, eignen sich <a href=\"https:\/\/www.zurbrueggen.de\/moebel\/schlafzimmer\/kleiderschraenke\/schwebetuerenschraenke\/\">Schwebet\u00fcrenschr\u00e4nke<\/a>. Ein optimales Modell dieser Kategorie ist der <a href=\"https:\/\/www.zurbrueggen.de\/z2-schwebetuerenschrank-2-tuerig-white-kiss\/1198721\">Schwebet\u00fcrenschrank WHITE KISS<\/a> von Z2. Die stimmige sowie praktische <a href=\"https:\/\/www.zurbrueggen.de\/z2-nachtkommode-joliet\/1270948\">Nachtkommode JOLIET von Z2<\/a>, ist eine vielseitige Kommoden-Variation. <\/span><span class=\"fliesstext\" style=\"font-family: Roboto, sans-serif; font-size: 16px; line-height: 24px; font-weight: 400;\">Eine Ablagefl\u00e4che und ein t\u00fcrloses Fach bieten gen\u00fcgend M\u00f6glichkeiten, <a href=\"https:\/\/www.zurbrueggen.de\/deko-textil\/dekoration\/\">Dekorationen<\/a> oder B\u00fccher zu platzieren. Zum Schluss sorgt ein weicher <a href=\"https:\/\/www.zurbrueggen.de\/deko-textil\/teppiche\/\">Teppich<\/a> f\u00fcr warme F\u00fc\u00dfe im <a href=\"https:\/\/www.zurbrueggen.de\/deko-textil\/teppiche\/\">Schlafraum<\/a>. <a href=\"https:\/\/www.zurbrueggen.de\/z2-teppich-bo\/1310441\">Teppich BO von Z2<\/a> ist auf allen B\u00f6den verwendbar und harmoniert durch den Ornamentik-Look zu jedem Farbklima.<\/span><\/p>\n<p>&nbsp;<\/p>\n<figure id=\"attachment_7156\" aria-describedby=\"caption-attachment-7156\" style=\"width: 1200px\" class=\"wp-caption aligncenter\"><a href=\"https:\/\/www.zurbrueggen.de\/search?search=1362640\"><img loading=\"lazy\" decoding=\"async\" class=\"size-full wp-image-7156\" src=\"https:\/\/www.zurbrueggen.de\/magazin\/wp-content\/uploads\/2023\/08\/97008503-986e-45f7-a898-efd96eeff65c.jpg\" alt=\"\" width=\"1200\" height=\"675\" \/><\/a><figcaption id=\"caption-attachment-7156\" class=\"wp-caption-text\">Raumwunder: Ess- und Arbeitsbereich<\/figcaption><\/figure>\n<h5 style=\"text-align: left; padding-left: 150px;\">Von Essbereich bis Arbeitsplatz<\/h5>\n<p><span class=\"fliesstext\" style=\"font-family: Roboto, sans-serif; font-size: 16px; line-height: 24px; font-weight: 400;\">Um eine weitere Sitz- und Essm\u00f6glichkeit in der <a href=\"https:\/\/www.zurbrueggen.de\/moebel\/kueche-bar\/\">K\u00fcche<\/a> einzurichten, empfehlen wir den <a href=\"https:\/\/www.zurbrueggen.de\/z2-stehtisch-party\/1012192\">Z2 Stehtisch PARTY<\/a>. Als Partytresen oder Fr\u00fchst\u00fccksbar ist dieser flexibel nutzbar. Platz nehmen kann man auf dem <a href=\"https:\/\/www.zurbrueggen.de\/z2-barhocker-dima\/1073051\">Barhocker DIMA Z2<\/a>. Das kegelf\u00f6rmige Gestell passt ideal zu jeder K\u00fcche. So kann man das Fr\u00fchst\u00fcck bequem und platzsparend genie\u00dfen. Eine g\u00fcnstigere Variante ist der <a href=\"https:\/\/www.zurbrueggen.de\/z2-bartisch-mojito\/1124110\">Z2 Bartisch MOJITO<\/a>. Er punktet mit einem seitlichen Regal, in dem <a href=\"https:\/\/www.zurbrueggen.de\/haushalt\/geschirr\/teller\/\">Teller<\/a>, <a href=\"https:\/\/www.zurbrueggen.de\/haushalt\/geschirr\/schalen-schuesseln\/\">Sch\u00fcsseln<\/a> oder <a href=\"https:\/\/www.zurbrueggen.de\/deko-textil\/dekoration\/\">Dekoration<\/a> aufbewahrt werden k\u00f6nnen. Vom <a href=\"https:\/\/www.zurbrueggen.de\/moebel\/esszimmer\/\">Essbereich<\/a> schauen wir r\u00fcber zu einem weiteren Bereich: der <a href=\"https:\/\/www.zurbrueggen.de\/moebel\/buero\/\">Arbeitsplatz<\/a>. Auch hierf\u00fcr haben wir die optimale L\u00f6sung f\u00fcr euch gefunden. Der <a href=\"https:\/\/www.zurbrueggen.de\/search?search=Z2+Sekret%C3%A4r+SECRET\">Z2 Sekret\u00e4r SECRET<\/a> ist ein platzsparender Schreibplatz, der besonders in kleinen R\u00e4umen in der ersten Wohnung \u00fcberzeugt. Eure Arbeitsmaterialien sind praktisch unterzukriegen, dank der verschlie\u00dfbaren Klappe. Aber auch andere Arbeitsutensilien finden hinter den Dreht\u00fcren mit Softclose und den Schubladen ihren Aufbewahrungsplatz.<\/span><\/p>\n<p>&nbsp;<\/p>\n<h5 style=\"text-align: left; padding-left: 150px;\">Unsere Favoriten:<\/h5>\n<p><span class=\"fliesstext\" style=\"font-family: Roboto, sans-serif; font-size: 16px; line-height: 24px; font-weight: 400;\">Ihr ben\u00f6tigt noch weitere Inspirationen? Wir haben f\u00fcr euch eine Checkliste f\u00fcr die erste Wohnung erstellt.<\/span><\/p>\n<p><a href=\"https:\/\/www.zurbrueggen.de\/z2-boxspringbett-bx1440-modesto\/1118827\"><img loading=\"lazy\" decoding=\"async\" class=\"alignnone wp-image-7327\" src=\"https:\/\/www.zurbrueggen.de\/magazin\/wp-content\/uploads\/2023\/08\/1.png\" alt=\"\" width=\"285\" height=\"285\" \/><\/a> \u00a0<a href=\"https:\/\/www.zurbrueggen.de\/z2-schwebetuerenschrank-2-tuerig-halle\/1222535\"><img loading=\"lazy\" decoding=\"async\" class=\"alignnone wp-image-7328\" src=\"https:\/\/www.zurbrueggen.de\/magazin\/wp-content\/uploads\/2023\/08\/2.png\" alt=\"\" width=\"285\" height=\"285\" \/><\/a>\u00a0 <a href=\"https:\/\/www.zurbrueggen.de\/z2-nachtkonsole-trondheim\/1361728\"><img loading=\"lazy\" decoding=\"async\" class=\"alignnone wp-image-7329\" src=\"https:\/\/www.zurbrueggen.de\/magazin\/wp-content\/uploads\/2023\/08\/Magazinbeitrag-Galerie.png\" alt=\"\" width=\"285\" height=\"285\" \/><\/a><\/p>\n<p><a href=\"https:\/\/www.zurbrueggen.de\/z2-funktionssofa-ponte\/1311360\"><img loading=\"lazy\" decoding=\"async\" class=\"alignnone wp-image-7330\" src=\"https:\/\/www.zurbrueggen.de\/magazin\/wp-content\/uploads\/2023\/08\/4.png\" alt=\"\" width=\"285\" height=\"285\" \/><\/a> \u00a0<a href=\"https:\/\/www.zurbrueggen.de\/hom-in-couchtisch-nikomedes\/1347701\"><img loading=\"lazy\" decoding=\"async\" class=\"alignnone wp-image-7331\" src=\"https:\/\/www.zurbrueggen.de\/magazin\/wp-content\/uploads\/2023\/08\/5.png\" alt=\"\" width=\"285\" height=\"285\" \/><\/a>\u00a0 <a href=\"https:\/\/www.zurbrueggen.de\/hom-in-tv-haenge-lowboard-newniq\/1321907\"><img loading=\"lazy\" decoding=\"async\" class=\"alignnone wp-image-7336\" src=\"https:\/\/www.zurbrueggen.de\/magazin\/wp-content\/uploads\/2023\/08\/6.png\" alt=\"\" width=\"285\" height=\"285\" \/><\/a><\/p>\n<p><a href=\"https:\/\/www.zurbrueggen.de\/stylife-regal-split\/1155677\"><img loading=\"lazy\" decoding=\"async\" class=\"alignnone wp-image-7333\" src=\"https:\/\/www.zurbrueggen.de\/magazin\/wp-content\/uploads\/2023\/08\/7.png\" alt=\"\" width=\"285\" height=\"285\" \/><\/a>\u00a0 <a href=\"https:\/\/www.zurbrueggen.de\/kleine-wolke-badteppich-60x-90-cm-leandra\/1279696\"><img loading=\"lazy\" decoding=\"async\" class=\"alignnone wp-image-7334\" src=\"https:\/\/www.zurbrueggen.de\/magazin\/wp-content\/uploads\/2023\/08\/8.png\" alt=\"\" width=\"285\" height=\"285\" \/><\/a> \u00a0<a href=\"https:\/\/www.zurbrueggen.de\/umbra-duschablage-flex\/1355738\"><img loading=\"lazy\" decoding=\"async\" class=\"alignnone wp-image-7332\" src=\"https:\/\/www.zurbrueggen.de\/magazin\/wp-content\/uploads\/2023\/08\/9.png\" alt=\"\" width=\"285\" height=\"285\" \/><\/a><\/p>\n<p><a href=\"https:\/\/www.zurbrueggen.de\/zwilling-kochtopfset-cube-6-tlg.\/1189870\"><img loading=\"lazy\" decoding=\"async\" class=\"alignnone wp-image-7333\" src=\"https:\/\/www.zurbrueggen.de\/magazin\/wp-content\/uploads\/2023\/08\/13.png\" alt=\"\" width=\"285\" height=\"285\" \/><\/a>\u00a0 <a href=\"https:\/\/www.zurbrueggen.de\/van-well-kombiservice-24-tlg-pamplona\/1247736\"><img loading=\"lazy\" decoding=\"async\" class=\"alignnone wp-image-7334\" src=\"https:\/\/www.zurbrueggen.de\/magazin\/wp-content\/uploads\/2023\/08\/14.png\" alt=\"\" width=\"285\" height=\"285\" \/><\/a> \u00a0<a href=\"https:\/\/www.zurbrueggen.de\/zwilling-besteck-beverly-42-tlg.\/1190008\"><img loading=\"lazy\" decoding=\"async\" class=\"alignnone wp-image-7332\" src=\"https:\/\/www.zurbrueggen.de\/magazin\/wp-content\/uploads\/2023\/08\/15.png\" alt=\"\" width=\"285\" height=\"285\" \/><\/a><\/p>\n<p>&nbsp;<\/p>\n<p><a href=\"https:\/\/www.zurbrueggen.de\/marken\/z2\/\"><img loading=\"lazy\" decoding=\"async\" class=\"aligncenter size-full wp-image-7164\" src=\"https:\/\/www.zurbrueggen.de\/magazin\/wp-content\/uploads\/2023\/08\/995b9979-51dc-4543-a4c8-cdbcadcd294d.jpg\" alt=\"\" width=\"750\" height=\"320\" \/><\/a><\/p>\n","protected":false},"excerpt":{"rendered":"<p>Raus aus dem trauten Heim und rein in die eigenen ersten vier W\u00e4nde. Fehlen nur noch die passenden M\u00f6bel. Doch schnell k\u00f6nnen einem dabei die Kosten f\u00fcr die allererste Einrichtung \u00fcber den Kopf steigen. Wir haben Ideen und Tipps f\u00fcr euch, wie ihr Kosten sparen k\u00f6nnt und eure erste eigene Wohnung trotzdem zum Hingucker wird. [&hellip;]<\/p>\n","protected":false},"author":27,"featured_media":7466,"comment_status":"open","ping_status":"open","sticky":false,"template":"","format":"standard","meta":{"_acf_changed":false,"footnotes":""},"categories":[45,26],"tags":[1188,1146,1266,1285,1171,1292,1286,1294,1293,1190,1225,1114,1187,1186,1276,1291,1145],"class_list":["post-7458","post","type-post","status-publish","format-standard","has-post-thumbnail","hentry","category-trend-einrichtung","category-wohnwelten","tag-dekoration","tag-einrichtung","tag-einrichtungsideen","tag-einrichtungsstil","tag-einrichtungstrends","tag-erste-wohnung","tag-gemuetlichkeit","tag-guenstige-moebel","tag-guenstige-wohnung","tag-moebel","tag-schlafzimmer","tag-stil","tag-trend","tag-trends","tag-wohnaccessoires","tag-wohnstil","tag-wohnzimmer"],"acf":[],"yoast_head":"<!-- This site is optimized with the Yoast SEO plugin v27.4 - https:\/\/yoast.com\/product\/yoast-seo-wordpress\/ -->\n<title>Sparsam in die Selbstst\u00e4ndigkeit - Die erste Wohnung<\/title>\n<meta name=\"description\" content=\"Wir haben Ideen und Tipps f\u00fcr euch, wie ihr Kosten sparen k\u00f6nnt und eure erste eigene Wohnung trotzdem zum Hingucker wird.\" \/>\n<meta name=\"robots\" content=\"index, follow, max-snippet:-1, max-image-preview:large, max-video-preview:-1\" \/>\n<link rel=\"canonical\" href=\"https:\/\/www.zurbrueggen.de\/magazin\/die-erste-wohnung\/\" \/>\n<meta property=\"og:locale\" content=\"de_DE\" \/>\n<meta property=\"og:type\" content=\"article\" \/>\n<meta property=\"og:title\" content=\"Sparsam in die Selbstst\u00e4ndigkeit - Die erste Wohnung\" \/>\n<meta property=\"og:description\" content=\"Wir haben Ideen und Tipps f\u00fcr euch, wie ihr Kosten sparen k\u00f6nnt und eure eigene Wohnung trotzdem zum Hingucker wird.\" \/>\n<meta property=\"og:url\" content=\"https:\/\/www.zurbrueggen.de\/magazin\/die-erste-wohnung\/\" \/>\n<meta property=\"og:site_name\" content=\"Zurbr\u00fcggen magazin\" \/>\n<meta property=\"article:publisher\" content=\"https:\/\/facebook.com\/zurbrueggen\" \/>\n<meta property=\"article:published_time\" content=\"2023-08-22T06:18:33+00:00\" \/>\n<meta property=\"article:modified_time\" content=\"2024-01-11T15:38:43+00:00\" \/>\n<meta property=\"og:image\" content=\"https:\/\/www.zurbrueggen.de\/magazin\/wp-content\/uploads\/2023\/08\/8634861e-b5d6-4cec-aee9-b5b3f54c4158.jpg\" \/>\n\t<meta property=\"og:image:width\" content=\"1200\" \/>\n\t<meta property=\"og:image:height\" content=\"675\" \/>\n\t<meta property=\"og:image:type\" content=\"image\/jpeg\" \/>\n<meta name=\"author\" content=\"Julia Paschen\" \/>\n<script type=\"application\/ld+json\" class=\"yoast-schema-graph\">{\"@context\":\"https:\\\/\\\/schema.org\",\"@graph\":[{\"@type\":\"Article\",\"@id\":\"https:\\\/\\\/www.zurbrueggen.de\\\/magazin\\\/die-erste-wohnung\\\/#article\",\"isPartOf\":{\"@id\":\"https:\\\/\\\/www.zurbrueggen.de\\\/magazin\\\/die-erste-wohnung\\\/\"},\"author\":{\"name\":\"Julia Paschen\",\"@id\":\"https:\\\/\\\/www.zurbrueggen.de\\\/magazin\\\/#\\\/schema\\\/person\\\/5596ed176b1851c47a00e32190fbd9e8\"},\"headline\":\"Die erste Wohnung\",\"datePublished\":\"2023-08-22T06:18:33+00:00\",\"dateModified\":\"2024-01-11T15:38:43+00:00\",\"mainEntityOfPage\":{\"@id\":\"https:\\\/\\\/www.zurbrueggen.de\\\/magazin\\\/die-erste-wohnung\\\/\"},\"wordCount\":723,\"commentCount\":0,\"publisher\":{\"@id\":\"https:\\\/\\\/www.zurbrueggen.de\\\/magazin\\\/#organization\"},\"image\":{\"@id\":\"https:\\\/\\\/www.zurbrueggen.de\\\/magazin\\\/die-erste-wohnung\\\/#primaryimage\"},\"thumbnailUrl\":\"https:\\\/\\\/www.zurbrueggen.de\\\/magazin\\\/wp-content\\\/uploads\\\/2023\\\/08\\\/8634861e-b5d6-4cec-aee9-b5b3f54c4158.jpg\",\"keywords\":[\"Dekoration\",\"Einrichtung\",\"Einrichtungsideen\",\"Einrichtungsstil\",\"Einrichtungstrends\",\"Erste Wohnung\",\"Gem\u00fctlichkeit\",\"g\u00fcnstige M\u00f6bel\",\"g\u00fcnstige Wohnung\",\"M\u00f6bel\",\"Schlafzimmer\",\"Stil\",\"Trend\",\"Trends\",\"Wohnaccessoires\",\"Wohnstil\",\"Wohnzimmer\"],\"articleSection\":[\"trend\",\"Wohnwelten\"],\"inLanguage\":\"de\",\"potentialAction\":[{\"@type\":\"CommentAction\",\"name\":\"Comment\",\"target\":[\"https:\\\/\\\/www.zurbrueggen.de\\\/magazin\\\/die-erste-wohnung\\\/#respond\"]}]},{\"@type\":\"WebPage\",\"@id\":\"https:\\\/\\\/www.zurbrueggen.de\\\/magazin\\\/die-erste-wohnung\\\/\",\"url\":\"https:\\\/\\\/www.zurbrueggen.de\\\/magazin\\\/die-erste-wohnung\\\/\",\"name\":\"Sparsam in die Selbstst\u00e4ndigkeit - Die erste Wohnung\",\"isPartOf\":{\"@id\":\"https:\\\/\\\/www.zurbrueggen.de\\\/magazin\\\/#website\"},\"primaryImageOfPage\":{\"@id\":\"https:\\\/\\\/www.zurbrueggen.de\\\/magazin\\\/die-erste-wohnung\\\/#primaryimage\"},\"image\":{\"@id\":\"https:\\\/\\\/www.zurbrueggen.de\\\/magazin\\\/die-erste-wohnung\\\/#primaryimage\"},\"thumbnailUrl\":\"https:\\\/\\\/www.zurbrueggen.de\\\/magazin\\\/wp-content\\\/uploads\\\/2023\\\/08\\\/8634861e-b5d6-4cec-aee9-b5b3f54c4158.jpg\",\"datePublished\":\"2023-08-22T06:18:33+00:00\",\"dateModified\":\"2024-01-11T15:38:43+00:00\",\"description\":\"Wir haben Ideen und Tipps f\u00fcr euch, wie ihr Kosten sparen k\u00f6nnt und eure erste eigene Wohnung trotzdem zum Hingucker wird.\",\"breadcrumb\":{\"@id\":\"https:\\\/\\\/www.zurbrueggen.de\\\/magazin\\\/die-erste-wohnung\\\/#breadcrumb\"},\"inLanguage\":\"de\",\"potentialAction\":[{\"@type\":\"ReadAction\",\"target\":[\"https:\\\/\\\/www.zurbrueggen.de\\\/magazin\\\/die-erste-wohnung\\\/\"]}]},{\"@type\":\"ImageObject\",\"inLanguage\":\"de\",\"@id\":\"https:\\\/\\\/www.zurbrueggen.de\\\/magazin\\\/die-erste-wohnung\\\/#primaryimage\",\"url\":\"https:\\\/\\\/www.zurbrueggen.de\\\/magazin\\\/wp-content\\\/uploads\\\/2023\\\/08\\\/8634861e-b5d6-4cec-aee9-b5b3f54c4158.jpg\",\"contentUrl\":\"https:\\\/\\\/www.zurbrueggen.de\\\/magazin\\\/wp-content\\\/uploads\\\/2023\\\/08\\\/8634861e-b5d6-4cec-aee9-b5b3f54c4158.jpg\",\"width\":1200,\"height\":675},{\"@type\":\"BreadcrumbList\",\"@id\":\"https:\\\/\\\/www.zurbrueggen.de\\\/magazin\\\/die-erste-wohnung\\\/#breadcrumb\",\"itemListElement\":[{\"@type\":\"ListItem\",\"position\":1,\"name\":\"Startseite\",\"item\":\"https:\\\/\\\/www.zurbrueggen.de\\\/magazin\\\/\"},{\"@type\":\"ListItem\",\"position\":2,\"name\":\"Die erste Wohnung\"}]},{\"@type\":\"WebSite\",\"@id\":\"https:\\\/\\\/www.zurbrueggen.de\\\/magazin\\\/#website\",\"url\":\"https:\\\/\\\/www.zurbrueggen.de\\\/magazin\\\/\",\"name\":\"Zurbr\u00fcggen magazin\",\"description\":\"DESIGN \u2022 STYLE \u2022 LIVING\",\"publisher\":{\"@id\":\"https:\\\/\\\/www.zurbrueggen.de\\\/magazin\\\/#organization\"},\"potentialAction\":[{\"@type\":\"SearchAction\",\"target\":{\"@type\":\"EntryPoint\",\"urlTemplate\":\"https:\\\/\\\/www.zurbrueggen.de\\\/magazin\\\/?s={search_term_string}\"},\"query-input\":{\"@type\":\"PropertyValueSpecification\",\"valueRequired\":true,\"valueName\":\"search_term_string\"}}],\"inLanguage\":\"de\"},{\"@type\":\"Organization\",\"@id\":\"https:\\\/\\\/www.zurbrueggen.de\\\/magazin\\\/#organization\",\"name\":\"Zurbr\u00fcggen Wohn-Zentrum GmbH\",\"url\":\"https:\\\/\\\/www.zurbrueggen.de\\\/magazin\\\/\",\"logo\":{\"@type\":\"ImageObject\",\"inLanguage\":\"de\",\"@id\":\"https:\\\/\\\/www.zurbrueggen.de\\\/magazin\\\/#\\\/schema\\\/logo\\\/image\\\/\",\"url\":\"https:\\\/\\\/www.zurbrueggen.de\\\/magazin\\\/wp-content\\\/uploads\\\/2016\\\/07\\\/logo_zurbrueggen.png\",\"contentUrl\":\"https:\\\/\\\/www.zurbrueggen.de\\\/magazin\\\/wp-content\\\/uploads\\\/2016\\\/07\\\/logo_zurbrueggen.png\",\"width\":400,\"height\":107,\"caption\":\"Zurbr\u00fcggen Wohn-Zentrum GmbH\"},\"image\":{\"@id\":\"https:\\\/\\\/www.zurbrueggen.de\\\/magazin\\\/#\\\/schema\\\/logo\\\/image\\\/\"},\"sameAs\":[\"https:\\\/\\\/facebook.com\\\/zurbrueggen\",\"https:\\\/\\\/x.com\\\/Zurbrueggen\"]},{\"@type\":\"Person\",\"@id\":\"https:\\\/\\\/www.zurbrueggen.de\\\/magazin\\\/#\\\/schema\\\/person\\\/5596ed176b1851c47a00e32190fbd9e8\",\"name\":\"Julia Paschen\",\"image\":{\"@type\":\"ImageObject\",\"inLanguage\":\"de\",\"@id\":\"https:\\\/\\\/secure.gravatar.com\\\/avatar\\\/000d1f6af0d913dc11958dffa0a2a27e1ec646f1fd674334902659ca07ac9752?s=96&d=mm&r=g\",\"url\":\"https:\\\/\\\/secure.gravatar.com\\\/avatar\\\/000d1f6af0d913dc11958dffa0a2a27e1ec646f1fd674334902659ca07ac9752?s=96&d=mm&r=g\",\"contentUrl\":\"https:\\\/\\\/secure.gravatar.com\\\/avatar\\\/000d1f6af0d913dc11958dffa0a2a27e1ec646f1fd674334902659ca07ac9752?s=96&d=mm&r=g\",\"caption\":\"Julia Paschen\"},\"url\":\"https:\\\/\\\/www.zurbrueggen.de\\\/magazin\\\/author\\\/j_paschen\\\/\"}]}<\/script>\n<!-- \/ Yoast SEO plugin. -->","yoast_head_json":{"title":"Sparsam in die Selbstst\u00e4ndigkeit - Die erste Wohnung","description":"Wir haben Ideen und Tipps f\u00fcr euch, wie ihr Kosten sparen k\u00f6nnt und eure erste eigene Wohnung trotzdem zum Hingucker wird.","robots":{"index":"index","follow":"follow","max-snippet":"max-snippet:-1","max-image-preview":"max-image-preview:large","max-video-preview":"max-video-preview:-1"},"canonical":"https:\/\/www.zurbrueggen.de\/magazin\/die-erste-wohnung\/","og_locale":"de_DE","og_type":"article","og_title":"Sparsam in die Selbstst\u00e4ndigkeit - Die erste Wohnung","og_description":"Wir haben Ideen und Tipps f\u00fcr euch, wie ihr Kosten sparen k\u00f6nnt und eure eigene Wohnung trotzdem zum Hingucker wird.","og_url":"https:\/\/www.zurbrueggen.de\/magazin\/die-erste-wohnung\/","og_site_name":"Zurbr\u00fcggen magazin","article_publisher":"https:\/\/facebook.com\/zurbrueggen","article_published_time":"2023-08-22T06:18:33+00:00","article_modified_time":"2024-01-11T15:38:43+00:00","og_image":[{"width":1200,"height":675,"url":"https:\/\/www.zurbrueggen.de\/magazin\/wp-content\/uploads\/2023\/08\/8634861e-b5d6-4cec-aee9-b5b3f54c4158.jpg","type":"image\/jpeg"}],"author":"Julia Paschen","schema":{"@context":"https:\/\/schema.org","@graph":[{"@type":"Article","@id":"https:\/\/www.zurbrueggen.de\/magazin\/die-erste-wohnung\/#article","isPartOf":{"@id":"https:\/\/www.zurbrueggen.de\/magazin\/die-erste-wohnung\/"},"author":{"name":"Julia Paschen","@id":"https:\/\/www.zurbrueggen.de\/magazin\/#\/schema\/person\/5596ed176b1851c47a00e32190fbd9e8"},"headline":"Die erste Wohnung","datePublished":"2023-08-22T06:18:33+00:00","dateModified":"2024-01-11T15:38:43+00:00","mainEntityOfPage":{"@id":"https:\/\/www.zurbrueggen.de\/magazin\/die-erste-wohnung\/"},"wordCount":723,"commentCount":0,"publisher":{"@id":"https:\/\/www.zurbrueggen.de\/magazin\/#organization"},"image":{"@id":"https:\/\/www.zurbrueggen.de\/magazin\/die-erste-wohnung\/#primaryimage"},"thumbnailUrl":"https:\/\/www.zurbrueggen.de\/magazin\/wp-content\/uploads\/2023\/08\/8634861e-b5d6-4cec-aee9-b5b3f54c4158.jpg","keywords":["Dekoration","Einrichtung","Einrichtungsideen","Einrichtungsstil","Einrichtungstrends","Erste Wohnung","Gem\u00fctlichkeit","g\u00fcnstige M\u00f6bel","g\u00fcnstige Wohnung","M\u00f6bel","Schlafzimmer","Stil","Trend","Trends","Wohnaccessoires","Wohnstil","Wohnzimmer"],"articleSection":["trend","Wohnwelten"],"inLanguage":"de","potentialAction":[{"@type":"CommentAction","name":"Comment","target":["https:\/\/www.zurbrueggen.de\/magazin\/die-erste-wohnung\/#respond"]}]},{"@type":"WebPage","@id":"https:\/\/www.zurbrueggen.de\/magazin\/die-erste-wohnung\/","url":"https:\/\/www.zurbrueggen.de\/magazin\/die-erste-wohnung\/","name":"Sparsam in die Selbstst\u00e4ndigkeit - Die erste Wohnung","isPartOf":{"@id":"https:\/\/www.zurbrueggen.de\/magazin\/#website"},"primaryImageOfPage":{"@id":"https:\/\/www.zurbrueggen.de\/magazin\/die-erste-wohnung\/#primaryimage"},"image":{"@id":"https:\/\/www.zurbrueggen.de\/magazin\/die-erste-wohnung\/#primaryimage"},"thumbnailUrl":"https:\/\/www.zurbrueggen.de\/magazin\/wp-content\/uploads\/2023\/08\/8634861e-b5d6-4cec-aee9-b5b3f54c4158.jpg","datePublished":"2023-08-22T06:18:33+00:00","dateModified":"2024-01-11T15:38:43+00:00","description":"Wir haben Ideen und Tipps f\u00fcr euch, wie ihr Kosten sparen k\u00f6nnt und eure erste eigene Wohnung trotzdem zum Hingucker wird.","breadcrumb":{"@id":"https:\/\/www.zurbrueggen.de\/magazin\/die-erste-wohnung\/#breadcrumb"},"inLanguage":"de","potentialAction":[{"@type":"ReadAction","target":["https:\/\/www.zurbrueggen.de\/magazin\/die-erste-wohnung\/"]}]},{"@type":"ImageObject","inLanguage":"de","@id":"https:\/\/www.zurbrueggen.de\/magazin\/die-erste-wohnung\/#primaryimage","url":"https:\/\/www.zurbrueggen.de\/magazin\/wp-content\/uploads\/2023\/08\/8634861e-b5d6-4cec-aee9-b5b3f54c4158.jpg","contentUrl":"https:\/\/www.zurbrueggen.de\/magazin\/wp-content\/uploads\/2023\/08\/8634861e-b5d6-4cec-aee9-b5b3f54c4158.jpg","width":1200,"height":675},{"@type":"BreadcrumbList","@id":"https:\/\/www.zurbrueggen.de\/magazin\/die-erste-wohnung\/#breadcrumb","itemListElement":[{"@type":"ListItem","position":1,"name":"Startseite","item":"https:\/\/www.zurbrueggen.de\/magazin\/"},{"@type":"ListItem","position":2,"name":"Die erste Wohnung"}]},{"@type":"WebSite","@id":"https:\/\/www.zurbrueggen.de\/magazin\/#website","url":"https:\/\/www.zurbrueggen.de\/magazin\/","name":"Zurbr\u00fcggen magazin","description":"DESIGN \u2022 STYLE \u2022 LIVING","publisher":{"@id":"https:\/\/www.zurbrueggen.de\/magazin\/#organization"},"potentialAction":[{"@type":"SearchAction","target":{"@type":"EntryPoint","urlTemplate":"https:\/\/www.zurbrueggen.de\/magazin\/?s={search_term_string}"},"query-input":{"@type":"PropertyValueSpecification","valueRequired":true,"valueName":"search_term_string"}}],"inLanguage":"de"},{"@type":"Organization","@id":"https:\/\/www.zurbrueggen.de\/magazin\/#organization","name":"Zurbr\u00fcggen Wohn-Zentrum GmbH","url":"https:\/\/www.zurbrueggen.de\/magazin\/","logo":{"@type":"ImageObject","inLanguage":"de","@id":"https:\/\/www.zurbrueggen.de\/magazin\/#\/schema\/logo\/image\/","url":"https:\/\/www.zurbrueggen.de\/magazin\/wp-content\/uploads\/2016\/07\/logo_zurbrueggen.png","contentUrl":"https:\/\/www.zurbrueggen.de\/magazin\/wp-content\/uploads\/2016\/07\/logo_zurbrueggen.png","width":400,"height":107,"caption":"Zurbr\u00fcggen Wohn-Zentrum GmbH"},"image":{"@id":"https:\/\/www.zurbrueggen.de\/magazin\/#\/schema\/logo\/image\/"},"sameAs":["https:\/\/facebook.com\/zurbrueggen","https:\/\/x.com\/Zurbrueggen"]},{"@type":"Person","@id":"https:\/\/www.zurbrueggen.de\/magazin\/#\/schema\/person\/5596ed176b1851c47a00e32190fbd9e8","name":"Julia Paschen","image":{"@type":"ImageObject","inLanguage":"de","@id":"https:\/\/secure.gravatar.com\/avatar\/000d1f6af0d913dc11958dffa0a2a27e1ec646f1fd674334902659ca07ac9752?s=96&d=mm&r=g","url":"https:\/\/secure.gravatar.com\/avatar\/000d1f6af0d913dc11958dffa0a2a27e1ec646f1fd674334902659ca07ac9752?s=96&d=mm&r=g","contentUrl":"https:\/\/secure.gravatar.com\/avatar\/000d1f6af0d913dc11958dffa0a2a27e1ec646f1fd674334902659ca07ac9752?s=96&d=mm&r=g","caption":"Julia Paschen"},"url":"https:\/\/www.zurbrueggen.de\/magazin\/author\/j_paschen\/"}]}},"_links":{"self":[{"href":"https:\/\/www.zurbrueggen.de\/magazin\/wp-json\/wp\/v2\/posts\/7458","targetHints":{"allow":["GET"]}}],"collection":[{"href":"https:\/\/www.zurbrueggen.de\/magazin\/wp-json\/wp\/v2\/posts"}],"about":[{"href":"https:\/\/www.zurbrueggen.de\/magazin\/wp-json\/wp\/v2\/types\/post"}],"author":[{"embeddable":true,"href":"https:\/\/www.zurbrueggen.de\/magazin\/wp-json\/wp\/v2\/users\/27"}],"replies":[{"embeddable":true,"href":"https:\/\/www.zurbrueggen.de\/magazin\/wp-json\/wp\/v2\/comments?post=7458"}],"version-history":[{"count":14,"href":"https:\/\/www.zurbrueggen.de\/magazin\/wp-json\/wp\/v2\/posts\/7458\/revisions"}],"predecessor-version":[{"id":7818,"href":"https:\/\/www.zurbrueggen.de\/magazin\/wp-json\/wp\/v2\/posts\/7458\/revisions\/7818"}],"wp:featuredmedia":[{"embeddable":true,"href":"https:\/\/www.zurbrueggen.de\/magazin\/wp-json\/wp\/v2\/media\/7466"}],"wp:attachment":[{"href":"https:\/\/www.zurbrueggen.de\/magazin\/wp-json\/wp\/v2\/media?parent=7458"}],"wp:term":[{"taxonomy":"category","embeddable":true,"href":"https:\/\/www.zurbrueggen.de\/magazin\/wp-json\/wp\/v2\/categories?post=7458"},{"taxonomy":"post_tag","embeddable":true,"href":"https:\/\/www.zurbrueggen.de\/magazin\/wp-json\/wp\/v2\/tags?post=7458"}],"curies":[{"name":"wp","href":"https:\/\/api.w.org\/{rel}","templated":true}]}}