{"id":7387,"date":"2023-07-11T08:23:19","date_gmt":"2023-07-11T06:23:19","guid":{"rendered":"https:\/\/www.zurbrueggen.de\/magazin\/?p=7387"},"modified":"2024-01-12T08:32:49","modified_gmt":"2024-01-12T07:32:49","slug":"farbtrend-cozy-beige","status":"publish","type":"post","link":"https:\/\/www.zurbrueggen.de\/magazin\/farbtrend-cozy-beige\/","title":{"rendered":"Farbtrend: Cozy Beige"},"content":{"rendered":"<div class=\"mceTemp\"><\/div>\n<p><span class=\"vorschau\" style=\"font-family: 'Roboto Slab'; font-size: 22px; line-height: 34px; font-weight: 300; margin-top: 40px;\">Nat\u00fcrliche, sanfte Farbnuancen sind auch in diesem Jahr immer noch ein besonderer Trend. Die samtig-weichen T\u00f6ne vermitteln uns ein Flair von Gem\u00fctlichkeit und Frische. Sie sorgen f\u00fcr das perfekte Wohlf\u00fchl-Ambiente und laden zum Verweilen ein. Ihr wollt den Farbtrend Cozy Beige nachkreieren? Dann bleibt dran \u2013 denn, in diesem Beitrag dreht sich alles um den zeitlosen und eleganten Einrichtungsstil. <\/span><\/p>\n<p>&nbsp;<br \/>\n<!--more--><\/p>\n<figure id=\"attachment_7292\" aria-describedby=\"caption-attachment-7292\" style=\"width: 1200px\" class=\"wp-caption aligncenter\"><a href=\"https:\/\/www.zurbrueggen.de\/joop-bettwaesche-135x200-cm-cornflower-gleam\/1327025\"><img loading=\"lazy\" decoding=\"async\" class=\"size-full wp-image-7292\" src=\"https:\/\/www.zurbrueggen.de\/magazin\/wp-content\/uploads\/2023\/07\/d7e13471-c168-4b62-ac9c-1bffeb35102b.jpg\" alt=\"\" width=\"1200\" height=\"675\" \/><\/a><figcaption id=\"caption-attachment-7292\" class=\"wp-caption-text\">Himmlisch schlafen in JOOP! Bettw\u00e4sche<\/figcaption><\/figure>\n<h5 style=\"text-align: left; padding-left: 150px;\">R\u00fcckzugsort: Zuhause<\/h5>\n<p><span class=\"fliesstext\" style=\"font-family: Roboto, sans-serif; font-size: 16px; line-height: 24px; font-weight: 400;\">Bedingt kommt es vor, dass wir die meiste Zeit unseres Lebens im Inneren eines Raumes verbringen. Dieser Fakt ist ma\u00dfgebend daf\u00fcr, dass wir unser Zuhause farblich so gestalten sollten, sodass wir uns dort auf lange Sicht wohlf\u00fchlen. Farbliche Gestaltung spielt dann eine gro\u00dfe Rolle, um auf Dauer ein wohliges Gef\u00fchl zu versp\u00fcren. Ohne Farben &#8211; keine Emotionen, in einer Welt, voller Hektik und Stress. Aus diesem Grund suchen immer mehr Menschen nach einem Ort der Ruhe. Das Wohlbefinden durch <a href=\"https:\/\/www.zurbrueggen.de\/moebel\/\">M\u00f6bel<\/a> und <a href=\"https:\/\/www.zurbrueggen.de\/deko-textil\/dekoration\/\">Dekoration<\/a> im eigenen Zuhause steht somit im Mittelpunkt. Cozy Beige, eine Farbe, die in diesem Zusammenhang besonders hervorsticht. F\u00fcr ein behagliches Ambiente in euren vier W\u00e4nden orientieren wir uns in diesem Beitrag an den Farbt\u00f6nen der Natur. Gemeinsam werfen wir einen genaueren Blick auf diese warme, einladende Farbpalette. Passend dazu findet ihr bei uns stilgetreue Accessoires, um dem Inneneinrichtungs-Trend folgen zu k\u00f6nnen. So eignet sich beispielsweise die <a href=\"https:\/\/www.zurbrueggen.de\/search?search=wohndecke+melange+joop\">Wohndecke Melange von JOOP!<\/a>, um eine Couch oder ein Bett noch behaglicher zu gestalten. Die <a href=\"https:\/\/www.zurbrueggen.de\/search?search=JOOP%21+Kissenh%C3%BClle+UNI-DOUBLEFACE\">JOOP! Kissenh\u00fclle UNI-DOUBLEFACE<\/a> harmoniert fabelhaft dazu. <\/span><\/p>\n<p>&nbsp;<\/p>\n<figure id=\"attachment_7292\" aria-describedby=\"caption-attachment-7292\" style=\"width: 1200px\" class=\"wp-caption aligncenter\"><a href=\"https:\/\/www.zurbrueggen.de\/xora-boxspringbett-ole\/1286501\"><img loading=\"lazy\" decoding=\"async\" class=\"size-full wp-image-7292\" src=\"https:\/\/www.zurbrueggen.de\/magazin\/wp-content\/uploads\/2023\/07\/172c6794-050d-4d9c-9d10-a208127ec4b2-1.jpg\" alt=\"\" width=\"1200\" height=\"675\" \/><\/a><figcaption id=\"caption-attachment-7292\" class=\"wp-caption-text\">Farbtrend Cozy Beige: Mit Boxspringbetten von Zurbr\u00fcggen<\/figcaption><\/figure>\n<h5 style=\"text-align: left; padding-left: 150px;\">Natur pur im Schlafzimmer<\/h5>\n<p><span class=\"fliesstext\" style=\"font-family: Roboto, sans-serif; font-size: 16px; line-height: 24px; font-weight: 400;\">Die Oase der Erholung ist das <a href=\"https:\/\/www.zurbrueggen.de\/moebel\/schlafzimmer\/\">Schlafzimmer<\/a>. Ein Ort der Erholung und Entspannung, dessen Atmosph\u00e4re durch die Wahl von Cozy Beige zus\u00e4tzlich unterst\u00fctzt wird. Beispielsweise k\u00f6nnt ihr hinter dem Kopfteil eures Betts die Wand in Beige gestalten und somit dem Raum eine beruhigende Wirkung verleihen. Wer jedoch keine Lust hat, direkt die gesamte Wand zu streichen, f\u00fcr den k\u00f6nnte ein Bett als Eyecatcher in dem Natur-Farbton infrage kommen. Das <a href=\"https:\/\/www.zurbrueggen.de\/z2-polsterbett-lotte\/1309781\">Z2 Polsterbett LOTTE<\/a> sorgt f\u00fcr einen angenehmen Schlaf und harmoniert perfekt zum Cozy-Look. Weiche <a href=\"https:\/\/www.zurbrueggen.de\/deko-textil\/textilien\/bettwaesche\/bettwaesche\/\">Bettw\u00e4sche <\/a>sowie<a href=\"https:\/\/www.zurbrueggen.de\/deko-textil\/textilien\/kissen-huellen\/\"> Kissen<\/a> in Creme- oder Sandt\u00f6nen sorgen f\u00fcr einen gem\u00fctlichen Flair. Die dazu aufgestellten <a href=\"https:\/\/www.zurbrueggen.de\/deko-textil\/dekoration\/windlichter-kerzenstaender\/kerzen\/\">Kerzen<\/a> versetzen das Schlafzimmer in eine behagliche Stimmung. Eine gro\u00dfe Rolle spielt jedoch auch die richtig gew\u00e4hlte <a href=\"https:\/\/www.zurbrueggen.de\/leuchten\/\">Beleuchtung<\/a>. W\u00e4rmender Kerzenschein vermittelt somit jedenfalls schnell ein Gef\u00fchl von Entspanntheit. Im Alltag ben\u00f6tigen wir mehr Licht, um nicht komplett im Dunkeln zu tappen. Durch eine <a href=\"https:\/\/www.zurbrueggen.de\/leuchten\/\">Leuchte<\/a>, die eine Gl\u00fchlampe der w\u00e4rmeren Farb-Variante enth\u00e4lt, kann man die entspannte Stimmung wahren. Mit ihrem nat\u00fcrlichen Design \u00fcberzeugt uns in diesem Fall die <a href=\"https:\/\/www.zurbrueggen.de\/nino-leuchten-pendelleuchte-1flg.-lee\/1258948\">Nino Leuchten Pendelleuchte LEE<\/a>. Der vorhandene Textilschirm im Naturton unterstreicht den heimeligen Stil ebenso.<\/span><\/p>\n<p>&nbsp;<\/p>\n<figure id=\"attachment_7156\" aria-describedby=\"caption-attachment-7156\" style=\"width: 1200px\" class=\"wp-caption aligncenter\"><a href=\"https:\/\/www.zurbrueggen.de\/lounge-handmade-rundecke-l-lh-edina\/1350053\"><img loading=\"lazy\" decoding=\"async\" class=\"size-full wp-image-7156\" src=\"https:\/\/www.zurbrueggen.de\/magazin\/wp-content\/uploads\/2023\/07\/58acb99b-cf65-4c80-b8a0-b76ecd2e295c.jpg\" alt=\"\" width=\"1200\" height=\"675\" \/><\/a><figcaption id=\"caption-attachment-7156\" class=\"wp-caption-text\">Bringe Gem\u00fctlichkeit in dein Zuhause<\/figcaption><\/figure>\n<h5 style=\"text-align: left; padding-left: 150px;\">Eine Nuance mit Wohlf\u00fchleffekt<\/h5>\n<p><span class=\"fliesstext\" style=\"font-family: Roboto, sans-serif; font-size: 16px; line-height: 24px; font-weight: 400;\">Als Grundfarbe f\u00fcr die Inneneinrichtung macht die Beige-Nuance eine \u00e4u\u00dferst gute Figur.<a href=\"https:\/\/www.zurbrueggen.de\/moebel\/\"> M\u00f6belst\u00fccke<\/a>, <a href=\"https:\/\/www.zurbrueggen.de\/deko-textil\/textilien\/gardinen-vorhaenge\/\">Vorh\u00e4nge<\/a> oder andere <a href=\"https:\/\/www.zurbrueggen.de\/deko-textil\/dekoration\/\">Dekorationen<\/a> und <a href=\"https:\/\/www.zurbrueggen.de\/deko-textil\/textilien\/\">Textilien<\/a> lassen sich besonders gut zu ihr kombinieren. Und auch in Kombination mit Holzelementen entsteht eine nat\u00fcrliche und warme Atmosph\u00e4re, w\u00e4hrend goldfarbene Akzente wie das <a href=\"https:\/\/www.zurbrueggen.de\/xora-regal-seaford-gold\/1300555\">XORA Regal Seaford<\/a> einen edlen Feinschliff verleihen. Die <a href=\"https:\/\/www.zurbrueggen.de\/landscape-bank-graham\/1300011\">Landscape Bank GRAHAM<\/a> vereint Holz und Gold und wird somit vor einer beigefarbenen Wand zum edlen Hingucker. Pastellt\u00f6ne sorgen in Verbindung mit Beige f\u00fcr den Hauch an Frische. So wirkt das <a href=\"https:\/\/www.zurbrueggen.de\/creatable-kombiservice-16-tlg.-nature-collection-pastell\/1239765\">Creatable Kombiservice Nature Collection Pastell<\/a> auf dem <a href=\"https:\/\/www.zurbrueggen.de\/search?search=Tischset+ASA+SELECTION\">Tischset von ASA SELECTION<\/a>, wie ein leichter, frischer Farbspritzer. Allgemein performt der Farbtrend Cozy Beige ideal, um einem Raum ein elegantes und zeitloses Erscheinungsbild zu verleihen, ohne dabei zu k\u00fchl oder distanziert zu wirken. Der warme Unterton der beigen Farbe vermittelt ein Gef\u00fchl von Geborgenheit und Gem\u00fctlichkeit. Dadurch wird eine angenehme W\u00e4rme ausgestrahlt, die sofort beruhigt und entspannt. Einfach perfekt f\u00fcr jedes Zuhause, sowie f\u00fcr diejenigen, die Wert auf ein Wohlf\u00fchlambiente dieser Art legen.<\/span><\/p>\n<p>&nbsp;<\/p>\n<figure id=\"attachment_7156\" aria-describedby=\"caption-attachment-7156\" style=\"width: 1200px\" class=\"wp-caption aligncenter\"><a href=\"https:\/\/www.zurbrueggen.de\/moebel\/kueche-bar\/kuechenzeilen\/\"><img loading=\"lazy\" decoding=\"async\" class=\"size-full wp-image-7156\" src=\"https:\/\/www.zurbrueggen.de\/magazin\/wp-content\/uploads\/2023\/07\/2ccf14ef-60ff-4eb0-af15-b3f8e3c679b5.jpg\" alt=\"\" width=\"1200\" height=\"675\" \/><\/a><figcaption id=\"caption-attachment-7156\" class=\"wp-caption-text\">Eine gro\u00dfe K\u00fcchenauswahl in nat\u00fcrlichen T\u00f6nen findest du in unseren K\u00fcchenstudios<\/figcaption><\/figure>\n<h5 style=\"text-align: left; padding-left: 150px;\">Entschleunigung im Alltag durch Farbe<\/h5>\n<p><span class=\"fliesstext\" style=\"font-family: Roboto, sans-serif; font-size: 16px; line-height: 24px; font-weight: 400;\">Der erste Gang nach dem Aufstehen ist meist der, der in die <a href=\"https:\/\/www.zurbrueggen.de\/moebel\/kueche-bar\/\">K\u00fcche<\/a> f\u00fchrt, um sich einen Kaffee zu holen oder das Fr\u00fchst\u00fcck anzurichten. Vor der Arbeit findet dies oftmals unter hektischen Bedingungen statt. Mit der richtigen Farbgebung kann man dennoch ein leichtes Gef\u00fchl der Entschleunigung in den Alltag bringen. Hinter hell designten K\u00fcchenoberfl\u00e4chen und auf dem dazu passenden <a href=\"https:\/\/www.zurbrueggen.de\/moebel\/esszimmer\/esstische\/\">Esstisch<\/a> mit <a href=\"https:\/\/www.zurbrueggen.de\/moebel\/esszimmer\/stuehle\/\">St\u00fchlen<\/a> l\u00e4sst es sich direkt gem\u00fctlich und entspannt sitzen. W\u00e4hrend die ersten Sonnenstrahlen durch das Fenster scheinen, schmeckt der Kaffee oder Tee bei diesem Ambiente noch ein wenig mehr. <a href=\"https:\/\/www.zurbrueggen.de\/search?search=goldenes+besteck\">Goldenes Besteck<\/a>\u00a0sowie naturfarbene <a href=\"https:\/\/www.zurbrueggen.de\/deko-textil\/textilien\/\">Textilien<\/a> unterstreichen den Stil dabei. Schnell noch ein paar Blumen aus dem Garten gepfl\u00fcckt und in der <a href=\"https:\/\/www.zurbrueggen.de\/search?search=vase+como\">Vase COMO von ASA Selection<\/a> angerichtet. So kann man den Anblick in eine K\u00fcche mit echtem Wohlf\u00fchl-Charakter genie\u00dfen. Kombinieren kann man diese wunderbare Farbgebung einfach fast mit allem. Besonders sch\u00f6n wirken in einer solch farblich passend gestalteten K\u00fcche, Marmor-Arbeitsplatten aber auch nat\u00fcrliche Materialien wie Holz oder Korbwaren. Diese erg\u00e4nzen den Trend und lassen zus\u00e4tzliche Gem\u00fctlichkeit aufkommen. Ihr seid \u00fcberzeugt von Cozy Beige? Dann schaut gerne in einem unserer Einrichtungsh\u00e4user oder in unserem Onlineshop vorbei. Dort haben wir noch viel mehr Auswahl f\u00fcr euch, um den Look zu vervollst\u00e4ndigen.<\/span><\/p>\n<p><a href=\"https:\/\/www.zurbrueggen.de\/farbtrend-cozy-beige\/\"><img loading=\"lazy\" decoding=\"async\" class=\"aligncenter size-full wp-image-7164\" src=\"https:\/\/www.zurbrueggen.de\/magazin\/wp-content\/uploads\/2023\/07\/9c58e697-2cbe-4d19-93fc-1e6422c4a1d7.jpg\" alt=\"\" width=\"750\" height=\"320\" \/><\/a><\/p>\n","protected":false},"excerpt":{"rendered":"<p>Nat\u00fcrliche, sanfte Farbnuancen sind auch in diesem Jahr immer noch ein besonderer Trend. Die samtig-weichen T\u00f6ne vermitteln uns ein Flair von Gem\u00fctlichkeit und Frische. Sie sorgen f\u00fcr das perfekte Wohlf\u00fchl-Ambiente und laden zum Verweilen ein. Ihr wollt den Farbtrend Cozy Beige nachkreieren? Dann bleibt dran \u2013 denn, in diesem Beitrag dreht sich alles um den [&hellip;]<\/p>\n","protected":false},"author":27,"featured_media":7396,"comment_status":"open","ping_status":"open","sticky":false,"template":"","format":"standard","meta":{"_acf_changed":false,"footnotes":""},"categories":[32,27],"tags":[1283,1284,1188,1146,1266,1285,1171,1286,1270,1190,1178,1280,1114,1187,1186,1276],"class_list":["post-7387","post","type-post","status-publish","format-standard","has-post-thumbnail","hentry","category-trend","category-trends-und-wissen","tag-beige","tag-cozy-beige","tag-dekoration","tag-einrichtung","tag-einrichtungsideen","tag-einrichtungsstil","tag-einrichtungstrends","tag-gemuetlichkeit","tag-inneneinrichtung","tag-moebel","tag-outdoor","tag-pflanzen","tag-stil","tag-trend","tag-trends","tag-wohnaccessoires"],"acf":[],"yoast_head":"<!-- This site is optimized with the Yoast SEO plugin v27.4 - https:\/\/yoast.com\/product\/yoast-seo-wordpress\/ -->\n<title>Probier\u2019s mal mit Gem\u00fctlichkeit - Farbtrend: Cozy Beige<\/title>\n<meta name=\"description\" content=\"Ihr wollt den Farbtrend Cozy Beige nachkreieren? In diesem Beitrag dreht sich alles um den zeitlosen und eleganten Einrichtungsstil.\" \/>\n<meta name=\"robots\" content=\"index, follow, max-snippet:-1, max-image-preview:large, max-video-preview:-1\" \/>\n<link rel=\"canonical\" href=\"https:\/\/www.zurbrueggen.de\/magazin\/farbtrend-cozy-beige\/\" \/>\n<meta property=\"og:locale\" content=\"de_DE\" \/>\n<meta property=\"og:type\" content=\"article\" \/>\n<meta property=\"og:title\" content=\"Probier\u2019s mal mit Gem\u00fctlichkeit - Farbtrend: Cozy Beige\" \/>\n<meta property=\"og:description\" content=\"Nat\u00fcrliche, sanfte Farbnuancen sind auch in diesem Jahr ein immer noch besonderer Trend. Die samtig-weichen T\u00f6ne vermitteln uns ein Flair von Entspanntheit und Frische. Sie sorgen f\u00fcr das perfekte Wohlf\u00fchl-Ambiente und laden zum Verweilen ein. Ihr wollt diesen Einrichtungsstil nachkreieren? Dann bleibt dran \u2013 denn, in diesem Beitrag dreht sich alles um den zeitlosen und eleganten Einrichtungsstil.\" \/>\n<meta property=\"og:url\" content=\"https:\/\/www.zurbrueggen.de\/magazin\/farbtrend-cozy-beige\/\" \/>\n<meta property=\"og:site_name\" content=\"Zurbr\u00fcggen magazin\" \/>\n<meta property=\"article:publisher\" content=\"https:\/\/facebook.com\/zurbrueggen\" \/>\n<meta property=\"article:published_time\" content=\"2023-07-11T06:23:19+00:00\" \/>\n<meta property=\"article:modified_time\" content=\"2024-01-12T07:32:49+00:00\" \/>\n<meta property=\"og:image\" content=\"https:\/\/www.zurbrueggen.de\/magazin\/wp-content\/uploads\/2023\/07\/80e92d03-952c-4e66-bb0b-736a9bd4b652.jpg\" \/>\n\t<meta property=\"og:image:width\" content=\"1200\" \/>\n\t<meta property=\"og:image:height\" content=\"675\" \/>\n\t<meta property=\"og:image:type\" content=\"image\/jpeg\" \/>\n<meta name=\"author\" content=\"Julia Paschen\" \/>\n<script type=\"application\/ld+json\" class=\"yoast-schema-graph\">{\"@context\":\"https:\\\/\\\/schema.org\",\"@graph\":[{\"@type\":\"Article\",\"@id\":\"https:\\\/\\\/www.zurbrueggen.de\\\/magazin\\\/farbtrend-cozy-beige\\\/#article\",\"isPartOf\":{\"@id\":\"https:\\\/\\\/www.zurbrueggen.de\\\/magazin\\\/farbtrend-cozy-beige\\\/\"},\"author\":{\"name\":\"Julia Paschen\",\"@id\":\"https:\\\/\\\/www.zurbrueggen.de\\\/magazin\\\/#\\\/schema\\\/person\\\/5596ed176b1851c47a00e32190fbd9e8\"},\"headline\":\"Farbtrend: Cozy Beige\",\"datePublished\":\"2023-07-11T06:23:19+00:00\",\"dateModified\":\"2024-01-12T07:32:49+00:00\",\"mainEntityOfPage\":{\"@id\":\"https:\\\/\\\/www.zurbrueggen.de\\\/magazin\\\/farbtrend-cozy-beige\\\/\"},\"wordCount\":934,\"commentCount\":0,\"publisher\":{\"@id\":\"https:\\\/\\\/www.zurbrueggen.de\\\/magazin\\\/#organization\"},\"image\":{\"@id\":\"https:\\\/\\\/www.zurbrueggen.de\\\/magazin\\\/farbtrend-cozy-beige\\\/#primaryimage\"},\"thumbnailUrl\":\"https:\\\/\\\/www.zurbrueggen.de\\\/magazin\\\/wp-content\\\/uploads\\\/2023\\\/07\\\/80e92d03-952c-4e66-bb0b-736a9bd4b652.jpg\",\"keywords\":[\"beige\",\"Cozy Beige\",\"Dekoration\",\"Einrichtung\",\"Einrichtungsideen\",\"Einrichtungsstil\",\"Einrichtungstrends\",\"Gem\u00fctlichkeit\",\"Inneneinrichtung\",\"M\u00f6bel\",\"Outdoor\",\"Pflanzen\",\"Stil\",\"Trend\",\"Trends\",\"Wohnaccessoires\"],\"articleSection\":[\"trend\",\"Trends &amp; Wissen\"],\"inLanguage\":\"de\",\"potentialAction\":[{\"@type\":\"CommentAction\",\"name\":\"Comment\",\"target\":[\"https:\\\/\\\/www.zurbrueggen.de\\\/magazin\\\/farbtrend-cozy-beige\\\/#respond\"]}]},{\"@type\":\"WebPage\",\"@id\":\"https:\\\/\\\/www.zurbrueggen.de\\\/magazin\\\/farbtrend-cozy-beige\\\/\",\"url\":\"https:\\\/\\\/www.zurbrueggen.de\\\/magazin\\\/farbtrend-cozy-beige\\\/\",\"name\":\"Probier\u2019s mal mit Gem\u00fctlichkeit - Farbtrend: Cozy Beige\",\"isPartOf\":{\"@id\":\"https:\\\/\\\/www.zurbrueggen.de\\\/magazin\\\/#website\"},\"primaryImageOfPage\":{\"@id\":\"https:\\\/\\\/www.zurbrueggen.de\\\/magazin\\\/farbtrend-cozy-beige\\\/#primaryimage\"},\"image\":{\"@id\":\"https:\\\/\\\/www.zurbrueggen.de\\\/magazin\\\/farbtrend-cozy-beige\\\/#primaryimage\"},\"thumbnailUrl\":\"https:\\\/\\\/www.zurbrueggen.de\\\/magazin\\\/wp-content\\\/uploads\\\/2023\\\/07\\\/80e92d03-952c-4e66-bb0b-736a9bd4b652.jpg\",\"datePublished\":\"2023-07-11T06:23:19+00:00\",\"dateModified\":\"2024-01-12T07:32:49+00:00\",\"description\":\"Ihr wollt den Farbtrend Cozy Beige nachkreieren? In diesem Beitrag dreht sich alles um den zeitlosen und eleganten Einrichtungsstil.\",\"breadcrumb\":{\"@id\":\"https:\\\/\\\/www.zurbrueggen.de\\\/magazin\\\/farbtrend-cozy-beige\\\/#breadcrumb\"},\"inLanguage\":\"de\",\"potentialAction\":[{\"@type\":\"ReadAction\",\"target\":[\"https:\\\/\\\/www.zurbrueggen.de\\\/magazin\\\/farbtrend-cozy-beige\\\/\"]}]},{\"@type\":\"ImageObject\",\"inLanguage\":\"de\",\"@id\":\"https:\\\/\\\/www.zurbrueggen.de\\\/magazin\\\/farbtrend-cozy-beige\\\/#primaryimage\",\"url\":\"https:\\\/\\\/www.zurbrueggen.de\\\/magazin\\\/wp-content\\\/uploads\\\/2023\\\/07\\\/80e92d03-952c-4e66-bb0b-736a9bd4b652.jpg\",\"contentUrl\":\"https:\\\/\\\/www.zurbrueggen.de\\\/magazin\\\/wp-content\\\/uploads\\\/2023\\\/07\\\/80e92d03-952c-4e66-bb0b-736a9bd4b652.jpg\",\"width\":1200,\"height\":675},{\"@type\":\"BreadcrumbList\",\"@id\":\"https:\\\/\\\/www.zurbrueggen.de\\\/magazin\\\/farbtrend-cozy-beige\\\/#breadcrumb\",\"itemListElement\":[{\"@type\":\"ListItem\",\"position\":1,\"name\":\"Startseite\",\"item\":\"https:\\\/\\\/www.zurbrueggen.de\\\/magazin\\\/\"},{\"@type\":\"ListItem\",\"position\":2,\"name\":\"Farbtrend: Cozy Beige\"}]},{\"@type\":\"WebSite\",\"@id\":\"https:\\\/\\\/www.zurbrueggen.de\\\/magazin\\\/#website\",\"url\":\"https:\\\/\\\/www.zurbrueggen.de\\\/magazin\\\/\",\"name\":\"Zurbr\u00fcggen magazin\",\"description\":\"DESIGN \u2022 STYLE \u2022 LIVING\",\"publisher\":{\"@id\":\"https:\\\/\\\/www.zurbrueggen.de\\\/magazin\\\/#organization\"},\"potentialAction\":[{\"@type\":\"SearchAction\",\"target\":{\"@type\":\"EntryPoint\",\"urlTemplate\":\"https:\\\/\\\/www.zurbrueggen.de\\\/magazin\\\/?s={search_term_string}\"},\"query-input\":{\"@type\":\"PropertyValueSpecification\",\"valueRequired\":true,\"valueName\":\"search_term_string\"}}],\"inLanguage\":\"de\"},{\"@type\":\"Organization\",\"@id\":\"https:\\\/\\\/www.zurbrueggen.de\\\/magazin\\\/#organization\",\"name\":\"Zurbr\u00fcggen Wohn-Zentrum GmbH\",\"url\":\"https:\\\/\\\/www.zurbrueggen.de\\\/magazin\\\/\",\"logo\":{\"@type\":\"ImageObject\",\"inLanguage\":\"de\",\"@id\":\"https:\\\/\\\/www.zurbrueggen.de\\\/magazin\\\/#\\\/schema\\\/logo\\\/image\\\/\",\"url\":\"https:\\\/\\\/www.zurbrueggen.de\\\/magazin\\\/wp-content\\\/uploads\\\/2016\\\/07\\\/logo_zurbrueggen.png\",\"contentUrl\":\"https:\\\/\\\/www.zurbrueggen.de\\\/magazin\\\/wp-content\\\/uploads\\\/2016\\\/07\\\/logo_zurbrueggen.png\",\"width\":400,\"height\":107,\"caption\":\"Zurbr\u00fcggen Wohn-Zentrum GmbH\"},\"image\":{\"@id\":\"https:\\\/\\\/www.zurbrueggen.de\\\/magazin\\\/#\\\/schema\\\/logo\\\/image\\\/\"},\"sameAs\":[\"https:\\\/\\\/facebook.com\\\/zurbrueggen\",\"https:\\\/\\\/x.com\\\/Zurbrueggen\"]},{\"@type\":\"Person\",\"@id\":\"https:\\\/\\\/www.zurbrueggen.de\\\/magazin\\\/#\\\/schema\\\/person\\\/5596ed176b1851c47a00e32190fbd9e8\",\"name\":\"Julia Paschen\",\"image\":{\"@type\":\"ImageObject\",\"inLanguage\":\"de\",\"@id\":\"https:\\\/\\\/secure.gravatar.com\\\/avatar\\\/000d1f6af0d913dc11958dffa0a2a27e1ec646f1fd674334902659ca07ac9752?s=96&d=mm&r=g\",\"url\":\"https:\\\/\\\/secure.gravatar.com\\\/avatar\\\/000d1f6af0d913dc11958dffa0a2a27e1ec646f1fd674334902659ca07ac9752?s=96&d=mm&r=g\",\"contentUrl\":\"https:\\\/\\\/secure.gravatar.com\\\/avatar\\\/000d1f6af0d913dc11958dffa0a2a27e1ec646f1fd674334902659ca07ac9752?s=96&d=mm&r=g\",\"caption\":\"Julia Paschen\"},\"url\":\"https:\\\/\\\/www.zurbrueggen.de\\\/magazin\\\/author\\\/j_paschen\\\/\"}]}<\/script>\n<!-- \/ Yoast SEO plugin. -->","yoast_head_json":{"title":"Probier\u2019s mal mit Gem\u00fctlichkeit - Farbtrend: Cozy Beige","description":"Ihr wollt den Farbtrend Cozy Beige nachkreieren? In diesem Beitrag dreht sich alles um den zeitlosen und eleganten Einrichtungsstil.","robots":{"index":"index","follow":"follow","max-snippet":"max-snippet:-1","max-image-preview":"max-image-preview:large","max-video-preview":"max-video-preview:-1"},"canonical":"https:\/\/www.zurbrueggen.de\/magazin\/farbtrend-cozy-beige\/","og_locale":"de_DE","og_type":"article","og_title":"Probier\u2019s mal mit Gem\u00fctlichkeit - Farbtrend: Cozy Beige","og_description":"Nat\u00fcrliche, sanfte Farbnuancen sind auch in diesem Jahr ein immer noch besonderer Trend. Die samtig-weichen T\u00f6ne vermitteln uns ein Flair von Entspanntheit und Frische. Sie sorgen f\u00fcr das perfekte Wohlf\u00fchl-Ambiente und laden zum Verweilen ein. Ihr wollt diesen Einrichtungsstil nachkreieren? Dann bleibt dran \u2013 denn, in diesem Beitrag dreht sich alles um den zeitlosen und eleganten Einrichtungsstil.","og_url":"https:\/\/www.zurbrueggen.de\/magazin\/farbtrend-cozy-beige\/","og_site_name":"Zurbr\u00fcggen magazin","article_publisher":"https:\/\/facebook.com\/zurbrueggen","article_published_time":"2023-07-11T06:23:19+00:00","article_modified_time":"2024-01-12T07:32:49+00:00","og_image":[{"width":1200,"height":675,"url":"https:\/\/www.zurbrueggen.de\/magazin\/wp-content\/uploads\/2023\/07\/80e92d03-952c-4e66-bb0b-736a9bd4b652.jpg","type":"image\/jpeg"}],"author":"Julia Paschen","schema":{"@context":"https:\/\/schema.org","@graph":[{"@type":"Article","@id":"https:\/\/www.zurbrueggen.de\/magazin\/farbtrend-cozy-beige\/#article","isPartOf":{"@id":"https:\/\/www.zurbrueggen.de\/magazin\/farbtrend-cozy-beige\/"},"author":{"name":"Julia Paschen","@id":"https:\/\/www.zurbrueggen.de\/magazin\/#\/schema\/person\/5596ed176b1851c47a00e32190fbd9e8"},"headline":"Farbtrend: Cozy Beige","datePublished":"2023-07-11T06:23:19+00:00","dateModified":"2024-01-12T07:32:49+00:00","mainEntityOfPage":{"@id":"https:\/\/www.zurbrueggen.de\/magazin\/farbtrend-cozy-beige\/"},"wordCount":934,"commentCount":0,"publisher":{"@id":"https:\/\/www.zurbrueggen.de\/magazin\/#organization"},"image":{"@id":"https:\/\/www.zurbrueggen.de\/magazin\/farbtrend-cozy-beige\/#primaryimage"},"thumbnailUrl":"https:\/\/www.zurbrueggen.de\/magazin\/wp-content\/uploads\/2023\/07\/80e92d03-952c-4e66-bb0b-736a9bd4b652.jpg","keywords":["beige","Cozy Beige","Dekoration","Einrichtung","Einrichtungsideen","Einrichtungsstil","Einrichtungstrends","Gem\u00fctlichkeit","Inneneinrichtung","M\u00f6bel","Outdoor","Pflanzen","Stil","Trend","Trends","Wohnaccessoires"],"articleSection":["trend","Trends &amp; Wissen"],"inLanguage":"de","potentialAction":[{"@type":"CommentAction","name":"Comment","target":["https:\/\/www.zurbrueggen.de\/magazin\/farbtrend-cozy-beige\/#respond"]}]},{"@type":"WebPage","@id":"https:\/\/www.zurbrueggen.de\/magazin\/farbtrend-cozy-beige\/","url":"https:\/\/www.zurbrueggen.de\/magazin\/farbtrend-cozy-beige\/","name":"Probier\u2019s mal mit Gem\u00fctlichkeit - Farbtrend: Cozy Beige","isPartOf":{"@id":"https:\/\/www.zurbrueggen.de\/magazin\/#website"},"primaryImageOfPage":{"@id":"https:\/\/www.zurbrueggen.de\/magazin\/farbtrend-cozy-beige\/#primaryimage"},"image":{"@id":"https:\/\/www.zurbrueggen.de\/magazin\/farbtrend-cozy-beige\/#primaryimage"},"thumbnailUrl":"https:\/\/www.zurbrueggen.de\/magazin\/wp-content\/uploads\/2023\/07\/80e92d03-952c-4e66-bb0b-736a9bd4b652.jpg","datePublished":"2023-07-11T06:23:19+00:00","dateModified":"2024-01-12T07:32:49+00:00","description":"Ihr wollt den Farbtrend Cozy Beige nachkreieren? In diesem Beitrag dreht sich alles um den zeitlosen und eleganten Einrichtungsstil.","breadcrumb":{"@id":"https:\/\/www.zurbrueggen.de\/magazin\/farbtrend-cozy-beige\/#breadcrumb"},"inLanguage":"de","potentialAction":[{"@type":"ReadAction","target":["https:\/\/www.zurbrueggen.de\/magazin\/farbtrend-cozy-beige\/"]}]},{"@type":"ImageObject","inLanguage":"de","@id":"https:\/\/www.zurbrueggen.de\/magazin\/farbtrend-cozy-beige\/#primaryimage","url":"https:\/\/www.zurbrueggen.de\/magazin\/wp-content\/uploads\/2023\/07\/80e92d03-952c-4e66-bb0b-736a9bd4b652.jpg","contentUrl":"https:\/\/www.zurbrueggen.de\/magazin\/wp-content\/uploads\/2023\/07\/80e92d03-952c-4e66-bb0b-736a9bd4b652.jpg","width":1200,"height":675},{"@type":"BreadcrumbList","@id":"https:\/\/www.zurbrueggen.de\/magazin\/farbtrend-cozy-beige\/#breadcrumb","itemListElement":[{"@type":"ListItem","position":1,"name":"Startseite","item":"https:\/\/www.zurbrueggen.de\/magazin\/"},{"@type":"ListItem","position":2,"name":"Farbtrend: Cozy Beige"}]},{"@type":"WebSite","@id":"https:\/\/www.zurbrueggen.de\/magazin\/#website","url":"https:\/\/www.zurbrueggen.de\/magazin\/","name":"Zurbr\u00fcggen magazin","description":"DESIGN \u2022 STYLE \u2022 LIVING","publisher":{"@id":"https:\/\/www.zurbrueggen.de\/magazin\/#organization"},"potentialAction":[{"@type":"SearchAction","target":{"@type":"EntryPoint","urlTemplate":"https:\/\/www.zurbrueggen.de\/magazin\/?s={search_term_string}"},"query-input":{"@type":"PropertyValueSpecification","valueRequired":true,"valueName":"search_term_string"}}],"inLanguage":"de"},{"@type":"Organization","@id":"https:\/\/www.zurbrueggen.de\/magazin\/#organization","name":"Zurbr\u00fcggen Wohn-Zentrum GmbH","url":"https:\/\/www.zurbrueggen.de\/magazin\/","logo":{"@type":"ImageObject","inLanguage":"de","@id":"https:\/\/www.zurbrueggen.de\/magazin\/#\/schema\/logo\/image\/","url":"https:\/\/www.zurbrueggen.de\/magazin\/wp-content\/uploads\/2016\/07\/logo_zurbrueggen.png","contentUrl":"https:\/\/www.zurbrueggen.de\/magazin\/wp-content\/uploads\/2016\/07\/logo_zurbrueggen.png","width":400,"height":107,"caption":"Zurbr\u00fcggen Wohn-Zentrum GmbH"},"image":{"@id":"https:\/\/www.zurbrueggen.de\/magazin\/#\/schema\/logo\/image\/"},"sameAs":["https:\/\/facebook.com\/zurbrueggen","https:\/\/x.com\/Zurbrueggen"]},{"@type":"Person","@id":"https:\/\/www.zurbrueggen.de\/magazin\/#\/schema\/person\/5596ed176b1851c47a00e32190fbd9e8","name":"Julia Paschen","image":{"@type":"ImageObject","inLanguage":"de","@id":"https:\/\/secure.gravatar.com\/avatar\/000d1f6af0d913dc11958dffa0a2a27e1ec646f1fd674334902659ca07ac9752?s=96&d=mm&r=g","url":"https:\/\/secure.gravatar.com\/avatar\/000d1f6af0d913dc11958dffa0a2a27e1ec646f1fd674334902659ca07ac9752?s=96&d=mm&r=g","contentUrl":"https:\/\/secure.gravatar.com\/avatar\/000d1f6af0d913dc11958dffa0a2a27e1ec646f1fd674334902659ca07ac9752?s=96&d=mm&r=g","caption":"Julia Paschen"},"url":"https:\/\/www.zurbrueggen.de\/magazin\/author\/j_paschen\/"}]}},"_links":{"self":[{"href":"https:\/\/www.zurbrueggen.de\/magazin\/wp-json\/wp\/v2\/posts\/7387","targetHints":{"allow":["GET"]}}],"collection":[{"href":"https:\/\/www.zurbrueggen.de\/magazin\/wp-json\/wp\/v2\/posts"}],"about":[{"href":"https:\/\/www.zurbrueggen.de\/magazin\/wp-json\/wp\/v2\/types\/post"}],"author":[{"embeddable":true,"href":"https:\/\/www.zurbrueggen.de\/magazin\/wp-json\/wp\/v2\/users\/27"}],"replies":[{"embeddable":true,"href":"https:\/\/www.zurbrueggen.de\/magazin\/wp-json\/wp\/v2\/comments?post=7387"}],"version-history":[{"count":17,"href":"https:\/\/www.zurbrueggen.de\/magazin\/wp-json\/wp\/v2\/posts\/7387\/revisions"}],"predecessor-version":[{"id":7815,"href":"https:\/\/www.zurbrueggen.de\/magazin\/wp-json\/wp\/v2\/posts\/7387\/revisions\/7815"}],"wp:featuredmedia":[{"embeddable":true,"href":"https:\/\/www.zurbrueggen.de\/magazin\/wp-json\/wp\/v2\/media\/7396"}],"wp:attachment":[{"href":"https:\/\/www.zurbrueggen.de\/magazin\/wp-json\/wp\/v2\/media?parent=7387"}],"wp:term":[{"taxonomy":"category","embeddable":true,"href":"https:\/\/www.zurbrueggen.de\/magazin\/wp-json\/wp\/v2\/categories?post=7387"},{"taxonomy":"post_tag","embeddable":true,"href":"https:\/\/www.zurbrueggen.de\/magazin\/wp-json\/wp\/v2\/tags?post=7387"}],"curies":[{"name":"wp","href":"https:\/\/api.w.org\/{rel}","templated":true}]}}