{"id":7256,"date":"2023-05-24T08:52:26","date_gmt":"2023-05-24T06:52:26","guid":{"rendered":"https:\/\/www.zurbrueggen.de\/magazin\/?p=7256"},"modified":"2024-01-11T16:44:53","modified_gmt":"2024-01-11T15:44:53","slug":"gartentrends-saison-2023","status":"publish","type":"post","link":"https:\/\/www.zurbrueggen.de\/magazin\/gartentrends-saison-2023\/","title":{"rendered":"Gartentrends &#8211; Saison 2023"},"content":{"rendered":"<div class=\"mceTemp\"><\/div>\n<p><span class=\"vorschau\" style=\"font-family: 'Roboto Slab'; font-size: 22px; line-height: 34px; font-weight: 300; margin-top: 40px;\">Die Wolken werden weniger und der graue Ton des Winters verblasst langsam. Die Tage werden l\u00e4nger und die Sonne strahlt immer mehr. Zeit, um euren Terrassen, Balkonen oder G\u00e4rten einen frischen Look zu verpassen und damit die zur\u00fcckgewonnenen Sonnentage optimal nutzen zu k\u00f6nnen. Wir haben in diesem Beitrag sch\u00f6ne Ideen der Gestaltung f\u00fcr drau\u00dfen zusammengefasst. Bleibt dran und lasst euch gerne von unseren Gartentrends inspirieren!<\/span><\/p>\n<p><!--more--><br \/>\n&nbsp;<\/p>\n<figure id=\"attachment_7156\" aria-describedby=\"caption-attachment-7156\" style=\"width: 1200px\" class=\"wp-caption aligncenter\"><a href=\"https:\/\/www.zurbrueggen.de\/landmann-gasgrill-122291-rexon\/1290577\"><img loading=\"lazy\" decoding=\"async\" class=\"size-full wp-image-7156\" src=\"https:\/\/www.zurbrueggen.de\/magazin\/wp-content\/uploads\/2023\/05\/18623f41-6d19-4eed-b4be-4cf1ca6b9c92.jpg\" alt=\"\" width=\"1200\" height=\"675\" \/><\/a><figcaption id=\"caption-attachment-7156\" class=\"wp-caption-text\"><br \/>Die Grillsaison ist er\u00f6ffnet mit dem Landmann Gasgrill REXON<\/figcaption><\/figure>\n<h5 style=\"text-align: left; padding-left: 150px;\">Tsch\u00fcss Winter, hallo Fr\u00fchling!<\/h5>\n<p><span class=\"fliesstext\" style=\"font-family: Roboto, sans-serif; font-size: 16px; line-height: 24px; font-weight: 400;\">Viele unter uns kennen es: Die Motivation, fr\u00fch morgens aufzustehen, verl\u00e4sst uns meist, sobald der kalte und nasse Winter vor der T\u00fcr steht. Aber nicht nur uns nimmt die ungem\u00fctliche Jahreszeit gesundheitlich und mental etwas ein, sondern auch unser \u201eDrau\u00dfen-Zuhause\u201c. Um dieses muss man sich in dem wiederkehrenden Fr\u00fchling- und Sommerzeit gut k\u00fcmmern, wenn man es wohnlich haben m\u00f6chte. Schnell die <a href=\"https:\/\/www.zurbrueggen.de\/garten\/sonnen-sichtschutz\/schutzhuellen\/\">Schutzh\u00fcllen<\/a> entfernt und schon k\u00f6nnt ihr loslegen. Eine gro\u00dfe Auswahl an <a href=\"https:\/\/www.zurbrueggen.de\/garten\/gartenmoebel\/\">Gartenm\u00f6beln<\/a> und <a href=\"https:\/\/www.zurbrueggen.de\/garten\/gartenaccessoires\/\">Accessoires<\/a> l\u00e4sst uns dabei gen\u00fcgend Platz f\u00fcr Kreativit\u00e4t beim Einrichten. So k\u00f6nnt ihr dem tristen Winter abdanken und eurem <a href=\"https:\/\/www.zurbrueggen.de\/garten\/\">Garten<\/a>, Balkon oder eurer Terrasse ein neues Strahlen verleihen. Ob ihr daf\u00fcr nur neue <a href=\"https:\/\/www.zurbrueggen.de\/garten\/gartenaccessoires\/gartendekoration\/\">Deko-Accessoires<\/a> ben\u00f6tigt oder euch neu einrichten m\u00f6chtet, ist nat\u00fcrlich euch selbst \u00fcberlassen.<\/span><\/p>\n<p>&nbsp;<\/p>\n<figure id=\"attachment_7156\" aria-describedby=\"caption-attachment-7156\" style=\"width: 1200px\" class=\"wp-caption aligncenter\"><a href=\"https:\/\/www.zurbrueggen.de\/musterring-esstisch-mr-holland\/1221530\"><img loading=\"lazy\" decoding=\"async\" class=\"size-full wp-image-7156\" src=\"https:\/\/www.zurbrueggen.de\/magazin\/wp-content\/uploads\/2023\/05\/a8cfe4fe-58db-43e3-a4d4-cd55a6c7a234.jpg\" alt=\"\" width=\"1200\" height=\"675\" \/><\/a><figcaption id=\"caption-attachment-7156\" class=\"wp-caption-text\"><br \/>Homeoffice im Freien<\/figcaption><\/figure>\n<h5 style=\"text-align: left; padding-left: 150px;\">Vom Grau ins Gr\u00fcn \u2013 Homeoffice mal anders<\/h5>\n<p><span class=\"fliesstext\" style=\"font-family: Roboto, sans-serif; font-size: 16px; line-height: 24px; font-weight: 400;\">Auch in den kommenden Jahren wird sich der Trend zum Homeoffice weiter ausbauen. Perfekt, um seinen Arbeitsplatz von drinnen zwischen kalten W\u00e4nden und verstaubten Regalen zu verlassen und ihn nach drau\u00dfen an die frische Luft zu verlagern. Frischluft ist sehr gesund und auch f\u00f6rderlich, um die eigene Energie wieder aufzutanken. Wichtig ist jedoch, dass die richtige Position f\u00fcr ein l\u00e4ngeres Sitzen gegeben ist. Daf\u00fcr eignen sich normale <a href=\"https:\/\/www.zurbrueggen.de\/garten\/gartenmoebel\/gartenmoebel-sets\/sitzgruppen\/\">Sitzgruppen<\/a> mit einem \u00fcblicherweise h\u00f6heren <a href=\"https:\/\/www.zurbrueggen.de\/garten\/gartenmoebel\/gartentische\/\">Gartentisch<\/a> am besten. Hier hat man gen\u00fcgend Platz, alle Dinge abzustellen, die man ben\u00f6tigt. Besitzt man bereits <a href=\"https:\/\/www.zurbrueggen.de\/garten\/gartenmoebel\/loungemoebel\/\">Loungem\u00f6bel<\/a>, die meist aus niedrigeren M\u00f6belst\u00fccken bestehen, kann ein <a href=\"https:\/\/www.zurbrueggen.de\/moebel\/wohnzimmer\/wohnzimmertische\/beistelltische\/\">Beistelltisch<\/a> optimal behilflich sein. Der <a href=\"https:\/\/www.zurbrueggen.de\/linea-natura-beistelltisch-tibo\/1138002\">Beistelltisch TIBO von Linea Natura<\/a> \u00fcberzeugt an dieser Stelle. Sein leichtes Gewicht erleichtert die Positionierung an verschiedenen Orten. Den Arbeitsplatz kann man so im Handumdrehen nach drau\u00dfen verlegen.<\/span><\/p>\n<p>&nbsp;<\/p>\n<figure id=\"attachment_7156\" aria-describedby=\"caption-attachment-7156\" style=\"width: 1200px\" class=\"wp-caption aligncenter\"><a href=\"https:\/\/www.zurbrueggen.de\/search?search=1237597\"><img loading=\"lazy\" decoding=\"async\" class=\"size-full wp-image-7156\" src=\"https:\/\/www.zurbrueggen.de\/magazin\/wp-content\/uploads\/2023\/05\/e88e65b1-bd18-4d9a-b703-77c908b14ad4.jpg\" alt=\"\" width=\"1200\" height=\"675\" \/><\/a><figcaption id=\"caption-attachment-7156\" class=\"wp-caption-text\">Hollywoodschaukel AVILA: Ort zum Verweilen<\/figcaption><\/figure>\n<h5 style=\"text-align: left; padding-left: 150px;\">Orte, die zum Verweilen einladen<\/h5>\n<p><span class=\"fliesstext\" style=\"font-family: Roboto, sans-serif; font-size: 16px; line-height: 24px; font-weight: 400;\"> Einfach zur\u00fccklehnen, sich richtig Wohlf\u00fchlen und die Sonnenstrahlen bei einem leckeren Getr\u00e4nk genie\u00dfen. Auf einer <a href=\"https:\/\/www.zurbrueggen.de\/garten\/gartenmoebel\/hollywoodschaukeln\/\">Hollywoodschaukel<\/a> kann dabei das Wellnessfeeling noch einmal besonders hervorgerufen werden. Optisch sowie auch Komfort-technisch begeistert uns die <a href=\"https:\/\/www.zurbrueggen.de\/ambia-garden-hollywoodschaukel-avila\/1237597\">Ambia Hollywoodschaukel AVILA<\/a>. Ihr Polsterdesign in Grau erh\u00e4lt durch den klaren Aufbau des schwarzen Metallgestells eine elegante Note und l\u00e4dt zum Tr\u00e4umen und Verweilen ein. F\u00fcr diejenigen, die etwas weniger Platz zur Verf\u00fcgung haben, sind <a href=\"https:\/\/www.zurbrueggen.de\/garten\/gartenmoebel\/haengematten-sessel\/\">H\u00e4ngematten und- Sessel<\/a> eine ideale L\u00f6sung. Sie bieten die M\u00f6glichkeit zum Entspannen an, jedoch sind sie die platzsparende Variante, welche man problemlos auf die Veranda oder den Balkon stellen kann. Ein echter Trendsetter der Kategorie ist der <a href=\"https:\/\/www.zurbrueggen.de\/ambia-garden-haengesessel-panama\/1145204\">Ambia H\u00e4ngesessel PANAMA<\/a>. Sein stilistischer Look passt zu jedem Einrichtungsgeschmack. Wer jedoch lieber liegen und seine Beine ablegen sowie ausstrecken m\u00f6chte, dem kommt eine <a href=\"https:\/\/www.zurbrueggen.de\/garten\/gartenmoebel\/gartenliegen\/\">Gartenliege<\/a> zugute.<\/span><\/p>\n<p>&nbsp;<\/p>\n<figure id=\"attachment_7156\" aria-describedby=\"caption-attachment-7156\" style=\"width: 1200px\" class=\"wp-caption aligncenter\"><a href=\"https:\/\/www.zurbrueggen.de\/voleo-schuhschrank-3-tuerig-yes\/1250605\"><img loading=\"lazy\" decoding=\"async\" class=\"size-full wp-image-7156\" src=\"https:\/\/www.zurbrueggen.de\/magazin\/wp-content\/uploads\/2023\/05\/bc6af0f9-45f5-41ec-af08-aee47a8632e6.jpg\" alt=\"\" width=\"1200\" height=\"675\" \/><\/a><figcaption id=\"caption-attachment-7156\" class=\"wp-caption-text\">F\u00fcr lange Sommerabende: Ambia Garden Gartentischgruppe SAN LEONE<\/figcaption><\/figure>\n<h5 style=\"text-align: left; padding-left: 150px;\">Abgerundet durch die richtigen Accessoires<\/h5>\n<p><span class=\"fliesstext\" style=\"font-family: Roboto, sans-serif; font-size: 16px; line-height: 24px; font-weight: 400;\"> Ihr merkt, die Auswahl ist einfach riesig. Von Gartenm\u00f6bel-Sets \u00fcber einzelne <a href=\"https:\/\/www.zurbrueggen.de\/garten\/gartenmoebel\/gartenstuehle\/\">Gartenst\u00fchle<\/a> bis hin zu <a href=\"https:\/\/www.zurbrueggen.de\/garten\/gartenmoebel\/gartenbaenke\/\">Gartenb\u00e4nken<\/a> und <a href=\"https:\/\/www.zurbrueggen.de\/garten\/gartenmoebel\/gartentische\/\">Gartentischen<\/a>. Hat man sich einmal entschieden und die ausgesuchten M\u00f6belst\u00fccke sind aufgebaut, kann man diese wunderbar dekorieren. <a href=\"https:\/\/www.zurbrueggen.de\/deko-textil\/textilien\/kissen-huellen\/dekokissen\/\">Deko-Kissen<\/a> und kuschlige <a href=\"https:\/\/www.zurbrueggen.de\/deko-textil\/textilien\/tages-wolldecken\/tagesdecken\/\">Tagesdecken<\/a> perfektionieren den wohligen Charakter und verleihen an l\u00e4ngeren Sommerabenden drau\u00dfen eine langanhaltende W\u00e4rme. Diese kann man jedoch auch mit einem <a href=\"https:\/\/www.zurbrueggen.de\/garten\/gartenaccessoires\/grills-zubehoer\/gaskamine\/\">Gaskamin<\/a> erzeugen. Um sich auf der Kehrseite vor W\u00e4rme und Sonne etwas zu sch\u00fctzen, sollte man eine Anschaffung eines <a href=\"https:\/\/www.zurbrueggen.de\/garten\/sonnen-sichtschutz\/\">Sonnenschutzes<\/a> \u00fcberdenken. <a href=\"https:\/\/www.zurbrueggen.de\/garten\/sonnen-sichtschutz\/sonnenschirme\/\">Sonnenschirme<\/a> und <a href=\"https:\/\/www.zurbrueggen.de\/garten\/sonnen-sichtschutz\/pavillions\/\">Pavillons<\/a> gibt es in jeglichen Farben, Formen und Gr\u00f6\u00dfen. Um an langen Abenden im Garten im Dunkeln nicht vom Weg abzukommen, kann man diesen wunderbar mit <a href=\"https:\/\/www.zurbrueggen.de\/garten\/aussenleuchten\/wege-pollerleuchten\/\">Wege- und Pollerleuchten<\/a> ausstatten. Um der Gestaltung den letzten Schliff zu verleihen, kann man seine gr\u00fcnen Lieblinge durch <a href=\"https:\/\/www.zurbrueggen.de\/moebel\/wohnzimmer\/wohnzimmertische\/blumenstaender\/\">Blumens\u00e4ulen<\/a> speziell in Szene setzen. F\u00fcr weitere Inspirationen schaut gerne in unserem Onlineshop oder in einem unserer Einrichtungsh\u00e4user vorbei! <\/span><\/p>\n<p>&nbsp;<\/p>\n<p><a href=\"https:\/\/www.zurbrueggen.de\/garten\/\"><img loading=\"lazy\" decoding=\"async\" class=\"aligncenter size-full wp-image-7164\" src=\"https:\/\/www.zurbrueggen.de\/magazin\/wp-content\/uploads\/2023\/05\/7e16f498-5f48-4afc-a769-5aa26eba17c8.jpg\" alt=\"\" width=\"750\" height=\"320\" \/><\/a><\/p>\n","protected":false},"excerpt":{"rendered":"<p>Die Wolken werden weniger und der graue Ton des Winters verblasst langsam. Die Tage werden l\u00e4nger und die Sonne strahlt immer mehr. Zeit, um euren Terrassen, Balkonen oder G\u00e4rten einen frischen Look zu verpassen und damit die zur\u00fcckgewonnenen Sonnentage optimal nutzen zu k\u00f6nnen. Wir haben in diesem Beitrag sch\u00f6ne Ideen der Gestaltung f\u00fcr drau\u00dfen zusammengefasst. [&hellip;]<\/p>\n","protected":false},"author":27,"featured_media":7261,"comment_status":"open","ping_status":"open","sticky":false,"template":"","format":"gallery","meta":{"_acf_changed":false,"footnotes":""},"categories":[32,27],"tags":[1265,1188,1146,1266,1171,1172,1176,1206,1173,1270,1190,1178,1114,1187,1186,1276],"class_list":["post-7256","post","type-post","status-publish","format-gallery","has-post-thumbnail","hentry","category-trend","category-trends-und-wissen","tag-1265","tag-dekoration","tag-einrichtung","tag-einrichtungsideen","tag-einrichtungstrends","tag-garten","tag-gartenlounge","tag-gartenmoebel","tag-gartentrends","tag-inneneinrichtung","tag-moebel","tag-outdoor","tag-stil","tag-trend","tag-trends","tag-wohnaccessoires","post_format-post-format-gallery"],"acf":[],"yoast_head":"<!-- This site is optimized with the Yoast SEO plugin v27.4 - https:\/\/yoast.com\/product\/yoast-seo-wordpress\/ -->\n<title>Gartentrends Saison 2023: Fr\u00fchlingszeit ist Gartenzeit<\/title>\n<meta name=\"description\" content=\"Es wird wieder Zeit, um euren Outdoorbereich einen frischen Look zu verpassen. Wir haben in diesem Beitrag die Gartentrends 2023 zusammengefasst.\" \/>\n<meta name=\"robots\" content=\"index, follow, max-snippet:-1, max-image-preview:large, max-video-preview:-1\" \/>\n<link rel=\"canonical\" href=\"https:\/\/www.zurbrueggen.de\/magazin\/gartentrends-saison-2023\/\" \/>\n<meta property=\"og:locale\" content=\"de_DE\" \/>\n<meta property=\"og:type\" content=\"article\" \/>\n<meta property=\"og:title\" content=\"Gartentrends - Saison 2023: Fr\u00fchlingszeit ist Gartenzeit\" \/>\n<meta property=\"og:description\" content=\"Es wird wieder Zeit, um euren Outdoorbereich einen frischen Look zu verpassen. Wir haben in diesem Beitrag die Gartentrends 2023 zusammengefasst.\" \/>\n<meta property=\"og:url\" content=\"https:\/\/www.zurbrueggen.de\/magazin\/gartentrends-saison-2023\/\" \/>\n<meta property=\"og:site_name\" content=\"Zurbr\u00fcggen magazin\" \/>\n<meta property=\"article:publisher\" content=\"https:\/\/facebook.com\/zurbrueggen\" \/>\n<meta property=\"article:published_time\" content=\"2023-05-24T06:52:26+00:00\" \/>\n<meta property=\"article:modified_time\" content=\"2024-01-11T15:44:53+00:00\" \/>\n<meta property=\"og:image\" content=\"https:\/\/www.zurbrueggen.de\/magazin\/wp-content\/uploads\/2023\/05\/2aaad39e-25a3-4801-ac5c-94e6104ae0a7.jpeg\" \/>\n\t<meta property=\"og:image:width\" content=\"1200\" \/>\n\t<meta property=\"og:image:height\" content=\"675\" \/>\n\t<meta property=\"og:image:type\" content=\"image\/jpeg\" \/>\n<meta name=\"author\" content=\"Julia Paschen\" \/>\n<script type=\"application\/ld+json\" class=\"yoast-schema-graph\">{\"@context\":\"https:\\\/\\\/schema.org\",\"@graph\":[{\"@type\":\"Article\",\"@id\":\"https:\\\/\\\/www.zurbrueggen.de\\\/magazin\\\/gartentrends-saison-2023\\\/#article\",\"isPartOf\":{\"@id\":\"https:\\\/\\\/www.zurbrueggen.de\\\/magazin\\\/gartentrends-saison-2023\\\/\"},\"author\":{\"name\":\"Julia Paschen\",\"@id\":\"https:\\\/\\\/www.zurbrueggen.de\\\/magazin\\\/#\\\/schema\\\/person\\\/5596ed176b1851c47a00e32190fbd9e8\"},\"headline\":\"Gartentrends &#8211; Saison 2023\",\"datePublished\":\"2023-05-24T06:52:26+00:00\",\"dateModified\":\"2024-01-11T15:44:53+00:00\",\"mainEntityOfPage\":{\"@id\":\"https:\\\/\\\/www.zurbrueggen.de\\\/magazin\\\/gartentrends-saison-2023\\\/\"},\"wordCount\":746,\"commentCount\":0,\"publisher\":{\"@id\":\"https:\\\/\\\/www.zurbrueggen.de\\\/magazin\\\/#organization\"},\"image\":{\"@id\":\"https:\\\/\\\/www.zurbrueggen.de\\\/magazin\\\/gartentrends-saison-2023\\\/#primaryimage\"},\"thumbnailUrl\":\"https:\\\/\\\/www.zurbrueggen.de\\\/magazin\\\/wp-content\\\/uploads\\\/2023\\\/05\\\/2aaad39e-25a3-4801-ac5c-94e6104ae0a7.jpeg\",\"keywords\":[\"2023\",\"Dekoration\",\"Einrichtung\",\"Einrichtungsideen\",\"Einrichtungstrends\",\"Garten\",\"Gartenlounge\",\"Gartenm\u00f6bel\",\"Gartentrends\",\"Inneneinrichtung\",\"M\u00f6bel\",\"Outdoor\",\"Stil\",\"Trend\",\"Trends\",\"Wohnaccessoires\"],\"articleSection\":[\"trend\",\"Trends &amp; Wissen\"],\"inLanguage\":\"de\",\"potentialAction\":[{\"@type\":\"CommentAction\",\"name\":\"Comment\",\"target\":[\"https:\\\/\\\/www.zurbrueggen.de\\\/magazin\\\/gartentrends-saison-2023\\\/#respond\"]}]},{\"@type\":\"WebPage\",\"@id\":\"https:\\\/\\\/www.zurbrueggen.de\\\/magazin\\\/gartentrends-saison-2023\\\/\",\"url\":\"https:\\\/\\\/www.zurbrueggen.de\\\/magazin\\\/gartentrends-saison-2023\\\/\",\"name\":\"Gartentrends Saison 2023: Fr\u00fchlingszeit ist Gartenzeit\",\"isPartOf\":{\"@id\":\"https:\\\/\\\/www.zurbrueggen.de\\\/magazin\\\/#website\"},\"primaryImageOfPage\":{\"@id\":\"https:\\\/\\\/www.zurbrueggen.de\\\/magazin\\\/gartentrends-saison-2023\\\/#primaryimage\"},\"image\":{\"@id\":\"https:\\\/\\\/www.zurbrueggen.de\\\/magazin\\\/gartentrends-saison-2023\\\/#primaryimage\"},\"thumbnailUrl\":\"https:\\\/\\\/www.zurbrueggen.de\\\/magazin\\\/wp-content\\\/uploads\\\/2023\\\/05\\\/2aaad39e-25a3-4801-ac5c-94e6104ae0a7.jpeg\",\"datePublished\":\"2023-05-24T06:52:26+00:00\",\"dateModified\":\"2024-01-11T15:44:53+00:00\",\"description\":\"Es wird wieder Zeit, um euren Outdoorbereich einen frischen Look zu verpassen. Wir haben in diesem Beitrag die Gartentrends 2023 zusammengefasst.\",\"breadcrumb\":{\"@id\":\"https:\\\/\\\/www.zurbrueggen.de\\\/magazin\\\/gartentrends-saison-2023\\\/#breadcrumb\"},\"inLanguage\":\"de\",\"potentialAction\":[{\"@type\":\"ReadAction\",\"target\":[\"https:\\\/\\\/www.zurbrueggen.de\\\/magazin\\\/gartentrends-saison-2023\\\/\"]}]},{\"@type\":\"ImageObject\",\"inLanguage\":\"de\",\"@id\":\"https:\\\/\\\/www.zurbrueggen.de\\\/magazin\\\/gartentrends-saison-2023\\\/#primaryimage\",\"url\":\"https:\\\/\\\/www.zurbrueggen.de\\\/magazin\\\/wp-content\\\/uploads\\\/2023\\\/05\\\/2aaad39e-25a3-4801-ac5c-94e6104ae0a7.jpeg\",\"contentUrl\":\"https:\\\/\\\/www.zurbrueggen.de\\\/magazin\\\/wp-content\\\/uploads\\\/2023\\\/05\\\/2aaad39e-25a3-4801-ac5c-94e6104ae0a7.jpeg\",\"width\":1200,\"height\":675},{\"@type\":\"BreadcrumbList\",\"@id\":\"https:\\\/\\\/www.zurbrueggen.de\\\/magazin\\\/gartentrends-saison-2023\\\/#breadcrumb\",\"itemListElement\":[{\"@type\":\"ListItem\",\"position\":1,\"name\":\"Startseite\",\"item\":\"https:\\\/\\\/www.zurbrueggen.de\\\/magazin\\\/\"},{\"@type\":\"ListItem\",\"position\":2,\"name\":\"Gartentrends &#8211; Saison 2023\"}]},{\"@type\":\"WebSite\",\"@id\":\"https:\\\/\\\/www.zurbrueggen.de\\\/magazin\\\/#website\",\"url\":\"https:\\\/\\\/www.zurbrueggen.de\\\/magazin\\\/\",\"name\":\"Zurbr\u00fcggen magazin\",\"description\":\"DESIGN \u2022 STYLE \u2022 LIVING\",\"publisher\":{\"@id\":\"https:\\\/\\\/www.zurbrueggen.de\\\/magazin\\\/#organization\"},\"potentialAction\":[{\"@type\":\"SearchAction\",\"target\":{\"@type\":\"EntryPoint\",\"urlTemplate\":\"https:\\\/\\\/www.zurbrueggen.de\\\/magazin\\\/?s={search_term_string}\"},\"query-input\":{\"@type\":\"PropertyValueSpecification\",\"valueRequired\":true,\"valueName\":\"search_term_string\"}}],\"inLanguage\":\"de\"},{\"@type\":\"Organization\",\"@id\":\"https:\\\/\\\/www.zurbrueggen.de\\\/magazin\\\/#organization\",\"name\":\"Zurbr\u00fcggen Wohn-Zentrum GmbH\",\"url\":\"https:\\\/\\\/www.zurbrueggen.de\\\/magazin\\\/\",\"logo\":{\"@type\":\"ImageObject\",\"inLanguage\":\"de\",\"@id\":\"https:\\\/\\\/www.zurbrueggen.de\\\/magazin\\\/#\\\/schema\\\/logo\\\/image\\\/\",\"url\":\"https:\\\/\\\/www.zurbrueggen.de\\\/magazin\\\/wp-content\\\/uploads\\\/2016\\\/07\\\/logo_zurbrueggen.png\",\"contentUrl\":\"https:\\\/\\\/www.zurbrueggen.de\\\/magazin\\\/wp-content\\\/uploads\\\/2016\\\/07\\\/logo_zurbrueggen.png\",\"width\":400,\"height\":107,\"caption\":\"Zurbr\u00fcggen Wohn-Zentrum GmbH\"},\"image\":{\"@id\":\"https:\\\/\\\/www.zurbrueggen.de\\\/magazin\\\/#\\\/schema\\\/logo\\\/image\\\/\"},\"sameAs\":[\"https:\\\/\\\/facebook.com\\\/zurbrueggen\",\"https:\\\/\\\/x.com\\\/Zurbrueggen\"]},{\"@type\":\"Person\",\"@id\":\"https:\\\/\\\/www.zurbrueggen.de\\\/magazin\\\/#\\\/schema\\\/person\\\/5596ed176b1851c47a00e32190fbd9e8\",\"name\":\"Julia Paschen\",\"image\":{\"@type\":\"ImageObject\",\"inLanguage\":\"de\",\"@id\":\"https:\\\/\\\/secure.gravatar.com\\\/avatar\\\/000d1f6af0d913dc11958dffa0a2a27e1ec646f1fd674334902659ca07ac9752?s=96&d=mm&r=g\",\"url\":\"https:\\\/\\\/secure.gravatar.com\\\/avatar\\\/000d1f6af0d913dc11958dffa0a2a27e1ec646f1fd674334902659ca07ac9752?s=96&d=mm&r=g\",\"contentUrl\":\"https:\\\/\\\/secure.gravatar.com\\\/avatar\\\/000d1f6af0d913dc11958dffa0a2a27e1ec646f1fd674334902659ca07ac9752?s=96&d=mm&r=g\",\"caption\":\"Julia Paschen\"},\"url\":\"https:\\\/\\\/www.zurbrueggen.de\\\/magazin\\\/author\\\/j_paschen\\\/\"}]}<\/script>\n<!-- \/ Yoast SEO plugin. -->","yoast_head_json":{"title":"Gartentrends Saison 2023: Fr\u00fchlingszeit ist Gartenzeit","description":"Es wird wieder Zeit, um euren Outdoorbereich einen frischen Look zu verpassen. Wir haben in diesem Beitrag die Gartentrends 2023 zusammengefasst.","robots":{"index":"index","follow":"follow","max-snippet":"max-snippet:-1","max-image-preview":"max-image-preview:large","max-video-preview":"max-video-preview:-1"},"canonical":"https:\/\/www.zurbrueggen.de\/magazin\/gartentrends-saison-2023\/","og_locale":"de_DE","og_type":"article","og_title":"Gartentrends - Saison 2023: Fr\u00fchlingszeit ist Gartenzeit","og_description":"Es wird wieder Zeit, um euren Outdoorbereich einen frischen Look zu verpassen. Wir haben in diesem Beitrag die Gartentrends 2023 zusammengefasst.","og_url":"https:\/\/www.zurbrueggen.de\/magazin\/gartentrends-saison-2023\/","og_site_name":"Zurbr\u00fcggen magazin","article_publisher":"https:\/\/facebook.com\/zurbrueggen","article_published_time":"2023-05-24T06:52:26+00:00","article_modified_time":"2024-01-11T15:44:53+00:00","og_image":[{"width":1200,"height":675,"url":"https:\/\/www.zurbrueggen.de\/magazin\/wp-content\/uploads\/2023\/05\/2aaad39e-25a3-4801-ac5c-94e6104ae0a7.jpeg","type":"image\/jpeg"}],"author":"Julia Paschen","schema":{"@context":"https:\/\/schema.org","@graph":[{"@type":"Article","@id":"https:\/\/www.zurbrueggen.de\/magazin\/gartentrends-saison-2023\/#article","isPartOf":{"@id":"https:\/\/www.zurbrueggen.de\/magazin\/gartentrends-saison-2023\/"},"author":{"name":"Julia Paschen","@id":"https:\/\/www.zurbrueggen.de\/magazin\/#\/schema\/person\/5596ed176b1851c47a00e32190fbd9e8"},"headline":"Gartentrends &#8211; Saison 2023","datePublished":"2023-05-24T06:52:26+00:00","dateModified":"2024-01-11T15:44:53+00:00","mainEntityOfPage":{"@id":"https:\/\/www.zurbrueggen.de\/magazin\/gartentrends-saison-2023\/"},"wordCount":746,"commentCount":0,"publisher":{"@id":"https:\/\/www.zurbrueggen.de\/magazin\/#organization"},"image":{"@id":"https:\/\/www.zurbrueggen.de\/magazin\/gartentrends-saison-2023\/#primaryimage"},"thumbnailUrl":"https:\/\/www.zurbrueggen.de\/magazin\/wp-content\/uploads\/2023\/05\/2aaad39e-25a3-4801-ac5c-94e6104ae0a7.jpeg","keywords":["2023","Dekoration","Einrichtung","Einrichtungsideen","Einrichtungstrends","Garten","Gartenlounge","Gartenm\u00f6bel","Gartentrends","Inneneinrichtung","M\u00f6bel","Outdoor","Stil","Trend","Trends","Wohnaccessoires"],"articleSection":["trend","Trends &amp; Wissen"],"inLanguage":"de","potentialAction":[{"@type":"CommentAction","name":"Comment","target":["https:\/\/www.zurbrueggen.de\/magazin\/gartentrends-saison-2023\/#respond"]}]},{"@type":"WebPage","@id":"https:\/\/www.zurbrueggen.de\/magazin\/gartentrends-saison-2023\/","url":"https:\/\/www.zurbrueggen.de\/magazin\/gartentrends-saison-2023\/","name":"Gartentrends Saison 2023: Fr\u00fchlingszeit ist Gartenzeit","isPartOf":{"@id":"https:\/\/www.zurbrueggen.de\/magazin\/#website"},"primaryImageOfPage":{"@id":"https:\/\/www.zurbrueggen.de\/magazin\/gartentrends-saison-2023\/#primaryimage"},"image":{"@id":"https:\/\/www.zurbrueggen.de\/magazin\/gartentrends-saison-2023\/#primaryimage"},"thumbnailUrl":"https:\/\/www.zurbrueggen.de\/magazin\/wp-content\/uploads\/2023\/05\/2aaad39e-25a3-4801-ac5c-94e6104ae0a7.jpeg","datePublished":"2023-05-24T06:52:26+00:00","dateModified":"2024-01-11T15:44:53+00:00","description":"Es wird wieder Zeit, um euren Outdoorbereich einen frischen Look zu verpassen. Wir haben in diesem Beitrag die Gartentrends 2023 zusammengefasst.","breadcrumb":{"@id":"https:\/\/www.zurbrueggen.de\/magazin\/gartentrends-saison-2023\/#breadcrumb"},"inLanguage":"de","potentialAction":[{"@type":"ReadAction","target":["https:\/\/www.zurbrueggen.de\/magazin\/gartentrends-saison-2023\/"]}]},{"@type":"ImageObject","inLanguage":"de","@id":"https:\/\/www.zurbrueggen.de\/magazin\/gartentrends-saison-2023\/#primaryimage","url":"https:\/\/www.zurbrueggen.de\/magazin\/wp-content\/uploads\/2023\/05\/2aaad39e-25a3-4801-ac5c-94e6104ae0a7.jpeg","contentUrl":"https:\/\/www.zurbrueggen.de\/magazin\/wp-content\/uploads\/2023\/05\/2aaad39e-25a3-4801-ac5c-94e6104ae0a7.jpeg","width":1200,"height":675},{"@type":"BreadcrumbList","@id":"https:\/\/www.zurbrueggen.de\/magazin\/gartentrends-saison-2023\/#breadcrumb","itemListElement":[{"@type":"ListItem","position":1,"name":"Startseite","item":"https:\/\/www.zurbrueggen.de\/magazin\/"},{"@type":"ListItem","position":2,"name":"Gartentrends &#8211; Saison 2023"}]},{"@type":"WebSite","@id":"https:\/\/www.zurbrueggen.de\/magazin\/#website","url":"https:\/\/www.zurbrueggen.de\/magazin\/","name":"Zurbr\u00fcggen magazin","description":"DESIGN \u2022 STYLE \u2022 LIVING","publisher":{"@id":"https:\/\/www.zurbrueggen.de\/magazin\/#organization"},"potentialAction":[{"@type":"SearchAction","target":{"@type":"EntryPoint","urlTemplate":"https:\/\/www.zurbrueggen.de\/magazin\/?s={search_term_string}"},"query-input":{"@type":"PropertyValueSpecification","valueRequired":true,"valueName":"search_term_string"}}],"inLanguage":"de"},{"@type":"Organization","@id":"https:\/\/www.zurbrueggen.de\/magazin\/#organization","name":"Zurbr\u00fcggen Wohn-Zentrum GmbH","url":"https:\/\/www.zurbrueggen.de\/magazin\/","logo":{"@type":"ImageObject","inLanguage":"de","@id":"https:\/\/www.zurbrueggen.de\/magazin\/#\/schema\/logo\/image\/","url":"https:\/\/www.zurbrueggen.de\/magazin\/wp-content\/uploads\/2016\/07\/logo_zurbrueggen.png","contentUrl":"https:\/\/www.zurbrueggen.de\/magazin\/wp-content\/uploads\/2016\/07\/logo_zurbrueggen.png","width":400,"height":107,"caption":"Zurbr\u00fcggen Wohn-Zentrum GmbH"},"image":{"@id":"https:\/\/www.zurbrueggen.de\/magazin\/#\/schema\/logo\/image\/"},"sameAs":["https:\/\/facebook.com\/zurbrueggen","https:\/\/x.com\/Zurbrueggen"]},{"@type":"Person","@id":"https:\/\/www.zurbrueggen.de\/magazin\/#\/schema\/person\/5596ed176b1851c47a00e32190fbd9e8","name":"Julia Paschen","image":{"@type":"ImageObject","inLanguage":"de","@id":"https:\/\/secure.gravatar.com\/avatar\/000d1f6af0d913dc11958dffa0a2a27e1ec646f1fd674334902659ca07ac9752?s=96&d=mm&r=g","url":"https:\/\/secure.gravatar.com\/avatar\/000d1f6af0d913dc11958dffa0a2a27e1ec646f1fd674334902659ca07ac9752?s=96&d=mm&r=g","contentUrl":"https:\/\/secure.gravatar.com\/avatar\/000d1f6af0d913dc11958dffa0a2a27e1ec646f1fd674334902659ca07ac9752?s=96&d=mm&r=g","caption":"Julia Paschen"},"url":"https:\/\/www.zurbrueggen.de\/magazin\/author\/j_paschen\/"}]}},"_links":{"self":[{"href":"https:\/\/www.zurbrueggen.de\/magazin\/wp-json\/wp\/v2\/posts\/7256","targetHints":{"allow":["GET"]}}],"collection":[{"href":"https:\/\/www.zurbrueggen.de\/magazin\/wp-json\/wp\/v2\/posts"}],"about":[{"href":"https:\/\/www.zurbrueggen.de\/magazin\/wp-json\/wp\/v2\/types\/post"}],"author":[{"embeddable":true,"href":"https:\/\/www.zurbrueggen.de\/magazin\/wp-json\/wp\/v2\/users\/27"}],"replies":[{"embeddable":true,"href":"https:\/\/www.zurbrueggen.de\/magazin\/wp-json\/wp\/v2\/comments?post=7256"}],"version-history":[{"count":16,"href":"https:\/\/www.zurbrueggen.de\/magazin\/wp-json\/wp\/v2\/posts\/7256\/revisions"}],"predecessor-version":[{"id":7825,"href":"https:\/\/www.zurbrueggen.de\/magazin\/wp-json\/wp\/v2\/posts\/7256\/revisions\/7825"}],"wp:featuredmedia":[{"embeddable":true,"href":"https:\/\/www.zurbrueggen.de\/magazin\/wp-json\/wp\/v2\/media\/7261"}],"wp:attachment":[{"href":"https:\/\/www.zurbrueggen.de\/magazin\/wp-json\/wp\/v2\/media?parent=7256"}],"wp:term":[{"taxonomy":"category","embeddable":true,"href":"https:\/\/www.zurbrueggen.de\/magazin\/wp-json\/wp\/v2\/categories?post=7256"},{"taxonomy":"post_tag","embeddable":true,"href":"https:\/\/www.zurbrueggen.de\/magazin\/wp-json\/wp\/v2\/tags?post=7256"}],"curies":[{"name":"wp","href":"https:\/\/api.w.org\/{rel}","templated":true}]}}