{"id":7085,"date":"2023-02-15T16:20:30","date_gmt":"2023-02-15T15:20:30","guid":{"rendered":"https:\/\/www.zurbrueggen.de\/magazin\/?p=7085"},"modified":"2024-01-11T15:42:58","modified_gmt":"2024-01-11T14:42:58","slug":"sofa-trends-2023","status":"publish","type":"post","link":"https:\/\/www.zurbrueggen.de\/magazin\/sofa-trends-2023\/","title":{"rendered":"Sofa Trends 2023"},"content":{"rendered":"<div class=\"mceTemp\"><\/div>\n<p><span class=\"vorschau\" style=\"font-family: 'Roboto Slab'; font-size: 22px; line-height: 34px; font-weight: 300; margin-top: 40px;\">Das kommende Jahr beinhaltet einige neue Trends. Dazu geh\u00f6rt auch das Herzst\u00fcck eines jeden Wohnzimmers: das Sofa. Individualit\u00e4t, Maximierung im Design und Kontraste sind die Schlagw\u00f6rter, wenn es um die Trendsofas 2023 geht. Wir stellen euch hier einige davon vor.<\/span><\/p>\n<p><!--more--><\/p>\n<p>&nbsp;<\/p>\n<figure id=\"attachment_7091\" aria-describedby=\"caption-attachment-7091\" style=\"width: 1200px\" class=\"wp-caption alignnone\"><a href=\"https:\/\/www.zurbrueggen.de\/z2-funktionssofa-ponte\/1311360\"><img loading=\"lazy\" decoding=\"async\" src=\"https:\/\/www.zurbrueggen.de\/magazin\/wp-content\/uploads\/2023\/02\/magazin-beitragsbild-2-cta-m-sofa-trends-2023.jpg\" alt=\"\" width=\"1200\" height=\"675\" class=\"size-full wp-image-7091\" srcset=\"https:\/\/www.zurbrueggen.de\/magazin\/wp-content\/uploads\/2023\/02\/magazin-beitragsbild-2-cta-m-sofa-trends-2023.jpg 1200w, https:\/\/www.zurbrueggen.de\/magazin\/wp-content\/uploads\/2023\/02\/magazin-beitragsbild-2-cta-m-sofa-trends-2023-300x169.jpg 300w, https:\/\/www.zurbrueggen.de\/magazin\/wp-content\/uploads\/2023\/02\/magazin-beitragsbild-2-cta-m-sofa-trends-2023-1024x576.jpg 1024w, https:\/\/www.zurbrueggen.de\/magazin\/wp-content\/uploads\/2023\/02\/magazin-beitragsbild-2-cta-m-sofa-trends-2023-768x432.jpg 768w, https:\/\/www.zurbrueggen.de\/magazin\/wp-content\/uploads\/2023\/02\/magazin-beitragsbild-2-cta-m-sofa-trends-2023-665x374.jpg 665w, https:\/\/www.zurbrueggen.de\/magazin\/wp-content\/uploads\/2023\/02\/magazin-beitragsbild-2-cta-m-sofa-trends-2023-462x260.jpg 462w\" sizes=\"auto, (max-width: 1200px) 100vw, 1200px\" \/><\/a><figcaption id=\"caption-attachment-7091\" class=\"wp-caption-text\">Sitzen wie auf Wolken: Z2 Sofa Ponte<\/figcaption><\/figure>\n<h5 style=\"text-align: left; padding-left: 120px;\">Kreativit\u00e4t und Design-Maximierung <\/h5>\n<p><span class=\"fliesstext\" style=\"font-family: Roboto, sans-serif; font-size: 16px; line-height: 24px; font-weight: 400;\">In diesem Jahr lassen die Designer ihrer Kreativit\u00e4t sehr viel freien Raum. Sch\u00f6n f\u00fcr uns, denn wir d\u00fcrfen uns letztendlich an diesen schicken Eyecatchern in unseren <a href=\"https:\/\/www.zurbrueggen.de\/moebel\/wohnzimmer\/\">Wohnzimmern<\/a> erfreuen. Dabei findet man h\u00e4ufig verschiedene organische Formen und runde Polsterungen. Filigrane N\u00e4hte trennen die Polster voneinander und heben diese optisch nochmal hervor. Dadurch erinnern sie ein wenig an die Form von Wolken am Himmel. Dicke, aber dennoch weiche Polsterung ist das Markenzeichen dieser <a href=\"https:\/\/www.zurbrueggen.de\/moebel\/wohnzimmer\/sofa-couch\/\">Sofas und Couches<\/a>. Im Gegensatz zu <a href=\"https:\/\/www.zurbrueggen.de\/moebel\/wohnzimmer\/sofa-couch\/wohnlandschaften\/\">Wohnlandschaften<\/a> mit einfachen Formen, wirken diese hier wie wahrhaftige Kunstwerke.<\/span><\/p>\n<p>&nbsp;<\/p>\n<figure id=\"attachment_7096\" aria-describedby=\"caption-attachment-7096\" style=\"width: 1200px\" class=\"wp-caption alignnone\"><a href=\"https:\/\/www.zurbrueggen.de\/moderano-polsterrundecke-iowa\/1315645\"><img loading=\"lazy\" decoding=\"async\" src=\"https:\/\/www.zurbrueggen.de\/magazin\/wp-content\/uploads\/2023\/02\/magazin-beitragsbild-3-cta-m-sofa-trends-2023.jpg\" alt=\"\" width=\"1200\" height=\"675\" class=\"size-full wp-image-7096\" srcset=\"https:\/\/www.zurbrueggen.de\/magazin\/wp-content\/uploads\/2023\/02\/magazin-beitragsbild-3-cta-m-sofa-trends-2023.jpg 1200w, https:\/\/www.zurbrueggen.de\/magazin\/wp-content\/uploads\/2023\/02\/magazin-beitragsbild-3-cta-m-sofa-trends-2023-300x169.jpg 300w, https:\/\/www.zurbrueggen.de\/magazin\/wp-content\/uploads\/2023\/02\/magazin-beitragsbild-3-cta-m-sofa-trends-2023-1024x576.jpg 1024w, https:\/\/www.zurbrueggen.de\/magazin\/wp-content\/uploads\/2023\/02\/magazin-beitragsbild-3-cta-m-sofa-trends-2023-768x432.jpg 768w, https:\/\/www.zurbrueggen.de\/magazin\/wp-content\/uploads\/2023\/02\/magazin-beitragsbild-3-cta-m-sofa-trends-2023-665x374.jpg 665w, https:\/\/www.zurbrueggen.de\/magazin\/wp-content\/uploads\/2023\/02\/magazin-beitragsbild-3-cta-m-sofa-trends-2023-462x260.jpg 462w\" sizes=\"auto, (max-width: 1200px) 100vw, 1200px\" \/><\/a><figcaption id=\"caption-attachment-7096\" class=\"wp-caption-text\">Stilvolle Metallakzente: Polsterrundecke Iowa<\/figcaption><\/figure>\n<h5 style=\"text-align: left; padding-left: 120px;\">Metallrahmen und Industrial-Style<\/h5>\n<p><span class=\"fliesstext\" style=\"font-family: Roboto, sans-serif; font-size: 16px; line-height: 24px; font-weight: 400;\">Weg vom weichen Wolken-Style, haben die Designer noch etwas anderes f\u00fcr euer <a href=\"https:\/\/www.zurbrueggen.de\/moebel\/wohnzimmer\/\">Wohnzimmer<\/a> im Petto. Der Industrial-Style bew\u00e4hrt sich wieder mal als hoch modern, in jeglichen Farben, Formen und Ausf\u00fchrungen. Stilvoll designte Metallrahmen formen das Grundger\u00fcst f\u00fcr die Polsterung. Ob Gold, Metall, Messing, Silber, es ist f\u00fcr jeden etwas dabei. Vorteil: Durch ihre schlichte Art sind sie einfach zu bereits vorhandener Wohnzimmereinrichtung zu kombinieren. Wer den Look um einige <a href=\"https:\/\/www.zurbrueggen.de\/moebel\/\">M\u00f6bel<\/a> erweitern m\u00f6chte, findet bei uns passend dazu <a href=\"https:\/\/www.zurbrueggen.de\/moebel\/wohnzimmer\/kommoden-sideboards\/\">Kommoden und Sideboards<\/a>, <a href=\"https:\/\/www.zurbrueggen.de\/moebel\/wohnzimmer\/wohnzimmertische\/\">Wohnzimmertische<\/a> und Zubeh\u00f6r im Metallrahmen-Look. Kleine <a href=\"https:\/\/www.zurbrueggen.de\/moebel\/wohnzimmer\/regale\/wandregale\/\">Wandregale<\/a>, stimmige <a href=\"https:\/\/www.zurbrueggen.de\/moebel\/wohnzimmer\/sessel\/\">Sessel<\/a> oder <a href=\"https:\/\/www.zurbrueggen.de\/moebel\/wohnzimmer\/hocker\/\">Hocker<\/a> optimieren dann den Stil.<\/span><\/p>\n<p>&nbsp;<\/p>\n<figure id=\"attachment_7098\" aria-describedby=\"caption-attachment-7098\" style=\"width: 1200px\" class=\"wp-caption alignnone\"><a href=\"https:\/\/www.zurbrueggen.de\/stepone-rundecke-newport\/1285273\"><img loading=\"lazy\" decoding=\"async\" src=\"https:\/\/www.zurbrueggen.de\/magazin\/wp-content\/uploads\/2023\/02\/magazin-beitragsbild-5-cta-m-sofa-trends-2023.jpg\" alt=\"\" width=\"1200\" height=\"675\" class=\"size-full wp-image-7098\" srcset=\"https:\/\/www.zurbrueggen.de\/magazin\/wp-content\/uploads\/2023\/02\/magazin-beitragsbild-5-cta-m-sofa-trends-2023.jpg 1200w, https:\/\/www.zurbrueggen.de\/magazin\/wp-content\/uploads\/2023\/02\/magazin-beitragsbild-5-cta-m-sofa-trends-2023-300x169.jpg 300w, https:\/\/www.zurbrueggen.de\/magazin\/wp-content\/uploads\/2023\/02\/magazin-beitragsbild-5-cta-m-sofa-trends-2023-1024x576.jpg 1024w, https:\/\/www.zurbrueggen.de\/magazin\/wp-content\/uploads\/2023\/02\/magazin-beitragsbild-5-cta-m-sofa-trends-2023-768x432.jpg 768w, https:\/\/www.zurbrueggen.de\/magazin\/wp-content\/uploads\/2023\/02\/magazin-beitragsbild-5-cta-m-sofa-trends-2023-665x374.jpg 665w, https:\/\/www.zurbrueggen.de\/magazin\/wp-content\/uploads\/2023\/02\/magazin-beitragsbild-5-cta-m-sofa-trends-2023-462x260.jpg 462w\" sizes=\"auto, (max-width: 1200px) 100vw, 1200px\" \/><\/a><figcaption id=\"caption-attachment-7098\" class=\"wp-caption-text\">Herausstechende Farben: unsere Rundecke Newport<\/figcaption><\/figure>\n<h5 style=\"text-align: left; padding-left: 120px;\">Form und Gr\u00f6\u00dfe<\/h5>\n<p><span class=\"fliesstext\" style=\"font-family: Roboto, sans-serif; font-size: 16px; line-height: 24px; font-weight: 400;\">Die U-Form darf im neuen Jahr auf jeden Fall nicht bei den Sofa-Trends fehlen. Sie ist das Hauptmerkmal mancher Designer. Mit der besonderen Form stechen sie in der Wohnwelt heraus. Auch das XXL-Design liegt ist ein wahres Highlight. Polsterungen die mit viel Volumen wie aufgepumpt wirken, liegen im neuen Jahr im Trend des Polsterm\u00f6belbereichs. Wer es schlichter mag, f\u00fcr den kommt der Industrial-Stil eher in Frage. Die mit sichtbaren Gestellen ausgestatteten <a href=\"https:\/\/www.zurbrueggen.de\/moebel\/wohnzimmer\/sofa-couch\/\">Sofas<\/a> bleiben ihrer geradlinigen Form treu. Sie lassen sich ebenfalls perfekt in Szene setzen. Somit eignen sie sich f\u00fcr so gut wie jedes Wohnzimmer. Auch \u00fcber die Auswahl an Gr\u00f6\u00dfen muss man sich definitiv nicht streiten, denn ob als Familie oder Einzelperson, es findet jeder Platz. <\/span><\/p>\n<p>&nbsp;<\/p>\n<figure id=\"attachment_7099\" aria-describedby=\"caption-attachment-7099\" style=\"width: 1200px\" class=\"wp-caption alignnone\"><a href=\"https:\/\/www.zurbrueggen.de\/pure-home-lifestyle-eckkombination-pure-9123\/1315331\"><img loading=\"lazy\" decoding=\"async\" src=\"https:\/\/www.zurbrueggen.de\/magazin\/wp-content\/uploads\/2023\/02\/magazin-beitragsbild-4-cta-m-sofa-trends-2023.jpg\" alt=\"\" width=\"1200\" height=\"675\" class=\"size-full wp-image-7099\" srcset=\"https:\/\/www.zurbrueggen.de\/magazin\/wp-content\/uploads\/2023\/02\/magazin-beitragsbild-4-cta-m-sofa-trends-2023.jpg 1200w, https:\/\/www.zurbrueggen.de\/magazin\/wp-content\/uploads\/2023\/02\/magazin-beitragsbild-4-cta-m-sofa-trends-2023-300x169.jpg 300w, https:\/\/www.zurbrueggen.de\/magazin\/wp-content\/uploads\/2023\/02\/magazin-beitragsbild-4-cta-m-sofa-trends-2023-1024x576.jpg 1024w, https:\/\/www.zurbrueggen.de\/magazin\/wp-content\/uploads\/2023\/02\/magazin-beitragsbild-4-cta-m-sofa-trends-2023-768x432.jpg 768w, https:\/\/www.zurbrueggen.de\/magazin\/wp-content\/uploads\/2023\/02\/magazin-beitragsbild-4-cta-m-sofa-trends-2023-665x374.jpg 665w, https:\/\/www.zurbrueggen.de\/magazin\/wp-content\/uploads\/2023\/02\/magazin-beitragsbild-4-cta-m-sofa-trends-2023-462x260.jpg 462w\" sizes=\"auto, (max-width: 1200px) 100vw, 1200px\" \/><\/a><figcaption id=\"caption-attachment-7099\" class=\"wp-caption-text\">Cord als Dauertrend: die Pure Home Eckkombination 9123<\/figcaption><\/figure>\n<h5 style=\"text-align: left; padding-left: 120px;\">Stoffe, Muster und Farben<\/h5>\n<p><span class=\"fliesstext\" style=\"font-family: Roboto, sans-serif; font-size: 16px; line-height: 24px; font-weight: 400;\">Auch 2023 legen die Designer Wert auf die Nat\u00fcrlichkeit der Stoffe. Neutrale T\u00f6ne, wie Creme, bis zu Beige oder Taupe sind der Hit. Diese T\u00f6ne erhellen den Raum um einiges. Sie wirken strahlend und frisch. Die gro\u00dfe Auswahl an Gestaltungsm\u00f6glichkeiten ist ebenso ein wichtiger Aspekt. Daher sind Naturt\u00f6ne besonders kompatibel mit jeglichen anderen Farben, <a href=\"https:\/\/www.zurbrueggen.de\/deko-textil\/dekoration\/\">Dekoration<\/a> und Materialien. Beliebte Stoffe wie Cord, Samt und aufgeraute Oberfl\u00e4chen verleihen jedem Raum Behaglichkeit. Sie k\u00f6nnen genauso einfach zur Einrichtung kombiniert werden. Das Muster von Cord und aufgerauten Oberfl\u00e4chen verleitet gerade nur so dazu, sich wohlzuf\u00fchlen und l\u00e4nger auf der <a href=\"https:\/\/www.zurbrueggen.de\/moebel\/wohnzimmer\/sofa-couch\/\">Couch<\/a> zu verweilen. Au\u00dferdem sind sie auch eher schlichte Muster, die sich in Kombination mit anderen Mustern nicht bei\u00dfen. Noch nicht genug Eindr\u00fccke gesammelt? Kein Problem, wir haben noch einiges f\u00fcr euch auf Lager, wenn ihr durch unsere Erlebniswelten st\u00f6bert.<\/span><\/p>\n<p>&nbsp;<\/p>\n<p><a href=\"https:\/\/www.zurbrueggen.de\/moebel\/wohnzimmer\/sofa-couch\/\"><img loading=\"lazy\" decoding=\"async\" src=\"https:\/\/www.zurbrueggen.de\/magazin\/wp-content\/uploads\/2023\/02\/magazin-mobil-footer-sofa-trends-2023.jpg\" alt=\"\" width=\"750\" height=\"320\" class=\"aligncenter size-full wp-image-7103\" srcset=\"https:\/\/www.zurbrueggen.de\/magazin\/wp-content\/uploads\/2023\/02\/magazin-mobil-footer-sofa-trends-2023.jpg 750w, https:\/\/www.zurbrueggen.de\/magazin\/wp-content\/uploads\/2023\/02\/magazin-mobil-footer-sofa-trends-2023-300x128.jpg 300w, https:\/\/www.zurbrueggen.de\/magazin\/wp-content\/uploads\/2023\/02\/magazin-mobil-footer-sofa-trends-2023-665x284.jpg 665w, https:\/\/www.zurbrueggen.de\/magazin\/wp-content\/uploads\/2023\/02\/magazin-mobil-footer-sofa-trends-2023-609x260.jpg 609w\" sizes=\"auto, (max-width: 750px) 100vw, 750px\" \/><\/a><\/p>\n","protected":false},"excerpt":{"rendered":"<p>Das kommende Jahr beinhaltet einige neue Trends. Dazu geh\u00f6rt auch das Herzst\u00fcck eines jeden Wohnzimmers: das Sofa. Individualit\u00e4t, Maximierung im Design und Kontraste sind die Schlagw\u00f6rter, wenn es um die Trendsofas 2023 geht. Wir stellen euch hier einige davon vor.<\/p>\n","protected":false},"author":21,"featured_media":7086,"comment_status":"open","ping_status":"open","sticky":false,"template":"","format":"standard","meta":{"_acf_changed":false,"footnotes":""},"categories":[45,26],"tags":[1265,1148,1189,1188,1146,1171,1190,1121,1225,1147,1114,1187,1186,1145],"class_list":["post-7085","post","type-post","status-publish","format-standard","has-post-thumbnail","hentry","category-trend-einrichtung","category-wohnwelten","tag-1265","tag-couch","tag-deko","tag-dekoration","tag-einrichtung","tag-einrichtungstrends","tag-moebel","tag-platz","tag-schlafzimmer","tag-sofa","tag-stil","tag-trend","tag-trends","tag-wohnzimmer"],"acf":[],"yoast_head":"<!-- This site is optimized with the Yoast SEO plugin v27.4 - https:\/\/yoast.com\/product\/yoast-seo-wordpress\/ -->\n<title>Das Herzst\u00fcck des Wohnzimmers - Sofa Trends 2023<\/title>\n<meta name=\"description\" content=\"Individualit\u00e4t, Maximierung im Design und Kontraste sind die Schlagw\u00f6rter, wenn es um die Sofa Trends 2023 geht. Wir stellen euch hier einige davon vor.\" \/>\n<meta name=\"robots\" content=\"index, follow, max-snippet:-1, max-image-preview:large, max-video-preview:-1\" \/>\n<link rel=\"canonical\" href=\"https:\/\/www.zurbrueggen.de\/magazin\/sofa-trends-2023\/\" \/>\n<meta property=\"og:locale\" content=\"de_DE\" \/>\n<meta property=\"og:type\" content=\"article\" \/>\n<meta property=\"og:title\" content=\"Das Herzst\u00fcck des Wohnzimmers - Sofa Trends 2023\" \/>\n<meta property=\"og:description\" content=\"Individualit\u00e4t, Maximierung im Design und Kontraste sind die Schlagw\u00f6rter, wenn es um die Sofa Trends 2023 geht. Wir stellen euch hier einige davon vor.\" \/>\n<meta property=\"og:url\" content=\"https:\/\/www.zurbrueggen.de\/magazin\/sofa-trends-2023\/\" \/>\n<meta property=\"og:site_name\" content=\"Zurbr\u00fcggen magazin\" \/>\n<meta property=\"article:publisher\" content=\"https:\/\/facebook.com\/zurbrueggen\" \/>\n<meta property=\"article:published_time\" content=\"2023-02-15T15:20:30+00:00\" \/>\n<meta property=\"article:modified_time\" content=\"2024-01-11T14:42:58+00:00\" \/>\n<meta property=\"og:image\" content=\"https:\/\/www.zurbrueggen.de\/magazin\/wp-content\/uploads\/2023\/02\/magazin-beitragsbild-cta-m-sofa-trends-2023.jpg\" \/>\n\t<meta property=\"og:image:width\" content=\"1200\" \/>\n\t<meta property=\"og:image:height\" content=\"675\" \/>\n\t<meta property=\"og:image:type\" content=\"image\/jpeg\" \/>\n<meta name=\"author\" content=\"Nico Kub\" \/>\n<script type=\"application\/ld+json\" class=\"yoast-schema-graph\">{\"@context\":\"https:\\\/\\\/schema.org\",\"@graph\":[{\"@type\":\"Article\",\"@id\":\"https:\\\/\\\/www.zurbrueggen.de\\\/magazin\\\/sofa-trends-2023\\\/#article\",\"isPartOf\":{\"@id\":\"https:\\\/\\\/www.zurbrueggen.de\\\/magazin\\\/sofa-trends-2023\\\/\"},\"author\":{\"name\":\"Nico Kub\",\"@id\":\"https:\\\/\\\/www.zurbrueggen.de\\\/magazin\\\/#\\\/schema\\\/person\\\/854bf48775402a3ad9781dbbfae53ae2\"},\"headline\":\"Sofa Trends 2023\",\"datePublished\":\"2023-02-15T15:20:30+00:00\",\"dateModified\":\"2024-01-11T14:42:58+00:00\",\"mainEntityOfPage\":{\"@id\":\"https:\\\/\\\/www.zurbrueggen.de\\\/magazin\\\/sofa-trends-2023\\\/\"},\"wordCount\":584,\"commentCount\":0,\"publisher\":{\"@id\":\"https:\\\/\\\/www.zurbrueggen.de\\\/magazin\\\/#organization\"},\"image\":{\"@id\":\"https:\\\/\\\/www.zurbrueggen.de\\\/magazin\\\/sofa-trends-2023\\\/#primaryimage\"},\"thumbnailUrl\":\"https:\\\/\\\/www.zurbrueggen.de\\\/magazin\\\/wp-content\\\/uploads\\\/2023\\\/02\\\/magazin-beitragsbild-cta-m-sofa-trends-2023.jpg\",\"keywords\":[\"2023\",\"Couch\",\"Deko\",\"Dekoration\",\"Einrichtung\",\"Einrichtungstrends\",\"M\u00f6bel\",\"Platz\",\"Schlafzimmer\",\"Sofa\",\"Stil\",\"Trend\",\"Trends\",\"Wohnzimmer\"],\"articleSection\":[\"trend\",\"Wohnwelten\"],\"inLanguage\":\"de\",\"potentialAction\":[{\"@type\":\"CommentAction\",\"name\":\"Comment\",\"target\":[\"https:\\\/\\\/www.zurbrueggen.de\\\/magazin\\\/sofa-trends-2023\\\/#respond\"]}]},{\"@type\":\"WebPage\",\"@id\":\"https:\\\/\\\/www.zurbrueggen.de\\\/magazin\\\/sofa-trends-2023\\\/\",\"url\":\"https:\\\/\\\/www.zurbrueggen.de\\\/magazin\\\/sofa-trends-2023\\\/\",\"name\":\"Das Herzst\u00fcck des Wohnzimmers - Sofa Trends 2023\",\"isPartOf\":{\"@id\":\"https:\\\/\\\/www.zurbrueggen.de\\\/magazin\\\/#website\"},\"primaryImageOfPage\":{\"@id\":\"https:\\\/\\\/www.zurbrueggen.de\\\/magazin\\\/sofa-trends-2023\\\/#primaryimage\"},\"image\":{\"@id\":\"https:\\\/\\\/www.zurbrueggen.de\\\/magazin\\\/sofa-trends-2023\\\/#primaryimage\"},\"thumbnailUrl\":\"https:\\\/\\\/www.zurbrueggen.de\\\/magazin\\\/wp-content\\\/uploads\\\/2023\\\/02\\\/magazin-beitragsbild-cta-m-sofa-trends-2023.jpg\",\"datePublished\":\"2023-02-15T15:20:30+00:00\",\"dateModified\":\"2024-01-11T14:42:58+00:00\",\"description\":\"Individualit\u00e4t, Maximierung im Design und Kontraste sind die Schlagw\u00f6rter, wenn es um die Sofa Trends 2023 geht. Wir stellen euch hier einige davon vor.\",\"breadcrumb\":{\"@id\":\"https:\\\/\\\/www.zurbrueggen.de\\\/magazin\\\/sofa-trends-2023\\\/#breadcrumb\"},\"inLanguage\":\"de\",\"potentialAction\":[{\"@type\":\"ReadAction\",\"target\":[\"https:\\\/\\\/www.zurbrueggen.de\\\/magazin\\\/sofa-trends-2023\\\/\"]}]},{\"@type\":\"ImageObject\",\"inLanguage\":\"de\",\"@id\":\"https:\\\/\\\/www.zurbrueggen.de\\\/magazin\\\/sofa-trends-2023\\\/#primaryimage\",\"url\":\"https:\\\/\\\/www.zurbrueggen.de\\\/magazin\\\/wp-content\\\/uploads\\\/2023\\\/02\\\/magazin-beitragsbild-cta-m-sofa-trends-2023.jpg\",\"contentUrl\":\"https:\\\/\\\/www.zurbrueggen.de\\\/magazin\\\/wp-content\\\/uploads\\\/2023\\\/02\\\/magazin-beitragsbild-cta-m-sofa-trends-2023.jpg\",\"width\":1200,\"height\":675},{\"@type\":\"BreadcrumbList\",\"@id\":\"https:\\\/\\\/www.zurbrueggen.de\\\/magazin\\\/sofa-trends-2023\\\/#breadcrumb\",\"itemListElement\":[{\"@type\":\"ListItem\",\"position\":1,\"name\":\"Startseite\",\"item\":\"https:\\\/\\\/www.zurbrueggen.de\\\/magazin\\\/\"},{\"@type\":\"ListItem\",\"position\":2,\"name\":\"Sofa Trends 2023\"}]},{\"@type\":\"WebSite\",\"@id\":\"https:\\\/\\\/www.zurbrueggen.de\\\/magazin\\\/#website\",\"url\":\"https:\\\/\\\/www.zurbrueggen.de\\\/magazin\\\/\",\"name\":\"Zurbr\u00fcggen magazin\",\"description\":\"DESIGN \u2022 STYLE \u2022 LIVING\",\"publisher\":{\"@id\":\"https:\\\/\\\/www.zurbrueggen.de\\\/magazin\\\/#organization\"},\"potentialAction\":[{\"@type\":\"SearchAction\",\"target\":{\"@type\":\"EntryPoint\",\"urlTemplate\":\"https:\\\/\\\/www.zurbrueggen.de\\\/magazin\\\/?s={search_term_string}\"},\"query-input\":{\"@type\":\"PropertyValueSpecification\",\"valueRequired\":true,\"valueName\":\"search_term_string\"}}],\"inLanguage\":\"de\"},{\"@type\":\"Organization\",\"@id\":\"https:\\\/\\\/www.zurbrueggen.de\\\/magazin\\\/#organization\",\"name\":\"Zurbr\u00fcggen Wohn-Zentrum GmbH\",\"url\":\"https:\\\/\\\/www.zurbrueggen.de\\\/magazin\\\/\",\"logo\":{\"@type\":\"ImageObject\",\"inLanguage\":\"de\",\"@id\":\"https:\\\/\\\/www.zurbrueggen.de\\\/magazin\\\/#\\\/schema\\\/logo\\\/image\\\/\",\"url\":\"https:\\\/\\\/www.zurbrueggen.de\\\/magazin\\\/wp-content\\\/uploads\\\/2016\\\/07\\\/logo_zurbrueggen.png\",\"contentUrl\":\"https:\\\/\\\/www.zurbrueggen.de\\\/magazin\\\/wp-content\\\/uploads\\\/2016\\\/07\\\/logo_zurbrueggen.png\",\"width\":400,\"height\":107,\"caption\":\"Zurbr\u00fcggen Wohn-Zentrum GmbH\"},\"image\":{\"@id\":\"https:\\\/\\\/www.zurbrueggen.de\\\/magazin\\\/#\\\/schema\\\/logo\\\/image\\\/\"},\"sameAs\":[\"https:\\\/\\\/facebook.com\\\/zurbrueggen\",\"https:\\\/\\\/x.com\\\/Zurbrueggen\"]},{\"@type\":\"Person\",\"@id\":\"https:\\\/\\\/www.zurbrueggen.de\\\/magazin\\\/#\\\/schema\\\/person\\\/854bf48775402a3ad9781dbbfae53ae2\",\"name\":\"Nico Kub\",\"image\":{\"@type\":\"ImageObject\",\"inLanguage\":\"de\",\"@id\":\"https:\\\/\\\/secure.gravatar.com\\\/avatar\\\/96f9adc84d4be6918d00743296f55fc74e17e79e6a8ab50b576c4b0f66a48eae?s=96&d=mm&r=g\",\"url\":\"https:\\\/\\\/secure.gravatar.com\\\/avatar\\\/96f9adc84d4be6918d00743296f55fc74e17e79e6a8ab50b576c4b0f66a48eae?s=96&d=mm&r=g\",\"contentUrl\":\"https:\\\/\\\/secure.gravatar.com\\\/avatar\\\/96f9adc84d4be6918d00743296f55fc74e17e79e6a8ab50b576c4b0f66a48eae?s=96&d=mm&r=g\",\"caption\":\"Nico Kub\"},\"url\":\"https:\\\/\\\/www.zurbrueggen.de\\\/magazin\\\/author\\\/n_kub\\\/\"}]}<\/script>\n<!-- \/ Yoast SEO plugin. -->","yoast_head_json":{"title":"Das Herzst\u00fcck des Wohnzimmers - Sofa Trends 2023","description":"Individualit\u00e4t, Maximierung im Design und Kontraste sind die Schlagw\u00f6rter, wenn es um die Sofa Trends 2023 geht. Wir stellen euch hier einige davon vor.","robots":{"index":"index","follow":"follow","max-snippet":"max-snippet:-1","max-image-preview":"max-image-preview:large","max-video-preview":"max-video-preview:-1"},"canonical":"https:\/\/www.zurbrueggen.de\/magazin\/sofa-trends-2023\/","og_locale":"de_DE","og_type":"article","og_title":"Das Herzst\u00fcck des Wohnzimmers - Sofa Trends 2023","og_description":"Individualit\u00e4t, Maximierung im Design und Kontraste sind die Schlagw\u00f6rter, wenn es um die Sofa Trends 2023 geht. Wir stellen euch hier einige davon vor.","og_url":"https:\/\/www.zurbrueggen.de\/magazin\/sofa-trends-2023\/","og_site_name":"Zurbr\u00fcggen magazin","article_publisher":"https:\/\/facebook.com\/zurbrueggen","article_published_time":"2023-02-15T15:20:30+00:00","article_modified_time":"2024-01-11T14:42:58+00:00","og_image":[{"width":1200,"height":675,"url":"https:\/\/www.zurbrueggen.de\/magazin\/wp-content\/uploads\/2023\/02\/magazin-beitragsbild-cta-m-sofa-trends-2023.jpg","type":"image\/jpeg"}],"author":"Nico Kub","schema":{"@context":"https:\/\/schema.org","@graph":[{"@type":"Article","@id":"https:\/\/www.zurbrueggen.de\/magazin\/sofa-trends-2023\/#article","isPartOf":{"@id":"https:\/\/www.zurbrueggen.de\/magazin\/sofa-trends-2023\/"},"author":{"name":"Nico Kub","@id":"https:\/\/www.zurbrueggen.de\/magazin\/#\/schema\/person\/854bf48775402a3ad9781dbbfae53ae2"},"headline":"Sofa Trends 2023","datePublished":"2023-02-15T15:20:30+00:00","dateModified":"2024-01-11T14:42:58+00:00","mainEntityOfPage":{"@id":"https:\/\/www.zurbrueggen.de\/magazin\/sofa-trends-2023\/"},"wordCount":584,"commentCount":0,"publisher":{"@id":"https:\/\/www.zurbrueggen.de\/magazin\/#organization"},"image":{"@id":"https:\/\/www.zurbrueggen.de\/magazin\/sofa-trends-2023\/#primaryimage"},"thumbnailUrl":"https:\/\/www.zurbrueggen.de\/magazin\/wp-content\/uploads\/2023\/02\/magazin-beitragsbild-cta-m-sofa-trends-2023.jpg","keywords":["2023","Couch","Deko","Dekoration","Einrichtung","Einrichtungstrends","M\u00f6bel","Platz","Schlafzimmer","Sofa","Stil","Trend","Trends","Wohnzimmer"],"articleSection":["trend","Wohnwelten"],"inLanguage":"de","potentialAction":[{"@type":"CommentAction","name":"Comment","target":["https:\/\/www.zurbrueggen.de\/magazin\/sofa-trends-2023\/#respond"]}]},{"@type":"WebPage","@id":"https:\/\/www.zurbrueggen.de\/magazin\/sofa-trends-2023\/","url":"https:\/\/www.zurbrueggen.de\/magazin\/sofa-trends-2023\/","name":"Das Herzst\u00fcck des Wohnzimmers - Sofa Trends 2023","isPartOf":{"@id":"https:\/\/www.zurbrueggen.de\/magazin\/#website"},"primaryImageOfPage":{"@id":"https:\/\/www.zurbrueggen.de\/magazin\/sofa-trends-2023\/#primaryimage"},"image":{"@id":"https:\/\/www.zurbrueggen.de\/magazin\/sofa-trends-2023\/#primaryimage"},"thumbnailUrl":"https:\/\/www.zurbrueggen.de\/magazin\/wp-content\/uploads\/2023\/02\/magazin-beitragsbild-cta-m-sofa-trends-2023.jpg","datePublished":"2023-02-15T15:20:30+00:00","dateModified":"2024-01-11T14:42:58+00:00","description":"Individualit\u00e4t, Maximierung im Design und Kontraste sind die Schlagw\u00f6rter, wenn es um die Sofa Trends 2023 geht. Wir stellen euch hier einige davon vor.","breadcrumb":{"@id":"https:\/\/www.zurbrueggen.de\/magazin\/sofa-trends-2023\/#breadcrumb"},"inLanguage":"de","potentialAction":[{"@type":"ReadAction","target":["https:\/\/www.zurbrueggen.de\/magazin\/sofa-trends-2023\/"]}]},{"@type":"ImageObject","inLanguage":"de","@id":"https:\/\/www.zurbrueggen.de\/magazin\/sofa-trends-2023\/#primaryimage","url":"https:\/\/www.zurbrueggen.de\/magazin\/wp-content\/uploads\/2023\/02\/magazin-beitragsbild-cta-m-sofa-trends-2023.jpg","contentUrl":"https:\/\/www.zurbrueggen.de\/magazin\/wp-content\/uploads\/2023\/02\/magazin-beitragsbild-cta-m-sofa-trends-2023.jpg","width":1200,"height":675},{"@type":"BreadcrumbList","@id":"https:\/\/www.zurbrueggen.de\/magazin\/sofa-trends-2023\/#breadcrumb","itemListElement":[{"@type":"ListItem","position":1,"name":"Startseite","item":"https:\/\/www.zurbrueggen.de\/magazin\/"},{"@type":"ListItem","position":2,"name":"Sofa Trends 2023"}]},{"@type":"WebSite","@id":"https:\/\/www.zurbrueggen.de\/magazin\/#website","url":"https:\/\/www.zurbrueggen.de\/magazin\/","name":"Zurbr\u00fcggen magazin","description":"DESIGN \u2022 STYLE \u2022 LIVING","publisher":{"@id":"https:\/\/www.zurbrueggen.de\/magazin\/#organization"},"potentialAction":[{"@type":"SearchAction","target":{"@type":"EntryPoint","urlTemplate":"https:\/\/www.zurbrueggen.de\/magazin\/?s={search_term_string}"},"query-input":{"@type":"PropertyValueSpecification","valueRequired":true,"valueName":"search_term_string"}}],"inLanguage":"de"},{"@type":"Organization","@id":"https:\/\/www.zurbrueggen.de\/magazin\/#organization","name":"Zurbr\u00fcggen Wohn-Zentrum GmbH","url":"https:\/\/www.zurbrueggen.de\/magazin\/","logo":{"@type":"ImageObject","inLanguage":"de","@id":"https:\/\/www.zurbrueggen.de\/magazin\/#\/schema\/logo\/image\/","url":"https:\/\/www.zurbrueggen.de\/magazin\/wp-content\/uploads\/2016\/07\/logo_zurbrueggen.png","contentUrl":"https:\/\/www.zurbrueggen.de\/magazin\/wp-content\/uploads\/2016\/07\/logo_zurbrueggen.png","width":400,"height":107,"caption":"Zurbr\u00fcggen Wohn-Zentrum GmbH"},"image":{"@id":"https:\/\/www.zurbrueggen.de\/magazin\/#\/schema\/logo\/image\/"},"sameAs":["https:\/\/facebook.com\/zurbrueggen","https:\/\/x.com\/Zurbrueggen"]},{"@type":"Person","@id":"https:\/\/www.zurbrueggen.de\/magazin\/#\/schema\/person\/854bf48775402a3ad9781dbbfae53ae2","name":"Nico Kub","image":{"@type":"ImageObject","inLanguage":"de","@id":"https:\/\/secure.gravatar.com\/avatar\/96f9adc84d4be6918d00743296f55fc74e17e79e6a8ab50b576c4b0f66a48eae?s=96&d=mm&r=g","url":"https:\/\/secure.gravatar.com\/avatar\/96f9adc84d4be6918d00743296f55fc74e17e79e6a8ab50b576c4b0f66a48eae?s=96&d=mm&r=g","contentUrl":"https:\/\/secure.gravatar.com\/avatar\/96f9adc84d4be6918d00743296f55fc74e17e79e6a8ab50b576c4b0f66a48eae?s=96&d=mm&r=g","caption":"Nico Kub"},"url":"https:\/\/www.zurbrueggen.de\/magazin\/author\/n_kub\/"}]}},"_links":{"self":[{"href":"https:\/\/www.zurbrueggen.de\/magazin\/wp-json\/wp\/v2\/posts\/7085","targetHints":{"allow":["GET"]}}],"collection":[{"href":"https:\/\/www.zurbrueggen.de\/magazin\/wp-json\/wp\/v2\/posts"}],"about":[{"href":"https:\/\/www.zurbrueggen.de\/magazin\/wp-json\/wp\/v2\/types\/post"}],"author":[{"embeddable":true,"href":"https:\/\/www.zurbrueggen.de\/magazin\/wp-json\/wp\/v2\/users\/21"}],"replies":[{"embeddable":true,"href":"https:\/\/www.zurbrueggen.de\/magazin\/wp-json\/wp\/v2\/comments?post=7085"}],"version-history":[{"count":15,"href":"https:\/\/www.zurbrueggen.de\/magazin\/wp-json\/wp\/v2\/posts\/7085\/revisions"}],"predecessor-version":[{"id":7823,"href":"https:\/\/www.zurbrueggen.de\/magazin\/wp-json\/wp\/v2\/posts\/7085\/revisions\/7823"}],"wp:featuredmedia":[{"embeddable":true,"href":"https:\/\/www.zurbrueggen.de\/magazin\/wp-json\/wp\/v2\/media\/7086"}],"wp:attachment":[{"href":"https:\/\/www.zurbrueggen.de\/magazin\/wp-json\/wp\/v2\/media?parent=7085"}],"wp:term":[{"taxonomy":"category","embeddable":true,"href":"https:\/\/www.zurbrueggen.de\/magazin\/wp-json\/wp\/v2\/categories?post=7085"},{"taxonomy":"post_tag","embeddable":true,"href":"https:\/\/www.zurbrueggen.de\/magazin\/wp-json\/wp\/v2\/tags?post=7085"}],"curies":[{"name":"wp","href":"https:\/\/api.w.org\/{rel}","templated":true}]}}