{"id":7007,"date":"2023-01-04T14:27:45","date_gmt":"2023-01-04T13:27:45","guid":{"rendered":"https:\/\/www.zurbrueggen.de\/magazin\/?p=7007"},"modified":"2024-01-11T12:50:11","modified_gmt":"2024-01-11T11:50:11","slug":"magenta-pantone-farbe-des-jahres-23","status":"publish","type":"post","link":"https:\/\/www.zurbrueggen.de\/magazin\/magenta-pantone-farbe-des-jahres-23\/","title":{"rendered":"Viva Magenta &#8211; Pantone Farbe des Jahres 2023"},"content":{"rendered":"<div class=\"mceTemp\"><\/div>\n<p><span class=\"vorschau\" style=\"font-family: 'Roboto Slab'; font-size: 22px; line-height: 34px; font-weight: 300; margin-top: 40px;\">Die Trendfarbe 2023 wurde gek\u00fcrt und sie hei\u00dft: Viva Magenta. Ein lebhaftes Purpurrot, welches in diesem Jahr wegweisend f\u00fcr die Designwelt wird. Durch die k\u00fchle als auch warme Nuancierung ist der kraftvolle Ton ein wahrer Hingucker und Must-Have. Wie auch Ihr diesem Look folgen und ihn umsetzen k\u00f6nnt, zeigen wir euch hier gerne.<\/span><\/p>\n<p><!--more--><\/p>\n<p>&nbsp;<\/p>\n<figure id=\"attachment_7012\" aria-describedby=\"caption-attachment-7012\" style=\"width: 1200px\" class=\"wp-caption alignnone\"><a href=\"https:\/\/www.zurbrueggen.de\/moebel\/esszimmer\/stuehle\/?limit=36&amp;order=topseller&amp;p=1&amp;properties=a4f6b90069e69b262eaaf9643582f566%7C6621ea5c6a324c4495c6bf12d92cc0c4\"><img loading=\"lazy\" decoding=\"async\" class=\"size-full wp-image-7012\" src=\"https:\/\/www.zurbrueggen.de\/magazin\/wp-content\/uploads\/2023\/01\/magazin-beitragsbild-2-m-viva-magenta-pantone-2023.jpg\" alt=\"\" width=\"1200\" height=\"675\" srcset=\"https:\/\/www.zurbrueggen.de\/magazin\/wp-content\/uploads\/2023\/01\/magazin-beitragsbild-2-m-viva-magenta-pantone-2023.jpg 1200w, https:\/\/www.zurbrueggen.de\/magazin\/wp-content\/uploads\/2023\/01\/magazin-beitragsbild-2-m-viva-magenta-pantone-2023-300x169.jpg 300w, https:\/\/www.zurbrueggen.de\/magazin\/wp-content\/uploads\/2023\/01\/magazin-beitragsbild-2-m-viva-magenta-pantone-2023-1024x576.jpg 1024w, https:\/\/www.zurbrueggen.de\/magazin\/wp-content\/uploads\/2023\/01\/magazin-beitragsbild-2-m-viva-magenta-pantone-2023-768x432.jpg 768w, https:\/\/www.zurbrueggen.de\/magazin\/wp-content\/uploads\/2023\/01\/magazin-beitragsbild-2-m-viva-magenta-pantone-2023-665x374.jpg 665w, https:\/\/www.zurbrueggen.de\/magazin\/wp-content\/uploads\/2023\/01\/magazin-beitragsbild-2-m-viva-magenta-pantone-2023-462x260.jpg 462w\" sizes=\"auto, (max-width: 1200px) 100vw, 1200px\" \/><\/a><figcaption id=\"caption-attachment-7012\" class=\"wp-caption-text\">In unserem Shop: Farblich passende St\u00fchle<\/figcaption><\/figure>\n<h5 style=\"text-align: left; padding-left: 120px;\">Purpur \u2013 die Farbe der K\u00f6nige und Herrscher<\/h5>\n<p><span class=\"fliesstext\" style=\"font-family: Roboto, sans-serif; font-size: 16px; line-height: 24px; font-weight: 400;\">Nicht umsonst ist Purpur die Farbe der K\u00f6nige und Herrscher. Sie strahlt Elan und Kraft aus und wirkt somit mutig und furchtlos. Viva Magenta geh\u00f6rt zur Farbfamilie der Rott\u00f6ne und vereint sich somit mit den starken Eigenschaften von Purpur. Falls ihr also schon mal \u00fcber einen Tapetenwechsel nachgedacht habt, oder gern farbliche Akzente setzt, ist die neue Trendfarbe ein Must-Have f\u00fcr 2023. Lasst eurer Kreativit\u00e4t freien Lauf zum Experimentieren und setzen neuer Interior-Highlights, denn den mutigen geh\u00f6rt bekanntlich die Welt, also worauf wartet ihr noch?<\/span><\/p>\n<p>&nbsp;<\/p>\n<figure id=\"attachment_7015\" aria-describedby=\"caption-attachment-7015\" style=\"width: 1200px\" class=\"wp-caption alignnone\"><a href=\"https:\/\/www.zurbrueggen.de\/moebel\/wohnzimmer\/sofa-couch\/?limit=36&amp;order=topseller&amp;p=1&amp;properties=a4f6b90069e69b262eaaf9643582f566%7C6621ea5c6a324c4495c6bf12d92cc0c4\"><img loading=\"lazy\" decoding=\"async\" class=\"size-full wp-image-7015\" src=\"https:\/\/www.zurbrueggen.de\/magazin\/wp-content\/uploads\/2023\/01\/magazin-beitragsbild-3-m-viva-magenta-pantone-2023.jpg\" alt=\"\" width=\"1200\" height=\"675\" srcset=\"https:\/\/www.zurbrueggen.de\/magazin\/wp-content\/uploads\/2023\/01\/magazin-beitragsbild-3-m-viva-magenta-pantone-2023.jpg 1200w, https:\/\/www.zurbrueggen.de\/magazin\/wp-content\/uploads\/2023\/01\/magazin-beitragsbild-3-m-viva-magenta-pantone-2023-300x169.jpg 300w, https:\/\/www.zurbrueggen.de\/magazin\/wp-content\/uploads\/2023\/01\/magazin-beitragsbild-3-m-viva-magenta-pantone-2023-1024x576.jpg 1024w, https:\/\/www.zurbrueggen.de\/magazin\/wp-content\/uploads\/2023\/01\/magazin-beitragsbild-3-m-viva-magenta-pantone-2023-768x432.jpg 768w, https:\/\/www.zurbrueggen.de\/magazin\/wp-content\/uploads\/2023\/01\/magazin-beitragsbild-3-m-viva-magenta-pantone-2023-665x374.jpg 665w, https:\/\/www.zurbrueggen.de\/magazin\/wp-content\/uploads\/2023\/01\/magazin-beitragsbild-3-m-viva-magenta-pantone-2023-462x260.jpg 462w\" sizes=\"auto, (max-width: 1200px) 100vw, 1200px\" \/><\/a><figcaption id=\"caption-attachment-7015\" class=\"wp-caption-text\">In unserem Shop: Sofas im Trend-Farbspektrum<\/figcaption><\/figure>\n<h5 style=\"text-align: left; padding-left: 120px;\">Lebhafte Ausstrahlung..<\/h5>\n<p><span class=\"fliesstext\" style=\"font-family: Roboto, sans-serif; font-size: 16px; line-height: 24px; font-weight: 400;\">\u2026ist das Motto der neuen Trendsetter-Farbe. So kann man schon durch Verwenden kleiner Accessoires f\u00fcr echte Eye-Catcher Momente sorgen. Unterwegs sorgt zum Beispiel ein sonst eher unauff\u00e4lliger Alltagsgegenstand wie ein <a href=\"https:\/\/www.zurbrueggen.de\/emsa-isolierbecher-0-36-travel-mug\/0104565\" target=\"_blank\" rel=\"noopener\">Kaffeebecher<\/a>, schnell f\u00fcr neidische Blicke. Aber auch in der Wohnung wird der neue Farbtrend zum stilvollen Klassiker. Wenn ihr einzelne <a href=\"https:\/\/www.zurbrueggen.de\/moebel\/\" target=\"_blank\" rel=\"noopener\">M\u00f6belst\u00fccke<\/a> in der knalligen Purpur-Nuance platziert, werden es eure Besucher direkt bemerken. Ein Wow-Moment ist somit garantiert. So wird eine <a href=\"https:\/\/www.zurbrueggen.de\/moebel\/wohnzimmer\/sofa-couch\/\" target=\"_blank\" rel=\"noopener\">Couch<\/a> oder ein <a href=\"https:\/\/www.zurbrueggen.de\/moebel\/esszimmer\/stuehle\/\" target=\"_blank\" rel=\"noopener\">Stuhl<\/a> schnell zum echten Schmuckst\u00fcck in eurem zu Hause.<\/span><\/p>\n<p>&nbsp;<\/p>\n<figure id=\"attachment_7018\" aria-describedby=\"caption-attachment-7018\" style=\"width: 1200px\" class=\"wp-caption alignnone\"><a href=\"https:\/\/www.zurbrueggen.de\/moebel\/wohnzimmer\/sessel\/?limit=36&amp;order=topseller&amp;p=1&amp;properties=6621ea5c6a324c4495c6bf12d92cc0c4\"><img loading=\"lazy\" decoding=\"async\" class=\"size-full wp-image-7018\" src=\"https:\/\/www.zurbrueggen.de\/magazin\/wp-content\/uploads\/2023\/01\/magazin-beitragsbild-4-m-viva-magenta-pantone-2023.jpg\" alt=\"\" width=\"1200\" height=\"675\" srcset=\"https:\/\/www.zurbrueggen.de\/magazin\/wp-content\/uploads\/2023\/01\/magazin-beitragsbild-4-m-viva-magenta-pantone-2023.jpg 1200w, https:\/\/www.zurbrueggen.de\/magazin\/wp-content\/uploads\/2023\/01\/magazin-beitragsbild-4-m-viva-magenta-pantone-2023-300x169.jpg 300w, https:\/\/www.zurbrueggen.de\/magazin\/wp-content\/uploads\/2023\/01\/magazin-beitragsbild-4-m-viva-magenta-pantone-2023-1024x576.jpg 1024w, https:\/\/www.zurbrueggen.de\/magazin\/wp-content\/uploads\/2023\/01\/magazin-beitragsbild-4-m-viva-magenta-pantone-2023-768x432.jpg 768w, https:\/\/www.zurbrueggen.de\/magazin\/wp-content\/uploads\/2023\/01\/magazin-beitragsbild-4-m-viva-magenta-pantone-2023-665x374.jpg 665w, https:\/\/www.zurbrueggen.de\/magazin\/wp-content\/uploads\/2023\/01\/magazin-beitragsbild-4-m-viva-magenta-pantone-2023-462x260.jpg 462w\" sizes=\"auto, (max-width: 1200px) 100vw, 1200px\" \/><\/a><figcaption id=\"caption-attachment-7018\" class=\"wp-caption-text\">Passende Sessel aus unserem Shop<\/figcaption><\/figure>\n<h5 style=\"text-align: left; padding-left: 120px;\">Von O bis O<\/h5>\n<p><span class=\"fliesstext\" style=\"font-family: Roboto, sans-serif; font-size: 16px; line-height: 24px; font-weight: 400;\">Ist ein deutsches Sprichwort, welches die Zeit von Ostern bis Oktober beschreibt, sprich von Fr\u00fchling bis Herbst. Die ausgew\u00e4hlte Pantone Farbe 2023 trifft dieses Motto zielsicher. Richtung Fr\u00fchling werden die Tage langsam wieder l\u00e4nger, die B\u00e4ume scheinen gr\u00fcner und die ersten Bl\u00fcten \u00f6ffnen sich. Dabei stimmt euch Viva Magenta strahlend zur Fr\u00fchlingszeit ein. Den Sommer \u00fcber begegnet euch der leuchtende Farbton auch immer mal wieder. Er erinnert an bunte <a href=\"https:\/\/www.zurbrueggen.de\/haushalt\/glaeser\/cocktail-longdrinkglaeser\/\" rel=\"noopener\" target=\"_blank\">Cocktails<\/a> an langen Sommerabenden oder ein leckeres, fruchtiges Eis. Aber auch als <a href=\"https:\/\/www.zurbrueggen.de\/vossen-handtuch-set-silence\/1121314\" rel=\"noopener\" target=\"_blank\">Handtuch<\/a> am Badesee oder Strand ist und bleibt er einfach ein Blickfang. Im bunten Herbst gleicht die kr\u00e4ftige Farbe manchen Bl\u00e4ttern. Dann steht die <a href=\"https:\/\/www.zurbrueggen.de\/deko-textil\/dekoration\/weihnachten\/\" rel=\"noopener\" target=\"_blank\">Weihnachtszeit<\/a> auch schon wieder vor der T\u00fcr. Mit Glaskugeln f\u00fcr den Weihnachtsbaum im Trend-Ton seid ihr dieses Jahr ganz vorne mit dabei.<\/span><\/p>\n<p>&nbsp;<\/p>\n<figure id=\"attachment_7020\" aria-describedby=\"caption-attachment-7020\" style=\"width: 1200px\" class=\"wp-caption alignnone\"><a href=\"https:\/\/www.zurbrueggen.de\/deko-textil\/textilien\/kissen-huellen\/?limit=36&amp;order=topseller&amp;p=1&amp;properties=a4f6b90069e69b262eaaf9643582f566%7C6621ea5c6a324c4495c6bf12d92cc0c4\"><img loading=\"lazy\" decoding=\"async\" class=\"size-full wp-image-7020\" src=\"https:\/\/www.zurbrueggen.de\/magazin\/wp-content\/uploads\/2023\/01\/magazin-beitragsbild-5-m-viva-magenta-pantone-2023.jpg\" alt=\"\" width=\"1200\" height=\"675\" srcset=\"https:\/\/www.zurbrueggen.de\/magazin\/wp-content\/uploads\/2023\/01\/magazin-beitragsbild-5-m-viva-magenta-pantone-2023.jpg 1200w, https:\/\/www.zurbrueggen.de\/magazin\/wp-content\/uploads\/2023\/01\/magazin-beitragsbild-5-m-viva-magenta-pantone-2023-300x169.jpg 300w, https:\/\/www.zurbrueggen.de\/magazin\/wp-content\/uploads\/2023\/01\/magazin-beitragsbild-5-m-viva-magenta-pantone-2023-1024x576.jpg 1024w, https:\/\/www.zurbrueggen.de\/magazin\/wp-content\/uploads\/2023\/01\/magazin-beitragsbild-5-m-viva-magenta-pantone-2023-768x432.jpg 768w, https:\/\/www.zurbrueggen.de\/magazin\/wp-content\/uploads\/2023\/01\/magazin-beitragsbild-5-m-viva-magenta-pantone-2023-665x374.jpg 665w, https:\/\/www.zurbrueggen.de\/magazin\/wp-content\/uploads\/2023\/01\/magazin-beitragsbild-5-m-viva-magenta-pantone-2023-462x260.jpg 462w\" sizes=\"auto, (max-width: 1200px) 100vw, 1200px\" \/><\/a><figcaption id=\"caption-attachment-7020\" class=\"wp-caption-text\">Die richtigen Akzente setzen<\/figcaption><\/figure>\n<h5 style=\"text-align: left; padding-left: 120px;\">Farbwelten-Mix<\/h5>\n<p><span class=\"fliesstext\" style=\"font-family: Roboto, sans-serif; font-size: 16px; line-height: 24px; font-weight: 400;\">Auch auff\u00e4llige Farben wie Viva Magenta kann man mit anderen Farbt\u00f6nen sehr gut kombinieren. Wir zeigen dir wie es funktioniert. Da Rott\u00f6ne zu den st\u00e4rkeren Farbnuancen z\u00e4hlen empfehlen wir dazu zum Beispiel zwei weitere unauff\u00e4lligere Farben zu kombinieren. Ein helles Beige und Rosa eignen sich hierf\u00fcr perfekt. Die Helligkeit der T\u00f6ne spielt dabei aber ebenfalls eine gro\u00dfe Rolle. Wenn sich Helligkeitswerte zu oft wiederholen, kann das zwar sch\u00f6n, jedoch schnell langweilig wirken. Deshalb sollte man darauf achten, dass die beiden Farben sich nicht zu sehr \u00e4hneln. Zu viel rot wirkt allerdings auch nicht mehr wohldosiert und ist f\u00fcr unser Auge eine \u00dcberlagerung. Es ist also eine Frage der richtigen Dosierung. Mit dem besonders pr\u00e4senten Rotton sollte man daher etwas sparen, und ihn eher als Highlight so wie die Kirsche auf der Torte sehen und einsetzen. Falls du von unseren Inspirationen noch nicht genug hast, schau gerne in unseren <a href=\"https:\/\/www.zurbrueggen.de\/unternehmen\/filialen\/\" rel=\"noopener\" target=\"_blank\">Einrichtungsh\u00e4usern<\/a> vorbei.<\/span><\/p>\n<p>&nbsp;<\/p>\n<p><a href=\"https:\/\/www.zurbrueggen.de\/viva-magenta\/\"><img loading=\"lazy\" decoding=\"async\" class=\"aligncenter size-full wp-image-7023\" src=\"https:\/\/www.zurbrueggen.de\/magazin\/wp-content\/uploads\/2023\/01\/magazin-mobil-footer-viva-magenta-pantone-2023.jpg\" alt=\"\" width=\"750\" height=\"320\" srcset=\"https:\/\/www.zurbrueggen.de\/magazin\/wp-content\/uploads\/2023\/01\/magazin-mobil-footer-viva-magenta-pantone-2023.jpg 750w, https:\/\/www.zurbrueggen.de\/magazin\/wp-content\/uploads\/2023\/01\/magazin-mobil-footer-viva-magenta-pantone-2023-300x128.jpg 300w, https:\/\/www.zurbrueggen.de\/magazin\/wp-content\/uploads\/2023\/01\/magazin-mobil-footer-viva-magenta-pantone-2023-665x284.jpg 665w, https:\/\/www.zurbrueggen.de\/magazin\/wp-content\/uploads\/2023\/01\/magazin-mobil-footer-viva-magenta-pantone-2023-609x260.jpg 609w\" sizes=\"auto, (max-width: 750px) 100vw, 750px\" \/><\/a><\/p>\n","protected":false},"excerpt":{"rendered":"<p>Die Trendfarbe 2023 wurde gek\u00fcrt und sie hei\u00dft: Viva Magenta. Ein lebhaftes Purpurrot, welches in diesem Jahr wegweisend f\u00fcr die Designwelt wird. Durch die k\u00fchle als auch warme Nuancierung ist der kraftvolle Ton ein wahrer Hingucker und Must-Have. Wie auch Ihr diesem Look folgen und ihn umsetzen k\u00f6nnt, zeigen wir euch hier gerne.<\/p>\n","protected":false},"author":21,"featured_media":7010,"comment_status":"open","ping_status":"open","sticky":false,"template":"","format":"standard","meta":{"_acf_changed":false,"footnotes":""},"categories":[32,27],"tags":[1265,1148,1189,1188,1146,1171,1231,1190,1147,1114,1187,1186],"class_list":["post-7007","post","type-post","status-publish","format-standard","has-post-thumbnail","hentry","category-trend","category-trends-und-wissen","tag-1265","tag-couch","tag-deko","tag-dekoration","tag-einrichtung","tag-einrichtungstrends","tag-kissen","tag-moebel","tag-sofa","tag-stil","tag-trend","tag-trends"],"acf":[],"yoast_head":"<!-- This site is optimized with the Yoast SEO plugin v27.4 - https:\/\/yoast.com\/product\/yoast-seo-wordpress\/ -->\n<title>Trendfarbe 2023: Viva Magenta - Pantone Farbe des Jahres<\/title>\n<meta name=\"description\" content=\"Neues Jahr, neuer Trend: Auch bei den Farben setzen sich jedes Jahr immer mehr neue Trends durch. Seid ihr bereit f\u00fcr Viva Magenta?\" \/>\n<meta name=\"robots\" content=\"index, follow, max-snippet:-1, max-image-preview:large, max-video-preview:-1\" \/>\n<link rel=\"canonical\" href=\"https:\/\/www.zurbrueggen.de\/magazin\/magenta-pantone-farbe-des-jahres-23\/\" \/>\n<meta property=\"og:locale\" content=\"de_DE\" \/>\n<meta property=\"og:type\" content=\"article\" \/>\n<meta property=\"og:title\" content=\"Trendfarbe 2023: Viva Magenta - Pantone Farbe des Jahres\" \/>\n<meta property=\"og:description\" content=\"Neues Jahr, neuer Trend: Auch bei den Farben setzen sich jedes Jahr immer mehr neue Trends durch. Seid ihr bereit f\u00fcr Viva Magenta?\" \/>\n<meta property=\"og:url\" content=\"https:\/\/www.zurbrueggen.de\/magazin\/magenta-pantone-farbe-des-jahres-23\/\" \/>\n<meta property=\"og:site_name\" content=\"Zurbr\u00fcggen magazin\" \/>\n<meta property=\"article:publisher\" content=\"https:\/\/facebook.com\/zurbrueggen\" \/>\n<meta property=\"article:published_time\" content=\"2023-01-04T13:27:45+00:00\" \/>\n<meta property=\"article:modified_time\" content=\"2024-01-11T11:50:11+00:00\" \/>\n<meta property=\"og:image\" content=\"https:\/\/www.zurbrueggen.de\/magazin\/wp-content\/uploads\/2023\/01\/magazin-beitragsbild-cta-m-viva-magenta-pantone-2023.jpg\" \/>\n\t<meta property=\"og:image:width\" content=\"1200\" \/>\n\t<meta property=\"og:image:height\" content=\"675\" \/>\n\t<meta property=\"og:image:type\" content=\"image\/jpeg\" \/>\n<meta name=\"author\" content=\"Nico Kub\" \/>\n<script type=\"application\/ld+json\" class=\"yoast-schema-graph\">{\"@context\":\"https:\\\/\\\/schema.org\",\"@graph\":[{\"@type\":\"Article\",\"@id\":\"https:\\\/\\\/www.zurbrueggen.de\\\/magazin\\\/magenta-pantone-farbe-des-jahres-23\\\/#article\",\"isPartOf\":{\"@id\":\"https:\\\/\\\/www.zurbrueggen.de\\\/magazin\\\/magenta-pantone-farbe-des-jahres-23\\\/\"},\"author\":{\"name\":\"Nico Kub\",\"@id\":\"https:\\\/\\\/www.zurbrueggen.de\\\/magazin\\\/#\\\/schema\\\/person\\\/854bf48775402a3ad9781dbbfae53ae2\"},\"headline\":\"Viva Magenta &#8211; Pantone Farbe des Jahres 2023\",\"datePublished\":\"2023-01-04T13:27:45+00:00\",\"dateModified\":\"2024-01-11T11:50:11+00:00\",\"mainEntityOfPage\":{\"@id\":\"https:\\\/\\\/www.zurbrueggen.de\\\/magazin\\\/magenta-pantone-farbe-des-jahres-23\\\/\"},\"wordCount\":613,\"commentCount\":0,\"publisher\":{\"@id\":\"https:\\\/\\\/www.zurbrueggen.de\\\/magazin\\\/#organization\"},\"image\":{\"@id\":\"https:\\\/\\\/www.zurbrueggen.de\\\/magazin\\\/magenta-pantone-farbe-des-jahres-23\\\/#primaryimage\"},\"thumbnailUrl\":\"https:\\\/\\\/www.zurbrueggen.de\\\/magazin\\\/wp-content\\\/uploads\\\/2023\\\/01\\\/magazin-beitragsbild-cta-m-viva-magenta-pantone-2023.jpg\",\"keywords\":[\"2023\",\"Couch\",\"Deko\",\"Dekoration\",\"Einrichtung\",\"Einrichtungstrends\",\"Kissen\",\"M\u00f6bel\",\"Sofa\",\"Stil\",\"Trend\",\"Trends\"],\"articleSection\":[\"trend\",\"Trends &amp; Wissen\"],\"inLanguage\":\"de\",\"potentialAction\":[{\"@type\":\"CommentAction\",\"name\":\"Comment\",\"target\":[\"https:\\\/\\\/www.zurbrueggen.de\\\/magazin\\\/magenta-pantone-farbe-des-jahres-23\\\/#respond\"]}]},{\"@type\":\"WebPage\",\"@id\":\"https:\\\/\\\/www.zurbrueggen.de\\\/magazin\\\/magenta-pantone-farbe-des-jahres-23\\\/\",\"url\":\"https:\\\/\\\/www.zurbrueggen.de\\\/magazin\\\/magenta-pantone-farbe-des-jahres-23\\\/\",\"name\":\"Trendfarbe 2023: Viva Magenta - Pantone Farbe des Jahres\",\"isPartOf\":{\"@id\":\"https:\\\/\\\/www.zurbrueggen.de\\\/magazin\\\/#website\"},\"primaryImageOfPage\":{\"@id\":\"https:\\\/\\\/www.zurbrueggen.de\\\/magazin\\\/magenta-pantone-farbe-des-jahres-23\\\/#primaryimage\"},\"image\":{\"@id\":\"https:\\\/\\\/www.zurbrueggen.de\\\/magazin\\\/magenta-pantone-farbe-des-jahres-23\\\/#primaryimage\"},\"thumbnailUrl\":\"https:\\\/\\\/www.zurbrueggen.de\\\/magazin\\\/wp-content\\\/uploads\\\/2023\\\/01\\\/magazin-beitragsbild-cta-m-viva-magenta-pantone-2023.jpg\",\"datePublished\":\"2023-01-04T13:27:45+00:00\",\"dateModified\":\"2024-01-11T11:50:11+00:00\",\"description\":\"Neues Jahr, neuer Trend: Auch bei den Farben setzen sich jedes Jahr immer mehr neue Trends durch. Seid ihr bereit f\u00fcr Viva Magenta?\",\"breadcrumb\":{\"@id\":\"https:\\\/\\\/www.zurbrueggen.de\\\/magazin\\\/magenta-pantone-farbe-des-jahres-23\\\/#breadcrumb\"},\"inLanguage\":\"de\",\"potentialAction\":[{\"@type\":\"ReadAction\",\"target\":[\"https:\\\/\\\/www.zurbrueggen.de\\\/magazin\\\/magenta-pantone-farbe-des-jahres-23\\\/\"]}]},{\"@type\":\"ImageObject\",\"inLanguage\":\"de\",\"@id\":\"https:\\\/\\\/www.zurbrueggen.de\\\/magazin\\\/magenta-pantone-farbe-des-jahres-23\\\/#primaryimage\",\"url\":\"https:\\\/\\\/www.zurbrueggen.de\\\/magazin\\\/wp-content\\\/uploads\\\/2023\\\/01\\\/magazin-beitragsbild-cta-m-viva-magenta-pantone-2023.jpg\",\"contentUrl\":\"https:\\\/\\\/www.zurbrueggen.de\\\/magazin\\\/wp-content\\\/uploads\\\/2023\\\/01\\\/magazin-beitragsbild-cta-m-viva-magenta-pantone-2023.jpg\",\"width\":1200,\"height\":675},{\"@type\":\"BreadcrumbList\",\"@id\":\"https:\\\/\\\/www.zurbrueggen.de\\\/magazin\\\/magenta-pantone-farbe-des-jahres-23\\\/#breadcrumb\",\"itemListElement\":[{\"@type\":\"ListItem\",\"position\":1,\"name\":\"Startseite\",\"item\":\"https:\\\/\\\/www.zurbrueggen.de\\\/magazin\\\/\"},{\"@type\":\"ListItem\",\"position\":2,\"name\":\"Viva Magenta &#8211; Pantone Farbe des Jahres 2023\"}]},{\"@type\":\"WebSite\",\"@id\":\"https:\\\/\\\/www.zurbrueggen.de\\\/magazin\\\/#website\",\"url\":\"https:\\\/\\\/www.zurbrueggen.de\\\/magazin\\\/\",\"name\":\"Zurbr\u00fcggen magazin\",\"description\":\"DESIGN \u2022 STYLE \u2022 LIVING\",\"publisher\":{\"@id\":\"https:\\\/\\\/www.zurbrueggen.de\\\/magazin\\\/#organization\"},\"potentialAction\":[{\"@type\":\"SearchAction\",\"target\":{\"@type\":\"EntryPoint\",\"urlTemplate\":\"https:\\\/\\\/www.zurbrueggen.de\\\/magazin\\\/?s={search_term_string}\"},\"query-input\":{\"@type\":\"PropertyValueSpecification\",\"valueRequired\":true,\"valueName\":\"search_term_string\"}}],\"inLanguage\":\"de\"},{\"@type\":\"Organization\",\"@id\":\"https:\\\/\\\/www.zurbrueggen.de\\\/magazin\\\/#organization\",\"name\":\"Zurbr\u00fcggen Wohn-Zentrum GmbH\",\"url\":\"https:\\\/\\\/www.zurbrueggen.de\\\/magazin\\\/\",\"logo\":{\"@type\":\"ImageObject\",\"inLanguage\":\"de\",\"@id\":\"https:\\\/\\\/www.zurbrueggen.de\\\/magazin\\\/#\\\/schema\\\/logo\\\/image\\\/\",\"url\":\"https:\\\/\\\/www.zurbrueggen.de\\\/magazin\\\/wp-content\\\/uploads\\\/2016\\\/07\\\/logo_zurbrueggen.png\",\"contentUrl\":\"https:\\\/\\\/www.zurbrueggen.de\\\/magazin\\\/wp-content\\\/uploads\\\/2016\\\/07\\\/logo_zurbrueggen.png\",\"width\":400,\"height\":107,\"caption\":\"Zurbr\u00fcggen Wohn-Zentrum GmbH\"},\"image\":{\"@id\":\"https:\\\/\\\/www.zurbrueggen.de\\\/magazin\\\/#\\\/schema\\\/logo\\\/image\\\/\"},\"sameAs\":[\"https:\\\/\\\/facebook.com\\\/zurbrueggen\",\"https:\\\/\\\/x.com\\\/Zurbrueggen\"]},{\"@type\":\"Person\",\"@id\":\"https:\\\/\\\/www.zurbrueggen.de\\\/magazin\\\/#\\\/schema\\\/person\\\/854bf48775402a3ad9781dbbfae53ae2\",\"name\":\"Nico Kub\",\"image\":{\"@type\":\"ImageObject\",\"inLanguage\":\"de\",\"@id\":\"https:\\\/\\\/secure.gravatar.com\\\/avatar\\\/96f9adc84d4be6918d00743296f55fc74e17e79e6a8ab50b576c4b0f66a48eae?s=96&d=mm&r=g\",\"url\":\"https:\\\/\\\/secure.gravatar.com\\\/avatar\\\/96f9adc84d4be6918d00743296f55fc74e17e79e6a8ab50b576c4b0f66a48eae?s=96&d=mm&r=g\",\"contentUrl\":\"https:\\\/\\\/secure.gravatar.com\\\/avatar\\\/96f9adc84d4be6918d00743296f55fc74e17e79e6a8ab50b576c4b0f66a48eae?s=96&d=mm&r=g\",\"caption\":\"Nico Kub\"},\"url\":\"https:\\\/\\\/www.zurbrueggen.de\\\/magazin\\\/author\\\/n_kub\\\/\"}]}<\/script>\n<!-- \/ Yoast SEO plugin. -->","yoast_head_json":{"title":"Trendfarbe 2023: Viva Magenta - Pantone Farbe des Jahres","description":"Neues Jahr, neuer Trend: Auch bei den Farben setzen sich jedes Jahr immer mehr neue Trends durch. Seid ihr bereit f\u00fcr Viva Magenta?","robots":{"index":"index","follow":"follow","max-snippet":"max-snippet:-1","max-image-preview":"max-image-preview:large","max-video-preview":"max-video-preview:-1"},"canonical":"https:\/\/www.zurbrueggen.de\/magazin\/magenta-pantone-farbe-des-jahres-23\/","og_locale":"de_DE","og_type":"article","og_title":"Trendfarbe 2023: Viva Magenta - Pantone Farbe des Jahres","og_description":"Neues Jahr, neuer Trend: Auch bei den Farben setzen sich jedes Jahr immer mehr neue Trends durch. Seid ihr bereit f\u00fcr Viva Magenta?","og_url":"https:\/\/www.zurbrueggen.de\/magazin\/magenta-pantone-farbe-des-jahres-23\/","og_site_name":"Zurbr\u00fcggen magazin","article_publisher":"https:\/\/facebook.com\/zurbrueggen","article_published_time":"2023-01-04T13:27:45+00:00","article_modified_time":"2024-01-11T11:50:11+00:00","og_image":[{"width":1200,"height":675,"url":"https:\/\/www.zurbrueggen.de\/magazin\/wp-content\/uploads\/2023\/01\/magazin-beitragsbild-cta-m-viva-magenta-pantone-2023.jpg","type":"image\/jpeg"}],"author":"Nico Kub","schema":{"@context":"https:\/\/schema.org","@graph":[{"@type":"Article","@id":"https:\/\/www.zurbrueggen.de\/magazin\/magenta-pantone-farbe-des-jahres-23\/#article","isPartOf":{"@id":"https:\/\/www.zurbrueggen.de\/magazin\/magenta-pantone-farbe-des-jahres-23\/"},"author":{"name":"Nico Kub","@id":"https:\/\/www.zurbrueggen.de\/magazin\/#\/schema\/person\/854bf48775402a3ad9781dbbfae53ae2"},"headline":"Viva Magenta &#8211; Pantone Farbe des Jahres 2023","datePublished":"2023-01-04T13:27:45+00:00","dateModified":"2024-01-11T11:50:11+00:00","mainEntityOfPage":{"@id":"https:\/\/www.zurbrueggen.de\/magazin\/magenta-pantone-farbe-des-jahres-23\/"},"wordCount":613,"commentCount":0,"publisher":{"@id":"https:\/\/www.zurbrueggen.de\/magazin\/#organization"},"image":{"@id":"https:\/\/www.zurbrueggen.de\/magazin\/magenta-pantone-farbe-des-jahres-23\/#primaryimage"},"thumbnailUrl":"https:\/\/www.zurbrueggen.de\/magazin\/wp-content\/uploads\/2023\/01\/magazin-beitragsbild-cta-m-viva-magenta-pantone-2023.jpg","keywords":["2023","Couch","Deko","Dekoration","Einrichtung","Einrichtungstrends","Kissen","M\u00f6bel","Sofa","Stil","Trend","Trends"],"articleSection":["trend","Trends &amp; Wissen"],"inLanguage":"de","potentialAction":[{"@type":"CommentAction","name":"Comment","target":["https:\/\/www.zurbrueggen.de\/magazin\/magenta-pantone-farbe-des-jahres-23\/#respond"]}]},{"@type":"WebPage","@id":"https:\/\/www.zurbrueggen.de\/magazin\/magenta-pantone-farbe-des-jahres-23\/","url":"https:\/\/www.zurbrueggen.de\/magazin\/magenta-pantone-farbe-des-jahres-23\/","name":"Trendfarbe 2023: Viva Magenta - Pantone Farbe des Jahres","isPartOf":{"@id":"https:\/\/www.zurbrueggen.de\/magazin\/#website"},"primaryImageOfPage":{"@id":"https:\/\/www.zurbrueggen.de\/magazin\/magenta-pantone-farbe-des-jahres-23\/#primaryimage"},"image":{"@id":"https:\/\/www.zurbrueggen.de\/magazin\/magenta-pantone-farbe-des-jahres-23\/#primaryimage"},"thumbnailUrl":"https:\/\/www.zurbrueggen.de\/magazin\/wp-content\/uploads\/2023\/01\/magazin-beitragsbild-cta-m-viva-magenta-pantone-2023.jpg","datePublished":"2023-01-04T13:27:45+00:00","dateModified":"2024-01-11T11:50:11+00:00","description":"Neues Jahr, neuer Trend: Auch bei den Farben setzen sich jedes Jahr immer mehr neue Trends durch. Seid ihr bereit f\u00fcr Viva Magenta?","breadcrumb":{"@id":"https:\/\/www.zurbrueggen.de\/magazin\/magenta-pantone-farbe-des-jahres-23\/#breadcrumb"},"inLanguage":"de","potentialAction":[{"@type":"ReadAction","target":["https:\/\/www.zurbrueggen.de\/magazin\/magenta-pantone-farbe-des-jahres-23\/"]}]},{"@type":"ImageObject","inLanguage":"de","@id":"https:\/\/www.zurbrueggen.de\/magazin\/magenta-pantone-farbe-des-jahres-23\/#primaryimage","url":"https:\/\/www.zurbrueggen.de\/magazin\/wp-content\/uploads\/2023\/01\/magazin-beitragsbild-cta-m-viva-magenta-pantone-2023.jpg","contentUrl":"https:\/\/www.zurbrueggen.de\/magazin\/wp-content\/uploads\/2023\/01\/magazin-beitragsbild-cta-m-viva-magenta-pantone-2023.jpg","width":1200,"height":675},{"@type":"BreadcrumbList","@id":"https:\/\/www.zurbrueggen.de\/magazin\/magenta-pantone-farbe-des-jahres-23\/#breadcrumb","itemListElement":[{"@type":"ListItem","position":1,"name":"Startseite","item":"https:\/\/www.zurbrueggen.de\/magazin\/"},{"@type":"ListItem","position":2,"name":"Viva Magenta &#8211; Pantone Farbe des Jahres 2023"}]},{"@type":"WebSite","@id":"https:\/\/www.zurbrueggen.de\/magazin\/#website","url":"https:\/\/www.zurbrueggen.de\/magazin\/","name":"Zurbr\u00fcggen magazin","description":"DESIGN \u2022 STYLE \u2022 LIVING","publisher":{"@id":"https:\/\/www.zurbrueggen.de\/magazin\/#organization"},"potentialAction":[{"@type":"SearchAction","target":{"@type":"EntryPoint","urlTemplate":"https:\/\/www.zurbrueggen.de\/magazin\/?s={search_term_string}"},"query-input":{"@type":"PropertyValueSpecification","valueRequired":true,"valueName":"search_term_string"}}],"inLanguage":"de"},{"@type":"Organization","@id":"https:\/\/www.zurbrueggen.de\/magazin\/#organization","name":"Zurbr\u00fcggen Wohn-Zentrum GmbH","url":"https:\/\/www.zurbrueggen.de\/magazin\/","logo":{"@type":"ImageObject","inLanguage":"de","@id":"https:\/\/www.zurbrueggen.de\/magazin\/#\/schema\/logo\/image\/","url":"https:\/\/www.zurbrueggen.de\/magazin\/wp-content\/uploads\/2016\/07\/logo_zurbrueggen.png","contentUrl":"https:\/\/www.zurbrueggen.de\/magazin\/wp-content\/uploads\/2016\/07\/logo_zurbrueggen.png","width":400,"height":107,"caption":"Zurbr\u00fcggen Wohn-Zentrum GmbH"},"image":{"@id":"https:\/\/www.zurbrueggen.de\/magazin\/#\/schema\/logo\/image\/"},"sameAs":["https:\/\/facebook.com\/zurbrueggen","https:\/\/x.com\/Zurbrueggen"]},{"@type":"Person","@id":"https:\/\/www.zurbrueggen.de\/magazin\/#\/schema\/person\/854bf48775402a3ad9781dbbfae53ae2","name":"Nico Kub","image":{"@type":"ImageObject","inLanguage":"de","@id":"https:\/\/secure.gravatar.com\/avatar\/96f9adc84d4be6918d00743296f55fc74e17e79e6a8ab50b576c4b0f66a48eae?s=96&d=mm&r=g","url":"https:\/\/secure.gravatar.com\/avatar\/96f9adc84d4be6918d00743296f55fc74e17e79e6a8ab50b576c4b0f66a48eae?s=96&d=mm&r=g","contentUrl":"https:\/\/secure.gravatar.com\/avatar\/96f9adc84d4be6918d00743296f55fc74e17e79e6a8ab50b576c4b0f66a48eae?s=96&d=mm&r=g","caption":"Nico Kub"},"url":"https:\/\/www.zurbrueggen.de\/magazin\/author\/n_kub\/"}]}},"_links":{"self":[{"href":"https:\/\/www.zurbrueggen.de\/magazin\/wp-json\/wp\/v2\/posts\/7007","targetHints":{"allow":["GET"]}}],"collection":[{"href":"https:\/\/www.zurbrueggen.de\/magazin\/wp-json\/wp\/v2\/posts"}],"about":[{"href":"https:\/\/www.zurbrueggen.de\/magazin\/wp-json\/wp\/v2\/types\/post"}],"author":[{"embeddable":true,"href":"https:\/\/www.zurbrueggen.de\/magazin\/wp-json\/wp\/v2\/users\/21"}],"replies":[{"embeddable":true,"href":"https:\/\/www.zurbrueggen.de\/magazin\/wp-json\/wp\/v2\/comments?post=7007"}],"version-history":[{"count":19,"href":"https:\/\/www.zurbrueggen.de\/magazin\/wp-json\/wp\/v2\/posts\/7007\/revisions"}],"predecessor-version":[{"id":7795,"href":"https:\/\/www.zurbrueggen.de\/magazin\/wp-json\/wp\/v2\/posts\/7007\/revisions\/7795"}],"wp:featuredmedia":[{"embeddable":true,"href":"https:\/\/www.zurbrueggen.de\/magazin\/wp-json\/wp\/v2\/media\/7010"}],"wp:attachment":[{"href":"https:\/\/www.zurbrueggen.de\/magazin\/wp-json\/wp\/v2\/media?parent=7007"}],"wp:term":[{"taxonomy":"category","embeddable":true,"href":"https:\/\/www.zurbrueggen.de\/magazin\/wp-json\/wp\/v2\/categories?post=7007"},{"taxonomy":"post_tag","embeddable":true,"href":"https:\/\/www.zurbrueggen.de\/magazin\/wp-json\/wp\/v2\/tags?post=7007"}],"curies":[{"name":"wp","href":"https:\/\/api.w.org\/{rel}","templated":true}]}}