{"id":6788,"date":"2022-09-09T13:26:09","date_gmt":"2022-09-09T11:26:09","guid":{"rendered":"https:\/\/www.zurbrueggen.de\/magazin\/?p=6788"},"modified":"2024-01-11T16:54:00","modified_gmt":"2024-01-11T15:54:00","slug":"cord-comeback","status":"publish","type":"post","link":"https:\/\/www.zurbrueggen.de\/magazin\/cord-comeback\/","title":{"rendered":"Cord Comeback"},"content":{"rendered":"<div class=\"mceTemp\"><\/div>\n<p><span class=\"vorschau\" style=\"font-family: 'Roboto Slab'; font-size: 22px; line-height: 34px; font-weight: 300; margin-top: 40px;\">Wir alle haben es auf den Stra\u00dfen und in unseren Kleiderschr\u00e4nken bemerkt: Die 70er sind zur\u00fcck. Dabei setzen wir stofflich in diesem Jahr nicht nur auf bunte Farben und Muster \u2013 auch ein anderer Klassiker mit Kultstatus ist zur\u00fcck und kleidet nicht nur uns, sondern auch unsere Polsterm\u00f6bel besonders gut. Cord besticht durch seine besondere Streifenoptik und die flauschige Oberfl\u00e4che, kann aber noch mehr.<\/span><\/p>\n<p><!--more--><\/p>\n<p>&nbsp;<\/p>\n<figure id=\"attachment_6815\" aria-describedby=\"caption-attachment-6815\" style=\"width: 1200px\" class=\"wp-caption alignnone\"><a href=\"https:\/\/www.zurbrueggen.de\/dieter-knoll-longchairkombination-badia\/1315364\"><img loading=\"lazy\" decoding=\"async\" src=\"https:\/\/www.zurbrueggen.de\/magazin\/wp-content\/uploads\/2022\/09\/magazin-beitragsbild-3-m-cordcomeback.jpg\" alt=\"\" width=\"1200\" height=\"675\" class=\"size-full wp-image-6815\" srcset=\"https:\/\/www.zurbrueggen.de\/magazin\/wp-content\/uploads\/2022\/09\/magazin-beitragsbild-3-m-cordcomeback.jpg 1200w, https:\/\/www.zurbrueggen.de\/magazin\/wp-content\/uploads\/2022\/09\/magazin-beitragsbild-3-m-cordcomeback-300x169.jpg 300w, https:\/\/www.zurbrueggen.de\/magazin\/wp-content\/uploads\/2022\/09\/magazin-beitragsbild-3-m-cordcomeback-1024x576.jpg 1024w, https:\/\/www.zurbrueggen.de\/magazin\/wp-content\/uploads\/2022\/09\/magazin-beitragsbild-3-m-cordcomeback-768x432.jpg 768w, https:\/\/www.zurbrueggen.de\/magazin\/wp-content\/uploads\/2022\/09\/magazin-beitragsbild-3-m-cordcomeback-665x374.jpg 665w, https:\/\/www.zurbrueggen.de\/magazin\/wp-content\/uploads\/2022\/09\/magazin-beitragsbild-3-m-cordcomeback-462x260.jpg 462w\" sizes=\"auto, (max-width: 1200px) 100vw, 1200px\" \/><\/a><figcaption id=\"caption-attachment-6815\" class=\"wp-caption-text\">Aus unserem Shop: Dieter Knoll Longchairkombination BADIA<\/figcaption><\/figure>\n<p><span class=\"fliesstext\" style=\"font-family: Roboto, sans-serif; font-size: 16px; line-height: 24px; font-weight: 400;\">Der schon vor knapp 50 Jahren beliebte Stoff f\u00fcgt sich mit seinem grafischen Streifenmuster in jeden Raum ein \u2013 au\u00dfer leicht changierenden Effekten setzt man hier auf Einfarbigkeit. So ist auch die Kombination mit gemusterten Tapeten oder Teppichen ein echter Hingucker. Besonders beliebt sind aktuell Modelle in hellen Farben wie creme, wei\u00df und light grey. Den farblichen Akzent \u2013 passend zum 70er Motto \u2013 liefern dazu bunte <a href=\"https:\/\/www.zurbrueggen.de\/deko-textil\/textilien\/kissen-huellen\/\">Kissen <\/a>oder passende <a href=\"https:\/\/www.zurbrueggen.de\/moebel\/wohnzimmer\/hocker\/poufs\/\">Poufs <\/a>und <a href=\"https:\/\/www.zurbrueggen.de\/moebel\/wohnzimmer\/sessel\/\">Sessel <\/a>als weitere Sitzgelegenheit. Zu den hellen T\u00f6nen l\u00e4sst sich dann jede Akzentfarbe w\u00e4hlen \u2013 beliebt bleiben die Trends, die schon in den letzten Jahren begeisterten: Altrosa, Petrol und Olive sind aus der Inneneinrichtung kaum noch wegzudenken.<\/span><\/p>\n<p>&nbsp;<\/p>\n<figure id=\"attachment_6806\" aria-describedby=\"caption-attachment-6806\" style=\"width: 1200px\" class=\"wp-caption alignnone\"><a href=\"https:\/\/www.zurbrueggen.de\/pure-home-lifestyle-megasofa-klein-pure-979\/1317417\"><img loading=\"lazy\" decoding=\"async\" src=\"https:\/\/www.zurbrueggen.de\/magazin\/wp-content\/uploads\/2022\/09\/magazin-beitragsbild-4-m-cordcomeback.jpg\" alt=\"\" width=\"1200\" height=\"675\" class=\"size-full wp-image-6806\" srcset=\"https:\/\/www.zurbrueggen.de\/magazin\/wp-content\/uploads\/2022\/09\/magazin-beitragsbild-4-m-cordcomeback.jpg 1200w, https:\/\/www.zurbrueggen.de\/magazin\/wp-content\/uploads\/2022\/09\/magazin-beitragsbild-4-m-cordcomeback-300x169.jpg 300w, https:\/\/www.zurbrueggen.de\/magazin\/wp-content\/uploads\/2022\/09\/magazin-beitragsbild-4-m-cordcomeback-1024x576.jpg 1024w, https:\/\/www.zurbrueggen.de\/magazin\/wp-content\/uploads\/2022\/09\/magazin-beitragsbild-4-m-cordcomeback-768x432.jpg 768w, https:\/\/www.zurbrueggen.de\/magazin\/wp-content\/uploads\/2022\/09\/magazin-beitragsbild-4-m-cordcomeback-665x374.jpg 665w, https:\/\/www.zurbrueggen.de\/magazin\/wp-content\/uploads\/2022\/09\/magazin-beitragsbild-4-m-cordcomeback-462x260.jpg 462w\" sizes=\"auto, (max-width: 1200px) 100vw, 1200px\" \/><\/a><figcaption id=\"caption-attachment-6806\" class=\"wp-caption-text\">Aus unserem Shop: Pure Home Lifestyle Megasofa klein PURE 979<\/figcaption><\/figure>\n<p><span class=\"fliesstext\" style=\"font-family: Roboto, sans-serif; font-size: 16px; line-height: 24px; font-weight: 400;\">Optisch unterscheiden wir in Breit- und Fein-Cord. Wie aus den Namen abzuleiten, handelt es sich hierbei um breitere oder schmalere Streifen des klassischen Musters. Mehr \u00e4ndert sich nicht: Beide Varianten bieten eine samtweiche Oberfl\u00e4che mit changierenden Effekten, sodass der Eindruck leichter Farbunterschiede im Material entsteht. Weich und gem\u00fctlich ist der Stoff angenehm auf der Haut und sowohl f\u00fcr einen gem\u00fctlichen Filmeabend als auch f\u00fcr ein Zusammenkommen mit Freunden geeignet. Hierbei entscheidet eher die Wahl des Sofas in Form, Funktion &#038; Gr\u00f6\u00dfe.<\/span><\/p>\n<p>&nbsp;<\/p>\n<figure id=\"attachment_6809\" aria-describedby=\"caption-attachment-6809\" style=\"width: 1200px\" class=\"wp-caption alignnone\"><a href=\"https:\/\/www.zurbrueggen.de\/pure-home-lifestyle-polsterrundecke-pure-979\/1317407\"><img loading=\"lazy\" decoding=\"async\" src=\"https:\/\/www.zurbrueggen.de\/magazin\/wp-content\/uploads\/2022\/09\/magazin-beitragsbild-2-m-cordcomeback.jpg\" alt=\"\" width=\"1200\" height=\"675\" class=\"size-full wp-image-6809\" srcset=\"https:\/\/www.zurbrueggen.de\/magazin\/wp-content\/uploads\/2022\/09\/magazin-beitragsbild-2-m-cordcomeback.jpg 1200w, https:\/\/www.zurbrueggen.de\/magazin\/wp-content\/uploads\/2022\/09\/magazin-beitragsbild-2-m-cordcomeback-300x169.jpg 300w, https:\/\/www.zurbrueggen.de\/magazin\/wp-content\/uploads\/2022\/09\/magazin-beitragsbild-2-m-cordcomeback-1024x576.jpg 1024w, https:\/\/www.zurbrueggen.de\/magazin\/wp-content\/uploads\/2022\/09\/magazin-beitragsbild-2-m-cordcomeback-768x432.jpg 768w, https:\/\/www.zurbrueggen.de\/magazin\/wp-content\/uploads\/2022\/09\/magazin-beitragsbild-2-m-cordcomeback-665x374.jpg 665w, https:\/\/www.zurbrueggen.de\/magazin\/wp-content\/uploads\/2022\/09\/magazin-beitragsbild-2-m-cordcomeback-462x260.jpg 462w\" sizes=\"auto, (max-width: 1200px) 100vw, 1200px\" \/><\/a><figcaption id=\"caption-attachment-6809\" class=\"wp-caption-text\">Aus unserem Shop: Pure Home Lifestyle Polsterrundecke PURE 979<\/figcaption><\/figure>\n<p><span class=\"fliesstext\" style=\"font-family: Roboto, sans-serif; font-size: 16px; line-height: 24px; font-weight: 400;\">Der Stoff kleidet jeden Schnitt \u2013 egal ob die neue Couch \u00fcber Eck geht, ein Big oder Mega Sofa ist \u2013 die unterschiedlichsten Garnituren, in den unterschiedlichsten Gr\u00f6\u00dfen lassen sich mit Cord ausstatten. Die Entscheidungen, die neben Material und Farbe zu treffen sind, sollten nat\u00fcrlich nicht vernachl\u00e4ssigt werden: Bodennah oder bodenfrei, Gestell, Polsterung und Funktionen sind nat\u00fcrlich weitere elementare Faktoren bei der Wahl einer neuen Couch. In vergangenen Beitr\u00e4gen haben wir bereits <a href=\"https:\/\/www.zurbrueggen.de\/magazin\/couchpotato\/\">Form, Gr\u00f6\u00dfe &#038; Funktion<\/a> sowie <a href=\"https:\/\/www.zurbrueggen.de\/magazin\/couch-potato-innere-werte\/\">Polsterung, Gestell und Material<\/a>  ganz genau beleuchtet.  F\u00fcr weitere Unterst\u00fctzung bei der Wahl einer neuen Couch r\u00e4t unser Polster-Experte aus Unna, Walter Donauer: \u201eAlle Kollegen sind in jedem Aspekt geschult und helfen Ihnen vor Ort gerne weiter, das f\u00fcr Sie richtige St\u00fcck zu finden. Perfekt im Trend liegen Sie aktuell mit unserer <a href=\"https:\/\/www.zurbrueggen.de\/pure-home-lifestyle-longchairkombination-delia\/1276115\">Pure Home Lifestyle Longchairkombination DELIA<\/a> \u2013 gem\u00fctlicher Loungestil, leicht bodenfrei und helles cremefarbenes Cord sind die beliebteste Mischung des Jahres.\u201c<\/span><\/p>\n<p>&nbsp;<\/p>\n<p><a href=\"https:\/\/www.zurbrueggen.de\/moebel\/wohnzimmer\/sofa-couch\/\"><img loading=\"lazy\" decoding=\"async\" src=\"https:\/\/www.zurbrueggen.de\/magazin\/wp-content\/uploads\/2022\/09\/magazin-footer-cordcomeback.jpg\" alt=\"\" width=\"1102\" height=\"240\" class=\"alignnone size-full wp-image-6811\" srcset=\"https:\/\/www.zurbrueggen.de\/magazin\/wp-content\/uploads\/2022\/09\/magazin-footer-cordcomeback.jpg 1102w, https:\/\/www.zurbrueggen.de\/magazin\/wp-content\/uploads\/2022\/09\/magazin-footer-cordcomeback-300x65.jpg 300w, https:\/\/www.zurbrueggen.de\/magazin\/wp-content\/uploads\/2022\/09\/magazin-footer-cordcomeback-1024x223.jpg 1024w, https:\/\/www.zurbrueggen.de\/magazin\/wp-content\/uploads\/2022\/09\/magazin-footer-cordcomeback-768x167.jpg 768w, https:\/\/www.zurbrueggen.de\/magazin\/wp-content\/uploads\/2022\/09\/magazin-footer-cordcomeback-665x145.jpg 665w\" sizes=\"auto, (max-width: 1102px) 100vw, 1102px\" \/><\/a><\/p>\n","protected":false},"excerpt":{"rendered":"<p>Wir alle haben es auf den Stra\u00dfen und in unseren Kleiderschr\u00e4nken bemerkt: Die 70er sind zur\u00fcck. Dabei setzen wir stofflich in diesem Jahr nicht nur auf bunte Farben und Muster \u2013 auch ein anderer Klassiker mit Kultstatus ist zur\u00fcck und kleidet nicht nur uns, sondern auch unsere Polsterm\u00f6bel besonders gut. Cord besticht durch seine besondere [&hellip;]<\/p>\n","protected":false},"author":20,"featured_media":6805,"comment_status":"open","ping_status":"open","sticky":false,"template":"","format":"standard","meta":{"_acf_changed":false,"footnotes":""},"categories":[43,26],"tags":[1228,1229,1148,1230,1233,1231,1216,1232,1147,1145],"class_list":["post-6788","post","type-post","status-publish","format-standard","has-post-thumbnail","hentry","category-wohn-esszimmer","category-wohnwelten","tag-cord","tag-cordsofa","tag-couch","tag-couchgarnitur","tag-hocker","tag-kissen","tag-polster","tag-pouf","tag-sofa","tag-wohnzimmer"],"acf":[],"yoast_head":"<!-- This site is optimized with the Yoast SEO plugin v27.4 - https:\/\/yoast.com\/product\/yoast-seo-wordpress\/ -->\n<title>Cord Comeback: Wohnzimmer Trend-Hit des Jahres<\/title>\n<meta name=\"description\" content=\"Wir alle haben es bemerkt: Die 70er sind zur\u00fcck. Cord besticht durch seine besondere Streifenoptik und die flauschige Oberfl\u00e4che, kann aber noch mehr.\" \/>\n<meta name=\"robots\" content=\"index, follow, max-snippet:-1, max-image-preview:large, max-video-preview:-1\" \/>\n<link rel=\"canonical\" href=\"https:\/\/www.zurbrueggen.de\/magazin\/cord-comeback\/\" \/>\n<meta property=\"og:locale\" content=\"de_DE\" \/>\n<meta property=\"og:type\" content=\"article\" \/>\n<meta property=\"og:title\" content=\"Cord Comeback: Wohnzimmer Trend-Hit des Jahres\" \/>\n<meta property=\"og:description\" content=\"Wir alle haben es bemerkt: Die 70er sind zur\u00fcck. Cord besticht durch seine besondere Streifenoptik und die flauschige Oberfl\u00e4che, kann aber noch mehr.\" \/>\n<meta property=\"og:url\" content=\"https:\/\/www.zurbrueggen.de\/magazin\/cord-comeback\/\" \/>\n<meta property=\"og:site_name\" content=\"Zurbr\u00fcggen magazin\" \/>\n<meta property=\"article:publisher\" content=\"https:\/\/facebook.com\/zurbrueggen\" \/>\n<meta property=\"article:published_time\" content=\"2022-09-09T11:26:09+00:00\" \/>\n<meta property=\"article:modified_time\" content=\"2024-01-11T15:54:00+00:00\" \/>\n<meta property=\"og:image\" content=\"https:\/\/www.zurbrueggen.de\/magazin\/wp-content\/uploads\/2022\/09\/magazin-beitragsbild-1-cta-m-cordcomeback.jpg\" \/>\n\t<meta property=\"og:image:width\" content=\"1200\" \/>\n\t<meta property=\"og:image:height\" content=\"675\" \/>\n\t<meta property=\"og:image:type\" content=\"image\/jpeg\" \/>\n<meta name=\"author\" content=\"Linda Wolfgart\" \/>\n<script type=\"application\/ld+json\" class=\"yoast-schema-graph\">{\"@context\":\"https:\\\/\\\/schema.org\",\"@graph\":[{\"@type\":\"Article\",\"@id\":\"https:\\\/\\\/www.zurbrueggen.de\\\/magazin\\\/cord-comeback\\\/#article\",\"isPartOf\":{\"@id\":\"https:\\\/\\\/www.zurbrueggen.de\\\/magazin\\\/cord-comeback\\\/\"},\"author\":{\"name\":\"Linda Wolfgart\",\"@id\":\"https:\\\/\\\/www.zurbrueggen.de\\\/magazin\\\/#\\\/schema\\\/person\\\/07170b1da6f7876ac78e450b9a3ed3d6\"},\"headline\":\"Cord Comeback\",\"datePublished\":\"2022-09-09T11:26:09+00:00\",\"dateModified\":\"2024-01-11T15:54:00+00:00\",\"mainEntityOfPage\":{\"@id\":\"https:\\\/\\\/www.zurbrueggen.de\\\/magazin\\\/cord-comeback\\\/\"},\"wordCount\":472,\"commentCount\":0,\"publisher\":{\"@id\":\"https:\\\/\\\/www.zurbrueggen.de\\\/magazin\\\/#organization\"},\"image\":{\"@id\":\"https:\\\/\\\/www.zurbrueggen.de\\\/magazin\\\/cord-comeback\\\/#primaryimage\"},\"thumbnailUrl\":\"https:\\\/\\\/www.zurbrueggen.de\\\/magazin\\\/wp-content\\\/uploads\\\/2022\\\/09\\\/magazin-beitragsbild-1-cta-m-cordcomeback.jpg\",\"keywords\":[\"Cord\",\"Cordsofa\",\"Couch\",\"Couchgarnitur\",\"Hocker\",\"Kissen\",\"Polster\",\"Pouf\",\"Sofa\",\"Wohnzimmer\"],\"articleSection\":[\"wohn- \\\/ esszimmer\",\"Wohnwelten\"],\"inLanguage\":\"de\",\"potentialAction\":[{\"@type\":\"CommentAction\",\"name\":\"Comment\",\"target\":[\"https:\\\/\\\/www.zurbrueggen.de\\\/magazin\\\/cord-comeback\\\/#respond\"]}]},{\"@type\":\"WebPage\",\"@id\":\"https:\\\/\\\/www.zurbrueggen.de\\\/magazin\\\/cord-comeback\\\/\",\"url\":\"https:\\\/\\\/www.zurbrueggen.de\\\/magazin\\\/cord-comeback\\\/\",\"name\":\"Cord Comeback: Wohnzimmer Trend-Hit des Jahres\",\"isPartOf\":{\"@id\":\"https:\\\/\\\/www.zurbrueggen.de\\\/magazin\\\/#website\"},\"primaryImageOfPage\":{\"@id\":\"https:\\\/\\\/www.zurbrueggen.de\\\/magazin\\\/cord-comeback\\\/#primaryimage\"},\"image\":{\"@id\":\"https:\\\/\\\/www.zurbrueggen.de\\\/magazin\\\/cord-comeback\\\/#primaryimage\"},\"thumbnailUrl\":\"https:\\\/\\\/www.zurbrueggen.de\\\/magazin\\\/wp-content\\\/uploads\\\/2022\\\/09\\\/magazin-beitragsbild-1-cta-m-cordcomeback.jpg\",\"datePublished\":\"2022-09-09T11:26:09+00:00\",\"dateModified\":\"2024-01-11T15:54:00+00:00\",\"description\":\"Wir alle haben es bemerkt: Die 70er sind zur\u00fcck. Cord besticht durch seine besondere Streifenoptik und die flauschige Oberfl\u00e4che, kann aber noch mehr.\",\"breadcrumb\":{\"@id\":\"https:\\\/\\\/www.zurbrueggen.de\\\/magazin\\\/cord-comeback\\\/#breadcrumb\"},\"inLanguage\":\"de\",\"potentialAction\":[{\"@type\":\"ReadAction\",\"target\":[\"https:\\\/\\\/www.zurbrueggen.de\\\/magazin\\\/cord-comeback\\\/\"]}]},{\"@type\":\"ImageObject\",\"inLanguage\":\"de\",\"@id\":\"https:\\\/\\\/www.zurbrueggen.de\\\/magazin\\\/cord-comeback\\\/#primaryimage\",\"url\":\"https:\\\/\\\/www.zurbrueggen.de\\\/magazin\\\/wp-content\\\/uploads\\\/2022\\\/09\\\/magazin-beitragsbild-1-cta-m-cordcomeback.jpg\",\"contentUrl\":\"https:\\\/\\\/www.zurbrueggen.de\\\/magazin\\\/wp-content\\\/uploads\\\/2022\\\/09\\\/magazin-beitragsbild-1-cta-m-cordcomeback.jpg\",\"width\":1200,\"height\":675},{\"@type\":\"BreadcrumbList\",\"@id\":\"https:\\\/\\\/www.zurbrueggen.de\\\/magazin\\\/cord-comeback\\\/#breadcrumb\",\"itemListElement\":[{\"@type\":\"ListItem\",\"position\":1,\"name\":\"Startseite\",\"item\":\"https:\\\/\\\/www.zurbrueggen.de\\\/magazin\\\/\"},{\"@type\":\"ListItem\",\"position\":2,\"name\":\"Cord Comeback\"}]},{\"@type\":\"WebSite\",\"@id\":\"https:\\\/\\\/www.zurbrueggen.de\\\/magazin\\\/#website\",\"url\":\"https:\\\/\\\/www.zurbrueggen.de\\\/magazin\\\/\",\"name\":\"Zurbr\u00fcggen magazin\",\"description\":\"DESIGN \u2022 STYLE \u2022 LIVING\",\"publisher\":{\"@id\":\"https:\\\/\\\/www.zurbrueggen.de\\\/magazin\\\/#organization\"},\"potentialAction\":[{\"@type\":\"SearchAction\",\"target\":{\"@type\":\"EntryPoint\",\"urlTemplate\":\"https:\\\/\\\/www.zurbrueggen.de\\\/magazin\\\/?s={search_term_string}\"},\"query-input\":{\"@type\":\"PropertyValueSpecification\",\"valueRequired\":true,\"valueName\":\"search_term_string\"}}],\"inLanguage\":\"de\"},{\"@type\":\"Organization\",\"@id\":\"https:\\\/\\\/www.zurbrueggen.de\\\/magazin\\\/#organization\",\"name\":\"Zurbr\u00fcggen Wohn-Zentrum GmbH\",\"url\":\"https:\\\/\\\/www.zurbrueggen.de\\\/magazin\\\/\",\"logo\":{\"@type\":\"ImageObject\",\"inLanguage\":\"de\",\"@id\":\"https:\\\/\\\/www.zurbrueggen.de\\\/magazin\\\/#\\\/schema\\\/logo\\\/image\\\/\",\"url\":\"https:\\\/\\\/www.zurbrueggen.de\\\/magazin\\\/wp-content\\\/uploads\\\/2016\\\/07\\\/logo_zurbrueggen.png\",\"contentUrl\":\"https:\\\/\\\/www.zurbrueggen.de\\\/magazin\\\/wp-content\\\/uploads\\\/2016\\\/07\\\/logo_zurbrueggen.png\",\"width\":400,\"height\":107,\"caption\":\"Zurbr\u00fcggen Wohn-Zentrum GmbH\"},\"image\":{\"@id\":\"https:\\\/\\\/www.zurbrueggen.de\\\/magazin\\\/#\\\/schema\\\/logo\\\/image\\\/\"},\"sameAs\":[\"https:\\\/\\\/facebook.com\\\/zurbrueggen\",\"https:\\\/\\\/x.com\\\/Zurbrueggen\"]},{\"@type\":\"Person\",\"@id\":\"https:\\\/\\\/www.zurbrueggen.de\\\/magazin\\\/#\\\/schema\\\/person\\\/07170b1da6f7876ac78e450b9a3ed3d6\",\"name\":\"Linda Wolfgart\",\"image\":{\"@type\":\"ImageObject\",\"inLanguage\":\"de\",\"@id\":\"https:\\\/\\\/secure.gravatar.com\\\/avatar\\\/f84173980fbd4382d8c0ae77c07dbf27a65219dbdadb5b039dab209120bb5c55?s=96&d=mm&r=g\",\"url\":\"https:\\\/\\\/secure.gravatar.com\\\/avatar\\\/f84173980fbd4382d8c0ae77c07dbf27a65219dbdadb5b039dab209120bb5c55?s=96&d=mm&r=g\",\"contentUrl\":\"https:\\\/\\\/secure.gravatar.com\\\/avatar\\\/f84173980fbd4382d8c0ae77c07dbf27a65219dbdadb5b039dab209120bb5c55?s=96&d=mm&r=g\",\"caption\":\"Linda Wolfgart\"},\"url\":\"https:\\\/\\\/www.zurbrueggen.de\\\/magazin\\\/author\\\/l_junowicz\\\/\"}]}<\/script>\n<!-- \/ Yoast SEO plugin. -->","yoast_head_json":{"title":"Cord Comeback: Wohnzimmer Trend-Hit des Jahres","description":"Wir alle haben es bemerkt: Die 70er sind zur\u00fcck. Cord besticht durch seine besondere Streifenoptik und die flauschige Oberfl\u00e4che, kann aber noch mehr.","robots":{"index":"index","follow":"follow","max-snippet":"max-snippet:-1","max-image-preview":"max-image-preview:large","max-video-preview":"max-video-preview:-1"},"canonical":"https:\/\/www.zurbrueggen.de\/magazin\/cord-comeback\/","og_locale":"de_DE","og_type":"article","og_title":"Cord Comeback: Wohnzimmer Trend-Hit des Jahres","og_description":"Wir alle haben es bemerkt: Die 70er sind zur\u00fcck. Cord besticht durch seine besondere Streifenoptik und die flauschige Oberfl\u00e4che, kann aber noch mehr.","og_url":"https:\/\/www.zurbrueggen.de\/magazin\/cord-comeback\/","og_site_name":"Zurbr\u00fcggen magazin","article_publisher":"https:\/\/facebook.com\/zurbrueggen","article_published_time":"2022-09-09T11:26:09+00:00","article_modified_time":"2024-01-11T15:54:00+00:00","og_image":[{"width":1200,"height":675,"url":"https:\/\/www.zurbrueggen.de\/magazin\/wp-content\/uploads\/2022\/09\/magazin-beitragsbild-1-cta-m-cordcomeback.jpg","type":"image\/jpeg"}],"author":"Linda Wolfgart","schema":{"@context":"https:\/\/schema.org","@graph":[{"@type":"Article","@id":"https:\/\/www.zurbrueggen.de\/magazin\/cord-comeback\/#article","isPartOf":{"@id":"https:\/\/www.zurbrueggen.de\/magazin\/cord-comeback\/"},"author":{"name":"Linda Wolfgart","@id":"https:\/\/www.zurbrueggen.de\/magazin\/#\/schema\/person\/07170b1da6f7876ac78e450b9a3ed3d6"},"headline":"Cord Comeback","datePublished":"2022-09-09T11:26:09+00:00","dateModified":"2024-01-11T15:54:00+00:00","mainEntityOfPage":{"@id":"https:\/\/www.zurbrueggen.de\/magazin\/cord-comeback\/"},"wordCount":472,"commentCount":0,"publisher":{"@id":"https:\/\/www.zurbrueggen.de\/magazin\/#organization"},"image":{"@id":"https:\/\/www.zurbrueggen.de\/magazin\/cord-comeback\/#primaryimage"},"thumbnailUrl":"https:\/\/www.zurbrueggen.de\/magazin\/wp-content\/uploads\/2022\/09\/magazin-beitragsbild-1-cta-m-cordcomeback.jpg","keywords":["Cord","Cordsofa","Couch","Couchgarnitur","Hocker","Kissen","Polster","Pouf","Sofa","Wohnzimmer"],"articleSection":["wohn- \/ esszimmer","Wohnwelten"],"inLanguage":"de","potentialAction":[{"@type":"CommentAction","name":"Comment","target":["https:\/\/www.zurbrueggen.de\/magazin\/cord-comeback\/#respond"]}]},{"@type":"WebPage","@id":"https:\/\/www.zurbrueggen.de\/magazin\/cord-comeback\/","url":"https:\/\/www.zurbrueggen.de\/magazin\/cord-comeback\/","name":"Cord Comeback: Wohnzimmer Trend-Hit des Jahres","isPartOf":{"@id":"https:\/\/www.zurbrueggen.de\/magazin\/#website"},"primaryImageOfPage":{"@id":"https:\/\/www.zurbrueggen.de\/magazin\/cord-comeback\/#primaryimage"},"image":{"@id":"https:\/\/www.zurbrueggen.de\/magazin\/cord-comeback\/#primaryimage"},"thumbnailUrl":"https:\/\/www.zurbrueggen.de\/magazin\/wp-content\/uploads\/2022\/09\/magazin-beitragsbild-1-cta-m-cordcomeback.jpg","datePublished":"2022-09-09T11:26:09+00:00","dateModified":"2024-01-11T15:54:00+00:00","description":"Wir alle haben es bemerkt: Die 70er sind zur\u00fcck. Cord besticht durch seine besondere Streifenoptik und die flauschige Oberfl\u00e4che, kann aber noch mehr.","breadcrumb":{"@id":"https:\/\/www.zurbrueggen.de\/magazin\/cord-comeback\/#breadcrumb"},"inLanguage":"de","potentialAction":[{"@type":"ReadAction","target":["https:\/\/www.zurbrueggen.de\/magazin\/cord-comeback\/"]}]},{"@type":"ImageObject","inLanguage":"de","@id":"https:\/\/www.zurbrueggen.de\/magazin\/cord-comeback\/#primaryimage","url":"https:\/\/www.zurbrueggen.de\/magazin\/wp-content\/uploads\/2022\/09\/magazin-beitragsbild-1-cta-m-cordcomeback.jpg","contentUrl":"https:\/\/www.zurbrueggen.de\/magazin\/wp-content\/uploads\/2022\/09\/magazin-beitragsbild-1-cta-m-cordcomeback.jpg","width":1200,"height":675},{"@type":"BreadcrumbList","@id":"https:\/\/www.zurbrueggen.de\/magazin\/cord-comeback\/#breadcrumb","itemListElement":[{"@type":"ListItem","position":1,"name":"Startseite","item":"https:\/\/www.zurbrueggen.de\/magazin\/"},{"@type":"ListItem","position":2,"name":"Cord Comeback"}]},{"@type":"WebSite","@id":"https:\/\/www.zurbrueggen.de\/magazin\/#website","url":"https:\/\/www.zurbrueggen.de\/magazin\/","name":"Zurbr\u00fcggen magazin","description":"DESIGN \u2022 STYLE \u2022 LIVING","publisher":{"@id":"https:\/\/www.zurbrueggen.de\/magazin\/#organization"},"potentialAction":[{"@type":"SearchAction","target":{"@type":"EntryPoint","urlTemplate":"https:\/\/www.zurbrueggen.de\/magazin\/?s={search_term_string}"},"query-input":{"@type":"PropertyValueSpecification","valueRequired":true,"valueName":"search_term_string"}}],"inLanguage":"de"},{"@type":"Organization","@id":"https:\/\/www.zurbrueggen.de\/magazin\/#organization","name":"Zurbr\u00fcggen Wohn-Zentrum GmbH","url":"https:\/\/www.zurbrueggen.de\/magazin\/","logo":{"@type":"ImageObject","inLanguage":"de","@id":"https:\/\/www.zurbrueggen.de\/magazin\/#\/schema\/logo\/image\/","url":"https:\/\/www.zurbrueggen.de\/magazin\/wp-content\/uploads\/2016\/07\/logo_zurbrueggen.png","contentUrl":"https:\/\/www.zurbrueggen.de\/magazin\/wp-content\/uploads\/2016\/07\/logo_zurbrueggen.png","width":400,"height":107,"caption":"Zurbr\u00fcggen Wohn-Zentrum GmbH"},"image":{"@id":"https:\/\/www.zurbrueggen.de\/magazin\/#\/schema\/logo\/image\/"},"sameAs":["https:\/\/facebook.com\/zurbrueggen","https:\/\/x.com\/Zurbrueggen"]},{"@type":"Person","@id":"https:\/\/www.zurbrueggen.de\/magazin\/#\/schema\/person\/07170b1da6f7876ac78e450b9a3ed3d6","name":"Linda Wolfgart","image":{"@type":"ImageObject","inLanguage":"de","@id":"https:\/\/secure.gravatar.com\/avatar\/f84173980fbd4382d8c0ae77c07dbf27a65219dbdadb5b039dab209120bb5c55?s=96&d=mm&r=g","url":"https:\/\/secure.gravatar.com\/avatar\/f84173980fbd4382d8c0ae77c07dbf27a65219dbdadb5b039dab209120bb5c55?s=96&d=mm&r=g","contentUrl":"https:\/\/secure.gravatar.com\/avatar\/f84173980fbd4382d8c0ae77c07dbf27a65219dbdadb5b039dab209120bb5c55?s=96&d=mm&r=g","caption":"Linda Wolfgart"},"url":"https:\/\/www.zurbrueggen.de\/magazin\/author\/l_junowicz\/"}]}},"_links":{"self":[{"href":"https:\/\/www.zurbrueggen.de\/magazin\/wp-json\/wp\/v2\/posts\/6788","targetHints":{"allow":["GET"]}}],"collection":[{"href":"https:\/\/www.zurbrueggen.de\/magazin\/wp-json\/wp\/v2\/posts"}],"about":[{"href":"https:\/\/www.zurbrueggen.de\/magazin\/wp-json\/wp\/v2\/types\/post"}],"author":[{"embeddable":true,"href":"https:\/\/www.zurbrueggen.de\/magazin\/wp-json\/wp\/v2\/users\/20"}],"replies":[{"embeddable":true,"href":"https:\/\/www.zurbrueggen.de\/magazin\/wp-json\/wp\/v2\/comments?post=6788"}],"version-history":[{"count":14,"href":"https:\/\/www.zurbrueggen.de\/magazin\/wp-json\/wp\/v2\/posts\/6788\/revisions"}],"predecessor-version":[{"id":7846,"href":"https:\/\/www.zurbrueggen.de\/magazin\/wp-json\/wp\/v2\/posts\/6788\/revisions\/7846"}],"wp:featuredmedia":[{"embeddable":true,"href":"https:\/\/www.zurbrueggen.de\/magazin\/wp-json\/wp\/v2\/media\/6805"}],"wp:attachment":[{"href":"https:\/\/www.zurbrueggen.de\/magazin\/wp-json\/wp\/v2\/media?parent=6788"}],"wp:term":[{"taxonomy":"category","embeddable":true,"href":"https:\/\/www.zurbrueggen.de\/magazin\/wp-json\/wp\/v2\/categories?post=6788"},{"taxonomy":"post_tag","embeddable":true,"href":"https:\/\/www.zurbrueggen.de\/magazin\/wp-json\/wp\/v2\/tags?post=6788"}],"curies":[{"name":"wp","href":"https:\/\/api.w.org\/{rel}","templated":true}]}}