{"id":6512,"date":"2022-03-02T09:42:42","date_gmt":"2022-03-02T08:42:42","guid":{"rendered":"https:\/\/www.zurbrueggen.de\/magazin\/?p=6512"},"modified":"2024-01-15T09:43:09","modified_gmt":"2024-01-15T08:43:09","slug":"garten-trends-2022","status":"publish","type":"post","link":"https:\/\/www.zurbrueggen.de\/magazin\/garten-trends-2022\/","title":{"rendered":"Garten-Trends 2022"},"content":{"rendered":"<div class=\"mceTemp\"><\/div>\n<p><span class=\"vorschau\" style=\"font-family: 'Roboto Slab'; font-size: 22px; line-height: 34px; font-weight: 300; margin-top: 40px;\">Die Tage werden l\u00e4nger, das Wetter besser:  Zeit Garten und Balkon fr\u00fchlingsfit zu machen. Nachdem im letzten Jahr <a href=\"https:\/\/www.zurbrueggen.de\/shop\/zurbrueggen-gasgrill-wagen-outdoorkueche-pro.html\">Outdoor-K\u00fcchen<\/a> immer beliebter geworden sind, ziehen in diesem Jahr auch Wohnzimmer und B\u00fcro mit in den privaten Dschungel.<\/span><\/p>\n<p><!--more--><\/p>\n<p>&nbsp;<\/p>\n<figure id=\"attachment_6513\" aria-describedby=\"caption-attachment-6513\" style=\"width: 1200px\" class=\"wp-caption aligncenter\"><a href=\"https:\/\/www.zurbrueggen.de\/shop\/zurbrueggen-3er-loungebank-serra.html\"><img loading=\"lazy\" decoding=\"async\" src=\"https:\/\/www.zurbrueggen.de\/magazin\/wp-content\/uploads\/2022\/02\/magazin-beitragsbild-4-m-gartentrends_2022.jpg\" alt=\"\" width=\"1200\" height=\"675\" class=\"size-full wp-image-6513\" srcset=\"https:\/\/www.zurbrueggen.de\/magazin\/wp-content\/uploads\/2022\/02\/magazin-beitragsbild-4-m-gartentrends_2022.jpg 1200w, https:\/\/www.zurbrueggen.de\/magazin\/wp-content\/uploads\/2022\/02\/magazin-beitragsbild-4-m-gartentrends_2022-300x169.jpg 300w, https:\/\/www.zurbrueggen.de\/magazin\/wp-content\/uploads\/2022\/02\/magazin-beitragsbild-4-m-gartentrends_2022-1024x576.jpg 1024w, https:\/\/www.zurbrueggen.de\/magazin\/wp-content\/uploads\/2022\/02\/magazin-beitragsbild-4-m-gartentrends_2022-768x432.jpg 768w, https:\/\/www.zurbrueggen.de\/magazin\/wp-content\/uploads\/2022\/02\/magazin-beitragsbild-4-m-gartentrends_2022-665x374.jpg 665w, https:\/\/www.zurbrueggen.de\/magazin\/wp-content\/uploads\/2022\/02\/magazin-beitragsbild-4-m-gartentrends_2022-462x260.jpg 462w\" sizes=\"auto, (max-width: 1200px) 100vw, 1200px\" \/><\/a><figcaption id=\"caption-attachment-6513\" class=\"wp-caption-text\">Aus unserem Shop: Loungebank SERRA<\/figcaption><\/figure>\n<p><span class=\"subheading\" style=\"font-family: 'Roboto Slab', sans-serif; font-size: 20px; margin-top: 40px; font-weight: 400; text-transform: none;\">Outdoor-Wohnzimmer<\/span><\/p>\n<p><span class=\"fliesstext\" style=\"font-family: Roboto, sans-serif; font-size: 16px; line-height: 24px; font-weight: 400;\">Eine gro\u00dfe <a href=\"https:\/\/www.zurbrueggen.de\/garten\/gartenmoebel\/gartenmoebel-sets\/lounge-sets\/\">Lounge<\/a>, die einem Sofa gleicht, l\u00e4dt im Sommer zum Zusammenkommen ein. Mit Platz f\u00fcr gro\u00dfe Runden l\u00e4sst sich hier gemeinsam mit der ganzen Familie in der Sonne entspannen oder endlich wieder ein langer Abend mit Freunden verbringen. In das wilde Gr\u00fcn eines jeden Gartens f\u00fcgen sich daf\u00fcr besonders nahtlos Lounges mit Holzelementen und Rattan ein.<\/span><br \/>\n<span class=\"fliesstext\" style=\"font-family: Roboto, sans-serif; font-size: 16px; line-height: 24px; font-weight: 400;\">F\u00fcr gem\u00fctliche Stunden allein mit einem guten Buch oder dem Lieblingspodcast eignen sich dagegen <a href=\"https:\/\/www.zurbrueggen.de\/garten\/gartenmoebel\/haengematten-sessel\/\">H\u00e4ngesessel <\/a>und <a href=\"https:\/\/www.zurbrueggen.de\/search?search=Gartenmuschel\">Gartenmuscheln <\/a>perfekt. Sitzend oder liegend bieten sie gr\u00f6\u00dften Komfort auf kleinem Raum und sorgen in ruhigen Minuten f\u00fcr volle Entspannung. Im H\u00e4ngesessel k\u00f6nnen die Gedanken dann sanft schaukelnd zum n\u00e4chsten Urlaub wandern.<br \/>\n<\/span><\/p>\n<p>&nbsp;<\/p>\n<figure id=\"attachment_6515\" aria-describedby=\"caption-attachment-6515\" style=\"width: 1200px\" class=\"wp-caption aligncenter\"><a href=\"https:\/\/www.zurbrueggen.de\/niehoff-garden-designsessel-pino\/1293562\"><img loading=\"lazy\" decoding=\"async\" src=\"https:\/\/www.zurbrueggen.de\/magazin\/wp-content\/uploads\/2022\/02\/magazin-beitragsbild-3-m-gartentrends_2022.jpg\" alt=\"\" width=\"1200\" height=\"675\" class=\"size-full wp-image-6515\" srcset=\"https:\/\/www.zurbrueggen.de\/magazin\/wp-content\/uploads\/2022\/02\/magazin-beitragsbild-3-m-gartentrends_2022.jpg 1200w, https:\/\/www.zurbrueggen.de\/magazin\/wp-content\/uploads\/2022\/02\/magazin-beitragsbild-3-m-gartentrends_2022-300x169.jpg 300w, https:\/\/www.zurbrueggen.de\/magazin\/wp-content\/uploads\/2022\/02\/magazin-beitragsbild-3-m-gartentrends_2022-1024x576.jpg 1024w, https:\/\/www.zurbrueggen.de\/magazin\/wp-content\/uploads\/2022\/02\/magazin-beitragsbild-3-m-gartentrends_2022-768x432.jpg 768w, https:\/\/www.zurbrueggen.de\/magazin\/wp-content\/uploads\/2022\/02\/magazin-beitragsbild-3-m-gartentrends_2022-665x374.jpg 665w, https:\/\/www.zurbrueggen.de\/magazin\/wp-content\/uploads\/2022\/02\/magazin-beitragsbild-3-m-gartentrends_2022-462x260.jpg 462w\" sizes=\"auto, (max-width: 1200px) 100vw, 1200px\" \/><\/a><figcaption id=\"caption-attachment-6515\" class=\"wp-caption-text\">Aus unserem Shop: Niehoff-Garden Designsessel PINO<\/figcaption><\/figure>\n<p><span class=\"subheading\" style=\"font-family: 'Roboto Slab', sans-serif; font-size: 20px; margin-top: 40px; font-weight: 400; text-transform: none;\">Garten-Office<\/span><\/p>\n<p><span class=\"fliesstext\" style=\"font-family: Roboto, sans-serif; font-size: 16px; line-height: 24px; font-weight: 400;\">\u00dcber die letzten Jahre haben sich viele ein B\u00fcro in den eigenen vier W\u00e4nden eingerichtet. Wer Homeoffice machen kann oder muss verf\u00fcgt nun h\u00e4ufig auch \u00fcber eine gesonderte Arbeitsnische. Diese kann f\u00fcr mehr Sonnenstunden ebenso gut nach drau\u00dfen verlegt werden. Genau wie im Innenbereich sollte das Homeoffice auch drau\u00dfen eher selten auf der Couch stattfinden \u2013 die Gartenlounge k\u00f6nnte f\u00fcr die Arbeit etwas zu gem\u00fctlich werden. F\u00fcr einen besseren Sitz empfiehlt sich hier eine <a href=\"https:\/\/www.zurbrueggen.de\/garten\/gartenmoebel\/gartenmoebel-sets\/sitzgruppen\/\">Sitzgruppe<\/a>. Auf der Terrasse oder in der N\u00e4he des Gartenhauses l\u00e4sst sich mit der n\u00f6tigen Stromversorgung das Urlaubsgef\u00fchl schon w\u00e4hrend der Arbeitzeit genie\u00dfen.<\/span><\/p>\n<p>&nbsp;<\/p>\n<figure id=\"attachment_6516\" aria-describedby=\"caption-attachment-6516\" style=\"width: 1200px\" class=\"wp-caption aligncenter\"><a href=\"https:\/\/www.zurbrueggen.de\/shop\/ambia-gartensessel-serie-maccheroni.html\"><img loading=\"lazy\" decoding=\"async\" src=\"https:\/\/www.zurbrueggen.de\/magazin\/wp-content\/uploads\/2022\/02\/magazin-beitragsbild-2-m-gartentrends_2022.jpg\" alt=\"\" width=\"1200\" height=\"675\" class=\"size-full wp-image-6516\" srcset=\"https:\/\/www.zurbrueggen.de\/magazin\/wp-content\/uploads\/2022\/02\/magazin-beitragsbild-2-m-gartentrends_2022.jpg 1200w, https:\/\/www.zurbrueggen.de\/magazin\/wp-content\/uploads\/2022\/02\/magazin-beitragsbild-2-m-gartentrends_2022-300x169.jpg 300w, https:\/\/www.zurbrueggen.de\/magazin\/wp-content\/uploads\/2022\/02\/magazin-beitragsbild-2-m-gartentrends_2022-1024x576.jpg 1024w, https:\/\/www.zurbrueggen.de\/magazin\/wp-content\/uploads\/2022\/02\/magazin-beitragsbild-2-m-gartentrends_2022-768x432.jpg 768w, https:\/\/www.zurbrueggen.de\/magazin\/wp-content\/uploads\/2022\/02\/magazin-beitragsbild-2-m-gartentrends_2022-665x374.jpg 665w, https:\/\/www.zurbrueggen.de\/magazin\/wp-content\/uploads\/2022\/02\/magazin-beitragsbild-2-m-gartentrends_2022-462x260.jpg 462w\" sizes=\"auto, (max-width: 1200px) 100vw, 1200px\" \/><\/a><figcaption id=\"caption-attachment-6516\" class=\"wp-caption-text\">Aus unserem Shop: Ambia Gartensessel Serie MACCHERONI<\/figcaption><\/figure>\n<p><span class=\"subheading\" style=\"font-family: 'Roboto Slab', sans-serif; font-size: 20px; margin-top: 40px; font-weight: 400; text-transform: none;\">Trend-Musthaves<\/span><\/p>\n<p><span class=\"fliesstext\" style=\"font-family: Roboto, sans-serif; font-size: 16px; line-height: 24px; font-weight: 400;\">F\u00fcr ganz besonderen Flair sorgen die etwas spezielleren Trendteile des Jahres: Unser <a href=\"https:\/\/www.zurbrueggen.de\/shop\/ambia-gartensessel-serie-maccheroni.html\">Ambia Gartensessel MACCHERONI<\/a> ist in vielen bunten Farben erh\u00e4ltlich und setzt besonders in der regenbogenfarbenen Variante ein optisches Statement.  Auch <a href=\"https:\/\/www.zurbrueggen.de\/garten\/gartenmoebel\/auflagen-auflagenboxen\/\">farbenfrohe Auflagen und Sitzkissen<\/a> sind perfekte Eyecatcher f\u00fcr Fr\u00fchlings- und Sommeratmosph\u00e4re.<br \/>\nGro\u00dfer Beliebtheit erfreuen sich in diesem Jahr auch <a href=\"https:\/\/www.zurbrueggen.de\/shop\/garten\/gartenaccessoires-11406\/grills-zubehoer\/gaskamine.html\">Gaskamine<\/a>. Sie passen in jeden Garten und f\u00fcgen sich dank unterschiedlicher Designs in jeden Stil ein. Zusammen mit einem <a href=\"https:\/\/www.zurbrueggen.de\/shop\/zurbrueggen-holzscheit-imitat-clifton-92508.html\">Holzscheit-Imitat<\/a> sorgen sie f\u00fcr richtig viel Lagerfeuerstimmung im eigenen Garten.<\/span><\/p>\n<p>&nbsp;<\/p>\n<figure id=\"attachment_6517\" aria-describedby=\"caption-attachment-6517\" style=\"width: 1200px\" class=\"wp-caption aligncenter\"><a href=\"https:\/\/www.zurbrueggen.de\/shop\/stern-freischwingerlsessel-greta.html\"><img loading=\"lazy\" decoding=\"async\" src=\"https:\/\/www.zurbrueggen.de\/magazin\/wp-content\/uploads\/2022\/02\/magazin-beitragsbild-1-m-gartentrends_2022.jpg\" alt=\"\" width=\"1200\" height=\"675\" class=\"size-full wp-image-6517\" srcset=\"https:\/\/www.zurbrueggen.de\/magazin\/wp-content\/uploads\/2022\/02\/magazin-beitragsbild-1-m-gartentrends_2022.jpg 1200w, https:\/\/www.zurbrueggen.de\/magazin\/wp-content\/uploads\/2022\/02\/magazin-beitragsbild-1-m-gartentrends_2022-300x169.jpg 300w, https:\/\/www.zurbrueggen.de\/magazin\/wp-content\/uploads\/2022\/02\/magazin-beitragsbild-1-m-gartentrends_2022-1024x576.jpg 1024w, https:\/\/www.zurbrueggen.de\/magazin\/wp-content\/uploads\/2022\/02\/magazin-beitragsbild-1-m-gartentrends_2022-768x432.jpg 768w, https:\/\/www.zurbrueggen.de\/magazin\/wp-content\/uploads\/2022\/02\/magazin-beitragsbild-1-m-gartentrends_2022-665x374.jpg 665w, https:\/\/www.zurbrueggen.de\/magazin\/wp-content\/uploads\/2022\/02\/magazin-beitragsbild-1-m-gartentrends_2022-462x260.jpg 462w\" sizes=\"auto, (max-width: 1200px) 100vw, 1200px\" \/><\/a><figcaption id=\"caption-attachment-6517\" class=\"wp-caption-text\">Aus unserem Shop: Stern Freischwingerlsessel GRETA<\/figcaption><\/figure>\n<p><span class=\"subheading\" style=\"font-family: 'Roboto Slab', sans-serif; font-size: 20px; margin-top: 40px; font-weight: 400; text-transform: none;\">Bereit zum Angrillen<\/span><\/p>\n<p><span class=\"fliesstext\" style=\"font-family: Roboto, sans-serif; font-size: 16px; line-height: 24px; font-weight: 400;\">Was nat\u00fcrlich bei keiner Gartensaison fehlen darf, ist der der <a href=\"https:\/\/www.zurbrueggen.de\/shop\/garten\/gartenaccessoires-11406\/grills-zubehoer.html?cat[]=Gasgrills&#038;cat[]=Holzkohlegrills\">Grill<\/a>. Sobald sich die ersten Sonnenstrahlen und warmen Tage blicken lassen, hei\u00dft es Angrillen. Alles was das Herz begehrt und f\u00fcr einen perfekten Grillabend gebraucht wird, gibt es daher auch in unserer Gartenabteilung. <a href=\"https:\/\/www.zurbrueggen.de\/shop\/garten\/gartenaccessoires-11406\/grills-zubehoer\/grillzubehoer.html\">Grillzubeh\u00f6r <\/a>findet sich da neben den richtigen Gartenm\u00f6beln f\u00fcr jede Runde, sodass jeder am Tisch Platz findet.<\/span><\/p>\n<p>&nbsp;<br \/>\n<a href=\"https:\/\/www.zurbrueggen.de\/garten\/\"><img loading=\"lazy\" decoding=\"async\" src=\"https:\/\/www.zurbrueggen.de\/magazin\/wp-content\/uploads\/2022\/02\/magazin-footer-mobil-gartentrends_2022.jpg\" alt=\"\" width=\"750\" height=\"320\" class=\"aligncenter size-full wp-image-6518\" srcset=\"https:\/\/www.zurbrueggen.de\/magazin\/wp-content\/uploads\/2022\/02\/magazin-footer-mobil-gartentrends_2022.jpg 750w, https:\/\/www.zurbrueggen.de\/magazin\/wp-content\/uploads\/2022\/02\/magazin-footer-mobil-gartentrends_2022-300x128.jpg 300w, https:\/\/www.zurbrueggen.de\/magazin\/wp-content\/uploads\/2022\/02\/magazin-footer-mobil-gartentrends_2022-665x284.jpg 665w, https:\/\/www.zurbrueggen.de\/magazin\/wp-content\/uploads\/2022\/02\/magazin-footer-mobil-gartentrends_2022-609x260.jpg 609w\" sizes=\"auto, (max-width: 750px) 100vw, 750px\" \/><\/a><\/p>\n","protected":false},"excerpt":{"rendered":"<p>Die Tage werden l\u00e4nger, das Wetter besser: Zeit Garten und Balkon fr\u00fchlingsfit zu machen. Nachdem im letzten Jahr Outdoor-K\u00fcchen immer beliebter geworden sind, ziehen in diesem Jahr auch Wohnzimmer und B\u00fcro mit in den privaten Dschungel.<\/p>\n","protected":false},"author":20,"featured_media":6519,"comment_status":"open","ping_status":"open","sticky":false,"template":"","format":"standard","meta":{"_acf_changed":false,"footnotes":""},"categories":[39],"tags":[1174,1146,1171,1172,1176,1173,1175,1177,1178],"class_list":["post-6512","post","type-post","status-publish","format-standard","has-post-thumbnail","hentry","category-garten","tag-1174","tag-einrichtung","tag-einrichtungstrends","tag-garten","tag-gartenlounge","tag-gartentrends","tag-grill","tag-lounge","tag-outdoor"],"acf":[],"yoast_head":"<!-- This site is optimized with the Yoast SEO plugin v27.4 - https:\/\/yoast.com\/product\/yoast-seo-wordpress\/ -->\n<title>Garten-Trends 2022: Ab in den Garten zum Saisonstart<\/title>\n<meta name=\"description\" content=\"Die ersten Die Tage werden l\u00e4nger, das Wetter besser: Zeit Garten und Balkon fr\u00fchlingsfit zu machen. Was in diesem Jahr in jeden Garten geh\u00f6rt!\" \/>\n<meta name=\"robots\" content=\"index, follow, max-snippet:-1, max-image-preview:large, max-video-preview:-1\" \/>\n<link rel=\"canonical\" href=\"https:\/\/www.zurbrueggen.de\/magazin\/garten-trends-2022\/\" \/>\n<meta property=\"og:locale\" content=\"de_DE\" \/>\n<meta property=\"og:type\" content=\"article\" \/>\n<meta property=\"og:title\" content=\"Garten-Trends 2022: Ab in den Garten zum Saisonstart\" \/>\n<meta property=\"og:description\" content=\"Die ersten Die Tage werden l\u00e4nger, das Wetter besser: Zeit Garten und Balkon fr\u00fchlingsfit zu machen. Was in diesem Jahr in jeden Garten geh\u00f6rt!\" \/>\n<meta property=\"og:url\" content=\"https:\/\/www.zurbrueggen.de\/magazin\/garten-trends-2022\/\" \/>\n<meta property=\"og:site_name\" content=\"Zurbr\u00fcggen magazin\" \/>\n<meta property=\"article:publisher\" content=\"https:\/\/facebook.com\/zurbrueggen\" \/>\n<meta property=\"article:published_time\" content=\"2022-03-02T08:42:42+00:00\" \/>\n<meta property=\"article:modified_time\" content=\"2024-01-15T08:43:09+00:00\" \/>\n<meta property=\"og:image\" content=\"https:\/\/www.zurbrueggen.de\/magazin\/wp-content\/uploads\/2022\/02\/magazin-beitragsbild-cta-m-gartentrends_2022.jpg\" \/>\n\t<meta property=\"og:image:width\" content=\"1200\" \/>\n\t<meta property=\"og:image:height\" content=\"675\" \/>\n\t<meta property=\"og:image:type\" content=\"image\/jpeg\" \/>\n<meta name=\"author\" content=\"Linda Wolfgart\" \/>\n<script type=\"application\/ld+json\" class=\"yoast-schema-graph\">{\"@context\":\"https:\\\/\\\/schema.org\",\"@graph\":[{\"@type\":\"Article\",\"@id\":\"https:\\\/\\\/www.zurbrueggen.de\\\/magazin\\\/garten-trends-2022\\\/#article\",\"isPartOf\":{\"@id\":\"https:\\\/\\\/www.zurbrueggen.de\\\/magazin\\\/garten-trends-2022\\\/\"},\"author\":{\"name\":\"Linda Wolfgart\",\"@id\":\"https:\\\/\\\/www.zurbrueggen.de\\\/magazin\\\/#\\\/schema\\\/person\\\/07170b1da6f7876ac78e450b9a3ed3d6\"},\"headline\":\"Garten-Trends 2022\",\"datePublished\":\"2022-03-02T08:42:42+00:00\",\"dateModified\":\"2024-01-15T08:43:09+00:00\",\"mainEntityOfPage\":{\"@id\":\"https:\\\/\\\/www.zurbrueggen.de\\\/magazin\\\/garten-trends-2022\\\/\"},\"wordCount\":492,\"commentCount\":0,\"publisher\":{\"@id\":\"https:\\\/\\\/www.zurbrueggen.de\\\/magazin\\\/#organization\"},\"image\":{\"@id\":\"https:\\\/\\\/www.zurbrueggen.de\\\/magazin\\\/garten-trends-2022\\\/#primaryimage\"},\"thumbnailUrl\":\"https:\\\/\\\/www.zurbrueggen.de\\\/magazin\\\/wp-content\\\/uploads\\\/2022\\\/02\\\/magazin-beitragsbild-cta-m-gartentrends_2022.jpg\",\"keywords\":[\"2022\",\"Einrichtung\",\"Einrichtungstrends\",\"Garten\",\"Gartenlounge\",\"Gartentrends\",\"Grill\",\"Lounge\",\"Outdoor\"],\"articleSection\":[\"garten\"],\"inLanguage\":\"de\",\"potentialAction\":[{\"@type\":\"CommentAction\",\"name\":\"Comment\",\"target\":[\"https:\\\/\\\/www.zurbrueggen.de\\\/magazin\\\/garten-trends-2022\\\/#respond\"]}]},{\"@type\":\"WebPage\",\"@id\":\"https:\\\/\\\/www.zurbrueggen.de\\\/magazin\\\/garten-trends-2022\\\/\",\"url\":\"https:\\\/\\\/www.zurbrueggen.de\\\/magazin\\\/garten-trends-2022\\\/\",\"name\":\"Garten-Trends 2022: Ab in den Garten zum Saisonstart\",\"isPartOf\":{\"@id\":\"https:\\\/\\\/www.zurbrueggen.de\\\/magazin\\\/#website\"},\"primaryImageOfPage\":{\"@id\":\"https:\\\/\\\/www.zurbrueggen.de\\\/magazin\\\/garten-trends-2022\\\/#primaryimage\"},\"image\":{\"@id\":\"https:\\\/\\\/www.zurbrueggen.de\\\/magazin\\\/garten-trends-2022\\\/#primaryimage\"},\"thumbnailUrl\":\"https:\\\/\\\/www.zurbrueggen.de\\\/magazin\\\/wp-content\\\/uploads\\\/2022\\\/02\\\/magazin-beitragsbild-cta-m-gartentrends_2022.jpg\",\"datePublished\":\"2022-03-02T08:42:42+00:00\",\"dateModified\":\"2024-01-15T08:43:09+00:00\",\"description\":\"Die ersten Die Tage werden l\u00e4nger, das Wetter besser: Zeit Garten und Balkon fr\u00fchlingsfit zu machen. Was in diesem Jahr in jeden Garten geh\u00f6rt!\",\"breadcrumb\":{\"@id\":\"https:\\\/\\\/www.zurbrueggen.de\\\/magazin\\\/garten-trends-2022\\\/#breadcrumb\"},\"inLanguage\":\"de\",\"potentialAction\":[{\"@type\":\"ReadAction\",\"target\":[\"https:\\\/\\\/www.zurbrueggen.de\\\/magazin\\\/garten-trends-2022\\\/\"]}]},{\"@type\":\"ImageObject\",\"inLanguage\":\"de\",\"@id\":\"https:\\\/\\\/www.zurbrueggen.de\\\/magazin\\\/garten-trends-2022\\\/#primaryimage\",\"url\":\"https:\\\/\\\/www.zurbrueggen.de\\\/magazin\\\/wp-content\\\/uploads\\\/2022\\\/02\\\/magazin-beitragsbild-cta-m-gartentrends_2022.jpg\",\"contentUrl\":\"https:\\\/\\\/www.zurbrueggen.de\\\/magazin\\\/wp-content\\\/uploads\\\/2022\\\/02\\\/magazin-beitragsbild-cta-m-gartentrends_2022.jpg\",\"width\":1200,\"height\":675},{\"@type\":\"BreadcrumbList\",\"@id\":\"https:\\\/\\\/www.zurbrueggen.de\\\/magazin\\\/garten-trends-2022\\\/#breadcrumb\",\"itemListElement\":[{\"@type\":\"ListItem\",\"position\":1,\"name\":\"Startseite\",\"item\":\"https:\\\/\\\/www.zurbrueggen.de\\\/magazin\\\/\"},{\"@type\":\"ListItem\",\"position\":2,\"name\":\"Garten-Trends 2022\"}]},{\"@type\":\"WebSite\",\"@id\":\"https:\\\/\\\/www.zurbrueggen.de\\\/magazin\\\/#website\",\"url\":\"https:\\\/\\\/www.zurbrueggen.de\\\/magazin\\\/\",\"name\":\"Zurbr\u00fcggen magazin\",\"description\":\"DESIGN \u2022 STYLE \u2022 LIVING\",\"publisher\":{\"@id\":\"https:\\\/\\\/www.zurbrueggen.de\\\/magazin\\\/#organization\"},\"potentialAction\":[{\"@type\":\"SearchAction\",\"target\":{\"@type\":\"EntryPoint\",\"urlTemplate\":\"https:\\\/\\\/www.zurbrueggen.de\\\/magazin\\\/?s={search_term_string}\"},\"query-input\":{\"@type\":\"PropertyValueSpecification\",\"valueRequired\":true,\"valueName\":\"search_term_string\"}}],\"inLanguage\":\"de\"},{\"@type\":\"Organization\",\"@id\":\"https:\\\/\\\/www.zurbrueggen.de\\\/magazin\\\/#organization\",\"name\":\"Zurbr\u00fcggen Wohn-Zentrum GmbH\",\"url\":\"https:\\\/\\\/www.zurbrueggen.de\\\/magazin\\\/\",\"logo\":{\"@type\":\"ImageObject\",\"inLanguage\":\"de\",\"@id\":\"https:\\\/\\\/www.zurbrueggen.de\\\/magazin\\\/#\\\/schema\\\/logo\\\/image\\\/\",\"url\":\"https:\\\/\\\/www.zurbrueggen.de\\\/magazin\\\/wp-content\\\/uploads\\\/2016\\\/07\\\/logo_zurbrueggen.png\",\"contentUrl\":\"https:\\\/\\\/www.zurbrueggen.de\\\/magazin\\\/wp-content\\\/uploads\\\/2016\\\/07\\\/logo_zurbrueggen.png\",\"width\":400,\"height\":107,\"caption\":\"Zurbr\u00fcggen Wohn-Zentrum GmbH\"},\"image\":{\"@id\":\"https:\\\/\\\/www.zurbrueggen.de\\\/magazin\\\/#\\\/schema\\\/logo\\\/image\\\/\"},\"sameAs\":[\"https:\\\/\\\/facebook.com\\\/zurbrueggen\",\"https:\\\/\\\/x.com\\\/Zurbrueggen\"]},{\"@type\":\"Person\",\"@id\":\"https:\\\/\\\/www.zurbrueggen.de\\\/magazin\\\/#\\\/schema\\\/person\\\/07170b1da6f7876ac78e450b9a3ed3d6\",\"name\":\"Linda Wolfgart\",\"image\":{\"@type\":\"ImageObject\",\"inLanguage\":\"de\",\"@id\":\"https:\\\/\\\/secure.gravatar.com\\\/avatar\\\/f84173980fbd4382d8c0ae77c07dbf27a65219dbdadb5b039dab209120bb5c55?s=96&d=mm&r=g\",\"url\":\"https:\\\/\\\/secure.gravatar.com\\\/avatar\\\/f84173980fbd4382d8c0ae77c07dbf27a65219dbdadb5b039dab209120bb5c55?s=96&d=mm&r=g\",\"contentUrl\":\"https:\\\/\\\/secure.gravatar.com\\\/avatar\\\/f84173980fbd4382d8c0ae77c07dbf27a65219dbdadb5b039dab209120bb5c55?s=96&d=mm&r=g\",\"caption\":\"Linda Wolfgart\"},\"url\":\"https:\\\/\\\/www.zurbrueggen.de\\\/magazin\\\/author\\\/l_junowicz\\\/\"}]}<\/script>\n<!-- \/ Yoast SEO plugin. -->","yoast_head_json":{"title":"Garten-Trends 2022: Ab in den Garten zum Saisonstart","description":"Die ersten Die Tage werden l\u00e4nger, das Wetter besser: Zeit Garten und Balkon fr\u00fchlingsfit zu machen. Was in diesem Jahr in jeden Garten geh\u00f6rt!","robots":{"index":"index","follow":"follow","max-snippet":"max-snippet:-1","max-image-preview":"max-image-preview:large","max-video-preview":"max-video-preview:-1"},"canonical":"https:\/\/www.zurbrueggen.de\/magazin\/garten-trends-2022\/","og_locale":"de_DE","og_type":"article","og_title":"Garten-Trends 2022: Ab in den Garten zum Saisonstart","og_description":"Die ersten Die Tage werden l\u00e4nger, das Wetter besser: Zeit Garten und Balkon fr\u00fchlingsfit zu machen. Was in diesem Jahr in jeden Garten geh\u00f6rt!","og_url":"https:\/\/www.zurbrueggen.de\/magazin\/garten-trends-2022\/","og_site_name":"Zurbr\u00fcggen magazin","article_publisher":"https:\/\/facebook.com\/zurbrueggen","article_published_time":"2022-03-02T08:42:42+00:00","article_modified_time":"2024-01-15T08:43:09+00:00","og_image":[{"width":1200,"height":675,"url":"https:\/\/www.zurbrueggen.de\/magazin\/wp-content\/uploads\/2022\/02\/magazin-beitragsbild-cta-m-gartentrends_2022.jpg","type":"image\/jpeg"}],"author":"Linda Wolfgart","schema":{"@context":"https:\/\/schema.org","@graph":[{"@type":"Article","@id":"https:\/\/www.zurbrueggen.de\/magazin\/garten-trends-2022\/#article","isPartOf":{"@id":"https:\/\/www.zurbrueggen.de\/magazin\/garten-trends-2022\/"},"author":{"name":"Linda Wolfgart","@id":"https:\/\/www.zurbrueggen.de\/magazin\/#\/schema\/person\/07170b1da6f7876ac78e450b9a3ed3d6"},"headline":"Garten-Trends 2022","datePublished":"2022-03-02T08:42:42+00:00","dateModified":"2024-01-15T08:43:09+00:00","mainEntityOfPage":{"@id":"https:\/\/www.zurbrueggen.de\/magazin\/garten-trends-2022\/"},"wordCount":492,"commentCount":0,"publisher":{"@id":"https:\/\/www.zurbrueggen.de\/magazin\/#organization"},"image":{"@id":"https:\/\/www.zurbrueggen.de\/magazin\/garten-trends-2022\/#primaryimage"},"thumbnailUrl":"https:\/\/www.zurbrueggen.de\/magazin\/wp-content\/uploads\/2022\/02\/magazin-beitragsbild-cta-m-gartentrends_2022.jpg","keywords":["2022","Einrichtung","Einrichtungstrends","Garten","Gartenlounge","Gartentrends","Grill","Lounge","Outdoor"],"articleSection":["garten"],"inLanguage":"de","potentialAction":[{"@type":"CommentAction","name":"Comment","target":["https:\/\/www.zurbrueggen.de\/magazin\/garten-trends-2022\/#respond"]}]},{"@type":"WebPage","@id":"https:\/\/www.zurbrueggen.de\/magazin\/garten-trends-2022\/","url":"https:\/\/www.zurbrueggen.de\/magazin\/garten-trends-2022\/","name":"Garten-Trends 2022: Ab in den Garten zum Saisonstart","isPartOf":{"@id":"https:\/\/www.zurbrueggen.de\/magazin\/#website"},"primaryImageOfPage":{"@id":"https:\/\/www.zurbrueggen.de\/magazin\/garten-trends-2022\/#primaryimage"},"image":{"@id":"https:\/\/www.zurbrueggen.de\/magazin\/garten-trends-2022\/#primaryimage"},"thumbnailUrl":"https:\/\/www.zurbrueggen.de\/magazin\/wp-content\/uploads\/2022\/02\/magazin-beitragsbild-cta-m-gartentrends_2022.jpg","datePublished":"2022-03-02T08:42:42+00:00","dateModified":"2024-01-15T08:43:09+00:00","description":"Die ersten Die Tage werden l\u00e4nger, das Wetter besser: Zeit Garten und Balkon fr\u00fchlingsfit zu machen. Was in diesem Jahr in jeden Garten geh\u00f6rt!","breadcrumb":{"@id":"https:\/\/www.zurbrueggen.de\/magazin\/garten-trends-2022\/#breadcrumb"},"inLanguage":"de","potentialAction":[{"@type":"ReadAction","target":["https:\/\/www.zurbrueggen.de\/magazin\/garten-trends-2022\/"]}]},{"@type":"ImageObject","inLanguage":"de","@id":"https:\/\/www.zurbrueggen.de\/magazin\/garten-trends-2022\/#primaryimage","url":"https:\/\/www.zurbrueggen.de\/magazin\/wp-content\/uploads\/2022\/02\/magazin-beitragsbild-cta-m-gartentrends_2022.jpg","contentUrl":"https:\/\/www.zurbrueggen.de\/magazin\/wp-content\/uploads\/2022\/02\/magazin-beitragsbild-cta-m-gartentrends_2022.jpg","width":1200,"height":675},{"@type":"BreadcrumbList","@id":"https:\/\/www.zurbrueggen.de\/magazin\/garten-trends-2022\/#breadcrumb","itemListElement":[{"@type":"ListItem","position":1,"name":"Startseite","item":"https:\/\/www.zurbrueggen.de\/magazin\/"},{"@type":"ListItem","position":2,"name":"Garten-Trends 2022"}]},{"@type":"WebSite","@id":"https:\/\/www.zurbrueggen.de\/magazin\/#website","url":"https:\/\/www.zurbrueggen.de\/magazin\/","name":"Zurbr\u00fcggen magazin","description":"DESIGN \u2022 STYLE \u2022 LIVING","publisher":{"@id":"https:\/\/www.zurbrueggen.de\/magazin\/#organization"},"potentialAction":[{"@type":"SearchAction","target":{"@type":"EntryPoint","urlTemplate":"https:\/\/www.zurbrueggen.de\/magazin\/?s={search_term_string}"},"query-input":{"@type":"PropertyValueSpecification","valueRequired":true,"valueName":"search_term_string"}}],"inLanguage":"de"},{"@type":"Organization","@id":"https:\/\/www.zurbrueggen.de\/magazin\/#organization","name":"Zurbr\u00fcggen Wohn-Zentrum GmbH","url":"https:\/\/www.zurbrueggen.de\/magazin\/","logo":{"@type":"ImageObject","inLanguage":"de","@id":"https:\/\/www.zurbrueggen.de\/magazin\/#\/schema\/logo\/image\/","url":"https:\/\/www.zurbrueggen.de\/magazin\/wp-content\/uploads\/2016\/07\/logo_zurbrueggen.png","contentUrl":"https:\/\/www.zurbrueggen.de\/magazin\/wp-content\/uploads\/2016\/07\/logo_zurbrueggen.png","width":400,"height":107,"caption":"Zurbr\u00fcggen Wohn-Zentrum GmbH"},"image":{"@id":"https:\/\/www.zurbrueggen.de\/magazin\/#\/schema\/logo\/image\/"},"sameAs":["https:\/\/facebook.com\/zurbrueggen","https:\/\/x.com\/Zurbrueggen"]},{"@type":"Person","@id":"https:\/\/www.zurbrueggen.de\/magazin\/#\/schema\/person\/07170b1da6f7876ac78e450b9a3ed3d6","name":"Linda Wolfgart","image":{"@type":"ImageObject","inLanguage":"de","@id":"https:\/\/secure.gravatar.com\/avatar\/f84173980fbd4382d8c0ae77c07dbf27a65219dbdadb5b039dab209120bb5c55?s=96&d=mm&r=g","url":"https:\/\/secure.gravatar.com\/avatar\/f84173980fbd4382d8c0ae77c07dbf27a65219dbdadb5b039dab209120bb5c55?s=96&d=mm&r=g","contentUrl":"https:\/\/secure.gravatar.com\/avatar\/f84173980fbd4382d8c0ae77c07dbf27a65219dbdadb5b039dab209120bb5c55?s=96&d=mm&r=g","caption":"Linda Wolfgart"},"url":"https:\/\/www.zurbrueggen.de\/magazin\/author\/l_junowicz\/"}]}},"_links":{"self":[{"href":"https:\/\/www.zurbrueggen.de\/magazin\/wp-json\/wp\/v2\/posts\/6512","targetHints":{"allow":["GET"]}}],"collection":[{"href":"https:\/\/www.zurbrueggen.de\/magazin\/wp-json\/wp\/v2\/posts"}],"about":[{"href":"https:\/\/www.zurbrueggen.de\/magazin\/wp-json\/wp\/v2\/types\/post"}],"author":[{"embeddable":true,"href":"https:\/\/www.zurbrueggen.de\/magazin\/wp-json\/wp\/v2\/users\/20"}],"replies":[{"embeddable":true,"href":"https:\/\/www.zurbrueggen.de\/magazin\/wp-json\/wp\/v2\/comments?post=6512"}],"version-history":[{"count":11,"href":"https:\/\/www.zurbrueggen.de\/magazin\/wp-json\/wp\/v2\/posts\/6512\/revisions"}],"predecessor-version":[{"id":7876,"href":"https:\/\/www.zurbrueggen.de\/magazin\/wp-json\/wp\/v2\/posts\/6512\/revisions\/7876"}],"wp:featuredmedia":[{"embeddable":true,"href":"https:\/\/www.zurbrueggen.de\/magazin\/wp-json\/wp\/v2\/media\/6519"}],"wp:attachment":[{"href":"https:\/\/www.zurbrueggen.de\/magazin\/wp-json\/wp\/v2\/media?parent=6512"}],"wp:term":[{"taxonomy":"category","embeddable":true,"href":"https:\/\/www.zurbrueggen.de\/magazin\/wp-json\/wp\/v2\/categories?post=6512"},{"taxonomy":"post_tag","embeddable":true,"href":"https:\/\/www.zurbrueggen.de\/magazin\/wp-json\/wp\/v2\/tags?post=6512"}],"curies":[{"name":"wp","href":"https:\/\/api.w.org\/{rel}","templated":true}]}}