{"id":6378,"date":"2021-12-15T17:04:59","date_gmt":"2021-12-15T16:04:59","guid":{"rendered":"https:\/\/www.zurbrueggen.de\/magazin\/?p=6378"},"modified":"2024-01-15T09:47:07","modified_gmt":"2024-01-15T08:47:07","slug":"kuechentrends-2022","status":"publish","type":"post","link":"https:\/\/www.zurbrueggen.de\/magazin\/kuechentrends-2022\/","title":{"rendered":"K\u00fcchentrends 2022"},"content":{"rendered":"<div class=\"mceTemp\"><\/div>\n<p><span class=\"vorschau\" style=\"font-family: 'Roboto Slab'; font-size: 22px; line-height: 34px; font-weight: 300; margin-top: 40px;\">Jeder Jahreswechsel bringt eine Trendwende mit sich: In unseren K\u00f6pfen, in der Mode und auch in unserer Einrichtung. Wir haben uns auf den K\u00fcchenmessen umgesehen und mit Herstellern gesprochen, um schon heute verraten zu k\u00f6nnen, was im n\u00e4chsten Jahr die Trendk\u00fcche ausmacht.<\/span><\/p>\n<p><!--more--><\/p>\n<p>&nbsp;<\/p>\n<figure id=\"attachment_6381\" aria-describedby=\"caption-attachment-6381\" style=\"width: 1200px\" class=\"wp-caption aligncenter\"><img loading=\"lazy\" decoding=\"async\" src=\"https:\/\/www.zurbrueggen.de\/magazin\/wp-content\/uploads\/2021\/12\/magazin-beitragsbild-2-m-kuechentrends_2022.jpg\" alt=\"\" width=\"1200\" height=\"675\" class=\"size-full wp-image-6381\" srcset=\"https:\/\/www.zurbrueggen.de\/magazin\/wp-content\/uploads\/2021\/12\/magazin-beitragsbild-2-m-kuechentrends_2022.jpg 1200w, https:\/\/www.zurbrueggen.de\/magazin\/wp-content\/uploads\/2021\/12\/magazin-beitragsbild-2-m-kuechentrends_2022-300x169.jpg 300w, https:\/\/www.zurbrueggen.de\/magazin\/wp-content\/uploads\/2021\/12\/magazin-beitragsbild-2-m-kuechentrends_2022-1024x576.jpg 1024w, https:\/\/www.zurbrueggen.de\/magazin\/wp-content\/uploads\/2021\/12\/magazin-beitragsbild-2-m-kuechentrends_2022-768x432.jpg 768w, https:\/\/www.zurbrueggen.de\/magazin\/wp-content\/uploads\/2021\/12\/magazin-beitragsbild-2-m-kuechentrends_2022-665x374.jpg 665w, https:\/\/www.zurbrueggen.de\/magazin\/wp-content\/uploads\/2021\/12\/magazin-beitragsbild-2-m-kuechentrends_2022-462x260.jpg 462w\" sizes=\"auto, (max-width: 1200px) 100vw, 1200px\" \/><figcaption id=\"caption-attachment-6381\" class=\"wp-caption-text\">Sch\u00fcller K\u00fcchen, Modell K042, L292M \/ Titelbild: Sch\u00fcller K\u00fcchen, Modell Arosa<\/figcaption><\/figure>\n<p><span class=\"fliesstext\" style=\"font-family: Roboto, sans-serif; font-size: 16px; line-height: 24px; font-weight: 400;\">Alles in einem ist zunehmend die Devise. Durch die weitreichenden Ver\u00e4nderungen der letzten Jahre sind berufliches und privates Leben immer mehr verschmolzen \u2013 das finden wir nun auch in unseren Wohnr\u00e4umen wieder. Flie\u00dfende \u00dcberg\u00e4nge zwischen K\u00fcche, Wohn- und Essbereich sowie Arbeitsplatz schaffen offene R\u00e4ume mit dennoch klaren Strukturen. Durch ein Regal getrennt ist der Arbeitsplatz zwar offen und in die K\u00fcche integriert, gleichzeitig aber separiert genug, um Ordnung beizubehalten und seinen definierten Raum im trubeligen Familienalltag abzugrenzen.<\/span><\/p>\n<p>&nbsp;<\/p>\n<figure id=\"attachment_6380\" aria-describedby=\"caption-attachment-6380\" style=\"width: 1200px\" class=\"wp-caption aligncenter\"><img loading=\"lazy\" decoding=\"async\" src=\"https:\/\/www.zurbrueggen.de\/magazin\/wp-content\/uploads\/2021\/12\/magazin-beitragsbild-1-m-kuechentrends_2022.jpg\" alt=\"\" width=\"1200\" height=\"675\" class=\"size-full wp-image-6380\" srcset=\"https:\/\/www.zurbrueggen.de\/magazin\/wp-content\/uploads\/2021\/12\/magazin-beitragsbild-1-m-kuechentrends_2022.jpg 1200w, https:\/\/www.zurbrueggen.de\/magazin\/wp-content\/uploads\/2021\/12\/magazin-beitragsbild-1-m-kuechentrends_2022-300x169.jpg 300w, https:\/\/www.zurbrueggen.de\/magazin\/wp-content\/uploads\/2021\/12\/magazin-beitragsbild-1-m-kuechentrends_2022-1024x576.jpg 1024w, https:\/\/www.zurbrueggen.de\/magazin\/wp-content\/uploads\/2021\/12\/magazin-beitragsbild-1-m-kuechentrends_2022-768x432.jpg 768w, https:\/\/www.zurbrueggen.de\/magazin\/wp-content\/uploads\/2021\/12\/magazin-beitragsbild-1-m-kuechentrends_2022-665x374.jpg 665w, https:\/\/www.zurbrueggen.de\/magazin\/wp-content\/uploads\/2021\/12\/magazin-beitragsbild-1-m-kuechentrends_2022-462x260.jpg 462w\" sizes=\"auto, (max-width: 1200px) 100vw, 1200px\" \/><figcaption id=\"caption-attachment-6380\" class=\"wp-caption-text\">Nolte K\u00fcchen, Modell TITAN<\/figcaption><\/figure>\n<p><span class=\"fliesstext\" style=\"font-family: Roboto, sans-serif; font-size: 16px; line-height: 24px; font-weight: 400;\">Farblich wird es praktisch und edel. Wie in den letzten Jahren schon in anderen R\u00e4umen zunehmend angekommen, wird es jetzt auch in den K\u00fcchen dunkler. Viel Schwarz und dunkles Grau kombiniert mit Holzelementen verzeihen nicht nur den ein oder anderen Fleck auf der Anrichte, sondern wirken \u00fcber Jahrzehnte hinweg klassisch und elegant. F\u00fcr die farblichen Eye-Catcher lassen sich dann immer noch bunte K\u00fcchenaccessoires wie die von <a href=\"https:\/\/www.zurbrueggen.de\/haushalt\/?limit=36&#038;manufacturer=ee8471c988dd4efba16023ab13409797&#038;order=neue-artikel&#038;p=1\">Kitchen Aid<\/a> oder <a href=\"https:\/\/www.zurbrueggen.de\/haushalt\/?limit=36&#038;manufacturer=4d5750d9cf054f26a348a1a4d31f1452&#038;order=neue-artikel&#038;p=1\">Le Creuset<\/a> erg\u00e4nzen.<\/span><\/p>\n<p>&nbsp;<\/p>\n<figure id=\"attachment_6382\" aria-describedby=\"caption-attachment-6382\" style=\"width: 1200px\" class=\"wp-caption aligncenter\"><img loading=\"lazy\" decoding=\"async\" src=\"https:\/\/www.zurbrueggen.de\/magazin\/wp-content\/uploads\/2021\/12\/magazin-beitragsbild-4-m-kuechentrends_2022.jpg\" alt=\"\" width=\"1200\" height=\"675\" class=\"size-full wp-image-6382\" srcset=\"https:\/\/www.zurbrueggen.de\/magazin\/wp-content\/uploads\/2021\/12\/magazin-beitragsbild-4-m-kuechentrends_2022.jpg 1200w, https:\/\/www.zurbrueggen.de\/magazin\/wp-content\/uploads\/2021\/12\/magazin-beitragsbild-4-m-kuechentrends_2022-300x169.jpg 300w, https:\/\/www.zurbrueggen.de\/magazin\/wp-content\/uploads\/2021\/12\/magazin-beitragsbild-4-m-kuechentrends_2022-1024x576.jpg 1024w, https:\/\/www.zurbrueggen.de\/magazin\/wp-content\/uploads\/2021\/12\/magazin-beitragsbild-4-m-kuechentrends_2022-768x432.jpg 768w, https:\/\/www.zurbrueggen.de\/magazin\/wp-content\/uploads\/2021\/12\/magazin-beitragsbild-4-m-kuechentrends_2022-665x374.jpg 665w, https:\/\/www.zurbrueggen.de\/magazin\/wp-content\/uploads\/2021\/12\/magazin-beitragsbild-4-m-kuechentrends_2022-462x260.jpg 462w\" sizes=\"auto, (max-width: 1200px) 100vw, 1200px\" \/><figcaption id=\"caption-attachment-6382\" class=\"wp-caption-text\">Nolte K\u00fcchen, Eckl\u00f6sung LeMans<\/figcaption><\/figure>\n<p><span class=\"fliesstext\" style=\"font-family: Roboto, sans-serif; font-size: 16px; line-height: 24px; font-weight: 400;\">Damit auch der Alltag in der neuen K\u00fcche angenehm ist, setzen wir weiter auf ergonomisch Arbeitsh\u00f6hen und empfehlen Back\u00f6fen oder Geschirrsp\u00fcler hoch eingebaut. Weitere erleichternde Alltagshelfern, die sich \u00fcber die letzten Jahre bew\u00e4hrt haben: Quooker, ein Wasserhahn der kochendes, gek\u00fchltes oder sprudelndes Wasser liefert &#038; Eckl\u00f6sungen, die das Nutzen des vollen Stauraums erm\u00f6glichen. Dreh- und ausschwenkbar verstauen unterschiedliche Eckl\u00f6sungen alles bis in die Tiefen des Schrankes hinein und halten es trotzdem gut erreichbar.<br \/>\nNoch mehr Trends, M\u00f6glichkeiten und Ideen haben <a href=\"https:\/\/www.zurbrueggen.de\/service\/kuechenplanung\/\">unsere Fachberater direkt vor Ort<\/a> parat.<\/span><\/p>\n<p>&nbsp;<br \/>\n<a href=\"https:\/\/www.zurbrueggen.de\/service\/kuechenplanung\/\"><img loading=\"lazy\" decoding=\"async\" src=\"https:\/\/www.zurbrueggen.de\/magazin\/wp-content\/uploads\/2021\/12\/magazin-mobil-footer-kuechentrends_2022-1.jpg\" alt=\"\" width=\"750\" height=\"320\" class=\"aligncenter size-full wp-image-6399\" srcset=\"https:\/\/www.zurbrueggen.de\/magazin\/wp-content\/uploads\/2021\/12\/magazin-mobil-footer-kuechentrends_2022-1.jpg 750w, https:\/\/www.zurbrueggen.de\/magazin\/wp-content\/uploads\/2021\/12\/magazin-mobil-footer-kuechentrends_2022-1-300x128.jpg 300w, https:\/\/www.zurbrueggen.de\/magazin\/wp-content\/uploads\/2021\/12\/magazin-mobil-footer-kuechentrends_2022-1-665x284.jpg 665w, https:\/\/www.zurbrueggen.de\/magazin\/wp-content\/uploads\/2021\/12\/magazin-mobil-footer-kuechentrends_2022-1-609x260.jpg 609w\" sizes=\"auto, (max-width: 750px) 100vw, 750px\" \/><\/a><\/p>\n","protected":false},"excerpt":{"rendered":"<p>Jeder Jahreswechsel bringt eine Trendwende mit sich: In unseren K\u00f6pfen, in der Mode und auch in unserer Einrichtung. Wir haben uns auf den K\u00fcchenmessen umgesehen und mit Herstellern gesprochen, um schon heute verraten zu k\u00f6nnen, was im n\u00e4chsten Jahr die Trendk\u00fcche ausmacht.<\/p>\n","protected":false},"author":20,"featured_media":6379,"comment_status":"open","ping_status":"open","sticky":false,"template":"","format":"standard","meta":{"_acf_changed":false,"footnotes":""},"categories":[30,26],"tags":[1174,1199,1146,1118,1133,1161,1201,1200,1186],"class_list":["post-6378","post","type-post","status-publish","format-standard","has-post-thumbnail","hentry","category-bad_kueche","category-wohnwelten","tag-1174","tag-dunkel","tag-einrichtung","tag-elegant","tag-kueche","tag-kuechen","tag-schlicht","tag-schwarz","tag-trends"],"acf":[],"yoast_head":"<!-- This site is optimized with the Yoast SEO plugin v27.4 - https:\/\/yoast.com\/product\/yoast-seo-wordpress\/ -->\n<title>K\u00fcchentrends 2022: neues Jahr, neue Trends, neue K\u00fcche<\/title>\n<meta name=\"description\" content=\"Wir haben uns auf K\u00fcchenmessen umgesehen und mit Herstellern gesprochen, um schon heute verraten zu k\u00f6nnen, was im n\u00e4chsten Jahr die Trendk\u00fcche ausmacht.\" \/>\n<meta name=\"robots\" content=\"index, follow, max-snippet:-1, max-image-preview:large, max-video-preview:-1\" \/>\n<link rel=\"canonical\" href=\"https:\/\/www.zurbrueggen.de\/magazin\/kuechentrends-2022\/\" \/>\n<meta property=\"og:locale\" content=\"de_DE\" \/>\n<meta property=\"og:type\" content=\"article\" \/>\n<meta property=\"og:title\" content=\"K\u00fcchentrends 2022\" \/>\n<meta property=\"og:description\" content=\"Jeder Jahreswechsel bringt eine Trendwende mit sich: In unseren K\u00f6pfen, in der Mode und auch in unserer Einrichtung. Wir haben uns auf den K\u00fcchenmessen umgesehen und mit Herstellern gesprochen, um schon heute verraten zu k\u00f6nnen, was im n\u00e4chsten Jahr die Trendk\u00fcche ausmacht.\" \/>\n<meta property=\"og:url\" content=\"https:\/\/www.zurbrueggen.de\/magazin\/kuechentrends-2022\/\" \/>\n<meta property=\"og:site_name\" content=\"Zurbr\u00fcggen magazin\" \/>\n<meta property=\"article:publisher\" content=\"https:\/\/facebook.com\/zurbrueggen\" \/>\n<meta property=\"article:published_time\" content=\"2021-12-15T16:04:59+00:00\" \/>\n<meta property=\"article:modified_time\" content=\"2024-01-15T08:47:07+00:00\" \/>\n<meta property=\"og:image\" content=\"https:\/\/www.zurbrueggen.de\/magazin\/wp-content\/uploads\/2021\/12\/magazin-beitragsbild-cta-m-kuechentrends_2022.jpg\" \/>\n\t<meta property=\"og:image:width\" content=\"1200\" \/>\n\t<meta property=\"og:image:height\" content=\"675\" \/>\n\t<meta property=\"og:image:type\" content=\"image\/jpeg\" \/>\n<meta name=\"author\" content=\"Linda Wolfgart\" \/>\n<script type=\"application\/ld+json\" class=\"yoast-schema-graph\">{\"@context\":\"https:\\\/\\\/schema.org\",\"@graph\":[{\"@type\":\"Article\",\"@id\":\"https:\\\/\\\/www.zurbrueggen.de\\\/magazin\\\/kuechentrends-2022\\\/#article\",\"isPartOf\":{\"@id\":\"https:\\\/\\\/www.zurbrueggen.de\\\/magazin\\\/kuechentrends-2022\\\/\"},\"author\":{\"name\":\"Linda Wolfgart\",\"@id\":\"https:\\\/\\\/www.zurbrueggen.de\\\/magazin\\\/#\\\/schema\\\/person\\\/07170b1da6f7876ac78e450b9a3ed3d6\"},\"headline\":\"K\u00fcchentrends 2022\",\"datePublished\":\"2021-12-15T16:04:59+00:00\",\"dateModified\":\"2024-01-15T08:47:07+00:00\",\"mainEntityOfPage\":{\"@id\":\"https:\\\/\\\/www.zurbrueggen.de\\\/magazin\\\/kuechentrends-2022\\\/\"},\"wordCount\":355,\"commentCount\":1,\"publisher\":{\"@id\":\"https:\\\/\\\/www.zurbrueggen.de\\\/magazin\\\/#organization\"},\"image\":{\"@id\":\"https:\\\/\\\/www.zurbrueggen.de\\\/magazin\\\/kuechentrends-2022\\\/#primaryimage\"},\"thumbnailUrl\":\"https:\\\/\\\/www.zurbrueggen.de\\\/magazin\\\/wp-content\\\/uploads\\\/2021\\\/12\\\/magazin-beitragsbild-cta-m-kuechentrends_2022.jpg\",\"keywords\":[\"2022\",\"Dunkel\",\"Einrichtung\",\"Elegant\",\"K\u00fcche\",\"K\u00fcchen\",\"Schlicht\",\"Schwarz\",\"Trends\"],\"articleSection\":[\"bad\\\/k\u00fcche\",\"Wohnwelten\"],\"inLanguage\":\"de\",\"potentialAction\":[{\"@type\":\"CommentAction\",\"name\":\"Comment\",\"target\":[\"https:\\\/\\\/www.zurbrueggen.de\\\/magazin\\\/kuechentrends-2022\\\/#respond\"]}]},{\"@type\":\"WebPage\",\"@id\":\"https:\\\/\\\/www.zurbrueggen.de\\\/magazin\\\/kuechentrends-2022\\\/\",\"url\":\"https:\\\/\\\/www.zurbrueggen.de\\\/magazin\\\/kuechentrends-2022\\\/\",\"name\":\"K\u00fcchentrends 2022: neues Jahr, neue Trends, neue K\u00fcche\",\"isPartOf\":{\"@id\":\"https:\\\/\\\/www.zurbrueggen.de\\\/magazin\\\/#website\"},\"primaryImageOfPage\":{\"@id\":\"https:\\\/\\\/www.zurbrueggen.de\\\/magazin\\\/kuechentrends-2022\\\/#primaryimage\"},\"image\":{\"@id\":\"https:\\\/\\\/www.zurbrueggen.de\\\/magazin\\\/kuechentrends-2022\\\/#primaryimage\"},\"thumbnailUrl\":\"https:\\\/\\\/www.zurbrueggen.de\\\/magazin\\\/wp-content\\\/uploads\\\/2021\\\/12\\\/magazin-beitragsbild-cta-m-kuechentrends_2022.jpg\",\"datePublished\":\"2021-12-15T16:04:59+00:00\",\"dateModified\":\"2024-01-15T08:47:07+00:00\",\"description\":\"Wir haben uns auf K\u00fcchenmessen umgesehen und mit Herstellern gesprochen, um schon heute verraten zu k\u00f6nnen, was im n\u00e4chsten Jahr die Trendk\u00fcche ausmacht.\",\"breadcrumb\":{\"@id\":\"https:\\\/\\\/www.zurbrueggen.de\\\/magazin\\\/kuechentrends-2022\\\/#breadcrumb\"},\"inLanguage\":\"de\",\"potentialAction\":[{\"@type\":\"ReadAction\",\"target\":[\"https:\\\/\\\/www.zurbrueggen.de\\\/magazin\\\/kuechentrends-2022\\\/\"]}]},{\"@type\":\"ImageObject\",\"inLanguage\":\"de\",\"@id\":\"https:\\\/\\\/www.zurbrueggen.de\\\/magazin\\\/kuechentrends-2022\\\/#primaryimage\",\"url\":\"https:\\\/\\\/www.zurbrueggen.de\\\/magazin\\\/wp-content\\\/uploads\\\/2021\\\/12\\\/magazin-beitragsbild-cta-m-kuechentrends_2022.jpg\",\"contentUrl\":\"https:\\\/\\\/www.zurbrueggen.de\\\/magazin\\\/wp-content\\\/uploads\\\/2021\\\/12\\\/magazin-beitragsbild-cta-m-kuechentrends_2022.jpg\",\"width\":1200,\"height\":675},{\"@type\":\"BreadcrumbList\",\"@id\":\"https:\\\/\\\/www.zurbrueggen.de\\\/magazin\\\/kuechentrends-2022\\\/#breadcrumb\",\"itemListElement\":[{\"@type\":\"ListItem\",\"position\":1,\"name\":\"Startseite\",\"item\":\"https:\\\/\\\/www.zurbrueggen.de\\\/magazin\\\/\"},{\"@type\":\"ListItem\",\"position\":2,\"name\":\"K\u00fcchentrends 2022\"}]},{\"@type\":\"WebSite\",\"@id\":\"https:\\\/\\\/www.zurbrueggen.de\\\/magazin\\\/#website\",\"url\":\"https:\\\/\\\/www.zurbrueggen.de\\\/magazin\\\/\",\"name\":\"Zurbr\u00fcggen magazin\",\"description\":\"DESIGN \u2022 STYLE \u2022 LIVING\",\"publisher\":{\"@id\":\"https:\\\/\\\/www.zurbrueggen.de\\\/magazin\\\/#organization\"},\"potentialAction\":[{\"@type\":\"SearchAction\",\"target\":{\"@type\":\"EntryPoint\",\"urlTemplate\":\"https:\\\/\\\/www.zurbrueggen.de\\\/magazin\\\/?s={search_term_string}\"},\"query-input\":{\"@type\":\"PropertyValueSpecification\",\"valueRequired\":true,\"valueName\":\"search_term_string\"}}],\"inLanguage\":\"de\"},{\"@type\":\"Organization\",\"@id\":\"https:\\\/\\\/www.zurbrueggen.de\\\/magazin\\\/#organization\",\"name\":\"Zurbr\u00fcggen Wohn-Zentrum GmbH\",\"url\":\"https:\\\/\\\/www.zurbrueggen.de\\\/magazin\\\/\",\"logo\":{\"@type\":\"ImageObject\",\"inLanguage\":\"de\",\"@id\":\"https:\\\/\\\/www.zurbrueggen.de\\\/magazin\\\/#\\\/schema\\\/logo\\\/image\\\/\",\"url\":\"https:\\\/\\\/www.zurbrueggen.de\\\/magazin\\\/wp-content\\\/uploads\\\/2016\\\/07\\\/logo_zurbrueggen.png\",\"contentUrl\":\"https:\\\/\\\/www.zurbrueggen.de\\\/magazin\\\/wp-content\\\/uploads\\\/2016\\\/07\\\/logo_zurbrueggen.png\",\"width\":400,\"height\":107,\"caption\":\"Zurbr\u00fcggen Wohn-Zentrum GmbH\"},\"image\":{\"@id\":\"https:\\\/\\\/www.zurbrueggen.de\\\/magazin\\\/#\\\/schema\\\/logo\\\/image\\\/\"},\"sameAs\":[\"https:\\\/\\\/facebook.com\\\/zurbrueggen\",\"https:\\\/\\\/x.com\\\/Zurbrueggen\"]},{\"@type\":\"Person\",\"@id\":\"https:\\\/\\\/www.zurbrueggen.de\\\/magazin\\\/#\\\/schema\\\/person\\\/07170b1da6f7876ac78e450b9a3ed3d6\",\"name\":\"Linda Wolfgart\",\"image\":{\"@type\":\"ImageObject\",\"inLanguage\":\"de\",\"@id\":\"https:\\\/\\\/secure.gravatar.com\\\/avatar\\\/f84173980fbd4382d8c0ae77c07dbf27a65219dbdadb5b039dab209120bb5c55?s=96&d=mm&r=g\",\"url\":\"https:\\\/\\\/secure.gravatar.com\\\/avatar\\\/f84173980fbd4382d8c0ae77c07dbf27a65219dbdadb5b039dab209120bb5c55?s=96&d=mm&r=g\",\"contentUrl\":\"https:\\\/\\\/secure.gravatar.com\\\/avatar\\\/f84173980fbd4382d8c0ae77c07dbf27a65219dbdadb5b039dab209120bb5c55?s=96&d=mm&r=g\",\"caption\":\"Linda Wolfgart\"},\"url\":\"https:\\\/\\\/www.zurbrueggen.de\\\/magazin\\\/author\\\/l_junowicz\\\/\"}]}<\/script>\n<!-- \/ Yoast SEO plugin. -->","yoast_head_json":{"title":"K\u00fcchentrends 2022: neues Jahr, neue Trends, neue K\u00fcche","description":"Wir haben uns auf K\u00fcchenmessen umgesehen und mit Herstellern gesprochen, um schon heute verraten zu k\u00f6nnen, was im n\u00e4chsten Jahr die Trendk\u00fcche ausmacht.","robots":{"index":"index","follow":"follow","max-snippet":"max-snippet:-1","max-image-preview":"max-image-preview:large","max-video-preview":"max-video-preview:-1"},"canonical":"https:\/\/www.zurbrueggen.de\/magazin\/kuechentrends-2022\/","og_locale":"de_DE","og_type":"article","og_title":"K\u00fcchentrends 2022","og_description":"Jeder Jahreswechsel bringt eine Trendwende mit sich: In unseren K\u00f6pfen, in der Mode und auch in unserer Einrichtung. Wir haben uns auf den K\u00fcchenmessen umgesehen und mit Herstellern gesprochen, um schon heute verraten zu k\u00f6nnen, was im n\u00e4chsten Jahr die Trendk\u00fcche ausmacht.","og_url":"https:\/\/www.zurbrueggen.de\/magazin\/kuechentrends-2022\/","og_site_name":"Zurbr\u00fcggen magazin","article_publisher":"https:\/\/facebook.com\/zurbrueggen","article_published_time":"2021-12-15T16:04:59+00:00","article_modified_time":"2024-01-15T08:47:07+00:00","og_image":[{"width":1200,"height":675,"url":"https:\/\/www.zurbrueggen.de\/magazin\/wp-content\/uploads\/2021\/12\/magazin-beitragsbild-cta-m-kuechentrends_2022.jpg","type":"image\/jpeg"}],"author":"Linda Wolfgart","schema":{"@context":"https:\/\/schema.org","@graph":[{"@type":"Article","@id":"https:\/\/www.zurbrueggen.de\/magazin\/kuechentrends-2022\/#article","isPartOf":{"@id":"https:\/\/www.zurbrueggen.de\/magazin\/kuechentrends-2022\/"},"author":{"name":"Linda Wolfgart","@id":"https:\/\/www.zurbrueggen.de\/magazin\/#\/schema\/person\/07170b1da6f7876ac78e450b9a3ed3d6"},"headline":"K\u00fcchentrends 2022","datePublished":"2021-12-15T16:04:59+00:00","dateModified":"2024-01-15T08:47:07+00:00","mainEntityOfPage":{"@id":"https:\/\/www.zurbrueggen.de\/magazin\/kuechentrends-2022\/"},"wordCount":355,"commentCount":1,"publisher":{"@id":"https:\/\/www.zurbrueggen.de\/magazin\/#organization"},"image":{"@id":"https:\/\/www.zurbrueggen.de\/magazin\/kuechentrends-2022\/#primaryimage"},"thumbnailUrl":"https:\/\/www.zurbrueggen.de\/magazin\/wp-content\/uploads\/2021\/12\/magazin-beitragsbild-cta-m-kuechentrends_2022.jpg","keywords":["2022","Dunkel","Einrichtung","Elegant","K\u00fcche","K\u00fcchen","Schlicht","Schwarz","Trends"],"articleSection":["bad\/k\u00fcche","Wohnwelten"],"inLanguage":"de","potentialAction":[{"@type":"CommentAction","name":"Comment","target":["https:\/\/www.zurbrueggen.de\/magazin\/kuechentrends-2022\/#respond"]}]},{"@type":"WebPage","@id":"https:\/\/www.zurbrueggen.de\/magazin\/kuechentrends-2022\/","url":"https:\/\/www.zurbrueggen.de\/magazin\/kuechentrends-2022\/","name":"K\u00fcchentrends 2022: neues Jahr, neue Trends, neue K\u00fcche","isPartOf":{"@id":"https:\/\/www.zurbrueggen.de\/magazin\/#website"},"primaryImageOfPage":{"@id":"https:\/\/www.zurbrueggen.de\/magazin\/kuechentrends-2022\/#primaryimage"},"image":{"@id":"https:\/\/www.zurbrueggen.de\/magazin\/kuechentrends-2022\/#primaryimage"},"thumbnailUrl":"https:\/\/www.zurbrueggen.de\/magazin\/wp-content\/uploads\/2021\/12\/magazin-beitragsbild-cta-m-kuechentrends_2022.jpg","datePublished":"2021-12-15T16:04:59+00:00","dateModified":"2024-01-15T08:47:07+00:00","description":"Wir haben uns auf K\u00fcchenmessen umgesehen und mit Herstellern gesprochen, um schon heute verraten zu k\u00f6nnen, was im n\u00e4chsten Jahr die Trendk\u00fcche ausmacht.","breadcrumb":{"@id":"https:\/\/www.zurbrueggen.de\/magazin\/kuechentrends-2022\/#breadcrumb"},"inLanguage":"de","potentialAction":[{"@type":"ReadAction","target":["https:\/\/www.zurbrueggen.de\/magazin\/kuechentrends-2022\/"]}]},{"@type":"ImageObject","inLanguage":"de","@id":"https:\/\/www.zurbrueggen.de\/magazin\/kuechentrends-2022\/#primaryimage","url":"https:\/\/www.zurbrueggen.de\/magazin\/wp-content\/uploads\/2021\/12\/magazin-beitragsbild-cta-m-kuechentrends_2022.jpg","contentUrl":"https:\/\/www.zurbrueggen.de\/magazin\/wp-content\/uploads\/2021\/12\/magazin-beitragsbild-cta-m-kuechentrends_2022.jpg","width":1200,"height":675},{"@type":"BreadcrumbList","@id":"https:\/\/www.zurbrueggen.de\/magazin\/kuechentrends-2022\/#breadcrumb","itemListElement":[{"@type":"ListItem","position":1,"name":"Startseite","item":"https:\/\/www.zurbrueggen.de\/magazin\/"},{"@type":"ListItem","position":2,"name":"K\u00fcchentrends 2022"}]},{"@type":"WebSite","@id":"https:\/\/www.zurbrueggen.de\/magazin\/#website","url":"https:\/\/www.zurbrueggen.de\/magazin\/","name":"Zurbr\u00fcggen magazin","description":"DESIGN \u2022 STYLE \u2022 LIVING","publisher":{"@id":"https:\/\/www.zurbrueggen.de\/magazin\/#organization"},"potentialAction":[{"@type":"SearchAction","target":{"@type":"EntryPoint","urlTemplate":"https:\/\/www.zurbrueggen.de\/magazin\/?s={search_term_string}"},"query-input":{"@type":"PropertyValueSpecification","valueRequired":true,"valueName":"search_term_string"}}],"inLanguage":"de"},{"@type":"Organization","@id":"https:\/\/www.zurbrueggen.de\/magazin\/#organization","name":"Zurbr\u00fcggen Wohn-Zentrum GmbH","url":"https:\/\/www.zurbrueggen.de\/magazin\/","logo":{"@type":"ImageObject","inLanguage":"de","@id":"https:\/\/www.zurbrueggen.de\/magazin\/#\/schema\/logo\/image\/","url":"https:\/\/www.zurbrueggen.de\/magazin\/wp-content\/uploads\/2016\/07\/logo_zurbrueggen.png","contentUrl":"https:\/\/www.zurbrueggen.de\/magazin\/wp-content\/uploads\/2016\/07\/logo_zurbrueggen.png","width":400,"height":107,"caption":"Zurbr\u00fcggen Wohn-Zentrum GmbH"},"image":{"@id":"https:\/\/www.zurbrueggen.de\/magazin\/#\/schema\/logo\/image\/"},"sameAs":["https:\/\/facebook.com\/zurbrueggen","https:\/\/x.com\/Zurbrueggen"]},{"@type":"Person","@id":"https:\/\/www.zurbrueggen.de\/magazin\/#\/schema\/person\/07170b1da6f7876ac78e450b9a3ed3d6","name":"Linda Wolfgart","image":{"@type":"ImageObject","inLanguage":"de","@id":"https:\/\/secure.gravatar.com\/avatar\/f84173980fbd4382d8c0ae77c07dbf27a65219dbdadb5b039dab209120bb5c55?s=96&d=mm&r=g","url":"https:\/\/secure.gravatar.com\/avatar\/f84173980fbd4382d8c0ae77c07dbf27a65219dbdadb5b039dab209120bb5c55?s=96&d=mm&r=g","contentUrl":"https:\/\/secure.gravatar.com\/avatar\/f84173980fbd4382d8c0ae77c07dbf27a65219dbdadb5b039dab209120bb5c55?s=96&d=mm&r=g","caption":"Linda Wolfgart"},"url":"https:\/\/www.zurbrueggen.de\/magazin\/author\/l_junowicz\/"}]}},"_links":{"self":[{"href":"https:\/\/www.zurbrueggen.de\/magazin\/wp-json\/wp\/v2\/posts\/6378","targetHints":{"allow":["GET"]}}],"collection":[{"href":"https:\/\/www.zurbrueggen.de\/magazin\/wp-json\/wp\/v2\/posts"}],"about":[{"href":"https:\/\/www.zurbrueggen.de\/magazin\/wp-json\/wp\/v2\/types\/post"}],"author":[{"embeddable":true,"href":"https:\/\/www.zurbrueggen.de\/magazin\/wp-json\/wp\/v2\/users\/20"}],"replies":[{"embeddable":true,"href":"https:\/\/www.zurbrueggen.de\/magazin\/wp-json\/wp\/v2\/comments?post=6378"}],"version-history":[{"count":13,"href":"https:\/\/www.zurbrueggen.de\/magazin\/wp-json\/wp\/v2\/posts\/6378\/revisions"}],"predecessor-version":[{"id":7882,"href":"https:\/\/www.zurbrueggen.de\/magazin\/wp-json\/wp\/v2\/posts\/6378\/revisions\/7882"}],"wp:featuredmedia":[{"embeddable":true,"href":"https:\/\/www.zurbrueggen.de\/magazin\/wp-json\/wp\/v2\/media\/6379"}],"wp:attachment":[{"href":"https:\/\/www.zurbrueggen.de\/magazin\/wp-json\/wp\/v2\/media?parent=6378"}],"wp:term":[{"taxonomy":"category","embeddable":true,"href":"https:\/\/www.zurbrueggen.de\/magazin\/wp-json\/wp\/v2\/categories?post=6378"},{"taxonomy":"post_tag","embeddable":true,"href":"https:\/\/www.zurbrueggen.de\/magazin\/wp-json\/wp\/v2\/tags?post=6378"}],"curies":[{"name":"wp","href":"https:\/\/api.w.org\/{rel}","templated":true}]}}