{"id":6301,"date":"2021-11-03T09:16:50","date_gmt":"2021-11-03T08:16:50","guid":{"rendered":"https:\/\/www.zurbrueggen.de\/magazin\/?p=6301"},"modified":"2024-01-12T09:43:19","modified_gmt":"2024-01-12T08:43:19","slug":"moebel-nach-mass","status":"publish","type":"post","link":"https:\/\/www.zurbrueggen.de\/magazin\/moebel-nach-mass\/","title":{"rendered":"M\u00f6bel nach Ma\u00df"},"content":{"rendered":"<div class=\"mceTemp\"><\/div>\n<p><span class=\"vorschau\" style=\"font-family: 'Roboto Slab'; font-size: 22px; line-height: 34px; font-weight: 300; margin-top: 40px;\">Traumcouch gefunden, aber sie passt nicht ins heimische Wohnzimmer? Was nicht passt wird bei uns passend gemacht. Unsere Experten <a href=\"https:\/\/www.zurbrueggen.de\/filialen\/\" target=\"_blank\" rel=\"noopener\">vor Ort<\/a> helfen Ihnen gerne, jedes Teil auf Ihre pers\u00f6nlichen Bed\u00fcrfnisse anzupassen. Egal ob Material, Farbe oder Schnitt: \u201eWir wollen nicht nur verkaufen, wir wollen einrichten. Daf\u00fcr muss alles stimmen\u201c, steht f\u00fcr unseren Bereichsleiter Wohnen in Unna, Fatih Angin fest. &#8222;Die gro\u00dfe Kunst ist, Farben, Formen und \u00dcberg\u00e4nge zu vereinen und jedes M\u00f6belst\u00fcck optimal in Szene zu setzen. Daf\u00fcr muss es auf den Raum und die Bed\u00fcrfnisse des Besitzers abgestimmt sein. Nur so entsteht eine Energie im Raum, die unser Wohlbefinden positiv beeinflusst.&#8220;<\/span><\/p>\n<p><!--more--><\/p>\n<p>&nbsp;<\/p>\n<p><a href=\"https:\/\/www.zurbrueggen.de\/service\/persoenliche-beratung\/\"><img loading=\"lazy\" decoding=\"async\" class=\"aligncenter size-full wp-image-6308\" src=\"https:\/\/www.zurbrueggen.de\/magazin\/wp-content\/uploads\/2021\/10\/magazin-beitragsbild-2-m-moebel-nach-mass.jpg\" alt=\"\" width=\"1200\" height=\"675\" srcset=\"https:\/\/www.zurbrueggen.de\/magazin\/wp-content\/uploads\/2021\/10\/magazin-beitragsbild-2-m-moebel-nach-mass.jpg 1200w, https:\/\/www.zurbrueggen.de\/magazin\/wp-content\/uploads\/2021\/10\/magazin-beitragsbild-2-m-moebel-nach-mass-300x169.jpg 300w, https:\/\/www.zurbrueggen.de\/magazin\/wp-content\/uploads\/2021\/10\/magazin-beitragsbild-2-m-moebel-nach-mass-1024x576.jpg 1024w, https:\/\/www.zurbrueggen.de\/magazin\/wp-content\/uploads\/2021\/10\/magazin-beitragsbild-2-m-moebel-nach-mass-768x432.jpg 768w, https:\/\/www.zurbrueggen.de\/magazin\/wp-content\/uploads\/2021\/10\/magazin-beitragsbild-2-m-moebel-nach-mass-665x374.jpg 665w, https:\/\/www.zurbrueggen.de\/magazin\/wp-content\/uploads\/2021\/10\/magazin-beitragsbild-2-m-moebel-nach-mass-462x260.jpg 462w\" sizes=\"auto, (max-width: 1200px) 100vw, 1200px\" \/><\/a><\/p>\n<p><span class=\"subheading\" style=\"font-family: 'Roboto Slab', sans-serif; font-size: 20px; margin-top: 40px; font-weight: 400; text-transform: none;\">Alles ist m\u00f6glich<\/span><\/p>\n<p><span class=\"fliesstext\" style=\"font-family: Roboto, sans-serif; font-size: 16px; line-height: 24px; font-weight: 400;\">Sitzgarnituren, Schr\u00e4nke, Regale, Wohnw\u00e4nde, Heim-Bibliotheken \u2013 bei uns ist nichts unm\u00f6glich. Dabei sind wir immer an Ihrer Seite: ob Sie nun Ihr Sofa in G\u00e4nze und damit auch Tiefe, H\u00e4rtegrad und elektrische Funktionen konfigurieren oder Ihre gesamte Wohnwand millimetergenau auch hinsichtlich Ihrer Vorstellung zu T\u00fcren, Schubk\u00e4sten und Lichtgestaltung planen m\u00f6chten. Unser geschultes und zumeist langj\u00e4hriges Fachpersonal wei\u00df hierbei genau, worauf Sie achten m\u00fcssen und schaut auch auf Aspekte wie Gehwege oder Kabell\u00e4ufe im Raum.<\/span><\/p>\n<p><span class=\"fliesstext\" style=\"font-family: Roboto, sans-serif; font-size: 16px; line-height: 24px; font-weight: 400;\"> Am Beispiel einer Sitzgarnitur erkl\u00e4rt Fatih Angin, welche Qual der Wahl sich stellt: \u201eSitzh\u00f6he, Sitztiefe, H\u00e4rtegrad, Farben und Stoffe sind nahezu immer m\u00f6glich. Hinzukommen klappbare Armteile und R\u00fcckenlehnen, genau wie elektrische oder manuelle Relax-Funktionen. Nat\u00fcrlich sind die M\u00f6glichkeiten von Hersteller zu Hersteller verschieden. Manche konfigurieren dabei nur nach festen, manche nach g\u00e4nzlich flexiblen Ma\u00dfen. Aber <a href=\"https:\/\/www.zurbrueggen.de\/service\/persoenliche-beratung\/\" target=\"_blank\" rel=\"noopener\"> mit unseren Beratern<\/a> findet jeder genau, was er sucht. Denn selbst wenn die eine Garnitur nicht alles bieten kann, wissen wir immer, welche Garnitur allen Kundenw\u00fcnschen gerecht wird.<\/span><\/p>\n<p>&nbsp;<\/p>\n<p><a href=\"https:\/\/www.zurbrueggen.de\/service\/aufmass\/\"><img loading=\"lazy\" decoding=\"async\" class=\"aligncenter size-full wp-image-6309\" src=\"https:\/\/www.zurbrueggen.de\/magazin\/wp-content\/uploads\/2021\/10\/magazin-beitragsbild-3-m-moebel-nach-mass.jpg\" alt=\"\" width=\"1200\" height=\"675\" srcset=\"https:\/\/www.zurbrueggen.de\/magazin\/wp-content\/uploads\/2021\/10\/magazin-beitragsbild-3-m-moebel-nach-mass.jpg 1200w, https:\/\/www.zurbrueggen.de\/magazin\/wp-content\/uploads\/2021\/10\/magazin-beitragsbild-3-m-moebel-nach-mass-300x169.jpg 300w, https:\/\/www.zurbrueggen.de\/magazin\/wp-content\/uploads\/2021\/10\/magazin-beitragsbild-3-m-moebel-nach-mass-1024x576.jpg 1024w, https:\/\/www.zurbrueggen.de\/magazin\/wp-content\/uploads\/2021\/10\/magazin-beitragsbild-3-m-moebel-nach-mass-768x432.jpg 768w, https:\/\/www.zurbrueggen.de\/magazin\/wp-content\/uploads\/2021\/10\/magazin-beitragsbild-3-m-moebel-nach-mass-665x374.jpg 665w, https:\/\/www.zurbrueggen.de\/magazin\/wp-content\/uploads\/2021\/10\/magazin-beitragsbild-3-m-moebel-nach-mass-462x260.jpg 462w\" sizes=\"auto, (max-width: 1200px) 100vw, 1200px\" \/><\/a><\/p>\n<p><span class=\"subheading\" style=\"font-family: 'Roboto Slab', sans-serif; font-size: 20px; margin-top: 40px; font-weight: 400; text-transform: none;\">Wie l\u00e4uft das?<\/span><\/p>\n<p><span class=\"fliesstext\" style=\"font-family: Roboto, sans-serif; font-size: 16px; line-height: 24px; font-weight: 400;\">Wenn Sie sich im Laden f\u00fcr ein Teil entscheiden, das auf Ihren Raum oder individuelle Bed\u00fcrfnisse angepasst werden soll, sind grobe Ma\u00dfe oder ein Grundriss des Raumes von Vorteil f\u00fcr die Planung. Bei der intensiven Planung aller Schenkelma\u00dfe, Farben, Materialien und Einrichtungsoptionen, erstellt unser Fachberater eine 3D Animation, so dass Ihr Traumst\u00fcck nicht der reinen Vorstellungskraft \u00fcberlassen bleibt. Eine Skizze davon k\u00f6nnen Sie direkt mitnehmen.<\/span><\/p>\n<p><span class=\"fliesstext\" style=\"font-family: Roboto, sans-serif; font-size: 16px; line-height: 24px; font-weight: 400;\">Im n\u00e4chsten Schritt kommen unsere <a href=\"https:\/\/www.zurbrueggen.de\/service\/aufmass\/\" target=\"_blank\" rel=\"noopener\">Aufma\u00df-Techniker<\/a> zu Ihnen nach Hause und messen den Raum exakt aus, damit die darauffolgende Feinplanung haargenau angepasst werden kann. Erst dann startet die Freigabe zur Produktion beim Hersteller.<br \/>\nIm letzten Schritt sind <a href=\"https:\/\/www.zurbrueggen.de\/service\/lieferung-montage\/\" target=\"_blank\" rel=\"noopener\">Lieferung und Montage<\/a> bei uns mit inbegriffen, damit Ihr Traumteil professionell und ohne eigenes Verbiegen im Handumdrehen steht.<\/span><\/p>\n<p>&nbsp;<\/p>\n<p><a href=\"https:\/\/www.zurbrueggen.de\/extras\/moebellexikon\/\"><img loading=\"lazy\" decoding=\"async\" class=\"aligncenter size-full wp-image-6310\" src=\"https:\/\/www.zurbrueggen.de\/magazin\/wp-content\/uploads\/2021\/10\/magazin-beitragsbild-1-m-moebel-nach-mass.jpg\" alt=\"\" width=\"1200\" height=\"675\" srcset=\"https:\/\/www.zurbrueggen.de\/magazin\/wp-content\/uploads\/2021\/10\/magazin-beitragsbild-1-m-moebel-nach-mass.jpg 1200w, https:\/\/www.zurbrueggen.de\/magazin\/wp-content\/uploads\/2021\/10\/magazin-beitragsbild-1-m-moebel-nach-mass-300x169.jpg 300w, https:\/\/www.zurbrueggen.de\/magazin\/wp-content\/uploads\/2021\/10\/magazin-beitragsbild-1-m-moebel-nach-mass-1024x576.jpg 1024w, https:\/\/www.zurbrueggen.de\/magazin\/wp-content\/uploads\/2021\/10\/magazin-beitragsbild-1-m-moebel-nach-mass-768x432.jpg 768w, https:\/\/www.zurbrueggen.de\/magazin\/wp-content\/uploads\/2021\/10\/magazin-beitragsbild-1-m-moebel-nach-mass-665x374.jpg 665w, https:\/\/www.zurbrueggen.de\/magazin\/wp-content\/uploads\/2021\/10\/magazin-beitragsbild-1-m-moebel-nach-mass-462x260.jpg 462w\" sizes=\"auto, (max-width: 1200px) 100vw, 1200px\" \/><\/a><\/p>\n<p><span class=\"subheading\" style=\"font-family: 'Roboto Slab', sans-serif; font-size: 20px; margin-top: 40px; font-weight: 400; text-transform: none;\">H\u00e4ufige Fragen: Zeit &amp; Preis<\/span><\/p>\n<p><span class=\"fliesstext\" style=\"font-family: Roboto, sans-serif; font-size: 16px; line-height: 24px; font-weight: 400;\"> Die meistgestellten Fragen bei ma\u00dfgefertigten Produkten drehen sich um den Preis und die Lieferdauer. Dabei \u00e4ndert sich nicht immer viel, verglichen mit nicht angepassten Produkten. <\/span><br \/>\n<span class=\"fliesstext\" style=\"font-family: Roboto, sans-serif; font-size: 16px; line-height: 24px; font-weight: 400;\"> <a href=\"https:\/\/www.zurbrueggen.de\/shop\/marken\/z2.html\" target=\"_blank\" rel=\"noopener\">Im Jungen Wohnen<\/a> haben wir vieles, das auf die Bed\u00fcrfnisse j\u00fcngerer Kunden abgestimmt ist \u2013 h\u00e4ufig g\u00fcnstiger und sofort verf\u00fcgbar, da es sich um Lagerware handelt. In anderen Abteilungen m\u00fcssen Artikel in der Regel erst beim <a href=\"https:\/\/www.zurbrueggen.de\/shop\/marken.html\" target=\"_blank\" rel=\"noopener\">Hersteller<\/a> bestellt werden. \u201eAllein durch die Wahlm\u00f6glichkeiten von Stoffen und Farben kommen zum Teil duzende Varianten zusammen. Das kann sich niemand ins Lager stellen\u201c, erkl\u00e4rt Fatih Angin. \u201eUnd je nach Anpassungen macht es dann kaum einen Unterschied. Ob ein Brett nun auf 2,80 Meter zugeschnitten wird oder auf 2,32 Meter ver\u00e4ndert am Prozess gar nichts.\u201c<\/span><\/p>\n<p><span class=\"fliesstext\" style=\"font-family: Roboto, sans-serif; font-size: 16px; line-height: 24px; font-weight: 400;\">Im Preis kommt es ganz auf die gew\u00fcnschten \u00c4nderungen an. \u201eAufma\u00df, Lieferung und Montage sind bei uns immer inklusive, wenn der Auftrag zustande kommt. F\u00fcr alles weitere bieten Hersteller gelegentliche Aktionszeitr\u00e4ume an, in denen beispielsweise H\u00f6hen- und Tiefenk\u00fcrzungen nicht mehr kosten. Au\u00dferhalb dieser Zeitr\u00e4ume kommen Aufschl\u00e4ge dazu \u2013 diese sind allerdings sehr unterschiedlich, je nach dem was f\u00fcr Anpassungen bei welchem Hersteller gew\u00fcnscht werden. Die Preise und auch das Kunden-Budget lassen sich aber immer von unserem Team im Blick behalten\u201c, r\u00e4t der Experte.<\/span><\/p>\n<p>&nbsp;<\/p>\n<p><a href=\"https:\/\/www.zurbrueggen.de\/filialen\/\"><img loading=\"lazy\" decoding=\"async\" class=\"aligncenter size-full wp-image-6319\" src=\"https:\/\/www.zurbrueggen.de\/magazin\/wp-content\/uploads\/2021\/10\/footer-mobil-moebel-nach-mass-1.jpg\" alt=\"\" width=\"750\" height=\"320\" srcset=\"https:\/\/www.zurbrueggen.de\/magazin\/wp-content\/uploads\/2021\/10\/footer-mobil-moebel-nach-mass-1.jpg 750w, https:\/\/www.zurbrueggen.de\/magazin\/wp-content\/uploads\/2021\/10\/footer-mobil-moebel-nach-mass-1-300x128.jpg 300w, https:\/\/www.zurbrueggen.de\/magazin\/wp-content\/uploads\/2021\/10\/footer-mobil-moebel-nach-mass-1-665x284.jpg 665w, https:\/\/www.zurbrueggen.de\/magazin\/wp-content\/uploads\/2021\/10\/footer-mobil-moebel-nach-mass-1-609x260.jpg 609w\" sizes=\"auto, (max-width: 750px) 100vw, 750px\" \/><\/a><\/p>\n","protected":false},"excerpt":{"rendered":"<p>Traumcouch gefunden, aber sie passt nicht ins heimische Wohnzimmer? Was nicht passt wird bei uns passend gemacht. Unsere Experten vor Ort helfen Ihnen gerne, jedes Teil auf Ihre pers\u00f6nlichen Bed\u00fcrfnisse anzupassen. Egal ob Material, Farbe oder Schnitt: \u201eWir wollen nicht nur verkaufen, wir wollen einrichten. Daf\u00fcr muss alles stimmen\u201c, steht f\u00fcr unseren Bereichsleiter Wohnen in [&hellip;]<\/p>\n","protected":false},"author":20,"featured_media":6302,"comment_status":"open","ping_status":"open","sticky":false,"template":"","format":"standard","meta":{"_acf_changed":false,"footnotes":""},"categories":[27,31],"tags":[1144],"class_list":["post-6301","post","type-post","status-publish","format-standard","has-post-thumbnail","hentry","category-trends-und-wissen","category-wissen","tag-individuell-individualitaet-moebel-einrichtung-planung-sitzgarnitur-sofa-couch-regal-regalwand-optionen-anpassungen"],"acf":[],"yoast_head":"<!-- This site is optimized with the Yoast SEO plugin v27.4 - https:\/\/yoast.com\/product\/yoast-seo-wordpress\/ -->\n<title>M\u00f6bel nach Ma\u00df: Was nicht passt wird passend gemacht!<\/title>\n<meta name=\"description\" content=\"Wir schneiden jedes Teil auf deine individuellen Bed\u00fcrfnisse zu: Egal ob Farbe, Material, L\u00e4nge oder anderes - wir richten ganz nach deinen W\u00fcnschen ein.\" \/>\n<meta name=\"robots\" content=\"index, follow, max-snippet:-1, max-image-preview:large, max-video-preview:-1\" \/>\n<link rel=\"canonical\" href=\"https:\/\/www.zurbrueggen.de\/magazin\/moebel-nach-mass\/\" \/>\n<meta property=\"og:locale\" content=\"de_DE\" \/>\n<meta property=\"og:type\" content=\"article\" \/>\n<meta property=\"og:title\" content=\"M\u00f6bel nach Ma\u00df\" \/>\n<meta property=\"og:description\" content=\"Wir k\u00f6nnen jedes Teil auf deine individuellen Bed\u00fcrfnisse zuschneiden: Ganz nach dem Motto &quot;was nicht passt wird passend gemacht!&quot; Egal ob Farbe, Material, L\u00e4ngen und Einrichtungsoptionen - wir richten dich ganz nach deinen W\u00fcnschen ein.\" \/>\n<meta property=\"og:url\" content=\"https:\/\/www.zurbrueggen.de\/magazin\/moebel-nach-mass\/\" \/>\n<meta property=\"og:site_name\" content=\"Zurbr\u00fcggen magazin\" \/>\n<meta property=\"article:publisher\" content=\"https:\/\/facebook.com\/zurbrueggen\" \/>\n<meta property=\"article:published_time\" content=\"2021-11-03T08:16:50+00:00\" \/>\n<meta property=\"article:modified_time\" content=\"2024-01-12T08:43:19+00:00\" \/>\n<meta property=\"og:image\" content=\"https:\/\/www.zurbrueggen.de\/magazin\/wp-content\/uploads\/2021\/10\/magazin-beitragsbild-cta-m-moebel-nach-mass.jpg\" \/>\n\t<meta property=\"og:image:width\" content=\"1200\" \/>\n\t<meta property=\"og:image:height\" content=\"675\" \/>\n\t<meta property=\"og:image:type\" content=\"image\/jpeg\" \/>\n<meta name=\"author\" content=\"Linda Wolfgart\" \/>\n<script type=\"application\/ld+json\" class=\"yoast-schema-graph\">{\"@context\":\"https:\\\/\\\/schema.org\",\"@graph\":[{\"@type\":\"Article\",\"@id\":\"https:\\\/\\\/www.zurbrueggen.de\\\/magazin\\\/moebel-nach-mass\\\/#article\",\"isPartOf\":{\"@id\":\"https:\\\/\\\/www.zurbrueggen.de\\\/magazin\\\/moebel-nach-mass\\\/\"},\"author\":{\"name\":\"Linda Wolfgart\",\"@id\":\"https:\\\/\\\/www.zurbrueggen.de\\\/magazin\\\/#\\\/schema\\\/person\\\/07170b1da6f7876ac78e450b9a3ed3d6\"},\"headline\":\"M\u00f6bel nach Ma\u00df\",\"datePublished\":\"2021-11-03T08:16:50+00:00\",\"dateModified\":\"2024-01-12T08:43:19+00:00\",\"mainEntityOfPage\":{\"@id\":\"https:\\\/\\\/www.zurbrueggen.de\\\/magazin\\\/moebel-nach-mass\\\/\"},\"wordCount\":656,\"commentCount\":0,\"publisher\":{\"@id\":\"https:\\\/\\\/www.zurbrueggen.de\\\/magazin\\\/#organization\"},\"image\":{\"@id\":\"https:\\\/\\\/www.zurbrueggen.de\\\/magazin\\\/moebel-nach-mass\\\/#primaryimage\"},\"thumbnailUrl\":\"https:\\\/\\\/www.zurbrueggen.de\\\/magazin\\\/wp-content\\\/uploads\\\/2021\\\/10\\\/magazin-beitragsbild-cta-m-moebel-nach-mass.jpg\",\"keywords\":[\"Individuell; Individualit\u00e4t; M\u00f6bel; Einrichtung; Planung; Sitzgarnitur; Sofa; Couch; Regal; Regalwand; Optionen; Anpassungen\"],\"articleSection\":[\"Trends &amp; Wissen\",\"wissen\"],\"inLanguage\":\"de\",\"potentialAction\":[{\"@type\":\"CommentAction\",\"name\":\"Comment\",\"target\":[\"https:\\\/\\\/www.zurbrueggen.de\\\/magazin\\\/moebel-nach-mass\\\/#respond\"]}]},{\"@type\":\"WebPage\",\"@id\":\"https:\\\/\\\/www.zurbrueggen.de\\\/magazin\\\/moebel-nach-mass\\\/\",\"url\":\"https:\\\/\\\/www.zurbrueggen.de\\\/magazin\\\/moebel-nach-mass\\\/\",\"name\":\"M\u00f6bel nach Ma\u00df: Was nicht passt wird passend gemacht!\",\"isPartOf\":{\"@id\":\"https:\\\/\\\/www.zurbrueggen.de\\\/magazin\\\/#website\"},\"primaryImageOfPage\":{\"@id\":\"https:\\\/\\\/www.zurbrueggen.de\\\/magazin\\\/moebel-nach-mass\\\/#primaryimage\"},\"image\":{\"@id\":\"https:\\\/\\\/www.zurbrueggen.de\\\/magazin\\\/moebel-nach-mass\\\/#primaryimage\"},\"thumbnailUrl\":\"https:\\\/\\\/www.zurbrueggen.de\\\/magazin\\\/wp-content\\\/uploads\\\/2021\\\/10\\\/magazin-beitragsbild-cta-m-moebel-nach-mass.jpg\",\"datePublished\":\"2021-11-03T08:16:50+00:00\",\"dateModified\":\"2024-01-12T08:43:19+00:00\",\"description\":\"Wir schneiden jedes Teil auf deine individuellen Bed\u00fcrfnisse zu: Egal ob Farbe, Material, L\u00e4nge oder anderes - wir richten ganz nach deinen W\u00fcnschen ein.\",\"breadcrumb\":{\"@id\":\"https:\\\/\\\/www.zurbrueggen.de\\\/magazin\\\/moebel-nach-mass\\\/#breadcrumb\"},\"inLanguage\":\"de\",\"potentialAction\":[{\"@type\":\"ReadAction\",\"target\":[\"https:\\\/\\\/www.zurbrueggen.de\\\/magazin\\\/moebel-nach-mass\\\/\"]}]},{\"@type\":\"ImageObject\",\"inLanguage\":\"de\",\"@id\":\"https:\\\/\\\/www.zurbrueggen.de\\\/magazin\\\/moebel-nach-mass\\\/#primaryimage\",\"url\":\"https:\\\/\\\/www.zurbrueggen.de\\\/magazin\\\/wp-content\\\/uploads\\\/2021\\\/10\\\/magazin-beitragsbild-cta-m-moebel-nach-mass.jpg\",\"contentUrl\":\"https:\\\/\\\/www.zurbrueggen.de\\\/magazin\\\/wp-content\\\/uploads\\\/2021\\\/10\\\/magazin-beitragsbild-cta-m-moebel-nach-mass.jpg\",\"width\":1200,\"height\":675},{\"@type\":\"BreadcrumbList\",\"@id\":\"https:\\\/\\\/www.zurbrueggen.de\\\/magazin\\\/moebel-nach-mass\\\/#breadcrumb\",\"itemListElement\":[{\"@type\":\"ListItem\",\"position\":1,\"name\":\"Startseite\",\"item\":\"https:\\\/\\\/www.zurbrueggen.de\\\/magazin\\\/\"},{\"@type\":\"ListItem\",\"position\":2,\"name\":\"M\u00f6bel nach Ma\u00df\"}]},{\"@type\":\"WebSite\",\"@id\":\"https:\\\/\\\/www.zurbrueggen.de\\\/magazin\\\/#website\",\"url\":\"https:\\\/\\\/www.zurbrueggen.de\\\/magazin\\\/\",\"name\":\"Zurbr\u00fcggen magazin\",\"description\":\"DESIGN \u2022 STYLE \u2022 LIVING\",\"publisher\":{\"@id\":\"https:\\\/\\\/www.zurbrueggen.de\\\/magazin\\\/#organization\"},\"potentialAction\":[{\"@type\":\"SearchAction\",\"target\":{\"@type\":\"EntryPoint\",\"urlTemplate\":\"https:\\\/\\\/www.zurbrueggen.de\\\/magazin\\\/?s={search_term_string}\"},\"query-input\":{\"@type\":\"PropertyValueSpecification\",\"valueRequired\":true,\"valueName\":\"search_term_string\"}}],\"inLanguage\":\"de\"},{\"@type\":\"Organization\",\"@id\":\"https:\\\/\\\/www.zurbrueggen.de\\\/magazin\\\/#organization\",\"name\":\"Zurbr\u00fcggen Wohn-Zentrum GmbH\",\"url\":\"https:\\\/\\\/www.zurbrueggen.de\\\/magazin\\\/\",\"logo\":{\"@type\":\"ImageObject\",\"inLanguage\":\"de\",\"@id\":\"https:\\\/\\\/www.zurbrueggen.de\\\/magazin\\\/#\\\/schema\\\/logo\\\/image\\\/\",\"url\":\"https:\\\/\\\/www.zurbrueggen.de\\\/magazin\\\/wp-content\\\/uploads\\\/2016\\\/07\\\/logo_zurbrueggen.png\",\"contentUrl\":\"https:\\\/\\\/www.zurbrueggen.de\\\/magazin\\\/wp-content\\\/uploads\\\/2016\\\/07\\\/logo_zurbrueggen.png\",\"width\":400,\"height\":107,\"caption\":\"Zurbr\u00fcggen Wohn-Zentrum GmbH\"},\"image\":{\"@id\":\"https:\\\/\\\/www.zurbrueggen.de\\\/magazin\\\/#\\\/schema\\\/logo\\\/image\\\/\"},\"sameAs\":[\"https:\\\/\\\/facebook.com\\\/zurbrueggen\",\"https:\\\/\\\/x.com\\\/Zurbrueggen\"]},{\"@type\":\"Person\",\"@id\":\"https:\\\/\\\/www.zurbrueggen.de\\\/magazin\\\/#\\\/schema\\\/person\\\/07170b1da6f7876ac78e450b9a3ed3d6\",\"name\":\"Linda Wolfgart\",\"image\":{\"@type\":\"ImageObject\",\"inLanguage\":\"de\",\"@id\":\"https:\\\/\\\/secure.gravatar.com\\\/avatar\\\/f84173980fbd4382d8c0ae77c07dbf27a65219dbdadb5b039dab209120bb5c55?s=96&d=mm&r=g\",\"url\":\"https:\\\/\\\/secure.gravatar.com\\\/avatar\\\/f84173980fbd4382d8c0ae77c07dbf27a65219dbdadb5b039dab209120bb5c55?s=96&d=mm&r=g\",\"contentUrl\":\"https:\\\/\\\/secure.gravatar.com\\\/avatar\\\/f84173980fbd4382d8c0ae77c07dbf27a65219dbdadb5b039dab209120bb5c55?s=96&d=mm&r=g\",\"caption\":\"Linda Wolfgart\"},\"url\":\"https:\\\/\\\/www.zurbrueggen.de\\\/magazin\\\/author\\\/l_junowicz\\\/\"}]}<\/script>\n<!-- \/ Yoast SEO plugin. -->","yoast_head_json":{"title":"M\u00f6bel nach Ma\u00df: Was nicht passt wird passend gemacht!","description":"Wir schneiden jedes Teil auf deine individuellen Bed\u00fcrfnisse zu: Egal ob Farbe, Material, L\u00e4nge oder anderes - wir richten ganz nach deinen W\u00fcnschen ein.","robots":{"index":"index","follow":"follow","max-snippet":"max-snippet:-1","max-image-preview":"max-image-preview:large","max-video-preview":"max-video-preview:-1"},"canonical":"https:\/\/www.zurbrueggen.de\/magazin\/moebel-nach-mass\/","og_locale":"de_DE","og_type":"article","og_title":"M\u00f6bel nach Ma\u00df","og_description":"Wir k\u00f6nnen jedes Teil auf deine individuellen Bed\u00fcrfnisse zuschneiden: Ganz nach dem Motto \"was nicht passt wird passend gemacht!\" Egal ob Farbe, Material, L\u00e4ngen und Einrichtungsoptionen - wir richten dich ganz nach deinen W\u00fcnschen ein.","og_url":"https:\/\/www.zurbrueggen.de\/magazin\/moebel-nach-mass\/","og_site_name":"Zurbr\u00fcggen magazin","article_publisher":"https:\/\/facebook.com\/zurbrueggen","article_published_time":"2021-11-03T08:16:50+00:00","article_modified_time":"2024-01-12T08:43:19+00:00","og_image":[{"width":1200,"height":675,"url":"https:\/\/www.zurbrueggen.de\/magazin\/wp-content\/uploads\/2021\/10\/magazin-beitragsbild-cta-m-moebel-nach-mass.jpg","type":"image\/jpeg"}],"author":"Linda Wolfgart","schema":{"@context":"https:\/\/schema.org","@graph":[{"@type":"Article","@id":"https:\/\/www.zurbrueggen.de\/magazin\/moebel-nach-mass\/#article","isPartOf":{"@id":"https:\/\/www.zurbrueggen.de\/magazin\/moebel-nach-mass\/"},"author":{"name":"Linda Wolfgart","@id":"https:\/\/www.zurbrueggen.de\/magazin\/#\/schema\/person\/07170b1da6f7876ac78e450b9a3ed3d6"},"headline":"M\u00f6bel nach Ma\u00df","datePublished":"2021-11-03T08:16:50+00:00","dateModified":"2024-01-12T08:43:19+00:00","mainEntityOfPage":{"@id":"https:\/\/www.zurbrueggen.de\/magazin\/moebel-nach-mass\/"},"wordCount":656,"commentCount":0,"publisher":{"@id":"https:\/\/www.zurbrueggen.de\/magazin\/#organization"},"image":{"@id":"https:\/\/www.zurbrueggen.de\/magazin\/moebel-nach-mass\/#primaryimage"},"thumbnailUrl":"https:\/\/www.zurbrueggen.de\/magazin\/wp-content\/uploads\/2021\/10\/magazin-beitragsbild-cta-m-moebel-nach-mass.jpg","keywords":["Individuell; Individualit\u00e4t; M\u00f6bel; Einrichtung; Planung; Sitzgarnitur; Sofa; Couch; Regal; Regalwand; Optionen; Anpassungen"],"articleSection":["Trends &amp; Wissen","wissen"],"inLanguage":"de","potentialAction":[{"@type":"CommentAction","name":"Comment","target":["https:\/\/www.zurbrueggen.de\/magazin\/moebel-nach-mass\/#respond"]}]},{"@type":"WebPage","@id":"https:\/\/www.zurbrueggen.de\/magazin\/moebel-nach-mass\/","url":"https:\/\/www.zurbrueggen.de\/magazin\/moebel-nach-mass\/","name":"M\u00f6bel nach Ma\u00df: Was nicht passt wird passend gemacht!","isPartOf":{"@id":"https:\/\/www.zurbrueggen.de\/magazin\/#website"},"primaryImageOfPage":{"@id":"https:\/\/www.zurbrueggen.de\/magazin\/moebel-nach-mass\/#primaryimage"},"image":{"@id":"https:\/\/www.zurbrueggen.de\/magazin\/moebel-nach-mass\/#primaryimage"},"thumbnailUrl":"https:\/\/www.zurbrueggen.de\/magazin\/wp-content\/uploads\/2021\/10\/magazin-beitragsbild-cta-m-moebel-nach-mass.jpg","datePublished":"2021-11-03T08:16:50+00:00","dateModified":"2024-01-12T08:43:19+00:00","description":"Wir schneiden jedes Teil auf deine individuellen Bed\u00fcrfnisse zu: Egal ob Farbe, Material, L\u00e4nge oder anderes - wir richten ganz nach deinen W\u00fcnschen ein.","breadcrumb":{"@id":"https:\/\/www.zurbrueggen.de\/magazin\/moebel-nach-mass\/#breadcrumb"},"inLanguage":"de","potentialAction":[{"@type":"ReadAction","target":["https:\/\/www.zurbrueggen.de\/magazin\/moebel-nach-mass\/"]}]},{"@type":"ImageObject","inLanguage":"de","@id":"https:\/\/www.zurbrueggen.de\/magazin\/moebel-nach-mass\/#primaryimage","url":"https:\/\/www.zurbrueggen.de\/magazin\/wp-content\/uploads\/2021\/10\/magazin-beitragsbild-cta-m-moebel-nach-mass.jpg","contentUrl":"https:\/\/www.zurbrueggen.de\/magazin\/wp-content\/uploads\/2021\/10\/magazin-beitragsbild-cta-m-moebel-nach-mass.jpg","width":1200,"height":675},{"@type":"BreadcrumbList","@id":"https:\/\/www.zurbrueggen.de\/magazin\/moebel-nach-mass\/#breadcrumb","itemListElement":[{"@type":"ListItem","position":1,"name":"Startseite","item":"https:\/\/www.zurbrueggen.de\/magazin\/"},{"@type":"ListItem","position":2,"name":"M\u00f6bel nach Ma\u00df"}]},{"@type":"WebSite","@id":"https:\/\/www.zurbrueggen.de\/magazin\/#website","url":"https:\/\/www.zurbrueggen.de\/magazin\/","name":"Zurbr\u00fcggen magazin","description":"DESIGN \u2022 STYLE \u2022 LIVING","publisher":{"@id":"https:\/\/www.zurbrueggen.de\/magazin\/#organization"},"potentialAction":[{"@type":"SearchAction","target":{"@type":"EntryPoint","urlTemplate":"https:\/\/www.zurbrueggen.de\/magazin\/?s={search_term_string}"},"query-input":{"@type":"PropertyValueSpecification","valueRequired":true,"valueName":"search_term_string"}}],"inLanguage":"de"},{"@type":"Organization","@id":"https:\/\/www.zurbrueggen.de\/magazin\/#organization","name":"Zurbr\u00fcggen Wohn-Zentrum GmbH","url":"https:\/\/www.zurbrueggen.de\/magazin\/","logo":{"@type":"ImageObject","inLanguage":"de","@id":"https:\/\/www.zurbrueggen.de\/magazin\/#\/schema\/logo\/image\/","url":"https:\/\/www.zurbrueggen.de\/magazin\/wp-content\/uploads\/2016\/07\/logo_zurbrueggen.png","contentUrl":"https:\/\/www.zurbrueggen.de\/magazin\/wp-content\/uploads\/2016\/07\/logo_zurbrueggen.png","width":400,"height":107,"caption":"Zurbr\u00fcggen Wohn-Zentrum GmbH"},"image":{"@id":"https:\/\/www.zurbrueggen.de\/magazin\/#\/schema\/logo\/image\/"},"sameAs":["https:\/\/facebook.com\/zurbrueggen","https:\/\/x.com\/Zurbrueggen"]},{"@type":"Person","@id":"https:\/\/www.zurbrueggen.de\/magazin\/#\/schema\/person\/07170b1da6f7876ac78e450b9a3ed3d6","name":"Linda Wolfgart","image":{"@type":"ImageObject","inLanguage":"de","@id":"https:\/\/secure.gravatar.com\/avatar\/f84173980fbd4382d8c0ae77c07dbf27a65219dbdadb5b039dab209120bb5c55?s=96&d=mm&r=g","url":"https:\/\/secure.gravatar.com\/avatar\/f84173980fbd4382d8c0ae77c07dbf27a65219dbdadb5b039dab209120bb5c55?s=96&d=mm&r=g","contentUrl":"https:\/\/secure.gravatar.com\/avatar\/f84173980fbd4382d8c0ae77c07dbf27a65219dbdadb5b039dab209120bb5c55?s=96&d=mm&r=g","caption":"Linda Wolfgart"},"url":"https:\/\/www.zurbrueggen.de\/magazin\/author\/l_junowicz\/"}]}},"_links":{"self":[{"href":"https:\/\/www.zurbrueggen.de\/magazin\/wp-json\/wp\/v2\/posts\/6301","targetHints":{"allow":["GET"]}}],"collection":[{"href":"https:\/\/www.zurbrueggen.de\/magazin\/wp-json\/wp\/v2\/posts"}],"about":[{"href":"https:\/\/www.zurbrueggen.de\/magazin\/wp-json\/wp\/v2\/types\/post"}],"author":[{"embeddable":true,"href":"https:\/\/www.zurbrueggen.de\/magazin\/wp-json\/wp\/v2\/users\/20"}],"replies":[{"embeddable":true,"href":"https:\/\/www.zurbrueggen.de\/magazin\/wp-json\/wp\/v2\/comments?post=6301"}],"version-history":[{"count":20,"href":"https:\/\/www.zurbrueggen.de\/magazin\/wp-json\/wp\/v2\/posts\/6301\/revisions"}],"predecessor-version":[{"id":7874,"href":"https:\/\/www.zurbrueggen.de\/magazin\/wp-json\/wp\/v2\/posts\/6301\/revisions\/7874"}],"wp:featuredmedia":[{"embeddable":true,"href":"https:\/\/www.zurbrueggen.de\/magazin\/wp-json\/wp\/v2\/media\/6302"}],"wp:attachment":[{"href":"https:\/\/www.zurbrueggen.de\/magazin\/wp-json\/wp\/v2\/media?parent=6301"}],"wp:term":[{"taxonomy":"category","embeddable":true,"href":"https:\/\/www.zurbrueggen.de\/magazin\/wp-json\/wp\/v2\/categories?post=6301"},{"taxonomy":"post_tag","embeddable":true,"href":"https:\/\/www.zurbrueggen.de\/magazin\/wp-json\/wp\/v2\/tags?post=6301"}],"curies":[{"name":"wp","href":"https:\/\/api.w.org\/{rel}","templated":true}]}}