{"id":6038,"date":"2021-06-10T11:36:31","date_gmt":"2021-06-10T09:36:31","guid":{"rendered":"https:\/\/www.zurbrueggen.de\/magazin\/?p=6038"},"modified":"2021-06-10T12:24:49","modified_gmt":"2021-06-10T10:24:49","slug":"es-werde-licht","status":"publish","type":"post","link":"https:\/\/www.zurbrueggen.de\/magazin\/es-werde-licht\/","title":{"rendered":"Es werde Licht"},"content":{"rendered":"<div class=\"mceTemp\"><\/div>\n<p><span class=\"vorschau\" style=\"font-family: 'Roboto Slab'; font-size: 22px; line-height: 34px; font-weight: 300; margin-top: 40px;\">Ob ihr wirklich richtig steht, seht ihr, wenn das Licht angeht \u2013 diesen klugen Spruch kennen wir doch alle. Aber mal im Ernst: Nach einem nervenaufreibenden Umzug werden die Lampen gern mal hintenangestellt und die Bauleuchten vorerst h\u00e4ngen gelassen. Dabei bestimmt die Lampe eines Raumes so viel und das nicht erst nachdem sich das Tageslicht verabschiedet hat.<\/span><\/p>\n<p><!--more--><\/p>\n<p>&nbsp;<\/p>\n<figure id=\"attachment_6045\" aria-describedby=\"caption-attachment-6045\" style=\"width: 1200px\" class=\"wp-caption alignnone\"><a href=\"https:\/\/www.zurbrueggen.de\/shop\/leuchten\/innenleuchten\/pendelleuchten\/marama-haengeleuchte-feelgood.html\"><img loading=\"lazy\" decoding=\"async\" class=\"wp-image-6045 size-full\" src=\"https:\/\/www.zurbrueggen.de\/magazin\/wp-content\/uploads\/2021\/06\/magazin-beitragsbild-3-m-es-werde-licht.jpg\" alt=\"\" width=\"1200\" height=\"675\" srcset=\"https:\/\/www.zurbrueggen.de\/magazin\/wp-content\/uploads\/2021\/06\/magazin-beitragsbild-3-m-es-werde-licht.jpg 1200w, https:\/\/www.zurbrueggen.de\/magazin\/wp-content\/uploads\/2021\/06\/magazin-beitragsbild-3-m-es-werde-licht-300x169.jpg 300w, https:\/\/www.zurbrueggen.de\/magazin\/wp-content\/uploads\/2021\/06\/magazin-beitragsbild-3-m-es-werde-licht-1024x576.jpg 1024w, https:\/\/www.zurbrueggen.de\/magazin\/wp-content\/uploads\/2021\/06\/magazin-beitragsbild-3-m-es-werde-licht-768x432.jpg 768w, https:\/\/www.zurbrueggen.de\/magazin\/wp-content\/uploads\/2021\/06\/magazin-beitragsbild-3-m-es-werde-licht-665x374.jpg 665w, https:\/\/www.zurbrueggen.de\/magazin\/wp-content\/uploads\/2021\/06\/magazin-beitragsbild-3-m-es-werde-licht-462x260.jpg 462w\" sizes=\"auto, (max-width: 1200px) 100vw, 1200px\" \/><\/a><figcaption id=\"caption-attachment-6045\" class=\"wp-caption-text\">Aus unserem Shop: Marama H\u00e4ngeleuchte Feelgood<\/figcaption><\/figure>\n<p><span class=\"subheading\" style=\"font-family: 'Roboto Slab', sans-serif; font-size: 20px; margin-top: 40px; font-weight: 400; text-transform: none;\">Kronleuchter, Strahler oder Pendel?<\/span><\/p>\n<p><span class=\"fliesstext\" style=\"font-family: Roboto, sans-serif; font-size: 16px; line-height: 24px; font-weight: 400;\">Wie bei jedem Aspekt der Inneneinrichtung gilt auch bei der Beleuchtung: Sie muss Ihrem Geschmack und Stil entsprechen. F\u00fcr welche Art Deckenleuchte Sie sich am Ende entscheiden sollte allerdings auch von Ort und Nutzen abh\u00e4ngen.<\/span><\/p>\n<p>&nbsp;<\/p>\n<figure id=\"attachment_6043\" aria-describedby=\"caption-attachment-6043\" style=\"width: 1200px\" class=\"wp-caption alignnone\"><a href=\"https:\/\/www.zurbrueggen.de\/shop\/leuchten\/innenleuchten\/kronleuchter.html\"><img loading=\"lazy\" decoding=\"async\" class=\"wp-image-6043 size-full\" src=\"https:\/\/www.zurbrueggen.de\/magazin\/wp-content\/uploads\/2021\/06\/magazin-beitragsbild-1-m-es-werde-licht.jpg\" alt=\"\" width=\"1200\" height=\"675\" srcset=\"https:\/\/www.zurbrueggen.de\/magazin\/wp-content\/uploads\/2021\/06\/magazin-beitragsbild-1-m-es-werde-licht.jpg 1200w, https:\/\/www.zurbrueggen.de\/magazin\/wp-content\/uploads\/2021\/06\/magazin-beitragsbild-1-m-es-werde-licht-300x169.jpg 300w, https:\/\/www.zurbrueggen.de\/magazin\/wp-content\/uploads\/2021\/06\/magazin-beitragsbild-1-m-es-werde-licht-1024x576.jpg 1024w, https:\/\/www.zurbrueggen.de\/magazin\/wp-content\/uploads\/2021\/06\/magazin-beitragsbild-1-m-es-werde-licht-768x432.jpg 768w, https:\/\/www.zurbrueggen.de\/magazin\/wp-content\/uploads\/2021\/06\/magazin-beitragsbild-1-m-es-werde-licht-665x374.jpg 665w, https:\/\/www.zurbrueggen.de\/magazin\/wp-content\/uploads\/2021\/06\/magazin-beitragsbild-1-m-es-werde-licht-462x260.jpg 462w\" sizes=\"auto, (max-width: 1200px) 100vw, 1200px\" \/><\/a><figcaption id=\"caption-attachment-6043\" class=\"wp-caption-text\">Zu unseren Kronleuchtern<\/figcaption><\/figure>\n<p><span class=\"subheading\" style=\"font-family: 'Roboto Slab', sans-serif; font-size: 20px; margin-top: 40px; font-weight: 400; text-transform: none;\">Imposant <\/span><\/p>\n<p><span class=\"fliesstext\" style=\"font-family: Roboto, sans-serif; font-size: 16px; line-height: 24px; font-weight: 400;\"><a href=\"https:\/\/www.zurbrueggen.de\/shop\/leuchten\/innenleuchten\/kronleuchter.html\">Kronleuchter <\/a> schaffen ein imposantes Bild. Sie ziehen die Blicke auf sich. Hier gilt Zur\u00fcckhaltung. Ein Kronleuchter sollte nicht direkt vor oder neben gro\u00dfen M\u00f6belst\u00fccken wie hohen Schr\u00e4nken platziert werden. Geben Sie ihm Raum: Zentriert \u00fcber einem Ess- oder Couchtisch hat die h\u00e4ngende, auff\u00e4llige Leuchte bessere Chancen ihre volle Wirkung zu entfalten. Besonders in der K\u00fcche ist von den aufw\u00e4ndigen H\u00e4ngern allerdings abzuraten. Spritzendes Fett und feuchte D\u00e4mpfe vom Kochen k\u00f6nnen das gute St\u00fcck nachhaltig sch\u00e4digen und verunreinigen, da die vielen Verzierungen schwer zu reinigen sind.<\/span><\/p>\n<p>&nbsp;<\/p>\n<figure id=\"attachment_6050\" aria-describedby=\"caption-attachment-6050\" style=\"width: 1200px\" class=\"wp-caption alignnone\"><a href=\"https:\/\/www.zurbrueggen.de\/shop\/leuchten\/innenleuchten\/deckenleuchten\/wofi-leuchten-deckenleuchte-indigo.html\"><img loading=\"lazy\" decoding=\"async\" class=\"wp-image-6050 size-full\" src=\"https:\/\/www.zurbrueggen.de\/magazin\/wp-content\/uploads\/2021\/06\/magazin-beitragsbild-8-m-es-werde-licht.jpg\" alt=\"\" width=\"1200\" height=\"675\" srcset=\"https:\/\/www.zurbrueggen.de\/magazin\/wp-content\/uploads\/2021\/06\/magazin-beitragsbild-8-m-es-werde-licht.jpg 1200w, https:\/\/www.zurbrueggen.de\/magazin\/wp-content\/uploads\/2021\/06\/magazin-beitragsbild-8-m-es-werde-licht-300x169.jpg 300w, https:\/\/www.zurbrueggen.de\/magazin\/wp-content\/uploads\/2021\/06\/magazin-beitragsbild-8-m-es-werde-licht-1024x576.jpg 1024w, https:\/\/www.zurbrueggen.de\/magazin\/wp-content\/uploads\/2021\/06\/magazin-beitragsbild-8-m-es-werde-licht-768x432.jpg 768w, https:\/\/www.zurbrueggen.de\/magazin\/wp-content\/uploads\/2021\/06\/magazin-beitragsbild-8-m-es-werde-licht-665x374.jpg 665w, https:\/\/www.zurbrueggen.de\/magazin\/wp-content\/uploads\/2021\/06\/magazin-beitragsbild-8-m-es-werde-licht-462x260.jpg 462w\" sizes=\"auto, (max-width: 1200px) 100vw, 1200px\" \/><\/a><figcaption id=\"caption-attachment-6050\" class=\"wp-caption-text\">Aus unserem Shop: WOFI Leuchten Deckenleuchte INDIGO<\/figcaption><\/figure>\n<p><span class=\"subheading\" style=\"font-family: 'Roboto Slab', sans-serif; font-size: 20px; margin-top: 40px; font-weight: 400; text-transform: none;\"> Praktisch<\/span><\/p>\n<p><span class=\"fliesstext\" style=\"font-family: Roboto, sans-serif; font-size: 16px; line-height: 24px; font-weight: 400;\"> In K\u00fcchen und Arbeitsbereichen ist schlicht das Zauberwort. <a href=\" https:\/\/www.zurbrueggen.de\/shop\/leuchten\/innenleuchten\/strahler-spots.html\">Strahler und Spots<\/a> spenden hier das n\u00f6tige Licht, ohne ein direkter Blickfang zu sein. In den meisten F\u00e4llen lassen sie sich praktisch in alle Richtungen drehen und ausrichten, damit sie Licht spenden, wo es am meisten gebraucht wird. Durch ihren deckennahen Charakter sind sie wenig anf\u00e4llig f\u00fcr aufw\u00e4ndige Reinigungsaktionen, k\u00f6nnen aber durch kleine Designelemente trotzdem Ihren Stil widerspiegeln. Trendige <a href=\"https:\/\/www.zurbrueggen.de\/shop\/leuchten\/innenleuchten\/deckenleuchten.html?color_grouped[]=Schwarz&amp;material[]=Metall\">Spots mit metallenem Lampenschirm<\/a> und <a href=\"https:\/\/www.zurbrueggen.de\/shop\/leuchten\/innenleuchten\/deckenleuchten.html?material[]=Kunststoff\">grafisch designte LED-Leuchten<\/a> sind echte Hingucker unter den <a href=\"https:\/\/www.zurbrueggen.de\/shop\/leuchten\/innenleuchten\/deckenleuchten.html\">Deckenleuchten<\/a>.<\/span><\/p>\n<p>&nbsp;<\/p>\n<figure id=\"attachment_6046\" aria-describedby=\"caption-attachment-6046\" style=\"width: 1200px\" class=\"wp-caption alignnone\"><a href=\"https:\/\/www.zurbrueggen.de\/shop\/leuchten\/innenleuchten\/pendelleuchten\/nino-leuchten-pendelleuchte-4-flg-telesto.html\"><img loading=\"lazy\" decoding=\"async\" class=\"wp-image-6046 size-full\" src=\"https:\/\/www.zurbrueggen.de\/magazin\/wp-content\/uploads\/2021\/06\/magazin-beitragsbild-4-m-es-werde-licht.jpg\" alt=\"\" width=\"1200\" height=\"675\" srcset=\"https:\/\/www.zurbrueggen.de\/magazin\/wp-content\/uploads\/2021\/06\/magazin-beitragsbild-4-m-es-werde-licht.jpg 1200w, https:\/\/www.zurbrueggen.de\/magazin\/wp-content\/uploads\/2021\/06\/magazin-beitragsbild-4-m-es-werde-licht-300x169.jpg 300w, https:\/\/www.zurbrueggen.de\/magazin\/wp-content\/uploads\/2021\/06\/magazin-beitragsbild-4-m-es-werde-licht-1024x576.jpg 1024w, https:\/\/www.zurbrueggen.de\/magazin\/wp-content\/uploads\/2021\/06\/magazin-beitragsbild-4-m-es-werde-licht-768x432.jpg 768w, https:\/\/www.zurbrueggen.de\/magazin\/wp-content\/uploads\/2021\/06\/magazin-beitragsbild-4-m-es-werde-licht-665x374.jpg 665w, https:\/\/www.zurbrueggen.de\/magazin\/wp-content\/uploads\/2021\/06\/magazin-beitragsbild-4-m-es-werde-licht-462x260.jpg 462w\" sizes=\"auto, (max-width: 1200px) 100vw, 1200px\" \/><\/a><figcaption id=\"caption-attachment-6046\" class=\"wp-caption-text\">Aus unserem Shop: Nino Leuchten Pendelleuchte 4-flg TELESTO<\/figcaption><\/figure>\n<p><span class=\"subheading\" style=\"font-family: 'Roboto Slab', sans-serif; font-size: 20px; margin-top: 40px; font-weight: 400; text-transform: none;\"> Besonders<\/span><\/p>\n<p><span class=\"fliesstext\" style=\"font-family: Roboto, sans-serif; font-size: 16px; line-height: 24px; font-weight: 400;\">Extravagante Deckenleuchten beschr\u00e4nken sich aber nat\u00fcrlich auch nicht nur auf Kronleuchter. Strahler direkt unter der Decke <a href=\"https:\/\/www.zurbrueggen.de\/shop\/leuchten\/innenleuchten.html?color_grouped[]=Mehrfarbig\">mit Lampenschirmen aus farbigem Glas<\/a>, in ausgefallenen Formen oder <a href=\"https:\/\/www.zurbrueggen.de\/shop\/leuchten\/innenleuchten\/deckenleuchten\/briloner-led-deckenleuchte-led.html\">Sternenhimmelleuchten<\/a>: Es gibt mittlerweile mehr M\u00f6glichkeiten, als man sich h\u00e4ufig ertr\u00e4umen k\u00f6nnte. Ausgelassenes St\u00f6bern hilft da den eigenen Horizont zu erweitern und das vielleicht ungeahnt perfekte St\u00fcck f\u00fcr die eigenen vier W\u00e4nde zu finden. Denn egal, ob Sie eine ausgefallene <a href=\"https:\/\/www.zurbrueggen.de\/shop\/leuchten\/innenleuchten\/pendelleuchten.html\">Pendelleuchte<\/a> f\u00fcr den Esstisch oder einen <a href=\"https:\/\/www.zurbrueggen.de\/shop\/leuchten\/innenleuchten\/deckenleuchten\/werner-voss-deckenleuchte-chip.html\">kleinen, tierischen Hingucker<\/a> f\u00fcr Ihren urban Jungle suchen \u2013 die Richtige gibt es f\u00fcr jeden.<\/span><\/p>\n<p>&nbsp;<\/p>\n<figure id=\"attachment_6044\" aria-describedby=\"caption-attachment-6044\" style=\"width: 1200px\" class=\"wp-caption alignnone\"><a href=\"https:\/\/www.zurbrueggen.de\/shop\/leuchten\/innenleuchten\/pendelleuchten\/nino-leuchten-pendelleuchte-4-flg-tronco.html\"><img loading=\"lazy\" decoding=\"async\" class=\"wp-image-6044 size-full\" src=\"https:\/\/www.zurbrueggen.de\/magazin\/wp-content\/uploads\/2021\/06\/magazin-beitragsbild-2-m-es-werde-licht.jpg\" alt=\"\" width=\"1200\" height=\"675\" srcset=\"https:\/\/www.zurbrueggen.de\/magazin\/wp-content\/uploads\/2021\/06\/magazin-beitragsbild-2-m-es-werde-licht.jpg 1200w, https:\/\/www.zurbrueggen.de\/magazin\/wp-content\/uploads\/2021\/06\/magazin-beitragsbild-2-m-es-werde-licht-300x169.jpg 300w, https:\/\/www.zurbrueggen.de\/magazin\/wp-content\/uploads\/2021\/06\/magazin-beitragsbild-2-m-es-werde-licht-1024x576.jpg 1024w, https:\/\/www.zurbrueggen.de\/magazin\/wp-content\/uploads\/2021\/06\/magazin-beitragsbild-2-m-es-werde-licht-768x432.jpg 768w, https:\/\/www.zurbrueggen.de\/magazin\/wp-content\/uploads\/2021\/06\/magazin-beitragsbild-2-m-es-werde-licht-665x374.jpg 665w, https:\/\/www.zurbrueggen.de\/magazin\/wp-content\/uploads\/2021\/06\/magazin-beitragsbild-2-m-es-werde-licht-462x260.jpg 462w\" sizes=\"auto, (max-width: 1200px) 100vw, 1200px\" \/><\/a><figcaption id=\"caption-attachment-6044\" class=\"wp-caption-text\">Aus unserem Shop: Nino Leuchten Pendelleuchte 4-flg TRONCO &amp; Tischleuchte 1-flg TRONCO<\/figcaption><\/figure>\n<p><span class=\"subheading\" style=\"font-family: 'Roboto Slab', sans-serif; font-size: 20px; margin-top: 40px; font-weight: 400; text-transform: none;\">Eine Lampe ist nie genug<\/span><\/p>\n<p><span class=\"fliesstext\" style=\"font-family: Roboto, sans-serif; font-size: 16px; line-height: 24px; font-weight: 400;\">Die Qual der Wahl endet allerdings nicht bei der Entscheidung f\u00fcr das eine, perfekte Lampenmodell. F\u00fcr ein einheitliches Bild spielen auch Leuchtmittel, Farbtemperatur und weitere kleinere <a href=\"https:\/\/www.zurbrueggen.de\/shop\/leuchten\/innenleuchten\/stehleuchten.html\">Steh-<\/a> und <a href=\"https:\/\/www.zurbrueggen.de\/shop\/leuchten\/innenleuchten\/tischleuchten.html\"> Tischleuchten<\/a> eine entscheidende Rolle. Bis zum n\u00e4chsten Magazinbeitrag, der sich n\u00e4her mit diesen Themen besch\u00e4ftigt, stehen Ihnen unsere Berater <a href=\"https:\/\/www.zurbrueggen.de\/filialen\/\">vor Ort<\/a> mit voller Expertise zur Verf\u00fcgung. Einen von ihnen k\u00f6nnen Sie in <a href=\"https:\/\/www.zurbrueggen.de\/magazin\/experteninterview-lampen-und-leuchten\/\">diesem fr\u00fcheren Interview<\/a> direkt etwas n\u00e4her kennenlernen.<\/span><\/p>\n<p>&nbsp;<\/p>\n<p>&nbsp;<\/p>\n<p><a href=\"https:\/\/www.zurbrueggen.de\/shop\/leuchten\/innenleuchten.html\"><img loading=\"lazy\" decoding=\"async\" class=\"aligncenter size-full wp-image-6062\" src=\"https:\/\/www.zurbrueggen.de\/magazin\/wp-content\/uploads\/2021\/06\/magazin_footer-mobil-es-werde-licht.jpg\" alt=\"\" width=\"750\" height=\"320\" srcset=\"https:\/\/www.zurbrueggen.de\/magazin\/wp-content\/uploads\/2021\/06\/magazin_footer-mobil-es-werde-licht.jpg 750w, https:\/\/www.zurbrueggen.de\/magazin\/wp-content\/uploads\/2021\/06\/magazin_footer-mobil-es-werde-licht-300x128.jpg 300w, https:\/\/www.zurbrueggen.de\/magazin\/wp-content\/uploads\/2021\/06\/magazin_footer-mobil-es-werde-licht-665x284.jpg 665w, https:\/\/www.zurbrueggen.de\/magazin\/wp-content\/uploads\/2021\/06\/magazin_footer-mobil-es-werde-licht-609x260.jpg 609w\" sizes=\"auto, (max-width: 750px) 100vw, 750px\" \/><\/a><\/p>\n","protected":false},"excerpt":{"rendered":"<p>Ob ihr wirklich richtig steht, seht ihr, wenn das Licht angeht \u2013 diesen klugen Spruch kennen wir doch alle. Aber mal im Ernst: Nach einem nervenaufreibenden Umzug werden die Lampen gern mal hintenangestellt und die Bauleuchten vorerst h\u00e4ngen gelassen. Dabei bestimmt die Lampe eines Raumes so viel und das nicht erst nachdem sich das Tageslicht [&hellip;]<\/p>\n","protected":false},"author":20,"featured_media":6041,"comment_status":"open","ping_status":"open","sticky":false,"template":"","format":"standard","meta":{"_acf_changed":false,"footnotes":""},"categories":[36,27],"tags":[],"class_list":["post-6038","post","type-post","status-publish","format-standard","has-post-thumbnail","hentry","category-ambiente","category-trends-und-wissen"],"acf":[],"yoast_head":"<!-- This site is optimized with the Yoast SEO plugin v27.4 - https:\/\/yoast.com\/product\/yoast-seo-wordpress\/ -->\n<title>Es werde Licht: Finde die richtige Lampe f\u00fcr jeden Raum<\/title>\n<meta name=\"description\" content=\"H\u00e4ngen immer noch die Bauleuchten? Lampen bestimmen so viel in einem Raum &amp; das nicht erst, wenn sich das Tageslicht verabschiedet.\" \/>\n<meta name=\"robots\" content=\"index, follow, max-snippet:-1, max-image-preview:large, max-video-preview:-1\" \/>\n<link rel=\"canonical\" href=\"https:\/\/www.zurbrueggen.de\/magazin\/es-werde-licht\/\" \/>\n<meta property=\"og:locale\" content=\"de_DE\" \/>\n<meta property=\"og:type\" content=\"article\" \/>\n<meta property=\"og:title\" content=\"Es werde Licht: Finde die richtige Lampe\" \/>\n<meta property=\"og:description\" content=\"H\u00e4ngen immer noch die Bauleuchten? Lampen bestimmen so viel in einem Raum und das nicht erst, wenn sich das Tageslicht verabschiedet.\" \/>\n<meta property=\"og:url\" content=\"https:\/\/www.zurbrueggen.de\/magazin\/es-werde-licht\/\" \/>\n<meta property=\"og:site_name\" content=\"Zurbr\u00fcggen magazin\" \/>\n<meta property=\"article:publisher\" content=\"https:\/\/facebook.com\/zurbrueggen\" \/>\n<meta property=\"article:published_time\" content=\"2021-06-10T09:36:31+00:00\" \/>\n<meta property=\"article:modified_time\" content=\"2021-06-10T10:24:49+00:00\" \/>\n<meta property=\"og:image\" content=\"https:\/\/www.zurbrueggen.de\/magazin\/wp-content\/uploads\/2021\/06\/magazin-instagram-facebook-quadratisch-es-werde-licht-e1623150432491.png\" \/>\n\t<meta property=\"og:image:width\" content=\"1080\" \/>\n\t<meta property=\"og:image:height\" content=\"645\" \/>\n\t<meta property=\"og:image:type\" content=\"image\/png\" \/>\n<meta name=\"author\" content=\"Linda Wolfgart\" \/>\n<script type=\"application\/ld+json\" class=\"yoast-schema-graph\">{\"@context\":\"https:\\\/\\\/schema.org\",\"@graph\":[{\"@type\":\"Article\",\"@id\":\"https:\\\/\\\/www.zurbrueggen.de\\\/magazin\\\/es-werde-licht\\\/#article\",\"isPartOf\":{\"@id\":\"https:\\\/\\\/www.zurbrueggen.de\\\/magazin\\\/es-werde-licht\\\/\"},\"author\":{\"name\":\"Linda Wolfgart\",\"@id\":\"https:\\\/\\\/www.zurbrueggen.de\\\/magazin\\\/#\\\/schema\\\/person\\\/07170b1da6f7876ac78e450b9a3ed3d6\"},\"headline\":\"Es werde Licht\",\"datePublished\":\"2021-06-10T09:36:31+00:00\",\"dateModified\":\"2021-06-10T10:24:49+00:00\",\"mainEntityOfPage\":{\"@id\":\"https:\\\/\\\/www.zurbrueggen.de\\\/magazin\\\/es-werde-licht\\\/\"},\"wordCount\":549,\"commentCount\":1,\"publisher\":{\"@id\":\"https:\\\/\\\/www.zurbrueggen.de\\\/magazin\\\/#organization\"},\"image\":{\"@id\":\"https:\\\/\\\/www.zurbrueggen.de\\\/magazin\\\/es-werde-licht\\\/#primaryimage\"},\"thumbnailUrl\":\"https:\\\/\\\/www.zurbrueggen.de\\\/magazin\\\/wp-content\\\/uploads\\\/2021\\\/06\\\/magazin-beitragsbild-cta-m-es-werde-licht.jpg\",\"articleSection\":[\"ambiente\",\"Trends &amp; Wissen\"],\"inLanguage\":\"de\",\"potentialAction\":[{\"@type\":\"CommentAction\",\"name\":\"Comment\",\"target\":[\"https:\\\/\\\/www.zurbrueggen.de\\\/magazin\\\/es-werde-licht\\\/#respond\"]}]},{\"@type\":\"WebPage\",\"@id\":\"https:\\\/\\\/www.zurbrueggen.de\\\/magazin\\\/es-werde-licht\\\/\",\"url\":\"https:\\\/\\\/www.zurbrueggen.de\\\/magazin\\\/es-werde-licht\\\/\",\"name\":\"Es werde Licht: Finde die richtige Lampe f\u00fcr jeden Raum\",\"isPartOf\":{\"@id\":\"https:\\\/\\\/www.zurbrueggen.de\\\/magazin\\\/#website\"},\"primaryImageOfPage\":{\"@id\":\"https:\\\/\\\/www.zurbrueggen.de\\\/magazin\\\/es-werde-licht\\\/#primaryimage\"},\"image\":{\"@id\":\"https:\\\/\\\/www.zurbrueggen.de\\\/magazin\\\/es-werde-licht\\\/#primaryimage\"},\"thumbnailUrl\":\"https:\\\/\\\/www.zurbrueggen.de\\\/magazin\\\/wp-content\\\/uploads\\\/2021\\\/06\\\/magazin-beitragsbild-cta-m-es-werde-licht.jpg\",\"datePublished\":\"2021-06-10T09:36:31+00:00\",\"dateModified\":\"2021-06-10T10:24:49+00:00\",\"description\":\"H\u00e4ngen immer noch die Bauleuchten? Lampen bestimmen so viel in einem Raum & das nicht erst, wenn sich das Tageslicht verabschiedet.\",\"breadcrumb\":{\"@id\":\"https:\\\/\\\/www.zurbrueggen.de\\\/magazin\\\/es-werde-licht\\\/#breadcrumb\"},\"inLanguage\":\"de\",\"potentialAction\":[{\"@type\":\"ReadAction\",\"target\":[\"https:\\\/\\\/www.zurbrueggen.de\\\/magazin\\\/es-werde-licht\\\/\"]}]},{\"@type\":\"ImageObject\",\"inLanguage\":\"de\",\"@id\":\"https:\\\/\\\/www.zurbrueggen.de\\\/magazin\\\/es-werde-licht\\\/#primaryimage\",\"url\":\"https:\\\/\\\/www.zurbrueggen.de\\\/magazin\\\/wp-content\\\/uploads\\\/2021\\\/06\\\/magazin-beitragsbild-cta-m-es-werde-licht.jpg\",\"contentUrl\":\"https:\\\/\\\/www.zurbrueggen.de\\\/magazin\\\/wp-content\\\/uploads\\\/2021\\\/06\\\/magazin-beitragsbild-cta-m-es-werde-licht.jpg\",\"width\":1200,\"height\":675,\"caption\":\"Aus unserem Shop: Marama H\u00e4ngeleuchte COOL\"},{\"@type\":\"BreadcrumbList\",\"@id\":\"https:\\\/\\\/www.zurbrueggen.de\\\/magazin\\\/es-werde-licht\\\/#breadcrumb\",\"itemListElement\":[{\"@type\":\"ListItem\",\"position\":1,\"name\":\"Startseite\",\"item\":\"https:\\\/\\\/www.zurbrueggen.de\\\/magazin\\\/\"},{\"@type\":\"ListItem\",\"position\":2,\"name\":\"Es werde Licht\"}]},{\"@type\":\"WebSite\",\"@id\":\"https:\\\/\\\/www.zurbrueggen.de\\\/magazin\\\/#website\",\"url\":\"https:\\\/\\\/www.zurbrueggen.de\\\/magazin\\\/\",\"name\":\"Zurbr\u00fcggen magazin\",\"description\":\"DESIGN \u2022 STYLE \u2022 LIVING\",\"publisher\":{\"@id\":\"https:\\\/\\\/www.zurbrueggen.de\\\/magazin\\\/#organization\"},\"potentialAction\":[{\"@type\":\"SearchAction\",\"target\":{\"@type\":\"EntryPoint\",\"urlTemplate\":\"https:\\\/\\\/www.zurbrueggen.de\\\/magazin\\\/?s={search_term_string}\"},\"query-input\":{\"@type\":\"PropertyValueSpecification\",\"valueRequired\":true,\"valueName\":\"search_term_string\"}}],\"inLanguage\":\"de\"},{\"@type\":\"Organization\",\"@id\":\"https:\\\/\\\/www.zurbrueggen.de\\\/magazin\\\/#organization\",\"name\":\"Zurbr\u00fcggen Wohn-Zentrum GmbH\",\"url\":\"https:\\\/\\\/www.zurbrueggen.de\\\/magazin\\\/\",\"logo\":{\"@type\":\"ImageObject\",\"inLanguage\":\"de\",\"@id\":\"https:\\\/\\\/www.zurbrueggen.de\\\/magazin\\\/#\\\/schema\\\/logo\\\/image\\\/\",\"url\":\"https:\\\/\\\/www.zurbrueggen.de\\\/magazin\\\/wp-content\\\/uploads\\\/2016\\\/07\\\/logo_zurbrueggen.png\",\"contentUrl\":\"https:\\\/\\\/www.zurbrueggen.de\\\/magazin\\\/wp-content\\\/uploads\\\/2016\\\/07\\\/logo_zurbrueggen.png\",\"width\":400,\"height\":107,\"caption\":\"Zurbr\u00fcggen Wohn-Zentrum GmbH\"},\"image\":{\"@id\":\"https:\\\/\\\/www.zurbrueggen.de\\\/magazin\\\/#\\\/schema\\\/logo\\\/image\\\/\"},\"sameAs\":[\"https:\\\/\\\/facebook.com\\\/zurbrueggen\",\"https:\\\/\\\/x.com\\\/Zurbrueggen\"]},{\"@type\":\"Person\",\"@id\":\"https:\\\/\\\/www.zurbrueggen.de\\\/magazin\\\/#\\\/schema\\\/person\\\/07170b1da6f7876ac78e450b9a3ed3d6\",\"name\":\"Linda Wolfgart\",\"image\":{\"@type\":\"ImageObject\",\"inLanguage\":\"de\",\"@id\":\"https:\\\/\\\/secure.gravatar.com\\\/avatar\\\/f84173980fbd4382d8c0ae77c07dbf27a65219dbdadb5b039dab209120bb5c55?s=96&d=mm&r=g\",\"url\":\"https:\\\/\\\/secure.gravatar.com\\\/avatar\\\/f84173980fbd4382d8c0ae77c07dbf27a65219dbdadb5b039dab209120bb5c55?s=96&d=mm&r=g\",\"contentUrl\":\"https:\\\/\\\/secure.gravatar.com\\\/avatar\\\/f84173980fbd4382d8c0ae77c07dbf27a65219dbdadb5b039dab209120bb5c55?s=96&d=mm&r=g\",\"caption\":\"Linda Wolfgart\"},\"url\":\"https:\\\/\\\/www.zurbrueggen.de\\\/magazin\\\/author\\\/l_junowicz\\\/\"}]}<\/script>\n<!-- \/ Yoast SEO plugin. -->","yoast_head_json":{"title":"Es werde Licht: Finde die richtige Lampe f\u00fcr jeden Raum","description":"H\u00e4ngen immer noch die Bauleuchten? Lampen bestimmen so viel in einem Raum & das nicht erst, wenn sich das Tageslicht verabschiedet.","robots":{"index":"index","follow":"follow","max-snippet":"max-snippet:-1","max-image-preview":"max-image-preview:large","max-video-preview":"max-video-preview:-1"},"canonical":"https:\/\/www.zurbrueggen.de\/magazin\/es-werde-licht\/","og_locale":"de_DE","og_type":"article","og_title":"Es werde Licht: Finde die richtige Lampe","og_description":"H\u00e4ngen immer noch die Bauleuchten? Lampen bestimmen so viel in einem Raum und das nicht erst, wenn sich das Tageslicht verabschiedet.","og_url":"https:\/\/www.zurbrueggen.de\/magazin\/es-werde-licht\/","og_site_name":"Zurbr\u00fcggen magazin","article_publisher":"https:\/\/facebook.com\/zurbrueggen","article_published_time":"2021-06-10T09:36:31+00:00","article_modified_time":"2021-06-10T10:24:49+00:00","og_image":[{"width":1080,"height":645,"url":"https:\/\/www.zurbrueggen.de\/magazin\/wp-content\/uploads\/2021\/06\/magazin-instagram-facebook-quadratisch-es-werde-licht-e1623150432491.png","type":"image\/png"}],"author":"Linda Wolfgart","schema":{"@context":"https:\/\/schema.org","@graph":[{"@type":"Article","@id":"https:\/\/www.zurbrueggen.de\/magazin\/es-werde-licht\/#article","isPartOf":{"@id":"https:\/\/www.zurbrueggen.de\/magazin\/es-werde-licht\/"},"author":{"name":"Linda Wolfgart","@id":"https:\/\/www.zurbrueggen.de\/magazin\/#\/schema\/person\/07170b1da6f7876ac78e450b9a3ed3d6"},"headline":"Es werde Licht","datePublished":"2021-06-10T09:36:31+00:00","dateModified":"2021-06-10T10:24:49+00:00","mainEntityOfPage":{"@id":"https:\/\/www.zurbrueggen.de\/magazin\/es-werde-licht\/"},"wordCount":549,"commentCount":1,"publisher":{"@id":"https:\/\/www.zurbrueggen.de\/magazin\/#organization"},"image":{"@id":"https:\/\/www.zurbrueggen.de\/magazin\/es-werde-licht\/#primaryimage"},"thumbnailUrl":"https:\/\/www.zurbrueggen.de\/magazin\/wp-content\/uploads\/2021\/06\/magazin-beitragsbild-cta-m-es-werde-licht.jpg","articleSection":["ambiente","Trends &amp; Wissen"],"inLanguage":"de","potentialAction":[{"@type":"CommentAction","name":"Comment","target":["https:\/\/www.zurbrueggen.de\/magazin\/es-werde-licht\/#respond"]}]},{"@type":"WebPage","@id":"https:\/\/www.zurbrueggen.de\/magazin\/es-werde-licht\/","url":"https:\/\/www.zurbrueggen.de\/magazin\/es-werde-licht\/","name":"Es werde Licht: Finde die richtige Lampe f\u00fcr jeden Raum","isPartOf":{"@id":"https:\/\/www.zurbrueggen.de\/magazin\/#website"},"primaryImageOfPage":{"@id":"https:\/\/www.zurbrueggen.de\/magazin\/es-werde-licht\/#primaryimage"},"image":{"@id":"https:\/\/www.zurbrueggen.de\/magazin\/es-werde-licht\/#primaryimage"},"thumbnailUrl":"https:\/\/www.zurbrueggen.de\/magazin\/wp-content\/uploads\/2021\/06\/magazin-beitragsbild-cta-m-es-werde-licht.jpg","datePublished":"2021-06-10T09:36:31+00:00","dateModified":"2021-06-10T10:24:49+00:00","description":"H\u00e4ngen immer noch die Bauleuchten? Lampen bestimmen so viel in einem Raum & das nicht erst, wenn sich das Tageslicht verabschiedet.","breadcrumb":{"@id":"https:\/\/www.zurbrueggen.de\/magazin\/es-werde-licht\/#breadcrumb"},"inLanguage":"de","potentialAction":[{"@type":"ReadAction","target":["https:\/\/www.zurbrueggen.de\/magazin\/es-werde-licht\/"]}]},{"@type":"ImageObject","inLanguage":"de","@id":"https:\/\/www.zurbrueggen.de\/magazin\/es-werde-licht\/#primaryimage","url":"https:\/\/www.zurbrueggen.de\/magazin\/wp-content\/uploads\/2021\/06\/magazin-beitragsbild-cta-m-es-werde-licht.jpg","contentUrl":"https:\/\/www.zurbrueggen.de\/magazin\/wp-content\/uploads\/2021\/06\/magazin-beitragsbild-cta-m-es-werde-licht.jpg","width":1200,"height":675,"caption":"Aus unserem Shop: Marama H\u00e4ngeleuchte COOL"},{"@type":"BreadcrumbList","@id":"https:\/\/www.zurbrueggen.de\/magazin\/es-werde-licht\/#breadcrumb","itemListElement":[{"@type":"ListItem","position":1,"name":"Startseite","item":"https:\/\/www.zurbrueggen.de\/magazin\/"},{"@type":"ListItem","position":2,"name":"Es werde Licht"}]},{"@type":"WebSite","@id":"https:\/\/www.zurbrueggen.de\/magazin\/#website","url":"https:\/\/www.zurbrueggen.de\/magazin\/","name":"Zurbr\u00fcggen magazin","description":"DESIGN \u2022 STYLE \u2022 LIVING","publisher":{"@id":"https:\/\/www.zurbrueggen.de\/magazin\/#organization"},"potentialAction":[{"@type":"SearchAction","target":{"@type":"EntryPoint","urlTemplate":"https:\/\/www.zurbrueggen.de\/magazin\/?s={search_term_string}"},"query-input":{"@type":"PropertyValueSpecification","valueRequired":true,"valueName":"search_term_string"}}],"inLanguage":"de"},{"@type":"Organization","@id":"https:\/\/www.zurbrueggen.de\/magazin\/#organization","name":"Zurbr\u00fcggen Wohn-Zentrum GmbH","url":"https:\/\/www.zurbrueggen.de\/magazin\/","logo":{"@type":"ImageObject","inLanguage":"de","@id":"https:\/\/www.zurbrueggen.de\/magazin\/#\/schema\/logo\/image\/","url":"https:\/\/www.zurbrueggen.de\/magazin\/wp-content\/uploads\/2016\/07\/logo_zurbrueggen.png","contentUrl":"https:\/\/www.zurbrueggen.de\/magazin\/wp-content\/uploads\/2016\/07\/logo_zurbrueggen.png","width":400,"height":107,"caption":"Zurbr\u00fcggen Wohn-Zentrum GmbH"},"image":{"@id":"https:\/\/www.zurbrueggen.de\/magazin\/#\/schema\/logo\/image\/"},"sameAs":["https:\/\/facebook.com\/zurbrueggen","https:\/\/x.com\/Zurbrueggen"]},{"@type":"Person","@id":"https:\/\/www.zurbrueggen.de\/magazin\/#\/schema\/person\/07170b1da6f7876ac78e450b9a3ed3d6","name":"Linda Wolfgart","image":{"@type":"ImageObject","inLanguage":"de","@id":"https:\/\/secure.gravatar.com\/avatar\/f84173980fbd4382d8c0ae77c07dbf27a65219dbdadb5b039dab209120bb5c55?s=96&d=mm&r=g","url":"https:\/\/secure.gravatar.com\/avatar\/f84173980fbd4382d8c0ae77c07dbf27a65219dbdadb5b039dab209120bb5c55?s=96&d=mm&r=g","contentUrl":"https:\/\/secure.gravatar.com\/avatar\/f84173980fbd4382d8c0ae77c07dbf27a65219dbdadb5b039dab209120bb5c55?s=96&d=mm&r=g","caption":"Linda Wolfgart"},"url":"https:\/\/www.zurbrueggen.de\/magazin\/author\/l_junowicz\/"}]}},"_links":{"self":[{"href":"https:\/\/www.zurbrueggen.de\/magazin\/wp-json\/wp\/v2\/posts\/6038","targetHints":{"allow":["GET"]}}],"collection":[{"href":"https:\/\/www.zurbrueggen.de\/magazin\/wp-json\/wp\/v2\/posts"}],"about":[{"href":"https:\/\/www.zurbrueggen.de\/magazin\/wp-json\/wp\/v2\/types\/post"}],"author":[{"embeddable":true,"href":"https:\/\/www.zurbrueggen.de\/magazin\/wp-json\/wp\/v2\/users\/20"}],"replies":[{"embeddable":true,"href":"https:\/\/www.zurbrueggen.de\/magazin\/wp-json\/wp\/v2\/comments?post=6038"}],"version-history":[{"count":17,"href":"https:\/\/www.zurbrueggen.de\/magazin\/wp-json\/wp\/v2\/posts\/6038\/revisions"}],"predecessor-version":[{"id":6076,"href":"https:\/\/www.zurbrueggen.de\/magazin\/wp-json\/wp\/v2\/posts\/6038\/revisions\/6076"}],"wp:featuredmedia":[{"embeddable":true,"href":"https:\/\/www.zurbrueggen.de\/magazin\/wp-json\/wp\/v2\/media\/6041"}],"wp:attachment":[{"href":"https:\/\/www.zurbrueggen.de\/magazin\/wp-json\/wp\/v2\/media?parent=6038"}],"wp:term":[{"taxonomy":"category","embeddable":true,"href":"https:\/\/www.zurbrueggen.de\/magazin\/wp-json\/wp\/v2\/categories?post=6038"},{"taxonomy":"post_tag","embeddable":true,"href":"https:\/\/www.zurbrueggen.de\/magazin\/wp-json\/wp\/v2\/tags?post=6038"}],"curies":[{"name":"wp","href":"https:\/\/api.w.org\/{rel}","templated":true}]}}