{"id":5737,"date":"2021-01-06T12:49:05","date_gmt":"2021-01-06T11:49:05","guid":{"rendered":"https:\/\/www.zurbrueggen.de\/magazin\/?p=5737"},"modified":"2021-01-06T12:56:49","modified_gmt":"2021-01-06T11:56:49","slug":"tv-und-mediamoebel","status":"publish","type":"post","link":"https:\/\/www.zurbrueggen.de\/magazin\/tv-und-mediamoebel\/","title":{"rendered":"TV- und Mediam\u00f6bel"},"content":{"rendered":"<div class=\"mceTemp\"><\/div>\n<p><span class=\"vorschau\" style=\"font-family: 'Roboto Slab'; font-size: 22px; line-height: 34px; font-weight: 300; margin-top: 40px;\"> Der Flachbildfernseher hat den Home-Entertainment-Bereich gr\u00fcndlich umgekrempelt. Die immer gr\u00f6\u00dferen Bildschirme haben eine ganz neue Generation TV- und Mediam\u00f6bel begr\u00fcndet, die ihnen einen w\u00fcrdigen Rahmen verleihen. Ob ultramodern oder vintage: Hier ist f\u00fcr jeden Geschmack etwas dabei. <\/span><\/p>\n<p><!--more--><\/p>\n<figure id=\"attachment_5744\" aria-describedby=\"caption-attachment-5744\" style=\"width: 1200px\" class=\"wp-caption aligncenter\"><img loading=\"lazy\" decoding=\"async\" class=\"wp-image-5744 size-full\" src=\"https:\/\/www.zurbrueggen.de\/magazin\/wp-content\/uploads\/2021\/01\/magazin-beitragsbild-2-m-tvmedia-z2_serpio_1245550.jpg\" alt=\"\" width=\"1200\" height=\"675\" srcset=\"https:\/\/www.zurbrueggen.de\/magazin\/wp-content\/uploads\/2021\/01\/magazin-beitragsbild-2-m-tvmedia-z2_serpio_1245550.jpg 1200w, https:\/\/www.zurbrueggen.de\/magazin\/wp-content\/uploads\/2021\/01\/magazin-beitragsbild-2-m-tvmedia-z2_serpio_1245550-300x169.jpg 300w, https:\/\/www.zurbrueggen.de\/magazin\/wp-content\/uploads\/2021\/01\/magazin-beitragsbild-2-m-tvmedia-z2_serpio_1245550-1024x576.jpg 1024w, https:\/\/www.zurbrueggen.de\/magazin\/wp-content\/uploads\/2021\/01\/magazin-beitragsbild-2-m-tvmedia-z2_serpio_1245550-768x432.jpg 768w, https:\/\/www.zurbrueggen.de\/magazin\/wp-content\/uploads\/2021\/01\/magazin-beitragsbild-2-m-tvmedia-z2_serpio_1245550-665x374.jpg 665w, https:\/\/www.zurbrueggen.de\/magazin\/wp-content\/uploads\/2021\/01\/magazin-beitragsbild-2-m-tvmedia-z2_serpio_1245550-462x260.jpg 462w\" sizes=\"auto, (max-width: 1200px) 100vw, 1200px\" \/><figcaption id=\"caption-attachment-5744\" class=\"wp-caption-text\">Z2 TV-Unterteil SERPIO<\/figcaption><\/figure>\n<p><span class=\"fliesstext\" style=\"font-family: Roboto, sans-serif; font-size: 16px; line-height: 24px; font-weight: 400;\"> Erinnern Sie sich noch an die wuchtigen Wohnzimmerschr\u00e4nke von fr\u00fcher, die eine Wand vollst\u00e4ndig f\u00fcllten und den Raum optisch fast erdr\u00fcckten? Sie wurden im neuen Jahrtausend zunehmend von der modernen <span class=\"fliesstext\" style=\"font-family: Roboto, sans-serif; font-size: 16px; line-height: 24px; font-weight: 400;\"><span class=\"fliesstext\" style=\"font-family: Roboto, sans-serif; font-size: 16px; line-height: 24px; font-weight: 400;\"><a href=\" https:\/\/www.zurbrueggen.de\/shop\/moebel\/wohnzimmer\/wohnwaende.html \">Wohnwand<\/a> abgel\u00f6st. Diese besteht aus mehreren einzelnen M\u00f6belelementen und l\u00e4sst viel Wand frei. Dadurch wirkt sie weit weniger raumgreifend und gibt Ihnen vielf\u00e4ltige M\u00f6glichkeiten, Ihre Kreativit\u00e4t von der Leine zu lassen. Den Mittelpunkt dieser Wohnw\u00e4nde bilden schlanke TV- und Mediam\u00f6bel, auf denen Ihr Fernseher und zugeh\u00f6rige Peripherieger\u00e4te Platz finden. Sie sind die kleineren Schwestern des Sideboards und werden auch Lowboard genannt. Dieses rahmen Sie je nach Geschmack und Stauraumbedarf mit hohen schlanken <span class=\"fliesstext\" style=\"font-family: Roboto, sans-serif; font-size: 16px; line-height: 24px; font-weight: 400;\"><span class=\"fliesstext\" style=\"font-family: Roboto, sans-serif; font-size: 16px; line-height: 24px; font-weight: 400;\"><a href=\"https:\/\/www.zurbrueggen.de\/shop\/moebel\/wohnzimmer\/wohnzimmerschraenke.html\">Wohnzimmerschr\u00e4nken,<\/a> Vitrinen und Regalen ein. <\/span><\/span><\/span><\/span><\/span><\/span><\/span><\/p>\n<p>&nbsp;<\/p>\n<p><span class=\"subheading\" style=\"font-family: 'Roboto Slab', sans-serif; font-size: 20px; margin-top: 40px; font-weight: 400; text-transform: none;\">Einfach mal h\u00e4ngen lassen: zeitgen\u00f6ssische Designs <\/span><\/p>\n<p><span class=\"fliesstext\" style=\"font-family: Roboto, sans-serif; font-size: 16px; line-height: 24px; font-weight: 400;\"> M\u00f6gen Sie es modern und schn\u00f6rkellos? Dann sind geradlinige <span class=\"fliesstext\" style=\"font-family: Roboto, sans-serif; font-size: 16px; line-height: 24px; font-weight: 400;\"><span class=\"fliesstext\" style=\"font-family: Roboto, sans-serif; font-size: 16px; line-height: 24px; font-weight: 400;\"><a href=\"https:\/\/www.zurbrueggen.de\/shop\/moebel\/wohnzimmer\/tv-mediamoebel.html\">TV- und Mediam\u00f6bel<\/a> ohne sichtbare Griffe genau das Richtige f\u00fcr Sie. Modelle zur Wandmontage scheinen bar jeder Schwerkraft vor der Wand zu schweben. Einzelne Schubladen gleiten auf sanften Druck mit den Fingerspitzen auf. Runden Sie diesen cleanen Look ab, indem Sie auch den Fernseher an die Wand h\u00e4ngen. Sie k\u00f6nnen die Farben aufeinander abstimmen und einen Fernseher mit anthrazitgrauem Rahmen mit einem ebenfalls grauen Lowboard kombinieren. <\/span><\/p>\n<p><span class=\"fliesstext\" style=\"font-family: Roboto, sans-serif; font-size: 16px; line-height: 24px; font-weight: 400;\"> Alternativ schaffen Sie einen gezielten Hingucker: Kontrastieren Sie ein schwarzes TV-Ger\u00e4t mit einem Mix aus hochgl\u00e4nzenden wei\u00dfen und schwarzen M\u00f6belst\u00fccken.<\/span><\/p>\n<figure id=\"attachment_5746\" aria-describedby=\"caption-attachment-5746\" style=\"width: 1200px\" class=\"wp-caption aligncenter\"><img loading=\"lazy\" decoding=\"async\" class=\"wp-image-5746 size-full\" src=\"https:\/\/www.zurbrueggen.de\/magazin\/wp-content\/uploads\/2021\/01\/magazin-beitragsbild-1-cta-m-tvmedia-xora_hype_1175756.jpg\" alt=\"\" width=\"1200\" height=\"675\" srcset=\"https:\/\/www.zurbrueggen.de\/magazin\/wp-content\/uploads\/2021\/01\/magazin-beitragsbild-1-cta-m-tvmedia-xora_hype_1175756.jpg 1200w, https:\/\/www.zurbrueggen.de\/magazin\/wp-content\/uploads\/2021\/01\/magazin-beitragsbild-1-cta-m-tvmedia-xora_hype_1175756-300x169.jpg 300w, https:\/\/www.zurbrueggen.de\/magazin\/wp-content\/uploads\/2021\/01\/magazin-beitragsbild-1-cta-m-tvmedia-xora_hype_1175756-1024x576.jpg 1024w, https:\/\/www.zurbrueggen.de\/magazin\/wp-content\/uploads\/2021\/01\/magazin-beitragsbild-1-cta-m-tvmedia-xora_hype_1175756-768x432.jpg 768w, https:\/\/www.zurbrueggen.de\/magazin\/wp-content\/uploads\/2021\/01\/magazin-beitragsbild-1-cta-m-tvmedia-xora_hype_1175756-665x374.jpg 665w, https:\/\/www.zurbrueggen.de\/magazin\/wp-content\/uploads\/2021\/01\/magazin-beitragsbild-1-cta-m-tvmedia-xora_hype_1175756-462x260.jpg 462w\" sizes=\"auto, (max-width: 1200px) 100vw, 1200px\" \/><figcaption id=\"caption-attachment-5746\" class=\"wp-caption-text\">XORA TV-Lowboard HYPE<\/figcaption><\/figure>\n<p><span class=\"fliesstext\" style=\"font-family: Roboto, sans-serif; font-size: 16px; line-height: 24px; font-weight: 400;\"> Aber Vorsicht: TV- und Mediam\u00f6bel zur Wandmontage sind nicht unendlich belastbar. Bringen Sie leichte Gegenst\u00e4nde in den Schubladen und hinter Schrankt\u00fcren unter. Wollen Sie schwere B\u00fccher oder das gute Sonntagsporzellan verstauen, tun Sie dies besser in einem Modell, das fest auf dem Boden steht. <\/span><\/p>\n<p><span class=\"fliesstext\" style=\"font-family: Roboto, sans-serif; font-size: 16px; line-height: 24px; font-weight: 400;\"> Die j\u00fcngste Innovation in diesem Bereich nennt sich \u201eThe Frame\u201c: Diese ultrad\u00fcnnen Fernsehbildschirme pr\u00e4sentieren sich bei Nichtgebrauch als attraktiv gerahmtes Wandbild \u00fcber dem Low- oder Sideboard. Ihre wahre Funktion enth\u00fcllen sie erst, wenn Sie den Einschaltknopf dr\u00fccken. <\/span><\/p>\n<figure id=\"attachment_5747\" aria-describedby=\"caption-attachment-5747\" style=\"width: 1200px\" class=\"wp-caption aligncenter\"><img loading=\"lazy\" decoding=\"async\" class=\"wp-image-5747 size-full\" src=\"https:\/\/www.zurbrueggen.de\/magazin\/wp-content\/uploads\/2021\/01\/magazin-beitragsbild-3-m-tvmedia-valnatura_avanti_1103839.jpg\" alt=\"\" width=\"1200\" height=\"675\" srcset=\"https:\/\/www.zurbrueggen.de\/magazin\/wp-content\/uploads\/2021\/01\/magazin-beitragsbild-3-m-tvmedia-valnatura_avanti_1103839.jpg 1200w, https:\/\/www.zurbrueggen.de\/magazin\/wp-content\/uploads\/2021\/01\/magazin-beitragsbild-3-m-tvmedia-valnatura_avanti_1103839-300x169.jpg 300w, https:\/\/www.zurbrueggen.de\/magazin\/wp-content\/uploads\/2021\/01\/magazin-beitragsbild-3-m-tvmedia-valnatura_avanti_1103839-1024x576.jpg 1024w, https:\/\/www.zurbrueggen.de\/magazin\/wp-content\/uploads\/2021\/01\/magazin-beitragsbild-3-m-tvmedia-valnatura_avanti_1103839-768x432.jpg 768w, https:\/\/www.zurbrueggen.de\/magazin\/wp-content\/uploads\/2021\/01\/magazin-beitragsbild-3-m-tvmedia-valnatura_avanti_1103839-665x374.jpg 665w, https:\/\/www.zurbrueggen.de\/magazin\/wp-content\/uploads\/2021\/01\/magazin-beitragsbild-3-m-tvmedia-valnatura_avanti_1103839-462x260.jpg 462w\" sizes=\"auto, (max-width: 1200px) 100vw, 1200px\" \/><figcaption id=\"caption-attachment-5747\" class=\"wp-caption-text\">Valnatura TV-Lowboard AVANTI<\/figcaption><\/figure>\n<p>&nbsp;<\/p>\n<p><span class=\"subheading\" style=\"font-family: 'Roboto Slab', sans-serif; font-size: 20px; margin-top: 40px; font-weight: 400; text-transform: none;\">Feiern wie damals: TV- und Mediam\u00f6bel im Vintage-Look <\/span><\/p>\n<p><span class=\"fliesstext\" style=\"font-family: Roboto, sans-serif; font-size: 16px; line-height: 24px; font-weight: 400;\"> Sicher, Ihr Smart-TV verf\u00fcgt \u00fcber die modernste Technik und Ihre Lieblingsmusik streamen Sie eigentlich l\u00e4ngst aus dem Internet. Trotzdem macht Sie das Comeback von Vinyl und Kassetten gl\u00fccklich. Holen Sie Ihren Plattenspieler vom Speicher und geben Sie ihm einen w\u00fcrdigen Standort im Wohnzimmer. Ideal geeignet sind TV- und Mediam\u00f6bel im Vintage-Look vergangener Jahrzehnte, die auf filigranen Holz- oder Metallbeinen stehen. <\/span><\/p>\n<p><span class=\"fliesstext\" style=\"font-family: Roboto, sans-serif; font-size: 16px; line-height: 24px; font-weight: 400;\"> Achten Sie darauf, dass das Lowboard breit genug f\u00fcr das TV und den Plattenspieler ist. In offenen Regalelementen bringen Sie weitere Medienger\u00e4te wie den DVD-Player und den CD-Player unter. Ihre Plattensammlung stellen Sie in ein seitlich daneben platziertes, hohes <span class=\"fliesstext\" style=\"font-family: Roboto, sans-serif; font-size: 16px; line-height: 24px; font-weight: 400;\"><span class=\"fliesstext\" style=\"font-family: Roboto, sans-serif; font-size: 16px; line-height: 24px; font-weight: 400;\"><a href=\"https:\/\/www.zurbrueggen.de\/shop\/moebel\/wohnzimmer\/wohnzimmerschraenke.html\">Regal.<\/a> Ein Tipp: Quadratische Regalw\u00fcrfel passen in der H\u00f6he perfekt zu den Ma\u00dfen der LP. <\/span><\/span><\/span><\/p>\n<p><span class=\"fliesstext\" style=\"font-family: Roboto, sans-serif; font-size: 16px; line-height: 24px; font-weight: 400;\"> Runden Sie das Retro-Ambiente mit passenden Accessoires ab. Legen Sie einen <span class=\"fliesstext\" style=\"font-family: Roboto, sans-serif; font-size: 16px; line-height: 24px; font-weight: 400;\"><span class=\"fliesstext\" style=\"font-family: Roboto, sans-serif; font-size: 16px; line-height: 24px; font-weight: 400;\"><a href=\"https:\/\/www.zurbrueggen.de\/shop\/deko-textil\/teppiche\/vintage-patchwork-teppiche.html\">Vintage-Teppich<\/a> vor die Wohnwand, und schm\u00fccken Sie die Wand mit einer <span class=\"fliesstext\" style=\"font-family: Roboto, sans-serif; font-size: 16px; line-height: 24px; font-weight: 400;\"><span class=\"fliesstext\" style=\"font-family: Roboto, sans-serif; font-size: 16px; line-height: 24px; font-weight: 400;\"><a href=\"https:\/\/www.zurbrueggen.de\/shop\/deko-textil\/bilder-rahmen\/fototapeten.html\">Fototapete.<\/a> <\/span><\/span><\/span><\/span><\/span><\/p>\n<figure id=\"attachment_5748\" aria-describedby=\"caption-attachment-5748\" style=\"width: 1200px\" class=\"wp-caption aligncenter\"><img loading=\"lazy\" decoding=\"async\" class=\"wp-image-5748 size-full\" src=\"https:\/\/www.zurbrueggen.de\/magazin\/wp-content\/uploads\/2021\/01\/magazin-beitragsbild-6-m-tvmedia-novel_focus_1213768.jpg\" alt=\"\" width=\"1200\" height=\"675\" srcset=\"https:\/\/www.zurbrueggen.de\/magazin\/wp-content\/uploads\/2021\/01\/magazin-beitragsbild-6-m-tvmedia-novel_focus_1213768.jpg 1200w, https:\/\/www.zurbrueggen.de\/magazin\/wp-content\/uploads\/2021\/01\/magazin-beitragsbild-6-m-tvmedia-novel_focus_1213768-300x169.jpg 300w, https:\/\/www.zurbrueggen.de\/magazin\/wp-content\/uploads\/2021\/01\/magazin-beitragsbild-6-m-tvmedia-novel_focus_1213768-1024x576.jpg 1024w, https:\/\/www.zurbrueggen.de\/magazin\/wp-content\/uploads\/2021\/01\/magazin-beitragsbild-6-m-tvmedia-novel_focus_1213768-768x432.jpg 768w, https:\/\/www.zurbrueggen.de\/magazin\/wp-content\/uploads\/2021\/01\/magazin-beitragsbild-6-m-tvmedia-novel_focus_1213768-665x374.jpg 665w, https:\/\/www.zurbrueggen.de\/magazin\/wp-content\/uploads\/2021\/01\/magazin-beitragsbild-6-m-tvmedia-novel_focus_1213768-462x260.jpg 462w\" sizes=\"auto, (max-width: 1200px) 100vw, 1200px\" \/><figcaption id=\"caption-attachment-5748\" class=\"wp-caption-text\">Hom\u00b4in TV-Lowboard POOLE<\/figcaption><\/figure>\n<p><span class=\"fliesstext\" style=\"font-family: Roboto, sans-serif; font-size: 16px; line-height: 24px; font-weight: 400;\"><span class=\"fliesstext\" style=\"font-family: Roboto, sans-serif; font-size: 16px; line-height: 24px; font-weight: 400;\"><span class=\"fliesstext\" style=\"font-family: Roboto, sans-serif; font-size: 16px; line-height: 24px; font-weight: 400;\"><span class=\"fliesstext\" style=\"font-family: Roboto, sans-serif; font-size: 16px; line-height: 24px; font-weight: 400;\"><br \/>\n<span class=\"subheading\" style=\"font-family: 'Roboto Slab', sans-serif; font-size: 20px; margin-top: 40px; font-weight: 400; text-transform: none;\"> Accessoires f\u00fcr Ihre TV- und Mediam\u00f6bel <\/span><\/span><\/span><\/span><\/span><\/p>\n<p><span class=\"fliesstext\" style=\"font-family: Roboto, sans-serif; font-size: 16px; line-height: 24px; font-weight: 400;\"> F\u00fcr optimales Sehvergn\u00fcgen sollte sich die Mitte des Bildschirms auf Augenh\u00f6he befinden, wenn Sie entspannt in Ihrem liebsten <span class=\"fliesstext\" style=\"font-family: Roboto, sans-serif; font-size: 16px; line-height: 24px; font-weight: 400;\"><span class=\"fliesstext\" style=\"font-family: Roboto, sans-serif; font-size: 16px; line-height: 24px; font-weight: 400;\"><a href=\"https:\/\/www.zurbrueggen.de\/shop\/moebel\/wohnzimmer\/sessel.html\">Sessel<\/a> sitzen oder zu zweit auf der Couch kuscheln. Steht Ihr Fernseher zu niedrig, verwenden Sie einen TV-Aufsatz, der ihm 10 bis 15 Zentimeter zus\u00e4tzliche H\u00f6he schenkt. Praktischer Nebeneffekt: Unter dem Aufsatz bringen Sie ein oder zwei zus\u00e4tzliche Ger\u00e4te unter. <\/span><\/span><\/span><\/p>\n<p><span class=\"fliesstext\" style=\"font-family: Roboto, sans-serif; font-size: 16px; line-height: 24px; font-weight: 400;\"> Die moderne <span class=\"fliesstext\" style=\"font-family: Roboto, sans-serif; font-size: 16px; line-height: 24px; font-weight: 400;\"><span class=\"fliesstext\" style=\"font-family: Roboto, sans-serif; font-size: 16px; line-height: 24px; font-weight: 400;\"><a href=\"https:\/\/www.zurbrueggen.de\/shop\/leuchten\/led-beleuchtung.html\">LED-Beleuchtung<\/a> erlaubt Ihnen heute ganz neue Lichtkonzepte f\u00fcr Ihr Wohnzimmer. TV- und Mediam\u00f6bel sind h\u00e4ufig mit d\u00fcnnen LED-Stripes versehen, die auf ganzer L\u00e4nge entlang der Abdeckplatte verlaufen, oder mit einzelnen Unterbauleuchten, die Regale und Vitrinen von innen erhellen. Mit ihnen tauchen Sie Ihr Wohnzimmer beim abendlichen Filmgenuss in indirektes, warmes Licht. Legen Sie sich entweder von Anfang an auf eine Farbe fest oder integrieren Sie die LED-Lampen in Ihr Smart-Home-Konzept: Sie k\u00f6nnen dann die Farbe nach Lust und Laune per App einstellen. Genie\u00dfen Sie die beruhigende Wirkung von k\u00fchlem Blau nach einem stressigen Arbeitstag oder sorgen Sie mit feurigem Rot f\u00fcr eine sinnliche Atmosph\u00e4re. <\/span><\/span><\/span><\/p>\n<p><a href=\"https:\/\/www.zurbrueggen.de\/shop\/moebel\/wohnzimmer\/tv-mediamoebel.html\"><img loading=\"lazy\" decoding=\"async\" class=\"aligncenter size-full wp-image-5742\" src=\"https:\/\/www.zurbrueggen.de\/magazin\/wp-content\/uploads\/2021\/01\/magazin-footer-mobil-tvmedia.jpg\" alt=\"\" width=\"750\" height=\"320\" srcset=\"https:\/\/www.zurbrueggen.de\/magazin\/wp-content\/uploads\/2021\/01\/magazin-footer-mobil-tvmedia.jpg 750w, https:\/\/www.zurbrueggen.de\/magazin\/wp-content\/uploads\/2021\/01\/magazin-footer-mobil-tvmedia-300x128.jpg 300w, https:\/\/www.zurbrueggen.de\/magazin\/wp-content\/uploads\/2021\/01\/magazin-footer-mobil-tvmedia-665x284.jpg 665w, https:\/\/www.zurbrueggen.de\/magazin\/wp-content\/uploads\/2021\/01\/magazin-footer-mobil-tvmedia-609x260.jpg 609w\" sizes=\"auto, (max-width: 750px) 100vw, 750px\" \/><\/a><\/p>\n","protected":false},"excerpt":{"rendered":"<p>Der Flachbildfernseher hat den Home-Entertainment-Bereich gr\u00fcndlich umgekrempelt. Die immer gr\u00f6\u00dferen Bildschirme haben eine ganz neue Generation TV- und Mediam\u00f6bel begr\u00fcndet, die ihnen einen w\u00fcrdigen Rahmen verleihen. Ob ultramodern oder vintage: Hier ist f\u00fcr jeden Geschmack etwas dabei.<\/p>\n","protected":false},"author":20,"featured_media":5739,"comment_status":"open","ping_status":"open","sticky":false,"template":"","format":"standard","meta":{"_acf_changed":false,"footnotes":""},"categories":[1,36,27],"tags":[],"class_list":["post-5737","post","type-post","status-publish","format-standard","has-post-thumbnail","hentry","category-alle-artikel","category-ambiente","category-trends-und-wissen"],"acf":[],"yoast_head":"<!-- This site is optimized with the Yoast SEO plugin v27.4 - https:\/\/yoast.com\/product\/yoast-seo-wordpress\/ -->\n<title>TV- und Mediam\u00f6bel f\u00fcr das Wohnzimmer<\/title>\n<meta name=\"description\" content=\"Moderne TV- und Mediam\u00f6bel passen sich stilvoll und dezent an Ihre Einrichtung an. Lassen Sie sich von unseren vielf\u00e4ltigen Ideen inspirieren!\" \/>\n<meta name=\"robots\" content=\"index, follow, max-snippet:-1, max-image-preview:large, max-video-preview:-1\" \/>\n<link rel=\"canonical\" href=\"https:\/\/www.zurbrueggen.de\/magazin\/tv-und-mediamoebel\/\" \/>\n<meta property=\"og:locale\" content=\"de_DE\" \/>\n<meta property=\"og:type\" content=\"article\" \/>\n<meta property=\"og:title\" content=\"TV- und Mediam\u00f6bel f\u00fcr das Wohnzimmer\" \/>\n<meta property=\"og:description\" content=\"Moderne TV- und Mediam\u00f6bel passen sich stilvoll und dezent an Ihre Einrichtung an. Lassen Sie sich von unseren vielf\u00e4ltigen Ideen inspirieren!\" \/>\n<meta property=\"og:url\" content=\"https:\/\/www.zurbrueggen.de\/magazin\/tv-und-mediamoebel\/\" \/>\n<meta property=\"og:site_name\" content=\"Zurbr\u00fcggen magazin\" \/>\n<meta property=\"article:publisher\" content=\"https:\/\/facebook.com\/zurbrueggen\" \/>\n<meta property=\"article:published_time\" content=\"2021-01-06T11:49:05+00:00\" \/>\n<meta property=\"article:modified_time\" content=\"2021-01-06T11:56:49+00:00\" \/>\n<meta property=\"og:image\" content=\"https:\/\/www.zurbrueggen.de\/magazin\/wp-content\/uploads\/2021\/01\/magazin-beitragsbild-4-cta-m-tvmedia-xora_1191599.jpg\" \/>\n\t<meta property=\"og:image:width\" content=\"1200\" \/>\n\t<meta property=\"og:image:height\" content=\"675\" \/>\n\t<meta property=\"og:image:type\" content=\"image\/jpeg\" \/>\n<meta name=\"author\" content=\"Linda Wolfgart\" \/>\n<script type=\"application\/ld+json\" class=\"yoast-schema-graph\">{\"@context\":\"https:\\\/\\\/schema.org\",\"@graph\":[{\"@type\":\"Article\",\"@id\":\"https:\\\/\\\/www.zurbrueggen.de\\\/magazin\\\/tv-und-mediamoebel\\\/#article\",\"isPartOf\":{\"@id\":\"https:\\\/\\\/www.zurbrueggen.de\\\/magazin\\\/tv-und-mediamoebel\\\/\"},\"author\":{\"name\":\"Linda Wolfgart\",\"@id\":\"https:\\\/\\\/www.zurbrueggen.de\\\/magazin\\\/#\\\/schema\\\/person\\\/07170b1da6f7876ac78e450b9a3ed3d6\"},\"headline\":\"TV- und Mediam\u00f6bel\",\"datePublished\":\"2021-01-06T11:49:05+00:00\",\"dateModified\":\"2021-01-06T11:56:49+00:00\",\"mainEntityOfPage\":{\"@id\":\"https:\\\/\\\/www.zurbrueggen.de\\\/magazin\\\/tv-und-mediamoebel\\\/\"},\"wordCount\":761,\"commentCount\":0,\"publisher\":{\"@id\":\"https:\\\/\\\/www.zurbrueggen.de\\\/magazin\\\/#organization\"},\"image\":{\"@id\":\"https:\\\/\\\/www.zurbrueggen.de\\\/magazin\\\/tv-und-mediamoebel\\\/#primaryimage\"},\"thumbnailUrl\":\"https:\\\/\\\/www.zurbrueggen.de\\\/magazin\\\/wp-content\\\/uploads\\\/2021\\\/01\\\/magazin-beitragsbild-4-cta-m-tvmedia-xora_1191599.jpg\",\"articleSection\":[\"Alle Artikel\",\"ambiente\",\"Trends &amp; Wissen\"],\"inLanguage\":\"de\",\"potentialAction\":[{\"@type\":\"CommentAction\",\"name\":\"Comment\",\"target\":[\"https:\\\/\\\/www.zurbrueggen.de\\\/magazin\\\/tv-und-mediamoebel\\\/#respond\"]}]},{\"@type\":\"WebPage\",\"@id\":\"https:\\\/\\\/www.zurbrueggen.de\\\/magazin\\\/tv-und-mediamoebel\\\/\",\"url\":\"https:\\\/\\\/www.zurbrueggen.de\\\/magazin\\\/tv-und-mediamoebel\\\/\",\"name\":\"TV- und Mediam\u00f6bel f\u00fcr das Wohnzimmer\",\"isPartOf\":{\"@id\":\"https:\\\/\\\/www.zurbrueggen.de\\\/magazin\\\/#website\"},\"primaryImageOfPage\":{\"@id\":\"https:\\\/\\\/www.zurbrueggen.de\\\/magazin\\\/tv-und-mediamoebel\\\/#primaryimage\"},\"image\":{\"@id\":\"https:\\\/\\\/www.zurbrueggen.de\\\/magazin\\\/tv-und-mediamoebel\\\/#primaryimage\"},\"thumbnailUrl\":\"https:\\\/\\\/www.zurbrueggen.de\\\/magazin\\\/wp-content\\\/uploads\\\/2021\\\/01\\\/magazin-beitragsbild-4-cta-m-tvmedia-xora_1191599.jpg\",\"datePublished\":\"2021-01-06T11:49:05+00:00\",\"dateModified\":\"2021-01-06T11:56:49+00:00\",\"description\":\"Moderne TV- und Mediam\u00f6bel passen sich stilvoll und dezent an Ihre Einrichtung an. Lassen Sie sich von unseren vielf\u00e4ltigen Ideen inspirieren!\",\"breadcrumb\":{\"@id\":\"https:\\\/\\\/www.zurbrueggen.de\\\/magazin\\\/tv-und-mediamoebel\\\/#breadcrumb\"},\"inLanguage\":\"de\",\"potentialAction\":[{\"@type\":\"ReadAction\",\"target\":[\"https:\\\/\\\/www.zurbrueggen.de\\\/magazin\\\/tv-und-mediamoebel\\\/\"]}]},{\"@type\":\"ImageObject\",\"inLanguage\":\"de\",\"@id\":\"https:\\\/\\\/www.zurbrueggen.de\\\/magazin\\\/tv-und-mediamoebel\\\/#primaryimage\",\"url\":\"https:\\\/\\\/www.zurbrueggen.de\\\/magazin\\\/wp-content\\\/uploads\\\/2021\\\/01\\\/magazin-beitragsbild-4-cta-m-tvmedia-xora_1191599.jpg\",\"contentUrl\":\"https:\\\/\\\/www.zurbrueggen.de\\\/magazin\\\/wp-content\\\/uploads\\\/2021\\\/01\\\/magazin-beitragsbild-4-cta-m-tvmedia-xora_1191599.jpg\",\"width\":1200,\"height\":675},{\"@type\":\"BreadcrumbList\",\"@id\":\"https:\\\/\\\/www.zurbrueggen.de\\\/magazin\\\/tv-und-mediamoebel\\\/#breadcrumb\",\"itemListElement\":[{\"@type\":\"ListItem\",\"position\":1,\"name\":\"Startseite\",\"item\":\"https:\\\/\\\/www.zurbrueggen.de\\\/magazin\\\/\"},{\"@type\":\"ListItem\",\"position\":2,\"name\":\"TV- und Mediam\u00f6bel\"}]},{\"@type\":\"WebSite\",\"@id\":\"https:\\\/\\\/www.zurbrueggen.de\\\/magazin\\\/#website\",\"url\":\"https:\\\/\\\/www.zurbrueggen.de\\\/magazin\\\/\",\"name\":\"Zurbr\u00fcggen magazin\",\"description\":\"DESIGN \u2022 STYLE \u2022 LIVING\",\"publisher\":{\"@id\":\"https:\\\/\\\/www.zurbrueggen.de\\\/magazin\\\/#organization\"},\"potentialAction\":[{\"@type\":\"SearchAction\",\"target\":{\"@type\":\"EntryPoint\",\"urlTemplate\":\"https:\\\/\\\/www.zurbrueggen.de\\\/magazin\\\/?s={search_term_string}\"},\"query-input\":{\"@type\":\"PropertyValueSpecification\",\"valueRequired\":true,\"valueName\":\"search_term_string\"}}],\"inLanguage\":\"de\"},{\"@type\":\"Organization\",\"@id\":\"https:\\\/\\\/www.zurbrueggen.de\\\/magazin\\\/#organization\",\"name\":\"Zurbr\u00fcggen Wohn-Zentrum GmbH\",\"url\":\"https:\\\/\\\/www.zurbrueggen.de\\\/magazin\\\/\",\"logo\":{\"@type\":\"ImageObject\",\"inLanguage\":\"de\",\"@id\":\"https:\\\/\\\/www.zurbrueggen.de\\\/magazin\\\/#\\\/schema\\\/logo\\\/image\\\/\",\"url\":\"https:\\\/\\\/www.zurbrueggen.de\\\/magazin\\\/wp-content\\\/uploads\\\/2016\\\/07\\\/logo_zurbrueggen.png\",\"contentUrl\":\"https:\\\/\\\/www.zurbrueggen.de\\\/magazin\\\/wp-content\\\/uploads\\\/2016\\\/07\\\/logo_zurbrueggen.png\",\"width\":400,\"height\":107,\"caption\":\"Zurbr\u00fcggen Wohn-Zentrum GmbH\"},\"image\":{\"@id\":\"https:\\\/\\\/www.zurbrueggen.de\\\/magazin\\\/#\\\/schema\\\/logo\\\/image\\\/\"},\"sameAs\":[\"https:\\\/\\\/facebook.com\\\/zurbrueggen\",\"https:\\\/\\\/x.com\\\/Zurbrueggen\"]},{\"@type\":\"Person\",\"@id\":\"https:\\\/\\\/www.zurbrueggen.de\\\/magazin\\\/#\\\/schema\\\/person\\\/07170b1da6f7876ac78e450b9a3ed3d6\",\"name\":\"Linda Wolfgart\",\"image\":{\"@type\":\"ImageObject\",\"inLanguage\":\"de\",\"@id\":\"https:\\\/\\\/secure.gravatar.com\\\/avatar\\\/f84173980fbd4382d8c0ae77c07dbf27a65219dbdadb5b039dab209120bb5c55?s=96&d=mm&r=g\",\"url\":\"https:\\\/\\\/secure.gravatar.com\\\/avatar\\\/f84173980fbd4382d8c0ae77c07dbf27a65219dbdadb5b039dab209120bb5c55?s=96&d=mm&r=g\",\"contentUrl\":\"https:\\\/\\\/secure.gravatar.com\\\/avatar\\\/f84173980fbd4382d8c0ae77c07dbf27a65219dbdadb5b039dab209120bb5c55?s=96&d=mm&r=g\",\"caption\":\"Linda Wolfgart\"},\"url\":\"https:\\\/\\\/www.zurbrueggen.de\\\/magazin\\\/author\\\/l_junowicz\\\/\"}]}<\/script>\n<!-- \/ Yoast SEO plugin. -->","yoast_head_json":{"title":"TV- und Mediam\u00f6bel f\u00fcr das Wohnzimmer","description":"Moderne TV- und Mediam\u00f6bel passen sich stilvoll und dezent an Ihre Einrichtung an. Lassen Sie sich von unseren vielf\u00e4ltigen Ideen inspirieren!","robots":{"index":"index","follow":"follow","max-snippet":"max-snippet:-1","max-image-preview":"max-image-preview:large","max-video-preview":"max-video-preview:-1"},"canonical":"https:\/\/www.zurbrueggen.de\/magazin\/tv-und-mediamoebel\/","og_locale":"de_DE","og_type":"article","og_title":"TV- und Mediam\u00f6bel f\u00fcr das Wohnzimmer","og_description":"Moderne TV- und Mediam\u00f6bel passen sich stilvoll und dezent an Ihre Einrichtung an. Lassen Sie sich von unseren vielf\u00e4ltigen Ideen inspirieren!","og_url":"https:\/\/www.zurbrueggen.de\/magazin\/tv-und-mediamoebel\/","og_site_name":"Zurbr\u00fcggen magazin","article_publisher":"https:\/\/facebook.com\/zurbrueggen","article_published_time":"2021-01-06T11:49:05+00:00","article_modified_time":"2021-01-06T11:56:49+00:00","og_image":[{"width":1200,"height":675,"url":"https:\/\/www.zurbrueggen.de\/magazin\/wp-content\/uploads\/2021\/01\/magazin-beitragsbild-4-cta-m-tvmedia-xora_1191599.jpg","type":"image\/jpeg"}],"author":"Linda Wolfgart","schema":{"@context":"https:\/\/schema.org","@graph":[{"@type":"Article","@id":"https:\/\/www.zurbrueggen.de\/magazin\/tv-und-mediamoebel\/#article","isPartOf":{"@id":"https:\/\/www.zurbrueggen.de\/magazin\/tv-und-mediamoebel\/"},"author":{"name":"Linda Wolfgart","@id":"https:\/\/www.zurbrueggen.de\/magazin\/#\/schema\/person\/07170b1da6f7876ac78e450b9a3ed3d6"},"headline":"TV- und Mediam\u00f6bel","datePublished":"2021-01-06T11:49:05+00:00","dateModified":"2021-01-06T11:56:49+00:00","mainEntityOfPage":{"@id":"https:\/\/www.zurbrueggen.de\/magazin\/tv-und-mediamoebel\/"},"wordCount":761,"commentCount":0,"publisher":{"@id":"https:\/\/www.zurbrueggen.de\/magazin\/#organization"},"image":{"@id":"https:\/\/www.zurbrueggen.de\/magazin\/tv-und-mediamoebel\/#primaryimage"},"thumbnailUrl":"https:\/\/www.zurbrueggen.de\/magazin\/wp-content\/uploads\/2021\/01\/magazin-beitragsbild-4-cta-m-tvmedia-xora_1191599.jpg","articleSection":["Alle Artikel","ambiente","Trends &amp; Wissen"],"inLanguage":"de","potentialAction":[{"@type":"CommentAction","name":"Comment","target":["https:\/\/www.zurbrueggen.de\/magazin\/tv-und-mediamoebel\/#respond"]}]},{"@type":"WebPage","@id":"https:\/\/www.zurbrueggen.de\/magazin\/tv-und-mediamoebel\/","url":"https:\/\/www.zurbrueggen.de\/magazin\/tv-und-mediamoebel\/","name":"TV- und Mediam\u00f6bel f\u00fcr das Wohnzimmer","isPartOf":{"@id":"https:\/\/www.zurbrueggen.de\/magazin\/#website"},"primaryImageOfPage":{"@id":"https:\/\/www.zurbrueggen.de\/magazin\/tv-und-mediamoebel\/#primaryimage"},"image":{"@id":"https:\/\/www.zurbrueggen.de\/magazin\/tv-und-mediamoebel\/#primaryimage"},"thumbnailUrl":"https:\/\/www.zurbrueggen.de\/magazin\/wp-content\/uploads\/2021\/01\/magazin-beitragsbild-4-cta-m-tvmedia-xora_1191599.jpg","datePublished":"2021-01-06T11:49:05+00:00","dateModified":"2021-01-06T11:56:49+00:00","description":"Moderne TV- und Mediam\u00f6bel passen sich stilvoll und dezent an Ihre Einrichtung an. Lassen Sie sich von unseren vielf\u00e4ltigen Ideen inspirieren!","breadcrumb":{"@id":"https:\/\/www.zurbrueggen.de\/magazin\/tv-und-mediamoebel\/#breadcrumb"},"inLanguage":"de","potentialAction":[{"@type":"ReadAction","target":["https:\/\/www.zurbrueggen.de\/magazin\/tv-und-mediamoebel\/"]}]},{"@type":"ImageObject","inLanguage":"de","@id":"https:\/\/www.zurbrueggen.de\/magazin\/tv-und-mediamoebel\/#primaryimage","url":"https:\/\/www.zurbrueggen.de\/magazin\/wp-content\/uploads\/2021\/01\/magazin-beitragsbild-4-cta-m-tvmedia-xora_1191599.jpg","contentUrl":"https:\/\/www.zurbrueggen.de\/magazin\/wp-content\/uploads\/2021\/01\/magazin-beitragsbild-4-cta-m-tvmedia-xora_1191599.jpg","width":1200,"height":675},{"@type":"BreadcrumbList","@id":"https:\/\/www.zurbrueggen.de\/magazin\/tv-und-mediamoebel\/#breadcrumb","itemListElement":[{"@type":"ListItem","position":1,"name":"Startseite","item":"https:\/\/www.zurbrueggen.de\/magazin\/"},{"@type":"ListItem","position":2,"name":"TV- und Mediam\u00f6bel"}]},{"@type":"WebSite","@id":"https:\/\/www.zurbrueggen.de\/magazin\/#website","url":"https:\/\/www.zurbrueggen.de\/magazin\/","name":"Zurbr\u00fcggen magazin","description":"DESIGN \u2022 STYLE \u2022 LIVING","publisher":{"@id":"https:\/\/www.zurbrueggen.de\/magazin\/#organization"},"potentialAction":[{"@type":"SearchAction","target":{"@type":"EntryPoint","urlTemplate":"https:\/\/www.zurbrueggen.de\/magazin\/?s={search_term_string}"},"query-input":{"@type":"PropertyValueSpecification","valueRequired":true,"valueName":"search_term_string"}}],"inLanguage":"de"},{"@type":"Organization","@id":"https:\/\/www.zurbrueggen.de\/magazin\/#organization","name":"Zurbr\u00fcggen Wohn-Zentrum GmbH","url":"https:\/\/www.zurbrueggen.de\/magazin\/","logo":{"@type":"ImageObject","inLanguage":"de","@id":"https:\/\/www.zurbrueggen.de\/magazin\/#\/schema\/logo\/image\/","url":"https:\/\/www.zurbrueggen.de\/magazin\/wp-content\/uploads\/2016\/07\/logo_zurbrueggen.png","contentUrl":"https:\/\/www.zurbrueggen.de\/magazin\/wp-content\/uploads\/2016\/07\/logo_zurbrueggen.png","width":400,"height":107,"caption":"Zurbr\u00fcggen Wohn-Zentrum GmbH"},"image":{"@id":"https:\/\/www.zurbrueggen.de\/magazin\/#\/schema\/logo\/image\/"},"sameAs":["https:\/\/facebook.com\/zurbrueggen","https:\/\/x.com\/Zurbrueggen"]},{"@type":"Person","@id":"https:\/\/www.zurbrueggen.de\/magazin\/#\/schema\/person\/07170b1da6f7876ac78e450b9a3ed3d6","name":"Linda Wolfgart","image":{"@type":"ImageObject","inLanguage":"de","@id":"https:\/\/secure.gravatar.com\/avatar\/f84173980fbd4382d8c0ae77c07dbf27a65219dbdadb5b039dab209120bb5c55?s=96&d=mm&r=g","url":"https:\/\/secure.gravatar.com\/avatar\/f84173980fbd4382d8c0ae77c07dbf27a65219dbdadb5b039dab209120bb5c55?s=96&d=mm&r=g","contentUrl":"https:\/\/secure.gravatar.com\/avatar\/f84173980fbd4382d8c0ae77c07dbf27a65219dbdadb5b039dab209120bb5c55?s=96&d=mm&r=g","caption":"Linda Wolfgart"},"url":"https:\/\/www.zurbrueggen.de\/magazin\/author\/l_junowicz\/"}]}},"_links":{"self":[{"href":"https:\/\/www.zurbrueggen.de\/magazin\/wp-json\/wp\/v2\/posts\/5737","targetHints":{"allow":["GET"]}}],"collection":[{"href":"https:\/\/www.zurbrueggen.de\/magazin\/wp-json\/wp\/v2\/posts"}],"about":[{"href":"https:\/\/www.zurbrueggen.de\/magazin\/wp-json\/wp\/v2\/types\/post"}],"author":[{"embeddable":true,"href":"https:\/\/www.zurbrueggen.de\/magazin\/wp-json\/wp\/v2\/users\/20"}],"replies":[{"embeddable":true,"href":"https:\/\/www.zurbrueggen.de\/magazin\/wp-json\/wp\/v2\/comments?post=5737"}],"version-history":[{"count":8,"href":"https:\/\/www.zurbrueggen.de\/magazin\/wp-json\/wp\/v2\/posts\/5737\/revisions"}],"predecessor-version":[{"id":5753,"href":"https:\/\/www.zurbrueggen.de\/magazin\/wp-json\/wp\/v2\/posts\/5737\/revisions\/5753"}],"wp:featuredmedia":[{"embeddable":true,"href":"https:\/\/www.zurbrueggen.de\/magazin\/wp-json\/wp\/v2\/media\/5739"}],"wp:attachment":[{"href":"https:\/\/www.zurbrueggen.de\/magazin\/wp-json\/wp\/v2\/media?parent=5737"}],"wp:term":[{"taxonomy":"category","embeddable":true,"href":"https:\/\/www.zurbrueggen.de\/magazin\/wp-json\/wp\/v2\/categories?post=5737"},{"taxonomy":"post_tag","embeddable":true,"href":"https:\/\/www.zurbrueggen.de\/magazin\/wp-json\/wp\/v2\/tags?post=5737"}],"curies":[{"name":"wp","href":"https:\/\/api.w.org\/{rel}","templated":true}]}}