{"id":5432,"date":"2020-08-17T12:56:11","date_gmt":"2020-08-17T10:56:11","guid":{"rendered":"https:\/\/www.zurbrueggen.de\/magazin\/?p=5432"},"modified":"2020-08-20T14:17:40","modified_gmt":"2020-08-20T12:17:40","slug":"esszimmer-einrichten","status":"publish","type":"post","link":"https:\/\/www.zurbrueggen.de\/magazin\/esszimmer-einrichten\/","title":{"rendered":"Esszimmer einrichten \u2013 so wird es gem\u00fctlich!"},"content":{"rendered":"<div class=\"mceTemp\"><\/div>\n<p><span class=\"vorschau\" style=\"font-family: 'Roboto Slab'; font-size: 22px; line-height: 34px; font-weight: 300; margin-top: 40px;\">Kaum ein Raum in Ihrer Wohnung hat so viele Aufgaben wie das <a href=\"https:\/\/www.zurbrueggen.de\/shop\/moebel\/esszimmer.html\">Esszimmer<\/a>. Denn der gro\u00dfe Esstisch l\u00e4dt l\u00e4ngst nicht nur zu den gemeinsamen Mahlzeiten ein: An vielen Esstafeln wird tags\u00fcber flei\u00dfig gearbeitet, nachmittags gebastelt oder an Hausaufgaben get\u00fcftelt. Abends dann findet sich die Familie zum Spielen am Esstisch zusammen oder Sie lassen hier mit Freunden den Tag entspannt ausklingen. Beim Einrichten des Esszimmers m\u00fcssen Sie also Flexibilit\u00e4t beweisen \u2013 und so einen Raum schaffen, in dem Sie sich den ganzen Tag \u00fcber gerne aufhalten. <\/span><\/p>\n<p><!--more--><\/p>\n<p>&nbsp;<\/p>\n<p><img loading=\"lazy\" decoding=\"async\" class=\"aligncenter wp-image-5460 size-full\" src=\"https:\/\/www.zurbrueggen.de\/magazin\/wp-content\/uploads\/2020\/08\/magazin-beitragsbild-2-m-esszimmer-einrichten.jpg\" alt=\"\" width=\"1200\" height=\"675\" srcset=\"https:\/\/www.zurbrueggen.de\/magazin\/wp-content\/uploads\/2020\/08\/magazin-beitragsbild-2-m-esszimmer-einrichten.jpg 1200w, https:\/\/www.zurbrueggen.de\/magazin\/wp-content\/uploads\/2020\/08\/magazin-beitragsbild-2-m-esszimmer-einrichten-300x169.jpg 300w, https:\/\/www.zurbrueggen.de\/magazin\/wp-content\/uploads\/2020\/08\/magazin-beitragsbild-2-m-esszimmer-einrichten-1024x576.jpg 1024w, https:\/\/www.zurbrueggen.de\/magazin\/wp-content\/uploads\/2020\/08\/magazin-beitragsbild-2-m-esszimmer-einrichten-768x432.jpg 768w, https:\/\/www.zurbrueggen.de\/magazin\/wp-content\/uploads\/2020\/08\/magazin-beitragsbild-2-m-esszimmer-einrichten-665x374.jpg 665w, https:\/\/www.zurbrueggen.de\/magazin\/wp-content\/uploads\/2020\/08\/magazin-beitragsbild-2-m-esszimmer-einrichten-462x260.jpg 462w\" sizes=\"auto, (max-width: 1200px) 100vw, 1200px\" \/><\/p>\n<p>&nbsp;<\/p>\n<p><span class=\"subheading\" style=\"font-family: 'Roboto Slab', sans-serif; font-size: 20px; margin-top: 40px; font-weight: 400; text-transform: none;\">Atmosph\u00e4re schaffen \u2013 der erste Schritt beim Einrichten des Esszimmers<\/span><\/p>\n<p><span class=\"fliesstext\" style=\"font-family: Roboto, sans-serif; font-size: 16px; line-height: 24px; font-weight: 400;\">Wenn Sie Ihr Esszimmer einrichten, sollten Sie zun\u00e4chst ein Raumkonzept entwickeln. Denn bevor Sie nach sch\u00f6nen St\u00fchlen und praktischen Esstischen st\u00f6bern, ist es wichtig, die Atmosph\u00e4re f\u00fcr den Raum festzulegen. Stellen Sie sich daf\u00fcr beispielsweise die folgenden Fragen: <\/span><\/p>\n<ul>\n<li><span class=\"fliesstext\" style=\"font-family: Roboto, sans-serif; font-size: 16px; line-height: 24px; font-weight: 400;\">Welche Gegebenheiten bietet der Raum? Ist er besonders lichtdurchflutet oder sind zus\u00e4tzliche <span class=\"fliesstext\" style=\"font-family: Roboto, sans-serif; font-size: 16px; line-height: 24px; font-weight: 400;\"><span class=\"fliesstext\" style=\"font-family: Roboto, sans-serif; font-size: 16px; line-height: 24px; font-weight: 400;\"><a href=\"https:\/\/www.zurbrueggen.de\/shop\/leuchten.html\">Leuchten<\/a> notwendig? <\/span><\/span><\/span><\/li>\n<li><span class=\"fliesstext\" style=\"font-family: Roboto, sans-serif; font-size: 16px; line-height: 24px; font-weight: 400;\">Wie nutze ich\/nutzen wir den Raum im Verlauf des Tages? <\/span><\/li>\n<li><span class=\"fliesstext\" style=\"font-family: Roboto, sans-serif; font-size: 16px; line-height: 24px; font-weight: 400;\">Welche Familienmitglieder halten sich dort auf? Ben\u00f6tige ich Kinderst\u00fchle, Unterlagen f\u00fcr das Homeoffice oder einen R\u00fcckzugsort zum Entspannen? <\/span><\/li>\n<li><span class=\"fliesstext\" style=\"font-family: Roboto, sans-serif; font-size: 16px; line-height: 24px; font-weight: 400;\">M\u00fcssen hier auch Geschirr, Gl\u00e4ser und Co. Platz finden?<\/span><\/li>\n<\/ul>\n<p>&nbsp;<\/p>\n<p><img loading=\"lazy\" decoding=\"async\" class=\"aligncenter wp-image-5482 size-full\" src=\"https:\/\/www.zurbrueggen.de\/magazin\/wp-content\/uploads\/2020\/08\/magazin-beitragsbild-1-mit-m-5-esszimmer-einrichten.jpg\" alt=\"\" width=\"1200\" height=\"675\" srcset=\"https:\/\/www.zurbrueggen.de\/magazin\/wp-content\/uploads\/2020\/08\/magazin-beitragsbild-1-mit-m-5-esszimmer-einrichten.jpg 1200w, https:\/\/www.zurbrueggen.de\/magazin\/wp-content\/uploads\/2020\/08\/magazin-beitragsbild-1-mit-m-5-esszimmer-einrichten-300x169.jpg 300w, https:\/\/www.zurbrueggen.de\/magazin\/wp-content\/uploads\/2020\/08\/magazin-beitragsbild-1-mit-m-5-esszimmer-einrichten-1024x576.jpg 1024w, https:\/\/www.zurbrueggen.de\/magazin\/wp-content\/uploads\/2020\/08\/magazin-beitragsbild-1-mit-m-5-esszimmer-einrichten-768x432.jpg 768w, https:\/\/www.zurbrueggen.de\/magazin\/wp-content\/uploads\/2020\/08\/magazin-beitragsbild-1-mit-m-5-esszimmer-einrichten-665x374.jpg 665w, https:\/\/www.zurbrueggen.de\/magazin\/wp-content\/uploads\/2020\/08\/magazin-beitragsbild-1-mit-m-5-esszimmer-einrichten-462x260.jpg 462w\" sizes=\"auto, (max-width: 1200px) 100vw, 1200px\" \/><\/p>\n<p>&nbsp;<\/p>\n<p><span class=\"fliesstext\" style=\"font-family: Roboto, sans-serif; font-size: 16px; line-height: 24px; font-weight: 400;\">Im n\u00e4chsten Schritt \u00fcberlegen Sie sich, wie das Raumdesign diese Bed\u00fcrfnisse unterst\u00fctzen kann. Wird im Esszimmer viel gespielt, gemalt und gebastelt, sind empfindliche Materialien f\u00fcr Tisch, St\u00fchle und Teppich eine weniger gute Wahl. Ersetzt der Esstisch tags\u00fcber den Schreibtisch, sollten Sie Ihre Arbeitsunterlagen zum Feierabend schnell wegr\u00e4umen k\u00f6nnen \u2013 etwa in einen schicken <span class=\"fliesstext\" style=\"font-family: Roboto, sans-serif; font-size: 16px; line-height: 24px; font-weight: 400;\"><span class=\"fliesstext\" style=\"font-family: Roboto, sans-serif; font-size: 16px; line-height: 24px; font-weight: 400;\"> Rollcontainer oder ein h\u00fcbsches High- oder Sideboard.<\/span><\/span><\/span><\/p>\n<p>&nbsp;<\/p>\n<p><span class=\"subheading\" style=\"font-family: 'Roboto Slab', sans-serif; font-size: 20px; margin-top: 40px; font-weight: 400; text-transform: none;\">Tische f\u00fcr das Esszimmer: Welcher passt wirklich? <\/span><\/p>\n<p><span class=\"fliesstext\" style=\"font-family: Roboto, sans-serif; font-size: 16px; line-height: 24px; font-weight: 400;\">Das Zentrum Ihres Esszimmers ist in vielen Haushalten der <a href=\"https:\/\/www.zurbrueggen.de\/shop\/moebel\/esszimmer\/esstische.html\">Esstisch<\/a>. Deshalb muss dieser Tisch oft multifunktional sein, m\u00f6glichst pflegeleicht und dennoch sch\u00f6n \u2013 gar nicht so einfach! <\/span><\/p>\n<p><span class=\"fliesstext\" style=\"font-family: Roboto, sans-serif; font-size: 16px; line-height: 24px; font-weight: 400;\">Die erste Frage, die sich beim Esszimmereinrichten stellt, lautet: Soll es ein eckiger oder runder Tisch sein? Gerade, wenn Sie Platz f\u00fcr mehr als vier Personen ben\u00f6tigen, kommen runde Tische schnell an ihre Grenzen und lassen sich in oftmals rechteckigen R\u00e4umen nur schwer stellen.<\/span><\/p>\n<p>&nbsp;<\/p>\n<p><img loading=\"lazy\" decoding=\"async\" class=\"aligncenter wp-image-5481 size-full\" src=\"https:\/\/www.zurbrueggen.de\/magazin\/wp-content\/uploads\/2020\/08\/magazin-beitragsbild-1-mit-m-1-esszimmer-einrichten.jpg\" alt=\"\" width=\"1200\" height=\"675\" srcset=\"https:\/\/www.zurbrueggen.de\/magazin\/wp-content\/uploads\/2020\/08\/magazin-beitragsbild-1-mit-m-1-esszimmer-einrichten.jpg 1200w, https:\/\/www.zurbrueggen.de\/magazin\/wp-content\/uploads\/2020\/08\/magazin-beitragsbild-1-mit-m-1-esszimmer-einrichten-300x169.jpg 300w, https:\/\/www.zurbrueggen.de\/magazin\/wp-content\/uploads\/2020\/08\/magazin-beitragsbild-1-mit-m-1-esszimmer-einrichten-1024x576.jpg 1024w, https:\/\/www.zurbrueggen.de\/magazin\/wp-content\/uploads\/2020\/08\/magazin-beitragsbild-1-mit-m-1-esszimmer-einrichten-768x432.jpg 768w, https:\/\/www.zurbrueggen.de\/magazin\/wp-content\/uploads\/2020\/08\/magazin-beitragsbild-1-mit-m-1-esszimmer-einrichten-665x374.jpg 665w, https:\/\/www.zurbrueggen.de\/magazin\/wp-content\/uploads\/2020\/08\/magazin-beitragsbild-1-mit-m-1-esszimmer-einrichten-462x260.jpg 462w\" sizes=\"auto, (max-width: 1200px) 100vw, 1200px\" \/><\/p>\n<p><span class=\"fliesstext\" style=\"font-family: Roboto, sans-serif; font-size: 16px; line-height: 24px; font-weight: 400;\">Bei der Gr\u00f6\u00dfe des Tischs kommt es auf folgende Aspekte an: <\/span><\/p>\n<ul>\n<li><span class=\"fliesstext\" style=\"font-family: Roboto, sans-serif; font-size: 16px; line-height: 24px; font-weight: 400;\"><strong>Familiengr\u00f6\u00dfe: <\/strong> Jedes Familienmitglied sollte am Esstisch Platz haben. <\/span><\/li>\n<li><span class=\"fliesstext\" style=\"font-family: Roboto, sans-serif; font-size: 16px; line-height: 24px; font-weight: 400;\"> <strong>Besuch: <\/strong> Kommen regelm\u00e4\u00dfig Freunde vorbei oder veranstalten Sie gern Feiern mit der gesamten Verwandtschaft? Dann ist eine gr\u00f6\u00dfere Tafel sinnvoll. <\/span><\/li>\n<li><span class=\"fliesstext\" style=\"font-family: Roboto, sans-serif; font-size: 16px; line-height: 24px; font-weight: 400;\"> <strong>Anspr\u00fcche: <\/strong> Sitzen Ihre Kinder nachmittags gemeinsam am Esstisch an ihren Hausaufgaben? Um in Ruhe zu lernen, brauchen die Kleinen Platz und etwas Abstand voneinander. <\/span><\/li>\n<\/ul>\n<p><span class=\"fliesstext\" style=\"font-family: Roboto, sans-serif; font-size: 16px; line-height: 24px; font-weight: 400;\">Ein multifunktionaler bzw. ausziehbarer Esstisch ist die ideale Wahl, wenn im Alltag ein kleiner Esstisch ausreicht, an Festtagen oder Partys jedoch mehr Menschen einen Platz an der Tafel brauchen. Ausziehbare Esstische gibt es in zahlreichen Designs, als runde und eckige Varianten und aus fast jedem Material. Apropos Material: Im Folgenden haben wir Ihnen die beliebtesten Materialien f\u00fcr Esstische sowie ihre Vor- und Nachteile zusammengefasst:<\/span><\/p>\n<p>&nbsp;<\/p>\n<table>\n<tbody>\n<tr>\n<td>Material<\/td>\n<td><\/td>\n<td>Vorteile<\/td>\n<td>Nachteile<\/td>\n<\/tr>\n<tr>\n<td><span class=\"fliesstext\" style=\"font-family: Roboto, sans-serif; font-size: 16px; line-height: 24px; font-weight: 400;\">Holz<\/span><\/td>\n<td><\/td>\n<td><span class=\"fliesstext\" style=\"font-family: Roboto, sans-serif; font-size: 16px; line-height: 24px; font-weight: 400;\">warme Atmosph\u00e4re, wenn behandelt, sehr robust, nat\u00fcrlich<\/span><\/td>\n<td><span class=\"fliesstext\" style=\"font-family: Roboto, sans-serif; font-size: 16px; line-height: 24px; font-weight: 400;\">mitunter empfindlich pflegeintensiv, massiv (schwerer zu verschieben)<\/span><\/td>\n<\/tr>\n<tr>\n<td><span class=\"fliesstext\" style=\"font-family: Roboto, sans-serif; font-size: 16px; line-height: 24px; font-weight: 400;\">Glas\/Metall<\/span><\/td>\n<td><\/td>\n<td><span class=\"fliesstext\" style=\"font-family: Roboto, sans-serif; font-size: 16px; line-height: 24px; font-weight: 400;\">sehr robust, leicht zu reinigen, in schlichter Ausf\u00fchrung passend zu jedem Wohnstil<\/span><\/td>\n<td><span class=\"fliesstext\" style=\"font-family: Roboto, sans-serif; font-size: 16px; line-height: 24px; font-weight: 400;\">k\u00fchle Wohnatmosph\u00e4re, Fingerabdr\u00fccke schnell sichtbar, nicht ausziehbar<\/span><\/td>\n<\/tr>\n<tr>\n<td><span class=\"fliesstext\" style=\"font-family: Roboto, sans-serif; font-size: 16px; line-height: 24px; font-weight: 400;\">Kunststoff<\/span><\/td>\n<td><\/td>\n<td><span class=\"fliesstext\" style=\"font-family: Roboto, sans-serif; font-size: 16px; line-height: 24px; font-weight: 400;\">leicht, oft in vielen Farben\/Designs erh\u00e4ltlich, pflegeleicht<\/span><\/td>\n<td><span class=\"fliesstext\" style=\"font-family: Roboto, sans-serif; font-size: 16px; line-height: 24px; font-weight: 400;\">weniger warme Wohnatmosph\u00e4re, schnellerer Verschlei\u00df, weniger stabil<\/span><\/td>\n<\/tr>\n<\/tbody>\n<\/table>\n<p>&nbsp;<\/p>\n<p><span class=\"subheading\" style=\"font-family: 'Roboto Slab', sans-serif; font-size: 20px; margin-top: 40px; font-weight: 400; text-transform: none;\">Wollen wir noch sitzen bleiben? Esszimmer-St\u00fchle<\/span><\/p>\n<p><span class=\"fliesstext\" style=\"font-family: Roboto, sans-serif; font-size: 16px; line-height: 24px; font-weight: 400;\">Steht der Tisch, ben\u00f6tigen Sie die passenden St\u00fchle! Diese sind idealerweise aus einem \u00e4hnlichen Material gefertigt wie der Esstisch. Stuhlkissen sollten mit den anderen Textilien im Raum, also Teppichen oder Vorh\u00e4ngen, harmonieren. Auch bei der Auswahl des Stuhls ist Ihr Bedarf wichtig: Zum Essen eignen sich Modelle mit einer h\u00f6heren Lehne besser, da Sie so aufrechter sitzen k\u00f6nnen. In geselliger, entspannter Runde dagegen sitzt es sich lockerer in St\u00fchlen mit niedrigeren Lehnen, die aber daf\u00fcr mit Armst\u00fctzen ausgestattet sind. Eine Polsterung erh\u00f6ht in diesem Fall den Komfort. <\/span><\/p>\n<p><span class=\"fliesstext\" style=\"font-family: Roboto, sans-serif; font-size: 16px; line-height: 24px; font-weight: 400;\">Unser Tipp: Haben Sie nur selten Besuch, lohnt es sich nicht, mehr <a href=\"https:\/\/www.zurbrueggen.de\/shop\/moebel\/esszimmer\/stuehle.html\">Esszimmerst\u00fchle<\/a> anzuschaffen, als Sie im Alltag ben\u00f6tigen. Hier k\u00f6nnen bequeme Klappst\u00fchle, die Sie im Keller oder auf dem Dachboden lagern, ausreichen.<\/span><\/p>\n<p>&nbsp;<\/p>\n<p><img loading=\"lazy\" decoding=\"async\" class=\"aligncenter wp-image-5483 size-full\" src=\"https:\/\/www.zurbrueggen.de\/magazin\/wp-content\/uploads\/2020\/08\/magazin-beitragsbild-3-mit-m-4-esszimmer-einrichten.jpg\" alt=\"\" width=\"1200\" height=\"675\" srcset=\"https:\/\/www.zurbrueggen.de\/magazin\/wp-content\/uploads\/2020\/08\/magazin-beitragsbild-3-mit-m-4-esszimmer-einrichten.jpg 1200w, https:\/\/www.zurbrueggen.de\/magazin\/wp-content\/uploads\/2020\/08\/magazin-beitragsbild-3-mit-m-4-esszimmer-einrichten-300x169.jpg 300w, https:\/\/www.zurbrueggen.de\/magazin\/wp-content\/uploads\/2020\/08\/magazin-beitragsbild-3-mit-m-4-esszimmer-einrichten-1024x576.jpg 1024w, https:\/\/www.zurbrueggen.de\/magazin\/wp-content\/uploads\/2020\/08\/magazin-beitragsbild-3-mit-m-4-esszimmer-einrichten-768x432.jpg 768w, https:\/\/www.zurbrueggen.de\/magazin\/wp-content\/uploads\/2020\/08\/magazin-beitragsbild-3-mit-m-4-esszimmer-einrichten-665x374.jpg 665w, https:\/\/www.zurbrueggen.de\/magazin\/wp-content\/uploads\/2020\/08\/magazin-beitragsbild-3-mit-m-4-esszimmer-einrichten-462x260.jpg 462w\" sizes=\"auto, (max-width: 1200px) 100vw, 1200px\" \/><\/p>\n<p>&nbsp;<\/p>\n<p><span class=\"subheading\" style=\"font-family: 'Roboto Slab', sans-serif; font-size: 20px; margin-top: 40px; font-weight: 400; text-transform: none;\"><a href=\"https:\/\/www.zurbrueggen.de\/shop\/deko-textil\/dekoration.html\">Deko und Accessoires<\/a> f\u00fcr ein gem\u00fctliches Esszimmer<\/span><\/p>\n<p><span class=\"fliesstext\" style=\"font-family: Roboto, sans-serif; font-size: 16px; line-height: 24px; font-weight: 400;\">Esstisch und St\u00fchle allein machen noch kein Esszimmer aus \u2013 es sind pers\u00f6nliche und stylische Details wie Textilien, Bilder oder zus\u00e4tzliche M\u00f6belst\u00fccke, die Sie in Ihrem Esszimmer ganz heimisch werden lassen. Auch die Wandfarbe darf etwas ausgefallener sein. Passen Sie dann die M\u00f6bel entsprechend an und halten Sie Teppiche, Kissen oder Vorh\u00e4nge in gedeckteren Farben oder schlichten Mustern. Bei besonderen Anl\u00e4ssen oder gr\u00f6\u00dferen Festtagsessen ist ein praktischer Beistelltisch oder Servierwagen ein unverzichtbarer Begleiter. Alternativ kann auch ein gr\u00f6\u00dferes Sideboard zum Buffet umfunktioniert werden. <\/span><\/p>\n<p><span class=\"fliesstext\" style=\"font-family: Roboto, sans-serif; font-size: 16px; line-height: 24px; font-weight: 400;\">Ist der Appetit auf einen neuen Look im Esszimmer schon geweckt? Dann st\u00f6bern Sie durch unseren Onlineshop und holen Sie sich weitere Ideen. <\/span><\/p>\n<p><a href=\"https:\/\/www.zurbrueggen.de\/shop\/moebel\/esszimmer.html\"><img loading=\"lazy\" decoding=\"async\" class=\"aligncenter size-large wp-image-5469\" src=\"https:\/\/www.zurbrueggen.de\/magazin\/wp-content\/uploads\/2020\/08\/magazin_footer-esszimmer_einrichten-1024x223.jpg\" alt=\"\" width=\"665\" height=\"145\" srcset=\"https:\/\/www.zurbrueggen.de\/magazin\/wp-content\/uploads\/2020\/08\/magazin_footer-esszimmer_einrichten-1024x223.jpg 1024w, https:\/\/www.zurbrueggen.de\/magazin\/wp-content\/uploads\/2020\/08\/magazin_footer-esszimmer_einrichten-300x65.jpg 300w, https:\/\/www.zurbrueggen.de\/magazin\/wp-content\/uploads\/2020\/08\/magazin_footer-esszimmer_einrichten-768x167.jpg 768w, https:\/\/www.zurbrueggen.de\/magazin\/wp-content\/uploads\/2020\/08\/magazin_footer-esszimmer_einrichten-665x145.jpg 665w, https:\/\/www.zurbrueggen.de\/magazin\/wp-content\/uploads\/2020\/08\/magazin_footer-esszimmer_einrichten.jpg 1102w\" sizes=\"auto, (max-width: 665px) 100vw, 665px\" \/><\/a><\/p>\n","protected":false},"excerpt":{"rendered":"<p>Kaum ein Raum in Ihrer Wohnung hat so viele Aufgaben wie das Esszimmer. Denn der gro\u00dfe Esstisch l\u00e4dt l\u00e4ngst nicht nur zu den gemeinsamen Mahlzeiten ein: An vielen Esstafeln wird tags\u00fcber flei\u00dfig gearbeitet, nachmittags gebastelt oder an Hausaufgaben get\u00fcftelt. Abends dann findet sich die Familie zum Spielen am Esstisch zusammen oder Sie lassen hier mit [&hellip;]<\/p>\n","protected":false},"author":20,"featured_media":5454,"comment_status":"open","ping_status":"open","sticky":false,"template":"","format":"standard","meta":{"_acf_changed":false,"footnotes":""},"categories":[1,47,34],"tags":[],"class_list":["post-5432","post","type-post","status-publish","format-standard","has-post-thumbnail","hentry","category-alle-artikel","category-wohnstil","category-zuhause"],"acf":[],"yoast_head":"<!-- This site is optimized with the Yoast SEO plugin v27.4 - https:\/\/yoast.com\/product\/yoast-seo-wordpress\/ -->\n<title>Esszimmer einrichten \u2013 so wird\u2018s sch\u00f6n gem\u00fctlich<\/title>\n<meta name=\"description\" content=\"Beim Einrichten des Esszimmers gibt es von Tisch bis Wandfarbe jede Menge zu beachten. Wir zeigen, wie Sie es sich im Esszimmer richtig bequem machen!\" \/>\n<meta name=\"robots\" content=\"index, follow, max-snippet:-1, max-image-preview:large, max-video-preview:-1\" \/>\n<link rel=\"canonical\" href=\"https:\/\/www.zurbrueggen.de\/magazin\/esszimmer-einrichten\/\" \/>\n<meta property=\"og:locale\" content=\"de_DE\" \/>\n<meta property=\"og:type\" content=\"article\" \/>\n<meta property=\"og:title\" content=\"Esszimmer einrichten \u2013 so wird\u2018s sch\u00f6n gem\u00fctlich\" \/>\n<meta property=\"og:description\" content=\"Beim Esszimmereinrichten gibt es von Tisch bis Wandfarbe jede Menge zu beachten. Wir zeigen, wie Sie es sich im Esszimmer richtig bequem machen!\" \/>\n<meta property=\"og:url\" content=\"https:\/\/www.zurbrueggen.de\/magazin\/esszimmer-einrichten\/\" \/>\n<meta property=\"og:site_name\" content=\"Zurbr\u00fcggen magazin\" \/>\n<meta property=\"article:publisher\" content=\"https:\/\/facebook.com\/zurbrueggen\" \/>\n<meta property=\"article:published_time\" content=\"2020-08-17T10:56:11+00:00\" \/>\n<meta property=\"article:modified_time\" content=\"2020-08-20T12:17:40+00:00\" \/>\n<meta property=\"og:image\" content=\"https:\/\/www.zurbrueggen.de\/magazin\/wp-content\/uploads\/2020\/08\/magazin-beitragsbild-2-cta-m-esszimmer-einrichten.jpg\" \/>\n\t<meta property=\"og:image:width\" content=\"1200\" \/>\n\t<meta property=\"og:image:height\" content=\"675\" \/>\n\t<meta property=\"og:image:type\" content=\"image\/jpeg\" \/>\n<meta name=\"author\" content=\"Linda Wolfgart\" \/>\n<script type=\"application\/ld+json\" class=\"yoast-schema-graph\">{\"@context\":\"https:\\\/\\\/schema.org\",\"@graph\":[{\"@type\":\"Article\",\"@id\":\"https:\\\/\\\/www.zurbrueggen.de\\\/magazin\\\/esszimmer-einrichten\\\/#article\",\"isPartOf\":{\"@id\":\"https:\\\/\\\/www.zurbrueggen.de\\\/magazin\\\/esszimmer-einrichten\\\/\"},\"author\":{\"name\":\"Linda Wolfgart\",\"@id\":\"https:\\\/\\\/www.zurbrueggen.de\\\/magazin\\\/#\\\/schema\\\/person\\\/07170b1da6f7876ac78e450b9a3ed3d6\"},\"headline\":\"Esszimmer einrichten \u2013 so wird es gem\u00fctlich!\",\"datePublished\":\"2020-08-17T10:56:11+00:00\",\"dateModified\":\"2020-08-20T12:17:40+00:00\",\"mainEntityOfPage\":{\"@id\":\"https:\\\/\\\/www.zurbrueggen.de\\\/magazin\\\/esszimmer-einrichten\\\/\"},\"wordCount\":835,\"commentCount\":0,\"publisher\":{\"@id\":\"https:\\\/\\\/www.zurbrueggen.de\\\/magazin\\\/#organization\"},\"image\":{\"@id\":\"https:\\\/\\\/www.zurbrueggen.de\\\/magazin\\\/esszimmer-einrichten\\\/#primaryimage\"},\"thumbnailUrl\":\"https:\\\/\\\/www.zurbrueggen.de\\\/magazin\\\/wp-content\\\/uploads\\\/2020\\\/08\\\/magazin-beitragsbild-2-cta-m-esszimmer-einrichten.jpg\",\"articleSection\":[\"Alle Artikel\",\"Wohnstil\",\"zuhause\"],\"inLanguage\":\"de\",\"potentialAction\":[{\"@type\":\"CommentAction\",\"name\":\"Comment\",\"target\":[\"https:\\\/\\\/www.zurbrueggen.de\\\/magazin\\\/esszimmer-einrichten\\\/#respond\"]}]},{\"@type\":\"WebPage\",\"@id\":\"https:\\\/\\\/www.zurbrueggen.de\\\/magazin\\\/esszimmer-einrichten\\\/\",\"url\":\"https:\\\/\\\/www.zurbrueggen.de\\\/magazin\\\/esszimmer-einrichten\\\/\",\"name\":\"Esszimmer einrichten \u2013 so wird\u2018s sch\u00f6n gem\u00fctlich\",\"isPartOf\":{\"@id\":\"https:\\\/\\\/www.zurbrueggen.de\\\/magazin\\\/#website\"},\"primaryImageOfPage\":{\"@id\":\"https:\\\/\\\/www.zurbrueggen.de\\\/magazin\\\/esszimmer-einrichten\\\/#primaryimage\"},\"image\":{\"@id\":\"https:\\\/\\\/www.zurbrueggen.de\\\/magazin\\\/esszimmer-einrichten\\\/#primaryimage\"},\"thumbnailUrl\":\"https:\\\/\\\/www.zurbrueggen.de\\\/magazin\\\/wp-content\\\/uploads\\\/2020\\\/08\\\/magazin-beitragsbild-2-cta-m-esszimmer-einrichten.jpg\",\"datePublished\":\"2020-08-17T10:56:11+00:00\",\"dateModified\":\"2020-08-20T12:17:40+00:00\",\"description\":\"Beim Einrichten des Esszimmers gibt es von Tisch bis Wandfarbe jede Menge zu beachten. Wir zeigen, wie Sie es sich im Esszimmer richtig bequem machen!\",\"breadcrumb\":{\"@id\":\"https:\\\/\\\/www.zurbrueggen.de\\\/magazin\\\/esszimmer-einrichten\\\/#breadcrumb\"},\"inLanguage\":\"de\",\"potentialAction\":[{\"@type\":\"ReadAction\",\"target\":[\"https:\\\/\\\/www.zurbrueggen.de\\\/magazin\\\/esszimmer-einrichten\\\/\"]}]},{\"@type\":\"ImageObject\",\"inLanguage\":\"de\",\"@id\":\"https:\\\/\\\/www.zurbrueggen.de\\\/magazin\\\/esszimmer-einrichten\\\/#primaryimage\",\"url\":\"https:\\\/\\\/www.zurbrueggen.de\\\/magazin\\\/wp-content\\\/uploads\\\/2020\\\/08\\\/magazin-beitragsbild-2-cta-m-esszimmer-einrichten.jpg\",\"contentUrl\":\"https:\\\/\\\/www.zurbrueggen.de\\\/magazin\\\/wp-content\\\/uploads\\\/2020\\\/08\\\/magazin-beitragsbild-2-cta-m-esszimmer-einrichten.jpg\",\"width\":1200,\"height\":675},{\"@type\":\"BreadcrumbList\",\"@id\":\"https:\\\/\\\/www.zurbrueggen.de\\\/magazin\\\/esszimmer-einrichten\\\/#breadcrumb\",\"itemListElement\":[{\"@type\":\"ListItem\",\"position\":1,\"name\":\"Startseite\",\"item\":\"https:\\\/\\\/www.zurbrueggen.de\\\/magazin\\\/\"},{\"@type\":\"ListItem\",\"position\":2,\"name\":\"Esszimmer einrichten \u2013 so wird es gem\u00fctlich!\"}]},{\"@type\":\"WebSite\",\"@id\":\"https:\\\/\\\/www.zurbrueggen.de\\\/magazin\\\/#website\",\"url\":\"https:\\\/\\\/www.zurbrueggen.de\\\/magazin\\\/\",\"name\":\"Zurbr\u00fcggen magazin\",\"description\":\"DESIGN \u2022 STYLE \u2022 LIVING\",\"publisher\":{\"@id\":\"https:\\\/\\\/www.zurbrueggen.de\\\/magazin\\\/#organization\"},\"potentialAction\":[{\"@type\":\"SearchAction\",\"target\":{\"@type\":\"EntryPoint\",\"urlTemplate\":\"https:\\\/\\\/www.zurbrueggen.de\\\/magazin\\\/?s={search_term_string}\"},\"query-input\":{\"@type\":\"PropertyValueSpecification\",\"valueRequired\":true,\"valueName\":\"search_term_string\"}}],\"inLanguage\":\"de\"},{\"@type\":\"Organization\",\"@id\":\"https:\\\/\\\/www.zurbrueggen.de\\\/magazin\\\/#organization\",\"name\":\"Zurbr\u00fcggen Wohn-Zentrum GmbH\",\"url\":\"https:\\\/\\\/www.zurbrueggen.de\\\/magazin\\\/\",\"logo\":{\"@type\":\"ImageObject\",\"inLanguage\":\"de\",\"@id\":\"https:\\\/\\\/www.zurbrueggen.de\\\/magazin\\\/#\\\/schema\\\/logo\\\/image\\\/\",\"url\":\"https:\\\/\\\/www.zurbrueggen.de\\\/magazin\\\/wp-content\\\/uploads\\\/2016\\\/07\\\/logo_zurbrueggen.png\",\"contentUrl\":\"https:\\\/\\\/www.zurbrueggen.de\\\/magazin\\\/wp-content\\\/uploads\\\/2016\\\/07\\\/logo_zurbrueggen.png\",\"width\":400,\"height\":107,\"caption\":\"Zurbr\u00fcggen Wohn-Zentrum GmbH\"},\"image\":{\"@id\":\"https:\\\/\\\/www.zurbrueggen.de\\\/magazin\\\/#\\\/schema\\\/logo\\\/image\\\/\"},\"sameAs\":[\"https:\\\/\\\/facebook.com\\\/zurbrueggen\",\"https:\\\/\\\/x.com\\\/Zurbrueggen\"]},{\"@type\":\"Person\",\"@id\":\"https:\\\/\\\/www.zurbrueggen.de\\\/magazin\\\/#\\\/schema\\\/person\\\/07170b1da6f7876ac78e450b9a3ed3d6\",\"name\":\"Linda Wolfgart\",\"image\":{\"@type\":\"ImageObject\",\"inLanguage\":\"de\",\"@id\":\"https:\\\/\\\/secure.gravatar.com\\\/avatar\\\/f84173980fbd4382d8c0ae77c07dbf27a65219dbdadb5b039dab209120bb5c55?s=96&d=mm&r=g\",\"url\":\"https:\\\/\\\/secure.gravatar.com\\\/avatar\\\/f84173980fbd4382d8c0ae77c07dbf27a65219dbdadb5b039dab209120bb5c55?s=96&d=mm&r=g\",\"contentUrl\":\"https:\\\/\\\/secure.gravatar.com\\\/avatar\\\/f84173980fbd4382d8c0ae77c07dbf27a65219dbdadb5b039dab209120bb5c55?s=96&d=mm&r=g\",\"caption\":\"Linda Wolfgart\"},\"url\":\"https:\\\/\\\/www.zurbrueggen.de\\\/magazin\\\/author\\\/l_junowicz\\\/\"}]}<\/script>\n<!-- \/ Yoast SEO plugin. -->","yoast_head_json":{"title":"Esszimmer einrichten \u2013 so wird\u2018s sch\u00f6n gem\u00fctlich","description":"Beim Einrichten des Esszimmers gibt es von Tisch bis Wandfarbe jede Menge zu beachten. Wir zeigen, wie Sie es sich im Esszimmer richtig bequem machen!","robots":{"index":"index","follow":"follow","max-snippet":"max-snippet:-1","max-image-preview":"max-image-preview:large","max-video-preview":"max-video-preview:-1"},"canonical":"https:\/\/www.zurbrueggen.de\/magazin\/esszimmer-einrichten\/","og_locale":"de_DE","og_type":"article","og_title":"Esszimmer einrichten \u2013 so wird\u2018s sch\u00f6n gem\u00fctlich","og_description":"Beim Esszimmereinrichten gibt es von Tisch bis Wandfarbe jede Menge zu beachten. Wir zeigen, wie Sie es sich im Esszimmer richtig bequem machen!","og_url":"https:\/\/www.zurbrueggen.de\/magazin\/esszimmer-einrichten\/","og_site_name":"Zurbr\u00fcggen magazin","article_publisher":"https:\/\/facebook.com\/zurbrueggen","article_published_time":"2020-08-17T10:56:11+00:00","article_modified_time":"2020-08-20T12:17:40+00:00","og_image":[{"width":1200,"height":675,"url":"https:\/\/www.zurbrueggen.de\/magazin\/wp-content\/uploads\/2020\/08\/magazin-beitragsbild-2-cta-m-esszimmer-einrichten.jpg","type":"image\/jpeg"}],"author":"Linda Wolfgart","schema":{"@context":"https:\/\/schema.org","@graph":[{"@type":"Article","@id":"https:\/\/www.zurbrueggen.de\/magazin\/esszimmer-einrichten\/#article","isPartOf":{"@id":"https:\/\/www.zurbrueggen.de\/magazin\/esszimmer-einrichten\/"},"author":{"name":"Linda Wolfgart","@id":"https:\/\/www.zurbrueggen.de\/magazin\/#\/schema\/person\/07170b1da6f7876ac78e450b9a3ed3d6"},"headline":"Esszimmer einrichten \u2013 so wird es gem\u00fctlich!","datePublished":"2020-08-17T10:56:11+00:00","dateModified":"2020-08-20T12:17:40+00:00","mainEntityOfPage":{"@id":"https:\/\/www.zurbrueggen.de\/magazin\/esszimmer-einrichten\/"},"wordCount":835,"commentCount":0,"publisher":{"@id":"https:\/\/www.zurbrueggen.de\/magazin\/#organization"},"image":{"@id":"https:\/\/www.zurbrueggen.de\/magazin\/esszimmer-einrichten\/#primaryimage"},"thumbnailUrl":"https:\/\/www.zurbrueggen.de\/magazin\/wp-content\/uploads\/2020\/08\/magazin-beitragsbild-2-cta-m-esszimmer-einrichten.jpg","articleSection":["Alle Artikel","Wohnstil","zuhause"],"inLanguage":"de","potentialAction":[{"@type":"CommentAction","name":"Comment","target":["https:\/\/www.zurbrueggen.de\/magazin\/esszimmer-einrichten\/#respond"]}]},{"@type":"WebPage","@id":"https:\/\/www.zurbrueggen.de\/magazin\/esszimmer-einrichten\/","url":"https:\/\/www.zurbrueggen.de\/magazin\/esszimmer-einrichten\/","name":"Esszimmer einrichten \u2013 so wird\u2018s sch\u00f6n gem\u00fctlich","isPartOf":{"@id":"https:\/\/www.zurbrueggen.de\/magazin\/#website"},"primaryImageOfPage":{"@id":"https:\/\/www.zurbrueggen.de\/magazin\/esszimmer-einrichten\/#primaryimage"},"image":{"@id":"https:\/\/www.zurbrueggen.de\/magazin\/esszimmer-einrichten\/#primaryimage"},"thumbnailUrl":"https:\/\/www.zurbrueggen.de\/magazin\/wp-content\/uploads\/2020\/08\/magazin-beitragsbild-2-cta-m-esszimmer-einrichten.jpg","datePublished":"2020-08-17T10:56:11+00:00","dateModified":"2020-08-20T12:17:40+00:00","description":"Beim Einrichten des Esszimmers gibt es von Tisch bis Wandfarbe jede Menge zu beachten. Wir zeigen, wie Sie es sich im Esszimmer richtig bequem machen!","breadcrumb":{"@id":"https:\/\/www.zurbrueggen.de\/magazin\/esszimmer-einrichten\/#breadcrumb"},"inLanguage":"de","potentialAction":[{"@type":"ReadAction","target":["https:\/\/www.zurbrueggen.de\/magazin\/esszimmer-einrichten\/"]}]},{"@type":"ImageObject","inLanguage":"de","@id":"https:\/\/www.zurbrueggen.de\/magazin\/esszimmer-einrichten\/#primaryimage","url":"https:\/\/www.zurbrueggen.de\/magazin\/wp-content\/uploads\/2020\/08\/magazin-beitragsbild-2-cta-m-esszimmer-einrichten.jpg","contentUrl":"https:\/\/www.zurbrueggen.de\/magazin\/wp-content\/uploads\/2020\/08\/magazin-beitragsbild-2-cta-m-esszimmer-einrichten.jpg","width":1200,"height":675},{"@type":"BreadcrumbList","@id":"https:\/\/www.zurbrueggen.de\/magazin\/esszimmer-einrichten\/#breadcrumb","itemListElement":[{"@type":"ListItem","position":1,"name":"Startseite","item":"https:\/\/www.zurbrueggen.de\/magazin\/"},{"@type":"ListItem","position":2,"name":"Esszimmer einrichten \u2013 so wird es gem\u00fctlich!"}]},{"@type":"WebSite","@id":"https:\/\/www.zurbrueggen.de\/magazin\/#website","url":"https:\/\/www.zurbrueggen.de\/magazin\/","name":"Zurbr\u00fcggen magazin","description":"DESIGN \u2022 STYLE \u2022 LIVING","publisher":{"@id":"https:\/\/www.zurbrueggen.de\/magazin\/#organization"},"potentialAction":[{"@type":"SearchAction","target":{"@type":"EntryPoint","urlTemplate":"https:\/\/www.zurbrueggen.de\/magazin\/?s={search_term_string}"},"query-input":{"@type":"PropertyValueSpecification","valueRequired":true,"valueName":"search_term_string"}}],"inLanguage":"de"},{"@type":"Organization","@id":"https:\/\/www.zurbrueggen.de\/magazin\/#organization","name":"Zurbr\u00fcggen Wohn-Zentrum GmbH","url":"https:\/\/www.zurbrueggen.de\/magazin\/","logo":{"@type":"ImageObject","inLanguage":"de","@id":"https:\/\/www.zurbrueggen.de\/magazin\/#\/schema\/logo\/image\/","url":"https:\/\/www.zurbrueggen.de\/magazin\/wp-content\/uploads\/2016\/07\/logo_zurbrueggen.png","contentUrl":"https:\/\/www.zurbrueggen.de\/magazin\/wp-content\/uploads\/2016\/07\/logo_zurbrueggen.png","width":400,"height":107,"caption":"Zurbr\u00fcggen Wohn-Zentrum GmbH"},"image":{"@id":"https:\/\/www.zurbrueggen.de\/magazin\/#\/schema\/logo\/image\/"},"sameAs":["https:\/\/facebook.com\/zurbrueggen","https:\/\/x.com\/Zurbrueggen"]},{"@type":"Person","@id":"https:\/\/www.zurbrueggen.de\/magazin\/#\/schema\/person\/07170b1da6f7876ac78e450b9a3ed3d6","name":"Linda Wolfgart","image":{"@type":"ImageObject","inLanguage":"de","@id":"https:\/\/secure.gravatar.com\/avatar\/f84173980fbd4382d8c0ae77c07dbf27a65219dbdadb5b039dab209120bb5c55?s=96&d=mm&r=g","url":"https:\/\/secure.gravatar.com\/avatar\/f84173980fbd4382d8c0ae77c07dbf27a65219dbdadb5b039dab209120bb5c55?s=96&d=mm&r=g","contentUrl":"https:\/\/secure.gravatar.com\/avatar\/f84173980fbd4382d8c0ae77c07dbf27a65219dbdadb5b039dab209120bb5c55?s=96&d=mm&r=g","caption":"Linda Wolfgart"},"url":"https:\/\/www.zurbrueggen.de\/magazin\/author\/l_junowicz\/"}]}},"_links":{"self":[{"href":"https:\/\/www.zurbrueggen.de\/magazin\/wp-json\/wp\/v2\/posts\/5432","targetHints":{"allow":["GET"]}}],"collection":[{"href":"https:\/\/www.zurbrueggen.de\/magazin\/wp-json\/wp\/v2\/posts"}],"about":[{"href":"https:\/\/www.zurbrueggen.de\/magazin\/wp-json\/wp\/v2\/types\/post"}],"author":[{"embeddable":true,"href":"https:\/\/www.zurbrueggen.de\/magazin\/wp-json\/wp\/v2\/users\/20"}],"replies":[{"embeddable":true,"href":"https:\/\/www.zurbrueggen.de\/magazin\/wp-json\/wp\/v2\/comments?post=5432"}],"version-history":[{"count":41,"href":"https:\/\/www.zurbrueggen.de\/magazin\/wp-json\/wp\/v2\/posts\/5432\/revisions"}],"predecessor-version":[{"id":5492,"href":"https:\/\/www.zurbrueggen.de\/magazin\/wp-json\/wp\/v2\/posts\/5432\/revisions\/5492"}],"wp:featuredmedia":[{"embeddable":true,"href":"https:\/\/www.zurbrueggen.de\/magazin\/wp-json\/wp\/v2\/media\/5454"}],"wp:attachment":[{"href":"https:\/\/www.zurbrueggen.de\/magazin\/wp-json\/wp\/v2\/media?parent=5432"}],"wp:term":[{"taxonomy":"category","embeddable":true,"href":"https:\/\/www.zurbrueggen.de\/magazin\/wp-json\/wp\/v2\/categories?post=5432"},{"taxonomy":"post_tag","embeddable":true,"href":"https:\/\/www.zurbrueggen.de\/magazin\/wp-json\/wp\/v2\/tags?post=5432"}],"curies":[{"name":"wp","href":"https:\/\/api.w.org\/{rel}","templated":true}]}}