{"id":5181,"date":"2020-02-12T10:24:54","date_gmt":"2020-02-12T09:24:54","guid":{"rendered":"https:\/\/www.zurbrueggen.de\/magazin\/?p=5181"},"modified":"2020-02-12T10:55:01","modified_gmt":"2020-02-12T09:55:01","slug":"imm-cologne-2020","status":"publish","type":"post","link":"https:\/\/www.zurbrueggen.de\/magazin\/imm-cologne-2020\/","title":{"rendered":"M\u00f6belmesse imm Cologne 2020"},"content":{"rendered":"<div class=\"mceTemp\"><\/div>\n<p><span class=\"vorschau\" style=\"font-family: 'Roboto Slab'; font-size: 22px; line-height: 34px; font-weight: 300; margin-top: 40px;\">Wie wohnen wir zuk\u00fcnftig? Dem Wunsch nach Naturn\u00e4he steht das Gebot der Platzoptimierung aufgrund zunehmender Urbanisierung gegen\u00fcber. Nachhaltigkeit und Klimaschutz \u2013 diese Themen bewegen gerade alle und beeinflussen auch das Wohnen. Die Internationale M\u00f6belmesse imm 2020 in K\u00f6ln entwickelte f\u00fcr die knapp 130.000 Besucher in Themenwelten und auf Trendfl\u00e4chen Ideen f\u00fcr das Zuhause der Zukunft. <\/span><\/p>\n<p><!--more--><\/p>\n<p>&nbsp;<\/p>\n<p><span class=\"subheading\" style=\"font-family: 'Roboto Slab', sans-serif; font-size: 20px; margin-top: 40px; font-weight: 400; text-transform: none;\">Grenzenlos und hybrid<\/span><\/p>\n<p><span class=\"fliesstext\" style=\"font-family: Roboto, sans-serif; font-size: 16px; line-height: 24px; font-weight: 400;\">Allj\u00e4hrlich pr\u00e4sentiert ein Ehrengast der imm seine Vision des Hauses der Zukunft. Das spanische Designerteam MUT machte 2020 mit dem begehbaren Entwurf \u00bbA la Fresca\u00ab (An die frische Luft) den wohnlichen \u00dcbergang von Innen nach Au\u00dfen erlebbar: Abgesehen von wenigen R\u00fcckzugsorten im Kernbereich der Wohnung, \u00f6ffnen sich die umliegenden R\u00e4ume mit zimmerhohen Fenstern zum Licht und zur Natur. Ihre Nutzung ist entgrenzt und variabel: <\/span><\/p>\n<p><span class=\"fliesstext\" style=\"font-family: Roboto, sans-serif; font-size: 16px; line-height: 24px; font-weight: 400;\">Lebensbereiche gehen flie\u00dfend ineinander \u00fcber oder vereinen sich, werden von Singles oder Gemeinschaften bewohnt. Innen und Au\u00dfen verschmelzen, beides wird gleichwertig genutzt und best\u00fcckt. Die M\u00f6bel dazu sind multifunktional, hier wie dort nutzbar und ebenso wohnlich gestaltet wie wetterfest. Hochwertige M\u00f6bel f\u00fcr den sommerlichen Au\u00dfenbereich sorgen im Winter im Inneren f\u00fcr ein behagliches Wohngef\u00fchl. <\/span><\/p>\n<p><img loading=\"lazy\" decoding=\"async\" class=\"aligncenter wp-image-5185 size-full\" src=\"https:\/\/www.zurbrueggen.de\/magazin\/wp-content\/uploads\/2020\/02\/magazin-beitragsbild-5-mit-m-imm-2020.jpg\" alt=\"\" width=\"1200\" height=\"675\" srcset=\"https:\/\/www.zurbrueggen.de\/magazin\/wp-content\/uploads\/2020\/02\/magazin-beitragsbild-5-mit-m-imm-2020.jpg 1200w, https:\/\/www.zurbrueggen.de\/magazin\/wp-content\/uploads\/2020\/02\/magazin-beitragsbild-5-mit-m-imm-2020-300x169.jpg 300w, https:\/\/www.zurbrueggen.de\/magazin\/wp-content\/uploads\/2020\/02\/magazin-beitragsbild-5-mit-m-imm-2020-1024x576.jpg 1024w, https:\/\/www.zurbrueggen.de\/magazin\/wp-content\/uploads\/2020\/02\/magazin-beitragsbild-5-mit-m-imm-2020-768x432.jpg 768w, https:\/\/www.zurbrueggen.de\/magazin\/wp-content\/uploads\/2020\/02\/magazin-beitragsbild-5-mit-m-imm-2020-665x374.jpg 665w, https:\/\/www.zurbrueggen.de\/magazin\/wp-content\/uploads\/2020\/02\/magazin-beitragsbild-5-mit-m-imm-2020-462x260.jpg 462w\" sizes=\"auto, (max-width: 1200px) 100vw, 1200px\" \/><\/p>\n<p>&nbsp;<\/p>\n<p><span class=\"subheading\" style=\"font-family: 'Roboto Slab', sans-serif; font-size: 20px; margin-top: 40px; font-weight: 400; text-transform: none;\">Naturnah und \u00f6kologisch<\/span><\/p>\n<p><span class=\"fliesstext\" style=\"font-family: Roboto, sans-serif; font-size: 16px; line-height: 24px; font-weight: 400;\">M\u00f6belk\u00e4ufer wollen ihren Beitrag zum Klimaschutz leisten und sind auch im Hinblick auf die Folgegenerationen nur zu gern bereit, Geld f\u00fcr Mehrwert auszugeben. Sie fragen ausdr\u00fccklich nach der Geschichte hinter dem M\u00f6belst\u00fcck: Wurde das Material \u00f6kologisch angebaut, wurde umweltschonend produziert, ist das St\u00fcck langlebig und wiederverwertbar? <\/span><\/p>\n<p><span class=\"fliesstext\" style=\"font-family: Roboto, sans-serif; font-size: 16px; line-height: 24px; font-weight: 400;\">Nat\u00fcrliche oder naturnahe Materialien wie massives Vollholz aus nachhaltigem Anbau, robuster, schnellw\u00fcchsiger Bambus, Rattan, Weide, Sisal, Seegras, Kokos, Kork oder verst\u00e4rktes Recycling-Papier erf\u00fcllen diese W\u00fcnsche. Schlicht-sch\u00f6nes Wiener Geflecht aus Rohr erlebt just eine Renaissance und veredelt die Ausstattung. <\/span><\/p>\n<p><img loading=\"lazy\" decoding=\"async\" class=\"aligncenter wp-image-5190 size-full\" src=\"https:\/\/www.zurbrueggen.de\/magazin\/wp-content\/uploads\/2020\/02\/magazin-beitragsbild-9-mit-m-imm-2020.jpg\" alt=\"\" width=\"1200\" height=\"675\" srcset=\"https:\/\/www.zurbrueggen.de\/magazin\/wp-content\/uploads\/2020\/02\/magazin-beitragsbild-9-mit-m-imm-2020.jpg 1200w, https:\/\/www.zurbrueggen.de\/magazin\/wp-content\/uploads\/2020\/02\/magazin-beitragsbild-9-mit-m-imm-2020-300x169.jpg 300w, https:\/\/www.zurbrueggen.de\/magazin\/wp-content\/uploads\/2020\/02\/magazin-beitragsbild-9-mit-m-imm-2020-1024x576.jpg 1024w, https:\/\/www.zurbrueggen.de\/magazin\/wp-content\/uploads\/2020\/02\/magazin-beitragsbild-9-mit-m-imm-2020-768x432.jpg 768w, https:\/\/www.zurbrueggen.de\/magazin\/wp-content\/uploads\/2020\/02\/magazin-beitragsbild-9-mit-m-imm-2020-665x374.jpg 665w, https:\/\/www.zurbrueggen.de\/magazin\/wp-content\/uploads\/2020\/02\/magazin-beitragsbild-9-mit-m-imm-2020-462x260.jpg 462w\" sizes=\"auto, (max-width: 1200px) 100vw, 1200px\" \/><\/p>\n<p><span class=\"fliesstext\" style=\"font-family: Roboto, sans-serif; font-size: 16px; line-height: 24px; font-weight: 400;\">Beste Produktqualit\u00e4t garantiert trotz intensiver Nutzung eine lange Lebensdauer und manche Zweitnutzung. Sie und zeitlos \u00e4sthetisches Design machen attraktive und noch nach vielen Jahren funktionst\u00fcchtige M\u00f6bel immer wieder neu konfigurierbar: Auch das ist nachhaltig. <span class=\"fliesstext\" style=\"font-family: Roboto, sans-serif; font-size: 16px; line-height: 24px; font-weight: 400;\"><span class=\"fliesstext\" style=\"font-family: Roboto, sans-serif; font-size: 16px; line-height: 24px; font-weight: 400;\"><a href=\" https:\/\/www.zurbrueggen.de\/shop\/deko-textil\/textilien.html\">Heimtextilien<\/a> aus Leinen oder Baumwolle in Bio-Qualit\u00e4t und Pflanzen als Raumklima-Optimierer und Gestaltungselemente tragen der neuen Wertsch\u00e4tzung der Natur Rechnung. <\/span><\/span><\/span><\/p>\n<p>&nbsp;<\/p>\n<p><span class=\"subheading\" style=\"font-family: 'Roboto Slab', sans-serif; font-size: 20px; margin-top: 40px; font-weight: 400; text-transform: none;\">Mehrfach effizient<\/span><\/p>\n<p><span class=\"fliesstext\" style=\"font-family: Roboto, sans-serif; font-size: 16px; line-height: 24px; font-weight: 400;\">Bezahlbarer Wohnraum wird immer knapper \u2013 und verlangt nach platzsparenden, multifunktionalen M\u00f6beln. Sie passen sich wechselnden Bed\u00fcrfnissen an: Aus dem <span class=\"fliesstext\" style=\"font-family: Roboto, sans-serif; font-size: 16px; line-height: 24px; font-weight: 400;\"><span class=\"fliesstext\" style=\"font-family: Roboto, sans-serif; font-size: 16px; line-height: 24px; font-weight: 400;\"><a href=\"https:\/\/www.zurbrueggen.de\/shop\/moebel\/wohnzimmer\/sofa-couch.html\">Sofa<\/a> wird im Handumdrehen ein <span class=\"fliesstext\" style=\"font-family: Roboto, sans-serif; font-size: 16px; line-height: 24px; font-weight: 400;\"><span class=\"fliesstext\" style=\"font-family: Roboto, sans-serif; font-size: 16px; line-height: 24px; font-weight: 400;\"><a href=\"https:\/\/www.zurbrueggen.de\/shop\/moebel\/schlafzimmer\/betten.html\">Bett,<\/a> der verstellbare <span class=\"fliesstext\" style=\"font-family: Roboto, sans-serif; font-size: 16px; line-height: 24px; font-weight: 400;\"><span class=\"fliesstext\" style=\"font-family: Roboto, sans-serif; font-size: 16px; line-height: 24px; font-weight: 400;\"><a href=\"https:\/\/www.zurbrueggen.de\/shop\/moebel\/esszimmer\/esstische.html \">Tisch<\/a> dient zum Essen, Arbeiten und Spiele. Variable Systemm\u00f6bel, ebenso Konsolen oder Sideboards mit viel cleverem Stauraum schaffen Ordnung und \u00e4ndern ihre Funktion bei Umzug oder je nach Nutzung. Qualit\u00e4t statt Quantit\u00e4t ist die Devise: Zur Grundausstattung kommen hochwertige Einzelst\u00fccke \u2013 solche It-Pieces machen lange Freude und sind zugleich Statements der Bewohner. <\/span><\/span><\/span><\/span><\/span><\/span><\/span><\/p>\n<p><img loading=\"lazy\" decoding=\"async\" class=\"aligncenter wp-image-5187 size-full\" src=\"https:\/\/www.zurbrueggen.de\/magazin\/wp-content\/uploads\/2020\/02\/magazin-beitragsbild-6-mit-m-imm-2020.jpg\" alt=\"\" width=\"1200\" height=\"675\" srcset=\"https:\/\/www.zurbrueggen.de\/magazin\/wp-content\/uploads\/2020\/02\/magazin-beitragsbild-6-mit-m-imm-2020.jpg 1200w, https:\/\/www.zurbrueggen.de\/magazin\/wp-content\/uploads\/2020\/02\/magazin-beitragsbild-6-mit-m-imm-2020-300x169.jpg 300w, https:\/\/www.zurbrueggen.de\/magazin\/wp-content\/uploads\/2020\/02\/magazin-beitragsbild-6-mit-m-imm-2020-1024x576.jpg 1024w, https:\/\/www.zurbrueggen.de\/magazin\/wp-content\/uploads\/2020\/02\/magazin-beitragsbild-6-mit-m-imm-2020-768x432.jpg 768w, https:\/\/www.zurbrueggen.de\/magazin\/wp-content\/uploads\/2020\/02\/magazin-beitragsbild-6-mit-m-imm-2020-665x374.jpg 665w, https:\/\/www.zurbrueggen.de\/magazin\/wp-content\/uploads\/2020\/02\/magazin-beitragsbild-6-mit-m-imm-2020-462x260.jpg 462w\" sizes=\"auto, (max-width: 1200px) 100vw, 1200px\" \/><\/p>\n<p><span class=\"fliesstext\" style=\"font-family: Roboto, sans-serif; font-size: 16px; line-height: 24px; font-weight: 400;\">Kleine, kompakte Zweisitzer oder <span class=\"fliesstext\" style=\"font-family: Roboto, sans-serif; font-size: 16px; line-height: 24px; font-weight: 400;\"><span class=\"fliesstext\" style=\"font-family: Roboto, sans-serif; font-size: 16px; line-height: 24px; font-weight: 400;\"><a href=\"https:\/\/www.zurbrueggen.de\/shop\/moebel\/wohnzimmer\/sessel.html \">Sessel<\/a> mit organisch runden Formen bringen Ruhe und Geborgenheit in den Raum. Trennen Sie sich von allem \u00dcberfl\u00fcssigen, denn all das wirkt am besten in aufger\u00e4umten R\u00e4umen mit wenig ausgesuchten <span class=\"fliesstext\" style=\"font-family: Roboto, sans-serif; font-size: 16px; line-height: 24px; font-weight: 400;\"><span class=\"fliesstext\" style=\"font-family: Roboto, sans-serif; font-size: 16px; line-height: 24px; font-weight: 400;\"><a href=\"https:\/\/www.zurbrueggen.de\/shop\/haushalt\/accessoires.html\">Accessoires<\/a> in reduziertem Design. So entsteht ein wenig Loft-Feeling auch im Klein-Apartment! <\/span><\/span><\/span><\/span><\/span><\/p>\n<p><span class=\"fliesstext\" style=\"font-family: Roboto, sans-serif; font-size: 16px; line-height: 24px; font-weight: 400;\">Smarte Technik im Heim sorgt f\u00fcr optimale Energienutzung und damit f\u00fcr ein gutes Raumklima, mit der Tageszeit angepasster Beleuchtung f\u00fcr Wohlbefinden. Und spart durch vereinfachte Arbeitsabl\u00e4ufe auch die Energie der Bewohner \u2026<\/span><\/p>\n<p>&nbsp;<\/p>\n<p><span class=\"subheading\" style=\"font-family: 'Roboto Slab', sans-serif; font-size: 20px; margin-top: 40px; font-weight: 400; text-transform: none;\">Neu geerdet<\/span><\/p>\n<p><span class=\"fliesstext\" style=\"font-family: Roboto, sans-serif; font-size: 16px; line-height: 24px; font-weight: 400;\">Sanfte, erdige Braunt\u00f6ne sind zeitlos wertig, neutral kombinierbar und gem\u00fctlich. T\u00f6ne wie Sand, Lehm, Weizen, Camel, Mooreiche, Nougat, Cognac oder Terrakotta Schm\u00fccken die Ausstattung und verleihen wieder Bodenhaftung. Gr\u00fcn in allen Schattierungen, tiefe Blaut\u00f6ne wie die Pantone-Farbe des Jahres \u00bbClassic Blue\u00ab als Farbe des Wassers, sattes Rostrot, Aubergine, Koralle oder blumige Pastellt\u00f6ne setzen harmonische, warme Akzente. Tapeten, Teppiche, Zementfliesen oder Kissen zieren Pflanzenmotive und florale Elemente.<\/span><br \/>\n<img loading=\"lazy\" decoding=\"async\" class=\"aligncenter wp-image-5188 size-full\" src=\"https:\/\/www.zurbrueggen.de\/magazin\/wp-content\/uploads\/2020\/02\/magazin-beitragsbild-4-mit-m-imm-2020.jpg\" alt=\"\" width=\"1200\" height=\"675\" srcset=\"https:\/\/www.zurbrueggen.de\/magazin\/wp-content\/uploads\/2020\/02\/magazin-beitragsbild-4-mit-m-imm-2020.jpg 1200w, https:\/\/www.zurbrueggen.de\/magazin\/wp-content\/uploads\/2020\/02\/magazin-beitragsbild-4-mit-m-imm-2020-300x169.jpg 300w, https:\/\/www.zurbrueggen.de\/magazin\/wp-content\/uploads\/2020\/02\/magazin-beitragsbild-4-mit-m-imm-2020-1024x576.jpg 1024w, https:\/\/www.zurbrueggen.de\/magazin\/wp-content\/uploads\/2020\/02\/magazin-beitragsbild-4-mit-m-imm-2020-768x432.jpg 768w, https:\/\/www.zurbrueggen.de\/magazin\/wp-content\/uploads\/2020\/02\/magazin-beitragsbild-4-mit-m-imm-2020-665x374.jpg 665w, https:\/\/www.zurbrueggen.de\/magazin\/wp-content\/uploads\/2020\/02\/magazin-beitragsbild-4-mit-m-imm-2020-462x260.jpg 462w\" sizes=\"auto, (max-width: 1200px) 100vw, 1200px\" \/><\/p>\n<p><span class=\"fliesstext\" style=\"font-family: Roboto, sans-serif; font-size: 16px; line-height: 24px; font-weight: 400;\">Seinen Stil bestimmt jeder selbst oder kombiniert geschickt, ist doch mit den neuen M\u00f6beln guten Gewissens alles m\u00f6glich. Klar strukturierte wei\u00dfe Systemm\u00f6bel als Basics erinnern an die Tradition des Bauhauses, M\u00f6bel im schlicht-gef\u00e4lligen Scandi-Look stehen in Material und Farbigkeit f\u00fcr Naturn\u00e4he. <\/span><\/p>\n<p><span class=\"fliesstext\" style=\"font-family: Roboto, sans-serif; font-size: 16px; line-height: 24px; font-weight: 400;\">Wer etwas Opulenz und Glamour in den Raum bringen will, macht formal Anleihen beim <span class=\"fliesstext\" style=\"font-family: Roboto, sans-serif; font-size: 16px; line-height: 24px; font-weight: 400;\"><span class=\"fliesstext\" style=\"font-family: Roboto, sans-serif; font-size: 16px; line-height: 24px; font-weight: 400;\"><a href=\"https:\/\/www.zurbrueggen.de\/magazin\/wohnen-in-art-deco-2\/ \">Art d\u00e9co<\/a> \u2013 und bei Marmor, Glas oder Leder, aufgepeppt mit Gold- oder Messingt\u00f6nen, handelt es sich schlie\u00dflich auch um Naturmaterialien. <\/span><\/span><\/span><\/p>\n<p><span class=\"fliesstext\" style=\"font-family: Roboto, sans-serif; font-size: 16px; line-height: 24px; font-weight: 400;\">Hochwertige M\u00f6bel sind Ausdruck unseres Umweltbewusstseins. Sie leisten einen Beitrag zu einer verantwortungsvoll gestalteten Zukunft und steigern die Lebensqualit\u00e4t \u2013 denn nat\u00fcrlich lebt es sich einfach besser. <\/span><\/p>\n","protected":false},"excerpt":{"rendered":"<p>Wie wohnen wir zuk\u00fcnftig? Dem Wunsch nach Naturn\u00e4he steht das Gebot der Platzoptimierung aufgrund zunehmender Urbanisierung gegen\u00fcber. Nachhaltigkeit und Klimaschutz \u2013 diese Themen bewegen gerade alle und beeinflussen auch das Wohnen. Die Internationale M\u00f6belmesse imm 2020 in K\u00f6ln entwickelte f\u00fcr die knapp 130.000 Besucher in Themenwelten und auf Trendfl\u00e4chen Ideen f\u00fcr das Zuhause der Zukunft.<\/p>\n","protected":false},"author":20,"featured_media":5182,"comment_status":"open","ping_status":"open","sticky":false,"template":"","format":"standard","meta":{"_acf_changed":false,"footnotes":""},"categories":[1,32,27],"tags":[],"class_list":["post-5181","post","type-post","status-publish","format-standard","has-post-thumbnail","hentry","category-alle-artikel","category-trend","category-trends-und-wissen"],"acf":[],"yoast_head":"<!-- This site is optimized with the Yoast SEO plugin v27.4 - https:\/\/yoast.com\/product\/yoast-seo-wordpress\/ -->\n<title>imm cologne 2020<\/title>\n<meta name=\"description\" content=\"Wie wohnen wir zuk\u00fcnftig? Dem Wunsch nach Naturn\u00e4he steht das Gebot der Platzoptimierung aufgrund zunehmender Urbanisierung gegen\u00fcber\" \/>\n<meta name=\"robots\" content=\"index, follow, max-snippet:-1, max-image-preview:large, max-video-preview:-1\" \/>\n<link rel=\"canonical\" href=\"https:\/\/www.zurbrueggen.de\/magazin\/imm-cologne-2020\/\" \/>\n<meta property=\"og:locale\" content=\"de_DE\" \/>\n<meta property=\"og:type\" content=\"article\" \/>\n<meta property=\"og:title\" content=\"imm cologne 2020\" \/>\n<meta property=\"og:description\" content=\"Wie wohnen wir zuk\u00fcnftig? Dem Wunsch nach Naturn\u00e4he steht das Gebot der Platzoptimierung aufgrund zunehmender Urbanisierung gegen\u00fcber\" \/>\n<meta property=\"og:url\" content=\"https:\/\/www.zurbrueggen.de\/magazin\/imm-cologne-2020\/\" \/>\n<meta property=\"og:site_name\" content=\"Zurbr\u00fcggen magazin\" \/>\n<meta property=\"article:publisher\" content=\"https:\/\/facebook.com\/zurbrueggen\" \/>\n<meta property=\"article:published_time\" content=\"2020-02-12T09:24:54+00:00\" \/>\n<meta property=\"article:modified_time\" content=\"2020-02-12T09:55:01+00:00\" \/>\n<meta property=\"og:image\" content=\"https:\/\/www.zurbrueggen.de\/magazin\/wp-content\/uploads\/2020\/02\/magazin-beitragsbild-2-mit-cta-imm-2020.jpg\" \/>\n\t<meta property=\"og:image:width\" content=\"1200\" \/>\n\t<meta property=\"og:image:height\" content=\"675\" \/>\n\t<meta property=\"og:image:type\" content=\"image\/jpeg\" \/>\n<meta name=\"author\" content=\"Linda Wolfgart\" \/>\n<script type=\"application\/ld+json\" class=\"yoast-schema-graph\">{\"@context\":\"https:\\\/\\\/schema.org\",\"@graph\":[{\"@type\":\"Article\",\"@id\":\"https:\\\/\\\/www.zurbrueggen.de\\\/magazin\\\/imm-cologne-2020\\\/#article\",\"isPartOf\":{\"@id\":\"https:\\\/\\\/www.zurbrueggen.de\\\/magazin\\\/imm-cologne-2020\\\/\"},\"author\":{\"name\":\"Linda Wolfgart\",\"@id\":\"https:\\\/\\\/www.zurbrueggen.de\\\/magazin\\\/#\\\/schema\\\/person\\\/07170b1da6f7876ac78e450b9a3ed3d6\"},\"headline\":\"M\u00f6belmesse imm Cologne 2020\",\"datePublished\":\"2020-02-12T09:24:54+00:00\",\"dateModified\":\"2020-02-12T09:55:01+00:00\",\"mainEntityOfPage\":{\"@id\":\"https:\\\/\\\/www.zurbrueggen.de\\\/magazin\\\/imm-cologne-2020\\\/\"},\"wordCount\":721,\"commentCount\":0,\"publisher\":{\"@id\":\"https:\\\/\\\/www.zurbrueggen.de\\\/magazin\\\/#organization\"},\"image\":{\"@id\":\"https:\\\/\\\/www.zurbrueggen.de\\\/magazin\\\/imm-cologne-2020\\\/#primaryimage\"},\"thumbnailUrl\":\"https:\\\/\\\/www.zurbrueggen.de\\\/magazin\\\/wp-content\\\/uploads\\\/2020\\\/02\\\/magazin-beitragsbild-2-mit-cta-imm-2020.jpg\",\"articleSection\":[\"Alle Artikel\",\"trend\",\"Trends &amp; Wissen\"],\"inLanguage\":\"de\",\"potentialAction\":[{\"@type\":\"CommentAction\",\"name\":\"Comment\",\"target\":[\"https:\\\/\\\/www.zurbrueggen.de\\\/magazin\\\/imm-cologne-2020\\\/#respond\"]}]},{\"@type\":\"WebPage\",\"@id\":\"https:\\\/\\\/www.zurbrueggen.de\\\/magazin\\\/imm-cologne-2020\\\/\",\"url\":\"https:\\\/\\\/www.zurbrueggen.de\\\/magazin\\\/imm-cologne-2020\\\/\",\"name\":\"imm cologne 2020\",\"isPartOf\":{\"@id\":\"https:\\\/\\\/www.zurbrueggen.de\\\/magazin\\\/#website\"},\"primaryImageOfPage\":{\"@id\":\"https:\\\/\\\/www.zurbrueggen.de\\\/magazin\\\/imm-cologne-2020\\\/#primaryimage\"},\"image\":{\"@id\":\"https:\\\/\\\/www.zurbrueggen.de\\\/magazin\\\/imm-cologne-2020\\\/#primaryimage\"},\"thumbnailUrl\":\"https:\\\/\\\/www.zurbrueggen.de\\\/magazin\\\/wp-content\\\/uploads\\\/2020\\\/02\\\/magazin-beitragsbild-2-mit-cta-imm-2020.jpg\",\"datePublished\":\"2020-02-12T09:24:54+00:00\",\"dateModified\":\"2020-02-12T09:55:01+00:00\",\"description\":\"Wie wohnen wir zuk\u00fcnftig? Dem Wunsch nach Naturn\u00e4he steht das Gebot der Platzoptimierung aufgrund zunehmender Urbanisierung gegen\u00fcber\",\"breadcrumb\":{\"@id\":\"https:\\\/\\\/www.zurbrueggen.de\\\/magazin\\\/imm-cologne-2020\\\/#breadcrumb\"},\"inLanguage\":\"de\",\"potentialAction\":[{\"@type\":\"ReadAction\",\"target\":[\"https:\\\/\\\/www.zurbrueggen.de\\\/magazin\\\/imm-cologne-2020\\\/\"]}]},{\"@type\":\"ImageObject\",\"inLanguage\":\"de\",\"@id\":\"https:\\\/\\\/www.zurbrueggen.de\\\/magazin\\\/imm-cologne-2020\\\/#primaryimage\",\"url\":\"https:\\\/\\\/www.zurbrueggen.de\\\/magazin\\\/wp-content\\\/uploads\\\/2020\\\/02\\\/magazin-beitragsbild-2-mit-cta-imm-2020.jpg\",\"contentUrl\":\"https:\\\/\\\/www.zurbrueggen.de\\\/magazin\\\/wp-content\\\/uploads\\\/2020\\\/02\\\/magazin-beitragsbild-2-mit-cta-imm-2020.jpg\",\"width\":1200,\"height\":675},{\"@type\":\"BreadcrumbList\",\"@id\":\"https:\\\/\\\/www.zurbrueggen.de\\\/magazin\\\/imm-cologne-2020\\\/#breadcrumb\",\"itemListElement\":[{\"@type\":\"ListItem\",\"position\":1,\"name\":\"Startseite\",\"item\":\"https:\\\/\\\/www.zurbrueggen.de\\\/magazin\\\/\"},{\"@type\":\"ListItem\",\"position\":2,\"name\":\"M\u00f6belmesse imm Cologne 2020\"}]},{\"@type\":\"WebSite\",\"@id\":\"https:\\\/\\\/www.zurbrueggen.de\\\/magazin\\\/#website\",\"url\":\"https:\\\/\\\/www.zurbrueggen.de\\\/magazin\\\/\",\"name\":\"Zurbr\u00fcggen magazin\",\"description\":\"DESIGN \u2022 STYLE \u2022 LIVING\",\"publisher\":{\"@id\":\"https:\\\/\\\/www.zurbrueggen.de\\\/magazin\\\/#organization\"},\"potentialAction\":[{\"@type\":\"SearchAction\",\"target\":{\"@type\":\"EntryPoint\",\"urlTemplate\":\"https:\\\/\\\/www.zurbrueggen.de\\\/magazin\\\/?s={search_term_string}\"},\"query-input\":{\"@type\":\"PropertyValueSpecification\",\"valueRequired\":true,\"valueName\":\"search_term_string\"}}],\"inLanguage\":\"de\"},{\"@type\":\"Organization\",\"@id\":\"https:\\\/\\\/www.zurbrueggen.de\\\/magazin\\\/#organization\",\"name\":\"Zurbr\u00fcggen Wohn-Zentrum GmbH\",\"url\":\"https:\\\/\\\/www.zurbrueggen.de\\\/magazin\\\/\",\"logo\":{\"@type\":\"ImageObject\",\"inLanguage\":\"de\",\"@id\":\"https:\\\/\\\/www.zurbrueggen.de\\\/magazin\\\/#\\\/schema\\\/logo\\\/image\\\/\",\"url\":\"https:\\\/\\\/www.zurbrueggen.de\\\/magazin\\\/wp-content\\\/uploads\\\/2016\\\/07\\\/logo_zurbrueggen.png\",\"contentUrl\":\"https:\\\/\\\/www.zurbrueggen.de\\\/magazin\\\/wp-content\\\/uploads\\\/2016\\\/07\\\/logo_zurbrueggen.png\",\"width\":400,\"height\":107,\"caption\":\"Zurbr\u00fcggen Wohn-Zentrum GmbH\"},\"image\":{\"@id\":\"https:\\\/\\\/www.zurbrueggen.de\\\/magazin\\\/#\\\/schema\\\/logo\\\/image\\\/\"},\"sameAs\":[\"https:\\\/\\\/facebook.com\\\/zurbrueggen\",\"https:\\\/\\\/x.com\\\/Zurbrueggen\"]},{\"@type\":\"Person\",\"@id\":\"https:\\\/\\\/www.zurbrueggen.de\\\/magazin\\\/#\\\/schema\\\/person\\\/07170b1da6f7876ac78e450b9a3ed3d6\",\"name\":\"Linda Wolfgart\",\"image\":{\"@type\":\"ImageObject\",\"inLanguage\":\"de\",\"@id\":\"https:\\\/\\\/secure.gravatar.com\\\/avatar\\\/f84173980fbd4382d8c0ae77c07dbf27a65219dbdadb5b039dab209120bb5c55?s=96&d=mm&r=g\",\"url\":\"https:\\\/\\\/secure.gravatar.com\\\/avatar\\\/f84173980fbd4382d8c0ae77c07dbf27a65219dbdadb5b039dab209120bb5c55?s=96&d=mm&r=g\",\"contentUrl\":\"https:\\\/\\\/secure.gravatar.com\\\/avatar\\\/f84173980fbd4382d8c0ae77c07dbf27a65219dbdadb5b039dab209120bb5c55?s=96&d=mm&r=g\",\"caption\":\"Linda Wolfgart\"},\"url\":\"https:\\\/\\\/www.zurbrueggen.de\\\/magazin\\\/author\\\/l_junowicz\\\/\"}]}<\/script>\n<!-- \/ Yoast SEO plugin. -->","yoast_head_json":{"title":"imm cologne 2020","description":"Wie wohnen wir zuk\u00fcnftig? Dem Wunsch nach Naturn\u00e4he steht das Gebot der Platzoptimierung aufgrund zunehmender Urbanisierung gegen\u00fcber","robots":{"index":"index","follow":"follow","max-snippet":"max-snippet:-1","max-image-preview":"max-image-preview:large","max-video-preview":"max-video-preview:-1"},"canonical":"https:\/\/www.zurbrueggen.de\/magazin\/imm-cologne-2020\/","og_locale":"de_DE","og_type":"article","og_title":"imm cologne 2020","og_description":"Wie wohnen wir zuk\u00fcnftig? Dem Wunsch nach Naturn\u00e4he steht das Gebot der Platzoptimierung aufgrund zunehmender Urbanisierung gegen\u00fcber","og_url":"https:\/\/www.zurbrueggen.de\/magazin\/imm-cologne-2020\/","og_site_name":"Zurbr\u00fcggen magazin","article_publisher":"https:\/\/facebook.com\/zurbrueggen","article_published_time":"2020-02-12T09:24:54+00:00","article_modified_time":"2020-02-12T09:55:01+00:00","og_image":[{"width":1200,"height":675,"url":"https:\/\/www.zurbrueggen.de\/magazin\/wp-content\/uploads\/2020\/02\/magazin-beitragsbild-2-mit-cta-imm-2020.jpg","type":"image\/jpeg"}],"author":"Linda Wolfgart","schema":{"@context":"https:\/\/schema.org","@graph":[{"@type":"Article","@id":"https:\/\/www.zurbrueggen.de\/magazin\/imm-cologne-2020\/#article","isPartOf":{"@id":"https:\/\/www.zurbrueggen.de\/magazin\/imm-cologne-2020\/"},"author":{"name":"Linda Wolfgart","@id":"https:\/\/www.zurbrueggen.de\/magazin\/#\/schema\/person\/07170b1da6f7876ac78e450b9a3ed3d6"},"headline":"M\u00f6belmesse imm Cologne 2020","datePublished":"2020-02-12T09:24:54+00:00","dateModified":"2020-02-12T09:55:01+00:00","mainEntityOfPage":{"@id":"https:\/\/www.zurbrueggen.de\/magazin\/imm-cologne-2020\/"},"wordCount":721,"commentCount":0,"publisher":{"@id":"https:\/\/www.zurbrueggen.de\/magazin\/#organization"},"image":{"@id":"https:\/\/www.zurbrueggen.de\/magazin\/imm-cologne-2020\/#primaryimage"},"thumbnailUrl":"https:\/\/www.zurbrueggen.de\/magazin\/wp-content\/uploads\/2020\/02\/magazin-beitragsbild-2-mit-cta-imm-2020.jpg","articleSection":["Alle Artikel","trend","Trends &amp; Wissen"],"inLanguage":"de","potentialAction":[{"@type":"CommentAction","name":"Comment","target":["https:\/\/www.zurbrueggen.de\/magazin\/imm-cologne-2020\/#respond"]}]},{"@type":"WebPage","@id":"https:\/\/www.zurbrueggen.de\/magazin\/imm-cologne-2020\/","url":"https:\/\/www.zurbrueggen.de\/magazin\/imm-cologne-2020\/","name":"imm cologne 2020","isPartOf":{"@id":"https:\/\/www.zurbrueggen.de\/magazin\/#website"},"primaryImageOfPage":{"@id":"https:\/\/www.zurbrueggen.de\/magazin\/imm-cologne-2020\/#primaryimage"},"image":{"@id":"https:\/\/www.zurbrueggen.de\/magazin\/imm-cologne-2020\/#primaryimage"},"thumbnailUrl":"https:\/\/www.zurbrueggen.de\/magazin\/wp-content\/uploads\/2020\/02\/magazin-beitragsbild-2-mit-cta-imm-2020.jpg","datePublished":"2020-02-12T09:24:54+00:00","dateModified":"2020-02-12T09:55:01+00:00","description":"Wie wohnen wir zuk\u00fcnftig? Dem Wunsch nach Naturn\u00e4he steht das Gebot der Platzoptimierung aufgrund zunehmender Urbanisierung gegen\u00fcber","breadcrumb":{"@id":"https:\/\/www.zurbrueggen.de\/magazin\/imm-cologne-2020\/#breadcrumb"},"inLanguage":"de","potentialAction":[{"@type":"ReadAction","target":["https:\/\/www.zurbrueggen.de\/magazin\/imm-cologne-2020\/"]}]},{"@type":"ImageObject","inLanguage":"de","@id":"https:\/\/www.zurbrueggen.de\/magazin\/imm-cologne-2020\/#primaryimage","url":"https:\/\/www.zurbrueggen.de\/magazin\/wp-content\/uploads\/2020\/02\/magazin-beitragsbild-2-mit-cta-imm-2020.jpg","contentUrl":"https:\/\/www.zurbrueggen.de\/magazin\/wp-content\/uploads\/2020\/02\/magazin-beitragsbild-2-mit-cta-imm-2020.jpg","width":1200,"height":675},{"@type":"BreadcrumbList","@id":"https:\/\/www.zurbrueggen.de\/magazin\/imm-cologne-2020\/#breadcrumb","itemListElement":[{"@type":"ListItem","position":1,"name":"Startseite","item":"https:\/\/www.zurbrueggen.de\/magazin\/"},{"@type":"ListItem","position":2,"name":"M\u00f6belmesse imm Cologne 2020"}]},{"@type":"WebSite","@id":"https:\/\/www.zurbrueggen.de\/magazin\/#website","url":"https:\/\/www.zurbrueggen.de\/magazin\/","name":"Zurbr\u00fcggen magazin","description":"DESIGN \u2022 STYLE \u2022 LIVING","publisher":{"@id":"https:\/\/www.zurbrueggen.de\/magazin\/#organization"},"potentialAction":[{"@type":"SearchAction","target":{"@type":"EntryPoint","urlTemplate":"https:\/\/www.zurbrueggen.de\/magazin\/?s={search_term_string}"},"query-input":{"@type":"PropertyValueSpecification","valueRequired":true,"valueName":"search_term_string"}}],"inLanguage":"de"},{"@type":"Organization","@id":"https:\/\/www.zurbrueggen.de\/magazin\/#organization","name":"Zurbr\u00fcggen Wohn-Zentrum GmbH","url":"https:\/\/www.zurbrueggen.de\/magazin\/","logo":{"@type":"ImageObject","inLanguage":"de","@id":"https:\/\/www.zurbrueggen.de\/magazin\/#\/schema\/logo\/image\/","url":"https:\/\/www.zurbrueggen.de\/magazin\/wp-content\/uploads\/2016\/07\/logo_zurbrueggen.png","contentUrl":"https:\/\/www.zurbrueggen.de\/magazin\/wp-content\/uploads\/2016\/07\/logo_zurbrueggen.png","width":400,"height":107,"caption":"Zurbr\u00fcggen Wohn-Zentrum GmbH"},"image":{"@id":"https:\/\/www.zurbrueggen.de\/magazin\/#\/schema\/logo\/image\/"},"sameAs":["https:\/\/facebook.com\/zurbrueggen","https:\/\/x.com\/Zurbrueggen"]},{"@type":"Person","@id":"https:\/\/www.zurbrueggen.de\/magazin\/#\/schema\/person\/07170b1da6f7876ac78e450b9a3ed3d6","name":"Linda Wolfgart","image":{"@type":"ImageObject","inLanguage":"de","@id":"https:\/\/secure.gravatar.com\/avatar\/f84173980fbd4382d8c0ae77c07dbf27a65219dbdadb5b039dab209120bb5c55?s=96&d=mm&r=g","url":"https:\/\/secure.gravatar.com\/avatar\/f84173980fbd4382d8c0ae77c07dbf27a65219dbdadb5b039dab209120bb5c55?s=96&d=mm&r=g","contentUrl":"https:\/\/secure.gravatar.com\/avatar\/f84173980fbd4382d8c0ae77c07dbf27a65219dbdadb5b039dab209120bb5c55?s=96&d=mm&r=g","caption":"Linda Wolfgart"},"url":"https:\/\/www.zurbrueggen.de\/magazin\/author\/l_junowicz\/"}]}},"_links":{"self":[{"href":"https:\/\/www.zurbrueggen.de\/magazin\/wp-json\/wp\/v2\/posts\/5181","targetHints":{"allow":["GET"]}}],"collection":[{"href":"https:\/\/www.zurbrueggen.de\/magazin\/wp-json\/wp\/v2\/posts"}],"about":[{"href":"https:\/\/www.zurbrueggen.de\/magazin\/wp-json\/wp\/v2\/types\/post"}],"author":[{"embeddable":true,"href":"https:\/\/www.zurbrueggen.de\/magazin\/wp-json\/wp\/v2\/users\/20"}],"replies":[{"embeddable":true,"href":"https:\/\/www.zurbrueggen.de\/magazin\/wp-json\/wp\/v2\/comments?post=5181"}],"version-history":[{"count":5,"href":"https:\/\/www.zurbrueggen.de\/magazin\/wp-json\/wp\/v2\/posts\/5181\/revisions"}],"predecessor-version":[{"id":5197,"href":"https:\/\/www.zurbrueggen.de\/magazin\/wp-json\/wp\/v2\/posts\/5181\/revisions\/5197"}],"wp:featuredmedia":[{"embeddable":true,"href":"https:\/\/www.zurbrueggen.de\/magazin\/wp-json\/wp\/v2\/media\/5182"}],"wp:attachment":[{"href":"https:\/\/www.zurbrueggen.de\/magazin\/wp-json\/wp\/v2\/media?parent=5181"}],"wp:term":[{"taxonomy":"category","embeddable":true,"href":"https:\/\/www.zurbrueggen.de\/magazin\/wp-json\/wp\/v2\/categories?post=5181"},{"taxonomy":"post_tag","embeddable":true,"href":"https:\/\/www.zurbrueggen.de\/magazin\/wp-json\/wp\/v2\/tags?post=5181"}],"curies":[{"name":"wp","href":"https:\/\/api.w.org\/{rel}","templated":true}]}}