{"id":3731,"date":"2019-01-29T17:21:00","date_gmt":"2019-01-29T16:21:00","guid":{"rendered":"https:\/\/www.zurbrueggen.de\/magazin\/?p=3731"},"modified":"2019-02-12T09:12:30","modified_gmt":"2019-02-12T08:12:30","slug":"neue-moebeltrends-2019","status":"publish","type":"post","link":"https:\/\/www.zurbrueggen.de\/magazin\/neue-moebeltrends-2019\/","title":{"rendered":"Neue M\u00f6beltrends 2019"},"content":{"rendered":"<div class=\"mceTemp\"><\/div>\n<p><span class=\"vorschau\" style=\"font-family: 'Roboto Slab'; font-size: 22px; line-height: 34px; font-weight: 300; margin-top: 40px;\">Welche Einrichtungstrends sind im Jahr 2019 angesagt? Um diese Frage zu beantworten, tummelten sich auch in diesem Jahr wieder rund 150.000 Besucher auf der internationalsten M\u00f6belmesse weltweit in K\u00f6ln. Trendsetter, Marktf\u00fchrer und kreative Newcomer zeigen hier jedes Jahr ihre Wohnideen. Nicht umsonst gilt die Messe als zuverl\u00e4ssiges Barometer f\u00fcr die angesagtesten M\u00f6beltrends auf der ganzen Welt. Auch wir haben uns unter die Besucher gemischt und f\u00fcr Sie die Wohntrends der imm cologne 2019 mitgebracht. Mit welchen spannenden Impulsen Sie Ihrem Zuhause ein besonderes Flair einhauchen, das verraten wir Ihnen hier. Machen Sie es sich bequem und lassen Sie sich inspirieren!<\/span><\/p>\n<p><!--more--><\/p>\n<p>&nbsp;<\/p>\n<p><span class=\"subheading\" style=\"font-family: 'Roboto Slab', sans-serif; font-size: 20px; margin-top: 40px; font-weight: 400; text-transform: none;\">Altbew\u00e4hrtes \u00fcberraschend frisch \u2013 Retro bleibt Trend<\/span><\/p>\n<p><span class=\"fliesstext\" style=\"font-family: Roboto, sans-serif; font-size: 16px; line-height: 24px; font-weight: 400;\">M\u00f6bel mit Charakter d\u00fcrfen ihre individuellen Geschichten gern weiter erz\u00e4hlen: Retro bleibt ein durchgehendes Stilmittel. Altbew\u00e4hrtes bekommt ein neues Gewand \u2013 und so wirken Klassiker der Moderne, des <a href=\"https:\/\/www.zurbrueggen.de\/magazin\/was-ist-eigentlich-mid-century\/\">Mid-Century-Styles<\/a> und der Popkultur \u00fcberraschend frisch. Der gute, alte Servierwagen findet seinen Weg zur\u00fcck ins Wohn- oder Lesezimmer. Gleich nebenan stehen die angesagten und besonders formsch\u00f6nen Sideboards neben bequemen Cocktailsesseln, die an den Spirit der 50er-\/60er-Jahre erinnern. Was uns hierbei besonders aufgefallen ist: die Inszenierung. Denn darauf kommt es in diesem Jahr an. Die Retro-M\u00f6bel entfalten im poppigen Ambiente, im Industrial-Look oder in dunkel-elegant gestalteten Art-D\u00e9co-R\u00e4umen erst ihre einzigartige Wirkung und werden zu Highlights in Ihren Wohnr\u00e4umen. Schwarz-wei\u00dfe Bilder in modernen Rahmen werfen einen Blick zur\u00fcck in vergangene Zeiten. Daneben r\u00fccken Porzellan sowie M\u00f6belkombinationen aus Holz und Glas weiter in den Mittelpunkt des Wohnens.<\/span><\/p>\n<p>&nbsp;<\/p>\n<p><img loading=\"lazy\" decoding=\"async\" class=\"alignnone size-full wp-image-3742\" src=\"https:\/\/www.zurbrueggen.de\/magazin\/wp-content\/uploads\/2019\/01\/magazin-imm-cologne2019-m-04.jpg\" alt=\"M\u00f6belkombinationen aus Holz und Glas\" width=\"1200\" height=\"675\" srcset=\"https:\/\/www.zurbrueggen.de\/magazin\/wp-content\/uploads\/2019\/01\/magazin-imm-cologne2019-m-04.jpg 1200w, https:\/\/www.zurbrueggen.de\/magazin\/wp-content\/uploads\/2019\/01\/magazin-imm-cologne2019-m-04-300x169.jpg 300w, https:\/\/www.zurbrueggen.de\/magazin\/wp-content\/uploads\/2019\/01\/magazin-imm-cologne2019-m-04-768x432.jpg 768w, https:\/\/www.zurbrueggen.de\/magazin\/wp-content\/uploads\/2019\/01\/magazin-imm-cologne2019-m-04-1024x576.jpg 1024w, https:\/\/www.zurbrueggen.de\/magazin\/wp-content\/uploads\/2019\/01\/magazin-imm-cologne2019-m-04-665x374.jpg 665w, https:\/\/www.zurbrueggen.de\/magazin\/wp-content\/uploads\/2019\/01\/magazin-imm-cologne2019-m-04-462x260.jpg 462w\" sizes=\"auto, (max-width: 1200px) 100vw, 1200px\" \/><\/p>\n<p>&nbsp;<\/p>\n<p><span class=\"subheading\" style=\"font-family: 'Roboto Slab', sans-serif; font-size: 20px; margin-top: 40px; font-weight: 400; text-transform: none;\">Stauraum trifft auf Minimalismus im Interior Bereich<\/span><\/p>\n<p><span class=\"fliesstext\" style=\"font-family: Roboto, sans-serif; font-size: 16px; line-height: 24px; font-weight: 400;\">Bei der Raumgestaltung in Appartements oder Gro\u00dfstadtwohnungen geht es um Stauraum und Platzbeschaffung: Die M\u00f6bel werden kleiner, modularer und multifunktionaler. Schrankbetten feiern ihr verdientes Comeback und punkten mit zus\u00e4tzlichem Stauraum \u2013 wie beispielsweise mit integrierten Regalen. Im Badezimmer regieren geometrische Formen. H\u00e4ngeschr\u00e4nke bilden im versetzten Verbund ein formsch\u00f6nes Szenario. Dabei schaffen indirekte Beleuchtungen ein behagliches, aber auch modernes Licht mit Wellness-Charakter.<\/span><\/p>\n<p>&nbsp;<\/p>\n<p><img loading=\"lazy\" decoding=\"async\" class=\"alignnone size-full wp-image-3739\" src=\"https:\/\/www.zurbrueggen.de\/magazin\/wp-content\/uploads\/2019\/01\/magazin-imm-cologne2019-2-m-06.jpg\" alt=\"Moderne, indirekte Beleuchtung mit Wellness-Charakter\" width=\"1200\" height=\"675\" srcset=\"https:\/\/www.zurbrueggen.de\/magazin\/wp-content\/uploads\/2019\/01\/magazin-imm-cologne2019-2-m-06.jpg 1200w, https:\/\/www.zurbrueggen.de\/magazin\/wp-content\/uploads\/2019\/01\/magazin-imm-cologne2019-2-m-06-300x169.jpg 300w, https:\/\/www.zurbrueggen.de\/magazin\/wp-content\/uploads\/2019\/01\/magazin-imm-cologne2019-2-m-06-768x432.jpg 768w, https:\/\/www.zurbrueggen.de\/magazin\/wp-content\/uploads\/2019\/01\/magazin-imm-cologne2019-2-m-06-1024x576.jpg 1024w, https:\/\/www.zurbrueggen.de\/magazin\/wp-content\/uploads\/2019\/01\/magazin-imm-cologne2019-2-m-06-665x374.jpg 665w, https:\/\/www.zurbrueggen.de\/magazin\/wp-content\/uploads\/2019\/01\/magazin-imm-cologne2019-2-m-06-462x260.jpg 462w\" sizes=\"auto, (max-width: 1200px) 100vw, 1200px\" \/><\/p>\n<p>&nbsp;<\/p>\n<p><span class=\"subheading\" style=\"font-family: 'Roboto Slab', sans-serif; font-size: 20px; margin-top: 40px; font-weight: 400; text-transform: none;\">Slow Living \u2013 helle Farben und Reduktion aufs Wesentliche<\/span><\/p>\n<p><span class=\"fliesstext\" style=\"font-family: Roboto, sans-serif; font-size: 16px; line-height: 24px; font-weight: 400;\">Noch immer ist Hygge ein Begriff. Sie erinnern sich? Von dem <a href=\"https:\/\/www.zurbrueggen.de\/magazin\/skandinavische-leichtigkeit-fuer-daheim\/\">d\u00e4nischen Wohntrend mit Schwerpunkt auf Gem\u00fctlichkeit<\/a> berichteten wir bereits. Wenn es aktuell aber um Wohlf\u00fchlen und Entspannung geht, f\u00fchrt au\u00dferdem kein Weg an Slow Living vorbei. Wohnk\u00fcchen bilden das Herz des Wohnens. Hier trifft man sich mit Freunden und Familien. Immerhin ist das Zuhause zwischen der Hektik in Beruf und Freizeit unser wichtigster R\u00fcckzugsort. Nat\u00fcrliche Materialien begleiten Natur- und Pastellt\u00f6ne. Auch helle Grau-Nuancen sind weiterhin vertreten. Skandinavien hat dabei einen ebenso wichtigen Einfluss wie Natur- und Ethno-Motive.<\/span><\/p>\n<p>&nbsp;<\/p>\n<p><span class=\"subheading\" style=\"font-family: 'Roboto Slab', sans-serif; font-size: 20px; margin-top: 40px; font-weight: 400; text-transform: none;\">Cosy Living im Kinderzimmer \u2013 ahoi!<\/span><\/p>\n<p><span class=\"fliesstext\" style=\"font-family: Roboto, sans-serif; font-size: 16px; line-height: 24px; font-weight: 400;\">Die Pastell-Farbpalette und Graut\u00f6ne halten auch Einzug ins Kinderzimmer. Hier geht es richtig kuschelig zu! Betten in Form von Sofas treffen auf gem\u00fctliche Kissen zum Kuscheln und Wohlf\u00fchlen. Praktisch f\u00fcr Mama und Papa sind platzschaffende Funktionen wie Bettschubladen, w\u00e4hrend Kinder ihrem Abenteuer- und Spieltrieb mit coolen Gimmicks wie Rutschen nachgehen. Dabei erschaffen manche Multifunktions-Hochbetten liebevoll designte Spielwelten \u2013 wie zum Beispiel abenteuerliche Piraten-Hochburgen!<\/span><\/p>\n<p>&nbsp;<\/p>\n<p><span class=\"fliesstext\" style=\"font-family: Roboto, sans-serif; font-size: 16px; line-height: 24px; font-weight: 400;\">Zur\u00fcck bei den Erwachsenen darf es auch glamour\u00f6s zugehen. Wenn Ihnen ein luxuri\u00f6ses Ambiente am Herzen liegt, ist Metall angesagt. Warme und eher dunkel gehaltene Farben treffen auf Materialien wie Gold oder Messing. Zusammen mit r\u00f6tlichem Holz sowie tiefen Blau- und Gr\u00fcnt\u00f6nen entsteht im Handumdrehen ein schickes Art-D\u00e9co-Ambiente. Bei den Stoffen f\u00fcr Wohntextilien steht Samt \u00fcbrigens ganz hoch im Kurs. Der weiche Stoff verspr\u00fcht gekonnt einen Hauch von Luxus.<\/span><\/p>\n<p>&nbsp;<\/p>\n<p><img loading=\"lazy\" decoding=\"async\" class=\"alignnone size-full wp-image-3744\" src=\"https:\/\/www.zurbrueggen.de\/magazin\/wp-content\/uploads\/2019\/01\/magazin-imm-cologne2019-m-06.jpg\" alt=\"Glamour-Trend in Gold und Messing\" width=\"1200\" height=\"675\" srcset=\"https:\/\/www.zurbrueggen.de\/magazin\/wp-content\/uploads\/2019\/01\/magazin-imm-cologne2019-m-06.jpg 1200w, https:\/\/www.zurbrueggen.de\/magazin\/wp-content\/uploads\/2019\/01\/magazin-imm-cologne2019-m-06-300x169.jpg 300w, https:\/\/www.zurbrueggen.de\/magazin\/wp-content\/uploads\/2019\/01\/magazin-imm-cologne2019-m-06-768x432.jpg 768w, https:\/\/www.zurbrueggen.de\/magazin\/wp-content\/uploads\/2019\/01\/magazin-imm-cologne2019-m-06-1024x576.jpg 1024w, https:\/\/www.zurbrueggen.de\/magazin\/wp-content\/uploads\/2019\/01\/magazin-imm-cologne2019-m-06-665x374.jpg 665w, https:\/\/www.zurbrueggen.de\/magazin\/wp-content\/uploads\/2019\/01\/magazin-imm-cologne2019-m-06-462x260.jpg 462w\" sizes=\"auto, (max-width: 1200px) 100vw, 1200px\" \/><\/p>\n<p>&nbsp;<\/p>\n<p><span class=\"subheading\" style=\"font-family: 'Roboto Slab', sans-serif; font-size: 20px; margin-top: 40px; font-weight: 400; text-transform: none;\">Muster-Tapeten und Farbspiele \u2013 poppig-frecher Lifestyle<\/span><\/p>\n<p><span class=\"fliesstext\" style=\"font-family: Roboto, sans-serif; font-size: 16px; line-height: 24px; font-weight: 400;\">Es darf auch gerne mal Knallen zu Hause \u2013 zumindest, wenn es um Farbspiele geht. Pop-Art ist der freche Kontrast zu gedeckteren T\u00f6nen. Oranget\u00f6ne kombiniert mit Gr\u00fcn, Gelb, T\u00fcrkis, Petrol oder Mint? Toben Sie sich farblich aus! Und auch in puncto Muster ist quasi fast alles erlaubt, was gef\u00e4llt. Wichtig ist, dass die M\u00f6bel zum Kontext passen: Sind Sie im skandinavischen Stil eingerichtet, ist die poppige Mustertapete fehl am Platz. Und apropos Muster: Diese sind vor allem bei den Tapeten ein gro\u00dfes Thema, finden sich aber auch auf M\u00f6beln wieder. Hierbei gilt: Entweder die Mustertapete oder das gemusterte M\u00f6belst\u00fcck \u2013 ansonsten wirkt es schnell zu \u00fcberladen.<\/span><\/p>\n<p>&nbsp;<\/p>\n<p><span class=\"subheading\" style=\"font-family: 'Roboto Slab', sans-serif; font-size: 20px; margin-top: 40px; font-weight: 400; text-transform: none;\">Nat\u00fcrlichkeit wohnlich inszeniert \u2013 wenn die Natur einzieht<\/span><\/p>\n<p><span class=\"fliesstext\" style=\"font-family: Roboto, sans-serif; font-size: 16px; line-height: 24px; font-weight: 400;\">Nachhaltigkeit ist eines der gro\u00dfen Stichw\u00f6rter. Bei den Materialien bleibt uns Holz aus nachhaltiger Produktion als einer der wichtigsten Grundstoffe erhalten \u2013 und das in allen erdenklichen Formen, aber immer nat\u00fcrlich inszeniert. Lampenst\u00e4nder, die an echtes Ge\u00e4st erinnern, H\u00e4ngeleuchten mit Tiermotiven oder das Bett im Schlafzimmer umringt von einem authentisch wirkenden Wald: Hier sagen sich Fuchs und Hase sprichw\u00f6rtlich \u201eGute Nacht\u201c. Dazu kommen Nachttische aus Natursteinen, die das Bildnis perfekt machen. \u00dcbrigens kommt Naturstein grunds\u00e4tzlich beim Innendesign eher punktuell zum Einsatz, w\u00e4hrend Leder, Korb und Flechtwerk auch gern \u00fcppig eingesetzt werden.<\/span><\/p>\n<p>&nbsp;<\/p>\n<p><img loading=\"lazy\" decoding=\"async\" class=\"alignnone size-full wp-image-3736\" src=\"https:\/\/www.zurbrueggen.de\/magazin\/wp-content\/uploads\/2019\/01\/magazin-imm-cologne2019-2-m-03.jpg\" alt=\"Nat\u00fcrlich schlafen\" width=\"1200\" height=\"675\" srcset=\"https:\/\/www.zurbrueggen.de\/magazin\/wp-content\/uploads\/2019\/01\/magazin-imm-cologne2019-2-m-03.jpg 1200w, https:\/\/www.zurbrueggen.de\/magazin\/wp-content\/uploads\/2019\/01\/magazin-imm-cologne2019-2-m-03-300x169.jpg 300w, https:\/\/www.zurbrueggen.de\/magazin\/wp-content\/uploads\/2019\/01\/magazin-imm-cologne2019-2-m-03-768x432.jpg 768w, https:\/\/www.zurbrueggen.de\/magazin\/wp-content\/uploads\/2019\/01\/magazin-imm-cologne2019-2-m-03-1024x576.jpg 1024w, https:\/\/www.zurbrueggen.de\/magazin\/wp-content\/uploads\/2019\/01\/magazin-imm-cologne2019-2-m-03-665x374.jpg 665w, https:\/\/www.zurbrueggen.de\/magazin\/wp-content\/uploads\/2019\/01\/magazin-imm-cologne2019-2-m-03-462x260.jpg 462w\" sizes=\"auto, (max-width: 1200px) 100vw, 1200px\" \/><\/p>\n<p>&nbsp;<\/p>\n<p><span class=\"subheading\" style=\"font-family: 'Roboto Slab', sans-serif; font-size: 20px; margin-top: 40px; font-weight: 400; text-transform: none;\">Smart Living \u2013 Alexa und Co. als smarte Begleiter<\/span><\/p>\n<p><span class=\"fliesstext\" style=\"font-family: Roboto, sans-serif; font-size: 16px; line-height: 24px; font-weight: 400;\">\u201eAlexa, schalte Wohnzimmer an\u201c \u2013 Smart Living ist f\u00fcr die meisten schon normaler Alltag. Kein Wunder, dass auch die M\u00f6bel immer smarter werden. Hierbei trifft Funktionalit\u00e4t auf \u00c4sthetik: Die Lautsprecher sind beispielsweise dezent integriert und kaum sichtbar, die Kopfst\u00fctzen von Betten lassen sich auf Sprachbefehl herauf- und hinunterfahren. Technologie soll den Alltag erleichtern: So l\u00e4sst sich zum Beispiel ein Tisch per Touchscreen in der H\u00f6he verstellen und das Tablet ist gleich ein fester Bestandteil der K\u00fcche.<\/span><\/p>\n<p><span class=\"fliesstext\" style=\"font-family: Roboto, sans-serif; font-size: 16px; line-height: 24px; font-weight: 400;\">Finden Sie noch mehr Einrichtungsideen in unserem Onlinemagazin oder st\u00f6bern Sie gleich durch die neuen Produkte in unserem <a href=\"https:\/\/www.zurbrueggen.de\/\">Onlineshop<\/a>.<\/span><\/p>\n<p>&nbsp;<\/p>\n<p>\u00a0<\/strong><span class=\"subheading\" style=\"font-family: 'Roboto Slab', sans-serif; font-size: 20px; margin-top: 40px; font-weight: 400; text-transform: none;\">Impressionen von der imm cologne 2019<\/span><\/p>\n<style type=\"text\/css\" scoped>.roboGalleryLoaderSpinner{\r\n\tmargin: 50px auto;\r\n\twidth: 50px;\r\n\theight: 40px;\r\n\ttext-align: center;\r\n\tfont-size: 10px;\r\n}\r\n.roboGalleryLoaderSpinner > div{\r\n  background-color: #333;\r\n  height: 100%;\r\n  width: 6px;\r\n  display: inline-block;\r\n\r\n  -webkit-animation: roboGalleryLoader-stretchdelay 1.2s infinite ease-in-out;\r\n  animation: roboGalleryLoader-stretchdelay 1.2s infinite ease-in-out;\r\n}\r\n.roboGalleryLoaderSpinner .roboGalleryLoaderRect2 {\r\n  -webkit-animation-delay: -1.1s;\r\n  animation-delay: -1.1s;\r\n}\r\n.roboGalleryLoaderSpinner .roboGalleryLoaderRect3 {\r\n  -webkit-animation-delay: -1.0s;\r\n  animation-delay: -1.0s;\r\n}\r\n.roboGalleryLoaderSpinner .roboGalleryLoaderRect4 {\r\n  -webkit-animation-delay: -0.9s;\r\n  animation-delay: -0.9s;\r\n}\r\n.roboGalleryLoaderSpinner .roboGalleryLoaderRect5 {\r\n  -webkit-animation-delay: -0.8s;\r\n  animation-delay: -0.8s;\r\n}\r\n@-webkit-keyframes roboGalleryLoader-stretchdelay {\r\n  0%, 40%, 100% { -webkit-transform: scaleY(0.4) }  \r\n  20% { -webkit-transform: scaleY(1.0) }\r\n}\r\n@keyframes roboGalleryLoader-stretchdelay {\r\n  0%, 40%, 100% { \r\n    transform: scaleY(0.4);\r\n    -webkit-transform: scaleY(0.4);\r\n  }  20% { \r\n    transform: scaleY(1.0);\r\n    -webkit-transform: scaleY(1.0);\r\n  }\r\n}<\/style><div id=\"robo_gallery_loading_rbs_gallery_69f58a0905d03\" class=\"roboGalleryLoaderSpinner\"><div class=\"roboGalleryLoaderRect1\"><\/div> <div class=\"roboGalleryLoaderRect2\"><\/div> <div class=\"roboGalleryLoaderRect3\"><\/div> <div class=\"roboGalleryLoaderRect4\"><\/div> <div class=\"roboGalleryLoaderRect5\"><\/div><\/div><div id=\"robo_gallery_main_block_rbs_gallery_69f58a0905d03\" style=\"width:100%;  display: none;\"><div>         <\/div><div id=\"rbs_gallery_69f58a0905d03\" data-options=\"rbs_gallery_69f58a0905d03\" style=\"width:100%;\" class=\"robo_gallery\"><div class=\"rbs-img category3770 \" ><div class=\"rbs-img-image  rbs-lightbox\"   ><div data-thumbnail=\"https:\/\/www.zurbrueggen.de\/magazin\/wp-content\/uploads\/2019\/01\/20190116_174639-e1548836148813.jpg\" title=\"\" data-width=\"1000\" data-height=\"1333\" ><\/div><div data-popup=\"https:\/\/www.zurbrueggen.de\/magazin\/wp-content\/uploads\/2019\/01\/20190116_174639-e1548836148813.jpg\" data-alt=\"\" title=\"\" ><\/div><div class=\"thumbnail-overlay\"><\/div><\/div><\/div><div class=\"rbs-img category3770 \" ><div class=\"rbs-img-image  rbs-lightbox\"   ><div data-thumbnail=\"https:\/\/www.zurbrueggen.de\/magazin\/wp-content\/uploads\/2019\/01\/IMG-20190117-WA0009-e1548836189262.jpg\" title=\"\" data-width=\"1000\" data-height=\"1333\" ><\/div><div data-popup=\"https:\/\/www.zurbrueggen.de\/magazin\/wp-content\/uploads\/2019\/01\/IMG-20190117-WA0009-e1548836189262.jpg\" data-alt=\"\" title=\"\" ><\/div><div class=\"thumbnail-overlay\"><\/div><\/div><\/div><div class=\"rbs-img category3770 \" ><div class=\"rbs-img-image  rbs-lightbox\"   ><div data-thumbnail=\"https:\/\/www.zurbrueggen.de\/magazin\/wp-content\/uploads\/2019\/01\/IMG-20190117-WA0008-e1548836205648.jpg\" title=\"\" data-width=\"1000\" data-height=\"1333\" ><\/div><div data-popup=\"https:\/\/www.zurbrueggen.de\/magazin\/wp-content\/uploads\/2019\/01\/IMG-20190117-WA0008-e1548836205648.jpg\" data-alt=\"\" title=\"\" ><\/div><div class=\"thumbnail-overlay\"><\/div><\/div><\/div><div class=\"rbs-img category3770 \" ><div class=\"rbs-img-image  rbs-lightbox\"   ><div data-thumbnail=\"https:\/\/www.zurbrueggen.de\/magazin\/wp-content\/uploads\/2019\/01\/IMG-20190117-WA0010-e1548836220319.jpg\" title=\"\" data-width=\"1000\" data-height=\"1333\" ><\/div><div data-popup=\"https:\/\/www.zurbrueggen.de\/magazin\/wp-content\/uploads\/2019\/01\/IMG-20190117-WA0010-e1548836220319.jpg\" data-alt=\"\" title=\"\" ><\/div><div class=\"thumbnail-overlay\"><\/div><\/div><\/div><div class=\"rbs-img category3770 \" ><div class=\"rbs-img-image  rbs-lightbox\"   ><div data-thumbnail=\"https:\/\/www.zurbrueggen.de\/magazin\/wp-content\/uploads\/2019\/01\/IMG-20190117-WA0012-e1548836228205.jpg\" title=\"\" data-width=\"1000\" data-height=\"1333\" ><\/div><div data-popup=\"https:\/\/www.zurbrueggen.de\/magazin\/wp-content\/uploads\/2019\/01\/IMG-20190117-WA0012-e1548836228205.jpg\" data-alt=\"\" title=\"\" ><\/div><div class=\"thumbnail-overlay\"><\/div><\/div><\/div><div class=\"rbs-img category3770 \" ><div class=\"rbs-img-image  rbs-lightbox\"   ><div data-thumbnail=\"https:\/\/www.zurbrueggen.de\/magazin\/wp-content\/uploads\/2019\/01\/IMG-20190117-WA0016-e1548836235422.jpg\" title=\"\" data-width=\"1000\" data-height=\"1333\" ><\/div><div data-popup=\"https:\/\/www.zurbrueggen.de\/magazin\/wp-content\/uploads\/2019\/01\/IMG-20190117-WA0016-e1548836235422.jpg\" data-alt=\"\" title=\"\" ><\/div><div class=\"thumbnail-overlay\"><\/div><\/div><\/div><div class=\"rbs-img category3770 \" ><div class=\"rbs-img-image  rbs-lightbox\"   ><div data-thumbnail=\"https:\/\/www.zurbrueggen.de\/magazin\/wp-content\/uploads\/2019\/01\/IMG-20190117-WA0017-e1548836242156.jpg\" title=\"\" data-width=\"1000\" data-height=\"1333\" ><\/div><div data-popup=\"https:\/\/www.zurbrueggen.de\/magazin\/wp-content\/uploads\/2019\/01\/IMG-20190117-WA0017-e1548836242156.jpg\" data-alt=\"\" title=\"\" ><\/div><div class=\"thumbnail-overlay\"><\/div><\/div><\/div><div class=\"rbs-img category3770 \" ><div class=\"rbs-img-image  rbs-lightbox\"   ><div data-thumbnail=\"https:\/\/www.zurbrueggen.de\/magazin\/wp-content\/uploads\/2019\/01\/IMG-20190117-WA0018-e1548836251539.jpg\" title=\"\" data-width=\"1000\" data-height=\"1333\" ><\/div><div data-popup=\"https:\/\/www.zurbrueggen.de\/magazin\/wp-content\/uploads\/2019\/01\/IMG-20190117-WA0018-e1548836251539.jpg\" data-alt=\"\" title=\"\" ><\/div><div class=\"thumbnail-overlay\"><\/div><\/div><\/div><div class=\"rbs-img category3770 \" ><div class=\"rbs-img-image  rbs-lightbox\"   ><div data-thumbnail=\"https:\/\/www.zurbrueggen.de\/magazin\/wp-content\/uploads\/2019\/01\/IMG-20190117-WA0025-e1548836270653.jpg\" title=\"\" data-width=\"1000\" data-height=\"1333\" ><\/div><div data-popup=\"https:\/\/www.zurbrueggen.de\/magazin\/wp-content\/uploads\/2019\/01\/IMG-20190117-WA0025-e1548836270653.jpg\" data-alt=\"\" title=\"\" ><\/div><div class=\"thumbnail-overlay\"><\/div><\/div><\/div><\/div><div>         <\/div><\/div><script>var rbs_gallery_69f58a0905d03 = {\"filterContainer\": \"#rbs_gallery_69f58a0905d03filter\", \"loadingContainer\": \"#robo_gallery_loading_rbs_gallery_69f58a0905d03\", \"mainContainer\": \"#robo_gallery_main_block_rbs_gallery_69f58a0905d03\", \"touch\": 1, \"lightboxOptions\": { gallery: { enabled: true, tCounter: \"%curr% of %total%\" } }, \"columns\": 3, \"columnWidth\": \"auto\", \"resolutions\": [{\"columnWidth\": 300 , \"maxWidth\": 960} , {\"columnWidth\": 300 , \"maxWidth\": 650} , {\"columnWidth\": 300 , \"maxWidth\": 450}], \"overlayEffect\": \"direction-aware-fade\", \"boxesToLoadStart\": 12, \"boxesToLoad\": 8, \"lazyLoad\": true, \"waitUntilThumbLoads\": true, \"waitForAllThumbsNoMatterWhat\": false, \"deepLinking\": false, \"LoadingWord\": \"Loading...\", \"loadMoreWord\": \"Load More\", \"loadMoreClass\": \"button-border-caution \", \"noMoreEntriesWord\": \"No More Entries\", \"horizontalSpaceBetweenBoxes\": 0, \"verticalSpaceBetweenBoxes\": 0}, rbs_gallery_69f58a0905d03_css = \"body .mfp-ready.mfp-bg{background-color: rgba(11, 11, 11, 0.8);}#rbs_gallery_69f58a0905d03 .rbs-img-container{ -webkit-border-radius: 0px; -moz-border-radius: 0px; border-radius: 0px;-webkit-box-shadow:0px 5px 7px rgba(34, 25, 25, 0.4) ;-moz-box-shadow: \t0px 5px 7px rgba(34, 25, 25, 0.4) ;-o-box-shadow: \t0px 5px 7px rgba(34, 25, 25, 0.4) ;-ms-box-shadow: \t0px 5px 7px rgba(34, 25, 25, 0.4) ;box-shadow: \t\t0px 5px 7px rgba(34, 25, 25, 0.4) ;}#rbs_gallery_69f58a0905d03 .thumbnail-overlay{background:rgba(7, 7, 7, 0.5);}#rbs_gallery_69f58a0905d03 .image-with-dimensions{background-color: rgb(255, 255, 255);}body .mfp-title, body .mfp-counter{color: rgb(243, 243, 243);}\",roboGalleryDelay = 0; head = document.head || document.getElementsByTagName(\"head\")[0], style = document.createElement(\"style\"); style.type = \"text\/css\"; if (style.styleSheet) style.styleSheet.cssText = rbs_gallery_69f58a0905d03_css; \telse  style.appendChild(document.createTextNode(rbs_gallery_69f58a0905d03_css)); head.appendChild(style);<\/script>\n","protected":false},"excerpt":{"rendered":"<p>Welche Einrichtungstrends sind im Jahr 2019 angesagt? Um diese Frage zu beantworten, tummelten sich auch in diesem Jahr wieder rund 150.000 Besucher auf der internationalsten M\u00f6belmesse weltweit in K\u00f6ln. Trendsetter, Marktf\u00fchrer und kreative Newcomer zeigen hier jedes Jahr ihre Wohnideen. Nicht umsonst gilt die Messe als zuverl\u00e4ssiges Barometer f\u00fcr die angesagtesten M\u00f6beltrends auf der ganzen [&hellip;]<\/p>\n","protected":false},"author":20,"featured_media":3748,"comment_status":"open","ping_status":"open","sticky":false,"template":"","format":"standard","meta":{"_acf_changed":false,"footnotes":""},"categories":[1,32,27],"tags":[],"class_list":["post-3731","post","type-post","status-publish","format-standard","has-post-thumbnail","hentry","category-alle-artikel","category-trend","category-trends-und-wissen"],"acf":[],"yoast_head":"<!-- This site is optimized with the Yoast SEO plugin v27.4 - https:\/\/yoast.com\/product\/yoast-seo-wordpress\/ -->\n<title>Neue M\u00f6beltrends 2019: imm cologne | Zurbr\u00fcggen \u00bbmagazin\u00ab<\/title>\n<meta name=\"description\" content=\"Sie suchen neue Wohnideen? Die M\u00f6beltrends von der imm cologne 2019 haben wir f\u00fcr Sie mitgebracht. Lassen Sie sich inspirieren und holen Sie sich Ideen!\" \/>\n<meta name=\"robots\" content=\"index, follow, max-snippet:-1, max-image-preview:large, max-video-preview:-1\" \/>\n<link rel=\"canonical\" href=\"https:\/\/www.zurbrueggen.de\/magazin\/neue-moebeltrends-2019\/\" \/>\n<meta property=\"og:locale\" content=\"de_DE\" \/>\n<meta property=\"og:type\" content=\"article\" \/>\n<meta property=\"og:title\" content=\"Neue M\u00f6beltrends 2019: imm cologne | Zurbr\u00fcggen \u00bbmagazin\u00ab\" \/>\n<meta property=\"og:description\" content=\"Sie suchen neue Wohnideen? Die M\u00f6beltrends von der imm cologne 2019 haben wir f\u00fcr Sie mitgebracht. Lassen Sie sich inspirieren und holen Sie sich Ideen!\" \/>\n<meta property=\"og:url\" content=\"https:\/\/www.zurbrueggen.de\/magazin\/neue-moebeltrends-2019\/\" \/>\n<meta property=\"og:site_name\" content=\"Zurbr\u00fcggen magazin\" \/>\n<meta property=\"article:publisher\" content=\"https:\/\/facebook.com\/zurbrueggen\" \/>\n<meta property=\"article:published_time\" content=\"2019-01-29T16:21:00+00:00\" \/>\n<meta property=\"article:modified_time\" content=\"2019-02-12T08:12:30+00:00\" \/>\n<meta property=\"og:image\" content=\"https:\/\/www.zurbrueggen.de\/magazin\/wp-content\/uploads\/2019\/01\/magazin-imm-cologne2019-cta-m-01.jpg\" \/>\n\t<meta property=\"og:image:width\" content=\"1200\" \/>\n\t<meta property=\"og:image:height\" content=\"675\" \/>\n\t<meta property=\"og:image:type\" content=\"image\/jpeg\" \/>\n<meta name=\"author\" content=\"Linda Wolfgart\" \/>\n<script type=\"application\/ld+json\" class=\"yoast-schema-graph\">{\"@context\":\"https:\\\/\\\/schema.org\",\"@graph\":[{\"@type\":\"Article\",\"@id\":\"https:\\\/\\\/www.zurbrueggen.de\\\/magazin\\\/neue-moebeltrends-2019\\\/#article\",\"isPartOf\":{\"@id\":\"https:\\\/\\\/www.zurbrueggen.de\\\/magazin\\\/neue-moebeltrends-2019\\\/\"},\"author\":{\"name\":\"Linda Wolfgart\",\"@id\":\"https:\\\/\\\/www.zurbrueggen.de\\\/magazin\\\/#\\\/schema\\\/person\\\/07170b1da6f7876ac78e450b9a3ed3d6\"},\"headline\":\"Neue M\u00f6beltrends 2019\",\"datePublished\":\"2019-01-29T16:21:00+00:00\",\"dateModified\":\"2019-02-12T08:12:30+00:00\",\"mainEntityOfPage\":{\"@id\":\"https:\\\/\\\/www.zurbrueggen.de\\\/magazin\\\/neue-moebeltrends-2019\\\/\"},\"wordCount\":944,\"commentCount\":1,\"publisher\":{\"@id\":\"https:\\\/\\\/www.zurbrueggen.de\\\/magazin\\\/#organization\"},\"image\":{\"@id\":\"https:\\\/\\\/www.zurbrueggen.de\\\/magazin\\\/neue-moebeltrends-2019\\\/#primaryimage\"},\"thumbnailUrl\":\"https:\\\/\\\/www.zurbrueggen.de\\\/magazin\\\/wp-content\\\/uploads\\\/2019\\\/01\\\/magazin-imm-cologne2019-cta-m-01.jpg\",\"articleSection\":[\"Alle Artikel\",\"trend\",\"Trends &amp; Wissen\"],\"inLanguage\":\"de\",\"potentialAction\":[{\"@type\":\"CommentAction\",\"name\":\"Comment\",\"target\":[\"https:\\\/\\\/www.zurbrueggen.de\\\/magazin\\\/neue-moebeltrends-2019\\\/#respond\"]}]},{\"@type\":\"WebPage\",\"@id\":\"https:\\\/\\\/www.zurbrueggen.de\\\/magazin\\\/neue-moebeltrends-2019\\\/\",\"url\":\"https:\\\/\\\/www.zurbrueggen.de\\\/magazin\\\/neue-moebeltrends-2019\\\/\",\"name\":\"Neue M\u00f6beltrends 2019: imm cologne | Zurbr\u00fcggen \u00bbmagazin\u00ab\",\"isPartOf\":{\"@id\":\"https:\\\/\\\/www.zurbrueggen.de\\\/magazin\\\/#website\"},\"primaryImageOfPage\":{\"@id\":\"https:\\\/\\\/www.zurbrueggen.de\\\/magazin\\\/neue-moebeltrends-2019\\\/#primaryimage\"},\"image\":{\"@id\":\"https:\\\/\\\/www.zurbrueggen.de\\\/magazin\\\/neue-moebeltrends-2019\\\/#primaryimage\"},\"thumbnailUrl\":\"https:\\\/\\\/www.zurbrueggen.de\\\/magazin\\\/wp-content\\\/uploads\\\/2019\\\/01\\\/magazin-imm-cologne2019-cta-m-01.jpg\",\"datePublished\":\"2019-01-29T16:21:00+00:00\",\"dateModified\":\"2019-02-12T08:12:30+00:00\",\"description\":\"Sie suchen neue Wohnideen? Die M\u00f6beltrends von der imm cologne 2019 haben wir f\u00fcr Sie mitgebracht. Lassen Sie sich inspirieren und holen Sie sich Ideen!\",\"breadcrumb\":{\"@id\":\"https:\\\/\\\/www.zurbrueggen.de\\\/magazin\\\/neue-moebeltrends-2019\\\/#breadcrumb\"},\"inLanguage\":\"de\",\"potentialAction\":[{\"@type\":\"ReadAction\",\"target\":[\"https:\\\/\\\/www.zurbrueggen.de\\\/magazin\\\/neue-moebeltrends-2019\\\/\"]}]},{\"@type\":\"ImageObject\",\"inLanguage\":\"de\",\"@id\":\"https:\\\/\\\/www.zurbrueggen.de\\\/magazin\\\/neue-moebeltrends-2019\\\/#primaryimage\",\"url\":\"https:\\\/\\\/www.zurbrueggen.de\\\/magazin\\\/wp-content\\\/uploads\\\/2019\\\/01\\\/magazin-imm-cologne2019-cta-m-01.jpg\",\"contentUrl\":\"https:\\\/\\\/www.zurbrueggen.de\\\/magazin\\\/wp-content\\\/uploads\\\/2019\\\/01\\\/magazin-imm-cologne2019-cta-m-01.jpg\",\"width\":1200,\"height\":675,\"caption\":\"imm cologne 2019\"},{\"@type\":\"BreadcrumbList\",\"@id\":\"https:\\\/\\\/www.zurbrueggen.de\\\/magazin\\\/neue-moebeltrends-2019\\\/#breadcrumb\",\"itemListElement\":[{\"@type\":\"ListItem\",\"position\":1,\"name\":\"Startseite\",\"item\":\"https:\\\/\\\/www.zurbrueggen.de\\\/magazin\\\/\"},{\"@type\":\"ListItem\",\"position\":2,\"name\":\"Neue M\u00f6beltrends 2019\"}]},{\"@type\":\"WebSite\",\"@id\":\"https:\\\/\\\/www.zurbrueggen.de\\\/magazin\\\/#website\",\"url\":\"https:\\\/\\\/www.zurbrueggen.de\\\/magazin\\\/\",\"name\":\"Zurbr\u00fcggen magazin\",\"description\":\"DESIGN \u2022 STYLE \u2022 LIVING\",\"publisher\":{\"@id\":\"https:\\\/\\\/www.zurbrueggen.de\\\/magazin\\\/#organization\"},\"potentialAction\":[{\"@type\":\"SearchAction\",\"target\":{\"@type\":\"EntryPoint\",\"urlTemplate\":\"https:\\\/\\\/www.zurbrueggen.de\\\/magazin\\\/?s={search_term_string}\"},\"query-input\":{\"@type\":\"PropertyValueSpecification\",\"valueRequired\":true,\"valueName\":\"search_term_string\"}}],\"inLanguage\":\"de\"},{\"@type\":\"Organization\",\"@id\":\"https:\\\/\\\/www.zurbrueggen.de\\\/magazin\\\/#organization\",\"name\":\"Zurbr\u00fcggen Wohn-Zentrum GmbH\",\"url\":\"https:\\\/\\\/www.zurbrueggen.de\\\/magazin\\\/\",\"logo\":{\"@type\":\"ImageObject\",\"inLanguage\":\"de\",\"@id\":\"https:\\\/\\\/www.zurbrueggen.de\\\/magazin\\\/#\\\/schema\\\/logo\\\/image\\\/\",\"url\":\"https:\\\/\\\/www.zurbrueggen.de\\\/magazin\\\/wp-content\\\/uploads\\\/2016\\\/07\\\/logo_zurbrueggen.png\",\"contentUrl\":\"https:\\\/\\\/www.zurbrueggen.de\\\/magazin\\\/wp-content\\\/uploads\\\/2016\\\/07\\\/logo_zurbrueggen.png\",\"width\":400,\"height\":107,\"caption\":\"Zurbr\u00fcggen Wohn-Zentrum GmbH\"},\"image\":{\"@id\":\"https:\\\/\\\/www.zurbrueggen.de\\\/magazin\\\/#\\\/schema\\\/logo\\\/image\\\/\"},\"sameAs\":[\"https:\\\/\\\/facebook.com\\\/zurbrueggen\",\"https:\\\/\\\/x.com\\\/Zurbrueggen\"]},{\"@type\":\"Person\",\"@id\":\"https:\\\/\\\/www.zurbrueggen.de\\\/magazin\\\/#\\\/schema\\\/person\\\/07170b1da6f7876ac78e450b9a3ed3d6\",\"name\":\"Linda Wolfgart\",\"image\":{\"@type\":\"ImageObject\",\"inLanguage\":\"de\",\"@id\":\"https:\\\/\\\/secure.gravatar.com\\\/avatar\\\/f84173980fbd4382d8c0ae77c07dbf27a65219dbdadb5b039dab209120bb5c55?s=96&d=mm&r=g\",\"url\":\"https:\\\/\\\/secure.gravatar.com\\\/avatar\\\/f84173980fbd4382d8c0ae77c07dbf27a65219dbdadb5b039dab209120bb5c55?s=96&d=mm&r=g\",\"contentUrl\":\"https:\\\/\\\/secure.gravatar.com\\\/avatar\\\/f84173980fbd4382d8c0ae77c07dbf27a65219dbdadb5b039dab209120bb5c55?s=96&d=mm&r=g\",\"caption\":\"Linda Wolfgart\"},\"url\":\"https:\\\/\\\/www.zurbrueggen.de\\\/magazin\\\/author\\\/l_junowicz\\\/\"}]}<\/script>\n<!-- \/ Yoast SEO plugin. -->","yoast_head_json":{"title":"Neue M\u00f6beltrends 2019: imm cologne | Zurbr\u00fcggen \u00bbmagazin\u00ab","description":"Sie suchen neue Wohnideen? Die M\u00f6beltrends von der imm cologne 2019 haben wir f\u00fcr Sie mitgebracht. Lassen Sie sich inspirieren und holen Sie sich Ideen!","robots":{"index":"index","follow":"follow","max-snippet":"max-snippet:-1","max-image-preview":"max-image-preview:large","max-video-preview":"max-video-preview:-1"},"canonical":"https:\/\/www.zurbrueggen.de\/magazin\/neue-moebeltrends-2019\/","og_locale":"de_DE","og_type":"article","og_title":"Neue M\u00f6beltrends 2019: imm cologne | Zurbr\u00fcggen \u00bbmagazin\u00ab","og_description":"Sie suchen neue Wohnideen? Die M\u00f6beltrends von der imm cologne 2019 haben wir f\u00fcr Sie mitgebracht. Lassen Sie sich inspirieren und holen Sie sich Ideen!","og_url":"https:\/\/www.zurbrueggen.de\/magazin\/neue-moebeltrends-2019\/","og_site_name":"Zurbr\u00fcggen magazin","article_publisher":"https:\/\/facebook.com\/zurbrueggen","article_published_time":"2019-01-29T16:21:00+00:00","article_modified_time":"2019-02-12T08:12:30+00:00","og_image":[{"width":1200,"height":675,"url":"https:\/\/www.zurbrueggen.de\/magazin\/wp-content\/uploads\/2019\/01\/magazin-imm-cologne2019-cta-m-01.jpg","type":"image\/jpeg"}],"author":"Linda Wolfgart","schema":{"@context":"https:\/\/schema.org","@graph":[{"@type":"Article","@id":"https:\/\/www.zurbrueggen.de\/magazin\/neue-moebeltrends-2019\/#article","isPartOf":{"@id":"https:\/\/www.zurbrueggen.de\/magazin\/neue-moebeltrends-2019\/"},"author":{"name":"Linda Wolfgart","@id":"https:\/\/www.zurbrueggen.de\/magazin\/#\/schema\/person\/07170b1da6f7876ac78e450b9a3ed3d6"},"headline":"Neue M\u00f6beltrends 2019","datePublished":"2019-01-29T16:21:00+00:00","dateModified":"2019-02-12T08:12:30+00:00","mainEntityOfPage":{"@id":"https:\/\/www.zurbrueggen.de\/magazin\/neue-moebeltrends-2019\/"},"wordCount":944,"commentCount":1,"publisher":{"@id":"https:\/\/www.zurbrueggen.de\/magazin\/#organization"},"image":{"@id":"https:\/\/www.zurbrueggen.de\/magazin\/neue-moebeltrends-2019\/#primaryimage"},"thumbnailUrl":"https:\/\/www.zurbrueggen.de\/magazin\/wp-content\/uploads\/2019\/01\/magazin-imm-cologne2019-cta-m-01.jpg","articleSection":["Alle Artikel","trend","Trends &amp; Wissen"],"inLanguage":"de","potentialAction":[{"@type":"CommentAction","name":"Comment","target":["https:\/\/www.zurbrueggen.de\/magazin\/neue-moebeltrends-2019\/#respond"]}]},{"@type":"WebPage","@id":"https:\/\/www.zurbrueggen.de\/magazin\/neue-moebeltrends-2019\/","url":"https:\/\/www.zurbrueggen.de\/magazin\/neue-moebeltrends-2019\/","name":"Neue M\u00f6beltrends 2019: imm cologne | Zurbr\u00fcggen \u00bbmagazin\u00ab","isPartOf":{"@id":"https:\/\/www.zurbrueggen.de\/magazin\/#website"},"primaryImageOfPage":{"@id":"https:\/\/www.zurbrueggen.de\/magazin\/neue-moebeltrends-2019\/#primaryimage"},"image":{"@id":"https:\/\/www.zurbrueggen.de\/magazin\/neue-moebeltrends-2019\/#primaryimage"},"thumbnailUrl":"https:\/\/www.zurbrueggen.de\/magazin\/wp-content\/uploads\/2019\/01\/magazin-imm-cologne2019-cta-m-01.jpg","datePublished":"2019-01-29T16:21:00+00:00","dateModified":"2019-02-12T08:12:30+00:00","description":"Sie suchen neue Wohnideen? Die M\u00f6beltrends von der imm cologne 2019 haben wir f\u00fcr Sie mitgebracht. Lassen Sie sich inspirieren und holen Sie sich Ideen!","breadcrumb":{"@id":"https:\/\/www.zurbrueggen.de\/magazin\/neue-moebeltrends-2019\/#breadcrumb"},"inLanguage":"de","potentialAction":[{"@type":"ReadAction","target":["https:\/\/www.zurbrueggen.de\/magazin\/neue-moebeltrends-2019\/"]}]},{"@type":"ImageObject","inLanguage":"de","@id":"https:\/\/www.zurbrueggen.de\/magazin\/neue-moebeltrends-2019\/#primaryimage","url":"https:\/\/www.zurbrueggen.de\/magazin\/wp-content\/uploads\/2019\/01\/magazin-imm-cologne2019-cta-m-01.jpg","contentUrl":"https:\/\/www.zurbrueggen.de\/magazin\/wp-content\/uploads\/2019\/01\/magazin-imm-cologne2019-cta-m-01.jpg","width":1200,"height":675,"caption":"imm cologne 2019"},{"@type":"BreadcrumbList","@id":"https:\/\/www.zurbrueggen.de\/magazin\/neue-moebeltrends-2019\/#breadcrumb","itemListElement":[{"@type":"ListItem","position":1,"name":"Startseite","item":"https:\/\/www.zurbrueggen.de\/magazin\/"},{"@type":"ListItem","position":2,"name":"Neue M\u00f6beltrends 2019"}]},{"@type":"WebSite","@id":"https:\/\/www.zurbrueggen.de\/magazin\/#website","url":"https:\/\/www.zurbrueggen.de\/magazin\/","name":"Zurbr\u00fcggen magazin","description":"DESIGN \u2022 STYLE \u2022 LIVING","publisher":{"@id":"https:\/\/www.zurbrueggen.de\/magazin\/#organization"},"potentialAction":[{"@type":"SearchAction","target":{"@type":"EntryPoint","urlTemplate":"https:\/\/www.zurbrueggen.de\/magazin\/?s={search_term_string}"},"query-input":{"@type":"PropertyValueSpecification","valueRequired":true,"valueName":"search_term_string"}}],"inLanguage":"de"},{"@type":"Organization","@id":"https:\/\/www.zurbrueggen.de\/magazin\/#organization","name":"Zurbr\u00fcggen Wohn-Zentrum GmbH","url":"https:\/\/www.zurbrueggen.de\/magazin\/","logo":{"@type":"ImageObject","inLanguage":"de","@id":"https:\/\/www.zurbrueggen.de\/magazin\/#\/schema\/logo\/image\/","url":"https:\/\/www.zurbrueggen.de\/magazin\/wp-content\/uploads\/2016\/07\/logo_zurbrueggen.png","contentUrl":"https:\/\/www.zurbrueggen.de\/magazin\/wp-content\/uploads\/2016\/07\/logo_zurbrueggen.png","width":400,"height":107,"caption":"Zurbr\u00fcggen Wohn-Zentrum GmbH"},"image":{"@id":"https:\/\/www.zurbrueggen.de\/magazin\/#\/schema\/logo\/image\/"},"sameAs":["https:\/\/facebook.com\/zurbrueggen","https:\/\/x.com\/Zurbrueggen"]},{"@type":"Person","@id":"https:\/\/www.zurbrueggen.de\/magazin\/#\/schema\/person\/07170b1da6f7876ac78e450b9a3ed3d6","name":"Linda Wolfgart","image":{"@type":"ImageObject","inLanguage":"de","@id":"https:\/\/secure.gravatar.com\/avatar\/f84173980fbd4382d8c0ae77c07dbf27a65219dbdadb5b039dab209120bb5c55?s=96&d=mm&r=g","url":"https:\/\/secure.gravatar.com\/avatar\/f84173980fbd4382d8c0ae77c07dbf27a65219dbdadb5b039dab209120bb5c55?s=96&d=mm&r=g","contentUrl":"https:\/\/secure.gravatar.com\/avatar\/f84173980fbd4382d8c0ae77c07dbf27a65219dbdadb5b039dab209120bb5c55?s=96&d=mm&r=g","caption":"Linda Wolfgart"},"url":"https:\/\/www.zurbrueggen.de\/magazin\/author\/l_junowicz\/"}]}},"_links":{"self":[{"href":"https:\/\/www.zurbrueggen.de\/magazin\/wp-json\/wp\/v2\/posts\/3731","targetHints":{"allow":["GET"]}}],"collection":[{"href":"https:\/\/www.zurbrueggen.de\/magazin\/wp-json\/wp\/v2\/posts"}],"about":[{"href":"https:\/\/www.zurbrueggen.de\/magazin\/wp-json\/wp\/v2\/types\/post"}],"author":[{"embeddable":true,"href":"https:\/\/www.zurbrueggen.de\/magazin\/wp-json\/wp\/v2\/users\/20"}],"replies":[{"embeddable":true,"href":"https:\/\/www.zurbrueggen.de\/magazin\/wp-json\/wp\/v2\/comments?post=3731"}],"version-history":[{"count":21,"href":"https:\/\/www.zurbrueggen.de\/magazin\/wp-json\/wp\/v2\/posts\/3731\/revisions"}],"predecessor-version":[{"id":3788,"href":"https:\/\/www.zurbrueggen.de\/magazin\/wp-json\/wp\/v2\/posts\/3731\/revisions\/3788"}],"wp:featuredmedia":[{"embeddable":true,"href":"https:\/\/www.zurbrueggen.de\/magazin\/wp-json\/wp\/v2\/media\/3748"}],"wp:attachment":[{"href":"https:\/\/www.zurbrueggen.de\/magazin\/wp-json\/wp\/v2\/media?parent=3731"}],"wp:term":[{"taxonomy":"category","embeddable":true,"href":"https:\/\/www.zurbrueggen.de\/magazin\/wp-json\/wp\/v2\/categories?post=3731"},{"taxonomy":"post_tag","embeddable":true,"href":"https:\/\/www.zurbrueggen.de\/magazin\/wp-json\/wp\/v2\/tags?post=3731"}],"curies":[{"name":"wp","href":"https:\/\/api.w.org\/{rel}","templated":true}]}}