{"id":3298,"date":"2018-08-06T16:55:12","date_gmt":"2018-08-06T14:55:12","guid":{"rendered":"https:\/\/www.zurbrueggen.de\/magazin\/?p=3298"},"modified":"2019-08-06T14:22:30","modified_gmt":"2019-08-06T12:22:30","slug":"einrichten-mit-erdtoenen-der-natuerliche-wohlfuehlfaktor","status":"publish","type":"post","link":"https:\/\/www.zurbrueggen.de\/magazin\/einrichten-mit-erdtoenen-der-natuerliche-wohlfuehlfaktor\/","title":{"rendered":"Einrichten mit Erdt\u00f6nen \u2013 der nat\u00fcrliche Wohlf\u00fchlfaktor"},"content":{"rendered":"<p><span class=\"vorschau\" style=\"font-family: 'Roboto Slab'; font-size: 22px; line-height: 34px; font-weight: 300; margin-top: 40px;\">Die Farben der Natur sind inspirierend. Die unendliche Vielfalt der Schattierungen von Gelb \u00fcber Rot bis Braun, Gr\u00fcnt\u00f6nen oder Metallschimmer ist faszinierend und regt zum Tr\u00e4umen an. In einem gem\u00fctlichen Ambiente aus warmen Holzt\u00f6nen, sanft get\u00f6nten W\u00e4nden und nat\u00fcrlichen Wohnaccessoires l\u00e4sst es sich immer noch am besten entspannen. Holen Sie sich im Folgenden Tipps, wie Sie Ihr Zuhause mit den Naturfarben gestalten.<\/span><\/p>\n<p>&nbsp;<\/p>\n<p><!--more--><\/p>\n<h2><\/h2>\n<h2 id=\"id-(magazin)EinrichtenmitErdt\u00f6nen\u2013dernat\u00fcrlicheWohlf\u00fchlfaktor-Holz\u2013NaturmaterialundErdt\u00f6neinperfekterVerbindung\"><span class=\"subheading\" style=\"font-family: 'Roboto Slab', sans-serif; font-size: 20px; margin-top: 40px; font-weight: 400; text-transform: none; margin-left: 12.5%;\">Holz \u2013 Naturmaterial und Erdt\u00f6ne in perfekter Verbindung<\/span><\/h2>\n<p><span class=\"fliesstext\" style=\"font-family: Roboto, sans-serif; font-size: 16px; line-height: 24px; font-weight: 400;\">So wie ein Baum in der Erde wurzelt, so innig ist die Verbindung aus nat\u00fcrlichem Holz und warmen Braunt\u00f6nen. Das vielseitige Material pr\u00e4gt den Wohnraum auf unterschiedlichste Weise: Edle <span class=\"fliesstext\" style=\"font-family: Roboto, sans-serif; font-size: 16px; line-height: 24px; font-weight: 400;\"><span class=\"fliesstext\" style=\"font-family: Roboto, sans-serif; font-size: 16px; line-height: 24px; font-weight: 400;\"><a href=\"https:\/\/www.zurbrueggen.de\/shop\/einrichten-mit-holz.html\">Holzm\u00f6bel<\/a> vom \u00fcppigen Esstisch bis zur eleganten Kommode, kompakte Dielen oder kleinteilig verlegtes Parkett und Accessoires von der Holzstatue bis zur filigranen Vase lassen der Fantasie freien Lauf.<\/span><\/p>\n<p><span class=\"fliesstext\" style=\"font-family: Roboto, sans-serif; font-size: 16px; line-height: 24px; font-weight: 400;\">Vor allem helle H\u00f6lzer liegen derzeit voll im Trend und schmeicheln dem Ambiente mit einem lichterf\u00fcllten gem\u00fctlichen Raumklima. Esche, Eiche, Buche oder Kiefer eignen sich perfekt f\u00fcr verschiedenste Stilrichtungen von nordischer Eleganz bis zum sonnigen Landhausstil. Die Farbnuancen bezaubern mit facettenreichen wei\u00df-gelblichen, hellgelben und gelbbraunen T\u00f6nen und werden akzentuiert von r\u00f6tlicher Buche oder leicht gr\u00fcnlicher Eiche.<\/span><\/p>\n<p><span class=\"fliesstext\" style=\"font-family: Roboto, sans-serif; font-size: 16px; line-height: 24px; font-weight: 400;\">Auch farbintensivere Holzarten wie Gold schimmernde Walnuss oder die rotbr\u00e4unliche Kirsche finden ihren Platz in der Wohneinrichtung. Die herrlichen Naturfarben d\u00fcrfen Sie individuell miteinander kombinieren. Gl\u00e4nzend lackiert, unbehandelt, ge\u00f6lt oder gewachst \u2013 Maserung, Helligkeit und Haptik kommen v\u00f6llig unterschiedlich zur Geltung und schaffen so Spielraum f\u00fcr den individuellen Geschmack.<\/span><\/p>\n<p>&nbsp;<\/p>\n<figure id=\"attachment_3302\" aria-describedby=\"caption-attachment-3302\" style=\"width: 1200px\" class=\"wp-caption aligncenter\"><img loading=\"lazy\" decoding=\"async\" class=\"wp-image-3302 size-full\" src=\"https:\/\/www.zurbrueggen.de\/magazin\/wp-content\/uploads\/2018\/08\/magazin-einrichten-mit-erdtoenen-1011114-nuvola-mit-m-04.jpg\" alt=\"Rolf Benz NUVOLA\" width=\"1200\" height=\"675\" srcset=\"https:\/\/www.zurbrueggen.de\/magazin\/wp-content\/uploads\/2018\/08\/magazin-einrichten-mit-erdtoenen-1011114-nuvola-mit-m-04.jpg 1200w, https:\/\/www.zurbrueggen.de\/magazin\/wp-content\/uploads\/2018\/08\/magazin-einrichten-mit-erdtoenen-1011114-nuvola-mit-m-04-300x169.jpg 300w, https:\/\/www.zurbrueggen.de\/magazin\/wp-content\/uploads\/2018\/08\/magazin-einrichten-mit-erdtoenen-1011114-nuvola-mit-m-04-768x432.jpg 768w, https:\/\/www.zurbrueggen.de\/magazin\/wp-content\/uploads\/2018\/08\/magazin-einrichten-mit-erdtoenen-1011114-nuvola-mit-m-04-1024x576.jpg 1024w, https:\/\/www.zurbrueggen.de\/magazin\/wp-content\/uploads\/2018\/08\/magazin-einrichten-mit-erdtoenen-1011114-nuvola-mit-m-04-665x374.jpg 665w, https:\/\/www.zurbrueggen.de\/magazin\/wp-content\/uploads\/2018\/08\/magazin-einrichten-mit-erdtoenen-1011114-nuvola-mit-m-04-462x260.jpg 462w\" sizes=\"auto, (max-width: 1200px) 100vw, 1200px\" \/><figcaption id=\"caption-attachment-3302\" class=\"wp-caption-text\">Rolf Benz NUVOLA<\/figcaption><\/figure>\n<p>&nbsp;<\/p>\n<h2 id=\"id-(magazin)EinrichtenmitErdt\u00f6nen\u2013dernat\u00fcrlicheWohlf\u00fchlfaktor-HarmonischeErdt\u00f6neinfaszinierenderFarbpracht\"><span class=\"subheading\" style=\"font-family: 'Roboto Slab', sans-serif; font-size: 20px; margin-top: 40px; font-weight: 400; text-transform: none; margin-left: 12.5%;\">Harmonische Erdt\u00f6ne in faszinierender Farbpracht<\/span><\/h2>\n<p><span class=\"fliesstext\" style=\"font-family: Roboto, sans-serif; font-size: 16px; line-height: 24px; font-weight: 400;\">Die warmen Erdt\u00f6ne entspringen gemeinsam der Natur und d\u00fcrfen sich in der Wohnungseinrichtung zum abwechslungsreichen Gesamtbild verbinden. Die Materialien sind vielf\u00e4ltig kombinierbar: Massives Holz und weiches Leder treffen auf leichte Korbgeflechte und Naturteppiche, zarte Vorh\u00e4nge und Kissen umrahmen k\u00fchlen Stein und gl\u00e4nzendes Metall, w\u00e4hrend Glas und Keramik das Bild vervollst\u00e4ndigen.<\/span><\/p>\n<p><span class=\"fliesstext\" style=\"font-family: Roboto, sans-serif; font-size: 16px; line-height: 24px; font-weight: 400;\">Aufeinander abgestimmte Naturfarben und Akzente aus kr\u00e4ftigen Erdt\u00f6nen geben den R\u00e4umen ein stilvolles Ambiente. Dabei mixen Sie einen dunklen Grundton wie sattes Braun oder edles Schiefergrau am besten mit hellen T\u00f6nen wie Wei\u00df, Creme oder Zartgelb.<\/span><\/p>\n<p>&nbsp;<\/p>\n<h3><span class=\"subheading-h3\" style=\"font-family: 'Roboto Slab', sans-serif; font-size: 20px; margin-top: 40px; font-weight: 300; text-transform: none; margin-left: 12.5%; margin-bottom: -10px;\">So entstehen Orte der Entspannung, an denen K\u00f6rper und Seele zum Einklang kommen:<\/span><\/h3>\n<p>&nbsp;<\/p>\n<ul>\n<li><span class=\"fliesstext\" style=\"font-family: Roboto, sans-serif; font-size: 16px; line-height: 24px; font-weight: 400;\">Der\u00a0<a class=\"external-link\" href=\"https:\/\/www.zurbrueggen.de\/shop\/speisen.html\" rel=\"nofollow\">Essbereich<\/a>\u00a0l\u00e4dt mit dezent schilfgr\u00fcner Wand und gro\u00dfen Esstisch aus hellem Holz zu geselligen Runden ein. Der nat\u00fcrliche Gr\u00fcnton wird perfekt aufgegriffen von Tischl\u00e4ufern und Stuhlkissen. Edle Akzente setzen ein silbern funkelnder Lampenschirm, Kerzenst\u00e4nder und Glasvasen.<\/span><\/li>\n<li><span class=\"fliesstext\" style=\"font-family: Roboto, sans-serif; font-size: 16px; line-height: 24px; font-weight: 400;\">Helle Holzt\u00f6ne zaubern auch das Badezimmer in eine moderne Wohlf\u00fchloase. Schr\u00e4nke in zeitlosem Design aus gelbbraunem Eichenpaneel bilden ein perfektes Gleichgewicht mit hochgl\u00e4nzenden Armaturen und strahlend wei\u00dfer Sanit\u00e4reinrichtung. Handt\u00fccher und Accessoires in dunklem Braun laden zum Verweilen ein.<\/span><\/li>\n<li><span class=\"fliesstext\" style=\"font-family: Roboto, sans-serif; font-size: 16px; line-height: 24px; font-weight: 400;\">Frische Sand-, Beige- und Cremet\u00f6ne holen den Sommer ins Haus. Ein Ledersofa in sanftem Cremewei\u00df, ein Naturteppich auf hellem Holzboden, transparente wei\u00dfe Vorh\u00e4nge und ein kuscheliger sandfarbener Sitzsack bilden ein stimmiges Ton-in-Ton-Konzept. Dazu passen hervorragend Sofakissen und Decken in verf\u00fchrerischem Apricot oder Zartgelb.<\/span><\/li>\n<li><span class=\"fliesstext\" style=\"font-family: Roboto, sans-serif; font-size: 16px; line-height: 24px; font-weight: 400;\">Der klassische\u00a0<a class=\"external-link\" href=\"https:\/\/www.zurbrueggen.de\/shop\/wohnen.html\" rel=\"nofollow\">Wohnzimmerstil<\/a>\u00a0in kr\u00e4ftigem Braun schafft mit edlen Farbkombinationen eine warme und ger\u00e4umig wirkende Atmosph\u00e4re. Die \u00fcppige Sitzecke in vornehmem Schokoladenbraun liebt Wohntextilien in Orange oder Rosa. Dunkles Nussbaum-Parkett wird mit einem azurblauen oder t\u00fcrkisfarbenen Teppich hervorragend in Szene gesetzt. Kolonialbraunes Mobiliar oder eine au\u00dfergew\u00f6hnliche Wandvert\u00e4felung wird durch helle Pendelleuchten ins rechte Licht gesetzt.<\/span><\/li>\n<\/ul>\n<p>&nbsp;<\/p>\n<figure id=\"attachment_3303\" aria-describedby=\"caption-attachment-3303\" style=\"width: 1200px\" class=\"wp-caption aligncenter\"><img loading=\"lazy\" decoding=\"async\" class=\"wp-image-3303 size-full\" src=\"https:\/\/www.zurbrueggen.de\/magazin\/wp-content\/uploads\/2018\/08\/magazin-einrichten-mit-erdtoenen-1119948-denia-mit-m-02.jpg\" alt=\"Zurbr\u00fcggen Wohnkombination DENIA\" width=\"1200\" height=\"675\" srcset=\"https:\/\/www.zurbrueggen.de\/magazin\/wp-content\/uploads\/2018\/08\/magazin-einrichten-mit-erdtoenen-1119948-denia-mit-m-02.jpg 1200w, https:\/\/www.zurbrueggen.de\/magazin\/wp-content\/uploads\/2018\/08\/magazin-einrichten-mit-erdtoenen-1119948-denia-mit-m-02-300x169.jpg 300w, https:\/\/www.zurbrueggen.de\/magazin\/wp-content\/uploads\/2018\/08\/magazin-einrichten-mit-erdtoenen-1119948-denia-mit-m-02-768x432.jpg 768w, https:\/\/www.zurbrueggen.de\/magazin\/wp-content\/uploads\/2018\/08\/magazin-einrichten-mit-erdtoenen-1119948-denia-mit-m-02-1024x576.jpg 1024w, https:\/\/www.zurbrueggen.de\/magazin\/wp-content\/uploads\/2018\/08\/magazin-einrichten-mit-erdtoenen-1119948-denia-mit-m-02-665x374.jpg 665w, https:\/\/www.zurbrueggen.de\/magazin\/wp-content\/uploads\/2018\/08\/magazin-einrichten-mit-erdtoenen-1119948-denia-mit-m-02-462x260.jpg 462w\" sizes=\"auto, (max-width: 1200px) 100vw, 1200px\" \/><figcaption id=\"caption-attachment-3303\" class=\"wp-caption-text\">Zurbr\u00fcggen Wohnkombination DENIA<\/figcaption><\/figure>\n<p>&nbsp;<\/p>\n<h2 id=\"id-(magazin)EinrichtenmitErdt\u00f6nen\u2013dernat\u00fcrlicheWohlf\u00fchlfaktor-VonderNaturumgebenmitW\u00e4ndeninErdt\u00f6nen\"><span class=\"subheading\" style=\"font-family: 'Roboto Slab', sans-serif; font-size: 20px; margin-top: 40px; font-weight: 400; text-transform: none; margin-left: 12.5%;\">Von der Natur umgeben mit W\u00e4nden in Erdt\u00f6nen<\/span><\/h2>\n<p><span class=\"fliesstext\" style=\"font-family: Roboto, sans-serif; font-size: 16px; line-height: 24px; font-weight: 400;\">An den W\u00e4nden zeigen die nat\u00fcrlichen Erdt\u00f6ne ihre beruhigende Wirkung auf gro\u00dfer Fl\u00e4che. Eine weiche Ausstrahlung hat die Farbe Sand, die auch k\u00fchleren Materialien wie Naturstein, Glas oder Metall schmeichelt. Sand schafft zudem einen angenehm neutralen Hintergrund f\u00fcr kr\u00e4ftige T\u00f6ne von Orange bis Mintgr\u00fcn.<\/span><\/p>\n<p><span class=\"fliesstext\" style=\"font-family: Roboto, sans-serif; font-size: 16px; line-height: 24px; font-weight: 400;\">Dunkles Holz wird perfekt von W\u00e4nden in gebrochenem Wei\u00df umrahmt, w\u00e4hrend ein freundliches Beige sich perfekt mit blauen Akzenten kombinieren l\u00e4sst. Eine Wandgestaltung in Schiefergrau wirkt alles andere als k\u00fchl, sondern verw\u00f6hnt eine Einrichtung aus hellen Holzm\u00f6beln mit stilvollem Flair.<\/span><\/p>\n<p><span class=\"fliesstext\" style=\"font-family: Roboto, sans-serif; font-size: 16px; line-height: 24px; font-weight: 400;\">Eine besondere Raumwirkung zeigen Erdt\u00f6ne in intensiven Farben. Vom erdigen Braun \u00fcber Terrakotta bis zu strahlendem Maisgelb und Farngr\u00fcn harmonieren sie hervorragend mit Wei\u00df. Kontrastfarben bringen ebenfalls sehr sch\u00f6ne Ergebnisse. Wichtig ist dabei, dass der Anstrich wohldosiert an nur ein bis zwei W\u00e4nden erfolgt, um jeden Wohnraum mit Platz, Licht und Wohlgef\u00fchl verzaubern.<\/span><\/p>\n","protected":false},"excerpt":{"rendered":"<p>Die Farben der Natur sind inspirierend. Die unendliche Vielfalt der Schattierungen von Gelb \u00fcber Rot bis Braun, Gr\u00fcnt\u00f6nen oder Metallschimmer ist faszinierend und regt zum Tr\u00e4umen an. In einem gem\u00fctlichen Ambiente aus warmen Holzt\u00f6nen, sanft get\u00f6nten W\u00e4nden und nat\u00fcrlichen Wohnaccessoires l\u00e4sst es sich immer noch am besten entspannen. Holen Sie sich im Folgenden Tipps, wie [&hellip;]<\/p>\n","protected":false},"author":20,"featured_media":3301,"comment_status":"open","ping_status":"open","sticky":false,"template":"","format":"standard","meta":{"_acf_changed":false,"footnotes":""},"categories":[36,27],"tags":[],"class_list":["post-3298","post","type-post","status-publish","format-standard","has-post-thumbnail","hentry","category-ambiente","category-trends-und-wissen"],"acf":[],"yoast_head":"<!-- This site is optimized with the Yoast SEO plugin v27.4 - https:\/\/yoast.com\/product\/yoast-seo-wordpress\/ -->\n<title>Erdt\u00f6ne: Einrichten mit Naturfarben | Zurbr\u00fcggen \u00bbmagazin\u00ab<\/title>\n<meta name=\"description\" content=\"Das Einrichten mit Erdt\u00f6nen macht Ihr Zuhause zu einem Ort der Entspannung. Lassen Sie sich inspirieren, wie Sie die Naturfarben kreativ kombinieren!\" \/>\n<meta name=\"robots\" content=\"index, follow, max-snippet:-1, max-image-preview:large, max-video-preview:-1\" \/>\n<link rel=\"canonical\" href=\"https:\/\/www.zurbrueggen.de\/magazin\/einrichten-mit-erdtoenen-der-natuerliche-wohlfuehlfaktor\/\" \/>\n<meta property=\"og:locale\" content=\"de_DE\" \/>\n<meta property=\"og:type\" content=\"article\" \/>\n<meta property=\"og:title\" content=\"Erdt\u00f6ne: Einrichten mit Naturfarben | Zurbr\u00fcggen \u00bbmagazin\u00ab\" \/>\n<meta property=\"og:description\" content=\"Das Einrichten mit Erdt\u00f6nen macht Ihr Zuhause zu einem Ort der Entspannung. Lass dich inspirieren, wie du die Naturfarben kreativ kombinieren kannst!\" \/>\n<meta property=\"og:url\" content=\"https:\/\/www.zurbrueggen.de\/magazin\/einrichten-mit-erdtoenen-der-natuerliche-wohlfuehlfaktor\/\" \/>\n<meta property=\"og:site_name\" content=\"Zurbr\u00fcggen magazin\" \/>\n<meta property=\"article:publisher\" content=\"https:\/\/facebook.com\/zurbrueggen\" \/>\n<meta property=\"article:published_time\" content=\"2018-08-06T14:55:12+00:00\" \/>\n<meta property=\"article:modified_time\" content=\"2019-08-06T12:22:30+00:00\" \/>\n<meta property=\"og:image\" content=\"https:\/\/www.zurbrueggen.de\/magazin\/wp-content\/uploads\/2018\/08\/magazin-einrichten-mit-erdtoenen-211582012-mit-cta-06.png\" \/>\n\t<meta property=\"og:image:width\" content=\"1200\" \/>\n\t<meta property=\"og:image:height\" content=\"675\" \/>\n\t<meta property=\"og:image:type\" content=\"image\/png\" \/>\n<meta name=\"author\" content=\"Linda Wolfgart\" \/>\n<script type=\"application\/ld+json\" class=\"yoast-schema-graph\">{\"@context\":\"https:\\\/\\\/schema.org\",\"@graph\":[{\"@type\":\"Article\",\"@id\":\"https:\\\/\\\/www.zurbrueggen.de\\\/magazin\\\/einrichten-mit-erdtoenen-der-natuerliche-wohlfuehlfaktor\\\/#article\",\"isPartOf\":{\"@id\":\"https:\\\/\\\/www.zurbrueggen.de\\\/magazin\\\/einrichten-mit-erdtoenen-der-natuerliche-wohlfuehlfaktor\\\/\"},\"author\":{\"name\":\"Linda Wolfgart\",\"@id\":\"https:\\\/\\\/www.zurbrueggen.de\\\/magazin\\\/#\\\/schema\\\/person\\\/07170b1da6f7876ac78e450b9a3ed3d6\"},\"headline\":\"Einrichten mit Erdt\u00f6nen \u2013 der nat\u00fcrliche Wohlf\u00fchlfaktor\",\"datePublished\":\"2018-08-06T14:55:12+00:00\",\"dateModified\":\"2019-08-06T12:22:30+00:00\",\"mainEntityOfPage\":{\"@id\":\"https:\\\/\\\/www.zurbrueggen.de\\\/magazin\\\/einrichten-mit-erdtoenen-der-natuerliche-wohlfuehlfaktor\\\/\"},\"wordCount\":779,\"commentCount\":0,\"publisher\":{\"@id\":\"https:\\\/\\\/www.zurbrueggen.de\\\/magazin\\\/#organization\"},\"image\":{\"@id\":\"https:\\\/\\\/www.zurbrueggen.de\\\/magazin\\\/einrichten-mit-erdtoenen-der-natuerliche-wohlfuehlfaktor\\\/#primaryimage\"},\"thumbnailUrl\":\"https:\\\/\\\/www.zurbrueggen.de\\\/magazin\\\/wp-content\\\/uploads\\\/2018\\\/08\\\/magazin-einrichten-mit-erdtoenen-211582012-mit-cta-06.png\",\"articleSection\":[\"ambiente\",\"Trends &amp; Wissen\"],\"inLanguage\":\"de\",\"potentialAction\":[{\"@type\":\"CommentAction\",\"name\":\"Comment\",\"target\":[\"https:\\\/\\\/www.zurbrueggen.de\\\/magazin\\\/einrichten-mit-erdtoenen-der-natuerliche-wohlfuehlfaktor\\\/#respond\"]}]},{\"@type\":\"WebPage\",\"@id\":\"https:\\\/\\\/www.zurbrueggen.de\\\/magazin\\\/einrichten-mit-erdtoenen-der-natuerliche-wohlfuehlfaktor\\\/\",\"url\":\"https:\\\/\\\/www.zurbrueggen.de\\\/magazin\\\/einrichten-mit-erdtoenen-der-natuerliche-wohlfuehlfaktor\\\/\",\"name\":\"Erdt\u00f6ne: Einrichten mit Naturfarben | Zurbr\u00fcggen \u00bbmagazin\u00ab\",\"isPartOf\":{\"@id\":\"https:\\\/\\\/www.zurbrueggen.de\\\/magazin\\\/#website\"},\"primaryImageOfPage\":{\"@id\":\"https:\\\/\\\/www.zurbrueggen.de\\\/magazin\\\/einrichten-mit-erdtoenen-der-natuerliche-wohlfuehlfaktor\\\/#primaryimage\"},\"image\":{\"@id\":\"https:\\\/\\\/www.zurbrueggen.de\\\/magazin\\\/einrichten-mit-erdtoenen-der-natuerliche-wohlfuehlfaktor\\\/#primaryimage\"},\"thumbnailUrl\":\"https:\\\/\\\/www.zurbrueggen.de\\\/magazin\\\/wp-content\\\/uploads\\\/2018\\\/08\\\/magazin-einrichten-mit-erdtoenen-211582012-mit-cta-06.png\",\"datePublished\":\"2018-08-06T14:55:12+00:00\",\"dateModified\":\"2019-08-06T12:22:30+00:00\",\"description\":\"Das Einrichten mit Erdt\u00f6nen macht Ihr Zuhause zu einem Ort der Entspannung. Lassen Sie sich inspirieren, wie Sie die Naturfarben kreativ kombinieren!\",\"breadcrumb\":{\"@id\":\"https:\\\/\\\/www.zurbrueggen.de\\\/magazin\\\/einrichten-mit-erdtoenen-der-natuerliche-wohlfuehlfaktor\\\/#breadcrumb\"},\"inLanguage\":\"de\",\"potentialAction\":[{\"@type\":\"ReadAction\",\"target\":[\"https:\\\/\\\/www.zurbrueggen.de\\\/magazin\\\/einrichten-mit-erdtoenen-der-natuerliche-wohlfuehlfaktor\\\/\"]}]},{\"@type\":\"ImageObject\",\"inLanguage\":\"de\",\"@id\":\"https:\\\/\\\/www.zurbrueggen.de\\\/magazin\\\/einrichten-mit-erdtoenen-der-natuerliche-wohlfuehlfaktor\\\/#primaryimage\",\"url\":\"https:\\\/\\\/www.zurbrueggen.de\\\/magazin\\\/wp-content\\\/uploads\\\/2018\\\/08\\\/magazin-einrichten-mit-erdtoenen-211582012-mit-cta-06.png\",\"contentUrl\":\"https:\\\/\\\/www.zurbrueggen.de\\\/magazin\\\/wp-content\\\/uploads\\\/2018\\\/08\\\/magazin-einrichten-mit-erdtoenen-211582012-mit-cta-06.png\",\"width\":1200,\"height\":675},{\"@type\":\"BreadcrumbList\",\"@id\":\"https:\\\/\\\/www.zurbrueggen.de\\\/magazin\\\/einrichten-mit-erdtoenen-der-natuerliche-wohlfuehlfaktor\\\/#breadcrumb\",\"itemListElement\":[{\"@type\":\"ListItem\",\"position\":1,\"name\":\"Startseite\",\"item\":\"https:\\\/\\\/www.zurbrueggen.de\\\/magazin\\\/\"},{\"@type\":\"ListItem\",\"position\":2,\"name\":\"Einrichten mit Erdt\u00f6nen \u2013 der nat\u00fcrliche Wohlf\u00fchlfaktor\"}]},{\"@type\":\"WebSite\",\"@id\":\"https:\\\/\\\/www.zurbrueggen.de\\\/magazin\\\/#website\",\"url\":\"https:\\\/\\\/www.zurbrueggen.de\\\/magazin\\\/\",\"name\":\"Zurbr\u00fcggen magazin\",\"description\":\"DESIGN \u2022 STYLE \u2022 LIVING\",\"publisher\":{\"@id\":\"https:\\\/\\\/www.zurbrueggen.de\\\/magazin\\\/#organization\"},\"potentialAction\":[{\"@type\":\"SearchAction\",\"target\":{\"@type\":\"EntryPoint\",\"urlTemplate\":\"https:\\\/\\\/www.zurbrueggen.de\\\/magazin\\\/?s={search_term_string}\"},\"query-input\":{\"@type\":\"PropertyValueSpecification\",\"valueRequired\":true,\"valueName\":\"search_term_string\"}}],\"inLanguage\":\"de\"},{\"@type\":\"Organization\",\"@id\":\"https:\\\/\\\/www.zurbrueggen.de\\\/magazin\\\/#organization\",\"name\":\"Zurbr\u00fcggen Wohn-Zentrum GmbH\",\"url\":\"https:\\\/\\\/www.zurbrueggen.de\\\/magazin\\\/\",\"logo\":{\"@type\":\"ImageObject\",\"inLanguage\":\"de\",\"@id\":\"https:\\\/\\\/www.zurbrueggen.de\\\/magazin\\\/#\\\/schema\\\/logo\\\/image\\\/\",\"url\":\"https:\\\/\\\/www.zurbrueggen.de\\\/magazin\\\/wp-content\\\/uploads\\\/2016\\\/07\\\/logo_zurbrueggen.png\",\"contentUrl\":\"https:\\\/\\\/www.zurbrueggen.de\\\/magazin\\\/wp-content\\\/uploads\\\/2016\\\/07\\\/logo_zurbrueggen.png\",\"width\":400,\"height\":107,\"caption\":\"Zurbr\u00fcggen Wohn-Zentrum GmbH\"},\"image\":{\"@id\":\"https:\\\/\\\/www.zurbrueggen.de\\\/magazin\\\/#\\\/schema\\\/logo\\\/image\\\/\"},\"sameAs\":[\"https:\\\/\\\/facebook.com\\\/zurbrueggen\",\"https:\\\/\\\/x.com\\\/Zurbrueggen\"]},{\"@type\":\"Person\",\"@id\":\"https:\\\/\\\/www.zurbrueggen.de\\\/magazin\\\/#\\\/schema\\\/person\\\/07170b1da6f7876ac78e450b9a3ed3d6\",\"name\":\"Linda Wolfgart\",\"image\":{\"@type\":\"ImageObject\",\"inLanguage\":\"de\",\"@id\":\"https:\\\/\\\/secure.gravatar.com\\\/avatar\\\/f84173980fbd4382d8c0ae77c07dbf27a65219dbdadb5b039dab209120bb5c55?s=96&d=mm&r=g\",\"url\":\"https:\\\/\\\/secure.gravatar.com\\\/avatar\\\/f84173980fbd4382d8c0ae77c07dbf27a65219dbdadb5b039dab209120bb5c55?s=96&d=mm&r=g\",\"contentUrl\":\"https:\\\/\\\/secure.gravatar.com\\\/avatar\\\/f84173980fbd4382d8c0ae77c07dbf27a65219dbdadb5b039dab209120bb5c55?s=96&d=mm&r=g\",\"caption\":\"Linda Wolfgart\"},\"url\":\"https:\\\/\\\/www.zurbrueggen.de\\\/magazin\\\/author\\\/l_junowicz\\\/\"}]}<\/script>\n<!-- \/ Yoast SEO plugin. -->","yoast_head_json":{"title":"Erdt\u00f6ne: Einrichten mit Naturfarben | Zurbr\u00fcggen \u00bbmagazin\u00ab","description":"Das Einrichten mit Erdt\u00f6nen macht Ihr Zuhause zu einem Ort der Entspannung. Lassen Sie sich inspirieren, wie Sie die Naturfarben kreativ kombinieren!","robots":{"index":"index","follow":"follow","max-snippet":"max-snippet:-1","max-image-preview":"max-image-preview:large","max-video-preview":"max-video-preview:-1"},"canonical":"https:\/\/www.zurbrueggen.de\/magazin\/einrichten-mit-erdtoenen-der-natuerliche-wohlfuehlfaktor\/","og_locale":"de_DE","og_type":"article","og_title":"Erdt\u00f6ne: Einrichten mit Naturfarben | Zurbr\u00fcggen \u00bbmagazin\u00ab","og_description":"Das Einrichten mit Erdt\u00f6nen macht Ihr Zuhause zu einem Ort der Entspannung. Lass dich inspirieren, wie du die Naturfarben kreativ kombinieren kannst!","og_url":"https:\/\/www.zurbrueggen.de\/magazin\/einrichten-mit-erdtoenen-der-natuerliche-wohlfuehlfaktor\/","og_site_name":"Zurbr\u00fcggen magazin","article_publisher":"https:\/\/facebook.com\/zurbrueggen","article_published_time":"2018-08-06T14:55:12+00:00","article_modified_time":"2019-08-06T12:22:30+00:00","og_image":[{"width":1200,"height":675,"url":"https:\/\/www.zurbrueggen.de\/magazin\/wp-content\/uploads\/2018\/08\/magazin-einrichten-mit-erdtoenen-211582012-mit-cta-06.png","type":"image\/png"}],"author":"Linda Wolfgart","schema":{"@context":"https:\/\/schema.org","@graph":[{"@type":"Article","@id":"https:\/\/www.zurbrueggen.de\/magazin\/einrichten-mit-erdtoenen-der-natuerliche-wohlfuehlfaktor\/#article","isPartOf":{"@id":"https:\/\/www.zurbrueggen.de\/magazin\/einrichten-mit-erdtoenen-der-natuerliche-wohlfuehlfaktor\/"},"author":{"name":"Linda Wolfgart","@id":"https:\/\/www.zurbrueggen.de\/magazin\/#\/schema\/person\/07170b1da6f7876ac78e450b9a3ed3d6"},"headline":"Einrichten mit Erdt\u00f6nen \u2013 der nat\u00fcrliche Wohlf\u00fchlfaktor","datePublished":"2018-08-06T14:55:12+00:00","dateModified":"2019-08-06T12:22:30+00:00","mainEntityOfPage":{"@id":"https:\/\/www.zurbrueggen.de\/magazin\/einrichten-mit-erdtoenen-der-natuerliche-wohlfuehlfaktor\/"},"wordCount":779,"commentCount":0,"publisher":{"@id":"https:\/\/www.zurbrueggen.de\/magazin\/#organization"},"image":{"@id":"https:\/\/www.zurbrueggen.de\/magazin\/einrichten-mit-erdtoenen-der-natuerliche-wohlfuehlfaktor\/#primaryimage"},"thumbnailUrl":"https:\/\/www.zurbrueggen.de\/magazin\/wp-content\/uploads\/2018\/08\/magazin-einrichten-mit-erdtoenen-211582012-mit-cta-06.png","articleSection":["ambiente","Trends &amp; Wissen"],"inLanguage":"de","potentialAction":[{"@type":"CommentAction","name":"Comment","target":["https:\/\/www.zurbrueggen.de\/magazin\/einrichten-mit-erdtoenen-der-natuerliche-wohlfuehlfaktor\/#respond"]}]},{"@type":"WebPage","@id":"https:\/\/www.zurbrueggen.de\/magazin\/einrichten-mit-erdtoenen-der-natuerliche-wohlfuehlfaktor\/","url":"https:\/\/www.zurbrueggen.de\/magazin\/einrichten-mit-erdtoenen-der-natuerliche-wohlfuehlfaktor\/","name":"Erdt\u00f6ne: Einrichten mit Naturfarben | Zurbr\u00fcggen \u00bbmagazin\u00ab","isPartOf":{"@id":"https:\/\/www.zurbrueggen.de\/magazin\/#website"},"primaryImageOfPage":{"@id":"https:\/\/www.zurbrueggen.de\/magazin\/einrichten-mit-erdtoenen-der-natuerliche-wohlfuehlfaktor\/#primaryimage"},"image":{"@id":"https:\/\/www.zurbrueggen.de\/magazin\/einrichten-mit-erdtoenen-der-natuerliche-wohlfuehlfaktor\/#primaryimage"},"thumbnailUrl":"https:\/\/www.zurbrueggen.de\/magazin\/wp-content\/uploads\/2018\/08\/magazin-einrichten-mit-erdtoenen-211582012-mit-cta-06.png","datePublished":"2018-08-06T14:55:12+00:00","dateModified":"2019-08-06T12:22:30+00:00","description":"Das Einrichten mit Erdt\u00f6nen macht Ihr Zuhause zu einem Ort der Entspannung. Lassen Sie sich inspirieren, wie Sie die Naturfarben kreativ kombinieren!","breadcrumb":{"@id":"https:\/\/www.zurbrueggen.de\/magazin\/einrichten-mit-erdtoenen-der-natuerliche-wohlfuehlfaktor\/#breadcrumb"},"inLanguage":"de","potentialAction":[{"@type":"ReadAction","target":["https:\/\/www.zurbrueggen.de\/magazin\/einrichten-mit-erdtoenen-der-natuerliche-wohlfuehlfaktor\/"]}]},{"@type":"ImageObject","inLanguage":"de","@id":"https:\/\/www.zurbrueggen.de\/magazin\/einrichten-mit-erdtoenen-der-natuerliche-wohlfuehlfaktor\/#primaryimage","url":"https:\/\/www.zurbrueggen.de\/magazin\/wp-content\/uploads\/2018\/08\/magazin-einrichten-mit-erdtoenen-211582012-mit-cta-06.png","contentUrl":"https:\/\/www.zurbrueggen.de\/magazin\/wp-content\/uploads\/2018\/08\/magazin-einrichten-mit-erdtoenen-211582012-mit-cta-06.png","width":1200,"height":675},{"@type":"BreadcrumbList","@id":"https:\/\/www.zurbrueggen.de\/magazin\/einrichten-mit-erdtoenen-der-natuerliche-wohlfuehlfaktor\/#breadcrumb","itemListElement":[{"@type":"ListItem","position":1,"name":"Startseite","item":"https:\/\/www.zurbrueggen.de\/magazin\/"},{"@type":"ListItem","position":2,"name":"Einrichten mit Erdt\u00f6nen \u2013 der nat\u00fcrliche Wohlf\u00fchlfaktor"}]},{"@type":"WebSite","@id":"https:\/\/www.zurbrueggen.de\/magazin\/#website","url":"https:\/\/www.zurbrueggen.de\/magazin\/","name":"Zurbr\u00fcggen magazin","description":"DESIGN \u2022 STYLE \u2022 LIVING","publisher":{"@id":"https:\/\/www.zurbrueggen.de\/magazin\/#organization"},"potentialAction":[{"@type":"SearchAction","target":{"@type":"EntryPoint","urlTemplate":"https:\/\/www.zurbrueggen.de\/magazin\/?s={search_term_string}"},"query-input":{"@type":"PropertyValueSpecification","valueRequired":true,"valueName":"search_term_string"}}],"inLanguage":"de"},{"@type":"Organization","@id":"https:\/\/www.zurbrueggen.de\/magazin\/#organization","name":"Zurbr\u00fcggen Wohn-Zentrum GmbH","url":"https:\/\/www.zurbrueggen.de\/magazin\/","logo":{"@type":"ImageObject","inLanguage":"de","@id":"https:\/\/www.zurbrueggen.de\/magazin\/#\/schema\/logo\/image\/","url":"https:\/\/www.zurbrueggen.de\/magazin\/wp-content\/uploads\/2016\/07\/logo_zurbrueggen.png","contentUrl":"https:\/\/www.zurbrueggen.de\/magazin\/wp-content\/uploads\/2016\/07\/logo_zurbrueggen.png","width":400,"height":107,"caption":"Zurbr\u00fcggen Wohn-Zentrum GmbH"},"image":{"@id":"https:\/\/www.zurbrueggen.de\/magazin\/#\/schema\/logo\/image\/"},"sameAs":["https:\/\/facebook.com\/zurbrueggen","https:\/\/x.com\/Zurbrueggen"]},{"@type":"Person","@id":"https:\/\/www.zurbrueggen.de\/magazin\/#\/schema\/person\/07170b1da6f7876ac78e450b9a3ed3d6","name":"Linda Wolfgart","image":{"@type":"ImageObject","inLanguage":"de","@id":"https:\/\/secure.gravatar.com\/avatar\/f84173980fbd4382d8c0ae77c07dbf27a65219dbdadb5b039dab209120bb5c55?s=96&d=mm&r=g","url":"https:\/\/secure.gravatar.com\/avatar\/f84173980fbd4382d8c0ae77c07dbf27a65219dbdadb5b039dab209120bb5c55?s=96&d=mm&r=g","contentUrl":"https:\/\/secure.gravatar.com\/avatar\/f84173980fbd4382d8c0ae77c07dbf27a65219dbdadb5b039dab209120bb5c55?s=96&d=mm&r=g","caption":"Linda Wolfgart"},"url":"https:\/\/www.zurbrueggen.de\/magazin\/author\/l_junowicz\/"}]}},"_links":{"self":[{"href":"https:\/\/www.zurbrueggen.de\/magazin\/wp-json\/wp\/v2\/posts\/3298","targetHints":{"allow":["GET"]}}],"collection":[{"href":"https:\/\/www.zurbrueggen.de\/magazin\/wp-json\/wp\/v2\/posts"}],"about":[{"href":"https:\/\/www.zurbrueggen.de\/magazin\/wp-json\/wp\/v2\/types\/post"}],"author":[{"embeddable":true,"href":"https:\/\/www.zurbrueggen.de\/magazin\/wp-json\/wp\/v2\/users\/20"}],"replies":[{"embeddable":true,"href":"https:\/\/www.zurbrueggen.de\/magazin\/wp-json\/wp\/v2\/comments?post=3298"}],"version-history":[{"count":5,"href":"https:\/\/www.zurbrueggen.de\/magazin\/wp-json\/wp\/v2\/posts\/3298\/revisions"}],"predecessor-version":[{"id":4379,"href":"https:\/\/www.zurbrueggen.de\/magazin\/wp-json\/wp\/v2\/posts\/3298\/revisions\/4379"}],"wp:featuredmedia":[{"embeddable":true,"href":"https:\/\/www.zurbrueggen.de\/magazin\/wp-json\/wp\/v2\/media\/3301"}],"wp:attachment":[{"href":"https:\/\/www.zurbrueggen.de\/magazin\/wp-json\/wp\/v2\/media?parent=3298"}],"wp:term":[{"taxonomy":"category","embeddable":true,"href":"https:\/\/www.zurbrueggen.de\/magazin\/wp-json\/wp\/v2\/categories?post=3298"},{"taxonomy":"post_tag","embeddable":true,"href":"https:\/\/www.zurbrueggen.de\/magazin\/wp-json\/wp\/v2\/tags?post=3298"}],"curies":[{"name":"wp","href":"https:\/\/api.w.org\/{rel}","templated":true}]}}