{"id":3173,"date":"2018-06-25T13:00:52","date_gmt":"2018-06-25T11:00:52","guid":{"rendered":"https:\/\/www.zurbrueggen.de\/magazin\/?p=3173"},"modified":"2019-08-06T12:01:08","modified_gmt":"2019-08-06T10:01:08","slug":"mit-bildern-leben","status":"publish","type":"post","link":"https:\/\/www.zurbrueggen.de\/magazin\/mit-bildern-leben\/","title":{"rendered":"Mit Bildern leben"},"content":{"rendered":"<p><span class=\"fliesstext vorschau\" style=\"font-family: 'Roboto Slab'; font-size: 22px; line-height: 34px; font-weight: 300; margin-top: 40px;\">Eine Wohnung ohne Bilder wirkt leer und trist. Fotografien von lieben Menschen oder mit sch\u00f6nen Urlaubserinnerungen, eine selbst angefertigte Zeichnung oder ein beeindruckendes Kunstwerk bringen Pers\u00f6nlichkeit in die Wohnr\u00e4ume und wirken positiv auf den Betrachter. Daf\u00fcr den richtigen Rahmen zu schaffen ist einfacher als man denkt!<\/span><\/p>\n<p><!--more--><\/p>\n<p>&nbsp;<\/p>\n<h2><span class=\"subheading\" style=\"font-family: 'Roboto Slab', sans-serif; font-size: 20px; margin-top: 40px; font-weight: 400; text-transform: none; margin-left: 12.5%;\">Machen Sie sich ein Bild\u00a0<\/span><\/h2>\n<p>&nbsp;<\/p>\n<p><span class=\"fliesstext\" style=\"font-family: Roboto, sans-serif; font-size: 16px; line-height: 24px; font-weight: 400;\">F\u00fcr jeden Raum gibt es eine passende Bebilderung. Im Wohnzimmer als Ort der Entspannung, der Begegnung mit der Familie und der Repr\u00e4sentation tragen wertige k\u00fcnstlerische Arbeiten an der Wand oder eine Gruppe ausgew\u00e4hlter Familienfotos auf einem Tisch oder dem Sideboard zu einer individuellen und gem\u00fctlichen Atmosph\u00e4re bei. <\/span><\/p>\n<p><span class=\"fliesstext\" style=\"font-family: Roboto, sans-serif; font-size: 16px; line-height: 24px; font-weight: 400;\">Stillleben f\u00f6rdern in der K\u00fcche die Freude am kreativen Kochen, der Essbereich wirkt durch Caf\u00e9hausszenen geselliger. Inszenieren Sie Ihren Bildschmuck so, dass auch \u00fcber die Blickachsen harmonische Eindr\u00fccke entstehen. Grunds\u00e4tzlich ist eine wei\u00dfe Wand ein neutraler Hintergrund f\u00fcr jede Art von Kunst, manchmal aber wirken <span class=\"fliesstext\" style=\"font-family: Roboto, sans-serif; font-size: 16px; line-height: 24px; font-weight: 400;\"><span class=\"fliesstext\" style=\"font-family: Roboto, sans-serif; font-size: 16px; line-height: 24px; font-weight: 400;\"><a href=\"https:\/\/www.zurbrueggen.de\/shop\/boutique\/geschenke-wohnaccessoires\/bilder.html\">Bilder<\/a> in kr\u00e4ftigen Pinselstrichen auf einer dunkelfarbigen Wand oder freundliche Aquarelle auf W\u00e4nden in Pastellt\u00f6nen noch einmal so gut.<\/span><\/p>\n<p>&nbsp;<\/p>\n<figure id=\"attachment_3180\" aria-describedby=\"caption-attachment-3180\" style=\"width: 1200px\" class=\"wp-caption alignnone\"><img loading=\"lazy\" decoding=\"async\" class=\"wp-image-3180 size-full\" src=\"https:\/\/www.zurbrueggen.de\/magazin\/wp-content\/uploads\/2018\/06\/magazin-bilderrahmen-m-03.jpg\" alt=\"Ihre Lieblingsmotive gekonnt in Szene gesetzt\" width=\"1200\" height=\"675\" srcset=\"https:\/\/www.zurbrueggen.de\/magazin\/wp-content\/uploads\/2018\/06\/magazin-bilderrahmen-m-03.jpg 1200w, https:\/\/www.zurbrueggen.de\/magazin\/wp-content\/uploads\/2018\/06\/magazin-bilderrahmen-m-03-300x169.jpg 300w, https:\/\/www.zurbrueggen.de\/magazin\/wp-content\/uploads\/2018\/06\/magazin-bilderrahmen-m-03-768x432.jpg 768w, https:\/\/www.zurbrueggen.de\/magazin\/wp-content\/uploads\/2018\/06\/magazin-bilderrahmen-m-03-1024x576.jpg 1024w, https:\/\/www.zurbrueggen.de\/magazin\/wp-content\/uploads\/2018\/06\/magazin-bilderrahmen-m-03-665x374.jpg 665w, https:\/\/www.zurbrueggen.de\/magazin\/wp-content\/uploads\/2018\/06\/magazin-bilderrahmen-m-03-462x260.jpg 462w\" sizes=\"auto, (max-width: 1200px) 100vw, 1200px\" \/><figcaption id=\"caption-attachment-3180\" class=\"wp-caption-text\">Machen Sie sich ein Bild<\/figcaption><\/figure>\n<p>&nbsp;<\/p>\n<h2><span class=\"subheading\" style=\"font-family: 'Roboto Slab', sans-serif; font-size: 20px; margin-top: 40px; font-weight: 400; text-transform: none; margin-left: 12.5%;\">Gekonnt in Szene gesetzt<\/span><\/h2>\n<p>&nbsp;<\/p>\n<p><span class=\"fliesstext\" style=\"font-family: Roboto, sans-serif; font-size: 16px; line-height: 24px; font-weight: 400;\">Rahmen unterst\u00fctzen die Bildwirkung, daher sollten Werk und Rahmen idealerweise ein Ganzes bilden \u2013 Barock verzierte Goldrahmen verschaffen beispielsweise \u00fcppigen Motiven aus vergangenen Epochen in kr\u00e4ftigen Farben mehr Tiefe, helle Holzrahmen passen zu Fotografien und schmale Aluminiumrahmen eignen sich besonders f\u00fcr formal gestaltete Bilder.<\/span><\/p>\n<p><span class=\"fliesstext\" style=\"font-family: Roboto, sans-serif; font-size: 16px; line-height: 24px; font-weight: 400;\">Ob eckig, rund oder oval: Sie k\u00f6nnen Bilder individuell einfassen lassen oder auf serienm\u00e4\u00dfig hergestellte Rahmen in Normma\u00dfen zur\u00fcckgreifen. Als Wechselrahmen werden alle Standardrahmen bezeichnet, die meist schon mit R\u00fcckwand, Aufh\u00e4ngern und Passepartout ausgestattet sind. Holzrahmen sind langlebig und in unterschiedlichen Holzarten, Farben und Farbabstufungen von hell bis dunkel erh\u00e4ltlich.<\/span><\/p>\n<p><span class=\"fliesstext\" style=\"font-family: Roboto, sans-serif; font-size: 16px; line-height: 24px; font-weight: 400;\"> Mehr Farbigkeit bringen bunte, leichte Kunststoffrahmen ins Spiel, w\u00e4hrend Aluminiumrahmen das metallische Spektrum von Silber \u00fcber Messing bis Gold abdecken. Wer auf die Umrahmung seines Bildmotivs verzichten m\u00f6chte, greift auf rahmenlose Bildhalter zur\u00fcck. Sie erlauben au\u00dferdem ein einfaches Einlegen des Bildtr\u00e4gers zwischen Glas und R\u00fcckwand. Ein Objektrahmen mit viel Tiefe eignet sich f\u00fcr dreidimensionale Objekte, Leerrahmen nehmen Malplatten oder bespannte Keilrahmen auf. Und wer sich nicht verk\u00fcnsteln will, h\u00e4ngt die bemalte Leinwand an den Profilleisten auf.<\/span><\/p>\n<p><span class=\"fliesstext\" style=\"font-family: Roboto, sans-serif; font-size: 16px; line-height: 24px; font-weight: 400;\">So bekommen Sie den Durchblick: Auf Ma\u00df geschnittene oder standardisierte Passepartouts lassen Bilder gr\u00f6\u00dfer wirken und schaffen Abstand zwischen Bild, Rahmen und Glas. Je gr\u00f6\u00dfer das Bild, desto breiter sollte das Passepartout sein. Mindestens 0,5\u00a0cm kleiner als das Bild sollte ein Passepartout sein, damit es eine bemalte Fl\u00e4che wirklich abdeckt. Glasplatten sch\u00fctzen die empfindliche Oberfl\u00e4che eines Bildes, es gibt sie entspiegelt und reflexfrei sowie mit UV-Schutz. Acrylglas splittert nicht und ist leicht.<\/span><\/p>\n<p>&nbsp;<\/p>\n<figure id=\"attachment_3178\" aria-describedby=\"caption-attachment-3178\" style=\"width: 1200px\" class=\"wp-caption alignnone\"><img loading=\"lazy\" decoding=\"async\" class=\"wp-image-3178 size-full\" src=\"https:\/\/www.zurbrueggen.de\/magazin\/wp-content\/uploads\/2018\/06\/magazin-bilderrahmen-m-01.jpg\" alt=\"Ihre Lieblingsmotive gekonnt in Szene gesetzt\" width=\"1200\" height=\"675\" srcset=\"https:\/\/www.zurbrueggen.de\/magazin\/wp-content\/uploads\/2018\/06\/magazin-bilderrahmen-m-01.jpg 1200w, https:\/\/www.zurbrueggen.de\/magazin\/wp-content\/uploads\/2018\/06\/magazin-bilderrahmen-m-01-300x169.jpg 300w, https:\/\/www.zurbrueggen.de\/magazin\/wp-content\/uploads\/2018\/06\/magazin-bilderrahmen-m-01-768x432.jpg 768w, https:\/\/www.zurbrueggen.de\/magazin\/wp-content\/uploads\/2018\/06\/magazin-bilderrahmen-m-01-1024x576.jpg 1024w, https:\/\/www.zurbrueggen.de\/magazin\/wp-content\/uploads\/2018\/06\/magazin-bilderrahmen-m-01-665x374.jpg 665w, https:\/\/www.zurbrueggen.de\/magazin\/wp-content\/uploads\/2018\/06\/magazin-bilderrahmen-m-01-462x260.jpg 462w\" sizes=\"auto, (max-width: 1200px) 100vw, 1200px\" \/><figcaption id=\"caption-attachment-3178\" class=\"wp-caption-text\">Die H\u00e4ngung \u2013 (k)eine gro\u00dfe Kunst!<\/figcaption><\/figure>\n<p>&nbsp;<\/p>\n<h2><span class=\"subheading\" style=\"font-family: 'Roboto Slab', sans-serif; font-size: 20px; margin-top: 40px; font-weight: 400; text-transform: none; margin-left: 12.5%;\">Die H\u00e4ngung \u2013 (k)eine gro\u00dfe Kunst!<\/span><\/h2>\n<p>&nbsp;<\/p>\n<p><span class=\"fliesstext\" style=\"font-family: Roboto, sans-serif; font-size: 16px; line-height: 24px; font-weight: 400;\">Ein einzelnes Bild an einer Wand wirkt exklusiv und ausdrucksstark. Bei der sogenannten \u201ePetersburger H\u00e4ngung\u201c ist das Gegenteil der Fall: Viele Bilder f\u00fcgen sich dicht an dicht an eine Wand. Fr\u00fcher einmal sollte so, wie einst in der Petersburger Eremitage, Reichtum demonstriert werden. Was auf manch einen chaotisch wirkt, gewinnt durch die Zusammenstellung gleicher Formate, Motive, Farben oder Rahmen Ruhe.<\/span><\/p>\n<p><span class=\"fliesstext\" style=\"font-family: Roboto, sans-serif; font-size: 16px; line-height: 24px; font-weight: 400;\">Eindeutig geordnet erscheint die Reihen- oder Kantenh\u00e4ngung: An einer imagin\u00e4ren Mittellinie ausgerichtete und mit gleich gro\u00dfen Seitenabst\u00e4nde akkurat geh\u00e4ngte Bilder beeindrucken besonders, wenn sie ein wiederkehrendes Motiv oder gleiche Farbigkeit verbindet. Alternativ k\u00f6nnen Bilder an ihren oberen oder unteren Kanten ausgerichtet werden. Noch strenger wirkt Rasterh\u00e4ngung: Eine Gruppe gleich gro\u00dfer Bilder mit m\u00f6glichst gleichen Rahmen wird in exakt gleichen Abst\u00e4nden aufgeh\u00e4ngt.\u00a0<\/span><\/p>\n<p>&nbsp;<\/p>\n<figure id=\"attachment_3177\" aria-describedby=\"caption-attachment-3177\" style=\"width: 1200px\" class=\"wp-caption alignnone\"><img loading=\"lazy\" decoding=\"async\" class=\"wp-image-3177 size-full\" src=\"https:\/\/www.zurbrueggen.de\/magazin\/wp-content\/uploads\/2018\/06\/magazin-bilderrahmen-m-05.jpg\" alt=\"Ihre Lieblingsmotive gekonnt in Szene gesetzt\" width=\"1200\" height=\"675\" srcset=\"https:\/\/www.zurbrueggen.de\/magazin\/wp-content\/uploads\/2018\/06\/magazin-bilderrahmen-m-05.jpg 1200w, https:\/\/www.zurbrueggen.de\/magazin\/wp-content\/uploads\/2018\/06\/magazin-bilderrahmen-m-05-300x169.jpg 300w, https:\/\/www.zurbrueggen.de\/magazin\/wp-content\/uploads\/2018\/06\/magazin-bilderrahmen-m-05-768x432.jpg 768w, https:\/\/www.zurbrueggen.de\/magazin\/wp-content\/uploads\/2018\/06\/magazin-bilderrahmen-m-05-1024x576.jpg 1024w, https:\/\/www.zurbrueggen.de\/magazin\/wp-content\/uploads\/2018\/06\/magazin-bilderrahmen-m-05-665x374.jpg 665w, https:\/\/www.zurbrueggen.de\/magazin\/wp-content\/uploads\/2018\/06\/magazin-bilderrahmen-m-05-462x260.jpg 462w\" sizes=\"auto, (max-width: 1200px) 100vw, 1200px\" \/><figcaption id=\"caption-attachment-3177\" class=\"wp-caption-text\">Chaotisch oder korrekt \u2013 Sie k\u00f6nnen sich nicht entscheiden?<\/figcaption><\/figure>\n<p>&nbsp;<\/p>\n<p><span class=\"fliesstext\" style=\"font-family: Roboto, sans-serif; font-size: 16px; line-height: 24px; font-weight: 400;\">Chaotisch oder korrekt \u2013 Sie k\u00f6nnen sich nicht entscheiden? Dann gef\u00e4llt Ihnen vielleicht das Prinzip \u201eInside the Lines\u201c. Dabei wird ein Mix unterschiedlichster Bilder zwanglos auf einer gedachten geometrischen Fl\u00e4che geh\u00e4ngt. Oder pr\u00e4sentieren Sie Ihr Lieblingsfotomotiv ganz gro\u00df, indem sie es auf mehrere Bildtr\u00e4ger verteilen. Wichtig dabei: Die Bilder sollten dann, wie etwa bei einem Triptychon, mit geringem Abstand zueinander in einer Reihe auf Kante geh\u00e4ngt werden, damit sie als Einheit wirken.<\/span><\/p>\n<p><span class=\"fliesstext\" style=\"font-family: Roboto, sans-serif; font-size: 16px; line-height: 24px; font-weight: 400;\">Die Mitte eines Bildes sollte sich auf Augenh\u00f6he, idealerweise auf 160\u00a0cm H\u00f6he befinden. Legen Sie Ihre Wandkomposition aus mehreren Bildern am besten vor dem Aufh\u00e4ngen auf dem Boden aus. Nagel oder D\u00fcbel, Bleistift, Zollstock, Lineal, Wasserwaage, Hammer, Bohrmaschine sowie eine geduldige \u201eAssistenz\u201c \u2013 das braucht man f\u00fcrs \u201eklassische\u201c Aufh\u00e4ngen. Alternativ h\u00e4ngen Sie Ihre Bilder wie in einer Galerie mittels Nylonseilen an Schienen \u2013 so ist rascher Tausch einfach. Das Gleiche gilt f\u00fcr Bildleisten, auf denen die Werke abgestellt werden. Wer reichlich Betrachtungsabstand findet, stellt gro\u00dfe, plakative Bilder schlichtweg an die Wand.<\/span><\/p>\n<p><span class=\"fliesstext\" style=\"font-family: Roboto, sans-serif; font-size: 16px; line-height: 24px; font-weight: 400;\">Einfach h\u00e4ngen lassen oder \u00f6fter mal abh\u00e4ngen: Das kommt ganz auf Ihren Typ bei der Wohnraumgestaltung an. Machen Sie aus Ihrem Zuhause eine private \u201eGalerie\u201c mit viel Wohlf\u00fchlgarantie!<\/span><\/p>\n<p>&nbsp;<\/p>\n<h3 style=\"text-align: center;\"><span style=\"font-size: 20px;\"><a href=\"https:\/\/www.zurbrueggen.de\/shop\/boutique\/geschenke-wohnaccessoires\/bilderrahmen.html\"><span class=\"fliesstext subheading\" style=\"font-family: 'Roboto Slab', sans-serif; line-height: 24px; font-weight: 400; margin-top: 40px; text-transform: none;\"><i class=\"fa fa-angle-right\"><\/i>Bilderrahmen shoppen!<\/span><\/a><\/span><\/h3>\n<p>&nbsp;<\/p>\n<p><a href=\"https:\/\/www.zurbrueggen.de\/shop\/boutique\/geschenke-wohnaccessoires\/bilder.html\"><img loading=\"lazy\" decoding=\"async\" class=\"aligncenter size-full wp-image-3582\" src=\"https:\/\/www.zurbrueggen.de\/magazin\/wp-content\/uploads\/2018\/06\/lp-header-kollektion-wiedermann.jpg\" alt=\"Kollektion Wiedemann Serie &quot;ZEBRA &amp; ELEFANT&quot;\" width=\"1075\" height=\"234\" srcset=\"https:\/\/www.zurbrueggen.de\/magazin\/wp-content\/uploads\/2018\/06\/lp-header-kollektion-wiedermann.jpg 1075w, https:\/\/www.zurbrueggen.de\/magazin\/wp-content\/uploads\/2018\/06\/lp-header-kollektion-wiedermann-300x65.jpg 300w, https:\/\/www.zurbrueggen.de\/magazin\/wp-content\/uploads\/2018\/06\/lp-header-kollektion-wiedermann-768x167.jpg 768w, https:\/\/www.zurbrueggen.de\/magazin\/wp-content\/uploads\/2018\/06\/lp-header-kollektion-wiedermann-1024x223.jpg 1024w, https:\/\/www.zurbrueggen.de\/magazin\/wp-content\/uploads\/2018\/06\/lp-header-kollektion-wiedermann-665x145.jpg 665w\" sizes=\"auto, (max-width: 1075px) 100vw, 1075px\" \/><\/a><\/p>\n<h3 style=\"text-align: center;\"><span style=\"font-size: 20px;\"><a href=\"https:\/\/www.zurbrueggen.de\/shop\/boutique\/geschenke-wohnaccessoires\/bilder.html\"><span class=\"fliesstext subheading\" style=\"font-family: 'Roboto Slab', sans-serif; line-height: 24px; font-weight: 400; margin-top: 40px; text-transform: none;\"><i class=\"fa fa-angle-right\"><\/i>Bilder shoppen!<\/span><\/a><\/span><\/h3>\n<p>&nbsp;<\/p>\n<p>&nbsp;<\/p>\n","protected":false},"excerpt":{"rendered":"<p>Eine Wohnung ohne Bilder wirkt leer und trist. Fotografien von lieben Menschen oder mit sch\u00f6nen Urlaubserinnerungen, eine selbst angefertigte Zeichnung oder ein beeindruckendes Kunstwerk bringen Pers\u00f6nlichkeit in die Wohnr\u00e4ume und wirken positiv auf den Betrachter. Daf\u00fcr den richtigen Rahmen zu schaffen ist einfacher als man denkt!<\/p>\n","protected":false},"author":20,"featured_media":3176,"comment_status":"open","ping_status":"open","sticky":false,"template":"","format":"standard","meta":{"_acf_changed":false,"footnotes":""},"categories":[1,36,27],"tags":[],"class_list":["post-3173","post","type-post","status-publish","format-standard","has-post-thumbnail","hentry","category-alle-artikel","category-ambiente","category-trends-und-wissen"],"acf":[],"yoast_head":"<!-- This site is optimized with the Yoast SEO plugin v27.4 - https:\/\/yoast.com\/product\/yoast-seo-wordpress\/ -->\n<title>Mit Bildern leben | Zurbr\u00fcggen \u00bbmagazin\u00ab<\/title>\n<meta name=\"description\" content=\"Lieblingsmotive gekonnt in Szene gesetzt \u2013 Bilder einfach h\u00e4ngen lassen oder \u00f6fter mal abh\u00e4ngen: Das kommt ganz auf Ihren Typ bei der Wohnraumgestaltung an. Machen Sie aus Ihrem Zuhause eine private \u201eGalerie\u201c mit viel Wohlf\u00fchlgarantie!\" \/>\n<meta name=\"robots\" content=\"index, follow, max-snippet:-1, max-image-preview:large, max-video-preview:-1\" \/>\n<link rel=\"canonical\" href=\"https:\/\/www.zurbrueggen.de\/magazin\/mit-bildern-leben\/\" \/>\n<meta property=\"og:locale\" content=\"de_DE\" \/>\n<meta property=\"og:type\" content=\"article\" \/>\n<meta property=\"og:title\" content=\"Mit Bildern leben | Zurbr\u00fcggen \u00bbmagazin\u00ab\" \/>\n<meta property=\"og:description\" content=\"Lieblingsmotive gekonnt in Szene gesetzt \u2013 Bilder einfach h\u00e4ngen lassen oder \u00f6fter mal abh\u00e4ngen: Das kommt ganz auf deinen Typ bei der Wohnraumgestaltung an. Mach aus deinem Zuhause eine private \u201eGalerie\u201c mit viel Wohlf\u00fchlgarantie!\" \/>\n<meta property=\"og:url\" content=\"https:\/\/www.zurbrueggen.de\/magazin\/mit-bildern-leben\/\" \/>\n<meta property=\"og:site_name\" content=\"Zurbr\u00fcggen magazin\" \/>\n<meta property=\"article:publisher\" content=\"https:\/\/facebook.com\/zurbrueggen\" \/>\n<meta property=\"article:published_time\" content=\"2018-06-25T11:00:52+00:00\" \/>\n<meta property=\"article:modified_time\" content=\"2019-08-06T10:01:08+00:00\" \/>\n<meta property=\"og:image\" content=\"https:\/\/www.zurbrueggen.de\/magazin\/wp-content\/uploads\/2018\/06\/magazin-bilderrahmen-cta-02.jpg\" \/>\n\t<meta property=\"og:image:width\" content=\"1200\" \/>\n\t<meta property=\"og:image:height\" content=\"675\" \/>\n\t<meta property=\"og:image:type\" content=\"image\/jpeg\" \/>\n<meta name=\"author\" content=\"Linda Wolfgart\" \/>\n<script type=\"application\/ld+json\" class=\"yoast-schema-graph\">{\"@context\":\"https:\\\/\\\/schema.org\",\"@graph\":[{\"@type\":\"Article\",\"@id\":\"https:\\\/\\\/www.zurbrueggen.de\\\/magazin\\\/mit-bildern-leben\\\/#article\",\"isPartOf\":{\"@id\":\"https:\\\/\\\/www.zurbrueggen.de\\\/magazin\\\/mit-bildern-leben\\\/\"},\"author\":{\"name\":\"Linda Wolfgart\",\"@id\":\"https:\\\/\\\/www.zurbrueggen.de\\\/magazin\\\/#\\\/schema\\\/person\\\/07170b1da6f7876ac78e450b9a3ed3d6\"},\"headline\":\"Mit Bildern leben\",\"datePublished\":\"2018-06-25T11:00:52+00:00\",\"dateModified\":\"2019-08-06T10:01:08+00:00\",\"mainEntityOfPage\":{\"@id\":\"https:\\\/\\\/www.zurbrueggen.de\\\/magazin\\\/mit-bildern-leben\\\/\"},\"wordCount\":865,\"commentCount\":0,\"publisher\":{\"@id\":\"https:\\\/\\\/www.zurbrueggen.de\\\/magazin\\\/#organization\"},\"image\":{\"@id\":\"https:\\\/\\\/www.zurbrueggen.de\\\/magazin\\\/mit-bildern-leben\\\/#primaryimage\"},\"thumbnailUrl\":\"https:\\\/\\\/www.zurbrueggen.de\\\/magazin\\\/wp-content\\\/uploads\\\/2018\\\/06\\\/magazin-bilderrahmen-cta-02.jpg\",\"articleSection\":[\"Alle Artikel\",\"ambiente\",\"Trends &amp; Wissen\"],\"inLanguage\":\"de\",\"potentialAction\":[{\"@type\":\"CommentAction\",\"name\":\"Comment\",\"target\":[\"https:\\\/\\\/www.zurbrueggen.de\\\/magazin\\\/mit-bildern-leben\\\/#respond\"]}]},{\"@type\":\"WebPage\",\"@id\":\"https:\\\/\\\/www.zurbrueggen.de\\\/magazin\\\/mit-bildern-leben\\\/\",\"url\":\"https:\\\/\\\/www.zurbrueggen.de\\\/magazin\\\/mit-bildern-leben\\\/\",\"name\":\"Mit Bildern leben | Zurbr\u00fcggen \u00bbmagazin\u00ab\",\"isPartOf\":{\"@id\":\"https:\\\/\\\/www.zurbrueggen.de\\\/magazin\\\/#website\"},\"primaryImageOfPage\":{\"@id\":\"https:\\\/\\\/www.zurbrueggen.de\\\/magazin\\\/mit-bildern-leben\\\/#primaryimage\"},\"image\":{\"@id\":\"https:\\\/\\\/www.zurbrueggen.de\\\/magazin\\\/mit-bildern-leben\\\/#primaryimage\"},\"thumbnailUrl\":\"https:\\\/\\\/www.zurbrueggen.de\\\/magazin\\\/wp-content\\\/uploads\\\/2018\\\/06\\\/magazin-bilderrahmen-cta-02.jpg\",\"datePublished\":\"2018-06-25T11:00:52+00:00\",\"dateModified\":\"2019-08-06T10:01:08+00:00\",\"description\":\"Lieblingsmotive gekonnt in Szene gesetzt \u2013 Bilder einfach h\u00e4ngen lassen oder \u00f6fter mal abh\u00e4ngen: Das kommt ganz auf Ihren Typ bei der Wohnraumgestaltung an. Machen Sie aus Ihrem Zuhause eine private \u201eGalerie\u201c mit viel Wohlf\u00fchlgarantie!\",\"breadcrumb\":{\"@id\":\"https:\\\/\\\/www.zurbrueggen.de\\\/magazin\\\/mit-bildern-leben\\\/#breadcrumb\"},\"inLanguage\":\"de\",\"potentialAction\":[{\"@type\":\"ReadAction\",\"target\":[\"https:\\\/\\\/www.zurbrueggen.de\\\/magazin\\\/mit-bildern-leben\\\/\"]}]},{\"@type\":\"ImageObject\",\"inLanguage\":\"de\",\"@id\":\"https:\\\/\\\/www.zurbrueggen.de\\\/magazin\\\/mit-bildern-leben\\\/#primaryimage\",\"url\":\"https:\\\/\\\/www.zurbrueggen.de\\\/magazin\\\/wp-content\\\/uploads\\\/2018\\\/06\\\/magazin-bilderrahmen-cta-02.jpg\",\"contentUrl\":\"https:\\\/\\\/www.zurbrueggen.de\\\/magazin\\\/wp-content\\\/uploads\\\/2018\\\/06\\\/magazin-bilderrahmen-cta-02.jpg\",\"width\":1200,\"height\":675,\"caption\":\"Ihre Lieblingsmotive gekonnt in Szene gesetzt\"},{\"@type\":\"BreadcrumbList\",\"@id\":\"https:\\\/\\\/www.zurbrueggen.de\\\/magazin\\\/mit-bildern-leben\\\/#breadcrumb\",\"itemListElement\":[{\"@type\":\"ListItem\",\"position\":1,\"name\":\"Startseite\",\"item\":\"https:\\\/\\\/www.zurbrueggen.de\\\/magazin\\\/\"},{\"@type\":\"ListItem\",\"position\":2,\"name\":\"Mit Bildern leben\"}]},{\"@type\":\"WebSite\",\"@id\":\"https:\\\/\\\/www.zurbrueggen.de\\\/magazin\\\/#website\",\"url\":\"https:\\\/\\\/www.zurbrueggen.de\\\/magazin\\\/\",\"name\":\"Zurbr\u00fcggen magazin\",\"description\":\"DESIGN \u2022 STYLE \u2022 LIVING\",\"publisher\":{\"@id\":\"https:\\\/\\\/www.zurbrueggen.de\\\/magazin\\\/#organization\"},\"potentialAction\":[{\"@type\":\"SearchAction\",\"target\":{\"@type\":\"EntryPoint\",\"urlTemplate\":\"https:\\\/\\\/www.zurbrueggen.de\\\/magazin\\\/?s={search_term_string}\"},\"query-input\":{\"@type\":\"PropertyValueSpecification\",\"valueRequired\":true,\"valueName\":\"search_term_string\"}}],\"inLanguage\":\"de\"},{\"@type\":\"Organization\",\"@id\":\"https:\\\/\\\/www.zurbrueggen.de\\\/magazin\\\/#organization\",\"name\":\"Zurbr\u00fcggen Wohn-Zentrum GmbH\",\"url\":\"https:\\\/\\\/www.zurbrueggen.de\\\/magazin\\\/\",\"logo\":{\"@type\":\"ImageObject\",\"inLanguage\":\"de\",\"@id\":\"https:\\\/\\\/www.zurbrueggen.de\\\/magazin\\\/#\\\/schema\\\/logo\\\/image\\\/\",\"url\":\"https:\\\/\\\/www.zurbrueggen.de\\\/magazin\\\/wp-content\\\/uploads\\\/2016\\\/07\\\/logo_zurbrueggen.png\",\"contentUrl\":\"https:\\\/\\\/www.zurbrueggen.de\\\/magazin\\\/wp-content\\\/uploads\\\/2016\\\/07\\\/logo_zurbrueggen.png\",\"width\":400,\"height\":107,\"caption\":\"Zurbr\u00fcggen Wohn-Zentrum GmbH\"},\"image\":{\"@id\":\"https:\\\/\\\/www.zurbrueggen.de\\\/magazin\\\/#\\\/schema\\\/logo\\\/image\\\/\"},\"sameAs\":[\"https:\\\/\\\/facebook.com\\\/zurbrueggen\",\"https:\\\/\\\/x.com\\\/Zurbrueggen\"]},{\"@type\":\"Person\",\"@id\":\"https:\\\/\\\/www.zurbrueggen.de\\\/magazin\\\/#\\\/schema\\\/person\\\/07170b1da6f7876ac78e450b9a3ed3d6\",\"name\":\"Linda Wolfgart\",\"image\":{\"@type\":\"ImageObject\",\"inLanguage\":\"de\",\"@id\":\"https:\\\/\\\/secure.gravatar.com\\\/avatar\\\/f84173980fbd4382d8c0ae77c07dbf27a65219dbdadb5b039dab209120bb5c55?s=96&d=mm&r=g\",\"url\":\"https:\\\/\\\/secure.gravatar.com\\\/avatar\\\/f84173980fbd4382d8c0ae77c07dbf27a65219dbdadb5b039dab209120bb5c55?s=96&d=mm&r=g\",\"contentUrl\":\"https:\\\/\\\/secure.gravatar.com\\\/avatar\\\/f84173980fbd4382d8c0ae77c07dbf27a65219dbdadb5b039dab209120bb5c55?s=96&d=mm&r=g\",\"caption\":\"Linda Wolfgart\"},\"url\":\"https:\\\/\\\/www.zurbrueggen.de\\\/magazin\\\/author\\\/l_junowicz\\\/\"}]}<\/script>\n<!-- \/ Yoast SEO plugin. -->","yoast_head_json":{"title":"Mit Bildern leben | Zurbr\u00fcggen \u00bbmagazin\u00ab","description":"Lieblingsmotive gekonnt in Szene gesetzt \u2013 Bilder einfach h\u00e4ngen lassen oder \u00f6fter mal abh\u00e4ngen: Das kommt ganz auf Ihren Typ bei der Wohnraumgestaltung an. Machen Sie aus Ihrem Zuhause eine private \u201eGalerie\u201c mit viel Wohlf\u00fchlgarantie!","robots":{"index":"index","follow":"follow","max-snippet":"max-snippet:-1","max-image-preview":"max-image-preview:large","max-video-preview":"max-video-preview:-1"},"canonical":"https:\/\/www.zurbrueggen.de\/magazin\/mit-bildern-leben\/","og_locale":"de_DE","og_type":"article","og_title":"Mit Bildern leben | Zurbr\u00fcggen \u00bbmagazin\u00ab","og_description":"Lieblingsmotive gekonnt in Szene gesetzt \u2013 Bilder einfach h\u00e4ngen lassen oder \u00f6fter mal abh\u00e4ngen: Das kommt ganz auf deinen Typ bei der Wohnraumgestaltung an. Mach aus deinem Zuhause eine private \u201eGalerie\u201c mit viel Wohlf\u00fchlgarantie!","og_url":"https:\/\/www.zurbrueggen.de\/magazin\/mit-bildern-leben\/","og_site_name":"Zurbr\u00fcggen magazin","article_publisher":"https:\/\/facebook.com\/zurbrueggen","article_published_time":"2018-06-25T11:00:52+00:00","article_modified_time":"2019-08-06T10:01:08+00:00","og_image":[{"width":1200,"height":675,"url":"https:\/\/www.zurbrueggen.de\/magazin\/wp-content\/uploads\/2018\/06\/magazin-bilderrahmen-cta-02.jpg","type":"image\/jpeg"}],"author":"Linda Wolfgart","schema":{"@context":"https:\/\/schema.org","@graph":[{"@type":"Article","@id":"https:\/\/www.zurbrueggen.de\/magazin\/mit-bildern-leben\/#article","isPartOf":{"@id":"https:\/\/www.zurbrueggen.de\/magazin\/mit-bildern-leben\/"},"author":{"name":"Linda Wolfgart","@id":"https:\/\/www.zurbrueggen.de\/magazin\/#\/schema\/person\/07170b1da6f7876ac78e450b9a3ed3d6"},"headline":"Mit Bildern leben","datePublished":"2018-06-25T11:00:52+00:00","dateModified":"2019-08-06T10:01:08+00:00","mainEntityOfPage":{"@id":"https:\/\/www.zurbrueggen.de\/magazin\/mit-bildern-leben\/"},"wordCount":865,"commentCount":0,"publisher":{"@id":"https:\/\/www.zurbrueggen.de\/magazin\/#organization"},"image":{"@id":"https:\/\/www.zurbrueggen.de\/magazin\/mit-bildern-leben\/#primaryimage"},"thumbnailUrl":"https:\/\/www.zurbrueggen.de\/magazin\/wp-content\/uploads\/2018\/06\/magazin-bilderrahmen-cta-02.jpg","articleSection":["Alle Artikel","ambiente","Trends &amp; Wissen"],"inLanguage":"de","potentialAction":[{"@type":"CommentAction","name":"Comment","target":["https:\/\/www.zurbrueggen.de\/magazin\/mit-bildern-leben\/#respond"]}]},{"@type":"WebPage","@id":"https:\/\/www.zurbrueggen.de\/magazin\/mit-bildern-leben\/","url":"https:\/\/www.zurbrueggen.de\/magazin\/mit-bildern-leben\/","name":"Mit Bildern leben | Zurbr\u00fcggen \u00bbmagazin\u00ab","isPartOf":{"@id":"https:\/\/www.zurbrueggen.de\/magazin\/#website"},"primaryImageOfPage":{"@id":"https:\/\/www.zurbrueggen.de\/magazin\/mit-bildern-leben\/#primaryimage"},"image":{"@id":"https:\/\/www.zurbrueggen.de\/magazin\/mit-bildern-leben\/#primaryimage"},"thumbnailUrl":"https:\/\/www.zurbrueggen.de\/magazin\/wp-content\/uploads\/2018\/06\/magazin-bilderrahmen-cta-02.jpg","datePublished":"2018-06-25T11:00:52+00:00","dateModified":"2019-08-06T10:01:08+00:00","description":"Lieblingsmotive gekonnt in Szene gesetzt \u2013 Bilder einfach h\u00e4ngen lassen oder \u00f6fter mal abh\u00e4ngen: Das kommt ganz auf Ihren Typ bei der Wohnraumgestaltung an. Machen Sie aus Ihrem Zuhause eine private \u201eGalerie\u201c mit viel Wohlf\u00fchlgarantie!","breadcrumb":{"@id":"https:\/\/www.zurbrueggen.de\/magazin\/mit-bildern-leben\/#breadcrumb"},"inLanguage":"de","potentialAction":[{"@type":"ReadAction","target":["https:\/\/www.zurbrueggen.de\/magazin\/mit-bildern-leben\/"]}]},{"@type":"ImageObject","inLanguage":"de","@id":"https:\/\/www.zurbrueggen.de\/magazin\/mit-bildern-leben\/#primaryimage","url":"https:\/\/www.zurbrueggen.de\/magazin\/wp-content\/uploads\/2018\/06\/magazin-bilderrahmen-cta-02.jpg","contentUrl":"https:\/\/www.zurbrueggen.de\/magazin\/wp-content\/uploads\/2018\/06\/magazin-bilderrahmen-cta-02.jpg","width":1200,"height":675,"caption":"Ihre Lieblingsmotive gekonnt in Szene gesetzt"},{"@type":"BreadcrumbList","@id":"https:\/\/www.zurbrueggen.de\/magazin\/mit-bildern-leben\/#breadcrumb","itemListElement":[{"@type":"ListItem","position":1,"name":"Startseite","item":"https:\/\/www.zurbrueggen.de\/magazin\/"},{"@type":"ListItem","position":2,"name":"Mit Bildern leben"}]},{"@type":"WebSite","@id":"https:\/\/www.zurbrueggen.de\/magazin\/#website","url":"https:\/\/www.zurbrueggen.de\/magazin\/","name":"Zurbr\u00fcggen magazin","description":"DESIGN \u2022 STYLE \u2022 LIVING","publisher":{"@id":"https:\/\/www.zurbrueggen.de\/magazin\/#organization"},"potentialAction":[{"@type":"SearchAction","target":{"@type":"EntryPoint","urlTemplate":"https:\/\/www.zurbrueggen.de\/magazin\/?s={search_term_string}"},"query-input":{"@type":"PropertyValueSpecification","valueRequired":true,"valueName":"search_term_string"}}],"inLanguage":"de"},{"@type":"Organization","@id":"https:\/\/www.zurbrueggen.de\/magazin\/#organization","name":"Zurbr\u00fcggen Wohn-Zentrum GmbH","url":"https:\/\/www.zurbrueggen.de\/magazin\/","logo":{"@type":"ImageObject","inLanguage":"de","@id":"https:\/\/www.zurbrueggen.de\/magazin\/#\/schema\/logo\/image\/","url":"https:\/\/www.zurbrueggen.de\/magazin\/wp-content\/uploads\/2016\/07\/logo_zurbrueggen.png","contentUrl":"https:\/\/www.zurbrueggen.de\/magazin\/wp-content\/uploads\/2016\/07\/logo_zurbrueggen.png","width":400,"height":107,"caption":"Zurbr\u00fcggen Wohn-Zentrum GmbH"},"image":{"@id":"https:\/\/www.zurbrueggen.de\/magazin\/#\/schema\/logo\/image\/"},"sameAs":["https:\/\/facebook.com\/zurbrueggen","https:\/\/x.com\/Zurbrueggen"]},{"@type":"Person","@id":"https:\/\/www.zurbrueggen.de\/magazin\/#\/schema\/person\/07170b1da6f7876ac78e450b9a3ed3d6","name":"Linda Wolfgart","image":{"@type":"ImageObject","inLanguage":"de","@id":"https:\/\/secure.gravatar.com\/avatar\/f84173980fbd4382d8c0ae77c07dbf27a65219dbdadb5b039dab209120bb5c55?s=96&d=mm&r=g","url":"https:\/\/secure.gravatar.com\/avatar\/f84173980fbd4382d8c0ae77c07dbf27a65219dbdadb5b039dab209120bb5c55?s=96&d=mm&r=g","contentUrl":"https:\/\/secure.gravatar.com\/avatar\/f84173980fbd4382d8c0ae77c07dbf27a65219dbdadb5b039dab209120bb5c55?s=96&d=mm&r=g","caption":"Linda Wolfgart"},"url":"https:\/\/www.zurbrueggen.de\/magazin\/author\/l_junowicz\/"}]}},"_links":{"self":[{"href":"https:\/\/www.zurbrueggen.de\/magazin\/wp-json\/wp\/v2\/posts\/3173","targetHints":{"allow":["GET"]}}],"collection":[{"href":"https:\/\/www.zurbrueggen.de\/magazin\/wp-json\/wp\/v2\/posts"}],"about":[{"href":"https:\/\/www.zurbrueggen.de\/magazin\/wp-json\/wp\/v2\/types\/post"}],"author":[{"embeddable":true,"href":"https:\/\/www.zurbrueggen.de\/magazin\/wp-json\/wp\/v2\/users\/20"}],"replies":[{"embeddable":true,"href":"https:\/\/www.zurbrueggen.de\/magazin\/wp-json\/wp\/v2\/comments?post=3173"}],"version-history":[{"count":9,"href":"https:\/\/www.zurbrueggen.de\/magazin\/wp-json\/wp\/v2\/posts\/3173\/revisions"}],"predecessor-version":[{"id":4359,"href":"https:\/\/www.zurbrueggen.de\/magazin\/wp-json\/wp\/v2\/posts\/3173\/revisions\/4359"}],"wp:featuredmedia":[{"embeddable":true,"href":"https:\/\/www.zurbrueggen.de\/magazin\/wp-json\/wp\/v2\/media\/3176"}],"wp:attachment":[{"href":"https:\/\/www.zurbrueggen.de\/magazin\/wp-json\/wp\/v2\/media?parent=3173"}],"wp:term":[{"taxonomy":"category","embeddable":true,"href":"https:\/\/www.zurbrueggen.de\/magazin\/wp-json\/wp\/v2\/categories?post=3173"},{"taxonomy":"post_tag","embeddable":true,"href":"https:\/\/www.zurbrueggen.de\/magazin\/wp-json\/wp\/v2\/tags?post=3173"}],"curies":[{"name":"wp","href":"https:\/\/api.w.org\/{rel}","templated":true}]}}