{"id":3105,"date":"2018-06-12T10:38:11","date_gmt":"2018-06-12T08:38:11","guid":{"rendered":"https:\/\/www.zurbrueggen.de\/magazin\/?p=3105"},"modified":"2019-08-07T08:49:38","modified_gmt":"2019-08-07T06:49:38","slug":"deep-colour-ist-der-wohntrend-mit-wohlfuehlfaktor","status":"publish","type":"post","link":"https:\/\/www.zurbrueggen.de\/magazin\/deep-colour-ist-der-wohntrend-mit-wohlfuehlfaktor\/","title":{"rendered":"Deep Colour ist der Wohntrend mit Wohlf\u00fchlfaktor"},"content":{"rendered":"<p><span class=\"vorschau\" style=\"font-family: 'Roboto Slab'; font-size: 22px; line-height: 34px; font-weight: 300; margin-top: 40px;\">Dunkle Farben gehen in die Tiefe und regen mit Ausdrucksst\u00e4rke und Anziehungskraft die Sinne an. Gedeckte Naturt\u00f6ne von Schiefergrau bis Dunkelgr\u00fcn und Kastanienbraun bis Schwarz eignen sich perfekt f\u00fcr eine stilvolle Einrichtung und spiegeln das Temperament der Bewohner. In harmonischen Farbkombinationen und mit feinen Kontrasten wirken W\u00e4nde, M\u00f6bel und Wohntextilien in Deep Colour alles andere als schwer, sondern verwandeln jeden Raum in ein anregendes Wohnparadies.<\/span><\/p>\n<p>&nbsp;<\/p>\n<p><!--more--><\/p>\n<p>&nbsp;<\/p>\n<h2><span class=\"subheading\" style=\"font-family: 'Roboto Slab', sans-serif; font-size: 20px; margin-top: 40px; font-weight: 400; text-transform: none; margin-left: 12.5%;\">Deep Colour \u2013 dunkle Farbt\u00f6ne f\u00fcr charaktervolle W\u00e4nde<\/span><\/h2>\n<p><span class=\"fliesstext\" style=\"font-family: Roboto, sans-serif; font-size: 16px; line-height: 24px; font-weight: 400;\">Tannengr\u00fcn, Schokoladenbraun oder Brombeer regen bereits mit ihren klangvollen Namen die Sinne an. Dezent ausgeleuchtet bilden W\u00e4nde in diesen tiefgr\u00fcndigen Farben die perfekte Kulisse f\u00fcr eine im Einklang stehende Einrichtung mit Charakter. Ein gekonnt eingesetzter Farbton beeinflusst ma\u00dfgeblich die Stimmung und wirkt besonders anregend bei einer mehrfarbigen Raumgestaltung aus verschiedenen Nuancen eines Farbtons oder einem Wechsel aus harmonischen Farben.<\/span><\/p>\n<p>&nbsp;<\/p>\n<figure id=\"attachment_3120\" aria-describedby=\"caption-attachment-3120\" style=\"width: 1200px\" class=\"wp-caption alignnone\"><img loading=\"lazy\" decoding=\"async\" class=\"wp-image-3120 size-full\" src=\"https:\/\/www.zurbrueggen.de\/magazin\/wp-content\/uploads\/2018\/06\/magazin-deep-colour2-m-01.jpg\" alt=\"Deep Colour ist der Wohntrend mit Wohlf\u00fchlfaktor\" width=\"1200\" height=\"675\" srcset=\"https:\/\/www.zurbrueggen.de\/magazin\/wp-content\/uploads\/2018\/06\/magazin-deep-colour2-m-01.jpg 1200w, https:\/\/www.zurbrueggen.de\/magazin\/wp-content\/uploads\/2018\/06\/magazin-deep-colour2-m-01-300x169.jpg 300w, https:\/\/www.zurbrueggen.de\/magazin\/wp-content\/uploads\/2018\/06\/magazin-deep-colour2-m-01-768x432.jpg 768w, https:\/\/www.zurbrueggen.de\/magazin\/wp-content\/uploads\/2018\/06\/magazin-deep-colour2-m-01-1024x576.jpg 1024w, https:\/\/www.zurbrueggen.de\/magazin\/wp-content\/uploads\/2018\/06\/magazin-deep-colour2-m-01-665x374.jpg 665w, https:\/\/www.zurbrueggen.de\/magazin\/wp-content\/uploads\/2018\/06\/magazin-deep-colour2-m-01-462x260.jpg 462w\" sizes=\"auto, (max-width: 1200px) 100vw, 1200px\" \/><figcaption id=\"caption-attachment-3120\" class=\"wp-caption-text\">Deep Colour ist eine formvollendete Symbiose aus Mobiliar, Wandfarbe und Accessoires in eleganten, dunklen Naturt\u00f6nen<\/figcaption><\/figure>\n<p>&nbsp;<\/p>\n<p><span class=\"fliesstext\" style=\"font-family: Roboto, sans-serif; font-size: 16px; line-height: 24px; font-weight: 400;\"><a href=\"https:\/\/www.zurbrueggen.de\/shop\/greenery.html\">Gr\u00fcn gilt als die Farbe der Mitte<\/a> \u2013 was l\u00e4dt also mehr zum Verweilen und Entspannen ein als ein geselliger Esstisch im zarten schilfgr\u00fcnen Ambiente oder ein gem\u00fctliches Sofa vor einer erholsamen moosgr\u00fcnen Wand? Warme Braunt\u00f6ne strahlen eine gem\u00fctliche Geborgenheit aus, die im Schlafzimmer besch\u00fctzend zur erholsamen Nachtruhe einl\u00e4dt. Auch <a href=\"https:\/\/www.zurbrueggen.de\/magazin\/wohnideen-in-grau\/\">Grau, Anthrazit und Schiefer<\/a> sind sehr flexible Partner: In Kombination mit zartem Rosa oder kr\u00e4ftigem Brombeer erhalten sie eine dezent feminine Note, w\u00e4hrend silberne Accessoires oder ein metallischer Lampenschirm \u00e4u\u00dferst edel wirken.<\/span><\/p>\n<p><span class=\"fliesstext\" style=\"font-family: Roboto, sans-serif; font-size: 16px; line-height: 24px; font-weight: 400;\">Die kraftvolle Intensit\u00e4t der Trendfarbe Petrol verleiht Ihren Wohnr\u00e4umen eine stilvolle Note. So wird die K\u00fcche in modernem Petrolgrau zum begehrten Mittelpunkt der Wohnung, w\u00e4hrend inspirierendes Petrolgr\u00fcn die Kreativit\u00e4t im Arbeitszimmer f\u00f6rdert und die Gedanken im Wohnraum schweifen l\u00e4sst. Neben der stimulierenden Wirkung haben die charakterstarken Farben einen erheblichen Einfluss auf die Raumwirkung, sodass nur einzelne ausgew\u00e4hlte W\u00e4nde akzentuiert werden sollten.<\/span><\/p>\n<p>&nbsp;<\/p>\n<figure id=\"attachment_3109\" aria-describedby=\"caption-attachment-3109\" style=\"width: 1200px\" class=\"wp-caption alignnone\"><img loading=\"lazy\" decoding=\"async\" class=\"size-full wp-image-3109\" src=\"https:\/\/www.zurbrueggen.de\/magazin\/wp-content\/uploads\/2018\/06\/magazin-deep-colour-m-01.jpg\" alt=\"Deep Colour \u2013 edler Mix aus M\u00f6beln, Wohntextilien und Kontrasten\" width=\"1200\" height=\"675\" srcset=\"https:\/\/www.zurbrueggen.de\/magazin\/wp-content\/uploads\/2018\/06\/magazin-deep-colour-m-01.jpg 1200w, https:\/\/www.zurbrueggen.de\/magazin\/wp-content\/uploads\/2018\/06\/magazin-deep-colour-m-01-300x169.jpg 300w, https:\/\/www.zurbrueggen.de\/magazin\/wp-content\/uploads\/2018\/06\/magazin-deep-colour-m-01-768x432.jpg 768w, https:\/\/www.zurbrueggen.de\/magazin\/wp-content\/uploads\/2018\/06\/magazin-deep-colour-m-01-1024x576.jpg 1024w, https:\/\/www.zurbrueggen.de\/magazin\/wp-content\/uploads\/2018\/06\/magazin-deep-colour-m-01-665x374.jpg 665w, https:\/\/www.zurbrueggen.de\/magazin\/wp-content\/uploads\/2018\/06\/magazin-deep-colour-m-01-462x260.jpg 462w\" sizes=\"auto, (max-width: 1200px) 100vw, 1200px\" \/><figcaption id=\"caption-attachment-3109\" class=\"wp-caption-text\">Deep Colour \u2013 edler Mix aus M\u00f6beln, Wohntextilien und Kontrasten<\/figcaption><\/figure>\n<p>&nbsp;<\/p>\n<p><span class=\"fliesstext\" style=\"font-family: Roboto, sans-serif; font-size: 16px; line-height: 24px; font-weight: 400;\">Deep Colour ist eine formvollendete Symbiose aus Mobiliar, Wandfarbe und Accessoires in eleganten, dunklen Naturt\u00f6nen. Wie so oft sind es jedoch die kleinen Dinge, die das Besondere in Szene setzen: Kontraste r\u00fccken die stilvolle Wirkung der luxuri\u00f6sen Farben in den Fokus. In harmonischer Kombination schafft eine Einrichtung in Deep Colour eine beeindruckend wohnliche Atmosph\u00e4re:<\/span><\/p>\n<p>&nbsp;<\/p>\n<hr \/>\n<ul>\n<li><span class=\"fliesstext\" style=\"font-family: Roboto, sans-serif; font-size: 16px; line-height: 24px; font-weight: 400;\">Das gem\u00fctliche Ledersofa in noblem Schwarz wird durch eine Wand in edlem Grau- oder Anthrazitton geadelt. Akzente setzen Wohntextilien in zartem Rosa: Bringen Sie den Raum mit Kissen, einem erlesenen Plaid und luftigen Vorh\u00e4ngen zum Strahlen und flankieren sie mit vornehmen silbernen Kerzenst\u00e4ndern und Vasen.<\/span><\/li>\n<li><span class=\"fliesstext\" style=\"font-family: Roboto, sans-serif; font-size: 16px; line-height: 24px; font-weight: 400;\">Intensives Gr\u00fcn weckt Erinnerungen an Urlaub und Meer und harmoniert perfekt mit modernen, geradlinigen Schr\u00e4nken aus dunkelbraunem Holz. Dunklere Gr\u00fcnt\u00f6ne sind wie gemacht f\u00fcr r\u00f6tlichen Kirschbaum oder Rotbuche. Einen besonders eleganten Kontrast setzt ein wei\u00dfer Wandabschluss aus Stuck, der den Raum zu luftiger Weite dehnt.<\/span><br \/>\n<span class=\"fliesstext\" style=\"font-family: Roboto, sans-serif; font-size: 16px; line-height: 24px; font-weight: 400;\">Stilvolle Standfestigkeit verspricht ein mond\u00e4ner dunkler Parkettboden, der von dezent cremewei\u00dfen W\u00e4nden umrahmt wird und die perfekte Umgebung f\u00fcr ein schweres antikes M\u00f6belst\u00fcck und einen hochflorigen Teppich schafft.<\/span><\/li>\n<li><span class=\"fliesstext\" style=\"font-family: Roboto, sans-serif; font-size: 16px; line-height: 24px; font-weight: 400;\">Die Einrichtung in Deep Colour befl\u00fcgelt die Fantasie und er\u00f6ffnet ungeahnte M\u00f6glichkeiten. Gegens\u00e4tze bieten sich in allen Facetten an: Zimmerpflanzen erstrahlen vor dunklen W\u00e4nden besonders gr\u00fcn, einzelne gro\u00dfe Kunstwerke vor gedecktem Hintergrund ziehen das Auge magisch an, goldene Bilderrahmen verspr\u00fchen einen Hauch von Luxus und kontrastfarbene Bodenvasen, St\u00fchle oder Leisten bringen Bewegung in den Raum.<\/span><\/li>\n<\/ul>\n<hr \/>\n<p>&nbsp;<\/p>\n<figure id=\"attachment_3125\" aria-describedby=\"caption-attachment-3125\" style=\"width: 1200px\" class=\"wp-caption alignnone\"><img loading=\"lazy\" decoding=\"async\" class=\"wp-image-3125 size-full\" src=\"https:\/\/www.zurbrueggen.de\/magazin\/wp-content\/uploads\/2018\/06\/magazin-deep-colour2-m-06.jpg\" alt=\"Deep Colour ist der Wohntrend mit Wohlf\u00fchlfaktor\" width=\"1200\" height=\"675\" srcset=\"https:\/\/www.zurbrueggen.de\/magazin\/wp-content\/uploads\/2018\/06\/magazin-deep-colour2-m-06.jpg 1200w, https:\/\/www.zurbrueggen.de\/magazin\/wp-content\/uploads\/2018\/06\/magazin-deep-colour2-m-06-300x169.jpg 300w, https:\/\/www.zurbrueggen.de\/magazin\/wp-content\/uploads\/2018\/06\/magazin-deep-colour2-m-06-768x432.jpg 768w, https:\/\/www.zurbrueggen.de\/magazin\/wp-content\/uploads\/2018\/06\/magazin-deep-colour2-m-06-1024x576.jpg 1024w, https:\/\/www.zurbrueggen.de\/magazin\/wp-content\/uploads\/2018\/06\/magazin-deep-colour2-m-06-665x374.jpg 665w, https:\/\/www.zurbrueggen.de\/magazin\/wp-content\/uploads\/2018\/06\/magazin-deep-colour2-m-06-462x260.jpg 462w\" sizes=\"auto, (max-width: 1200px) 100vw, 1200px\" \/><figcaption id=\"caption-attachment-3125\" class=\"wp-caption-text\">Gr\u00fcn gilt als die Farbe der Mitte<\/figcaption><\/figure>\n<p>&nbsp;<\/p>\n<h2><span class=\"subheading\" style=\"font-family: 'Roboto Slab', sans-serif; font-size: 20px; margin-top: 40px; font-weight: 400; text-transform: none; margin-left: 12.5%;\">Schwarz ist die Kr\u00f6nung des Deep Colour<\/span><\/h2>\n<p><span class=\"fliesstext\" style=\"font-family: Roboto, sans-serif; font-size: 16px; line-height: 24px; font-weight: 400;\">Gediegenes Schwarz nimmt die Bedeutung von Deep Colour w\u00f6rtlich und bringt Kreativit\u00e4t in die Wohnraumgestaltung. Angefangen bei dezenten schwarzen Accessoires wie einem modernen <span class=\"fliesstext\" style=\"font-family: Roboto, sans-serif; font-size: 16px; line-height: 24px; font-weight: 400;\"><span class=\"fliesstext\" style=\"font-family: Roboto, sans-serif; font-size: 16px; line-height: 24px; font-weight: 400;\"><a href=\"https:\/\/www.zurbrueggen.de\/shop\/wohnen\/teppiche.html\">Teppich<\/a> oder Designerst\u00fchlen liegt die wirkungsvolle Farbe auch an der Wand voll im Trend. Wohl dosiert eingesetzt an nur einer Seite oder in einer Nische, verleiht es unergr\u00fcndliche Tiefe und einen Hauch von Exklusivit\u00e4t.<\/span><\/p>\n<p><span class=\"fliesstext\" style=\"font-family: Roboto, sans-serif; font-size: 16px; line-height: 24px; font-weight: 400;\">Stilistisch ist Schwarz \u00e4u\u00dferst flexibel und freundet sich mit unterschiedlichster Einrichtung an. Ein geradliniger Designer-Tisch in Kombination mit einem Metall-Lampenschirm, Deckenspots und modernen Drucken im Silberrahmen unterstreicht die gesch\u00e4ftliche Atmosph\u00e4re des Arbeitszimmers. Im Wohnzimmer sorgt ein antikes Lackm\u00f6bel in sattem Braunton vor der schwarzen Wand mit dem sanften Schimmer goldener Accessoires und kontrastierender Wandteller f\u00fcr wohlige W\u00e4rme.<\/span><\/p>\n<p><span class=\"fliesstext\" style=\"font-family: Roboto, sans-serif; font-size: 16px; line-height: 24px; font-weight: 400;\">Auch im grafischen Schwarz-Wei\u00df-Design entfaltet die unbunte Farbe eine eindrucksvoll k\u00fcnstlerische Wirkung. Besonders wei\u00dfe Regalbretter nehmen sich vor einer schwarzen Wand sehr exklusiv aus und werden erg\u00e4nzt durch wei\u00dfe Jalousien, Blument\u00f6pfe oder im Schlafzimmerbereich durch strahlend wei\u00dfe Bettw\u00e4sche. Mit Schwarz wird der Wohntrend Deep Colour auf eine reduzierte und ebenso elegante Weise interpretiert.<\/span><\/p>\n<p>&nbsp;<\/p>\n<style type=\"text\/css\" scoped>.roboGalleryLoaderSpinner{\r\n\tmargin: 50px auto;\r\n\twidth: 50px;\r\n\theight: 40px;\r\n\ttext-align: center;\r\n\tfont-size: 10px;\r\n}\r\n.roboGalleryLoaderSpinner > div{\r\n  background-color: #333;\r\n  height: 100%;\r\n  width: 6px;\r\n  display: inline-block;\r\n\r\n  -webkit-animation: roboGalleryLoader-stretchdelay 1.2s infinite ease-in-out;\r\n  animation: roboGalleryLoader-stretchdelay 1.2s infinite ease-in-out;\r\n}\r\n.roboGalleryLoaderSpinner .roboGalleryLoaderRect2 {\r\n  -webkit-animation-delay: -1.1s;\r\n  animation-delay: -1.1s;\r\n}\r\n.roboGalleryLoaderSpinner .roboGalleryLoaderRect3 {\r\n  -webkit-animation-delay: -1.0s;\r\n  animation-delay: -1.0s;\r\n}\r\n.roboGalleryLoaderSpinner .roboGalleryLoaderRect4 {\r\n  -webkit-animation-delay: -0.9s;\r\n  animation-delay: -0.9s;\r\n}\r\n.roboGalleryLoaderSpinner .roboGalleryLoaderRect5 {\r\n  -webkit-animation-delay: -0.8s;\r\n  animation-delay: -0.8s;\r\n}\r\n@-webkit-keyframes roboGalleryLoader-stretchdelay {\r\n  0%, 40%, 100% { -webkit-transform: scaleY(0.4) }  \r\n  20% { -webkit-transform: scaleY(1.0) }\r\n}\r\n@keyframes roboGalleryLoader-stretchdelay {\r\n  0%, 40%, 100% { \r\n    transform: scaleY(0.4);\r\n    -webkit-transform: scaleY(0.4);\r\n  }  20% { \r\n    transform: scaleY(1.0);\r\n    -webkit-transform: scaleY(1.0);\r\n  }\r\n}<\/style><div id=\"robo_gallery_loading_rbs_gallery_69f5985d42d26\" class=\"roboGalleryLoaderSpinner\"><div class=\"roboGalleryLoaderRect1\"><\/div> <div class=\"roboGalleryLoaderRect2\"><\/div> <div class=\"roboGalleryLoaderRect3\"><\/div> <div class=\"roboGalleryLoaderRect4\"><\/div> <div class=\"roboGalleryLoaderRect5\"><\/div><\/div><div id=\"robo_gallery_main_block_rbs_gallery_69f5985d42d26\" style=\"width:100%;  display: none;\"><div>         <\/div><div id=\"rbs_gallery_69f5985d42d26\" data-options=\"rbs_gallery_69f5985d42d26\" style=\"width:100%;\" class=\"robo_gallery\"><div class=\"rbs-img category3116 \" ><div class=\"rbs-img-image  rbs-lightbox\"   ><div data-thumbnail=\"https:\/\/www.zurbrueggen.de\/magazin\/wp-content\/uploads\/2018\/06\/magazin-deep-colour-m-03-1024x576.jpg\" title=\"Dezente schwarze Accessoires  bringen Kreativit\u00e4t in die Wohnraumgestaltung\" data-width=\"665\" data-height=\"374\" ><\/div><div data-popup=\"https:\/\/www.zurbrueggen.de\/magazin\/wp-content\/uploads\/2018\/06\/magazin-deep-colour-m-03.jpg\" data-alt=\"Dezente schwarze Accessoires bringen Kreativit\u00e4t in die Wohnraumgestaltung\" title=\"Dezente schwarze Accessoires  bringen Kreativit\u00e4t in die Wohnraumgestaltung\" ><\/div><div class=\"thumbnail-overlay\"><div class=\"rbsTitle \">Dezente schwarze Accessoires  bringen Kreativit\u00e4t in die Wohnraumgestaltung<\/div><\/div><\/div><\/div><div class=\"rbs-img category3116 \" ><div class=\"rbs-img-image  rbs-lightbox\"   ><div data-thumbnail=\"https:\/\/www.zurbrueggen.de\/magazin\/wp-content\/uploads\/2018\/06\/magazin-deep-colour-m-04-1024x576.jpg\" title=\"Petrol verleiht Ihren Wohnr\u00e4umen eine stilvolle Note\" data-width=\"665\" data-height=\"374\" ><\/div><div data-popup=\"https:\/\/www.zurbrueggen.de\/magazin\/wp-content\/uploads\/2018\/06\/magazin-deep-colour-m-04.jpg\" data-alt=\"Petrol verleiht Ihren Wohnr\u00e4umen eine stilvolle Note\" title=\"Petrol verleiht Ihren Wohnr\u00e4umen eine stilvolle Note\" ><\/div><div class=\"thumbnail-overlay\"><div class=\"rbsTitle \">Petrol verleiht Ihren Wohnr\u00e4umen eine stilvolle Note<\/div><\/div><\/div><\/div><div class=\"rbs-img category3116 \" ><div class=\"rbs-img-image  rbs-lightbox\"   ><div data-thumbnail=\"https:\/\/www.zurbrueggen.de\/magazin\/wp-content\/uploads\/2018\/06\/magazin-deep-colour-m-02-1024x576.jpg\" title=\"Edler Mix aus M\u00f6beln, Wohntextilien und Kontrasten\" data-width=\"665\" data-height=\"374\" ><\/div><div data-popup=\"https:\/\/www.zurbrueggen.de\/magazin\/wp-content\/uploads\/2018\/06\/magazin-deep-colour-m-02.jpg\" data-alt=\"Edler Mix aus M\u00f6beln, Wohntextilien und Kontrasten\" title=\"Edler Mix aus M\u00f6beln, Wohntextilien und Kontrasten\" ><\/div><div class=\"thumbnail-overlay\"><div class=\"rbsTitle \">Edler Mix aus M\u00f6beln, Wohntextilien und Kontrasten<\/div><\/div><\/div><\/div><div class=\"rbs-img category3116 \" ><div class=\"rbs-img-image  rbs-lightbox\"   ><div data-thumbnail=\"https:\/\/www.zurbrueggen.de\/magazin\/wp-content\/uploads\/2018\/06\/magazin-deep-colour2-m-05-1024x576.jpg\" title=\"Gr\u00fcn gilt als die Farbe der Mitte\" data-width=\"665\" data-height=\"374\" ><\/div><div data-popup=\"https:\/\/www.zurbrueggen.de\/magazin\/wp-content\/uploads\/2018\/06\/magazin-deep-colour2-m-05.jpg\" data-alt=\"Deep Colour ist der Wohntrend mit Wohlf\u00fchlfaktor\" title=\"Gr\u00fcn gilt als die Farbe der Mitte\" ><\/div><div class=\"thumbnail-overlay\"><div class=\"rbsTitle \">Gr\u00fcn gilt als die Farbe der Mitte<\/div><\/div><\/div><\/div><div class=\"rbs-img category3116 \" ><div class=\"rbs-img-image  rbs-lightbox\"   ><div data-thumbnail=\"https:\/\/www.zurbrueggen.de\/magazin\/wp-content\/uploads\/2018\/06\/magazin-deep-colour2-m-04-1024x576.jpg\" title=\"Deep Colour ist eine formvollendete Symbiose aus Mobiliar, Wandfarbe und Accessoires in eleganten, dunklen Naturt\u00f6nen\" data-width=\"665\" data-height=\"374\" ><\/div><div data-popup=\"https:\/\/www.zurbrueggen.de\/magazin\/wp-content\/uploads\/2018\/06\/magazin-deep-colour2-m-04.jpg\" data-alt=\"Deep Colour ist der Wohntrend mit Wohlf\u00fchlfaktor\" title=\"Deep Colour ist eine formvollendete Symbiose aus Mobiliar, Wandfarbe und Accessoires in eleganten, dunklen Naturt\u00f6nen\" ><\/div><div class=\"thumbnail-overlay\"><div class=\"rbsTitle \">Deep Colour ist eine formvollendete Symbiose aus Mobiliar, Wandfarbe und Accessoires in eleganten, dunklen Naturt\u00f6nen<\/div><\/div><\/div><\/div><div class=\"rbs-img category3116 \" ><div class=\"rbs-img-image  rbs-lightbox\"   ><div data-thumbnail=\"https:\/\/www.zurbrueggen.de\/magazin\/wp-content\/uploads\/2018\/06\/magazin-deep-colour2-m-02-1024x576.jpg\" title=\"Intensives Gr\u00fcn weckt Erinnerungen an Urlaub und Meer\" data-width=\"665\" data-height=\"374\" ><\/div><div data-popup=\"https:\/\/www.zurbrueggen.de\/magazin\/wp-content\/uploads\/2018\/06\/magazin-deep-colour2-m-02.jpg\" data-alt=\"Deep Colour ist der Wohntrend mit Wohlf\u00fchlfaktor\" title=\"Intensives Gr\u00fcn weckt Erinnerungen an Urlaub und Meer\" ><\/div><div class=\"thumbnail-overlay\"><div class=\"rbsTitle \">Intensives Gr\u00fcn weckt Erinnerungen an Urlaub und Meer<\/div><\/div><\/div><\/div><\/div><div>         <\/div><\/div><script>var rbs_gallery_69f5985d42d26 = {\"filterContainer\": \"#rbs_gallery_69f5985d42d26filter\", \"loadingContainer\": \"#robo_gallery_loading_rbs_gallery_69f5985d42d26\", \"mainContainer\": \"#robo_gallery_main_block_rbs_gallery_69f5985d42d26\", \"touch\": 1, \"lightboxOptions\": { gallery: { enabled: true, tCounter: \"%curr% of %total%\" } }, \"columns\": 3, \"columnWidth\": \"auto\", \"resolutions\": [{\"columnWidth\": \"auto\" , \"columns\":3 , \"maxWidth\": 960} , {\"columnWidth\": \"auto\" , \"columns\":2 , \"maxWidth\": 650} , {\"columnWidth\": \"auto\" , \"columns\":1 , \"maxWidth\": 450}], \"overlayEffect\": \"direction-aware-fade\", \"boxesToLoadStart\": 12, \"boxesToLoad\": 8, \"lazyLoad\": true, \"waitUntilThumbLoads\": true, \"waitForAllThumbsNoMatterWhat\": false, \"deepLinking\": false, \"LoadingWord\": \"Loading...\", \"loadMoreWord\": \"Load More\", \"loadMoreClass\": \"button-border-caution \", \"noMoreEntriesWord\": \"No More Entries\", \"horizontalSpaceBetweenBoxes\": 15, \"verticalSpaceBetweenBoxes\": 15}, rbs_gallery_69f5985d42d26_css = \"body .mfp-ready.mfp-bg{background-color: rgba(11, 11, 11, 0.8);}#rbs_gallery_69f5985d42d26 .rbs-img-container{ -webkit-border-radius: 0px; -moz-border-radius: 0px; border-radius: 0px;}#rbs_gallery_69f5985d42d26 .rbsTitle{ font-size:12px; line-height:100%; color:rgb(255, 255, 255); font-weight:bold;}#rbs_gallery_69f5985d42d26 .rbsTitle:hover{color:rgb(255, 255, 255);}#rbs_gallery_69f5985d42d26 .thumbnail-overlay{background:rgba(7, 7, 7, 0.5);}#rbs_gallery_69f5985d42d26 .image-with-dimensions{background-color: rgb(255, 255, 255);}body .mfp-title, body .mfp-counter{color: rgb(243, 243, 243);}\",roboGalleryDelay = 0; head = document.head || document.getElementsByTagName(\"head\")[0], style = document.createElement(\"style\"); style.type = \"text\/css\"; if (style.styleSheet) style.styleSheet.cssText = rbs_gallery_69f5985d42d26_css; \telse  style.appendChild(document.createTextNode(rbs_gallery_69f5985d42d26_css)); head.appendChild(style);<\/script>\n","protected":false},"excerpt":{"rendered":"<p>Dunkle Farben gehen in die Tiefe und regen mit Ausdrucksst\u00e4rke und Anziehungskraft die Sinne an. Gedeckte Naturt\u00f6ne von Schiefergrau bis Dunkelgr\u00fcn und Kastanienbraun bis Schwarz eignen sich perfekt f\u00fcr eine stilvolle Einrichtung und spiegeln das Temperament der Bewohner. In harmonischen Farbkombinationen und mit feinen Kontrasten wirken W\u00e4nde, M\u00f6bel und Wohntextilien in Deep Colour alles andere [&hellip;]<\/p>\n","protected":false},"author":20,"featured_media":3108,"comment_status":"open","ping_status":"open","sticky":false,"template":"","format":"standard","meta":{"_acf_changed":false,"footnotes":""},"categories":[32,27],"tags":[],"class_list":["post-3105","post","type-post","status-publish","format-standard","has-post-thumbnail","hentry","category-trend","category-trends-und-wissen"],"acf":[],"yoast_head":"<!-- This site is optimized with the Yoast SEO plugin v27.4 - https:\/\/yoast.com\/product\/yoast-seo-wordpress\/ -->\n<title>Deep Colour \u2013 Einrichten mit Stil | Zurbr\u00fcggen \u00bbmagazin\u00ab<\/title>\n<meta name=\"description\" content=\"Mit dem Wohntrend Deep Colour zieht Wohlf\u00fchlambiente in Ihre vier W\u00e4nde ein. Lesen Sie, wie Sie dunkle Farben perfekt in Szene setzen.\" \/>\n<meta name=\"robots\" content=\"index, follow, max-snippet:-1, max-image-preview:large, max-video-preview:-1\" \/>\n<link rel=\"canonical\" href=\"https:\/\/www.zurbrueggen.de\/magazin\/deep-colour-ist-der-wohntrend-mit-wohlfuehlfaktor\/\" \/>\n<meta property=\"og:locale\" content=\"de_DE\" \/>\n<meta property=\"og:type\" content=\"article\" \/>\n<meta property=\"og:title\" content=\"Deep Colour \u2013 Einrichten mit Stil | Zurbr\u00fcggen \u00bbmagazin\u00ab\" \/>\n<meta property=\"og:description\" content=\"Mit dem Wohntrend Deep Colour zieht Wohlf\u00fchlambiente in deine vier W\u00e4nde ein. Entdecke, wie du dunkle Farben perfekt in Szene setzt.\" \/>\n<meta property=\"og:url\" content=\"https:\/\/www.zurbrueggen.de\/magazin\/deep-colour-ist-der-wohntrend-mit-wohlfuehlfaktor\/\" \/>\n<meta property=\"og:site_name\" content=\"Zurbr\u00fcggen magazin\" \/>\n<meta property=\"article:publisher\" content=\"https:\/\/facebook.com\/zurbrueggen\" \/>\n<meta property=\"article:published_time\" content=\"2018-06-12T08:38:11+00:00\" \/>\n<meta property=\"article:modified_time\" content=\"2019-08-07T06:49:38+00:00\" \/>\n<meta property=\"og:image\" content=\"https:\/\/www.zurbrueggen.de\/magazin\/wp-content\/uploads\/2018\/06\/magazin-deep-colour-cta-m-05.jpg\" \/>\n\t<meta property=\"og:image:width\" content=\"1200\" \/>\n\t<meta property=\"og:image:height\" content=\"675\" \/>\n\t<meta property=\"og:image:type\" content=\"image\/jpeg\" \/>\n<meta name=\"author\" content=\"Linda Wolfgart\" \/>\n<script type=\"application\/ld+json\" class=\"yoast-schema-graph\">{\"@context\":\"https:\\\/\\\/schema.org\",\"@graph\":[{\"@type\":\"Article\",\"@id\":\"https:\\\/\\\/www.zurbrueggen.de\\\/magazin\\\/deep-colour-ist-der-wohntrend-mit-wohlfuehlfaktor\\\/#article\",\"isPartOf\":{\"@id\":\"https:\\\/\\\/www.zurbrueggen.de\\\/magazin\\\/deep-colour-ist-der-wohntrend-mit-wohlfuehlfaktor\\\/\"},\"author\":{\"name\":\"Linda Wolfgart\",\"@id\":\"https:\\\/\\\/www.zurbrueggen.de\\\/magazin\\\/#\\\/schema\\\/person\\\/07170b1da6f7876ac78e450b9a3ed3d6\"},\"headline\":\"Deep Colour ist der Wohntrend mit Wohlf\u00fchlfaktor\",\"datePublished\":\"2018-06-12T08:38:11+00:00\",\"dateModified\":\"2019-08-07T06:49:38+00:00\",\"mainEntityOfPage\":{\"@id\":\"https:\\\/\\\/www.zurbrueggen.de\\\/magazin\\\/deep-colour-ist-der-wohntrend-mit-wohlfuehlfaktor\\\/\"},\"wordCount\":834,\"commentCount\":0,\"publisher\":{\"@id\":\"https:\\\/\\\/www.zurbrueggen.de\\\/magazin\\\/#organization\"},\"image\":{\"@id\":\"https:\\\/\\\/www.zurbrueggen.de\\\/magazin\\\/deep-colour-ist-der-wohntrend-mit-wohlfuehlfaktor\\\/#primaryimage\"},\"thumbnailUrl\":\"https:\\\/\\\/www.zurbrueggen.de\\\/magazin\\\/wp-content\\\/uploads\\\/2018\\\/06\\\/magazin-deep-colour-cta-m-05.jpg\",\"articleSection\":[\"trend\",\"Trends &amp; Wissen\"],\"inLanguage\":\"de\",\"potentialAction\":[{\"@type\":\"CommentAction\",\"name\":\"Comment\",\"target\":[\"https:\\\/\\\/www.zurbrueggen.de\\\/magazin\\\/deep-colour-ist-der-wohntrend-mit-wohlfuehlfaktor\\\/#respond\"]}]},{\"@type\":\"WebPage\",\"@id\":\"https:\\\/\\\/www.zurbrueggen.de\\\/magazin\\\/deep-colour-ist-der-wohntrend-mit-wohlfuehlfaktor\\\/\",\"url\":\"https:\\\/\\\/www.zurbrueggen.de\\\/magazin\\\/deep-colour-ist-der-wohntrend-mit-wohlfuehlfaktor\\\/\",\"name\":\"Deep Colour \u2013 Einrichten mit Stil | Zurbr\u00fcggen \u00bbmagazin\u00ab\",\"isPartOf\":{\"@id\":\"https:\\\/\\\/www.zurbrueggen.de\\\/magazin\\\/#website\"},\"primaryImageOfPage\":{\"@id\":\"https:\\\/\\\/www.zurbrueggen.de\\\/magazin\\\/deep-colour-ist-der-wohntrend-mit-wohlfuehlfaktor\\\/#primaryimage\"},\"image\":{\"@id\":\"https:\\\/\\\/www.zurbrueggen.de\\\/magazin\\\/deep-colour-ist-der-wohntrend-mit-wohlfuehlfaktor\\\/#primaryimage\"},\"thumbnailUrl\":\"https:\\\/\\\/www.zurbrueggen.de\\\/magazin\\\/wp-content\\\/uploads\\\/2018\\\/06\\\/magazin-deep-colour-cta-m-05.jpg\",\"datePublished\":\"2018-06-12T08:38:11+00:00\",\"dateModified\":\"2019-08-07T06:49:38+00:00\",\"description\":\"Mit dem Wohntrend Deep Colour zieht Wohlf\u00fchlambiente in Ihre vier W\u00e4nde ein. Lesen Sie, wie Sie dunkle Farben perfekt in Szene setzen.\",\"breadcrumb\":{\"@id\":\"https:\\\/\\\/www.zurbrueggen.de\\\/magazin\\\/deep-colour-ist-der-wohntrend-mit-wohlfuehlfaktor\\\/#breadcrumb\"},\"inLanguage\":\"de\",\"potentialAction\":[{\"@type\":\"ReadAction\",\"target\":[\"https:\\\/\\\/www.zurbrueggen.de\\\/magazin\\\/deep-colour-ist-der-wohntrend-mit-wohlfuehlfaktor\\\/\"]}]},{\"@type\":\"ImageObject\",\"inLanguage\":\"de\",\"@id\":\"https:\\\/\\\/www.zurbrueggen.de\\\/magazin\\\/deep-colour-ist-der-wohntrend-mit-wohlfuehlfaktor\\\/#primaryimage\",\"url\":\"https:\\\/\\\/www.zurbrueggen.de\\\/magazin\\\/wp-content\\\/uploads\\\/2018\\\/06\\\/magazin-deep-colour-cta-m-05.jpg\",\"contentUrl\":\"https:\\\/\\\/www.zurbrueggen.de\\\/magazin\\\/wp-content\\\/uploads\\\/2018\\\/06\\\/magazin-deep-colour-cta-m-05.jpg\",\"width\":1200,\"height\":675,\"caption\":\"Deep Colour \u2013 Einrichten mit Stil\"},{\"@type\":\"BreadcrumbList\",\"@id\":\"https:\\\/\\\/www.zurbrueggen.de\\\/magazin\\\/deep-colour-ist-der-wohntrend-mit-wohlfuehlfaktor\\\/#breadcrumb\",\"itemListElement\":[{\"@type\":\"ListItem\",\"position\":1,\"name\":\"Startseite\",\"item\":\"https:\\\/\\\/www.zurbrueggen.de\\\/magazin\\\/\"},{\"@type\":\"ListItem\",\"position\":2,\"name\":\"Deep Colour ist der Wohntrend mit Wohlf\u00fchlfaktor\"}]},{\"@type\":\"WebSite\",\"@id\":\"https:\\\/\\\/www.zurbrueggen.de\\\/magazin\\\/#website\",\"url\":\"https:\\\/\\\/www.zurbrueggen.de\\\/magazin\\\/\",\"name\":\"Zurbr\u00fcggen magazin\",\"description\":\"DESIGN \u2022 STYLE \u2022 LIVING\",\"publisher\":{\"@id\":\"https:\\\/\\\/www.zurbrueggen.de\\\/magazin\\\/#organization\"},\"potentialAction\":[{\"@type\":\"SearchAction\",\"target\":{\"@type\":\"EntryPoint\",\"urlTemplate\":\"https:\\\/\\\/www.zurbrueggen.de\\\/magazin\\\/?s={search_term_string}\"},\"query-input\":{\"@type\":\"PropertyValueSpecification\",\"valueRequired\":true,\"valueName\":\"search_term_string\"}}],\"inLanguage\":\"de\"},{\"@type\":\"Organization\",\"@id\":\"https:\\\/\\\/www.zurbrueggen.de\\\/magazin\\\/#organization\",\"name\":\"Zurbr\u00fcggen Wohn-Zentrum GmbH\",\"url\":\"https:\\\/\\\/www.zurbrueggen.de\\\/magazin\\\/\",\"logo\":{\"@type\":\"ImageObject\",\"inLanguage\":\"de\",\"@id\":\"https:\\\/\\\/www.zurbrueggen.de\\\/magazin\\\/#\\\/schema\\\/logo\\\/image\\\/\",\"url\":\"https:\\\/\\\/www.zurbrueggen.de\\\/magazin\\\/wp-content\\\/uploads\\\/2016\\\/07\\\/logo_zurbrueggen.png\",\"contentUrl\":\"https:\\\/\\\/www.zurbrueggen.de\\\/magazin\\\/wp-content\\\/uploads\\\/2016\\\/07\\\/logo_zurbrueggen.png\",\"width\":400,\"height\":107,\"caption\":\"Zurbr\u00fcggen Wohn-Zentrum GmbH\"},\"image\":{\"@id\":\"https:\\\/\\\/www.zurbrueggen.de\\\/magazin\\\/#\\\/schema\\\/logo\\\/image\\\/\"},\"sameAs\":[\"https:\\\/\\\/facebook.com\\\/zurbrueggen\",\"https:\\\/\\\/x.com\\\/Zurbrueggen\"]},{\"@type\":\"Person\",\"@id\":\"https:\\\/\\\/www.zurbrueggen.de\\\/magazin\\\/#\\\/schema\\\/person\\\/07170b1da6f7876ac78e450b9a3ed3d6\",\"name\":\"Linda Wolfgart\",\"image\":{\"@type\":\"ImageObject\",\"inLanguage\":\"de\",\"@id\":\"https:\\\/\\\/secure.gravatar.com\\\/avatar\\\/f84173980fbd4382d8c0ae77c07dbf27a65219dbdadb5b039dab209120bb5c55?s=96&d=mm&r=g\",\"url\":\"https:\\\/\\\/secure.gravatar.com\\\/avatar\\\/f84173980fbd4382d8c0ae77c07dbf27a65219dbdadb5b039dab209120bb5c55?s=96&d=mm&r=g\",\"contentUrl\":\"https:\\\/\\\/secure.gravatar.com\\\/avatar\\\/f84173980fbd4382d8c0ae77c07dbf27a65219dbdadb5b039dab209120bb5c55?s=96&d=mm&r=g\",\"caption\":\"Linda Wolfgart\"},\"url\":\"https:\\\/\\\/www.zurbrueggen.de\\\/magazin\\\/author\\\/l_junowicz\\\/\"}]}<\/script>\n<!-- \/ Yoast SEO plugin. -->","yoast_head_json":{"title":"Deep Colour \u2013 Einrichten mit Stil | Zurbr\u00fcggen \u00bbmagazin\u00ab","description":"Mit dem Wohntrend Deep Colour zieht Wohlf\u00fchlambiente in Ihre vier W\u00e4nde ein. Lesen Sie, wie Sie dunkle Farben perfekt in Szene setzen.","robots":{"index":"index","follow":"follow","max-snippet":"max-snippet:-1","max-image-preview":"max-image-preview:large","max-video-preview":"max-video-preview:-1"},"canonical":"https:\/\/www.zurbrueggen.de\/magazin\/deep-colour-ist-der-wohntrend-mit-wohlfuehlfaktor\/","og_locale":"de_DE","og_type":"article","og_title":"Deep Colour \u2013 Einrichten mit Stil | Zurbr\u00fcggen \u00bbmagazin\u00ab","og_description":"Mit dem Wohntrend Deep Colour zieht Wohlf\u00fchlambiente in deine vier W\u00e4nde ein. Entdecke, wie du dunkle Farben perfekt in Szene setzt.","og_url":"https:\/\/www.zurbrueggen.de\/magazin\/deep-colour-ist-der-wohntrend-mit-wohlfuehlfaktor\/","og_site_name":"Zurbr\u00fcggen magazin","article_publisher":"https:\/\/facebook.com\/zurbrueggen","article_published_time":"2018-06-12T08:38:11+00:00","article_modified_time":"2019-08-07T06:49:38+00:00","og_image":[{"width":1200,"height":675,"url":"https:\/\/www.zurbrueggen.de\/magazin\/wp-content\/uploads\/2018\/06\/magazin-deep-colour-cta-m-05.jpg","type":"image\/jpeg"}],"author":"Linda Wolfgart","schema":{"@context":"https:\/\/schema.org","@graph":[{"@type":"Article","@id":"https:\/\/www.zurbrueggen.de\/magazin\/deep-colour-ist-der-wohntrend-mit-wohlfuehlfaktor\/#article","isPartOf":{"@id":"https:\/\/www.zurbrueggen.de\/magazin\/deep-colour-ist-der-wohntrend-mit-wohlfuehlfaktor\/"},"author":{"name":"Linda Wolfgart","@id":"https:\/\/www.zurbrueggen.de\/magazin\/#\/schema\/person\/07170b1da6f7876ac78e450b9a3ed3d6"},"headline":"Deep Colour ist der Wohntrend mit Wohlf\u00fchlfaktor","datePublished":"2018-06-12T08:38:11+00:00","dateModified":"2019-08-07T06:49:38+00:00","mainEntityOfPage":{"@id":"https:\/\/www.zurbrueggen.de\/magazin\/deep-colour-ist-der-wohntrend-mit-wohlfuehlfaktor\/"},"wordCount":834,"commentCount":0,"publisher":{"@id":"https:\/\/www.zurbrueggen.de\/magazin\/#organization"},"image":{"@id":"https:\/\/www.zurbrueggen.de\/magazin\/deep-colour-ist-der-wohntrend-mit-wohlfuehlfaktor\/#primaryimage"},"thumbnailUrl":"https:\/\/www.zurbrueggen.de\/magazin\/wp-content\/uploads\/2018\/06\/magazin-deep-colour-cta-m-05.jpg","articleSection":["trend","Trends &amp; Wissen"],"inLanguage":"de","potentialAction":[{"@type":"CommentAction","name":"Comment","target":["https:\/\/www.zurbrueggen.de\/magazin\/deep-colour-ist-der-wohntrend-mit-wohlfuehlfaktor\/#respond"]}]},{"@type":"WebPage","@id":"https:\/\/www.zurbrueggen.de\/magazin\/deep-colour-ist-der-wohntrend-mit-wohlfuehlfaktor\/","url":"https:\/\/www.zurbrueggen.de\/magazin\/deep-colour-ist-der-wohntrend-mit-wohlfuehlfaktor\/","name":"Deep Colour \u2013 Einrichten mit Stil | Zurbr\u00fcggen \u00bbmagazin\u00ab","isPartOf":{"@id":"https:\/\/www.zurbrueggen.de\/magazin\/#website"},"primaryImageOfPage":{"@id":"https:\/\/www.zurbrueggen.de\/magazin\/deep-colour-ist-der-wohntrend-mit-wohlfuehlfaktor\/#primaryimage"},"image":{"@id":"https:\/\/www.zurbrueggen.de\/magazin\/deep-colour-ist-der-wohntrend-mit-wohlfuehlfaktor\/#primaryimage"},"thumbnailUrl":"https:\/\/www.zurbrueggen.de\/magazin\/wp-content\/uploads\/2018\/06\/magazin-deep-colour-cta-m-05.jpg","datePublished":"2018-06-12T08:38:11+00:00","dateModified":"2019-08-07T06:49:38+00:00","description":"Mit dem Wohntrend Deep Colour zieht Wohlf\u00fchlambiente in Ihre vier W\u00e4nde ein. Lesen Sie, wie Sie dunkle Farben perfekt in Szene setzen.","breadcrumb":{"@id":"https:\/\/www.zurbrueggen.de\/magazin\/deep-colour-ist-der-wohntrend-mit-wohlfuehlfaktor\/#breadcrumb"},"inLanguage":"de","potentialAction":[{"@type":"ReadAction","target":["https:\/\/www.zurbrueggen.de\/magazin\/deep-colour-ist-der-wohntrend-mit-wohlfuehlfaktor\/"]}]},{"@type":"ImageObject","inLanguage":"de","@id":"https:\/\/www.zurbrueggen.de\/magazin\/deep-colour-ist-der-wohntrend-mit-wohlfuehlfaktor\/#primaryimage","url":"https:\/\/www.zurbrueggen.de\/magazin\/wp-content\/uploads\/2018\/06\/magazin-deep-colour-cta-m-05.jpg","contentUrl":"https:\/\/www.zurbrueggen.de\/magazin\/wp-content\/uploads\/2018\/06\/magazin-deep-colour-cta-m-05.jpg","width":1200,"height":675,"caption":"Deep Colour \u2013 Einrichten mit Stil"},{"@type":"BreadcrumbList","@id":"https:\/\/www.zurbrueggen.de\/magazin\/deep-colour-ist-der-wohntrend-mit-wohlfuehlfaktor\/#breadcrumb","itemListElement":[{"@type":"ListItem","position":1,"name":"Startseite","item":"https:\/\/www.zurbrueggen.de\/magazin\/"},{"@type":"ListItem","position":2,"name":"Deep Colour ist der Wohntrend mit Wohlf\u00fchlfaktor"}]},{"@type":"WebSite","@id":"https:\/\/www.zurbrueggen.de\/magazin\/#website","url":"https:\/\/www.zurbrueggen.de\/magazin\/","name":"Zurbr\u00fcggen magazin","description":"DESIGN \u2022 STYLE \u2022 LIVING","publisher":{"@id":"https:\/\/www.zurbrueggen.de\/magazin\/#organization"},"potentialAction":[{"@type":"SearchAction","target":{"@type":"EntryPoint","urlTemplate":"https:\/\/www.zurbrueggen.de\/magazin\/?s={search_term_string}"},"query-input":{"@type":"PropertyValueSpecification","valueRequired":true,"valueName":"search_term_string"}}],"inLanguage":"de"},{"@type":"Organization","@id":"https:\/\/www.zurbrueggen.de\/magazin\/#organization","name":"Zurbr\u00fcggen Wohn-Zentrum GmbH","url":"https:\/\/www.zurbrueggen.de\/magazin\/","logo":{"@type":"ImageObject","inLanguage":"de","@id":"https:\/\/www.zurbrueggen.de\/magazin\/#\/schema\/logo\/image\/","url":"https:\/\/www.zurbrueggen.de\/magazin\/wp-content\/uploads\/2016\/07\/logo_zurbrueggen.png","contentUrl":"https:\/\/www.zurbrueggen.de\/magazin\/wp-content\/uploads\/2016\/07\/logo_zurbrueggen.png","width":400,"height":107,"caption":"Zurbr\u00fcggen Wohn-Zentrum GmbH"},"image":{"@id":"https:\/\/www.zurbrueggen.de\/magazin\/#\/schema\/logo\/image\/"},"sameAs":["https:\/\/facebook.com\/zurbrueggen","https:\/\/x.com\/Zurbrueggen"]},{"@type":"Person","@id":"https:\/\/www.zurbrueggen.de\/magazin\/#\/schema\/person\/07170b1da6f7876ac78e450b9a3ed3d6","name":"Linda Wolfgart","image":{"@type":"ImageObject","inLanguage":"de","@id":"https:\/\/secure.gravatar.com\/avatar\/f84173980fbd4382d8c0ae77c07dbf27a65219dbdadb5b039dab209120bb5c55?s=96&d=mm&r=g","url":"https:\/\/secure.gravatar.com\/avatar\/f84173980fbd4382d8c0ae77c07dbf27a65219dbdadb5b039dab209120bb5c55?s=96&d=mm&r=g","contentUrl":"https:\/\/secure.gravatar.com\/avatar\/f84173980fbd4382d8c0ae77c07dbf27a65219dbdadb5b039dab209120bb5c55?s=96&d=mm&r=g","caption":"Linda Wolfgart"},"url":"https:\/\/www.zurbrueggen.de\/magazin\/author\/l_junowicz\/"}]}},"_links":{"self":[{"href":"https:\/\/www.zurbrueggen.de\/magazin\/wp-json\/wp\/v2\/posts\/3105","targetHints":{"allow":["GET"]}}],"collection":[{"href":"https:\/\/www.zurbrueggen.de\/magazin\/wp-json\/wp\/v2\/posts"}],"about":[{"href":"https:\/\/www.zurbrueggen.de\/magazin\/wp-json\/wp\/v2\/types\/post"}],"author":[{"embeddable":true,"href":"https:\/\/www.zurbrueggen.de\/magazin\/wp-json\/wp\/v2\/users\/20"}],"replies":[{"embeddable":true,"href":"https:\/\/www.zurbrueggen.de\/magazin\/wp-json\/wp\/v2\/comments?post=3105"}],"version-history":[{"count":13,"href":"https:\/\/www.zurbrueggen.de\/magazin\/wp-json\/wp\/v2\/posts\/3105\/revisions"}],"predecessor-version":[{"id":4405,"href":"https:\/\/www.zurbrueggen.de\/magazin\/wp-json\/wp\/v2\/posts\/3105\/revisions\/4405"}],"wp:featuredmedia":[{"embeddable":true,"href":"https:\/\/www.zurbrueggen.de\/magazin\/wp-json\/wp\/v2\/media\/3108"}],"wp:attachment":[{"href":"https:\/\/www.zurbrueggen.de\/magazin\/wp-json\/wp\/v2\/media?parent=3105"}],"wp:term":[{"taxonomy":"category","embeddable":true,"href":"https:\/\/www.zurbrueggen.de\/magazin\/wp-json\/wp\/v2\/categories?post=3105"},{"taxonomy":"post_tag","embeddable":true,"href":"https:\/\/www.zurbrueggen.de\/magazin\/wp-json\/wp\/v2\/tags?post=3105"}],"curies":[{"name":"wp","href":"https:\/\/api.w.org\/{rel}","templated":true}]}}