{"id":2696,"date":"2018-04-09T14:55:46","date_gmt":"2018-04-09T12:55:46","guid":{"rendered":"https:\/\/www.zurbrueggen.de\/magazin\/?p=2696"},"modified":"2018-04-10T12:24:50","modified_gmt":"2018-04-10T10:24:50","slug":"wohnideen-in-grau","status":"publish","type":"post","link":"https:\/\/www.zurbrueggen.de\/magazin\/wohnideen-in-grau\/","title":{"rendered":"Wohnideen in Grau"},"content":{"rendered":"<p><span class=\"vorschau\" style=\"font-family: 'Roboto Slab'; font-size: 22px; line-height: 34px; font-weight: 300; margin-top: 40px;\">Grau ist das Kombinationstalent unter den Farben. Vorbei die Zeiten, als die Farbe der Inbegriff von Eint\u00f6nigkeit war. Mit seinen zahlreichen Farbnuancen wirkt Grau in nahezu jeder Umgebung: Es kann selbst stylish in Szene gesetzt werden, l\u00e4sst bunte Farben leuchten, kann die strenge Linienf\u00fchrung des minimalistischen Wohnstils farblich unterst\u00fctzen oder dem k\u00fchlen Charme des skandinavischen Retro-Stils Tiefe verleihen. Grau ist also alles andere als langweilig. Grund genug, sich einmal genauer mit der Farbe zu besch\u00e4ftigen.<\/span><\/p>\n<p>&nbsp;<\/p>\n<p><!--more--><\/p>\n<h2><span class=\"subheading\" style=\"font-family: 'Roboto Slab', sans-serif; font-size: 20px; margin-top: 40px; font-weight: 400; text-transform: none; margin-left: 12.5%;\">Grau ist nicht gleich Grau<\/span><\/h2>\n<p>&nbsp;<\/p>\n<p><span class=\"fliesstext\" style=\"font-family: Roboto, sans-serif; font-size: 16px; line-height: 24px; font-weight: 400;\">Der Grautrend hat die heimischen vier W\u00e4nde erreicht. Hier setzt sich fort, was in der Mode begann. Und schon dort konnte man feststellen, dass Grau nicht gleich Grau ist: Aschgrau, Paynesgrau oder Taupe sind Grauvarianten, wie sie unterschiedlicher kaum sein k\u00f6nnten.\u00a0\u00a0\u00a0<\/span><br \/>\n<span class=\"fliesstext\" style=\"font-family: Roboto, sans-serif; font-size: 16px; line-height: 24px; font-weight: 400;\"> Gerade diese Vielzahl der Grauschattierungen ist es, die die Farbe f\u00fcr jeden Wohnstil und jede Farbkombination attraktiv macht.<\/span><\/p>\n<p>&nbsp;<\/p>\n<figure id=\"attachment_2708\" aria-describedby=\"caption-attachment-2708\" style=\"width: 1200px\" class=\"wp-caption alignnone\"><img loading=\"lazy\" decoding=\"async\" class=\"wp-image-2709 size-full\" src=\"https:\/\/www.zurbrueggen.de\/magazin\/wp-content\/uploads\/2018\/04\/magazin-grau-m-03.jpg\" alt=\"Grau kombinieren\" width=\"1200\" height=\"675\" \/><figcaption id=\"caption-attachment-2708\" class=\"wp-caption-text\">Grau kombinieren<\/figcaption><\/figure>\n<p>&nbsp;<\/p>\n<p><span class=\"subheading\" style=\"font-family: 'Roboto Slab', sans-serif; font-size: 20px; margin-top: 40px; font-weight: 400; text-transform: none; margin-left: 12.5%;\">Kombinieren mit Grau\u00a0<\/span><\/p>\n<p>&nbsp;<\/p>\n<p><span class=\"fliesstext\" style=\"font-family: Roboto, sans-serif; font-size: 16px; line-height: 24px; font-weight: 400;\">Grau entsteht unter anderem, wenn man die neutralen Farben Schwarz und Wei\u00df miteinander mischt. Bei der Inneneinrichtung liegt daher eine Kombination mit diesen Farben auf der Hand. Der Mix aus Schwarz und Wei\u00df kann interessante Effekte ergeben, die gut zur strengen Linienf\u00fchrung moderner M\u00f6bel passen. Um einer allzu strengen Anmutung entgegenzuwirken, lockern unterschiedliche Graut\u00f6ne an den W\u00e4nden, bei den M\u00f6beln und auf dem Boden die Atmosph\u00e4re und erzeugen ein harmonisches Gesamtbild. Auch Muster und Texturen in Bez\u00fcgen oder auf Teppichen lockern den Eindruck ohne das Farbkonzept zu durchbrechen.<\/span><\/p>\n<p><span class=\"fliesstext\" style=\"font-family: Roboto, sans-serif; font-size: 16px; line-height: 24px; font-weight: 400;\">Eine Raumgestaltung ausschlie\u00dflich in Grau und Wei\u00df wirkt elegant und freundlich. M\u00f6bel, Teppiche oder Tagesdecken in unterschiedlichen Grauabstufungen setzen Akzente in dem dezenten Ambiente. Vor einer in k\u00fchlem Grau gestrichenen Wand wird aus einer Essecke im wei\u00dfen Shabby-Chick wird ein Hingucker.<\/span><\/p>\n<p><span class=\"fliesstext\" style=\"font-family: Roboto, sans-serif; font-size: 16px; line-height: 24px; font-weight: 400;\">Schwarz und Dunkelgrau zu kombinieren, erfordert etwas Mut. Das Ergebnis kann sehr stylish ausfallen, wenn etwa filigrane schwarze M\u00f6bel vor einer dunkelgrauen Wand auf einem in hell- bis mittelgrau gehaltenen Boden stehen. Metallelemente wie die derzeit beliebten Kupferlampen oder Gr\u00fcnpflanzen beleben die extravagante Zusammenstellung.\u00a0<\/span><\/p>\n<p>&nbsp;<\/p>\n<figure id=\"attachment_2709\" aria-describedby=\"caption-attachment-2709\" style=\"width: 1200px\" class=\"wp-caption alignnone\"><img loading=\"lazy\" decoding=\"async\" class=\"wp-image-2709 size-full\" src=\"https:\/\/www.zurbrueggen.de\/magazin\/wp-content\/uploads\/2018\/04\/magazin-grau-m-02.jpg\" alt=\"Farbnuancen von Grau\" width=\"1200\" height=\"675\" srcset=\"https:\/\/www.zurbrueggen.de\/magazin\/wp-content\/uploads\/2018\/04\/magazin-grau-m-02.jpg 1200w, https:\/\/www.zurbrueggen.de\/magazin\/wp-content\/uploads\/2018\/04\/magazin-grau-m-02-300x169.jpg 300w, https:\/\/www.zurbrueggen.de\/magazin\/wp-content\/uploads\/2018\/04\/magazin-grau-m-02-768x432.jpg 768w, https:\/\/www.zurbrueggen.de\/magazin\/wp-content\/uploads\/2018\/04\/magazin-grau-m-02-1024x576.jpg 1024w, https:\/\/www.zurbrueggen.de\/magazin\/wp-content\/uploads\/2018\/04\/magazin-grau-m-02-665x374.jpg 665w, https:\/\/www.zurbrueggen.de\/magazin\/wp-content\/uploads\/2018\/04\/magazin-grau-m-02-462x260.jpg 462w\" sizes=\"auto, (max-width: 1200px) 100vw, 1200px\" \/><figcaption id=\"caption-attachment-2709\" class=\"wp-caption-text\">Farbnuancen von Grau<\/figcaption><\/figure>\n<p>&nbsp;<\/p>\n<h2><span class=\"fliesstext subheading\" style=\"font-family: 'Roboto Slab', sans-serif; font-size: 20px; line-height: 24px; font-weight: 400; margin-top: 40px; text-transform: none; margin-left: 12.5%;\"> Farbnuancen von Grau <\/span><\/h2>\n<p>&nbsp;<\/p>\n<p><span class=\"fliesstext\" style=\"font-family: Roboto, sans-serif; font-size: 16px; line-height: 24px; font-weight: 400;\">Je nach Farbnuance kann Grau k\u00fchl oder warm wirken. Ein h\u00f6herer Gelbanteil l\u00e4sst Grau w\u00e4rmer wirken, je mehr Blau im Grau enthalten ist, desto k\u00fchler die Wirkung. Bei rot- oder und gr\u00fcnstichigem Grau entscheiden ebenfalls die Gelb- bzw. Blauanteile, ob sie zur warmen oder kalten Farbpalette geh\u00f6ren.\u00a0<\/span><\/p>\n<p><span class=\"fliesstext\" style=\"font-family: Roboto, sans-serif; font-size: 16px; line-height: 24px; font-weight: 400;\">M\u00f6bel aus dunklem Holz kommen im Zusammenspiel mit einem warmen leicht r\u00f6tlichen Grauton gut zur Geltung. Accessoires in k\u00fchlen Graut\u00f6nen oder zartem Rosa sind eine gute Erg\u00e4nzung. R\u00f6tliches Holz hingegen wirkt wohnlich, wenn es auf Graut\u00f6ne mit Braunanteil trifft. Zum Landhausstil mit seinen rustikalen Holzm\u00f6beln, gedeckten Farben und Wei\u00dfakzenten passen die dezent gr\u00fcnstichigen T\u00f6ne der Graupalette. Sie harmonieren ebenfalls mit zartem Rosa.<\/span><\/p>\n<p><span class=\"fliesstext\" style=\"font-family: Roboto, sans-serif; font-size: 16px; line-height: 24px; font-weight: 400;\">K\u00fchles, n\u00fcchternes Grau mit einem h\u00f6heren Blauanteil bringt Blau und Wei\u00df zum Leuchten, und auch wer Gelb oder M\u00f6bel aus hellem Holz mit Grau kombinieren m\u00f6chte, sollte zu Graut\u00f6nen mit einem Blaustich greifen. Umgekehrt bildet das warme, sanfte Grau mit gelblicher T\u00f6nung einen sch\u00f6nen Kontrast zu k\u00fchlen Farben wie Violett und Blau.\u00a0<\/span><\/p>\n<p><span class=\"fliesstext\" style=\"font-family: Roboto, sans-serif; font-size: 16px; line-height: 24px; font-weight: 400;\">Der Blau-Violett-Stich von Taubengrau nimmt die Farbe optisch zur\u00fcck. Als Wandfarbe bietet es daher ideale Bedingungen f\u00fcr eine Bildergalerie.\u00a0<\/span><\/p>\n<p>&nbsp;<\/p>\n<figure id=\"attachment_2710\" aria-describedby=\"caption-attachment-2710\" style=\"width: 1200px\" class=\"wp-caption alignnone\"><img loading=\"lazy\" decoding=\"async\" class=\"wp-image-2710 size-full\" src=\"https:\/\/www.zurbrueggen.de\/magazin\/wp-content\/uploads\/2018\/04\/magazin-grau-m-01.jpg\" alt=\"Grau und Beton\" width=\"1200\" height=\"675\" srcset=\"https:\/\/www.zurbrueggen.de\/magazin\/wp-content\/uploads\/2018\/04\/magazin-grau-m-01.jpg 1200w, https:\/\/www.zurbrueggen.de\/magazin\/wp-content\/uploads\/2018\/04\/magazin-grau-m-01-300x169.jpg 300w, https:\/\/www.zurbrueggen.de\/magazin\/wp-content\/uploads\/2018\/04\/magazin-grau-m-01-768x432.jpg 768w, https:\/\/www.zurbrueggen.de\/magazin\/wp-content\/uploads\/2018\/04\/magazin-grau-m-01-1024x576.jpg 1024w, https:\/\/www.zurbrueggen.de\/magazin\/wp-content\/uploads\/2018\/04\/magazin-grau-m-01-665x374.jpg 665w, https:\/\/www.zurbrueggen.de\/magazin\/wp-content\/uploads\/2018\/04\/magazin-grau-m-01-462x260.jpg 462w\" sizes=\"auto, (max-width: 1200px) 100vw, 1200px\" \/><figcaption id=\"caption-attachment-2710\" class=\"wp-caption-text\">Grau und Beton<\/figcaption><\/figure>\n<p>&nbsp;<\/p>\n<h2><span class=\"subheading\" style=\"font-family: 'Roboto Slab', sans-serif; font-size: 20px; margin-top: 40px; font-weight: 400; text-transform: none; margin-left: 12.5%;\">Grau und Beton<\/span><\/h2>\n<p>&nbsp;<\/p>\n<p><span class=\"fliesstext\" style=\"font-family: Roboto, sans-serif; font-size: 16px; line-height: 24px; font-weight: 400;\">Imposante M\u00f6bel kommen vor k\u00fchlem Betongrau gut zur Geltung, warme Braunt\u00f6ne, Kleinm\u00f6bel aus Holz, Textilien, weiches Leder oder Fell sorgen f\u00fcr Behaglichkeit.<\/span><\/p>\n<p><span class=\"fliesstext\" style=\"font-family: Roboto, sans-serif; font-size: 16px; line-height: 24px; font-weight: 400;\">Apropos Beton: <a href=\"https:\/\/www.zurbrueggen.de\/shop\/wohnen\/couchtische.html?color=48734\">Der Werkstoff liegt im Trend<\/a>. Nicht nur Treppen oder W\u00e4nde aus Beton geben einem Raum ein einzigartiges Flair, auch im M\u00f6beldesign kommt das vielseitige Material verst\u00e4rkt zum Einsatz. Seine offenporige Struktur verleiht der Betonoberfl\u00e4che eine nat\u00fcrliche Anmutung und eine lebendige Optik, die in Form einer Lampe, einer Vase oder einer Bodenschale reizvolle Akzente setzt.\u00a0<\/span><\/p>\n<p><span class=\"fliesstext\" style=\"font-family: Roboto, sans-serif; font-size: 16px; line-height: 24px; font-weight: 400;\">Beton kann dem jeweiligen Verwendungszweck optimal angepasst werden. \u00dcberall dort, wo das strapazierf\u00e4hige Material einer intensiven Nutzung ausgesetzt ist, etwa bei einem Couchtisch im Wohnzimmer, einer Arbeitsfl\u00e4che in der <a href=\"https:\/\/www.zurbrueggen.de\/magazin\/neue-trends-in-kueche-und-bad\/\">K\u00fcche oder einem Waschtisch im Bad<\/a>, werden die Oberfl\u00e4chen sorgf\u00e4ltig geschliffen, poliert oder gewachst. So sind sie leicht zu reinigen, erhalten eine glatte Optik und eine samtige Haptik. Auch die graue Farbe des Betons kann von k\u00fchl zu warm variiert werden, indem dem Ausgangsmaterial Farbpigmente zugef\u00fcgt werden.\u00a0\u00a0<\/span><\/p>\n<p><span class=\"fliesstext\" style=\"font-family: Roboto, sans-serif; font-size: 16px; line-height: 24px; font-weight: 400;\">Beton ist die ideale Erg\u00e4nzung zum aktuellen Grautrend \u2013 zusammen bilden sie einen zeitlos modernen Look!<\/span><\/p>\n<p>&nbsp;<\/p>\n<p style=\"text-align: center;\"><strong><span class=\"fliesstext\" style=\"font-family: Roboto, sans-serif; font-size: 16px; line-height: 24px;\">Weitere Farbtrends entdecken:\u00a0<a href=\"https:\/\/www.zurbrueggen.de\/magazin\/highlights-setzen-mit-kupfer\/\"><i class=\"fa fa-angle-right\" style=\"font-size: 16px; color: #bf0000;\"><\/i> Highlights setzen mit Kupfer<\/a><\/span><\/strong><\/p>\n","protected":false},"excerpt":{"rendered":"<p>Grau ist das Kombinationstalent unter den Farben. Vorbei die Zeiten, als die Farbe der Inbegriff von Eint\u00f6nigkeit war. Mit seinen zahlreichen Farbnuancen wirkt Grau in nahezu jeder Umgebung: Es kann selbst stylish in Szene gesetzt werden, l\u00e4sst bunte Farben leuchten, kann die strenge Linienf\u00fchrung des minimalistischen Wohnstils farblich unterst\u00fctzen oder dem k\u00fchlen Charme des skandinavischen [&hellip;]<\/p>\n","protected":false},"author":20,"featured_media":2708,"comment_status":"open","ping_status":"open","sticky":false,"template":"","format":"standard","meta":{"_acf_changed":false,"footnotes":""},"categories":[1,32,27],"tags":[],"class_list":["post-2696","post","type-post","status-publish","format-standard","has-post-thumbnail","hentry","category-alle-artikel","category-trend","category-trends-und-wissen"],"acf":[],"yoast_head":"<!-- This site is optimized with the Yoast SEO plugin v27.4 - https:\/\/yoast.com\/product\/yoast-seo-wordpress\/ -->\n<title>Wohnideen in Grau \u2013 alles andere als farblos | Zurbr\u00fcggen \u00bbmagazin\u00ab<\/title>\n<meta name=\"description\" content=\"Um einer allzu strengen Anmutung entgegenzuwirken, lockern unterschiedliche Graut\u00f6ne an den W\u00e4nden, bei den M\u00f6beln und auf dem Boden die Atmosph\u00e4re und erzeugen ein harmonisches Gesamtbild. Erfahren Sie hier die wichtigsten Tipps zum Thema einrichten mit der Trendfarbe Grau!\" \/>\n<meta name=\"robots\" content=\"index, follow, max-snippet:-1, max-image-preview:large, max-video-preview:-1\" \/>\n<link rel=\"canonical\" href=\"https:\/\/www.zurbrueggen.de\/magazin\/wohnideen-in-grau\/\" \/>\n<meta property=\"og:locale\" content=\"de_DE\" \/>\n<meta property=\"og:type\" content=\"article\" \/>\n<meta property=\"og:title\" content=\"Wohnideen in Grau \u2013 alles andere als farblos | Zurbr\u00fcggen \u00bbmagazin\u00ab\" \/>\n<meta property=\"og:description\" content=\"Um einer allzu strengen Anmutung entgegenzuwirken, lockern unterschiedliche Graut\u00f6ne an den W\u00e4nden, bei den M\u00f6beln und auf dem Boden die Atmosph\u00e4re und erzeugen ein harmonisches Gesamtbild. Erfahren Sie hier die wichtigsten Tipps zum Thema einrichten mit der Trendfarbe Grau!\" \/>\n<meta property=\"og:url\" content=\"https:\/\/www.zurbrueggen.de\/magazin\/wohnideen-in-grau\/\" \/>\n<meta property=\"og:site_name\" content=\"Zurbr\u00fcggen magazin\" \/>\n<meta property=\"article:publisher\" content=\"https:\/\/facebook.com\/zurbrueggen\" \/>\n<meta property=\"article:published_time\" content=\"2018-04-09T12:55:46+00:00\" \/>\n<meta property=\"article:modified_time\" content=\"2018-04-10T10:24:50+00:00\" \/>\n<meta property=\"og:image\" content=\"https:\/\/www.zurbrueggen.de\/magazin\/wp-content\/uploads\/2018\/04\/magazin-grau-cta-m-04-1.jpg\" \/>\n\t<meta property=\"og:image:width\" content=\"1200\" \/>\n\t<meta property=\"og:image:height\" content=\"675\" \/>\n\t<meta property=\"og:image:type\" content=\"image\/jpeg\" \/>\n<meta name=\"author\" content=\"Linda Wolfgart\" \/>\n<script type=\"application\/ld+json\" class=\"yoast-schema-graph\">{\"@context\":\"https:\\\/\\\/schema.org\",\"@graph\":[{\"@type\":\"Article\",\"@id\":\"https:\\\/\\\/www.zurbrueggen.de\\\/magazin\\\/wohnideen-in-grau\\\/#article\",\"isPartOf\":{\"@id\":\"https:\\\/\\\/www.zurbrueggen.de\\\/magazin\\\/wohnideen-in-grau\\\/\"},\"author\":{\"name\":\"Linda Wolfgart\",\"@id\":\"https:\\\/\\\/www.zurbrueggen.de\\\/magazin\\\/#\\\/schema\\\/person\\\/07170b1da6f7876ac78e450b9a3ed3d6\"},\"headline\":\"Wohnideen in Grau\",\"datePublished\":\"2018-04-09T12:55:46+00:00\",\"dateModified\":\"2018-04-10T10:24:50+00:00\",\"mainEntityOfPage\":{\"@id\":\"https:\\\/\\\/www.zurbrueggen.de\\\/magazin\\\/wohnideen-in-grau\\\/\"},\"wordCount\":790,\"commentCount\":0,\"publisher\":{\"@id\":\"https:\\\/\\\/www.zurbrueggen.de\\\/magazin\\\/#organization\"},\"image\":{\"@id\":\"https:\\\/\\\/www.zurbrueggen.de\\\/magazin\\\/wohnideen-in-grau\\\/#primaryimage\"},\"thumbnailUrl\":\"https:\\\/\\\/www.zurbrueggen.de\\\/magazin\\\/wp-content\\\/uploads\\\/2018\\\/04\\\/magazin-grau-cta-m-04.jpg\",\"articleSection\":[\"Alle Artikel\",\"trend\",\"Trends &amp; Wissen\"],\"inLanguage\":\"de\",\"potentialAction\":[{\"@type\":\"CommentAction\",\"name\":\"Comment\",\"target\":[\"https:\\\/\\\/www.zurbrueggen.de\\\/magazin\\\/wohnideen-in-grau\\\/#respond\"]}]},{\"@type\":\"WebPage\",\"@id\":\"https:\\\/\\\/www.zurbrueggen.de\\\/magazin\\\/wohnideen-in-grau\\\/\",\"url\":\"https:\\\/\\\/www.zurbrueggen.de\\\/magazin\\\/wohnideen-in-grau\\\/\",\"name\":\"Wohnideen in Grau \u2013 alles andere als farblos | Zurbr\u00fcggen \u00bbmagazin\u00ab\",\"isPartOf\":{\"@id\":\"https:\\\/\\\/www.zurbrueggen.de\\\/magazin\\\/#website\"},\"primaryImageOfPage\":{\"@id\":\"https:\\\/\\\/www.zurbrueggen.de\\\/magazin\\\/wohnideen-in-grau\\\/#primaryimage\"},\"image\":{\"@id\":\"https:\\\/\\\/www.zurbrueggen.de\\\/magazin\\\/wohnideen-in-grau\\\/#primaryimage\"},\"thumbnailUrl\":\"https:\\\/\\\/www.zurbrueggen.de\\\/magazin\\\/wp-content\\\/uploads\\\/2018\\\/04\\\/magazin-grau-cta-m-04.jpg\",\"datePublished\":\"2018-04-09T12:55:46+00:00\",\"dateModified\":\"2018-04-10T10:24:50+00:00\",\"description\":\"Um einer allzu strengen Anmutung entgegenzuwirken, lockern unterschiedliche Graut\u00f6ne an den W\u00e4nden, bei den M\u00f6beln und auf dem Boden die Atmosph\u00e4re und erzeugen ein harmonisches Gesamtbild. Erfahren Sie hier die wichtigsten Tipps zum Thema einrichten mit der Trendfarbe Grau!\",\"breadcrumb\":{\"@id\":\"https:\\\/\\\/www.zurbrueggen.de\\\/magazin\\\/wohnideen-in-grau\\\/#breadcrumb\"},\"inLanguage\":\"de\",\"potentialAction\":[{\"@type\":\"ReadAction\",\"target\":[\"https:\\\/\\\/www.zurbrueggen.de\\\/magazin\\\/wohnideen-in-grau\\\/\"]}]},{\"@type\":\"ImageObject\",\"inLanguage\":\"de\",\"@id\":\"https:\\\/\\\/www.zurbrueggen.de\\\/magazin\\\/wohnideen-in-grau\\\/#primaryimage\",\"url\":\"https:\\\/\\\/www.zurbrueggen.de\\\/magazin\\\/wp-content\\\/uploads\\\/2018\\\/04\\\/magazin-grau-cta-m-04.jpg\",\"contentUrl\":\"https:\\\/\\\/www.zurbrueggen.de\\\/magazin\\\/wp-content\\\/uploads\\\/2018\\\/04\\\/magazin-grau-cta-m-04.jpg\",\"width\":1200,\"height\":675,\"caption\":\"Grau und Beton\"},{\"@type\":\"BreadcrumbList\",\"@id\":\"https:\\\/\\\/www.zurbrueggen.de\\\/magazin\\\/wohnideen-in-grau\\\/#breadcrumb\",\"itemListElement\":[{\"@type\":\"ListItem\",\"position\":1,\"name\":\"Startseite\",\"item\":\"https:\\\/\\\/www.zurbrueggen.de\\\/magazin\\\/\"},{\"@type\":\"ListItem\",\"position\":2,\"name\":\"Wohnideen in Grau\"}]},{\"@type\":\"WebSite\",\"@id\":\"https:\\\/\\\/www.zurbrueggen.de\\\/magazin\\\/#website\",\"url\":\"https:\\\/\\\/www.zurbrueggen.de\\\/magazin\\\/\",\"name\":\"Zurbr\u00fcggen magazin\",\"description\":\"DESIGN \u2022 STYLE \u2022 LIVING\",\"publisher\":{\"@id\":\"https:\\\/\\\/www.zurbrueggen.de\\\/magazin\\\/#organization\"},\"potentialAction\":[{\"@type\":\"SearchAction\",\"target\":{\"@type\":\"EntryPoint\",\"urlTemplate\":\"https:\\\/\\\/www.zurbrueggen.de\\\/magazin\\\/?s={search_term_string}\"},\"query-input\":{\"@type\":\"PropertyValueSpecification\",\"valueRequired\":true,\"valueName\":\"search_term_string\"}}],\"inLanguage\":\"de\"},{\"@type\":\"Organization\",\"@id\":\"https:\\\/\\\/www.zurbrueggen.de\\\/magazin\\\/#organization\",\"name\":\"Zurbr\u00fcggen Wohn-Zentrum GmbH\",\"url\":\"https:\\\/\\\/www.zurbrueggen.de\\\/magazin\\\/\",\"logo\":{\"@type\":\"ImageObject\",\"inLanguage\":\"de\",\"@id\":\"https:\\\/\\\/www.zurbrueggen.de\\\/magazin\\\/#\\\/schema\\\/logo\\\/image\\\/\",\"url\":\"https:\\\/\\\/www.zurbrueggen.de\\\/magazin\\\/wp-content\\\/uploads\\\/2016\\\/07\\\/logo_zurbrueggen.png\",\"contentUrl\":\"https:\\\/\\\/www.zurbrueggen.de\\\/magazin\\\/wp-content\\\/uploads\\\/2016\\\/07\\\/logo_zurbrueggen.png\",\"width\":400,\"height\":107,\"caption\":\"Zurbr\u00fcggen Wohn-Zentrum GmbH\"},\"image\":{\"@id\":\"https:\\\/\\\/www.zurbrueggen.de\\\/magazin\\\/#\\\/schema\\\/logo\\\/image\\\/\"},\"sameAs\":[\"https:\\\/\\\/facebook.com\\\/zurbrueggen\",\"https:\\\/\\\/x.com\\\/Zurbrueggen\"]},{\"@type\":\"Person\",\"@id\":\"https:\\\/\\\/www.zurbrueggen.de\\\/magazin\\\/#\\\/schema\\\/person\\\/07170b1da6f7876ac78e450b9a3ed3d6\",\"name\":\"Linda Wolfgart\",\"image\":{\"@type\":\"ImageObject\",\"inLanguage\":\"de\",\"@id\":\"https:\\\/\\\/secure.gravatar.com\\\/avatar\\\/f84173980fbd4382d8c0ae77c07dbf27a65219dbdadb5b039dab209120bb5c55?s=96&d=mm&r=g\",\"url\":\"https:\\\/\\\/secure.gravatar.com\\\/avatar\\\/f84173980fbd4382d8c0ae77c07dbf27a65219dbdadb5b039dab209120bb5c55?s=96&d=mm&r=g\",\"contentUrl\":\"https:\\\/\\\/secure.gravatar.com\\\/avatar\\\/f84173980fbd4382d8c0ae77c07dbf27a65219dbdadb5b039dab209120bb5c55?s=96&d=mm&r=g\",\"caption\":\"Linda Wolfgart\"},\"url\":\"https:\\\/\\\/www.zurbrueggen.de\\\/magazin\\\/author\\\/l_junowicz\\\/\"}]}<\/script>\n<!-- \/ Yoast SEO plugin. -->","yoast_head_json":{"title":"Wohnideen in Grau \u2013 alles andere als farblos | Zurbr\u00fcggen \u00bbmagazin\u00ab","description":"Um einer allzu strengen Anmutung entgegenzuwirken, lockern unterschiedliche Graut\u00f6ne an den W\u00e4nden, bei den M\u00f6beln und auf dem Boden die Atmosph\u00e4re und erzeugen ein harmonisches Gesamtbild. Erfahren Sie hier die wichtigsten Tipps zum Thema einrichten mit der Trendfarbe Grau!","robots":{"index":"index","follow":"follow","max-snippet":"max-snippet:-1","max-image-preview":"max-image-preview:large","max-video-preview":"max-video-preview:-1"},"canonical":"https:\/\/www.zurbrueggen.de\/magazin\/wohnideen-in-grau\/","og_locale":"de_DE","og_type":"article","og_title":"Wohnideen in Grau \u2013 alles andere als farblos | Zurbr\u00fcggen \u00bbmagazin\u00ab","og_description":"Um einer allzu strengen Anmutung entgegenzuwirken, lockern unterschiedliche Graut\u00f6ne an den W\u00e4nden, bei den M\u00f6beln und auf dem Boden die Atmosph\u00e4re und erzeugen ein harmonisches Gesamtbild. Erfahren Sie hier die wichtigsten Tipps zum Thema einrichten mit der Trendfarbe Grau!","og_url":"https:\/\/www.zurbrueggen.de\/magazin\/wohnideen-in-grau\/","og_site_name":"Zurbr\u00fcggen magazin","article_publisher":"https:\/\/facebook.com\/zurbrueggen","article_published_time":"2018-04-09T12:55:46+00:00","article_modified_time":"2018-04-10T10:24:50+00:00","og_image":[{"width":1200,"height":675,"url":"https:\/\/www.zurbrueggen.de\/magazin\/wp-content\/uploads\/2018\/04\/magazin-grau-cta-m-04-1.jpg","type":"image\/jpeg"}],"author":"Linda Wolfgart","schema":{"@context":"https:\/\/schema.org","@graph":[{"@type":"Article","@id":"https:\/\/www.zurbrueggen.de\/magazin\/wohnideen-in-grau\/#article","isPartOf":{"@id":"https:\/\/www.zurbrueggen.de\/magazin\/wohnideen-in-grau\/"},"author":{"name":"Linda Wolfgart","@id":"https:\/\/www.zurbrueggen.de\/magazin\/#\/schema\/person\/07170b1da6f7876ac78e450b9a3ed3d6"},"headline":"Wohnideen in Grau","datePublished":"2018-04-09T12:55:46+00:00","dateModified":"2018-04-10T10:24:50+00:00","mainEntityOfPage":{"@id":"https:\/\/www.zurbrueggen.de\/magazin\/wohnideen-in-grau\/"},"wordCount":790,"commentCount":0,"publisher":{"@id":"https:\/\/www.zurbrueggen.de\/magazin\/#organization"},"image":{"@id":"https:\/\/www.zurbrueggen.de\/magazin\/wohnideen-in-grau\/#primaryimage"},"thumbnailUrl":"https:\/\/www.zurbrueggen.de\/magazin\/wp-content\/uploads\/2018\/04\/magazin-grau-cta-m-04.jpg","articleSection":["Alle Artikel","trend","Trends &amp; Wissen"],"inLanguage":"de","potentialAction":[{"@type":"CommentAction","name":"Comment","target":["https:\/\/www.zurbrueggen.de\/magazin\/wohnideen-in-grau\/#respond"]}]},{"@type":"WebPage","@id":"https:\/\/www.zurbrueggen.de\/magazin\/wohnideen-in-grau\/","url":"https:\/\/www.zurbrueggen.de\/magazin\/wohnideen-in-grau\/","name":"Wohnideen in Grau \u2013 alles andere als farblos | Zurbr\u00fcggen \u00bbmagazin\u00ab","isPartOf":{"@id":"https:\/\/www.zurbrueggen.de\/magazin\/#website"},"primaryImageOfPage":{"@id":"https:\/\/www.zurbrueggen.de\/magazin\/wohnideen-in-grau\/#primaryimage"},"image":{"@id":"https:\/\/www.zurbrueggen.de\/magazin\/wohnideen-in-grau\/#primaryimage"},"thumbnailUrl":"https:\/\/www.zurbrueggen.de\/magazin\/wp-content\/uploads\/2018\/04\/magazin-grau-cta-m-04.jpg","datePublished":"2018-04-09T12:55:46+00:00","dateModified":"2018-04-10T10:24:50+00:00","description":"Um einer allzu strengen Anmutung entgegenzuwirken, lockern unterschiedliche Graut\u00f6ne an den W\u00e4nden, bei den M\u00f6beln und auf dem Boden die Atmosph\u00e4re und erzeugen ein harmonisches Gesamtbild. Erfahren Sie hier die wichtigsten Tipps zum Thema einrichten mit der Trendfarbe Grau!","breadcrumb":{"@id":"https:\/\/www.zurbrueggen.de\/magazin\/wohnideen-in-grau\/#breadcrumb"},"inLanguage":"de","potentialAction":[{"@type":"ReadAction","target":["https:\/\/www.zurbrueggen.de\/magazin\/wohnideen-in-grau\/"]}]},{"@type":"ImageObject","inLanguage":"de","@id":"https:\/\/www.zurbrueggen.de\/magazin\/wohnideen-in-grau\/#primaryimage","url":"https:\/\/www.zurbrueggen.de\/magazin\/wp-content\/uploads\/2018\/04\/magazin-grau-cta-m-04.jpg","contentUrl":"https:\/\/www.zurbrueggen.de\/magazin\/wp-content\/uploads\/2018\/04\/magazin-grau-cta-m-04.jpg","width":1200,"height":675,"caption":"Grau und Beton"},{"@type":"BreadcrumbList","@id":"https:\/\/www.zurbrueggen.de\/magazin\/wohnideen-in-grau\/#breadcrumb","itemListElement":[{"@type":"ListItem","position":1,"name":"Startseite","item":"https:\/\/www.zurbrueggen.de\/magazin\/"},{"@type":"ListItem","position":2,"name":"Wohnideen in Grau"}]},{"@type":"WebSite","@id":"https:\/\/www.zurbrueggen.de\/magazin\/#website","url":"https:\/\/www.zurbrueggen.de\/magazin\/","name":"Zurbr\u00fcggen magazin","description":"DESIGN \u2022 STYLE \u2022 LIVING","publisher":{"@id":"https:\/\/www.zurbrueggen.de\/magazin\/#organization"},"potentialAction":[{"@type":"SearchAction","target":{"@type":"EntryPoint","urlTemplate":"https:\/\/www.zurbrueggen.de\/magazin\/?s={search_term_string}"},"query-input":{"@type":"PropertyValueSpecification","valueRequired":true,"valueName":"search_term_string"}}],"inLanguage":"de"},{"@type":"Organization","@id":"https:\/\/www.zurbrueggen.de\/magazin\/#organization","name":"Zurbr\u00fcggen Wohn-Zentrum GmbH","url":"https:\/\/www.zurbrueggen.de\/magazin\/","logo":{"@type":"ImageObject","inLanguage":"de","@id":"https:\/\/www.zurbrueggen.de\/magazin\/#\/schema\/logo\/image\/","url":"https:\/\/www.zurbrueggen.de\/magazin\/wp-content\/uploads\/2016\/07\/logo_zurbrueggen.png","contentUrl":"https:\/\/www.zurbrueggen.de\/magazin\/wp-content\/uploads\/2016\/07\/logo_zurbrueggen.png","width":400,"height":107,"caption":"Zurbr\u00fcggen Wohn-Zentrum GmbH"},"image":{"@id":"https:\/\/www.zurbrueggen.de\/magazin\/#\/schema\/logo\/image\/"},"sameAs":["https:\/\/facebook.com\/zurbrueggen","https:\/\/x.com\/Zurbrueggen"]},{"@type":"Person","@id":"https:\/\/www.zurbrueggen.de\/magazin\/#\/schema\/person\/07170b1da6f7876ac78e450b9a3ed3d6","name":"Linda Wolfgart","image":{"@type":"ImageObject","inLanguage":"de","@id":"https:\/\/secure.gravatar.com\/avatar\/f84173980fbd4382d8c0ae77c07dbf27a65219dbdadb5b039dab209120bb5c55?s=96&d=mm&r=g","url":"https:\/\/secure.gravatar.com\/avatar\/f84173980fbd4382d8c0ae77c07dbf27a65219dbdadb5b039dab209120bb5c55?s=96&d=mm&r=g","contentUrl":"https:\/\/secure.gravatar.com\/avatar\/f84173980fbd4382d8c0ae77c07dbf27a65219dbdadb5b039dab209120bb5c55?s=96&d=mm&r=g","caption":"Linda Wolfgart"},"url":"https:\/\/www.zurbrueggen.de\/magazin\/author\/l_junowicz\/"}]}},"_links":{"self":[{"href":"https:\/\/www.zurbrueggen.de\/magazin\/wp-json\/wp\/v2\/posts\/2696","targetHints":{"allow":["GET"]}}],"collection":[{"href":"https:\/\/www.zurbrueggen.de\/magazin\/wp-json\/wp\/v2\/posts"}],"about":[{"href":"https:\/\/www.zurbrueggen.de\/magazin\/wp-json\/wp\/v2\/types\/post"}],"author":[{"embeddable":true,"href":"https:\/\/www.zurbrueggen.de\/magazin\/wp-json\/wp\/v2\/users\/20"}],"replies":[{"embeddable":true,"href":"https:\/\/www.zurbrueggen.de\/magazin\/wp-json\/wp\/v2\/comments?post=2696"}],"version-history":[{"count":20,"href":"https:\/\/www.zurbrueggen.de\/magazin\/wp-json\/wp\/v2\/posts\/2696\/revisions"}],"predecessor-version":[{"id":2732,"href":"https:\/\/www.zurbrueggen.de\/magazin\/wp-json\/wp\/v2\/posts\/2696\/revisions\/2732"}],"wp:featuredmedia":[{"embeddable":true,"href":"https:\/\/www.zurbrueggen.de\/magazin\/wp-json\/wp\/v2\/media\/2708"}],"wp:attachment":[{"href":"https:\/\/www.zurbrueggen.de\/magazin\/wp-json\/wp\/v2\/media?parent=2696"}],"wp:term":[{"taxonomy":"category","embeddable":true,"href":"https:\/\/www.zurbrueggen.de\/magazin\/wp-json\/wp\/v2\/categories?post=2696"},{"taxonomy":"post_tag","embeddable":true,"href":"https:\/\/www.zurbrueggen.de\/magazin\/wp-json\/wp\/v2\/tags?post=2696"}],"curies":[{"name":"wp","href":"https:\/\/api.w.org\/{rel}","templated":true}]}}