{"id":1967,"date":"2017-09-08T11:52:05","date_gmt":"2017-09-08T09:52:05","guid":{"rendered":"https:\/\/www.zurbrueggen.de\/magazin\/?p=1967"},"modified":"2019-11-06T16:25:13","modified_gmt":"2019-11-06T15:25:13","slug":"flur-einrichten","status":"publish","type":"post","link":"https:\/\/www.zurbrueggen.de\/magazin\/flur-einrichten\/","title":{"rendered":"Herausforderung Flur"},"content":{"rendered":"<figure id=\"attachment_1977\" aria-describedby=\"caption-attachment-1977\" style=\"width: 1200px\" class=\"wp-caption alignnone\"><img loading=\"lazy\" decoding=\"async\" class=\"wp-image-1977 size-full\" src=\"https:\/\/www.zurbrueggen.de\/magazin\/wp-content\/uploads\/2017\/09\/magazin-moderner-flur-Multi_Color_GLOSS-951159_Cassando-cta.jpg\" alt=\"Cassando - Garderobenserie TREND mit Glasfronten\" width=\"1200\" height=\"675\" srcset=\"https:\/\/www.zurbrueggen.de\/magazin\/wp-content\/uploads\/2017\/09\/magazin-moderner-flur-Multi_Color_GLOSS-951159_Cassando-cta.jpg 1200w, https:\/\/www.zurbrueggen.de\/magazin\/wp-content\/uploads\/2017\/09\/magazin-moderner-flur-Multi_Color_GLOSS-951159_Cassando-cta-300x169.jpg 300w, https:\/\/www.zurbrueggen.de\/magazin\/wp-content\/uploads\/2017\/09\/magazin-moderner-flur-Multi_Color_GLOSS-951159_Cassando-cta-768x432.jpg 768w, https:\/\/www.zurbrueggen.de\/magazin\/wp-content\/uploads\/2017\/09\/magazin-moderner-flur-Multi_Color_GLOSS-951159_Cassando-cta-1024x576.jpg 1024w, https:\/\/www.zurbrueggen.de\/magazin\/wp-content\/uploads\/2017\/09\/magazin-moderner-flur-Multi_Color_GLOSS-951159_Cassando-cta-665x374.jpg 665w, https:\/\/www.zurbrueggen.de\/magazin\/wp-content\/uploads\/2017\/09\/magazin-moderner-flur-Multi_Color_GLOSS-951159_Cassando-cta-462x260.jpg 462w\" sizes=\"auto, (max-width: 1200px) 100vw, 1200px\" \/><figcaption id=\"caption-attachment-1977\" class=\"wp-caption-text\">Cassando &#8211; Garderobenserie TREND mit Glasfronten<\/figcaption><\/figure>\n<p><span class=\"vorschau\" style=\"font-family: 'Roboto Slab'; font-size: 22px; line-height: 34px; font-weight: 300; margin-top: 40px;\">Beim \u00d6ffnen der Eingangst\u00fcr f\u00e4llt der allererste Blick in den Flur. Damit ist der Eingangsbereich gewisserma\u00dfen die Visitenkarte der Wohnung. Gleichzeitig ist er ihr Dreh- und Angelpunkt, der verschiedene R\u00e4ume miteinander verbindet. Und weil man durch den Flur die Wohnung betritt und verl\u00e4sst, beherbergt er in der Regel auch Jacken, Schuhe und andere Outdoor-Kleidung. Dadurch wird der Flur-Einrichtung so einiges abverlangt. Sie muss optisch etwas hermachen, funktional und strapazierf\u00e4hig sein und einem Durchgangsraum\u00a0 Wohnlichkeit verleihen.<\/span><\/p>\n<p><em>\u00a0<\/em><!--more--><\/p>\n<h2><span class=\"subheading\" style=\"font-family: 'Roboto Slab', sans-serif; font-size: 20px; margin-top: 40px; font-weight: 400; text-transform: none; margin-left: 12.5%;\">Mit Farben den Flur einrichten<\/span><\/h2>\n<h2><strong>\u00a0<\/strong><\/h2>\n<figure id=\"attachment_1981\" aria-describedby=\"caption-attachment-1981\" style=\"width: 1200px\" class=\"wp-caption alignnone\"><img loading=\"lazy\" decoding=\"async\" class=\"wp-image-1981 size-full\" src=\"https:\/\/www.zurbrueggen.de\/magazin\/wp-content\/uploads\/2017\/09\/magazin-moderner-flur-voleo_split_1017380-m.jpg\" alt=\"VOLEO Serie SPLIT\" width=\"1200\" height=\"675\" srcset=\"https:\/\/www.zurbrueggen.de\/magazin\/wp-content\/uploads\/2017\/09\/magazin-moderner-flur-voleo_split_1017380-m.jpg 1200w, https:\/\/www.zurbrueggen.de\/magazin\/wp-content\/uploads\/2017\/09\/magazin-moderner-flur-voleo_split_1017380-m-300x169.jpg 300w, https:\/\/www.zurbrueggen.de\/magazin\/wp-content\/uploads\/2017\/09\/magazin-moderner-flur-voleo_split_1017380-m-768x432.jpg 768w, https:\/\/www.zurbrueggen.de\/magazin\/wp-content\/uploads\/2017\/09\/magazin-moderner-flur-voleo_split_1017380-m-1024x576.jpg 1024w, https:\/\/www.zurbrueggen.de\/magazin\/wp-content\/uploads\/2017\/09\/magazin-moderner-flur-voleo_split_1017380-m-665x374.jpg 665w, https:\/\/www.zurbrueggen.de\/magazin\/wp-content\/uploads\/2017\/09\/magazin-moderner-flur-voleo_split_1017380-m-462x260.jpg 462w\" sizes=\"auto, (max-width: 1200px) 100vw, 1200px\" \/><figcaption id=\"caption-attachment-1981\" class=\"wp-caption-text\">VOLEO &#8211; Garderoben-Serie SPLIT<\/figcaption><\/figure>\n<p><span class=\"fliesstext\" style=\"font-family: Roboto, sans-serif; font-size: 16px; line-height: 24px; font-weight: 400;\">Der <span class=\"fliesstext\" style=\"font-family: Roboto, sans-serif; font-size: 16px; line-height: 24px; font-weight: 400;\"><span class=\"fliesstext\" style=\"font-family: Roboto, sans-serif; font-size: 16px; line-height: 24px; font-weight: 400;\"><a href=\"https:\/\/www.zurbrueggen.de\/shop\/flur.html\">Flur<\/a> nimmt in der Wohnung und damit auch in der Einrichtung eine Art Sonderstellung ein. Er kann die restliche Einrichtung harmonisch erg\u00e4nzen oder sich deutlich von ihr abheben. Farben sind dabei ein zentrales Gestaltungsmittel. Denn die Farbgebung der Bodenbel\u00e4ge, Tapeten, Wandfarben und M\u00f6bel pr\u00e4gt ma\u00dfgeblich die Raumwirkung und beeinflusst die Stimmung. Erdt\u00f6ne und Cremefarben vermitteln zum Beispiel warme Behaglichkeit, w\u00e4hrend Nichtfarben wie Schwarz und Wei\u00df sowie unbunte T\u00f6ne wie Grau moderne Eleganz ausstrahlen. Pastellt\u00f6ne wirken romantisch und Wei\u00df-Nuancen freundlich bis puristisch. Nat\u00fcrlich sollten die gew\u00e4hlten Farben vor allem dem Bewohner gefallen. Dennoch gibt es einige Tipps, die bei der optimalen Farbgestaltung im Flur helfen:<\/span><\/span><\/span><\/p>\n<p>&nbsp;<\/p>\n<ul>\n<li><span class=\"fliesstext\" style=\"font-family: Roboto, sans-serif; font-size: 16px; line-height: 24px; font-weight: 400;\">Kleine, dunkle Flure wirken durch helle Farben um einiges gr\u00f6\u00dfer.<\/span><\/li>\n<li><span class=\"fliesstext\" style=\"font-family: Roboto, sans-serif; font-size: 16px; line-height: 24px; font-weight: 400;\">Ein einheitliches Farbkonzept bringt Harmonie in den Raum.<\/span><\/li>\n<li><span class=\"fliesstext\" style=\"font-family: Roboto, sans-serif; font-size: 16px; line-height: 24px; font-weight: 400;\">Kr\u00e4ftige Farben sollten in kleinen Fluren nur Akzente setzen.<\/span><\/li>\n<li><span class=\"fliesstext\" style=\"font-family: Roboto, sans-serif; font-size: 16px; line-height: 24px; font-weight: 400;\">T\u00fcren und Einbauschr\u00e4nke im Wandfarbton gl\u00e4tten die Wand optisch und beruhigen\u00a0 die Raum-Atmosph\u00e4re.<\/span><\/li>\n<li><span class=\"fliesstext\" style=\"font-family: Roboto, sans-serif; font-size: 16px; line-height: 24px; font-weight: 400;\">Untere Wandbereiche lassen sich durch Paneele oder Glasfasertapeten gegen Kratzer sch\u00fctzen und gleichzeitig farblich absetzen. Eine Bord\u00fcre sorgt zus\u00e4tzlich f\u00fcr Eleganz.<\/span><\/li>\n<li><span class=\"fliesstext\" style=\"font-family: Roboto, sans-serif; font-size: 16px; line-height: 24px; font-weight: 400;\">Hausflure im ersten oder zweiten Geschoss ben\u00f6tigen meist weniger Stauraum und k\u00f6nnen farblich vielf\u00e4ltiger gestaltet werden, etwa durch unterschiedliche T\u00fcr- Farben.<\/span><\/li>\n<\/ul>\n<p>&nbsp;<\/p>\n<figure id=\"attachment_1976\" aria-describedby=\"caption-attachment-1976\" style=\"width: 1200px\" class=\"wp-caption alignnone\"><img loading=\"lazy\" decoding=\"async\" class=\"wp-image-1976 size-full\" src=\"https:\/\/www.zurbrueggen.de\/magazin\/wp-content\/uploads\/2017\/09\/magazin-moderner-flur-Max_Berger_Quadral_60833-m.jpg\" alt=\"Cassando - Dielensystem TIMBER\" width=\"1200\" height=\"675\" srcset=\"https:\/\/www.zurbrueggen.de\/magazin\/wp-content\/uploads\/2017\/09\/magazin-moderner-flur-Max_Berger_Quadral_60833-m.jpg 1200w, https:\/\/www.zurbrueggen.de\/magazin\/wp-content\/uploads\/2017\/09\/magazin-moderner-flur-Max_Berger_Quadral_60833-m-300x169.jpg 300w, https:\/\/www.zurbrueggen.de\/magazin\/wp-content\/uploads\/2017\/09\/magazin-moderner-flur-Max_Berger_Quadral_60833-m-768x432.jpg 768w, https:\/\/www.zurbrueggen.de\/magazin\/wp-content\/uploads\/2017\/09\/magazin-moderner-flur-Max_Berger_Quadral_60833-m-1024x576.jpg 1024w, https:\/\/www.zurbrueggen.de\/magazin\/wp-content\/uploads\/2017\/09\/magazin-moderner-flur-Max_Berger_Quadral_60833-m-665x374.jpg 665w, https:\/\/www.zurbrueggen.de\/magazin\/wp-content\/uploads\/2017\/09\/magazin-moderner-flur-Max_Berger_Quadral_60833-m-462x260.jpg 462w\" sizes=\"auto, (max-width: 1200px) 100vw, 1200px\" \/><figcaption id=\"caption-attachment-1976\" class=\"wp-caption-text\">Cassando &#8211; Dielensystem TIMBER<\/figcaption><\/figure>\n<h2 id=\"HerausforderungFlur-IdealeM\u00f6belf\u00fcrdenFlur\"><span class=\"subheading\" style=\"font-family: 'Roboto Slab', sans-serif; font-size: 20px; margin-top: 40px; font-weight: 400; text-transform: none; margin-left: 12.5%;\">Ideale M\u00f6bel f\u00fcr den Flur<\/span><\/h2>\n<p><strong>\u00a0<\/strong><\/p>\n<p><span class=\"fliesstext\" style=\"font-family: Roboto, sans-serif; font-size: 16px; line-height: 24px; font-weight: 400;\">Viele Flure sind klein und bieten daher wenig Platz f\u00fcr Stauraum. Dabei soll meist gerade in der N\u00e4he der Eingangst\u00fcr eine Menge untergebracht werden, zum Beispiel Jacken, M\u00fctzen, Schuhe oder Schl\u00fcssel. Je kleiner der Flur, umso wichtiger ist zudem eine<\/span><\/p>\n<p><span class=\"fliesstext\" style=\"font-family: Roboto, sans-serif; font-size: 16px; line-height: 24px; font-weight: 400;\">aufger\u00e4umte Optik. Daher braucht es Ordnungssysteme, die Funktionalit\u00e4t und \u00c4sthetik optimal miteinander vereinen. Typische M\u00f6belst\u00fccke f\u00fcr den Flur sind Garderoben, B\u00e4nke, Schuhschr\u00e4nke und Kommoden. Bei wenig Platz ist eine offene Garderoben-L\u00f6sung optimal. Jacken und T\u00fccher k\u00f6nnen beispielsweise an Kn\u00f6pfen oder Haken aufgeh\u00e4ngt werden.<\/span><\/p>\n<p><span class=\"fliesstext\" style=\"font-family: Roboto, sans-serif; font-size: 16px; line-height: 24px; font-weight: 400;\">Auch Systeme mit ausklappbaren Haken sind in kleinen R\u00e4umen ideal. Ebenso empfiehlt\u00a0\u00a0 es sich, jede Nische sinnvoll zu nutzen, zum Beispiel durch Einbauschr\u00e4nke unter der Treppe oder Eck-Kommoden. Schiebet\u00fcren sparen zus\u00e4tzlich Platz. F\u00fcr das komfortable\u00a0 An- und Ausziehen der Schuhe bietet sich eine Bank im Flur an. Schmale Modelle mit Stauraum unter der Sitzfl\u00e4che passen meist sogar in sehr kleine Flure. Die Gr\u00f6\u00dfe und Tiefe der jeweiligen Flur-M\u00f6bel sollte sich stets nach dem Platzangebot in der Diele richten. In hallenartige Eingangsbereiche passen zum Beispiel auch gro\u00dfe Schr\u00e4nke und komplexe Garderobensysteme.<\/span><\/p>\n<p>&nbsp;<\/p>\n<figure id=\"attachment_1973\" aria-describedby=\"caption-attachment-1973\" style=\"width: 1200px\" class=\"wp-caption alignnone\"><img loading=\"lazy\" decoding=\"async\" class=\"wp-image-1973 size-full\" src=\"https:\/\/www.zurbrueggen.de\/magazin\/wp-content\/uploads\/2017\/09\/magazin-moderner-flur-invivus-interno-140190-cta.jpg\" alt=\"INVIVUS - Garderobenkombination INTERNO\" width=\"1200\" height=\"675\" srcset=\"https:\/\/www.zurbrueggen.de\/magazin\/wp-content\/uploads\/2017\/09\/magazin-moderner-flur-invivus-interno-140190-cta.jpg 1200w, https:\/\/www.zurbrueggen.de\/magazin\/wp-content\/uploads\/2017\/09\/magazin-moderner-flur-invivus-interno-140190-cta-300x169.jpg 300w, https:\/\/www.zurbrueggen.de\/magazin\/wp-content\/uploads\/2017\/09\/magazin-moderner-flur-invivus-interno-140190-cta-768x432.jpg 768w, https:\/\/www.zurbrueggen.de\/magazin\/wp-content\/uploads\/2017\/09\/magazin-moderner-flur-invivus-interno-140190-cta-1024x576.jpg 1024w, https:\/\/www.zurbrueggen.de\/magazin\/wp-content\/uploads\/2017\/09\/magazin-moderner-flur-invivus-interno-140190-cta-665x374.jpg 665w, https:\/\/www.zurbrueggen.de\/magazin\/wp-content\/uploads\/2017\/09\/magazin-moderner-flur-invivus-interno-140190-cta-462x260.jpg 462w\" sizes=\"auto, (max-width: 1200px) 100vw, 1200px\" \/><figcaption id=\"caption-attachment-1973\" class=\"wp-caption-text\">INVIVUS &#8211; Garderobenkombination INTERNO<\/figcaption><\/figure>\n<h2 id=\"HerausforderungFlur-Flureinrichten\u2013Trends\"><span class=\"subheading\" style=\"font-family: 'Roboto Slab', sans-serif; font-size: 20px; margin-top: 40px; font-weight: 400; text-transform: none; margin-left: 12.5%;\">Flur einrichten \u2013 Trends<\/span><\/h2>\n<p><span class=\"fliesstext\" style=\"font-family: Roboto, sans-serif; font-size: 16px; line-height: 24px; font-weight: 400;\">Bei der Auswahl von Farben und M\u00f6beln spielt der Einrichtungsstil eine gro\u00dfe Rolle. Beim trendigen Vintage-Look geht es beispielsweise um R\u00e4ume, in denen sichtbar gelebt wird. Gebrauchsspuren sind ebenso gew\u00fcnscht wie eine Kombination unterschiedlicher Farben und Stil-Epochen. Auch beim angesagten Shabby-Chic d\u00fcrfen die M\u00f6bel eine Geschichte erz\u00e4hlen. Runde, verspielte Formen, abgesto\u00dfene Ecken und Kanten sowie zarte Pastellt\u00f6ne machen den Stil perfekt. Rustikal und kantig geht es dagegen im modernen Industrial-Design zu. Rostiges Metall trifft auf strenge Linien und altes Holz. Fertig ist ein moderner und zugleich gem\u00fctlicher Loft-Look.<\/span><\/p>\n<p><span class=\"fliesstext\" style=\"font-family: Roboto, sans-serif; font-size: 16px; line-height: 24px; font-weight: 400;\">Ebenso angesagt ist der zeitlose skandinavische Stil. Helle Farben und puristische, schn\u00f6rkellose Formen sorgen f\u00fcr eine Einrichtung, die trotz klarer Linien Behaglichkeit ausstrahlt. Frisch und poppig wirken dagegen knallige Farben in Kombination mit Hochglanzoberfl\u00e4chen. Grafische Muster setzen hier tolle Akzente. Und klassische Einrichtungsstile wie der Landhaus-Stil scheinen nie aus der Mode zu kommen, sondern sich einfach immer wieder neu zu erfinden. Die fr\u00fchlingsfrische Trend-Farbe \u201eGreenery\u201c l\u00e4sst sich zum Beispiel perfekt zu wei\u00dfen Landhausm\u00f6beln oder ge\u00f6lter Eiche kombinieren. Letztendlich bieten jedoch alle Einrichtungs-Trends immer nur eine Inspiration f\u00fcr den pers\u00f6nlichen Geschmack und die individuellen Gegebenheiten.<\/span><\/p>\n<p>&nbsp;<\/p>\n<figure id=\"attachment_1972\" aria-describedby=\"caption-attachment-1972\" style=\"width: 1200px\" class=\"wp-caption alignnone\"><img loading=\"lazy\" decoding=\"async\" class=\"wp-image-1972 size-full\" src=\"https:\/\/www.zurbrueggen.de\/magazin\/wp-content\/uploads\/2017\/09\/magazin-moderner-flur-invivus-infinity-1027711-m.jpg\" alt=\"INVIVUS - Garderobenprogramm INFINITY\" width=\"1200\" height=\"675\" srcset=\"https:\/\/www.zurbrueggen.de\/magazin\/wp-content\/uploads\/2017\/09\/magazin-moderner-flur-invivus-infinity-1027711-m.jpg 1200w, https:\/\/www.zurbrueggen.de\/magazin\/wp-content\/uploads\/2017\/09\/magazin-moderner-flur-invivus-infinity-1027711-m-300x169.jpg 300w, https:\/\/www.zurbrueggen.de\/magazin\/wp-content\/uploads\/2017\/09\/magazin-moderner-flur-invivus-infinity-1027711-m-768x432.jpg 768w, https:\/\/www.zurbrueggen.de\/magazin\/wp-content\/uploads\/2017\/09\/magazin-moderner-flur-invivus-infinity-1027711-m-1024x576.jpg 1024w, https:\/\/www.zurbrueggen.de\/magazin\/wp-content\/uploads\/2017\/09\/magazin-moderner-flur-invivus-infinity-1027711-m-665x374.jpg 665w, https:\/\/www.zurbrueggen.de\/magazin\/wp-content\/uploads\/2017\/09\/magazin-moderner-flur-invivus-infinity-1027711-m-462x260.jpg 462w\" sizes=\"auto, (max-width: 1200px) 100vw, 1200px\" \/><figcaption id=\"caption-attachment-1972\" class=\"wp-caption-text\">INVIVUS &#8211; Garderobenprogramm INFINITY<\/figcaption><\/figure>\n<h2 id=\"HerausforderungFlur-LichtundDekoration\"><span class=\"subheading\" style=\"font-family: 'Roboto Slab', sans-serif; font-size: 20px; margin-top: 40px; font-weight: 400; text-transform: none; margin-left: 12.5%;\">Licht und Dekoration<\/span><\/h2>\n<p><span class=\"fliesstext\" style=\"font-family: Roboto, sans-serif; font-size: 16px; line-height: 24px; font-weight: 400;\">Er ist vieles: Durchgangs-, Empfangs- und Warteraum. Daher lohnt es sich, dem Flur beim Einrichten liebevolle Aufmerksamkeit zukommen zu lassen. Hier sind einige Tipps, die ihn zu einem Wohlf\u00fchl-Raum machen:<\/span><\/p>\n<p>&nbsp;<\/p>\n<ul>\n<li><span class=\"fliesstext\" style=\"font-family: Roboto, sans-serif; font-size: 16px; line-height: 24px; font-weight: 400;\">Bilder verleihen der Diele eine wohnliche Note. Dabei lassen sich durch die Wahl der Motive und der Rahmen stilistische Akzente setzen. Familienfotografien sorgen f\u00fcr eine pers\u00f6nliche Atmosph\u00e4re. Kunstwerke beleben den Flur und werten ihn auf.<\/span><\/li>\n<li><span class=\"fliesstext\" style=\"font-family: Roboto, sans-serif; font-size: 16px; line-height: 24px; font-weight: 400;\">Licht gestaltet R\u00e4ume mit. Kleine Flure wirken durch Wandleuchten und Deckenfluter gr\u00f6\u00dfer. H\u00e4ngeleuchten und indirektes Licht kompensieren hohe Decken in schmalen Fluren.<\/span><\/li>\n<li><span class=\"fliesstext\" style=\"font-family: Roboto, sans-serif; font-size: 16px; line-height: 24px; font-weight: 400;\">Liebevoll ausgew\u00e4hlte Deko-Objekte machen den Flur zu einem Wohnraum.<\/span><\/li>\n<li><span class=\"fliesstext\" style=\"font-family: Roboto, sans-serif; font-size: 16px; line-height: 24px; font-weight: 400;\">Ein frischer Duft hei\u00dft den Besucher auf eine angenehme Weise willkommen.<\/span><\/li>\n<\/ul>\n<p>&nbsp;<\/p>\n<h3 style=\"text-align: center;\"><span style=\"font-size: 20px;\"><a href=\"https:\/\/www.zurbrueggen.de\/shop\/moebel\/flur.html\"><span class=\"fliesstext subheading\" style=\"font-family: 'Roboto Slab', sans-serif; line-height: 24px; font-weight: 400; margin-top: 40px; text-transform: none;\"><i class=\"fa fa-angle-right\"><\/i> Jetzt online shoppen<\/span><\/a><\/span><\/h3>\n<p>&nbsp;<\/p>\n<h2><a href=\"https:\/\/www.zurbrueggen.de\/shop\/moebel\/flur.html\"><img loading=\"lazy\" decoding=\"async\" class=\"aligncenter wp-image-1984 size-full\" src=\"https:\/\/www.zurbrueggen.de\/magazin\/wp-content\/uploads\/2017\/09\/shop-header-flur.jpg\" alt=\"Geniale M\u00f6bel f\u00fcr den Flur\" width=\"1102\" height=\"240\" srcset=\"https:\/\/www.zurbrueggen.de\/magazin\/wp-content\/uploads\/2017\/09\/shop-header-flur.jpg 1102w, https:\/\/www.zurbrueggen.de\/magazin\/wp-content\/uploads\/2017\/09\/shop-header-flur-300x65.jpg 300w, https:\/\/www.zurbrueggen.de\/magazin\/wp-content\/uploads\/2017\/09\/shop-header-flur-768x167.jpg 768w, https:\/\/www.zurbrueggen.de\/magazin\/wp-content\/uploads\/2017\/09\/shop-header-flur-1024x223.jpg 1024w, https:\/\/www.zurbrueggen.de\/magazin\/wp-content\/uploads\/2017\/09\/shop-header-flur-665x145.jpg 665w\" sizes=\"auto, (max-width: 1102px) 100vw, 1102px\" \/><\/a><\/h2>\n","protected":false},"excerpt":{"rendered":"<p>Beim \u00d6ffnen der Eingangst\u00fcr f\u00e4llt der allererste Blick in den Flur. Damit ist der Eingangsbereich gewisserma\u00dfen die Visitenkarte der Wohnung. Gleichzeitig ist er ihr Dreh- und Angelpunkt, der verschiedene R\u00e4ume miteinander verbindet. Und weil man durch den Flur die Wohnung betritt und verl\u00e4sst, beherbergt er in der Regel auch Jacken, Schuhe und andere Outdoor-Kleidung. Dadurch [&hellip;]<\/p>\n","protected":false},"author":20,"featured_media":1979,"comment_status":"open","ping_status":"open","sticky":false,"template":"","format":"standard","meta":{"_acf_changed":false,"footnotes":""},"categories":[1,42,26],"tags":[],"class_list":["post-1967","post","type-post","status-publish","format-standard","has-post-thumbnail","hentry","category-alle-artikel","category-flur-einrichtung","category-wohnwelten"],"acf":[],"yoast_head":"<!-- This site is optimized with the Yoast SEO plugin v27.4 - https:\/\/yoast.com\/product\/yoast-seo-wordpress\/ -->\n<title>Flur einrichten: Tipps &amp; Trends | Zurbr\u00fcggen magazin<\/title>\n<meta name=\"description\" content=\"Sie w\u00fcnschen sich einen repr\u00e4sentativen Flur mit Stauraum und wohnlichem Flair? Dann lesen Sie jetzt hier, wie Ihnen das Flur-Einrichten perfekt gelingt!\" \/>\n<meta name=\"robots\" content=\"index, follow, max-snippet:-1, max-image-preview:large, max-video-preview:-1\" \/>\n<link rel=\"canonical\" href=\"https:\/\/www.zurbrueggen.de\/magazin\/flur-einrichten\/\" \/>\n<meta property=\"og:locale\" content=\"de_DE\" \/>\n<meta property=\"og:type\" content=\"article\" \/>\n<meta property=\"og:title\" content=\"Herausforderung Flur\" \/>\n<meta property=\"og:description\" content=\"W\u00fcnschst du dir einen repr\u00e4sentativen Flur mit Stauraum und wohnlichem Flair? Dann lese jetzt hier, wie jedem das Flur-Einrichten perfekt gelingt!\" \/>\n<meta property=\"og:url\" content=\"https:\/\/www.zurbrueggen.de\/magazin\/flur-einrichten\/\" \/>\n<meta property=\"og:site_name\" content=\"Zurbr\u00fcggen magazin\" \/>\n<meta property=\"article:publisher\" content=\"https:\/\/facebook.com\/zurbrueggen\" \/>\n<meta property=\"article:published_time\" content=\"2017-09-08T09:52:05+00:00\" \/>\n<meta property=\"article:modified_time\" content=\"2019-11-06T15:25:13+00:00\" \/>\n<meta property=\"og:image\" content=\"https:\/\/www.zurbrueggen.de\/magazin\/wp-content\/uploads\/2017\/09\/magazin-moderner-flur-Multi_Color_GLOSS-951159_Cassando-cta.jpg\" \/>\n\t<meta property=\"og:image:width\" content=\"1200\" \/>\n\t<meta property=\"og:image:height\" content=\"675\" \/>\n\t<meta property=\"og:image:type\" content=\"image\/jpeg\" \/>\n<meta name=\"author\" content=\"Linda Wolfgart\" \/>\n<script type=\"application\/ld+json\" class=\"yoast-schema-graph\">{\"@context\":\"https:\\\/\\\/schema.org\",\"@graph\":[{\"@type\":\"Article\",\"@id\":\"https:\\\/\\\/www.zurbrueggen.de\\\/magazin\\\/flur-einrichten\\\/#article\",\"isPartOf\":{\"@id\":\"https:\\\/\\\/www.zurbrueggen.de\\\/magazin\\\/flur-einrichten\\\/\"},\"author\":{\"name\":\"Linda Wolfgart\",\"@id\":\"https:\\\/\\\/www.zurbrueggen.de\\\/magazin\\\/#\\\/schema\\\/person\\\/07170b1da6f7876ac78e450b9a3ed3d6\"},\"headline\":\"Herausforderung Flur\",\"datePublished\":\"2017-09-08T09:52:05+00:00\",\"dateModified\":\"2019-11-06T15:25:13+00:00\",\"mainEntityOfPage\":{\"@id\":\"https:\\\/\\\/www.zurbrueggen.de\\\/magazin\\\/flur-einrichten\\\/\"},\"wordCount\":899,\"commentCount\":0,\"publisher\":{\"@id\":\"https:\\\/\\\/www.zurbrueggen.de\\\/magazin\\\/#organization\"},\"image\":{\"@id\":\"https:\\\/\\\/www.zurbrueggen.de\\\/magazin\\\/flur-einrichten\\\/#primaryimage\"},\"thumbnailUrl\":\"https:\\\/\\\/www.zurbrueggen.de\\\/magazin\\\/wp-content\\\/uploads\\\/2017\\\/09\\\/magazin-moderner-flur-Multi-Color-GLOSS-Cassando-cta.jpg\",\"articleSection\":[\"Alle Artikel\",\"flur\",\"Wohnwelten\"],\"inLanguage\":\"de\",\"potentialAction\":[{\"@type\":\"CommentAction\",\"name\":\"Comment\",\"target\":[\"https:\\\/\\\/www.zurbrueggen.de\\\/magazin\\\/flur-einrichten\\\/#respond\"]}]},{\"@type\":\"WebPage\",\"@id\":\"https:\\\/\\\/www.zurbrueggen.de\\\/magazin\\\/flur-einrichten\\\/\",\"url\":\"https:\\\/\\\/www.zurbrueggen.de\\\/magazin\\\/flur-einrichten\\\/\",\"name\":\"Flur einrichten: Tipps & Trends | Zurbr\u00fcggen magazin\",\"isPartOf\":{\"@id\":\"https:\\\/\\\/www.zurbrueggen.de\\\/magazin\\\/#website\"},\"primaryImageOfPage\":{\"@id\":\"https:\\\/\\\/www.zurbrueggen.de\\\/magazin\\\/flur-einrichten\\\/#primaryimage\"},\"image\":{\"@id\":\"https:\\\/\\\/www.zurbrueggen.de\\\/magazin\\\/flur-einrichten\\\/#primaryimage\"},\"thumbnailUrl\":\"https:\\\/\\\/www.zurbrueggen.de\\\/magazin\\\/wp-content\\\/uploads\\\/2017\\\/09\\\/magazin-moderner-flur-Multi-Color-GLOSS-Cassando-cta.jpg\",\"datePublished\":\"2017-09-08T09:52:05+00:00\",\"dateModified\":\"2019-11-06T15:25:13+00:00\",\"description\":\"Sie w\u00fcnschen sich einen repr\u00e4sentativen Flur mit Stauraum und wohnlichem Flair? Dann lesen Sie jetzt hier, wie Ihnen das Flur-Einrichten perfekt gelingt!\",\"breadcrumb\":{\"@id\":\"https:\\\/\\\/www.zurbrueggen.de\\\/magazin\\\/flur-einrichten\\\/#breadcrumb\"},\"inLanguage\":\"de\",\"potentialAction\":[{\"@type\":\"ReadAction\",\"target\":[\"https:\\\/\\\/www.zurbrueggen.de\\\/magazin\\\/flur-einrichten\\\/\"]}]},{\"@type\":\"ImageObject\",\"inLanguage\":\"de\",\"@id\":\"https:\\\/\\\/www.zurbrueggen.de\\\/magazin\\\/flur-einrichten\\\/#primaryimage\",\"url\":\"https:\\\/\\\/www.zurbrueggen.de\\\/magazin\\\/wp-content\\\/uploads\\\/2017\\\/09\\\/magazin-moderner-flur-Multi-Color-GLOSS-Cassando-cta.jpg\",\"contentUrl\":\"https:\\\/\\\/www.zurbrueggen.de\\\/magazin\\\/wp-content\\\/uploads\\\/2017\\\/09\\\/magazin-moderner-flur-Multi-Color-GLOSS-Cassando-cta.jpg\",\"width\":1200,\"height\":675},{\"@type\":\"BreadcrumbList\",\"@id\":\"https:\\\/\\\/www.zurbrueggen.de\\\/magazin\\\/flur-einrichten\\\/#breadcrumb\",\"itemListElement\":[{\"@type\":\"ListItem\",\"position\":1,\"name\":\"Startseite\",\"item\":\"https:\\\/\\\/www.zurbrueggen.de\\\/magazin\\\/\"},{\"@type\":\"ListItem\",\"position\":2,\"name\":\"Herausforderung Flur\"}]},{\"@type\":\"WebSite\",\"@id\":\"https:\\\/\\\/www.zurbrueggen.de\\\/magazin\\\/#website\",\"url\":\"https:\\\/\\\/www.zurbrueggen.de\\\/magazin\\\/\",\"name\":\"Zurbr\u00fcggen magazin\",\"description\":\"DESIGN \u2022 STYLE \u2022 LIVING\",\"publisher\":{\"@id\":\"https:\\\/\\\/www.zurbrueggen.de\\\/magazin\\\/#organization\"},\"potentialAction\":[{\"@type\":\"SearchAction\",\"target\":{\"@type\":\"EntryPoint\",\"urlTemplate\":\"https:\\\/\\\/www.zurbrueggen.de\\\/magazin\\\/?s={search_term_string}\"},\"query-input\":{\"@type\":\"PropertyValueSpecification\",\"valueRequired\":true,\"valueName\":\"search_term_string\"}}],\"inLanguage\":\"de\"},{\"@type\":\"Organization\",\"@id\":\"https:\\\/\\\/www.zurbrueggen.de\\\/magazin\\\/#organization\",\"name\":\"Zurbr\u00fcggen Wohn-Zentrum GmbH\",\"url\":\"https:\\\/\\\/www.zurbrueggen.de\\\/magazin\\\/\",\"logo\":{\"@type\":\"ImageObject\",\"inLanguage\":\"de\",\"@id\":\"https:\\\/\\\/www.zurbrueggen.de\\\/magazin\\\/#\\\/schema\\\/logo\\\/image\\\/\",\"url\":\"https:\\\/\\\/www.zurbrueggen.de\\\/magazin\\\/wp-content\\\/uploads\\\/2016\\\/07\\\/logo_zurbrueggen.png\",\"contentUrl\":\"https:\\\/\\\/www.zurbrueggen.de\\\/magazin\\\/wp-content\\\/uploads\\\/2016\\\/07\\\/logo_zurbrueggen.png\",\"width\":400,\"height\":107,\"caption\":\"Zurbr\u00fcggen Wohn-Zentrum GmbH\"},\"image\":{\"@id\":\"https:\\\/\\\/www.zurbrueggen.de\\\/magazin\\\/#\\\/schema\\\/logo\\\/image\\\/\"},\"sameAs\":[\"https:\\\/\\\/facebook.com\\\/zurbrueggen\",\"https:\\\/\\\/x.com\\\/Zurbrueggen\"]},{\"@type\":\"Person\",\"@id\":\"https:\\\/\\\/www.zurbrueggen.de\\\/magazin\\\/#\\\/schema\\\/person\\\/07170b1da6f7876ac78e450b9a3ed3d6\",\"name\":\"Linda Wolfgart\",\"image\":{\"@type\":\"ImageObject\",\"inLanguage\":\"de\",\"@id\":\"https:\\\/\\\/secure.gravatar.com\\\/avatar\\\/f84173980fbd4382d8c0ae77c07dbf27a65219dbdadb5b039dab209120bb5c55?s=96&d=mm&r=g\",\"url\":\"https:\\\/\\\/secure.gravatar.com\\\/avatar\\\/f84173980fbd4382d8c0ae77c07dbf27a65219dbdadb5b039dab209120bb5c55?s=96&d=mm&r=g\",\"contentUrl\":\"https:\\\/\\\/secure.gravatar.com\\\/avatar\\\/f84173980fbd4382d8c0ae77c07dbf27a65219dbdadb5b039dab209120bb5c55?s=96&d=mm&r=g\",\"caption\":\"Linda Wolfgart\"},\"url\":\"https:\\\/\\\/www.zurbrueggen.de\\\/magazin\\\/author\\\/l_junowicz\\\/\"}]}<\/script>\n<!-- \/ Yoast SEO plugin. -->","yoast_head_json":{"title":"Flur einrichten: Tipps & Trends | Zurbr\u00fcggen magazin","description":"Sie w\u00fcnschen sich einen repr\u00e4sentativen Flur mit Stauraum und wohnlichem Flair? Dann lesen Sie jetzt hier, wie Ihnen das Flur-Einrichten perfekt gelingt!","robots":{"index":"index","follow":"follow","max-snippet":"max-snippet:-1","max-image-preview":"max-image-preview:large","max-video-preview":"max-video-preview:-1"},"canonical":"https:\/\/www.zurbrueggen.de\/magazin\/flur-einrichten\/","og_locale":"de_DE","og_type":"article","og_title":"Herausforderung Flur","og_description":"W\u00fcnschst du dir einen repr\u00e4sentativen Flur mit Stauraum und wohnlichem Flair? Dann lese jetzt hier, wie jedem das Flur-Einrichten perfekt gelingt!","og_url":"https:\/\/www.zurbrueggen.de\/magazin\/flur-einrichten\/","og_site_name":"Zurbr\u00fcggen magazin","article_publisher":"https:\/\/facebook.com\/zurbrueggen","article_published_time":"2017-09-08T09:52:05+00:00","article_modified_time":"2019-11-06T15:25:13+00:00","og_image":[{"width":1200,"height":675,"url":"https:\/\/www.zurbrueggen.de\/magazin\/wp-content\/uploads\/2017\/09\/magazin-moderner-flur-Multi_Color_GLOSS-951159_Cassando-cta.jpg","type":"image\/jpeg"}],"author":"Linda Wolfgart","schema":{"@context":"https:\/\/schema.org","@graph":[{"@type":"Article","@id":"https:\/\/www.zurbrueggen.de\/magazin\/flur-einrichten\/#article","isPartOf":{"@id":"https:\/\/www.zurbrueggen.de\/magazin\/flur-einrichten\/"},"author":{"name":"Linda Wolfgart","@id":"https:\/\/www.zurbrueggen.de\/magazin\/#\/schema\/person\/07170b1da6f7876ac78e450b9a3ed3d6"},"headline":"Herausforderung Flur","datePublished":"2017-09-08T09:52:05+00:00","dateModified":"2019-11-06T15:25:13+00:00","mainEntityOfPage":{"@id":"https:\/\/www.zurbrueggen.de\/magazin\/flur-einrichten\/"},"wordCount":899,"commentCount":0,"publisher":{"@id":"https:\/\/www.zurbrueggen.de\/magazin\/#organization"},"image":{"@id":"https:\/\/www.zurbrueggen.de\/magazin\/flur-einrichten\/#primaryimage"},"thumbnailUrl":"https:\/\/www.zurbrueggen.de\/magazin\/wp-content\/uploads\/2017\/09\/magazin-moderner-flur-Multi-Color-GLOSS-Cassando-cta.jpg","articleSection":["Alle Artikel","flur","Wohnwelten"],"inLanguage":"de","potentialAction":[{"@type":"CommentAction","name":"Comment","target":["https:\/\/www.zurbrueggen.de\/magazin\/flur-einrichten\/#respond"]}]},{"@type":"WebPage","@id":"https:\/\/www.zurbrueggen.de\/magazin\/flur-einrichten\/","url":"https:\/\/www.zurbrueggen.de\/magazin\/flur-einrichten\/","name":"Flur einrichten: Tipps & Trends | Zurbr\u00fcggen magazin","isPartOf":{"@id":"https:\/\/www.zurbrueggen.de\/magazin\/#website"},"primaryImageOfPage":{"@id":"https:\/\/www.zurbrueggen.de\/magazin\/flur-einrichten\/#primaryimage"},"image":{"@id":"https:\/\/www.zurbrueggen.de\/magazin\/flur-einrichten\/#primaryimage"},"thumbnailUrl":"https:\/\/www.zurbrueggen.de\/magazin\/wp-content\/uploads\/2017\/09\/magazin-moderner-flur-Multi-Color-GLOSS-Cassando-cta.jpg","datePublished":"2017-09-08T09:52:05+00:00","dateModified":"2019-11-06T15:25:13+00:00","description":"Sie w\u00fcnschen sich einen repr\u00e4sentativen Flur mit Stauraum und wohnlichem Flair? Dann lesen Sie jetzt hier, wie Ihnen das Flur-Einrichten perfekt gelingt!","breadcrumb":{"@id":"https:\/\/www.zurbrueggen.de\/magazin\/flur-einrichten\/#breadcrumb"},"inLanguage":"de","potentialAction":[{"@type":"ReadAction","target":["https:\/\/www.zurbrueggen.de\/magazin\/flur-einrichten\/"]}]},{"@type":"ImageObject","inLanguage":"de","@id":"https:\/\/www.zurbrueggen.de\/magazin\/flur-einrichten\/#primaryimage","url":"https:\/\/www.zurbrueggen.de\/magazin\/wp-content\/uploads\/2017\/09\/magazin-moderner-flur-Multi-Color-GLOSS-Cassando-cta.jpg","contentUrl":"https:\/\/www.zurbrueggen.de\/magazin\/wp-content\/uploads\/2017\/09\/magazin-moderner-flur-Multi-Color-GLOSS-Cassando-cta.jpg","width":1200,"height":675},{"@type":"BreadcrumbList","@id":"https:\/\/www.zurbrueggen.de\/magazin\/flur-einrichten\/#breadcrumb","itemListElement":[{"@type":"ListItem","position":1,"name":"Startseite","item":"https:\/\/www.zurbrueggen.de\/magazin\/"},{"@type":"ListItem","position":2,"name":"Herausforderung Flur"}]},{"@type":"WebSite","@id":"https:\/\/www.zurbrueggen.de\/magazin\/#website","url":"https:\/\/www.zurbrueggen.de\/magazin\/","name":"Zurbr\u00fcggen magazin","description":"DESIGN \u2022 STYLE \u2022 LIVING","publisher":{"@id":"https:\/\/www.zurbrueggen.de\/magazin\/#organization"},"potentialAction":[{"@type":"SearchAction","target":{"@type":"EntryPoint","urlTemplate":"https:\/\/www.zurbrueggen.de\/magazin\/?s={search_term_string}"},"query-input":{"@type":"PropertyValueSpecification","valueRequired":true,"valueName":"search_term_string"}}],"inLanguage":"de"},{"@type":"Organization","@id":"https:\/\/www.zurbrueggen.de\/magazin\/#organization","name":"Zurbr\u00fcggen Wohn-Zentrum GmbH","url":"https:\/\/www.zurbrueggen.de\/magazin\/","logo":{"@type":"ImageObject","inLanguage":"de","@id":"https:\/\/www.zurbrueggen.de\/magazin\/#\/schema\/logo\/image\/","url":"https:\/\/www.zurbrueggen.de\/magazin\/wp-content\/uploads\/2016\/07\/logo_zurbrueggen.png","contentUrl":"https:\/\/www.zurbrueggen.de\/magazin\/wp-content\/uploads\/2016\/07\/logo_zurbrueggen.png","width":400,"height":107,"caption":"Zurbr\u00fcggen Wohn-Zentrum GmbH"},"image":{"@id":"https:\/\/www.zurbrueggen.de\/magazin\/#\/schema\/logo\/image\/"},"sameAs":["https:\/\/facebook.com\/zurbrueggen","https:\/\/x.com\/Zurbrueggen"]},{"@type":"Person","@id":"https:\/\/www.zurbrueggen.de\/magazin\/#\/schema\/person\/07170b1da6f7876ac78e450b9a3ed3d6","name":"Linda Wolfgart","image":{"@type":"ImageObject","inLanguage":"de","@id":"https:\/\/secure.gravatar.com\/avatar\/f84173980fbd4382d8c0ae77c07dbf27a65219dbdadb5b039dab209120bb5c55?s=96&d=mm&r=g","url":"https:\/\/secure.gravatar.com\/avatar\/f84173980fbd4382d8c0ae77c07dbf27a65219dbdadb5b039dab209120bb5c55?s=96&d=mm&r=g","contentUrl":"https:\/\/secure.gravatar.com\/avatar\/f84173980fbd4382d8c0ae77c07dbf27a65219dbdadb5b039dab209120bb5c55?s=96&d=mm&r=g","caption":"Linda Wolfgart"},"url":"https:\/\/www.zurbrueggen.de\/magazin\/author\/l_junowicz\/"}]}},"_links":{"self":[{"href":"https:\/\/www.zurbrueggen.de\/magazin\/wp-json\/wp\/v2\/posts\/1967","targetHints":{"allow":["GET"]}}],"collection":[{"href":"https:\/\/www.zurbrueggen.de\/magazin\/wp-json\/wp\/v2\/posts"}],"about":[{"href":"https:\/\/www.zurbrueggen.de\/magazin\/wp-json\/wp\/v2\/types\/post"}],"author":[{"embeddable":true,"href":"https:\/\/www.zurbrueggen.de\/magazin\/wp-json\/wp\/v2\/users\/20"}],"replies":[{"embeddable":true,"href":"https:\/\/www.zurbrueggen.de\/magazin\/wp-json\/wp\/v2\/comments?post=1967"}],"version-history":[{"count":13,"href":"https:\/\/www.zurbrueggen.de\/magazin\/wp-json\/wp\/v2\/posts\/1967\/revisions"}],"predecessor-version":[{"id":4958,"href":"https:\/\/www.zurbrueggen.de\/magazin\/wp-json\/wp\/v2\/posts\/1967\/revisions\/4958"}],"wp:featuredmedia":[{"embeddable":true,"href":"https:\/\/www.zurbrueggen.de\/magazin\/wp-json\/wp\/v2\/media\/1979"}],"wp:attachment":[{"href":"https:\/\/www.zurbrueggen.de\/magazin\/wp-json\/wp\/v2\/media?parent=1967"}],"wp:term":[{"taxonomy":"category","embeddable":true,"href":"https:\/\/www.zurbrueggen.de\/magazin\/wp-json\/wp\/v2\/categories?post=1967"},{"taxonomy":"post_tag","embeddable":true,"href":"https:\/\/www.zurbrueggen.de\/magazin\/wp-json\/wp\/v2\/tags?post=1967"}],"curies":[{"name":"wp","href":"https:\/\/api.w.org\/{rel}","templated":true}]}}