{"id":1921,"date":"2017-08-28T15:33:12","date_gmt":"2017-08-28T13:33:12","guid":{"rendered":"https:\/\/www.zurbrueggen.de\/magazin\/?p=1921"},"modified":"2019-08-07T14:42:26","modified_gmt":"2019-08-07T12:42:26","slug":"freistil-rolf-benz","status":"publish","type":"post","link":"https:\/\/www.zurbrueggen.de\/magazin\/freistil-rolf-benz\/","title":{"rendered":"freistil ROLF BENZ"},"content":{"rendered":"<figure id=\"attachment_1926\" aria-describedby=\"caption-attachment-1926\" style=\"width: 1200px\" class=\"wp-caption alignnone\"><img loading=\"lazy\" decoding=\"async\" class=\"wp-image-1926 size-full\" src=\"https:\/\/www.zurbrueggen.de\/magazin\/wp-content\/uploads\/2017\/08\/magazin-benz-290_002-cta.jpg\" alt=\"Polsterprogramm Rolf Benz 290 von Behnisch Architekten\" width=\"1200\" height=\"675\" srcset=\"https:\/\/www.zurbrueggen.de\/magazin\/wp-content\/uploads\/2017\/08\/magazin-benz-290_002-cta.jpg 1200w, https:\/\/www.zurbrueggen.de\/magazin\/wp-content\/uploads\/2017\/08\/magazin-benz-290_002-cta-300x169.jpg 300w, https:\/\/www.zurbrueggen.de\/magazin\/wp-content\/uploads\/2017\/08\/magazin-benz-290_002-cta-768x432.jpg 768w, https:\/\/www.zurbrueggen.de\/magazin\/wp-content\/uploads\/2017\/08\/magazin-benz-290_002-cta-1024x576.jpg 1024w, https:\/\/www.zurbrueggen.de\/magazin\/wp-content\/uploads\/2017\/08\/magazin-benz-290_002-cta-665x374.jpg 665w, https:\/\/www.zurbrueggen.de\/magazin\/wp-content\/uploads\/2017\/08\/magazin-benz-290_002-cta-462x260.jpg 462w\" sizes=\"auto, (max-width: 1200px) 100vw, 1200px\" \/><figcaption id=\"caption-attachment-1926\" class=\"wp-caption-text\">Polsterprogramm Rolf Benz 290 von Behnisch Architekten<\/figcaption><\/figure>\n<p>&nbsp;<\/p>\n<p><span class=\"vorschau\" style=\"font-family: 'Roboto Slab'; font-size: 22px; line-height: 34px; font-weight: 300; margin-top: 40px;\">Die Kreationen der freistil Designer machen ihrem Namen stets alle Ehre. \u00bbGummib\u00e4ren zum Reinsetzen\u00ab, \u00bbEinfach gut chillen\u00ab oder \u00bbIch mach\u2018 mir die Welt!\u00ab \u2013 das kreative Team unter der Dachmarke ROLF BENZ ist bekannt f\u00fcr seine durchdachten Designerm\u00f6bel mit frecher Attit\u00fcde. Diese reichen vom Sessel und Sofa \u00fcber Couchtisch und Teppich bis hin zu Kissen und Accessoires. Im Mittelpunkt steht ein freies und funktionales Design. Dabei ist weniger oft mehr und die Stile mal clean, mal frech und auch mal bunt, aber immer systematisch durchdacht und nat\u00fcrlich gem\u00fctlich.<\/span><\/p>\n<p><em>\u00a0<\/em><!--more--><\/p>\n<h2><style type=\"text\/css\" scoped>.roboGalleryLoaderSpinner{\r\n\tmargin: 50px auto;\r\n\twidth: 50px;\r\n\theight: 40px;\r\n\ttext-align: center;\r\n\tfont-size: 10px;\r\n}\r\n.roboGalleryLoaderSpinner > div{\r\n  background-color: #333;\r\n  height: 100%;\r\n  width: 6px;\r\n  display: inline-block;\r\n\r\n  -webkit-animation: roboGalleryLoader-stretchdelay 1.2s infinite ease-in-out;\r\n  animation: roboGalleryLoader-stretchdelay 1.2s infinite ease-in-out;\r\n}\r\n.roboGalleryLoaderSpinner .roboGalleryLoaderRect2 {\r\n  -webkit-animation-delay: -1.1s;\r\n  animation-delay: -1.1s;\r\n}\r\n.roboGalleryLoaderSpinner .roboGalleryLoaderRect3 {\r\n  -webkit-animation-delay: -1.0s;\r\n  animation-delay: -1.0s;\r\n}\r\n.roboGalleryLoaderSpinner .roboGalleryLoaderRect4 {\r\n  -webkit-animation-delay: -0.9s;\r\n  animation-delay: -0.9s;\r\n}\r\n.roboGalleryLoaderSpinner .roboGalleryLoaderRect5 {\r\n  -webkit-animation-delay: -0.8s;\r\n  animation-delay: -0.8s;\r\n}\r\n@-webkit-keyframes roboGalleryLoader-stretchdelay {\r\n  0%, 40%, 100% { -webkit-transform: scaleY(0.4) }  \r\n  20% { -webkit-transform: scaleY(1.0) }\r\n}\r\n@keyframes roboGalleryLoader-stretchdelay {\r\n  0%, 40%, 100% { \r\n    transform: scaleY(0.4);\r\n    -webkit-transform: scaleY(0.4);\r\n  }  20% { \r\n    transform: scaleY(1.0);\r\n    -webkit-transform: scaleY(1.0);\r\n  }\r\n}<\/style><div id=\"robo_gallery_loading_rbs_gallery_69f4cdbd84337\" class=\"roboGalleryLoaderSpinner\"><div class=\"roboGalleryLoaderRect1\"><\/div> <div class=\"roboGalleryLoaderRect2\"><\/div> <div class=\"roboGalleryLoaderRect3\"><\/div> <div class=\"roboGalleryLoaderRect4\"><\/div> <div class=\"roboGalleryLoaderRect5\"><\/div><\/div><div id=\"robo_gallery_main_block_rbs_gallery_69f4cdbd84337\" style=\"width:100%;  display: none;\"><div>        <\/div><div id=\"rbs_gallery_69f4cdbd84337\" data-options=\"rbs_gallery_69f4cdbd84337\" style=\"width:100%;\" class=\"robo_gallery\"><div class=\"rbs-img category1956 \" ><div class=\"rbs-img-image  rbs-lightbox\"   ><div data-thumbnail=\"https:\/\/www.zurbrueggen.de\/magazin\/wp-content\/uploads\/2017\/08\/freistil_141_022_large-1-630x1024.jpg\" title=\"freistil 141\" data-width=\"630\" data-height=\"1024\" ><\/div><div data-popup=\"https:\/\/www.zurbrueggen.de\/magazin\/wp-content\/uploads\/2017\/08\/freistil_141_022_large-1.jpg\" data-alt=\"freistil 141\" title=\"freistil 141\" ><\/div><div class=\"thumbnail-overlay\"><div class=\"rbsTitle \">freistil 141<\/div><\/div><\/div><\/div><div class=\"rbs-img category1956 \" ><div class=\"rbs-img-image  rbs-lightbox\"   ><div data-thumbnail=\"https:\/\/www.zurbrueggen.de\/magazin\/wp-content\/uploads\/2017\/08\/freistil_150_006_large-1-683x1024.jpg\" title=\"freistil 150\" data-width=\"665\" data-height=\"997\" ><\/div><div data-popup=\"https:\/\/www.zurbrueggen.de\/magazin\/wp-content\/uploads\/2017\/08\/freistil_150_006_large-1.jpg\" data-alt=\"freistil 150\" title=\"freistil 150\" ><\/div><div class=\"thumbnail-overlay\"><div class=\"rbsTitle \">freistil 150<\/div><\/div><\/div><\/div><div class=\"rbs-img category1956 \" ><div class=\"rbs-img-image  rbs-lightbox\"   ><div data-thumbnail=\"https:\/\/www.zurbrueggen.de\/magazin\/wp-content\/uploads\/2017\/08\/freistil_147_507_large-1-1024x687.jpg\" title=\"freistil 147\" data-width=\"665\" data-height=\"446\" ><\/div><div data-popup=\"https:\/\/www.zurbrueggen.de\/magazin\/wp-content\/uploads\/2017\/08\/freistil_147_507_large-1.jpg\" data-alt=\"freistil 147\" title=\"freistil 147\" ><\/div><div class=\"thumbnail-overlay\"><div class=\"rbsTitle \">freistil 147<\/div><\/div><\/div><\/div><div class=\"rbs-img category1956 \" ><div class=\"rbs-img-image  rbs-lightbox\"   ><div data-thumbnail=\"https:\/\/www.zurbrueggen.de\/magazin\/wp-content\/uploads\/2017\/08\/freistil_150_008_large-1-683x1024.jpg\" title=\"freistil 150\" data-width=\"665\" data-height=\"997\" ><\/div><div data-popup=\"https:\/\/www.zurbrueggen.de\/magazin\/wp-content\/uploads\/2017\/08\/freistil_150_008_large-1.jpg\" data-alt=\"freistil 150\" title=\"freistil 150\" ><\/div><div class=\"thumbnail-overlay\"><div class=\"rbsTitle \">freistil 150<\/div><\/div><\/div><\/div><div class=\"rbs-img category1956 \" ><div class=\"rbs-img-image  rbs-lightbox\"   ><div data-thumbnail=\"https:\/\/www.zurbrueggen.de\/magazin\/wp-content\/uploads\/2017\/08\/freistil_141_021_large-1-1024x714.jpg\" title=\"freistil 141\" data-width=\"665\" data-height=\"464\" ><\/div><div data-popup=\"https:\/\/www.zurbrueggen.de\/magazin\/wp-content\/uploads\/2017\/08\/freistil_141_021_large-1.jpg\" data-alt=\"freistil 141\" title=\"freistil 141\" ><\/div><div class=\"thumbnail-overlay\"><div class=\"rbsTitle \">freistil 141<\/div><\/div><\/div><\/div><\/div><div>        <\/div><\/div><script>var rbs_gallery_69f4cdbd84337 = {\"filterContainer\": \"#rbs_gallery_69f4cdbd84337filter\", \"loadingContainer\": \"#robo_gallery_loading_rbs_gallery_69f4cdbd84337\", \"mainContainer\": \"#robo_gallery_main_block_rbs_gallery_69f4cdbd84337\", \"touch\": 1, \"lightboxOptions\": { gallery: { enabled: true, tCounter: \"%curr% of %total%\" } }, \"columns\": 4, \"columnWidth\": \"auto\", \"resolutions\": [{\"columnWidth\": \"auto\" , \"columns\":3 , \"maxWidth\": 960} , {\"columnWidth\": \"auto\" , \"columns\":2 , \"maxWidth\": 650} , {\"columnWidth\": \"auto\" , \"columns\":1 , \"maxWidth\": 450}], \"lightboxOptions\": { image: { verticalFit: true }, mainClass: \"my-mfp-slide-bottom mfp-img-mobile\" }, \"overlayEffect\": \"direction-aware-fade\", \"boxesToLoadStart\": 50, \"boxesToLoad\": 50, \"lazyLoad\": false, \"waitUntilThumbLoads\": false, \"waitForAllThumbsNoMatterWhat\": false, \"deepLinking\": false, \"LoadingWord\": \"Loading...\", \"loadMoreWord\": \"Load More\", \"loadMoreClass\": \"button-border-caution \", \"noMoreEntriesWord\": \"No More Entries\", \"horizontalSpaceBetweenBoxes\": 15, \"verticalSpaceBetweenBoxes\": 15}, rbs_gallery_69f4cdbd84337_css = \"body .mfp-ready.mfp-bg{background-color: rgba(11, 11, 11, 0.8);}#rbs_gallery_69f4cdbd84337 .rbs-img-container{ -webkit-border-radius: 5px; -moz-border-radius: 5px; border-radius: 5px;}#rbs_gallery_69f4cdbd84337 .rbsTitle{ font-size:16px; line-height:100%; color:rgb(255, 255, 255); font-weight:bold;}#rbs_gallery_69f4cdbd84337 .rbsTitle:hover{color:rgb(255, 255, 255);}#rbs_gallery_69f4cdbd84337 .thumbnail-overlay{background:rgba(7, 7, 7, 0.5);}#rbs_gallery_69f4cdbd84337 .image-with-dimensions{background-color: rgb(255, 255, 255);}body .mfp-title, body .mfp-counter{color: rgb(243, 243, 243);}\",roboGalleryDelay = 0; head = document.head || document.getElementsByTagName(\"head\")[0], style = document.createElement(\"style\"); style.type = \"text\/css\"; if (style.styleSheet) style.styleSheet.cssText = rbs_gallery_69f4cdbd84337_css; \telse  style.appendChild(document.createTextNode(rbs_gallery_69f4cdbd84337_css)); head.appendChild(style);<\/script><\/h2>\n<h2 id=\"freistilROLFBENZ\/Firmenprofil-FreigeistermitausgezeichneterQualit\u00e4t\u00bbMadeinGermany\u00ab\"><span class=\"subheading\" style=\"font-family: 'Roboto Slab', sans-serif; font-size: 20px; margin-top: 40px; font-weight: 400; text-transform: none; margin-left: 12.5%;\">Freigeister mit ausgezeichneter Qualit\u00e4t \u00bbMade in Germany\u00ab<\/span><\/h2>\n<p><span class=\"fliesstext\" style=\"font-family: Roboto, sans-serif; font-size: 16px; line-height: 24px; font-weight: 400;\">Auf einem Sofa von <span class=\"fliesstext\" style=\"font-family: Roboto, sans-serif; font-size: 16px; line-height: 24px; font-weight: 400;\"><span class=\"fliesstext\" style=\"font-family: Roboto, sans-serif; font-size: 16px; line-height: 24px; font-weight: 400;\"><a href=\"https:\/\/www.zurbrueggen.de\/shop\/marken\/rolf-benz.html\">ROLF BENZ<\/a> legen Menschen seit 50 Jahren die F\u00fc\u00dfe hoch. Bereits im Jahr 1964 gr\u00fcndete \u00bbROLF BENZ\u00ab das gleichnamige Unternehmen. Die freistil Designer kn\u00fcpften an den Erfolg der Dachmarke in 2011 an und entwerfen bis heute einzigartige und kreative M\u00f6bel f\u00fcr unkonventionelle Konsumenten. Dabei blickt das Team auf viele erfolgreiche Designst\u00fccke zur\u00fcck. Auch externe Designer wie Anders N\u00f8rgaard, Thomas M\u00fcller und J\u00f6rg Wulff steuerten bereits M\u00f6belst\u00fccke zur freistil Kollektion bei.<\/span><\/p>\n<p><span class=\"fliesstext\" style=\"font-family: Roboto, sans-serif; font-size: 16px; line-height: 24px; font-weight: 400;\">Selbstverst\u00e4ndlich stehen die freistil M\u00f6bel der Hausmarke ROLF BENZ in Nichts nach und schlie\u00dfen an Komfort und Qualit\u00e4t an. Alle Polsterm\u00f6bel werden auch heutzutage noch komplett in Deutschland produziert und unterliegen strengen Qualit\u00e4tsstandards.<\/span><\/p>\n<p><span class=\"fliesstext\" style=\"font-family: Roboto, sans-serif; font-size: 16px; line-height: 24px; font-weight: 400;\">Im Jahr 2014 wurden alle Polsterm\u00f6bel der Marken ROLF BENZ und freistil ROLF BENZ mit dem \u00bbBlauen Engel\u00ab zertifiziert. Damit wurde bescheinigt, dass diese emissionsarm sind und die verwendeten Polster- und Bezugsmaterialien umweltfreundlich hergestellt werden.<\/span><\/p>\n<p>&nbsp;<\/p>\n<figure id=\"attachment_1928\" aria-describedby=\"caption-attachment-1928\" style=\"width: 1200px\" class=\"wp-caption alignnone\"><img loading=\"lazy\" decoding=\"async\" class=\"wp-image-1928 size-full\" src=\"https:\/\/www.zurbrueggen.de\/magazin\/wp-content\/uploads\/2017\/08\/magazin-benz-370_TIRA_018-m.jpg\" alt=\"Sofa Rolf Benz TIRA\" width=\"1200\" height=\"675\" srcset=\"https:\/\/www.zurbrueggen.de\/magazin\/wp-content\/uploads\/2017\/08\/magazin-benz-370_TIRA_018-m.jpg 1200w, https:\/\/www.zurbrueggen.de\/magazin\/wp-content\/uploads\/2017\/08\/magazin-benz-370_TIRA_018-m-300x169.jpg 300w, https:\/\/www.zurbrueggen.de\/magazin\/wp-content\/uploads\/2017\/08\/magazin-benz-370_TIRA_018-m-768x432.jpg 768w, https:\/\/www.zurbrueggen.de\/magazin\/wp-content\/uploads\/2017\/08\/magazin-benz-370_TIRA_018-m-1024x576.jpg 1024w, https:\/\/www.zurbrueggen.de\/magazin\/wp-content\/uploads\/2017\/08\/magazin-benz-370_TIRA_018-m-665x374.jpg 665w, https:\/\/www.zurbrueggen.de\/magazin\/wp-content\/uploads\/2017\/08\/magazin-benz-370_TIRA_018-m-462x260.jpg 462w\" sizes=\"auto, (max-width: 1200px) 100vw, 1200px\" \/><figcaption id=\"caption-attachment-1928\" class=\"wp-caption-text\">Sofa Rolf Benz TIRA<\/figcaption><\/figure>\n<p>&nbsp;<\/p>\n<h2 id=\"freistilROLFBENZ\/Firmenprofil-VomHockerzumSystemsofa\u00fcberdenCouchtischundzur\u00fcck\"><span class=\"subheading\" style=\"font-family: 'Roboto Slab', sans-serif; font-size: 20px; margin-top: 40px; font-weight: 400; text-transform: none; margin-left: 12.5%;\">Vom Hocker zum Systemsofa \u00fcber den Couchtisch und zur\u00fcck<\/span><\/h2>\n<p><span class=\"fliesstext\" style=\"font-family: Roboto, sans-serif; font-size: 16px; line-height: 24px; font-weight: 400;\">Die Polsterm\u00f6bel von freistil ROLF BENZ \u00fcberzeugen mittlerweile mit einer beeindruckenden Vielfalt: Einzeln oder in Gruppen sind die Sofas vor allem multifunktional. Zwei mal drei macht vier? Freche Rechnungen wie diese gehen bei freistil auf. Es gibt Systemsofas, die frei gestaltet werden k\u00f6nnen: einsitzig oder zweisitzig, gerade oder als Ecksofa, allein oder zusammen \u2013 das bleibt jedem ganz selbst \u00fcberlassen. Bei freistil ROLF BENZ wird ein Hocker im Handumdrehen zum Couchtisch und gern auch andersherum. Die M\u00f6glichkeiten sind bei vielen M\u00f6belst\u00fccken so gut wie unbegrenzt.<\/span><\/p>\n<p>&nbsp;<\/p>\n<h2 id=\"freistilROLFBENZ\/Firmenprofil-Farben-Freistilf\u00fcrkreativeWohnideen\u00e0laROLFBENZ\"><span class=\"subheading\" style=\"font-family: 'Roboto Slab', sans-serif; font-size: 20px; margin-top: 40px; font-weight: 400; text-transform: none; margin-left: 12.5%;\">Farben-Freistil f\u00fcr kreative Wohnideen \u00e0 la ROLF BENZ<\/span><\/h2>\n<p><span class=\"fliesstext\" style=\"font-family: Roboto, sans-serif; font-size: 16px; line-height: 24px; font-weight: 400;\">Ein Pink- oder Petrolton, tierisch sch\u00f6ne Schmetterling-Motive oder gedeckte Farben: freistil Designs fallen durch ihren Formen- und Farben-Reichtum auf. Schlie\u00dflich erzeugt Freiheit ein ganz besonderes Wohn- und Wohlgef\u00fchl: Sich ohne Konventionen individuell einzurichten, und einfach mal das Leben in freien Z\u00fcgen zu genie\u00dfen \u2013 daf\u00fcr stehen freistil ROLF BENZ Produkte.<\/span><\/p>\n<p>&nbsp;<\/p>\n<figure id=\"attachment_1927\" aria-describedby=\"caption-attachment-1927\" style=\"width: 1200px\" class=\"wp-caption alignnone\"><img loading=\"lazy\" decoding=\"async\" class=\"wp-image-1927 size-full\" src=\"https:\/\/www.zurbrueggen.de\/magazin\/wp-content\/uploads\/2017\/08\/magazin-benz-340_NOVA_005-m.jpg\" alt=\" Sofa Rolf Benz NOVA von Joachim Nees\" width=\"1200\" height=\"675\" srcset=\"https:\/\/www.zurbrueggen.de\/magazin\/wp-content\/uploads\/2017\/08\/magazin-benz-340_NOVA_005-m.jpg 1200w, https:\/\/www.zurbrueggen.de\/magazin\/wp-content\/uploads\/2017\/08\/magazin-benz-340_NOVA_005-m-300x169.jpg 300w, https:\/\/www.zurbrueggen.de\/magazin\/wp-content\/uploads\/2017\/08\/magazin-benz-340_NOVA_005-m-768x432.jpg 768w, https:\/\/www.zurbrueggen.de\/magazin\/wp-content\/uploads\/2017\/08\/magazin-benz-340_NOVA_005-m-1024x576.jpg 1024w, https:\/\/www.zurbrueggen.de\/magazin\/wp-content\/uploads\/2017\/08\/magazin-benz-340_NOVA_005-m-665x374.jpg 665w, https:\/\/www.zurbrueggen.de\/magazin\/wp-content\/uploads\/2017\/08\/magazin-benz-340_NOVA_005-m-462x260.jpg 462w\" sizes=\"auto, (max-width: 1200px) 100vw, 1200px\" \/><figcaption id=\"caption-attachment-1927\" class=\"wp-caption-text\">Sofa Rolf Benz NOVA von Joachim Nees<\/figcaption><\/figure>\n<p>&nbsp;<\/p>\n<h2 id=\"freistilROLFBENZ\/Firmenprofil-\u00dcberdieDachmarkeROLFBENZunddieerfolgreichenAbleger\"><span class=\"subheading\" style=\"font-family: 'Roboto Slab', sans-serif; font-size: 20px; margin-top: 40px; font-weight: 400; text-transform: none; margin-left: 12.5%;\">\u00dcber die Dachmarke ROLF BENZ und die erfolgreichen Ableger<\/span><\/h2>\n<p><span class=\"fliesstext\" style=\"font-family: Roboto, sans-serif; font-size: 16px; line-height: 24px; font-weight: 400;\">Im M\u00fctzinger Werk in Baden-W\u00fcrttemberg produzieren bei der ROLF BENZ AG ungef\u00e4hr 450 Mitarbeiter hochwertige Polsterm\u00f6bel und weitere langlebige M\u00f6belst\u00fccke. Die Produktionsst\u00e4tte befindet sich Nahe vom Firmensitz in Nagold. Bis heute ist ROLF BENZ als Marke f\u00fcr zeitlose und elegante Sitzkultur bekannt, die sich auch in gewerblichen und \u00f6ffentlichen R\u00e4umen durchgesetzt hat. Gemeinsam mit Architekten wurde dazu die Kollektion ROLF BENZ CONTRACT ins Leben gerufen. So sitzt man auf den gem\u00fctlichen Polsterm\u00f6beln von CONTRACT zum Beispiel in den Lounge-R\u00e4umen bekannter Fu\u00dfballstadien wie dem FC Bayern M\u00fcnchen oder dem FC Schalke 04. Auch in der Business Senator Lounge im Flughafen London Heathrow und in der School of Law der University of Baltimore sorgen die Sessel und Sofas von ROLF BENZ f\u00fcr bequeme Extravaganz.<\/span><\/p>\n<p>&nbsp;<\/p>\n<figure id=\"attachment_1925\" aria-describedby=\"caption-attachment-1925\" style=\"width: 1200px\" class=\"wp-caption alignnone\"><img loading=\"lazy\" decoding=\"async\" class=\"wp-image-1925 size-full\" src=\"https:\/\/www.zurbrueggen.de\/magazin\/wp-content\/uploads\/2017\/08\/magazin-benz-973_007-m.jpg\" alt=\"Tablett-Tisch Rolf Benz 973 von Pascal Bosetti\" width=\"1200\" height=\"675\" srcset=\"https:\/\/www.zurbrueggen.de\/magazin\/wp-content\/uploads\/2017\/08\/magazin-benz-973_007-m.jpg 1200w, https:\/\/www.zurbrueggen.de\/magazin\/wp-content\/uploads\/2017\/08\/magazin-benz-973_007-m-300x169.jpg 300w, https:\/\/www.zurbrueggen.de\/magazin\/wp-content\/uploads\/2017\/08\/magazin-benz-973_007-m-768x432.jpg 768w, https:\/\/www.zurbrueggen.de\/magazin\/wp-content\/uploads\/2017\/08\/magazin-benz-973_007-m-1024x576.jpg 1024w, https:\/\/www.zurbrueggen.de\/magazin\/wp-content\/uploads\/2017\/08\/magazin-benz-973_007-m-665x374.jpg 665w, https:\/\/www.zurbrueggen.de\/magazin\/wp-content\/uploads\/2017\/08\/magazin-benz-973_007-m-462x260.jpg 462w\" sizes=\"auto, (max-width: 1200px) 100vw, 1200px\" \/><figcaption id=\"caption-attachment-1925\" class=\"wp-caption-text\">Tablett-Tisch Rolf Benz 973 von Pascal Bosetti<\/figcaption><\/figure>\n<p>&nbsp;<\/p>\n<h2 id=\"freistilROLFBENZ\/Firmenprofil-ROLFBENZmitzahlreichenausgezeichnetenDesigns\"><span class=\"subheading\" style=\"font-family: 'Roboto Slab', sans-serif; font-size: 20px; margin-top: 40px; font-weight: 400; text-transform: none; margin-left: 12.5%;\">ROLF BENZ mit zahlreichen ausgezeichneten Designs<\/span><\/h2>\n<p><span class=\"fliesstext\" style=\"font-family: Roboto, sans-serif; font-size: 16px; line-height: 24px; font-weight: 400;\">Mittlerweile blickt die ROLF BENZ AG mit den drei S\u00e4ulen ROLF BENZ, freistil ROLF BENZ und ROLF BENZ CONTRACT auf zahlreiche Auszeichnungen zur\u00fcck. Das Design von Joachim Nees \u2013 ROLF BENZ Nova \u2013 erhielt beispielsweise gleich drei Awards:<\/span><\/p>\n<ul>\n<li><span class=\"fliesstext\" style=\"font-family: Roboto, sans-serif; font-size: 16px; line-height: 24px; font-weight: 400;\">Red Dot Award: Product Design 2014<\/span><\/li>\n<li><span class=\"fliesstext\" style=\"font-family: Roboto, sans-serif; font-size: 16px; line-height: 24px; font-weight: 400;\">Interior Innovation Award 2014 Best of Best<\/span><\/li>\n<li><span class=\"fliesstext\" style=\"font-family: Roboto, sans-serif; font-size: 16px; line-height: 24px; font-weight: 400;\">Special Mention vom German Design Award 2015<\/span><\/li>\n<\/ul>\n<p><span class=\"fliesstext\" style=\"font-family: Roboto, sans-serif; font-size: 16px; line-height: 24px; font-weight: 400;\">In der Kategorie \u00bbHome and Decoration\u00ab wurde die Kombination aus Tablett und Tisch,\u00a0 ROLF BENZ 973 von Pascal Bosetti, als Gewinner beim \u00bbGerman Design Award 2015\u00ab geehrt. Auch das Sofa Tira, ebenfalls aus der kreativen Feder von Joachim Nees, kn\u00fcpft an diesen Erfolg an: Die Polstergarnitur erhielt den \u00bbIconic Award 2016: Interior Innovation Best of Best\u00ab und au\u00dferdem den \u00bbGerman Design Award 2016\u00ab.<\/span><\/p>\n<p>&nbsp;<\/p>\n<h2 style=\"text-align: center;\"><a href=\"https:\/\/www.zurbrueggen.de\/shop\/marken\/rolf-benz.html\"><i class=\"fa fa-angle-right\"><\/i> Jetzt online shoppen<\/a><\/h2>\n<h2 style=\"text-align: center;\"><a href=\"https:\/\/www.zurbrueggen.de\/shop\/marken\/rolf-benz.html\"><img loading=\"lazy\" decoding=\"async\" class=\"alignnone wp-image-2255 size-full\" src=\"https:\/\/www.zurbrueggen.de\/magazin\/wp-content\/uploads\/2017\/08\/header-rolf-benz.jpg\" alt=\"header-rolf-benz\" width=\"1075\" height=\"360\" srcset=\"https:\/\/www.zurbrueggen.de\/magazin\/wp-content\/uploads\/2017\/08\/header-rolf-benz.jpg 1075w, https:\/\/www.zurbrueggen.de\/magazin\/wp-content\/uploads\/2017\/08\/header-rolf-benz-300x100.jpg 300w, https:\/\/www.zurbrueggen.de\/magazin\/wp-content\/uploads\/2017\/08\/header-rolf-benz-768x257.jpg 768w, https:\/\/www.zurbrueggen.de\/magazin\/wp-content\/uploads\/2017\/08\/header-rolf-benz-1024x343.jpg 1024w, https:\/\/www.zurbrueggen.de\/magazin\/wp-content\/uploads\/2017\/08\/header-rolf-benz-665x223.jpg 665w, https:\/\/www.zurbrueggen.de\/magazin\/wp-content\/uploads\/2017\/08\/header-rolf-benz-776x260.jpg 776w\" sizes=\"auto, (max-width: 1075px) 100vw, 1075px\" \/><\/a><\/h2>\n<p>&nbsp;<\/p>\n<p style=\"text-align: center;\"><span class=\"fliesstext\" style=\"font-family: Roboto, sans-serif; font-size: 16px; line-height: 24px; font-weight: 400;\">Weitere Marken im Portait:\u00a0<a href=\"https:\/\/www.zurbrueggen.de\/magazin\/villeroy-boch-vom-steinzeugproduzenten-zur-lifestyle-marke\/\"><i class=\"fa fa-angle-right\"><\/i> Villeroy &amp; Boch \u2013 Vom Steinzeugproduzenten zur Lifestyle-Marke<\/a><\/span><\/p>\n","protected":false},"excerpt":{"rendered":"<p>&nbsp; Die Kreationen der freistil Designer machen ihrem Namen stets alle Ehre. \u00bbGummib\u00e4ren zum Reinsetzen\u00ab, \u00bbEinfach gut chillen\u00ab oder \u00bbIch mach\u2018 mir die Welt!\u00ab \u2013 das kreative Team unter der Dachmarke ROLF BENZ ist bekannt f\u00fcr seine durchdachten Designerm\u00f6bel mit frecher Attit\u00fcde. Diese reichen vom Sessel und Sofa \u00fcber Couchtisch und Teppich bis hin zu [&hellip;]<\/p>\n","protected":false},"author":20,"featured_media":1931,"comment_status":"open","ping_status":"open","sticky":false,"template":"","format":"standard","meta":{"_acf_changed":false,"footnotes":""},"categories":[1,37,28],"tags":[],"class_list":["post-1921","post","type-post","status-publish","format-standard","has-post-thumbnail","hentry","category-alle-artikel","category-hersteller","category-portraits-und-interviews"],"acf":[],"yoast_head":"<!-- This site is optimized with the Yoast SEO plugin v27.4 - https:\/\/yoast.com\/product\/yoast-seo-wordpress\/ -->\n<title>freistil ROLF BENZ: clevere M\u00f6bel | Zurbr\u00fcggen Marken<\/title>\n<meta name=\"description\" content=\"Sie w\u00fcnschen sich kreative M\u00f6bel, die funktional und stylish sind? Entdecken sie freistil ROLF BENZ \u2013 intelligente Designerm\u00f6bel mit frecher Attit\u00fcde!\" \/>\n<meta name=\"robots\" content=\"index, follow, max-snippet:-1, max-image-preview:large, max-video-preview:-1\" \/>\n<link rel=\"canonical\" href=\"https:\/\/www.zurbrueggen.de\/magazin\/freistil-rolf-benz\/\" \/>\n<meta property=\"og:locale\" content=\"de_DE\" \/>\n<meta property=\"og:type\" content=\"article\" \/>\n<meta property=\"og:title\" content=\"freistil ROLF BENZ\" \/>\n<meta property=\"og:description\" content=\"Du w\u00fcnscht dir kreative M\u00f6bel, die funktional und stylish sind? Entdecke freistil ROLF BENZ \u2013 intelligente Designerm\u00f6bel mit frecher Attit\u00fcde! #Designerm\u00f6bel #M\u00f6bel #Sessel #Sofa #Couchtisch #Produkte #Design\" \/>\n<meta property=\"og:url\" content=\"https:\/\/www.zurbrueggen.de\/magazin\/freistil-rolf-benz\/\" \/>\n<meta property=\"og:site_name\" content=\"Zurbr\u00fcggen magazin\" \/>\n<meta property=\"article:publisher\" content=\"https:\/\/facebook.com\/zurbrueggen\" \/>\n<meta property=\"article:published_time\" content=\"2017-08-28T13:33:12+00:00\" \/>\n<meta property=\"article:modified_time\" content=\"2019-08-07T12:42:26+00:00\" \/>\n<meta property=\"og:image\" content=\"https:\/\/www.zurbrueggen.de\/magazin\/wp-content\/uploads\/2017\/08\/magazin-benz-freistil_147_508-cta.jpg\" \/>\n\t<meta property=\"og:image:width\" content=\"1200\" \/>\n\t<meta property=\"og:image:height\" content=\"675\" \/>\n\t<meta property=\"og:image:type\" content=\"image\/jpeg\" \/>\n<meta name=\"author\" content=\"Linda Wolfgart\" \/>\n<script type=\"application\/ld+json\" class=\"yoast-schema-graph\">{\"@context\":\"https:\\\/\\\/schema.org\",\"@graph\":[{\"@type\":\"Article\",\"@id\":\"https:\\\/\\\/www.zurbrueggen.de\\\/magazin\\\/freistil-rolf-benz\\\/#article\",\"isPartOf\":{\"@id\":\"https:\\\/\\\/www.zurbrueggen.de\\\/magazin\\\/freistil-rolf-benz\\\/\"},\"author\":{\"name\":\"Linda Wolfgart\",\"@id\":\"https:\\\/\\\/www.zurbrueggen.de\\\/magazin\\\/#\\\/schema\\\/person\\\/07170b1da6f7876ac78e450b9a3ed3d6\"},\"headline\":\"freistil ROLF BENZ\",\"datePublished\":\"2017-08-28T13:33:12+00:00\",\"dateModified\":\"2019-08-07T12:42:26+00:00\",\"mainEntityOfPage\":{\"@id\":\"https:\\\/\\\/www.zurbrueggen.de\\\/magazin\\\/freistil-rolf-benz\\\/\"},\"wordCount\":766,\"commentCount\":0,\"publisher\":{\"@id\":\"https:\\\/\\\/www.zurbrueggen.de\\\/magazin\\\/#organization\"},\"image\":{\"@id\":\"https:\\\/\\\/www.zurbrueggen.de\\\/magazin\\\/freistil-rolf-benz\\\/#primaryimage\"},\"thumbnailUrl\":\"https:\\\/\\\/www.zurbrueggen.de\\\/magazin\\\/wp-content\\\/uploads\\\/2017\\\/08\\\/magazin-benz-freistil_147_508-cta.jpg\",\"articleSection\":[\"Alle Artikel\",\"hersteller\",\"Portraits &amp; Interviews\"],\"inLanguage\":\"de\",\"potentialAction\":[{\"@type\":\"CommentAction\",\"name\":\"Comment\",\"target\":[\"https:\\\/\\\/www.zurbrueggen.de\\\/magazin\\\/freistil-rolf-benz\\\/#respond\"]}]},{\"@type\":\"WebPage\",\"@id\":\"https:\\\/\\\/www.zurbrueggen.de\\\/magazin\\\/freistil-rolf-benz\\\/\",\"url\":\"https:\\\/\\\/www.zurbrueggen.de\\\/magazin\\\/freistil-rolf-benz\\\/\",\"name\":\"freistil ROLF BENZ: clevere M\u00f6bel | Zurbr\u00fcggen Marken\",\"isPartOf\":{\"@id\":\"https:\\\/\\\/www.zurbrueggen.de\\\/magazin\\\/#website\"},\"primaryImageOfPage\":{\"@id\":\"https:\\\/\\\/www.zurbrueggen.de\\\/magazin\\\/freistil-rolf-benz\\\/#primaryimage\"},\"image\":{\"@id\":\"https:\\\/\\\/www.zurbrueggen.de\\\/magazin\\\/freistil-rolf-benz\\\/#primaryimage\"},\"thumbnailUrl\":\"https:\\\/\\\/www.zurbrueggen.de\\\/magazin\\\/wp-content\\\/uploads\\\/2017\\\/08\\\/magazin-benz-freistil_147_508-cta.jpg\",\"datePublished\":\"2017-08-28T13:33:12+00:00\",\"dateModified\":\"2019-08-07T12:42:26+00:00\",\"description\":\"Sie w\u00fcnschen sich kreative M\u00f6bel, die funktional und stylish sind? Entdecken sie freistil ROLF BENZ \u2013 intelligente Designerm\u00f6bel mit frecher Attit\u00fcde!\",\"breadcrumb\":{\"@id\":\"https:\\\/\\\/www.zurbrueggen.de\\\/magazin\\\/freistil-rolf-benz\\\/#breadcrumb\"},\"inLanguage\":\"de\",\"potentialAction\":[{\"@type\":\"ReadAction\",\"target\":[\"https:\\\/\\\/www.zurbrueggen.de\\\/magazin\\\/freistil-rolf-benz\\\/\"]}]},{\"@type\":\"ImageObject\",\"inLanguage\":\"de\",\"@id\":\"https:\\\/\\\/www.zurbrueggen.de\\\/magazin\\\/freistil-rolf-benz\\\/#primaryimage\",\"url\":\"https:\\\/\\\/www.zurbrueggen.de\\\/magazin\\\/wp-content\\\/uploads\\\/2017\\\/08\\\/magazin-benz-freistil_147_508-cta.jpg\",\"contentUrl\":\"https:\\\/\\\/www.zurbrueggen.de\\\/magazin\\\/wp-content\\\/uploads\\\/2017\\\/08\\\/magazin-benz-freistil_147_508-cta.jpg\",\"width\":1200,\"height\":675},{\"@type\":\"BreadcrumbList\",\"@id\":\"https:\\\/\\\/www.zurbrueggen.de\\\/magazin\\\/freistil-rolf-benz\\\/#breadcrumb\",\"itemListElement\":[{\"@type\":\"ListItem\",\"position\":1,\"name\":\"Startseite\",\"item\":\"https:\\\/\\\/www.zurbrueggen.de\\\/magazin\\\/\"},{\"@type\":\"ListItem\",\"position\":2,\"name\":\"freistil ROLF BENZ\"}]},{\"@type\":\"WebSite\",\"@id\":\"https:\\\/\\\/www.zurbrueggen.de\\\/magazin\\\/#website\",\"url\":\"https:\\\/\\\/www.zurbrueggen.de\\\/magazin\\\/\",\"name\":\"Zurbr\u00fcggen magazin\",\"description\":\"DESIGN \u2022 STYLE \u2022 LIVING\",\"publisher\":{\"@id\":\"https:\\\/\\\/www.zurbrueggen.de\\\/magazin\\\/#organization\"},\"potentialAction\":[{\"@type\":\"SearchAction\",\"target\":{\"@type\":\"EntryPoint\",\"urlTemplate\":\"https:\\\/\\\/www.zurbrueggen.de\\\/magazin\\\/?s={search_term_string}\"},\"query-input\":{\"@type\":\"PropertyValueSpecification\",\"valueRequired\":true,\"valueName\":\"search_term_string\"}}],\"inLanguage\":\"de\"},{\"@type\":\"Organization\",\"@id\":\"https:\\\/\\\/www.zurbrueggen.de\\\/magazin\\\/#organization\",\"name\":\"Zurbr\u00fcggen Wohn-Zentrum GmbH\",\"url\":\"https:\\\/\\\/www.zurbrueggen.de\\\/magazin\\\/\",\"logo\":{\"@type\":\"ImageObject\",\"inLanguage\":\"de\",\"@id\":\"https:\\\/\\\/www.zurbrueggen.de\\\/magazin\\\/#\\\/schema\\\/logo\\\/image\\\/\",\"url\":\"https:\\\/\\\/www.zurbrueggen.de\\\/magazin\\\/wp-content\\\/uploads\\\/2016\\\/07\\\/logo_zurbrueggen.png\",\"contentUrl\":\"https:\\\/\\\/www.zurbrueggen.de\\\/magazin\\\/wp-content\\\/uploads\\\/2016\\\/07\\\/logo_zurbrueggen.png\",\"width\":400,\"height\":107,\"caption\":\"Zurbr\u00fcggen Wohn-Zentrum GmbH\"},\"image\":{\"@id\":\"https:\\\/\\\/www.zurbrueggen.de\\\/magazin\\\/#\\\/schema\\\/logo\\\/image\\\/\"},\"sameAs\":[\"https:\\\/\\\/facebook.com\\\/zurbrueggen\",\"https:\\\/\\\/x.com\\\/Zurbrueggen\"]},{\"@type\":\"Person\",\"@id\":\"https:\\\/\\\/www.zurbrueggen.de\\\/magazin\\\/#\\\/schema\\\/person\\\/07170b1da6f7876ac78e450b9a3ed3d6\",\"name\":\"Linda Wolfgart\",\"image\":{\"@type\":\"ImageObject\",\"inLanguage\":\"de\",\"@id\":\"https:\\\/\\\/secure.gravatar.com\\\/avatar\\\/f84173980fbd4382d8c0ae77c07dbf27a65219dbdadb5b039dab209120bb5c55?s=96&d=mm&r=g\",\"url\":\"https:\\\/\\\/secure.gravatar.com\\\/avatar\\\/f84173980fbd4382d8c0ae77c07dbf27a65219dbdadb5b039dab209120bb5c55?s=96&d=mm&r=g\",\"contentUrl\":\"https:\\\/\\\/secure.gravatar.com\\\/avatar\\\/f84173980fbd4382d8c0ae77c07dbf27a65219dbdadb5b039dab209120bb5c55?s=96&d=mm&r=g\",\"caption\":\"Linda Wolfgart\"},\"url\":\"https:\\\/\\\/www.zurbrueggen.de\\\/magazin\\\/author\\\/l_junowicz\\\/\"}]}<\/script>\n<!-- \/ Yoast SEO plugin. -->","yoast_head_json":{"title":"freistil ROLF BENZ: clevere M\u00f6bel | Zurbr\u00fcggen Marken","description":"Sie w\u00fcnschen sich kreative M\u00f6bel, die funktional und stylish sind? Entdecken sie freistil ROLF BENZ \u2013 intelligente Designerm\u00f6bel mit frecher Attit\u00fcde!","robots":{"index":"index","follow":"follow","max-snippet":"max-snippet:-1","max-image-preview":"max-image-preview:large","max-video-preview":"max-video-preview:-1"},"canonical":"https:\/\/www.zurbrueggen.de\/magazin\/freistil-rolf-benz\/","og_locale":"de_DE","og_type":"article","og_title":"freistil ROLF BENZ","og_description":"Du w\u00fcnscht dir kreative M\u00f6bel, die funktional und stylish sind? Entdecke freistil ROLF BENZ \u2013 intelligente Designerm\u00f6bel mit frecher Attit\u00fcde! #Designerm\u00f6bel #M\u00f6bel #Sessel #Sofa #Couchtisch #Produkte #Design","og_url":"https:\/\/www.zurbrueggen.de\/magazin\/freistil-rolf-benz\/","og_site_name":"Zurbr\u00fcggen magazin","article_publisher":"https:\/\/facebook.com\/zurbrueggen","article_published_time":"2017-08-28T13:33:12+00:00","article_modified_time":"2019-08-07T12:42:26+00:00","og_image":[{"width":1200,"height":675,"url":"https:\/\/www.zurbrueggen.de\/magazin\/wp-content\/uploads\/2017\/08\/magazin-benz-freistil_147_508-cta.jpg","type":"image\/jpeg"}],"author":"Linda Wolfgart","schema":{"@context":"https:\/\/schema.org","@graph":[{"@type":"Article","@id":"https:\/\/www.zurbrueggen.de\/magazin\/freistil-rolf-benz\/#article","isPartOf":{"@id":"https:\/\/www.zurbrueggen.de\/magazin\/freistil-rolf-benz\/"},"author":{"name":"Linda Wolfgart","@id":"https:\/\/www.zurbrueggen.de\/magazin\/#\/schema\/person\/07170b1da6f7876ac78e450b9a3ed3d6"},"headline":"freistil ROLF BENZ","datePublished":"2017-08-28T13:33:12+00:00","dateModified":"2019-08-07T12:42:26+00:00","mainEntityOfPage":{"@id":"https:\/\/www.zurbrueggen.de\/magazin\/freistil-rolf-benz\/"},"wordCount":766,"commentCount":0,"publisher":{"@id":"https:\/\/www.zurbrueggen.de\/magazin\/#organization"},"image":{"@id":"https:\/\/www.zurbrueggen.de\/magazin\/freistil-rolf-benz\/#primaryimage"},"thumbnailUrl":"https:\/\/www.zurbrueggen.de\/magazin\/wp-content\/uploads\/2017\/08\/magazin-benz-freistil_147_508-cta.jpg","articleSection":["Alle Artikel","hersteller","Portraits &amp; Interviews"],"inLanguage":"de","potentialAction":[{"@type":"CommentAction","name":"Comment","target":["https:\/\/www.zurbrueggen.de\/magazin\/freistil-rolf-benz\/#respond"]}]},{"@type":"WebPage","@id":"https:\/\/www.zurbrueggen.de\/magazin\/freistil-rolf-benz\/","url":"https:\/\/www.zurbrueggen.de\/magazin\/freistil-rolf-benz\/","name":"freistil ROLF BENZ: clevere M\u00f6bel | Zurbr\u00fcggen Marken","isPartOf":{"@id":"https:\/\/www.zurbrueggen.de\/magazin\/#website"},"primaryImageOfPage":{"@id":"https:\/\/www.zurbrueggen.de\/magazin\/freistil-rolf-benz\/#primaryimage"},"image":{"@id":"https:\/\/www.zurbrueggen.de\/magazin\/freistil-rolf-benz\/#primaryimage"},"thumbnailUrl":"https:\/\/www.zurbrueggen.de\/magazin\/wp-content\/uploads\/2017\/08\/magazin-benz-freistil_147_508-cta.jpg","datePublished":"2017-08-28T13:33:12+00:00","dateModified":"2019-08-07T12:42:26+00:00","description":"Sie w\u00fcnschen sich kreative M\u00f6bel, die funktional und stylish sind? Entdecken sie freistil ROLF BENZ \u2013 intelligente Designerm\u00f6bel mit frecher Attit\u00fcde!","breadcrumb":{"@id":"https:\/\/www.zurbrueggen.de\/magazin\/freistil-rolf-benz\/#breadcrumb"},"inLanguage":"de","potentialAction":[{"@type":"ReadAction","target":["https:\/\/www.zurbrueggen.de\/magazin\/freistil-rolf-benz\/"]}]},{"@type":"ImageObject","inLanguage":"de","@id":"https:\/\/www.zurbrueggen.de\/magazin\/freistil-rolf-benz\/#primaryimage","url":"https:\/\/www.zurbrueggen.de\/magazin\/wp-content\/uploads\/2017\/08\/magazin-benz-freistil_147_508-cta.jpg","contentUrl":"https:\/\/www.zurbrueggen.de\/magazin\/wp-content\/uploads\/2017\/08\/magazin-benz-freistil_147_508-cta.jpg","width":1200,"height":675},{"@type":"BreadcrumbList","@id":"https:\/\/www.zurbrueggen.de\/magazin\/freistil-rolf-benz\/#breadcrumb","itemListElement":[{"@type":"ListItem","position":1,"name":"Startseite","item":"https:\/\/www.zurbrueggen.de\/magazin\/"},{"@type":"ListItem","position":2,"name":"freistil ROLF BENZ"}]},{"@type":"WebSite","@id":"https:\/\/www.zurbrueggen.de\/magazin\/#website","url":"https:\/\/www.zurbrueggen.de\/magazin\/","name":"Zurbr\u00fcggen magazin","description":"DESIGN \u2022 STYLE \u2022 LIVING","publisher":{"@id":"https:\/\/www.zurbrueggen.de\/magazin\/#organization"},"potentialAction":[{"@type":"SearchAction","target":{"@type":"EntryPoint","urlTemplate":"https:\/\/www.zurbrueggen.de\/magazin\/?s={search_term_string}"},"query-input":{"@type":"PropertyValueSpecification","valueRequired":true,"valueName":"search_term_string"}}],"inLanguage":"de"},{"@type":"Organization","@id":"https:\/\/www.zurbrueggen.de\/magazin\/#organization","name":"Zurbr\u00fcggen Wohn-Zentrum GmbH","url":"https:\/\/www.zurbrueggen.de\/magazin\/","logo":{"@type":"ImageObject","inLanguage":"de","@id":"https:\/\/www.zurbrueggen.de\/magazin\/#\/schema\/logo\/image\/","url":"https:\/\/www.zurbrueggen.de\/magazin\/wp-content\/uploads\/2016\/07\/logo_zurbrueggen.png","contentUrl":"https:\/\/www.zurbrueggen.de\/magazin\/wp-content\/uploads\/2016\/07\/logo_zurbrueggen.png","width":400,"height":107,"caption":"Zurbr\u00fcggen Wohn-Zentrum GmbH"},"image":{"@id":"https:\/\/www.zurbrueggen.de\/magazin\/#\/schema\/logo\/image\/"},"sameAs":["https:\/\/facebook.com\/zurbrueggen","https:\/\/x.com\/Zurbrueggen"]},{"@type":"Person","@id":"https:\/\/www.zurbrueggen.de\/magazin\/#\/schema\/person\/07170b1da6f7876ac78e450b9a3ed3d6","name":"Linda Wolfgart","image":{"@type":"ImageObject","inLanguage":"de","@id":"https:\/\/secure.gravatar.com\/avatar\/f84173980fbd4382d8c0ae77c07dbf27a65219dbdadb5b039dab209120bb5c55?s=96&d=mm&r=g","url":"https:\/\/secure.gravatar.com\/avatar\/f84173980fbd4382d8c0ae77c07dbf27a65219dbdadb5b039dab209120bb5c55?s=96&d=mm&r=g","contentUrl":"https:\/\/secure.gravatar.com\/avatar\/f84173980fbd4382d8c0ae77c07dbf27a65219dbdadb5b039dab209120bb5c55?s=96&d=mm&r=g","caption":"Linda Wolfgart"},"url":"https:\/\/www.zurbrueggen.de\/magazin\/author\/l_junowicz\/"}]}},"_links":{"self":[{"href":"https:\/\/www.zurbrueggen.de\/magazin\/wp-json\/wp\/v2\/posts\/1921","targetHints":{"allow":["GET"]}}],"collection":[{"href":"https:\/\/www.zurbrueggen.de\/magazin\/wp-json\/wp\/v2\/posts"}],"about":[{"href":"https:\/\/www.zurbrueggen.de\/magazin\/wp-json\/wp\/v2\/types\/post"}],"author":[{"embeddable":true,"href":"https:\/\/www.zurbrueggen.de\/magazin\/wp-json\/wp\/v2\/users\/20"}],"replies":[{"embeddable":true,"href":"https:\/\/www.zurbrueggen.de\/magazin\/wp-json\/wp\/v2\/comments?post=1921"}],"version-history":[{"count":23,"href":"https:\/\/www.zurbrueggen.de\/magazin\/wp-json\/wp\/v2\/posts\/1921\/revisions"}],"predecessor-version":[{"id":4436,"href":"https:\/\/www.zurbrueggen.de\/magazin\/wp-json\/wp\/v2\/posts\/1921\/revisions\/4436"}],"wp:featuredmedia":[{"embeddable":true,"href":"https:\/\/www.zurbrueggen.de\/magazin\/wp-json\/wp\/v2\/media\/1931"}],"wp:attachment":[{"href":"https:\/\/www.zurbrueggen.de\/magazin\/wp-json\/wp\/v2\/media?parent=1921"}],"wp:term":[{"taxonomy":"category","embeddable":true,"href":"https:\/\/www.zurbrueggen.de\/magazin\/wp-json\/wp\/v2\/categories?post=1921"},{"taxonomy":"post_tag","embeddable":true,"href":"https:\/\/www.zurbrueggen.de\/magazin\/wp-json\/wp\/v2\/tags?post=1921"}],"curies":[{"name":"wp","href":"https:\/\/api.w.org\/{rel}","templated":true}]}}