{"id":1836,"date":"2017-07-31T09:01:05","date_gmt":"2017-07-31T07:01:05","guid":{"rendered":"https:\/\/www.zurbrueggen.de\/magazin\/?p=1836"},"modified":"2019-08-06T12:31:39","modified_gmt":"2019-08-06T10:31:39","slug":"wohnen-wie-am-mittelmeer","status":"publish","type":"post","link":"https:\/\/www.zurbrueggen.de\/magazin\/wohnen-wie-am-mittelmeer\/","title":{"rendered":"Wohnen wie am Mittelmeer"},"content":{"rendered":"<figure id=\"attachment_1850\" aria-describedby=\"caption-attachment-1850\" style=\"width: 1200px\" class=\"wp-caption alignnone\"><img loading=\"lazy\" decoding=\"async\" class=\"wp-image-1850 size-full\" src=\"https:\/\/www.zurbrueggen.de\/magazin\/wp-content\/uploads\/2017\/07\/magazin-dolce-vita-02.jpg\" alt=\"La dolce vita\" width=\"1200\" height=\"675\" srcset=\"https:\/\/www.zurbrueggen.de\/magazin\/wp-content\/uploads\/2017\/07\/magazin-dolce-vita-02.jpg 1200w, https:\/\/www.zurbrueggen.de\/magazin\/wp-content\/uploads\/2017\/07\/magazin-dolce-vita-02-300x169.jpg 300w, https:\/\/www.zurbrueggen.de\/magazin\/wp-content\/uploads\/2017\/07\/magazin-dolce-vita-02-768x432.jpg 768w, https:\/\/www.zurbrueggen.de\/magazin\/wp-content\/uploads\/2017\/07\/magazin-dolce-vita-02-1024x576.jpg 1024w, https:\/\/www.zurbrueggen.de\/magazin\/wp-content\/uploads\/2017\/07\/magazin-dolce-vita-02-665x374.jpg 665w, https:\/\/www.zurbrueggen.de\/magazin\/wp-content\/uploads\/2017\/07\/magazin-dolce-vita-02-462x260.jpg 462w\" sizes=\"auto, (max-width: 1200px) 100vw, 1200px\" \/><figcaption id=\"caption-attachment-1850\" class=\"wp-caption-text\">La dolce vita<\/figcaption><\/figure>\n<p><span class=\"vorschau\" style=\"font-family: 'Roboto Slab'; font-size: 22px; line-height: 34px; font-weight: 300; margin-top: 40px;\">La dolce vita\u00ad \u2013 wer tr\u00e4umt nicht vom Zauber des S\u00fcdens? Bringen Sie den leichten, mediterranen Einrichtungsstil mit ausgesuchten M\u00f6beln, einem passenden Farbkonzept und stimmiger Dekoration nach Hause.<\/span><\/p>\n<p><!--more--><\/p>\n<p><span class=\"fliesstext\" style=\"font-family: Roboto, sans-serif; font-size: 16px; line-height: 24px; font-weight: 400;\">Welche Farben sowie Materialien sind optimal, wenn Sie Ihre eigenen vier W\u00e4nde mediterran einrichten m\u00f6chten? Wir zeigen Ihnen die verschiedenen Gestaltungsm\u00f6glichkeiten und typische Einrichtungsmerkmale.<\/span><\/p>\n<p>&nbsp;<\/p>\n<figure id=\"attachment_1857\" aria-describedby=\"caption-attachment-1857\" style=\"width: 1200px\" class=\"wp-caption alignnone\"><img loading=\"lazy\" decoding=\"async\" class=\"wp-image-1857 size-full\" src=\"https:\/\/www.zurbrueggen.de\/magazin\/wp-content\/uploads\/2017\/07\/magazin-dolce-vita-06-cta.jpg\" alt=\"Zurbr\u00fcggen Sofa ES TRENC\" width=\"1200\" height=\"675\" srcset=\"https:\/\/www.zurbrueggen.de\/magazin\/wp-content\/uploads\/2017\/07\/magazin-dolce-vita-06-cta.jpg 1200w, https:\/\/www.zurbrueggen.de\/magazin\/wp-content\/uploads\/2017\/07\/magazin-dolce-vita-06-cta-300x169.jpg 300w, https:\/\/www.zurbrueggen.de\/magazin\/wp-content\/uploads\/2017\/07\/magazin-dolce-vita-06-cta-768x432.jpg 768w, https:\/\/www.zurbrueggen.de\/magazin\/wp-content\/uploads\/2017\/07\/magazin-dolce-vita-06-cta-1024x576.jpg 1024w, https:\/\/www.zurbrueggen.de\/magazin\/wp-content\/uploads\/2017\/07\/magazin-dolce-vita-06-cta-665x374.jpg 665w, https:\/\/www.zurbrueggen.de\/magazin\/wp-content\/uploads\/2017\/07\/magazin-dolce-vita-06-cta-462x260.jpg 462w\" sizes=\"auto, (max-width: 1200px) 100vw, 1200px\" \/><figcaption id=\"caption-attachment-1857\" class=\"wp-caption-text\">Zurbr\u00fcggen Sofa ES TRENC<\/figcaption><\/figure>\n<h2><\/h2>\n<p>&nbsp;<\/p>\n<h2><span class=\"subheading\" style=\"font-family: 'Roboto Slab', sans-serif; font-size: 20px; margin-top: 40px; font-weight: 400; text-transform: none; margin-left: 12.5%;\">Fernweh ad\u00e9 \u2013 wohnen wie im Urlaub<\/span><\/h2>\n<p><span class=\"fliesstext\" style=\"font-family: Roboto, sans-serif; font-size: 16px; line-height: 24px; font-weight: 400;\">Selten erfreut sich ein Einrichtungsstil \u00fcber Jahre hinweg solcher Beliebtheit wie der mediterrane Stil. Er wird von vielen Einfl\u00fcssen, L\u00e4ndern und unterschiedlichen Kulturen gepr\u00e4gt; so bleiben Ihnen unz\u00e4hlige M\u00f6glichkeiten der eigenen Interpretation, ganz nach Ihrem pers\u00f6nlichen Geschmack. \u00a0<\/span><\/p>\n<p><span class=\"fliesstext\" style=\"font-family: Roboto, sans-serif; font-size: 16px; line-height: 24px; font-weight: 400;\">Der zeitlose und luftige Einrichtungsstil stammt aus L\u00e4ndern wie Italien, Griechenland, Spanien und Frankreich. Gemeinsam verbindet sie die geografische N\u00e4he zum Mittelmeer sowie die Olivenb\u00e4ume, die im gesamten mediterranen Raum gedeihen. Dies spiegelt sich in warmen, nat\u00fcrlichen Holzm\u00f6beln wider. Akzente in Blau sorgen f\u00fcr einen gem\u00fctlichen, l\u00e4ndlichen Charakter und bringen das Mittelmeer direkt in Ihr Wohnzimmer.<\/span><\/p>\n<p><span class=\"fliesstext\" style=\"font-family: Roboto, sans-serif; font-size: 16px; line-height: 24px; font-weight: 400;\">\u201eLa dolce vita\u201c beschreibt nicht nur den mediterranen Einrichtungsstil, sondern auch das Lebensgef\u00fchl des S\u00fcdens: laue Sommerabende in geselliger Runde mit Familie und Freunden \u2013 einfach das \u201es\u00fc\u00dfe Leben\u201c genie\u00dfen. Holen Sie sich dieses unvergleichliche Flair mit den passenden M\u00f6beln <span class=\"fliesstext\" style=\"font-family: Roboto, sans-serif; font-size: 16px; line-height: 24px; font-weight: 400;\"><span class=\"fliesstext\" style=\"font-family: Roboto, sans-serif; font-size: 16px; line-height: 24px; font-weight: 400;\"><a href=\"https:\/\/www.zurbrueggen.de\/\">nach Hause<\/a> \u2013 f\u00fcr ein Urlaubsgef\u00fchl an 365 Tagen im Jahr.<\/span><\/p>\n<p>&nbsp;<\/p>\n<h2><img loading=\"lazy\" decoding=\"async\" class=\"alignnone wp-image-1854 size-full\" src=\"https:\/\/www.zurbrueggen.de\/magazin\/wp-content\/uploads\/2017\/07\/magazin-dolce-vita-04.jpg\" alt=\"Landhaus K\u00fcche\" width=\"1200\" height=\"675\" srcset=\"https:\/\/www.zurbrueggen.de\/magazin\/wp-content\/uploads\/2017\/07\/magazin-dolce-vita-04.jpg 1200w, https:\/\/www.zurbrueggen.de\/magazin\/wp-content\/uploads\/2017\/07\/magazin-dolce-vita-04-300x169.jpg 300w, https:\/\/www.zurbrueggen.de\/magazin\/wp-content\/uploads\/2017\/07\/magazin-dolce-vita-04-768x432.jpg 768w, https:\/\/www.zurbrueggen.de\/magazin\/wp-content\/uploads\/2017\/07\/magazin-dolce-vita-04-1024x576.jpg 1024w, https:\/\/www.zurbrueggen.de\/magazin\/wp-content\/uploads\/2017\/07\/magazin-dolce-vita-04-665x374.jpg 665w, https:\/\/www.zurbrueggen.de\/magazin\/wp-content\/uploads\/2017\/07\/magazin-dolce-vita-04-462x260.jpg 462w\" sizes=\"auto, (max-width: 1200px) 100vw, 1200px\" \/><\/h2>\n<p>&nbsp;<\/p>\n<h2><span class=\"subheading\" style=\"font-family: 'Roboto Slab', sans-serif; font-size: 20px; margin-top: 40px; font-weight: 400; text-transform: none; margin-left: 12.5%;\">Der griechische und der italienische Stil<\/span><\/h2>\n<p><span class=\"fliesstext\" style=\"font-family: Roboto, sans-serif; font-size: 16px; line-height: 24px; font-weight: 400;\">Der mediterrane Stil wird grunds\u00e4tzlich noch einmal zwischen dem griechischen und dem italienischen Stil unterschieden. Originelle Mosaike \u2013 z. B. an W\u00e4nden, im Fliesenboden oder auf Beistelltischchen \u2013\u00a0 wei\u00dfer Gipsputz sowie blaue Akzente verk\u00f6rpern typischerweise den griechisch-mediterranen Stil. Insgesamt ist der griechische Stil eher k\u00fchler, gepr\u00e4gt von modernen, wei\u00dfen M\u00f6beln und hellen Textilien wie Vorh\u00e4ngen.<\/span><\/p>\n<p><span class=\"fliesstext\" style=\"font-family: Roboto, sans-serif; font-size: 16px; line-height: 24px; font-weight: 400;\">Der italienische Stil hingegen mutet warm an. Charakteristisch sind hier harmonische Erdt\u00f6ne, Terrakotta- oder Holzb\u00f6den sowie Ledergarnituren. Auch schmiedeeiserne M\u00f6bel und Keramik f\u00fcgen sich optimal ins Gesamtbild der italienisch-mediterranen Einrichtung ein.<\/span><\/p>\n<p><span class=\"fliesstext\" style=\"font-family: Roboto, sans-serif; font-size: 16px; line-height: 24px; font-weight: 400;\">Helle, luftige R\u00e4ume mit hell gestalteten W\u00e4nden, oftmals nur durch Rundb\u00f6gen abgetrennt, sind weitere typische Gestaltungsmerkmale des mediterranen Stils. Ob Sie den S\u00fcden eher rustikal oder modern, griechisch oder italienisch interpretieren bleibt Ihnen \u00fcberlassen. Mit den passenden M\u00f6beln und abgestimmter Dekoration sind Ihrer Kreativit\u00e4t keine Grenzen gesetzt.<\/span><\/p>\n<p>&nbsp;<\/p>\n<h2><img loading=\"lazy\" decoding=\"async\" class=\"alignnone wp-image-1856 size-full\" src=\"https:\/\/www.zurbrueggen.de\/magazin\/wp-content\/uploads\/2017\/07\/magazin-dolce-vita-05.jpg\" alt=\"Materialien und Farben\" width=\"1200\" height=\"675\" srcset=\"https:\/\/www.zurbrueggen.de\/magazin\/wp-content\/uploads\/2017\/07\/magazin-dolce-vita-05.jpg 1200w, https:\/\/www.zurbrueggen.de\/magazin\/wp-content\/uploads\/2017\/07\/magazin-dolce-vita-05-300x169.jpg 300w, https:\/\/www.zurbrueggen.de\/magazin\/wp-content\/uploads\/2017\/07\/magazin-dolce-vita-05-768x432.jpg 768w, https:\/\/www.zurbrueggen.de\/magazin\/wp-content\/uploads\/2017\/07\/magazin-dolce-vita-05-1024x576.jpg 1024w, https:\/\/www.zurbrueggen.de\/magazin\/wp-content\/uploads\/2017\/07\/magazin-dolce-vita-05-665x374.jpg 665w, https:\/\/www.zurbrueggen.de\/magazin\/wp-content\/uploads\/2017\/07\/magazin-dolce-vita-05-462x260.jpg 462w\" sizes=\"auto, (max-width: 1200px) 100vw, 1200px\" \/><\/h2>\n<h2><\/h2>\n<p>&nbsp;<\/p>\n<h2><span class=\"fliesstext subheading\" style=\"font-family: 'Roboto Slab', sans-serif; font-size: 20px; line-height: 24px; font-weight: 400; margin-top: 40px; text-transform: none; margin-left: 12.5%;\">Materialien und Farben<\/span><\/h2>\n<p><span class=\"fliesstext\" style=\"font-family: Roboto, sans-serif; font-size: 16px; line-height: 24px; font-weight: 400;\">Nat\u00fcrliche Materialien wie Terrakotta, Steinzeug und Rattan bringen Ihnen Italien, Frankreich und Griechenland direkt in Wohnung oder Haus. Auch Holz ist ideal, um eine mediterrane Gestaltung zu unterst\u00fctzen. W\u00e4hlen Sie hierbei H\u00f6lzer wie Olive, Pinie und Walnuss aus, die im S\u00fcden auch selbst zu finden sind. Dabei ist es egal, ob Sie lieber Holzm\u00f6bel integrieren m\u00f6chten oder Ihre Wahl auf einen rustikalen Holzboden f\u00e4llt. Beides f\u00fcgt sich perfekt in den mediterranen Stil ein.<\/span><\/p>\n<p><span class=\"fliesstext\" style=\"font-family: Roboto, sans-serif; font-size: 16px; line-height: 24px; font-weight: 400;\">Bevorzugte Farben sind neben Wei\u00df- und Cremet\u00f6nen auch Taupe und die verschiedenen Abstufungen von Natur- und Erdt\u00f6nen. Warme Farben rund um Ocker und Gelb bringen das gew\u00fcnschte s\u00fcdl\u00e4ndische Flair bestens zur Geltung. M\u00f6chten Sie gerne Akzente setzen? Die Farben Rot und Blau erg\u00e4nzen den mediterranen Einrichtungsstil ideal.<\/span><\/p>\n<p>&nbsp;<\/p>\n<p>&nbsp;<\/p>\n<p style=\"text-align: center;\"><a class=\"read-more\" href=\"https:\/\/www.zurbrueggen.de\/shop\/moebel-im-mediterranen-stil.html\"><i class=\"fa fa-angle-right\"><\/i> JETZT DOLCE VITA ENTDECKEN!<\/a><\/p>\n","protected":false},"excerpt":{"rendered":"<p>La dolce vita\u00ad \u2013 wer tr\u00e4umt nicht vom Zauber des S\u00fcdens? Bringen Sie den leichten, mediterranen Einrichtungsstil mit ausgesuchten M\u00f6beln, einem passenden Farbkonzept und stimmiger Dekoration nach Hause.<\/p>\n","protected":false},"author":20,"featured_media":1847,"comment_status":"open","ping_status":"open","sticky":false,"template":"","format":"standard","meta":{"_acf_changed":false,"footnotes":""},"categories":[1,43,26],"tags":[],"class_list":["post-1836","post","type-post","status-publish","format-standard","has-post-thumbnail","hentry","category-alle-artikel","category-wohn-esszimmer","category-wohnwelten"],"acf":[],"yoast_head":"<!-- This site is optimized with the Yoast SEO plugin v27.4 - https:\/\/yoast.com\/product\/yoast-seo-wordpress\/ -->\n<title>Wohnen wie am Mittelmeer &#8211; Zurbr\u00fcggen magazin<\/title>\n<meta name=\"description\" content=\"Bringen Sie den leichten, mediterranen Einrichtungsstil mit ausgesuchten M\u00f6beln, einem passenden Farbkonzept und stimmiger Dekoration nach Hause.\" \/>\n<meta name=\"robots\" content=\"index, follow, max-snippet:-1, max-image-preview:large, max-video-preview:-1\" \/>\n<link rel=\"canonical\" href=\"https:\/\/www.zurbrueggen.de\/magazin\/wohnen-wie-am-mittelmeer\/\" \/>\n<meta property=\"og:locale\" content=\"de_DE\" \/>\n<meta property=\"og:type\" content=\"article\" \/>\n<meta property=\"og:title\" content=\"La dolce vita\" \/>\n<meta property=\"og:description\" content=\"Wer tr\u00e4umt nicht vom Zauber des S\u00fcdens? Bringe den leichten, mediterranen Einrichtungsstil mit ausgesuchten M\u00f6beln, einem passenden Farbkonzept und stimmiger Dekoration in dein Zuhause.\" \/>\n<meta property=\"og:url\" content=\"https:\/\/www.zurbrueggen.de\/magazin\/wohnen-wie-am-mittelmeer\/\" \/>\n<meta property=\"og:site_name\" content=\"Zurbr\u00fcggen magazin\" \/>\n<meta property=\"article:publisher\" content=\"https:\/\/facebook.com\/zurbrueggen\" \/>\n<meta property=\"article:published_time\" content=\"2017-07-31T07:01:05+00:00\" \/>\n<meta property=\"article:modified_time\" content=\"2019-08-06T10:31:39+00:00\" \/>\n<meta property=\"og:image\" content=\"https:\/\/www.zurbrueggen.de\/magazin\/wp-content\/uploads\/2017\/07\/magazin-dolce-vita-03-cta.jpg\" \/>\n\t<meta property=\"og:image:width\" content=\"1200\" \/>\n\t<meta property=\"og:image:height\" content=\"675\" \/>\n\t<meta property=\"og:image:type\" content=\"image\/jpeg\" \/>\n<meta name=\"author\" content=\"Linda Wolfgart\" \/>\n<script type=\"application\/ld+json\" class=\"yoast-schema-graph\">{\"@context\":\"https:\\\/\\\/schema.org\",\"@graph\":[{\"@type\":\"Article\",\"@id\":\"https:\\\/\\\/www.zurbrueggen.de\\\/magazin\\\/wohnen-wie-am-mittelmeer\\\/#article\",\"isPartOf\":{\"@id\":\"https:\\\/\\\/www.zurbrueggen.de\\\/magazin\\\/wohnen-wie-am-mittelmeer\\\/\"},\"author\":{\"name\":\"Linda Wolfgart\",\"@id\":\"https:\\\/\\\/www.zurbrueggen.de\\\/magazin\\\/#\\\/schema\\\/person\\\/07170b1da6f7876ac78e450b9a3ed3d6\"},\"headline\":\"Wohnen wie am Mittelmeer\",\"datePublished\":\"2017-07-31T07:01:05+00:00\",\"dateModified\":\"2019-08-06T10:31:39+00:00\",\"mainEntityOfPage\":{\"@id\":\"https:\\\/\\\/www.zurbrueggen.de\\\/magazin\\\/wohnen-wie-am-mittelmeer\\\/\"},\"wordCount\":559,\"commentCount\":0,\"publisher\":{\"@id\":\"https:\\\/\\\/www.zurbrueggen.de\\\/magazin\\\/#organization\"},\"image\":{\"@id\":\"https:\\\/\\\/www.zurbrueggen.de\\\/magazin\\\/wohnen-wie-am-mittelmeer\\\/#primaryimage\"},\"thumbnailUrl\":\"https:\\\/\\\/www.zurbrueggen.de\\\/magazin\\\/wp-content\\\/uploads\\\/2017\\\/07\\\/magazin-dolce-vita-01-cta.jpg\",\"articleSection\":[\"Alle Artikel\",\"wohn- \\\/ esszimmer\",\"Wohnwelten\"],\"inLanguage\":\"de\",\"potentialAction\":[{\"@type\":\"CommentAction\",\"name\":\"Comment\",\"target\":[\"https:\\\/\\\/www.zurbrueggen.de\\\/magazin\\\/wohnen-wie-am-mittelmeer\\\/#respond\"]}]},{\"@type\":\"WebPage\",\"@id\":\"https:\\\/\\\/www.zurbrueggen.de\\\/magazin\\\/wohnen-wie-am-mittelmeer\\\/\",\"url\":\"https:\\\/\\\/www.zurbrueggen.de\\\/magazin\\\/wohnen-wie-am-mittelmeer\\\/\",\"name\":\"Wohnen wie am Mittelmeer &#8211; Zurbr\u00fcggen magazin\",\"isPartOf\":{\"@id\":\"https:\\\/\\\/www.zurbrueggen.de\\\/magazin\\\/#website\"},\"primaryImageOfPage\":{\"@id\":\"https:\\\/\\\/www.zurbrueggen.de\\\/magazin\\\/wohnen-wie-am-mittelmeer\\\/#primaryimage\"},\"image\":{\"@id\":\"https:\\\/\\\/www.zurbrueggen.de\\\/magazin\\\/wohnen-wie-am-mittelmeer\\\/#primaryimage\"},\"thumbnailUrl\":\"https:\\\/\\\/www.zurbrueggen.de\\\/magazin\\\/wp-content\\\/uploads\\\/2017\\\/07\\\/magazin-dolce-vita-01-cta.jpg\",\"datePublished\":\"2017-07-31T07:01:05+00:00\",\"dateModified\":\"2019-08-06T10:31:39+00:00\",\"description\":\"Bringen Sie den leichten, mediterranen Einrichtungsstil mit ausgesuchten M\u00f6beln, einem passenden Farbkonzept und stimmiger Dekoration nach Hause.\",\"breadcrumb\":{\"@id\":\"https:\\\/\\\/www.zurbrueggen.de\\\/magazin\\\/wohnen-wie-am-mittelmeer\\\/#breadcrumb\"},\"inLanguage\":\"de\",\"potentialAction\":[{\"@type\":\"ReadAction\",\"target\":[\"https:\\\/\\\/www.zurbrueggen.de\\\/magazin\\\/wohnen-wie-am-mittelmeer\\\/\"]}]},{\"@type\":\"ImageObject\",\"inLanguage\":\"de\",\"@id\":\"https:\\\/\\\/www.zurbrueggen.de\\\/magazin\\\/wohnen-wie-am-mittelmeer\\\/#primaryimage\",\"url\":\"https:\\\/\\\/www.zurbrueggen.de\\\/magazin\\\/wp-content\\\/uploads\\\/2017\\\/07\\\/magazin-dolce-vita-01-cta.jpg\",\"contentUrl\":\"https:\\\/\\\/www.zurbrueggen.de\\\/magazin\\\/wp-content\\\/uploads\\\/2017\\\/07\\\/magazin-dolce-vita-01-cta.jpg\",\"width\":1200,\"height\":675,\"caption\":\"magazin-dolce-vita-01-cta\"},{\"@type\":\"BreadcrumbList\",\"@id\":\"https:\\\/\\\/www.zurbrueggen.de\\\/magazin\\\/wohnen-wie-am-mittelmeer\\\/#breadcrumb\",\"itemListElement\":[{\"@type\":\"ListItem\",\"position\":1,\"name\":\"Startseite\",\"item\":\"https:\\\/\\\/www.zurbrueggen.de\\\/magazin\\\/\"},{\"@type\":\"ListItem\",\"position\":2,\"name\":\"Wohnen wie am Mittelmeer\"}]},{\"@type\":\"WebSite\",\"@id\":\"https:\\\/\\\/www.zurbrueggen.de\\\/magazin\\\/#website\",\"url\":\"https:\\\/\\\/www.zurbrueggen.de\\\/magazin\\\/\",\"name\":\"Zurbr\u00fcggen magazin\",\"description\":\"DESIGN \u2022 STYLE \u2022 LIVING\",\"publisher\":{\"@id\":\"https:\\\/\\\/www.zurbrueggen.de\\\/magazin\\\/#organization\"},\"potentialAction\":[{\"@type\":\"SearchAction\",\"target\":{\"@type\":\"EntryPoint\",\"urlTemplate\":\"https:\\\/\\\/www.zurbrueggen.de\\\/magazin\\\/?s={search_term_string}\"},\"query-input\":{\"@type\":\"PropertyValueSpecification\",\"valueRequired\":true,\"valueName\":\"search_term_string\"}}],\"inLanguage\":\"de\"},{\"@type\":\"Organization\",\"@id\":\"https:\\\/\\\/www.zurbrueggen.de\\\/magazin\\\/#organization\",\"name\":\"Zurbr\u00fcggen Wohn-Zentrum GmbH\",\"url\":\"https:\\\/\\\/www.zurbrueggen.de\\\/magazin\\\/\",\"logo\":{\"@type\":\"ImageObject\",\"inLanguage\":\"de\",\"@id\":\"https:\\\/\\\/www.zurbrueggen.de\\\/magazin\\\/#\\\/schema\\\/logo\\\/image\\\/\",\"url\":\"https:\\\/\\\/www.zurbrueggen.de\\\/magazin\\\/wp-content\\\/uploads\\\/2016\\\/07\\\/logo_zurbrueggen.png\",\"contentUrl\":\"https:\\\/\\\/www.zurbrueggen.de\\\/magazin\\\/wp-content\\\/uploads\\\/2016\\\/07\\\/logo_zurbrueggen.png\",\"width\":400,\"height\":107,\"caption\":\"Zurbr\u00fcggen Wohn-Zentrum GmbH\"},\"image\":{\"@id\":\"https:\\\/\\\/www.zurbrueggen.de\\\/magazin\\\/#\\\/schema\\\/logo\\\/image\\\/\"},\"sameAs\":[\"https:\\\/\\\/facebook.com\\\/zurbrueggen\",\"https:\\\/\\\/x.com\\\/Zurbrueggen\"]},{\"@type\":\"Person\",\"@id\":\"https:\\\/\\\/www.zurbrueggen.de\\\/magazin\\\/#\\\/schema\\\/person\\\/07170b1da6f7876ac78e450b9a3ed3d6\",\"name\":\"Linda Wolfgart\",\"image\":{\"@type\":\"ImageObject\",\"inLanguage\":\"de\",\"@id\":\"https:\\\/\\\/secure.gravatar.com\\\/avatar\\\/f84173980fbd4382d8c0ae77c07dbf27a65219dbdadb5b039dab209120bb5c55?s=96&d=mm&r=g\",\"url\":\"https:\\\/\\\/secure.gravatar.com\\\/avatar\\\/f84173980fbd4382d8c0ae77c07dbf27a65219dbdadb5b039dab209120bb5c55?s=96&d=mm&r=g\",\"contentUrl\":\"https:\\\/\\\/secure.gravatar.com\\\/avatar\\\/f84173980fbd4382d8c0ae77c07dbf27a65219dbdadb5b039dab209120bb5c55?s=96&d=mm&r=g\",\"caption\":\"Linda Wolfgart\"},\"url\":\"https:\\\/\\\/www.zurbrueggen.de\\\/magazin\\\/author\\\/l_junowicz\\\/\"}]}<\/script>\n<!-- \/ Yoast SEO plugin. -->","yoast_head_json":{"title":"Wohnen wie am Mittelmeer &#8211; Zurbr\u00fcggen magazin","description":"Bringen Sie den leichten, mediterranen Einrichtungsstil mit ausgesuchten M\u00f6beln, einem passenden Farbkonzept und stimmiger Dekoration nach Hause.","robots":{"index":"index","follow":"follow","max-snippet":"max-snippet:-1","max-image-preview":"max-image-preview:large","max-video-preview":"max-video-preview:-1"},"canonical":"https:\/\/www.zurbrueggen.de\/magazin\/wohnen-wie-am-mittelmeer\/","og_locale":"de_DE","og_type":"article","og_title":"La dolce vita","og_description":"Wer tr\u00e4umt nicht vom Zauber des S\u00fcdens? Bringe den leichten, mediterranen Einrichtungsstil mit ausgesuchten M\u00f6beln, einem passenden Farbkonzept und stimmiger Dekoration in dein Zuhause.","og_url":"https:\/\/www.zurbrueggen.de\/magazin\/wohnen-wie-am-mittelmeer\/","og_site_name":"Zurbr\u00fcggen magazin","article_publisher":"https:\/\/facebook.com\/zurbrueggen","article_published_time":"2017-07-31T07:01:05+00:00","article_modified_time":"2019-08-06T10:31:39+00:00","og_image":[{"width":1200,"height":675,"url":"https:\/\/www.zurbrueggen.de\/magazin\/wp-content\/uploads\/2017\/07\/magazin-dolce-vita-03-cta.jpg","type":"image\/jpeg"}],"author":"Linda Wolfgart","schema":{"@context":"https:\/\/schema.org","@graph":[{"@type":"Article","@id":"https:\/\/www.zurbrueggen.de\/magazin\/wohnen-wie-am-mittelmeer\/#article","isPartOf":{"@id":"https:\/\/www.zurbrueggen.de\/magazin\/wohnen-wie-am-mittelmeer\/"},"author":{"name":"Linda Wolfgart","@id":"https:\/\/www.zurbrueggen.de\/magazin\/#\/schema\/person\/07170b1da6f7876ac78e450b9a3ed3d6"},"headline":"Wohnen wie am Mittelmeer","datePublished":"2017-07-31T07:01:05+00:00","dateModified":"2019-08-06T10:31:39+00:00","mainEntityOfPage":{"@id":"https:\/\/www.zurbrueggen.de\/magazin\/wohnen-wie-am-mittelmeer\/"},"wordCount":559,"commentCount":0,"publisher":{"@id":"https:\/\/www.zurbrueggen.de\/magazin\/#organization"},"image":{"@id":"https:\/\/www.zurbrueggen.de\/magazin\/wohnen-wie-am-mittelmeer\/#primaryimage"},"thumbnailUrl":"https:\/\/www.zurbrueggen.de\/magazin\/wp-content\/uploads\/2017\/07\/magazin-dolce-vita-01-cta.jpg","articleSection":["Alle Artikel","wohn- \/ esszimmer","Wohnwelten"],"inLanguage":"de","potentialAction":[{"@type":"CommentAction","name":"Comment","target":["https:\/\/www.zurbrueggen.de\/magazin\/wohnen-wie-am-mittelmeer\/#respond"]}]},{"@type":"WebPage","@id":"https:\/\/www.zurbrueggen.de\/magazin\/wohnen-wie-am-mittelmeer\/","url":"https:\/\/www.zurbrueggen.de\/magazin\/wohnen-wie-am-mittelmeer\/","name":"Wohnen wie am Mittelmeer &#8211; Zurbr\u00fcggen magazin","isPartOf":{"@id":"https:\/\/www.zurbrueggen.de\/magazin\/#website"},"primaryImageOfPage":{"@id":"https:\/\/www.zurbrueggen.de\/magazin\/wohnen-wie-am-mittelmeer\/#primaryimage"},"image":{"@id":"https:\/\/www.zurbrueggen.de\/magazin\/wohnen-wie-am-mittelmeer\/#primaryimage"},"thumbnailUrl":"https:\/\/www.zurbrueggen.de\/magazin\/wp-content\/uploads\/2017\/07\/magazin-dolce-vita-01-cta.jpg","datePublished":"2017-07-31T07:01:05+00:00","dateModified":"2019-08-06T10:31:39+00:00","description":"Bringen Sie den leichten, mediterranen Einrichtungsstil mit ausgesuchten M\u00f6beln, einem passenden Farbkonzept und stimmiger Dekoration nach Hause.","breadcrumb":{"@id":"https:\/\/www.zurbrueggen.de\/magazin\/wohnen-wie-am-mittelmeer\/#breadcrumb"},"inLanguage":"de","potentialAction":[{"@type":"ReadAction","target":["https:\/\/www.zurbrueggen.de\/magazin\/wohnen-wie-am-mittelmeer\/"]}]},{"@type":"ImageObject","inLanguage":"de","@id":"https:\/\/www.zurbrueggen.de\/magazin\/wohnen-wie-am-mittelmeer\/#primaryimage","url":"https:\/\/www.zurbrueggen.de\/magazin\/wp-content\/uploads\/2017\/07\/magazin-dolce-vita-01-cta.jpg","contentUrl":"https:\/\/www.zurbrueggen.de\/magazin\/wp-content\/uploads\/2017\/07\/magazin-dolce-vita-01-cta.jpg","width":1200,"height":675,"caption":"magazin-dolce-vita-01-cta"},{"@type":"BreadcrumbList","@id":"https:\/\/www.zurbrueggen.de\/magazin\/wohnen-wie-am-mittelmeer\/#breadcrumb","itemListElement":[{"@type":"ListItem","position":1,"name":"Startseite","item":"https:\/\/www.zurbrueggen.de\/magazin\/"},{"@type":"ListItem","position":2,"name":"Wohnen wie am Mittelmeer"}]},{"@type":"WebSite","@id":"https:\/\/www.zurbrueggen.de\/magazin\/#website","url":"https:\/\/www.zurbrueggen.de\/magazin\/","name":"Zurbr\u00fcggen magazin","description":"DESIGN \u2022 STYLE \u2022 LIVING","publisher":{"@id":"https:\/\/www.zurbrueggen.de\/magazin\/#organization"},"potentialAction":[{"@type":"SearchAction","target":{"@type":"EntryPoint","urlTemplate":"https:\/\/www.zurbrueggen.de\/magazin\/?s={search_term_string}"},"query-input":{"@type":"PropertyValueSpecification","valueRequired":true,"valueName":"search_term_string"}}],"inLanguage":"de"},{"@type":"Organization","@id":"https:\/\/www.zurbrueggen.de\/magazin\/#organization","name":"Zurbr\u00fcggen Wohn-Zentrum GmbH","url":"https:\/\/www.zurbrueggen.de\/magazin\/","logo":{"@type":"ImageObject","inLanguage":"de","@id":"https:\/\/www.zurbrueggen.de\/magazin\/#\/schema\/logo\/image\/","url":"https:\/\/www.zurbrueggen.de\/magazin\/wp-content\/uploads\/2016\/07\/logo_zurbrueggen.png","contentUrl":"https:\/\/www.zurbrueggen.de\/magazin\/wp-content\/uploads\/2016\/07\/logo_zurbrueggen.png","width":400,"height":107,"caption":"Zurbr\u00fcggen Wohn-Zentrum GmbH"},"image":{"@id":"https:\/\/www.zurbrueggen.de\/magazin\/#\/schema\/logo\/image\/"},"sameAs":["https:\/\/facebook.com\/zurbrueggen","https:\/\/x.com\/Zurbrueggen"]},{"@type":"Person","@id":"https:\/\/www.zurbrueggen.de\/magazin\/#\/schema\/person\/07170b1da6f7876ac78e450b9a3ed3d6","name":"Linda Wolfgart","image":{"@type":"ImageObject","inLanguage":"de","@id":"https:\/\/secure.gravatar.com\/avatar\/f84173980fbd4382d8c0ae77c07dbf27a65219dbdadb5b039dab209120bb5c55?s=96&d=mm&r=g","url":"https:\/\/secure.gravatar.com\/avatar\/f84173980fbd4382d8c0ae77c07dbf27a65219dbdadb5b039dab209120bb5c55?s=96&d=mm&r=g","contentUrl":"https:\/\/secure.gravatar.com\/avatar\/f84173980fbd4382d8c0ae77c07dbf27a65219dbdadb5b039dab209120bb5c55?s=96&d=mm&r=g","caption":"Linda Wolfgart"},"url":"https:\/\/www.zurbrueggen.de\/magazin\/author\/l_junowicz\/"}]}},"_links":{"self":[{"href":"https:\/\/www.zurbrueggen.de\/magazin\/wp-json\/wp\/v2\/posts\/1836","targetHints":{"allow":["GET"]}}],"collection":[{"href":"https:\/\/www.zurbrueggen.de\/magazin\/wp-json\/wp\/v2\/posts"}],"about":[{"href":"https:\/\/www.zurbrueggen.de\/magazin\/wp-json\/wp\/v2\/types\/post"}],"author":[{"embeddable":true,"href":"https:\/\/www.zurbrueggen.de\/magazin\/wp-json\/wp\/v2\/users\/20"}],"replies":[{"embeddable":true,"href":"https:\/\/www.zurbrueggen.de\/magazin\/wp-json\/wp\/v2\/comments?post=1836"}],"version-history":[{"count":18,"href":"https:\/\/www.zurbrueggen.de\/magazin\/wp-json\/wp\/v2\/posts\/1836\/revisions"}],"predecessor-version":[{"id":4369,"href":"https:\/\/www.zurbrueggen.de\/magazin\/wp-json\/wp\/v2\/posts\/1836\/revisions\/4369"}],"wp:featuredmedia":[{"embeddable":true,"href":"https:\/\/www.zurbrueggen.de\/magazin\/wp-json\/wp\/v2\/media\/1847"}],"wp:attachment":[{"href":"https:\/\/www.zurbrueggen.de\/magazin\/wp-json\/wp\/v2\/media?parent=1836"}],"wp:term":[{"taxonomy":"category","embeddable":true,"href":"https:\/\/www.zurbrueggen.de\/magazin\/wp-json\/wp\/v2\/categories?post=1836"},{"taxonomy":"post_tag","embeddable":true,"href":"https:\/\/www.zurbrueggen.de\/magazin\/wp-json\/wp\/v2\/tags?post=1836"}],"curies":[{"name":"wp","href":"https:\/\/api.w.org\/{rel}","templated":true}]}}