{"id":1668,"date":"2017-05-22T15:35:21","date_gmt":"2017-05-22T13:35:21","guid":{"rendered":"https:\/\/www.zurbrueggen.de\/magazin\/?p=1668"},"modified":"2019-12-05T14:19:33","modified_gmt":"2019-12-05T13:19:33","slug":"die-zurbrueggen-wg-ii-wohn-esszimmer","status":"publish","type":"post","link":"https:\/\/www.zurbrueggen.de\/magazin\/die-zurbrueggen-wg-ii-wohn-esszimmer\/","title":{"rendered":"Die Zurbr\u00fcggen WG II &#8211; Wohn-\/Esszimmer"},"content":{"rendered":"<figure id=\"attachment_1671\" aria-describedby=\"caption-attachment-1671\" style=\"width: 1200px\" class=\"wp-caption alignnone\"><img loading=\"lazy\" decoding=\"async\" class=\"size-full wp-image-1671\" src=\"https:\/\/www.zurbrueggen.de\/magazin\/wp-content\/uploads\/2017\/05\/magazin-wg-II-zurbrueggen-set-034.jpg\" alt=\"Z2 - Wohnbereich\" width=\"1200\" height=\"675\" srcset=\"https:\/\/www.zurbrueggen.de\/magazin\/wp-content\/uploads\/2017\/05\/magazin-wg-II-zurbrueggen-set-034.jpg 1200w, https:\/\/www.zurbrueggen.de\/magazin\/wp-content\/uploads\/2017\/05\/magazin-wg-II-zurbrueggen-set-034-300x169.jpg 300w, https:\/\/www.zurbrueggen.de\/magazin\/wp-content\/uploads\/2017\/05\/magazin-wg-II-zurbrueggen-set-034-768x432.jpg 768w, https:\/\/www.zurbrueggen.de\/magazin\/wp-content\/uploads\/2017\/05\/magazin-wg-II-zurbrueggen-set-034-1024x576.jpg 1024w, https:\/\/www.zurbrueggen.de\/magazin\/wp-content\/uploads\/2017\/05\/magazin-wg-II-zurbrueggen-set-034-665x374.jpg 665w, https:\/\/www.zurbrueggen.de\/magazin\/wp-content\/uploads\/2017\/05\/magazin-wg-II-zurbrueggen-set-034-462x260.jpg 462w\" sizes=\"auto, (max-width: 1200px) 100vw, 1200px\" \/><figcaption id=\"caption-attachment-1671\" class=\"wp-caption-text\">Z2 &#8211; Wohnbereich<\/figcaption><\/figure>\n<p><span class=\"vorschau\" style=\"font-family: 'Roboto Slab'; font-size: 22px; line-height: 34px; font-weight: 300; margin-top: 40px;\">Inspirationen zur M\u00f6blierung der neuen Wohnung, aktuelle Wohntrends oder Tipps f\u00fcrs Einrichten mit einem begrenzten Budget.\u00a0In dieser Serie werden wir f\u00fcr Sie diesen Monat das Wohn- und Esszimmer in unserer Zurbr\u00fcggen WG einrichten.\u00a0Seien Sie gespannt auf moderne Designs und wechselnde Stile f\u00fcr jedes Portemonnaie.<\/span><\/p>\n<p><!--more--><\/p>\n<p>&nbsp;<\/p>\n<h2><span class=\"subheading\" style=\"font-family: 'Roboto Slab', sans-serif; font-size: 20px; margin-top: 40px; font-weight: 400; text-transform: none; margin-left: 12.5%;\">Die Zurbr\u00fcggen WG<\/span><\/h2>\n<p><span class=\"fliesstext\" style=\"font-family: Roboto, sans-serif; font-size: 16px; line-height: 24px; font-weight: 400;\">Die Zurbr\u00fcggen WG hat eine sch\u00f6ne, kleine Wohnung im Kreuzviertel von Dortmund bezogen.\u00a0Nun soll der Wohn- und Essbereich eingerichtet werden. Es ist nicht nur der gr\u00f6\u00dfte Raum, sondern wird von jedem genutzt.\u00a0Daher ist es sehr wichtig, dass sich alle mit dem Stilmix identifizieren k\u00f6nnen und wohlf\u00fchlen \u2013 mit dem folgenden Stilmix ist dies\u00a0hervorragend gelungen.<\/span><\/p>\n<p>&nbsp;<\/p>\n<h2><span class=\"subheading\" style=\"font-family: 'Roboto Slab', sans-serif; font-size: 20px; margin-top: 40px; font-weight: 400; text-transform: none; margin-left: 12.5%;\">Der Essbereich<\/span><\/h2>\n<p><span class=\"fliesstext\" style=\"font-family: Roboto, sans-serif; font-size: 16px; line-height: 24px; font-weight: 400;\">Der gro\u00dfz\u00fcgige Essbereich mit den Regalen und dem Highboard im Ethno-Stil wurde von Victoria und Roland gestaltet.\u00a0Dadurch\u00a0vermittelt der Raum eine warme und herzliche Atmosph\u00e4re ohne dabei verspielt zu wirken. Zum Verweilen l\u00e4dt die gro\u00dfe Tafel aus Massivholz ein \u2013 gerade f\u00fcr gemeinsame Abende der perfekte Ort.\u00a0Zudem lockern die verschieden\u00a0gestylte St\u00fchle das Ambiente auf und sind extrem bequem. Das Sitzsofa bietet nicht nur ausreichend Sitzfl\u00e4che, sondern ist zudem variabel ist und derzeit total angesagt.<\/span><\/p>\n<p>&nbsp;<\/p>\n<figure id=\"attachment_1673\" aria-describedby=\"caption-attachment-1673\" style=\"width: 1200px\" class=\"wp-caption alignnone\"><img loading=\"lazy\" decoding=\"async\" class=\"size-full wp-image-1673\" src=\"https:\/\/www.zurbrueggen.de\/magazin\/wp-content\/uploads\/2017\/05\/magazin-wg-II-zurbrueggen-set-036.jpg\" alt=\"Z2 - Essbereich\" width=\"1200\" height=\"675\" srcset=\"https:\/\/www.zurbrueggen.de\/magazin\/wp-content\/uploads\/2017\/05\/magazin-wg-II-zurbrueggen-set-036.jpg 1200w, https:\/\/www.zurbrueggen.de\/magazin\/wp-content\/uploads\/2017\/05\/magazin-wg-II-zurbrueggen-set-036-300x169.jpg 300w, https:\/\/www.zurbrueggen.de\/magazin\/wp-content\/uploads\/2017\/05\/magazin-wg-II-zurbrueggen-set-036-768x432.jpg 768w, https:\/\/www.zurbrueggen.de\/magazin\/wp-content\/uploads\/2017\/05\/magazin-wg-II-zurbrueggen-set-036-1024x576.jpg 1024w, https:\/\/www.zurbrueggen.de\/magazin\/wp-content\/uploads\/2017\/05\/magazin-wg-II-zurbrueggen-set-036-665x374.jpg 665w, https:\/\/www.zurbrueggen.de\/magazin\/wp-content\/uploads\/2017\/05\/magazin-wg-II-zurbrueggen-set-036-462x260.jpg 462w\" sizes=\"auto, (max-width: 1200px) 100vw, 1200px\" \/><figcaption id=\"caption-attachment-1673\" class=\"wp-caption-text\">Z2 &#8211; Essbereich<\/figcaption><\/figure>\n<h2><span class=\"subheading\" style=\"font-family: 'Roboto Slab', sans-serif; font-size: 20px; margin-top: 40px; font-weight: 400; text-transform: none; margin-left: 12.5%;\">Der Wohnbereich<\/span><\/h2>\n<p><span class=\"fliesstext\" style=\"font-family: Roboto, sans-serif; font-size: 16px; line-height: 24px; font-weight: 400;\">Nadja und Gerrit haben sich derweil dem loungigem Wohnbereich gewidmet, das den Ethno-Style des Essbereiches Widerspiegeln soll. Dies ist mit dem goldenen Couchtisch mit seinem verspielten Design sehr gelungen. Der gro\u00dfe Ohrensessel bringt Gem\u00fctlichkeit und britisches Flair in den Wohnbereich. Um Kontrast zu schaffen, hat Nadja die total bequeme Sofa-Landschaft im klassisch modernen Stil durchgesetzt.\u00a0Die klaren Linien geben dem Raum Struktur, das trendige Gelbgr\u00fcn geben dem Raum einen Hauch Frische.<\/span><\/p>\n<p>&nbsp;<\/p>\n<h2><span class=\"subheading\" style=\"font-family: 'Roboto Slab', sans-serif; font-size: 20px; margin-top: 40px; font-weight: 400; text-transform: none; margin-left: 12.5%;\">6 Tipps zur optimalen Gestaltung des Wohn-\/Esszimmers<\/span><\/h2>\n<p><span class=\"fliesstext\" style=\"font-family: Roboto, sans-serif; font-size: 16px; line-height: 24px; font-weight: 400;\">Nicht immer ist die K\u00fcche daf\u00fcr geeignet gesellig beisammen zu sitzen und zu essen. Eine gute Alternative bietet\u00a0das Wohnzimmer. Hier kann man wunderbar einen Essbereich einrichten. Wir haben Ihnen 6\u00a0Tipps zusammengestellt, damit der neue Wohn-\/Essbereich auch zu einer Wohlf\u00fchloase wird.<\/span><\/p>\n<p>&nbsp;<\/p>\n<hr \/>\n<ul>\n<li>Flexible L\u00f6sungen finden z. B. Ausziehtische oder Klappst\u00fchle<\/li>\n<li>N\u00e4he zur K\u00fcche beachten<\/li>\n<li>Raumtrenner einsetzen z. B. offene Regale<\/li>\n<li><a href=\"https:\/\/www.zurbrueggen.de\/magazin\/teppiche-atmosphaere-pur\/\">Optische Trennung z. B. durch Teppiche\/Bodenbel\u00e4ge<\/a><\/li>\n<li><a href=\"https:\/\/www.zurbrueggen.de\/magazin\/stimmungsvoll-wohnen\/\">Mit Farben arbeiten<\/a><\/li>\n<li><a href=\"https:\/\/www.zurbrueggen.de\/magazin\/der-schoene-schein\/\">Auf eine optimale Beleuchtung achten<\/a><\/li>\n<\/ul>\n<hr \/>\n<p>&nbsp;<\/p>\n<h3 style=\"text-align: center;\"><\/h3>\n<p>&nbsp;<\/p>\n<h2 style=\"text-align: center;\"><span class=\"subheading\" style=\"font-family: 'Roboto Slab', sans-serif; font-size: 20px; margin-top: 40px; font-weight: 400; text-transform: none;\">Hier finden Sie die Produkte zum Nachshoppen\u00a0<\/span><\/h2>\n<p>&nbsp;<\/p>\n<style type=\"text\/css\" scoped>.roboGalleryLoaderSpinner{\r\n\tmargin: 50px auto;\r\n\twidth: 50px;\r\n\theight: 40px;\r\n\ttext-align: center;\r\n\tfont-size: 10px;\r\n}\r\n.roboGalleryLoaderSpinner > div{\r\n  background-color: #333;\r\n  height: 100%;\r\n  width: 6px;\r\n  display: inline-block;\r\n\r\n  -webkit-animation: roboGalleryLoader-stretchdelay 1.2s infinite ease-in-out;\r\n  animation: roboGalleryLoader-stretchdelay 1.2s infinite ease-in-out;\r\n}\r\n.roboGalleryLoaderSpinner .roboGalleryLoaderRect2 {\r\n  -webkit-animation-delay: -1.1s;\r\n  animation-delay: -1.1s;\r\n}\r\n.roboGalleryLoaderSpinner .roboGalleryLoaderRect3 {\r\n  -webkit-animation-delay: -1.0s;\r\n  animation-delay: -1.0s;\r\n}\r\n.roboGalleryLoaderSpinner .roboGalleryLoaderRect4 {\r\n  -webkit-animation-delay: -0.9s;\r\n  animation-delay: -0.9s;\r\n}\r\n.roboGalleryLoaderSpinner .roboGalleryLoaderRect5 {\r\n  -webkit-animation-delay: -0.8s;\r\n  animation-delay: -0.8s;\r\n}\r\n@-webkit-keyframes roboGalleryLoader-stretchdelay {\r\n  0%, 40%, 100% { -webkit-transform: scaleY(0.4) }  \r\n  20% { -webkit-transform: scaleY(1.0) }\r\n}\r\n@keyframes roboGalleryLoader-stretchdelay {\r\n  0%, 40%, 100% { \r\n    transform: scaleY(0.4);\r\n    -webkit-transform: scaleY(0.4);\r\n  }  20% { \r\n    transform: scaleY(1.0);\r\n    -webkit-transform: scaleY(1.0);\r\n  }\r\n}<\/style><div id=\"robo_gallery_loading_rbs_gallery_69f1934311451\" class=\"roboGalleryLoaderSpinner\"><div class=\"roboGalleryLoaderRect1\"><\/div> <div class=\"roboGalleryLoaderRect2\"><\/div> <div class=\"roboGalleryLoaderRect3\"><\/div> <div class=\"roboGalleryLoaderRect4\"><\/div> <div class=\"roboGalleryLoaderRect5\"><\/div><\/div><div id=\"robo_gallery_main_block_rbs_gallery_69f1934311451\" style=\"width:100%;  display: none;\"><div>        <\/div><div id=\"rbs_gallery_69f1934311451\" data-options=\"rbs_gallery_69f1934311451\" style=\"width:100%;\" class=\"robo_gallery\"><div class=\"rbs-img category1689 \"  data-columns=\"1\" ><div class=\"rbs-img-image  rbs-lightbox\"   ><div data-thumbnail=\"https:\/\/www.zurbrueggen.de\/magazin\/wp-content\/uploads\/2017\/05\/0953615_695_695_80.jpg\" title=\"Z2 Armlehnstuhl NORA Kunstleder\" data-width=\"665\" data-height=\"665\" ><\/div><div data-popup=\"https:\/\/www.zurbrueggen.de\/shop\/zurbrueggen-armlehnstuhl-nora-5237.html\" data-type=\"link\" data-alt=\"Z2 Armlehnstuhl NORA Kunstleder\" title=\"Z2 Armlehnstuhl NORA Kunstleder\" ><\/div><div class=\"thumbnail-overlay\"><div class=\"rbsTitle \">Z2 Armlehnstuhl NORA Kunstleder<\/div><\/div><\/div><\/div><div class=\"rbs-img category1689 \"  data-columns=\"1\" ><div class=\"rbs-img-image  rbs-lightbox\"   ><div data-thumbnail=\"https:\/\/www.zurbrueggen.de\/magazin\/wp-content\/uploads\/2017\/05\/0968734_695_695_80.jpg\" title=\"Z2 Highboard CAROLINA\" data-width=\"665\" data-height=\"665\" ><\/div><div data-popup=\"https:\/\/www.zurbrueggen.de\/shop\/zurbrueggen-highboard-carolina.html\" data-type=\"link\" data-alt=\"Z2 Highboard CAROLINA\" title=\"Z2 Highboard CAROLINA\" ><\/div><div class=\"thumbnail-overlay\"><div class=\"rbsTitle \">Z2 Highboard CAROLINA<\/div><\/div><\/div><\/div><div class=\"rbs-img category1689 \"  data-columns=\"1\" ><div class=\"rbs-img-image  rbs-lightbox\"   ><div data-thumbnail=\"https:\/\/www.zurbrueggen.de\/magazin\/wp-content\/uploads\/2017\/05\/1010325_695_695_80.jpg\" title=\"Z2 Armlehnstuhl NORA\" data-width=\"665\" data-height=\"665\" ><\/div><div data-popup=\"https:\/\/www.zurbrueggen.de\/shop\/zurbrueggen-armlehnstuhl-nora-5250.html\" data-type=\"link\" data-alt=\"Z2 Armlehnstuhl NORA\" title=\"Z2 Armlehnstuhl NORA\" ><\/div><div class=\"thumbnail-overlay\"><div class=\"rbsTitle \">Z2 Armlehnstuhl NORA<\/div><\/div><\/div><\/div><div class=\"rbs-img category1689 \"  data-columns=\"1\" ><div class=\"rbs-img-image  rbs-lightbox\"   ><div data-thumbnail=\"https:\/\/www.zurbrueggen.de\/magazin\/wp-content\/uploads\/2017\/05\/1028011_002_695_695_80.jpg\" title=\"Z2 Ohrensessel PEDRO\" data-width=\"665\" data-height=\"665\" ><\/div><div data-popup=\"https:\/\/www.zurbrueggen.de\/shop\/z2-ohrensessel-pedro.html\" data-type=\"link\" data-alt=\"Z2 Ohrensessel PEDRO\" title=\"Z2 Ohrensessel PEDRO\" ><\/div><div class=\"thumbnail-overlay\"><div class=\"rbsTitle \">Z2 Ohrensessel PEDRO<\/div><\/div><\/div><\/div><\/div><div>        <\/div><\/div><script>var rbs_gallery_69f1934311451 = {\"filterContainer\": \"#rbs_gallery_69f1934311451filter\", \"loadingContainer\": \"#robo_gallery_loading_rbs_gallery_69f1934311451\", \"mainContainer\": \"#robo_gallery_main_block_rbs_gallery_69f1934311451\", \"touch\": 1, \"lightboxOptions\": { gallery: { enabled: true, tCounter: \"%curr% of %total%\" } }, \"columns\": 4, \"columnWidth\": \"auto\", \"resolutions\": [{\"columnWidth\": \"auto\" , \"columns\":3 , \"maxWidth\": 960} , {\"columnWidth\": \"auto\" , \"columns\":2 , \"maxWidth\": 650} , {\"columnWidth\": \"auto\" , \"columns\":1 , \"maxWidth\": 450}], \"lightboxOptions\": { image: { verticalFit: true }, mainClass: \"my-mfp-slide-bottom mfp-img-mobile\" }, \"overlayEffect\": \"direction-aware-fade\", \"boxesToLoadStart\": 50, \"boxesToLoad\": 50, \"lazyLoad\": false, \"waitUntilThumbLoads\": false, \"waitForAllThumbsNoMatterWhat\": false, \"deepLinking\": false, \"LoadingWord\": \"Loading...\", \"loadMoreWord\": \"Load More\", \"loadMoreClass\": \"button-border-caution \", \"noMoreEntriesWord\": \"No More Entries\", \"horizontalSpaceBetweenBoxes\": 15, \"verticalSpaceBetweenBoxes\": 15}, rbs_gallery_69f1934311451_css = \"body .mfp-ready.mfp-bg{background-color: rgba(11, 11, 11, 0.8);}#rbs_gallery_69f1934311451 .rbs-img-container{ -webkit-border-radius: 5px; -moz-border-radius: 5px; border-radius: 5px;}#rbs_gallery_69f1934311451 .rbsTitle{ font-size:16px; line-height:100%; color:rgb(255, 255, 255); font-weight:bold;}#rbs_gallery_69f1934311451 .rbsTitle:hover{color:rgb(255, 255, 255);}#rbs_gallery_69f1934311451 .thumbnail-overlay{background:rgba(7, 7, 7, 0.5);}#rbs_gallery_69f1934311451 .image-with-dimensions{background-color: rgb(255, 255, 255);}body .mfp-title, body .mfp-counter{color: rgb(243, 243, 243);}\",roboGalleryDelay = 0; head = document.head || document.getElementsByTagName(\"head\")[0], style = document.createElement(\"style\"); style.type = \"text\/css\"; if (style.styleSheet) style.styleSheet.cssText = rbs_gallery_69f1934311451_css; \telse  style.appendChild(document.createTextNode(rbs_gallery_69f1934311451_css)); head.appendChild(style);<\/script>\n<style type=\"text\/css\" scoped>.roboGalleryLoaderSpinner{\r\n\tmargin: 50px auto;\r\n\twidth: 50px;\r\n\theight: 40px;\r\n\ttext-align: center;\r\n\tfont-size: 10px;\r\n}\r\n.roboGalleryLoaderSpinner > div{\r\n  background-color: #333;\r\n  height: 100%;\r\n  width: 6px;\r\n  display: inline-block;\r\n\r\n  -webkit-animation: roboGalleryLoader-stretchdelay 1.2s infinite ease-in-out;\r\n  animation: roboGalleryLoader-stretchdelay 1.2s infinite ease-in-out;\r\n}\r\n.roboGalleryLoaderSpinner .roboGalleryLoaderRect2 {\r\n  -webkit-animation-delay: -1.1s;\r\n  animation-delay: -1.1s;\r\n}\r\n.roboGalleryLoaderSpinner .roboGalleryLoaderRect3 {\r\n  -webkit-animation-delay: -1.0s;\r\n  animation-delay: -1.0s;\r\n}\r\n.roboGalleryLoaderSpinner .roboGalleryLoaderRect4 {\r\n  -webkit-animation-delay: -0.9s;\r\n  animation-delay: -0.9s;\r\n}\r\n.roboGalleryLoaderSpinner .roboGalleryLoaderRect5 {\r\n  -webkit-animation-delay: -0.8s;\r\n  animation-delay: -0.8s;\r\n}\r\n@-webkit-keyframes roboGalleryLoader-stretchdelay {\r\n  0%, 40%, 100% { -webkit-transform: scaleY(0.4) }  \r\n  20% { -webkit-transform: scaleY(1.0) }\r\n}\r\n@keyframes roboGalleryLoader-stretchdelay {\r\n  0%, 40%, 100% { \r\n    transform: scaleY(0.4);\r\n    -webkit-transform: scaleY(0.4);\r\n  }  20% { \r\n    transform: scaleY(1.0);\r\n    -webkit-transform: scaleY(1.0);\r\n  }\r\n}<\/style><div id=\"robo_gallery_loading_rbs_gallery_69f19343166b1\" class=\"roboGalleryLoaderSpinner\"><div class=\"roboGalleryLoaderRect1\"><\/div> <div class=\"roboGalleryLoaderRect2\"><\/div> <div class=\"roboGalleryLoaderRect3\"><\/div> <div class=\"roboGalleryLoaderRect4\"><\/div> <div class=\"roboGalleryLoaderRect5\"><\/div><\/div><div id=\"robo_gallery_main_block_rbs_gallery_69f19343166b1\" style=\"width:100%;  display: none;\"><div>        <\/div><div id=\"rbs_gallery_69f19343166b1\" data-options=\"rbs_gallery_69f19343166b1\" style=\"width:100%;\" class=\"robo_gallery\"><div class=\"rbs-img category1688 \"  data-columns=\"1\" ><div class=\"rbs-img-image  rbs-lightbox\"   ><div data-thumbnail=\"https:\/\/www.zurbrueggen.de\/magazin\/wp-content\/uploads\/2017\/05\/0151795_695_695_80.jpg\" title=\"StepOne Sofa Serie MANILA\" data-width=\"665\" data-height=\"665\" ><\/div><div data-popup=\"https:\/\/www.zurbrueggen.de\/shop\/stepone-sofa-serie-manila.html\" data-type=\"link\" data-alt=\"StepOne Sofa Serie MANILA\" title=\"StepOne Sofa Serie MANILA\" ><\/div><div class=\"thumbnail-overlay\"><div class=\"rbsTitle \">StepOne Sofa Serie MANILA<\/div><\/div><\/div><\/div><div class=\"rbs-img category1688 \"  data-columns=\"1\" ><div class=\"rbs-img-image  rbs-lightbox\"   ><div data-thumbnail=\"https:\/\/www.zurbrueggen.de\/magazin\/wp-content\/uploads\/2017\/05\/0976617_695_695_80.jpg\" title=\"Z2 Couchtisch ANNA\" data-width=\"665\" data-height=\"665\" ><\/div><div data-popup=\"https:\/\/www.zurbrueggen.de\/shop\/zurbrueggen-couchtisch-anna.html\" data-type=\"link\" data-alt=\"Z2 Couchtisch ANNA\" title=\"Z2 Couchtisch ANNA\" ><\/div><div class=\"thumbnail-overlay\"><div class=\"rbsTitle \">Z2 Couchtisch ANNA<\/div><\/div><\/div><\/div><div class=\"rbs-img category1688 \"  data-columns=\"1\" ><div class=\"rbs-img-image  rbs-lightbox\"   ><div data-thumbnail=\"https:\/\/www.zurbrueggen.de\/magazin\/wp-content\/uploads\/2017\/05\/1058649_695_695_80.jpg\" title=\"Zurbr\u00fcggen Stehleuchte Tre Nu\u00dfbaum\" data-width=\"665\" data-height=\"665\" ><\/div><div data-popup=\"https:\/\/www.zurbrueggen.de\/shop\/zurbrueggen-stehleuchte-tre-nussbaum.html\" data-type=\"link\" data-alt=\"Zurbr\u00fcggen Stehleuchte Tre Nu\u00dfbaum\" title=\"Zurbr\u00fcggen Stehleuchte Tre Nu\u00dfbaum\" ><\/div><div class=\"thumbnail-overlay\"><div class=\"rbsTitle \">Zurbr\u00fcggen Stehleuchte Tre Nu\u00dfbaum<\/div><\/div><\/div><\/div><div class=\"rbs-img category1688 \"  data-columns=\"1\" ><div class=\"rbs-img-image  rbs-lightbox\"   ><div data-thumbnail=\"https:\/\/www.zurbrueggen.de\/magazin\/wp-content\/uploads\/2017\/05\/0968802_695_695_80.jpg\" title=\"Z2 Regal CAROLINA\" data-width=\"665\" data-height=\"665\" ><\/div><div data-popup=\"https:\/\/www.zurbrueggen.de\/shop\/zurbrueggen-regal-carolina.html\" data-type=\"link\" data-alt=\"Z2 Regal CAROLINA\" title=\"Z2 Regal CAROLINA\" ><\/div><div class=\"thumbnail-overlay\"><div class=\"rbsTitle \">Z2 Regal CAROLINA<\/div><\/div><\/div><\/div><\/div><div>        <\/div><\/div><script>var rbs_gallery_69f19343166b1 = {\"filterContainer\": \"#rbs_gallery_69f19343166b1filter\", \"loadingContainer\": \"#robo_gallery_loading_rbs_gallery_69f19343166b1\", \"mainContainer\": \"#robo_gallery_main_block_rbs_gallery_69f19343166b1\", \"touch\": 1, \"lightboxOptions\": { gallery: { enabled: true, tCounter: \"%curr% of %total%\" } }, \"columns\": 4, \"columnWidth\": \"auto\", \"resolutions\": [{\"columnWidth\": \"auto\" , \"columns\":3 , \"maxWidth\": 960} , {\"columnWidth\": \"auto\" , \"columns\":2 , \"maxWidth\": 650} , {\"columnWidth\": \"auto\" , \"columns\":1 , \"maxWidth\": 450}], \"lightboxOptions\": { image: { verticalFit: true }, mainClass: \"my-mfp-slide-bottom mfp-img-mobile\" }, \"overlayEffect\": \"direction-aware-fade\", \"boxesToLoadStart\": 50, \"boxesToLoad\": 50, \"lazyLoad\": false, \"waitUntilThumbLoads\": false, \"waitForAllThumbsNoMatterWhat\": false, \"deepLinking\": false, \"LoadingWord\": \"Loading...\", \"loadMoreWord\": \"Load More\", \"loadMoreClass\": \"button-border-caution \", \"noMoreEntriesWord\": \"No More Entries\", \"horizontalSpaceBetweenBoxes\": 15, \"verticalSpaceBetweenBoxes\": 15}, rbs_gallery_69f19343166b1_css = \"body .mfp-ready.mfp-bg{background-color: rgba(11, 11, 11, 0.8);}#rbs_gallery_69f19343166b1 .rbs-img-container{ -webkit-border-radius: 5px; -moz-border-radius: 5px; border-radius: 5px;}#rbs_gallery_69f19343166b1 .rbsTitle{ font-size:16px; line-height:100%; color:rgb(255, 255, 255); font-weight:bold;}#rbs_gallery_69f19343166b1 .rbsTitle:hover{color:rgb(255, 255, 255);}#rbs_gallery_69f19343166b1 .thumbnail-overlay{background:rgba(7, 7, 7, 0.5);}#rbs_gallery_69f19343166b1 .image-with-dimensions{background-color: rgb(255, 255, 255);}body .mfp-title, body .mfp-counter{color: rgb(243, 243, 243);}\",roboGalleryDelay = 0; head = document.head || document.getElementsByTagName(\"head\")[0], style = document.createElement(\"style\"); style.type = \"text\/css\"; if (style.styleSheet) style.styleSheet.cssText = rbs_gallery_69f19343166b1_css; \telse  style.appendChild(document.createTextNode(rbs_gallery_69f19343166b1_css)); head.appendChild(style);<\/script>\n<style type=\"text\/css\" scoped>.roboGalleryLoaderSpinner{\r\n\tmargin: 50px auto;\r\n\twidth: 50px;\r\n\theight: 40px;\r\n\ttext-align: center;\r\n\tfont-size: 10px;\r\n}\r\n.roboGalleryLoaderSpinner > div{\r\n  background-color: #333;\r\n  height: 100%;\r\n  width: 6px;\r\n  display: inline-block;\r\n\r\n  -webkit-animation: roboGalleryLoader-stretchdelay 1.2s infinite ease-in-out;\r\n  animation: roboGalleryLoader-stretchdelay 1.2s infinite ease-in-out;\r\n}\r\n.roboGalleryLoaderSpinner .roboGalleryLoaderRect2 {\r\n  -webkit-animation-delay: -1.1s;\r\n  animation-delay: -1.1s;\r\n}\r\n.roboGalleryLoaderSpinner .roboGalleryLoaderRect3 {\r\n  -webkit-animation-delay: -1.0s;\r\n  animation-delay: -1.0s;\r\n}\r\n.roboGalleryLoaderSpinner .roboGalleryLoaderRect4 {\r\n  -webkit-animation-delay: -0.9s;\r\n  animation-delay: -0.9s;\r\n}\r\n.roboGalleryLoaderSpinner .roboGalleryLoaderRect5 {\r\n  -webkit-animation-delay: -0.8s;\r\n  animation-delay: -0.8s;\r\n}\r\n@-webkit-keyframes roboGalleryLoader-stretchdelay {\r\n  0%, 40%, 100% { -webkit-transform: scaleY(0.4) }  \r\n  20% { -webkit-transform: scaleY(1.0) }\r\n}\r\n@keyframes roboGalleryLoader-stretchdelay {\r\n  0%, 40%, 100% { \r\n    transform: scaleY(0.4);\r\n    -webkit-transform: scaleY(0.4);\r\n  }  20% { \r\n    transform: scaleY(1.0);\r\n    -webkit-transform: scaleY(1.0);\r\n  }\r\n}<\/style><div id=\"robo_gallery_loading_rbs_gallery_69f1934318666\" class=\"roboGalleryLoaderSpinner\"><div class=\"roboGalleryLoaderRect1\"><\/div> <div class=\"roboGalleryLoaderRect2\"><\/div> <div class=\"roboGalleryLoaderRect3\"><\/div> <div class=\"roboGalleryLoaderRect4\"><\/div> <div class=\"roboGalleryLoaderRect5\"><\/div><\/div><div id=\"robo_gallery_main_block_rbs_gallery_69f1934318666\" style=\"width:100%;margin: 0 auto;  display: none;\"><div>                  <\/div><div id=\"rbs_gallery_69f1934318666\" data-options=\"rbs_gallery_69f1934318666\" style=\"width:100%;\" class=\"robo_gallery\"><div class=\"rbs-img category1674 \"  data-columns=\"1\" ><div class=\"rbs-img-image  rbs-lightbox\"   ><div data-thumbnail=\"https:\/\/www.zurbrueggen.de\/magazin\/wp-content\/uploads\/2017\/05\/1036005_695_695_80.jpg\" title=\"Z2 Sofabank NORA\" data-width=\"665\" data-height=\"665\" ><\/div><div data-popup=\"https:\/\/www.zurbrueggen.de\/shop\/z2-sofabank-nora-8216.html\" data-type=\"link\" data-alt=\"Z2 Sofabank NORA\" title=\"Z2 Sofabank NORA\" ><\/div><div class=\"thumbnail-overlay\"><div class=\"rbsTitle \">Z2 Sofabank NORA<\/div><\/div><\/div><\/div><div class=\"rbs-img category1674 \"  data-columns=\"1\" ><div class=\"rbs-img-image  rbs-lightbox\"   ><div data-thumbnail=\"https:\/\/www.zurbrueggen.de\/magazin\/wp-content\/uploads\/2017\/05\/1003969_695_695_80.jpg\" title=\"Z2 Esstisch SWISS\" data-width=\"665\" data-height=\"665\" ><\/div><div data-popup=\"https:\/\/www.zurbrueggen.de\/shop\/zurbrueggen-esstisch-swiss.html\" data-type=\"link\" data-alt=\"Z2 Esstisch SWISS\" title=\"Z2 Esstisch SWISS\" ><\/div><div class=\"thumbnail-overlay\"><div class=\"rbsTitle \">Z2 Esstisch SWISS<\/div><\/div><\/div><\/div><div class=\"rbs-img category1674 \" ><div class=\"rbs-img-image  rbs-lightbox\"   ><div data-thumbnail=\"https:\/\/www.zurbrueggen.de\/magazin\/wp-content\/uploads\/2017\/05\/1035994_695_695_80.jpg\" title=\"Z2 Armlehnstuhl NORA  Multicolor-Design\" data-width=\"665\" data-height=\"665\" ><\/div><div data-popup=\"https:\/\/www.zurbrueggen.de\/magazin\/wp-content\/uploads\/2017\/05\/1035994_695_695_80.jpg\" data-alt=\"Z2 Armlehnstuhl NORA Multicolor-Design\" title=\"Z2 Armlehnstuhl NORA  Multicolor-Design\" ><\/div><div class=\"thumbnail-overlay\"><div class=\"rbsTitle \">Z2 Armlehnstuhl NORA  Multicolor-Design<\/div><\/div><\/div><\/div><\/div><div>                  <\/div><\/div><script>var rbs_gallery_69f1934318666 = {\"filterContainer\": \"#rbs_gallery_69f1934318666filter\", \"loadingContainer\": \"#robo_gallery_loading_rbs_gallery_69f1934318666\", \"mainContainer\": \"#robo_gallery_main_block_rbs_gallery_69f1934318666\", \"touch\": 1, \"lightboxOptions\": { gallery: { enabled: true, tCounter: \"%curr% of %total%\" } }, \"columns\": 3, \"columnWidth\": \"auto\", \"resolutions\": [{\"columnWidth\": \"auto\" , \"columns\":3 , \"maxWidth\": 960} , {\"columnWidth\": \"auto\" , \"columns\":2 , \"maxWidth\": 650} , {\"columnWidth\": \"auto\" , \"columns\":1 , \"maxWidth\": 450}], \"lightboxOptions\": { image: { verticalFit: true }, mainClass: \"my-mfp-slide-bottom mfp-img-mobile\" }, \"overlayEffect\": \"direction-aware-fade\", \"boxesToLoadStart\": 50, \"boxesToLoad\": 50, \"lazyLoad\": false, \"waitUntilThumbLoads\": false, \"waitForAllThumbsNoMatterWhat\": false, \"deepLinking\": false, \"LoadingWord\": \"Loading...\", \"loadMoreWord\": \"Load More\", \"loadMoreClass\": \"button-border-caution \", \"noMoreEntriesWord\": \"No More Entries\", \"horizontalSpaceBetweenBoxes\": 15, \"verticalSpaceBetweenBoxes\": 15}, rbs_gallery_69f1934318666_css = \"body .mfp-ready.mfp-bg{background-color: rgba(11, 11, 11, 0.8);}#rbs_gallery_69f1934318666 .rbs-img-container{ -webkit-border-radius: 0px; -moz-border-radius: 0px; border-radius: 0px;}#rbs_gallery_69f1934318666 .rbsTitle{ font-size:16px; line-height:100%; color:rgb(255, 255, 255); font-weight:bold;}#rbs_gallery_69f1934318666 .rbsTitle:hover{color:rgb(255, 255, 255);}#rbs_gallery_69f1934318666 .thumbnail-overlay{background:rgba(7, 7, 7, 0.5);}#rbs_gallery_69f1934318666 .image-with-dimensions{background-color: rgb(255, 255, 255);}body .mfp-title, body .mfp-counter{color: rgb(243, 243, 243);}\",roboGalleryDelay = 0; head = document.head || document.getElementsByTagName(\"head\")[0], style = document.createElement(\"style\"); style.type = \"text\/css\"; if (style.styleSheet) style.styleSheet.cssText = rbs_gallery_69f1934318666_css; \telse  style.appendChild(document.createTextNode(rbs_gallery_69f1934318666_css)); head.appendChild(style);<\/script>\n<p>&nbsp;<\/p>\n<p style=\"text-align: center;\"><a href=\"https:\/\/www.zurbrueggen.de\/magazin\/die-zurbrueggen-wg\/\">Lesen Sie hier den ersten Teil unserer Zurbr\u00fcggen WG<\/a><\/p>\n","protected":false},"excerpt":{"rendered":"<p>Inspirationen zur M\u00f6blierung der neuen Wohnung, aktuelle Wohntrends oder Tipps f\u00fcrs Einrichten mit einem begrenzten Budget.\u00a0In dieser Serie werden wir f\u00fcr Sie diesen Monat das Wohn- und Esszimmer in unserer Zurbr\u00fcggen WG einrichten.\u00a0Seien Sie gespannt auf moderne Designs und wechselnde Stile f\u00fcr jedes Portemonnaie.<\/p>\n","protected":false},"author":20,"featured_media":1672,"comment_status":"open","ping_status":"open","sticky":false,"template":"","format":"standard","meta":{"_acf_changed":false,"footnotes":""},"categories":[1,47,34],"tags":[],"class_list":["post-1668","post","type-post","status-publish","format-standard","has-post-thumbnail","hentry","category-alle-artikel","category-wohnstil","category-zuhause"],"acf":[],"yoast_head":"<!-- This site is optimized with the Yoast SEO plugin v27.4 - https:\/\/yoast.com\/product\/yoast-seo-wordpress\/ -->\n<title>Die Zurbr\u00fcggen WG II \u2013 Wohn-\/Esszimmer g\u00fcnstig einrichten<\/title>\n<meta name=\"description\" content=\"Das Wohn-\/Esszimmer ist der gr\u00f6\u00dfte Raum in der Wohnung. Diesen stimmig einzurichten ist nicht leicht \u2013 mit den folgenden Tipps gelingt das hervorragend.\" \/>\n<meta name=\"robots\" content=\"index, follow, max-snippet:-1, max-image-preview:large, max-video-preview:-1\" \/>\n<link rel=\"canonical\" href=\"https:\/\/www.zurbrueggen.de\/magazin\/die-zurbrueggen-wg-ii-wohn-esszimmer\/\" \/>\n<meta property=\"og:locale\" content=\"de_DE\" \/>\n<meta property=\"og:type\" content=\"article\" \/>\n<meta property=\"og:title\" content=\"Die Zurbr\u00fcggen WG II \u2013 Wohn-\/Esszimmer g\u00fcnstig einrichten\" \/>\n<meta property=\"og:description\" content=\"Das Wohn-\/Esszimmer ist der gr\u00f6\u00dfte Raum in der Wohnung. Diesen stimmig einzurichten ist nicht leicht \u2013 mit den folgenden Tipps gelingt das hervorragend.\" \/>\n<meta property=\"og:url\" content=\"https:\/\/www.zurbrueggen.de\/magazin\/die-zurbrueggen-wg-ii-wohn-esszimmer\/\" \/>\n<meta property=\"og:site_name\" content=\"Zurbr\u00fcggen magazin\" \/>\n<meta property=\"article:publisher\" content=\"https:\/\/facebook.com\/zurbrueggen\" \/>\n<meta property=\"article:published_time\" content=\"2017-05-22T13:35:21+00:00\" \/>\n<meta property=\"article:modified_time\" content=\"2019-12-05T13:19:33+00:00\" \/>\n<meta property=\"og:image\" content=\"https:\/\/www.zurbrueggen.de\/magazin\/wp-content\/uploads\/2017\/05\/magazin-wg-II-zurbrueggen-set-035.jpg\" \/>\n\t<meta property=\"og:image:width\" content=\"1200\" \/>\n\t<meta property=\"og:image:height\" content=\"675\" \/>\n\t<meta property=\"og:image:type\" content=\"image\/jpeg\" \/>\n<meta name=\"author\" content=\"Linda Wolfgart\" \/>\n<script type=\"application\/ld+json\" class=\"yoast-schema-graph\">{\"@context\":\"https:\\\/\\\/schema.org\",\"@graph\":[{\"@type\":\"Article\",\"@id\":\"https:\\\/\\\/www.zurbrueggen.de\\\/magazin\\\/die-zurbrueggen-wg-ii-wohn-esszimmer\\\/#article\",\"isPartOf\":{\"@id\":\"https:\\\/\\\/www.zurbrueggen.de\\\/magazin\\\/die-zurbrueggen-wg-ii-wohn-esszimmer\\\/\"},\"author\":{\"name\":\"Linda Wolfgart\",\"@id\":\"https:\\\/\\\/www.zurbrueggen.de\\\/magazin\\\/#\\\/schema\\\/person\\\/07170b1da6f7876ac78e450b9a3ed3d6\"},\"headline\":\"Die Zurbr\u00fcggen WG II &#8211; Wohn-\\\/Esszimmer\",\"datePublished\":\"2017-05-22T13:35:21+00:00\",\"dateModified\":\"2019-12-05T13:19:33+00:00\",\"mainEntityOfPage\":{\"@id\":\"https:\\\/\\\/www.zurbrueggen.de\\\/magazin\\\/die-zurbrueggen-wg-ii-wohn-esszimmer\\\/\"},\"wordCount\":428,\"commentCount\":1,\"publisher\":{\"@id\":\"https:\\\/\\\/www.zurbrueggen.de\\\/magazin\\\/#organization\"},\"image\":{\"@id\":\"https:\\\/\\\/www.zurbrueggen.de\\\/magazin\\\/die-zurbrueggen-wg-ii-wohn-esszimmer\\\/#primaryimage\"},\"thumbnailUrl\":\"https:\\\/\\\/www.zurbrueggen.de\\\/magazin\\\/wp-content\\\/uploads\\\/2017\\\/05\\\/magazin-wg-II-zurbrueggen-set-035.jpg\",\"articleSection\":[\"Alle Artikel\",\"Wohnstil\",\"zuhause\"],\"inLanguage\":\"de\",\"potentialAction\":[{\"@type\":\"CommentAction\",\"name\":\"Comment\",\"target\":[\"https:\\\/\\\/www.zurbrueggen.de\\\/magazin\\\/die-zurbrueggen-wg-ii-wohn-esszimmer\\\/#respond\"]}]},{\"@type\":\"WebPage\",\"@id\":\"https:\\\/\\\/www.zurbrueggen.de\\\/magazin\\\/die-zurbrueggen-wg-ii-wohn-esszimmer\\\/\",\"url\":\"https:\\\/\\\/www.zurbrueggen.de\\\/magazin\\\/die-zurbrueggen-wg-ii-wohn-esszimmer\\\/\",\"name\":\"Die Zurbr\u00fcggen WG II \u2013 Wohn-\\\/Esszimmer g\u00fcnstig einrichten\",\"isPartOf\":{\"@id\":\"https:\\\/\\\/www.zurbrueggen.de\\\/magazin\\\/#website\"},\"primaryImageOfPage\":{\"@id\":\"https:\\\/\\\/www.zurbrueggen.de\\\/magazin\\\/die-zurbrueggen-wg-ii-wohn-esszimmer\\\/#primaryimage\"},\"image\":{\"@id\":\"https:\\\/\\\/www.zurbrueggen.de\\\/magazin\\\/die-zurbrueggen-wg-ii-wohn-esszimmer\\\/#primaryimage\"},\"thumbnailUrl\":\"https:\\\/\\\/www.zurbrueggen.de\\\/magazin\\\/wp-content\\\/uploads\\\/2017\\\/05\\\/magazin-wg-II-zurbrueggen-set-035.jpg\",\"datePublished\":\"2017-05-22T13:35:21+00:00\",\"dateModified\":\"2019-12-05T13:19:33+00:00\",\"description\":\"Das Wohn-\\\/Esszimmer ist der gr\u00f6\u00dfte Raum in der Wohnung. Diesen stimmig einzurichten ist nicht leicht \u2013 mit den folgenden Tipps gelingt das hervorragend.\",\"breadcrumb\":{\"@id\":\"https:\\\/\\\/www.zurbrueggen.de\\\/magazin\\\/die-zurbrueggen-wg-ii-wohn-esszimmer\\\/#breadcrumb\"},\"inLanguage\":\"de\",\"potentialAction\":[{\"@type\":\"ReadAction\",\"target\":[\"https:\\\/\\\/www.zurbrueggen.de\\\/magazin\\\/die-zurbrueggen-wg-ii-wohn-esszimmer\\\/\"]}]},{\"@type\":\"ImageObject\",\"inLanguage\":\"de\",\"@id\":\"https:\\\/\\\/www.zurbrueggen.de\\\/magazin\\\/die-zurbrueggen-wg-ii-wohn-esszimmer\\\/#primaryimage\",\"url\":\"https:\\\/\\\/www.zurbrueggen.de\\\/magazin\\\/wp-content\\\/uploads\\\/2017\\\/05\\\/magazin-wg-II-zurbrueggen-set-035.jpg\",\"contentUrl\":\"https:\\\/\\\/www.zurbrueggen.de\\\/magazin\\\/wp-content\\\/uploads\\\/2017\\\/05\\\/magazin-wg-II-zurbrueggen-set-035.jpg\",\"width\":1200,\"height\":675},{\"@type\":\"BreadcrumbList\",\"@id\":\"https:\\\/\\\/www.zurbrueggen.de\\\/magazin\\\/die-zurbrueggen-wg-ii-wohn-esszimmer\\\/#breadcrumb\",\"itemListElement\":[{\"@type\":\"ListItem\",\"position\":1,\"name\":\"Startseite\",\"item\":\"https:\\\/\\\/www.zurbrueggen.de\\\/magazin\\\/\"},{\"@type\":\"ListItem\",\"position\":2,\"name\":\"Die Zurbr\u00fcggen WG II &#8211; Wohn-\\\/Esszimmer\"}]},{\"@type\":\"WebSite\",\"@id\":\"https:\\\/\\\/www.zurbrueggen.de\\\/magazin\\\/#website\",\"url\":\"https:\\\/\\\/www.zurbrueggen.de\\\/magazin\\\/\",\"name\":\"Zurbr\u00fcggen magazin\",\"description\":\"DESIGN \u2022 STYLE \u2022 LIVING\",\"publisher\":{\"@id\":\"https:\\\/\\\/www.zurbrueggen.de\\\/magazin\\\/#organization\"},\"potentialAction\":[{\"@type\":\"SearchAction\",\"target\":{\"@type\":\"EntryPoint\",\"urlTemplate\":\"https:\\\/\\\/www.zurbrueggen.de\\\/magazin\\\/?s={search_term_string}\"},\"query-input\":{\"@type\":\"PropertyValueSpecification\",\"valueRequired\":true,\"valueName\":\"search_term_string\"}}],\"inLanguage\":\"de\"},{\"@type\":\"Organization\",\"@id\":\"https:\\\/\\\/www.zurbrueggen.de\\\/magazin\\\/#organization\",\"name\":\"Zurbr\u00fcggen Wohn-Zentrum GmbH\",\"url\":\"https:\\\/\\\/www.zurbrueggen.de\\\/magazin\\\/\",\"logo\":{\"@type\":\"ImageObject\",\"inLanguage\":\"de\",\"@id\":\"https:\\\/\\\/www.zurbrueggen.de\\\/magazin\\\/#\\\/schema\\\/logo\\\/image\\\/\",\"url\":\"https:\\\/\\\/www.zurbrueggen.de\\\/magazin\\\/wp-content\\\/uploads\\\/2016\\\/07\\\/logo_zurbrueggen.png\",\"contentUrl\":\"https:\\\/\\\/www.zurbrueggen.de\\\/magazin\\\/wp-content\\\/uploads\\\/2016\\\/07\\\/logo_zurbrueggen.png\",\"width\":400,\"height\":107,\"caption\":\"Zurbr\u00fcggen Wohn-Zentrum GmbH\"},\"image\":{\"@id\":\"https:\\\/\\\/www.zurbrueggen.de\\\/magazin\\\/#\\\/schema\\\/logo\\\/image\\\/\"},\"sameAs\":[\"https:\\\/\\\/facebook.com\\\/zurbrueggen\",\"https:\\\/\\\/x.com\\\/Zurbrueggen\"]},{\"@type\":\"Person\",\"@id\":\"https:\\\/\\\/www.zurbrueggen.de\\\/magazin\\\/#\\\/schema\\\/person\\\/07170b1da6f7876ac78e450b9a3ed3d6\",\"name\":\"Linda Wolfgart\",\"image\":{\"@type\":\"ImageObject\",\"inLanguage\":\"de\",\"@id\":\"https:\\\/\\\/secure.gravatar.com\\\/avatar\\\/f84173980fbd4382d8c0ae77c07dbf27a65219dbdadb5b039dab209120bb5c55?s=96&d=mm&r=g\",\"url\":\"https:\\\/\\\/secure.gravatar.com\\\/avatar\\\/f84173980fbd4382d8c0ae77c07dbf27a65219dbdadb5b039dab209120bb5c55?s=96&d=mm&r=g\",\"contentUrl\":\"https:\\\/\\\/secure.gravatar.com\\\/avatar\\\/f84173980fbd4382d8c0ae77c07dbf27a65219dbdadb5b039dab209120bb5c55?s=96&d=mm&r=g\",\"caption\":\"Linda Wolfgart\"},\"url\":\"https:\\\/\\\/www.zurbrueggen.de\\\/magazin\\\/author\\\/l_junowicz\\\/\"}]}<\/script>\n<!-- \/ Yoast SEO plugin. -->","yoast_head_json":{"title":"Die Zurbr\u00fcggen WG II \u2013 Wohn-\/Esszimmer g\u00fcnstig einrichten","description":"Das Wohn-\/Esszimmer ist der gr\u00f6\u00dfte Raum in der Wohnung. Diesen stimmig einzurichten ist nicht leicht \u2013 mit den folgenden Tipps gelingt das hervorragend.","robots":{"index":"index","follow":"follow","max-snippet":"max-snippet:-1","max-image-preview":"max-image-preview:large","max-video-preview":"max-video-preview:-1"},"canonical":"https:\/\/www.zurbrueggen.de\/magazin\/die-zurbrueggen-wg-ii-wohn-esszimmer\/","og_locale":"de_DE","og_type":"article","og_title":"Die Zurbr\u00fcggen WG II \u2013 Wohn-\/Esszimmer g\u00fcnstig einrichten","og_description":"Das Wohn-\/Esszimmer ist der gr\u00f6\u00dfte Raum in der Wohnung. Diesen stimmig einzurichten ist nicht leicht \u2013 mit den folgenden Tipps gelingt das hervorragend.","og_url":"https:\/\/www.zurbrueggen.de\/magazin\/die-zurbrueggen-wg-ii-wohn-esszimmer\/","og_site_name":"Zurbr\u00fcggen magazin","article_publisher":"https:\/\/facebook.com\/zurbrueggen","article_published_time":"2017-05-22T13:35:21+00:00","article_modified_time":"2019-12-05T13:19:33+00:00","og_image":[{"width":1200,"height":675,"url":"https:\/\/www.zurbrueggen.de\/magazin\/wp-content\/uploads\/2017\/05\/magazin-wg-II-zurbrueggen-set-035.jpg","type":"image\/jpeg"}],"author":"Linda Wolfgart","schema":{"@context":"https:\/\/schema.org","@graph":[{"@type":"Article","@id":"https:\/\/www.zurbrueggen.de\/magazin\/die-zurbrueggen-wg-ii-wohn-esszimmer\/#article","isPartOf":{"@id":"https:\/\/www.zurbrueggen.de\/magazin\/die-zurbrueggen-wg-ii-wohn-esszimmer\/"},"author":{"name":"Linda Wolfgart","@id":"https:\/\/www.zurbrueggen.de\/magazin\/#\/schema\/person\/07170b1da6f7876ac78e450b9a3ed3d6"},"headline":"Die Zurbr\u00fcggen WG II &#8211; Wohn-\/Esszimmer","datePublished":"2017-05-22T13:35:21+00:00","dateModified":"2019-12-05T13:19:33+00:00","mainEntityOfPage":{"@id":"https:\/\/www.zurbrueggen.de\/magazin\/die-zurbrueggen-wg-ii-wohn-esszimmer\/"},"wordCount":428,"commentCount":1,"publisher":{"@id":"https:\/\/www.zurbrueggen.de\/magazin\/#organization"},"image":{"@id":"https:\/\/www.zurbrueggen.de\/magazin\/die-zurbrueggen-wg-ii-wohn-esszimmer\/#primaryimage"},"thumbnailUrl":"https:\/\/www.zurbrueggen.de\/magazin\/wp-content\/uploads\/2017\/05\/magazin-wg-II-zurbrueggen-set-035.jpg","articleSection":["Alle Artikel","Wohnstil","zuhause"],"inLanguage":"de","potentialAction":[{"@type":"CommentAction","name":"Comment","target":["https:\/\/www.zurbrueggen.de\/magazin\/die-zurbrueggen-wg-ii-wohn-esszimmer\/#respond"]}]},{"@type":"WebPage","@id":"https:\/\/www.zurbrueggen.de\/magazin\/die-zurbrueggen-wg-ii-wohn-esszimmer\/","url":"https:\/\/www.zurbrueggen.de\/magazin\/die-zurbrueggen-wg-ii-wohn-esszimmer\/","name":"Die Zurbr\u00fcggen WG II \u2013 Wohn-\/Esszimmer g\u00fcnstig einrichten","isPartOf":{"@id":"https:\/\/www.zurbrueggen.de\/magazin\/#website"},"primaryImageOfPage":{"@id":"https:\/\/www.zurbrueggen.de\/magazin\/die-zurbrueggen-wg-ii-wohn-esszimmer\/#primaryimage"},"image":{"@id":"https:\/\/www.zurbrueggen.de\/magazin\/die-zurbrueggen-wg-ii-wohn-esszimmer\/#primaryimage"},"thumbnailUrl":"https:\/\/www.zurbrueggen.de\/magazin\/wp-content\/uploads\/2017\/05\/magazin-wg-II-zurbrueggen-set-035.jpg","datePublished":"2017-05-22T13:35:21+00:00","dateModified":"2019-12-05T13:19:33+00:00","description":"Das Wohn-\/Esszimmer ist der gr\u00f6\u00dfte Raum in der Wohnung. Diesen stimmig einzurichten ist nicht leicht \u2013 mit den folgenden Tipps gelingt das hervorragend.","breadcrumb":{"@id":"https:\/\/www.zurbrueggen.de\/magazin\/die-zurbrueggen-wg-ii-wohn-esszimmer\/#breadcrumb"},"inLanguage":"de","potentialAction":[{"@type":"ReadAction","target":["https:\/\/www.zurbrueggen.de\/magazin\/die-zurbrueggen-wg-ii-wohn-esszimmer\/"]}]},{"@type":"ImageObject","inLanguage":"de","@id":"https:\/\/www.zurbrueggen.de\/magazin\/die-zurbrueggen-wg-ii-wohn-esszimmer\/#primaryimage","url":"https:\/\/www.zurbrueggen.de\/magazin\/wp-content\/uploads\/2017\/05\/magazin-wg-II-zurbrueggen-set-035.jpg","contentUrl":"https:\/\/www.zurbrueggen.de\/magazin\/wp-content\/uploads\/2017\/05\/magazin-wg-II-zurbrueggen-set-035.jpg","width":1200,"height":675},{"@type":"BreadcrumbList","@id":"https:\/\/www.zurbrueggen.de\/magazin\/die-zurbrueggen-wg-ii-wohn-esszimmer\/#breadcrumb","itemListElement":[{"@type":"ListItem","position":1,"name":"Startseite","item":"https:\/\/www.zurbrueggen.de\/magazin\/"},{"@type":"ListItem","position":2,"name":"Die Zurbr\u00fcggen WG II &#8211; Wohn-\/Esszimmer"}]},{"@type":"WebSite","@id":"https:\/\/www.zurbrueggen.de\/magazin\/#website","url":"https:\/\/www.zurbrueggen.de\/magazin\/","name":"Zurbr\u00fcggen magazin","description":"DESIGN \u2022 STYLE \u2022 LIVING","publisher":{"@id":"https:\/\/www.zurbrueggen.de\/magazin\/#organization"},"potentialAction":[{"@type":"SearchAction","target":{"@type":"EntryPoint","urlTemplate":"https:\/\/www.zurbrueggen.de\/magazin\/?s={search_term_string}"},"query-input":{"@type":"PropertyValueSpecification","valueRequired":true,"valueName":"search_term_string"}}],"inLanguage":"de"},{"@type":"Organization","@id":"https:\/\/www.zurbrueggen.de\/magazin\/#organization","name":"Zurbr\u00fcggen Wohn-Zentrum GmbH","url":"https:\/\/www.zurbrueggen.de\/magazin\/","logo":{"@type":"ImageObject","inLanguage":"de","@id":"https:\/\/www.zurbrueggen.de\/magazin\/#\/schema\/logo\/image\/","url":"https:\/\/www.zurbrueggen.de\/magazin\/wp-content\/uploads\/2016\/07\/logo_zurbrueggen.png","contentUrl":"https:\/\/www.zurbrueggen.de\/magazin\/wp-content\/uploads\/2016\/07\/logo_zurbrueggen.png","width":400,"height":107,"caption":"Zurbr\u00fcggen Wohn-Zentrum GmbH"},"image":{"@id":"https:\/\/www.zurbrueggen.de\/magazin\/#\/schema\/logo\/image\/"},"sameAs":["https:\/\/facebook.com\/zurbrueggen","https:\/\/x.com\/Zurbrueggen"]},{"@type":"Person","@id":"https:\/\/www.zurbrueggen.de\/magazin\/#\/schema\/person\/07170b1da6f7876ac78e450b9a3ed3d6","name":"Linda Wolfgart","image":{"@type":"ImageObject","inLanguage":"de","@id":"https:\/\/secure.gravatar.com\/avatar\/f84173980fbd4382d8c0ae77c07dbf27a65219dbdadb5b039dab209120bb5c55?s=96&d=mm&r=g","url":"https:\/\/secure.gravatar.com\/avatar\/f84173980fbd4382d8c0ae77c07dbf27a65219dbdadb5b039dab209120bb5c55?s=96&d=mm&r=g","contentUrl":"https:\/\/secure.gravatar.com\/avatar\/f84173980fbd4382d8c0ae77c07dbf27a65219dbdadb5b039dab209120bb5c55?s=96&d=mm&r=g","caption":"Linda Wolfgart"},"url":"https:\/\/www.zurbrueggen.de\/magazin\/author\/l_junowicz\/"}]}},"_links":{"self":[{"href":"https:\/\/www.zurbrueggen.de\/magazin\/wp-json\/wp\/v2\/posts\/1668","targetHints":{"allow":["GET"]}}],"collection":[{"href":"https:\/\/www.zurbrueggen.de\/magazin\/wp-json\/wp\/v2\/posts"}],"about":[{"href":"https:\/\/www.zurbrueggen.de\/magazin\/wp-json\/wp\/v2\/types\/post"}],"author":[{"embeddable":true,"href":"https:\/\/www.zurbrueggen.de\/magazin\/wp-json\/wp\/v2\/users\/20"}],"replies":[{"embeddable":true,"href":"https:\/\/www.zurbrueggen.de\/magazin\/wp-json\/wp\/v2\/comments?post=1668"}],"version-history":[{"count":33,"href":"https:\/\/www.zurbrueggen.de\/magazin\/wp-json\/wp\/v2\/posts\/1668\/revisions"}],"predecessor-version":[{"id":1721,"href":"https:\/\/www.zurbrueggen.de\/magazin\/wp-json\/wp\/v2\/posts\/1668\/revisions\/1721"}],"wp:featuredmedia":[{"embeddable":true,"href":"https:\/\/www.zurbrueggen.de\/magazin\/wp-json\/wp\/v2\/media\/1672"}],"wp:attachment":[{"href":"https:\/\/www.zurbrueggen.de\/magazin\/wp-json\/wp\/v2\/media?parent=1668"}],"wp:term":[{"taxonomy":"category","embeddable":true,"href":"https:\/\/www.zurbrueggen.de\/magazin\/wp-json\/wp\/v2\/categories?post=1668"},{"taxonomy":"post_tag","embeddable":true,"href":"https:\/\/www.zurbrueggen.de\/magazin\/wp-json\/wp\/v2\/tags?post=1668"}],"curies":[{"name":"wp","href":"https:\/\/api.w.org\/{rel}","templated":true}]}}