{"id":1599,"date":"2017-04-20T17:19:43","date_gmt":"2017-04-20T15:19:43","guid":{"rendered":"https:\/\/www.zurbrueggen.de\/magazin\/?p=1599"},"modified":"2018-05-09T09:50:57","modified_gmt":"2018-05-09T07:50:57","slug":"was-ist-eigentlich-mid-century","status":"publish","type":"post","link":"https:\/\/www.zurbrueggen.de\/magazin\/was-ist-eigentlich-mid-century\/","title":{"rendered":"Was ist eigentlich Mid Century?"},"content":{"rendered":"<figure id=\"attachment_1610\" aria-describedby=\"caption-attachment-1610\" style=\"width: 1200px\" class=\"wp-caption alignnone\"><img loading=\"lazy\" decoding=\"async\" class=\"wp-image-1610 size-full\" src=\"https:\/\/www.zurbrueggen.de\/magazin\/wp-content\/uploads\/2017\/04\/magazin-mid-century-03-zurbrueggen.jpg\" alt=\"Mid-Century-Stil\" width=\"1200\" height=\"675\" srcset=\"https:\/\/www.zurbrueggen.de\/magazin\/wp-content\/uploads\/2017\/04\/magazin-mid-century-03-zurbrueggen.jpg 1200w, https:\/\/www.zurbrueggen.de\/magazin\/wp-content\/uploads\/2017\/04\/magazin-mid-century-03-zurbrueggen-300x169.jpg 300w, https:\/\/www.zurbrueggen.de\/magazin\/wp-content\/uploads\/2017\/04\/magazin-mid-century-03-zurbrueggen-768x432.jpg 768w, https:\/\/www.zurbrueggen.de\/magazin\/wp-content\/uploads\/2017\/04\/magazin-mid-century-03-zurbrueggen-1024x576.jpg 1024w, https:\/\/www.zurbrueggen.de\/magazin\/wp-content\/uploads\/2017\/04\/magazin-mid-century-03-zurbrueggen-665x374.jpg 665w, https:\/\/www.zurbrueggen.de\/magazin\/wp-content\/uploads\/2017\/04\/magazin-mid-century-03-zurbrueggen-462x260.jpg 462w\" sizes=\"auto, (max-width: 1200px) 100vw, 1200px\" \/><figcaption id=\"caption-attachment-1610\" class=\"wp-caption-text\">Zwischen Bauhaus und Ohrensessel: Der Mid-Century-Stil l\u00e4sst Anleihen von den Drei\u00dfiger- bis zu den Siebzigerjahren zu.<\/figcaption><\/figure>\n<p>&nbsp;<\/p>\n<p><span class=\"vorschau\" style=\"font-family: 'Roboto Slab'; font-size: 22px; line-height: 34px; font-weight: 300; margin-top: 40px;\">Mid-Century-\u00c4ra, Mid-Century-Design, Mid Century Modern, Mid-Century-Stil: Wer es in puncto Wohndesign funktional, minimalistisch und elegant mag ohne auf Wohnlichkeit zu verzichten oder die stilvolle Coolness einer Cocktail-Lounge bevorzugt, wird immer wieder auf den Begriff \u00bbMid Century\u00ab sto\u00dfen. Mid-Century-M\u00f6bel sind zeitlos und liegen im Trend. Doch was genau verbirgt sich dahinter?<\/span><\/p>\n<p><!--more--><\/p>\n<p>&nbsp;<\/p>\n<h2><span class=\"subheading\" style=\"font-family: 'Roboto Slab', sans-serif; font-size: 20px; margin-top: 40px; font-weight: 400; text-transform: none; margin-left: 12.5%;\">Innovatives Design der 1950er Jahre<\/span><\/h2>\n<p><span class=\"fliesstext\" style=\"font-family: Roboto, sans-serif; font-size: 16px; line-height: 24px; font-weight: 400;\">\u00bbMid Century Modern\u00ab, so der urspr\u00fcngliche Begriff, umfasst im engeren Sinne die gesamte Designwelt der F\u00fcnfzigerjahre des 20. Jahrhunderts: M\u00f6bel, Leuchten, Glas und Keramik, Textilien sowie Produkt-, Industrie- und Grafik-Design bis hin zu H\u00e4usern einschlie\u00dflich ihrer Interieurs. Er geht zur\u00fcck auf das gleichnamige Buch der Journalistin Cara Greenberg, die 1984 darunter das innovative Design der 1950er Jahre zusammenfasste.<\/span><\/p>\n<p>&nbsp;<\/p>\n<h2><span class=\"subheading\" style=\"font-family: 'Roboto Slab', sans-serif; font-size: 20px; margin-top: 40px; font-weight: 400; text-transform: none; margin-left: 12.5%;\">Optimismus und Aufbruchstimmung<\/span><\/h2>\n<p><span class=\"fliesstext\" style=\"font-family: Roboto, sans-serif; font-size: 16px; line-height: 24px; font-weight: 400;\">Nach dem Ende des Zweiten Weltkriegs gingen vor allem von den USA wichtige Design-Impulse f\u00fcr das Mid Century Modern aus. Hier hatte man den Krieg nahezu unbeschadet \u00fcberstanden. Die Wirtschaft boomte und die Konsumkraft war gro\u00df. Die Menschen blickten zuversichtlich in die Zukunft. Dieses lebensbejahende Gef\u00fchl spiegelte sich u.a. in ihrer Konsumfreude und wurde in den leichten, beschwingten Formen des Designs aufgegriffen. Bald schon entwickelten sich auch Skandinavien und Italien zu Design-Zentren \u2013 Mid Century Modern wurde international.<\/span><\/p>\n<p>&nbsp;<\/p>\n<h2><span class=\"subheading\" style=\"font-family: 'Roboto Slab', sans-serif; font-size: 20px; margin-top: 40px; font-weight: 400; text-transform: none; margin-left: 12.5%;\">M\u00f6bel f\u00fcr den Menschen<\/span><\/h2>\n<p><span class=\"fliesstext\" style=\"font-family: Roboto, sans-serif; font-size: 16px; line-height: 24px; font-weight: 400;\">In den 1950er Jahren waren die Wohnverh\u00e4ltnisse in den St\u00e4dten beengt. Das neue M\u00f6bel-Design kam diesem Umstand entgegen:<\/span><\/p>\n<blockquote><p>Es war bequem, kindersicher und so dimensioniert, dass es in die kleineren Nachkriegsh\u00e4user und -apartments passte.\u00a0<cite class=\"\">Cara Greenberg<\/cite><\/p><\/blockquote>\n<p><span class=\"fliesstext\" style=\"font-family: Roboto, sans-serif; font-size: 16px; line-height: 24px; font-weight: 400;\">Gleichzeitig vermittelten die Einrichtungsgegenst\u00e4nde Wohnlichkeit und zeugten von Stilbewusstsein.<\/span><\/p>\n<figure id=\"attachment_1608\" aria-describedby=\"caption-attachment-1608\" style=\"width: 1200px\" class=\"wp-caption alignnone\"><img loading=\"lazy\" decoding=\"async\" class=\"wp-image-1608 size-full\" src=\"https:\/\/www.zurbrueggen.de\/magazin\/wp-content\/uploads\/2017\/04\/magazin-mid-century-01-zurbrueggen.jpg\" alt=\"Modernes M\u00f6beldesign inspiriert von Eero Saarinen\" width=\"1200\" height=\"675\" srcset=\"https:\/\/www.zurbrueggen.de\/magazin\/wp-content\/uploads\/2017\/04\/magazin-mid-century-01-zurbrueggen.jpg 1200w, https:\/\/www.zurbrueggen.de\/magazin\/wp-content\/uploads\/2017\/04\/magazin-mid-century-01-zurbrueggen-300x169.jpg 300w, https:\/\/www.zurbrueggen.de\/magazin\/wp-content\/uploads\/2017\/04\/magazin-mid-century-01-zurbrueggen-768x432.jpg 768w, https:\/\/www.zurbrueggen.de\/magazin\/wp-content\/uploads\/2017\/04\/magazin-mid-century-01-zurbrueggen-1024x576.jpg 1024w, https:\/\/www.zurbrueggen.de\/magazin\/wp-content\/uploads\/2017\/04\/magazin-mid-century-01-zurbrueggen-665x374.jpg 665w, https:\/\/www.zurbrueggen.de\/magazin\/wp-content\/uploads\/2017\/04\/magazin-mid-century-01-zurbrueggen-462x260.jpg 462w\" sizes=\"auto, (max-width: 1200px) 100vw, 1200px\" \/><figcaption id=\"caption-attachment-1608\" class=\"wp-caption-text\">Modernes M\u00f6beldesign inspiriert von Eero Saarinen, Charles und Ray Eames sowie dem schlichten Design skandinavischer Teakm\u00f6bel<\/figcaption><\/figure>\n<p>&nbsp;<\/p>\n<h2><span class=\"subheading\" style=\"font-family: 'Roboto Slab', sans-serif; font-size: 20px; margin-top: 40px; font-weight: 400; text-transform: none; margin-left: 12.5%;\">Nierentisch &amp; Co.<\/span><\/h2>\n<p><span class=\"fliesstext\" style=\"font-family: Roboto, sans-serif; font-size: 16px; line-height: 24px; font-weight: 400;\">Nierentische, bunte Cocktail-Sessel und T\u00fcten- oder Tulpenlampen hielten international Einzug in die Wohnungen. Mobile Einzelm\u00f6bel, Resopal beschichtete Blumenb\u00e4nke, auff\u00e4llig gemusterte Tapeten und Wohntextilien brachten eine moderne Lebenseinstellung zum Ausdruck.<\/span><\/p>\n<p>&nbsp;<\/p>\n<h2><span class=\"subheading\" style=\"font-family: 'Roboto Slab', sans-serif; font-size: 20px; margin-top: 40px; font-weight: 400; text-transform: none; margin-left: 12.5%;\">Teakholzm\u00f6bel<\/span><\/h2>\n<p><span class=\"fliesstext\" style=\"font-family: Roboto, sans-serif; font-size: 16px; line-height: 24px; font-weight: 400;\">Hans J. Wegner begr\u00fcndete mit seinem organisch geformten Stuhl JH 501 (1949) den Erfolg der Teakholzm\u00f6bel aus D\u00e4nemark. Besonders in Deutschland sch\u00e4tzte man die schlichten und praktischen Einrichtungsgegenst\u00e4nde, die mit ihren schmalen Beinen und farbigen Textilien Leichtigkeit verstr\u00f6mten.<\/span><\/p>\n<p>&nbsp;<\/p>\n<h2><span class=\"subheading\" style=\"font-family: 'Roboto Slab', sans-serif; font-size: 20px; margin-top: 40px; font-weight: 400; text-transform: none; margin-left: 12.5%;\">Streamline-Design<\/span><\/h2>\n<p><span class=\"fliesstext\" style=\"font-family: Roboto, sans-serif; font-size: 16px; line-height: 24px; font-weight: 400;\">In den USA stylte Raymond Loewy Produkte auf origin\u00e4r amerikanische Weise im Streamline-Design. Der von ihm gestaltete K\u00fchlschrank \u00bbFrigidaire\u00ab wurde zum Mythos.<\/span><\/p>\n<p>&nbsp;<\/p>\n<h2><span class=\"subheading\" style=\"font-family: 'Roboto Slab', sans-serif; font-size: 20px; margin-top: 40px; font-weight: 400; text-transform: none; margin-left: 12.5%;\">Organische Formen <\/span><\/h2>\n<p><span class=\"fliesstext\" style=\"font-family: Roboto, sans-serif; font-size: 16px; line-height: 24px; font-weight: 400;\">Schon 1940 hatte das Museum of Modern Art in New York den Wettbewerb \u00bbOrganic Design in Home Furnishing\u00ab ausgeschrieben, um leichte und beschwingte Formen mit Bezug zum menschlichen K\u00f6rper f\u00fcr Einrichtungsgegenst\u00e4nde, Stoffe etc. zu finden. Charles Eames und Eero Saarinen erhielten den Preis und z\u00e4hlten fortan zusammen mit Harry Bertoia zu den gefragtesten und bekanntesten Designern eines neuen organischen Stils. Sie experimentierten mit Materialien wie Aluminium, Drahtgeflecht, Kunststoff oder Sperrholz und mit innovativen Techniken aus der Holz- und Kunststoffverarbeitung, die eine Massenfertigung der weichen, geschwungenen Formen erm\u00f6glichte.<\/span><\/p>\n<p>&nbsp;<\/p>\n<figure id=\"attachment_1609\" aria-describedby=\"caption-attachment-1609\" style=\"width: 1200px\" class=\"wp-caption alignnone\"><img loading=\"lazy\" decoding=\"async\" class=\"wp-image-1609 size-full\" src=\"https:\/\/www.zurbrueggen.de\/magazin\/wp-content\/uploads\/2017\/04\/magazin-mid-century-02-zurbrueggen.jpg\" alt=\"Die zeitgem\u00e4\u00df interpretierte Esszimmergarnitur \" width=\"1200\" height=\"675\" srcset=\"https:\/\/www.zurbrueggen.de\/magazin\/wp-content\/uploads\/2017\/04\/magazin-mid-century-02-zurbrueggen.jpg 1200w, https:\/\/www.zurbrueggen.de\/magazin\/wp-content\/uploads\/2017\/04\/magazin-mid-century-02-zurbrueggen-300x169.jpg 300w, https:\/\/www.zurbrueggen.de\/magazin\/wp-content\/uploads\/2017\/04\/magazin-mid-century-02-zurbrueggen-768x432.jpg 768w, https:\/\/www.zurbrueggen.de\/magazin\/wp-content\/uploads\/2017\/04\/magazin-mid-century-02-zurbrueggen-1024x576.jpg 1024w, https:\/\/www.zurbrueggen.de\/magazin\/wp-content\/uploads\/2017\/04\/magazin-mid-century-02-zurbrueggen-665x374.jpg 665w, https:\/\/www.zurbrueggen.de\/magazin\/wp-content\/uploads\/2017\/04\/magazin-mid-century-02-zurbrueggen-462x260.jpg 462w\" sizes=\"auto, (max-width: 1200px) 100vw, 1200px\" \/><figcaption id=\"caption-attachment-1609\" class=\"wp-caption-text\">Die zeitgem\u00e4\u00df interpretierte Esszimmergarnitur aus nat\u00fcrlichen Materialien zeigt in ihrer leichten Formgebung Anleihen beim d\u00e4nischen M\u00f6beldesign der 1950er Jahre<\/figcaption><\/figure>\n<p>&nbsp;<\/p>\n<h2><span class=\"fliesstext subheading\" style=\"font-family: 'Roboto Slab', sans-serif; font-size: 20px; line-height: 24px; font-weight: 400; margin-top: 40px; text-transform: none; margin-left: 12.5%;\">Design-Ikonen<\/span><\/h2>\n<p><span class=\"fliesstext\" style=\"font-family: Roboto, sans-serif; font-size: 16px; line-height: 24px; font-weight: 400;\">Beispiele sind der \u00bbPlastic Arm Chair DAW\u00ab oder der \u00bbLounge Chair mit Ottomane\u00ab von Charles und Ray Eames, der Drahtgittersessel \u00bbDiamond\u00ab von Harry Bertoia, der \u00bbAmeisenstuhl\u00ab von Arne Jacobsen, der \u00bbTulip Chair\u00ab von Eero Saarinen, die H\u00e4ngelampen von Poul Henningsen oder die Akari-Leuchten von Isamu Noguchi. Vom Ready Made inspiriert entwarfen in Italien die Br\u00fcder Achille und Pier Giacomo Castiglioni witzige Sitzgelegenheiten und die stilvolle Bogenleuchte \u00bbArco\u00ab. Sie alle gelten heute als Klassiker des Einrichtungsdesigns, die auf Auktionen hohe Preise erzielen.<\/span><\/p>\n<p>&nbsp;<\/p>\n<h2><span class=\"subheading\" style=\"font-family: 'Roboto Slab', sans-serif; font-size: 20px; margin-top: 40px; font-weight: 400; text-transform: none; margin-left: 12.5%;\">Nachauflagen<\/span><\/h2>\n<p><span class=\"fliesstext\" style=\"font-family: Roboto, sans-serif; font-size: 16px; line-height: 24px; font-weight: 400;\">Mit ihren kreativen Entw\u00fcrfen gingen die Designer in hochwertige Serienproduktion, u.a. f\u00fcr namhafte M\u00f6belhersteller wie Fritz Hansen, Hermann Miller, Knoll International oder Vitra. Diese bringen heute wieder gefragte Neu- oder Nachauflagen ihrer Designer-M\u00f6bel aus der Mid-Century-\u00c4ra auf den Markt.<\/span><\/p>\n<p>&nbsp;<\/p>\n<h2><span class=\"fliesstext subheading\" style=\"font-family: 'Roboto Slab', sans-serif; font-size: 20px; line-height: 24px; font-weight: 400; margin-top: 40px; text-transform: none; margin-left: 12.5%;\">Mid-Century-Stil<\/span><\/h2>\n<p><span class=\"fliesstext\" style=\"font-family: Roboto, sans-serif; font-size: 16px; line-height: 24px; font-weight: 400;\">Zahlreiche M\u00f6belhersteller produzieren heute M\u00f6bel im Mid-Century-Stil. Dabei greifen sie in ihren Kollektionen Stilelemente der Einrichtungsgegenst\u00e4nde jener Zeit auf: Sideboards mit schlichten Fronten oder konisch zulaufende Beine verweisen ebenso auf die M\u00f6bel der 1950er Jahre wie die Kombination nat\u00fcrlicher Materialien mit Kunststoffen oder zeitgem\u00e4\u00dfe Interpretationen von bew\u00e4hrten Formen wie dem Cocktail-Sessel oder dem Nierentisch.<\/span><\/p>\n<p><span class=\"fliesstext\" style=\"font-family: Roboto, sans-serif; font-size: 16px; line-height: 24px; font-weight: 400;\">Wer sich den Stil der Mid-Century-\u00c4ra zueigen machen m\u00f6chte, hat daher heute zahlreiche M\u00f6glichkeiten. Neben neu entwickelten Kollektionen im Mid-Century-Stil lassen sich die zeitlos eleganten M\u00f6bel als Einzelst\u00fccke auch sehr gut untereinander oder mit anderen Stilen kombinieren.<\/span><\/p>\n<p>&nbsp;<\/p>\n<h2><span class=\"subheading\" style=\"font-family: 'Roboto Slab', sans-serif; font-size: 20px; margin-top: 40px; font-weight: 400; text-transform: none; margin-left: 12.5%;\">Produkte shoppen<\/span><\/h2>\n<style type=\"text\/css\" scoped>.roboGalleryLoaderSpinner{\r\n\tmargin: 50px auto;\r\n\twidth: 50px;\r\n\theight: 40px;\r\n\ttext-align: center;\r\n\tfont-size: 10px;\r\n}\r\n.roboGalleryLoaderSpinner > div{\r\n  background-color: #333;\r\n  height: 100%;\r\n  width: 6px;\r\n  display: inline-block;\r\n\r\n  -webkit-animation: roboGalleryLoader-stretchdelay 1.2s infinite ease-in-out;\r\n  animation: roboGalleryLoader-stretchdelay 1.2s infinite ease-in-out;\r\n}\r\n.roboGalleryLoaderSpinner .roboGalleryLoaderRect2 {\r\n  -webkit-animation-delay: -1.1s;\r\n  animation-delay: -1.1s;\r\n}\r\n.roboGalleryLoaderSpinner .roboGalleryLoaderRect3 {\r\n  -webkit-animation-delay: -1.0s;\r\n  animation-delay: -1.0s;\r\n}\r\n.roboGalleryLoaderSpinner .roboGalleryLoaderRect4 {\r\n  -webkit-animation-delay: -0.9s;\r\n  animation-delay: -0.9s;\r\n}\r\n.roboGalleryLoaderSpinner .roboGalleryLoaderRect5 {\r\n  -webkit-animation-delay: -0.8s;\r\n  animation-delay: -0.8s;\r\n}\r\n@-webkit-keyframes roboGalleryLoader-stretchdelay {\r\n  0%, 40%, 100% { -webkit-transform: scaleY(0.4) }  \r\n  20% { -webkit-transform: scaleY(1.0) }\r\n}\r\n@keyframes roboGalleryLoader-stretchdelay {\r\n  0%, 40%, 100% { \r\n    transform: scaleY(0.4);\r\n    -webkit-transform: scaleY(0.4);\r\n  }  20% { \r\n    transform: scaleY(1.0);\r\n    -webkit-transform: scaleY(1.0);\r\n  }\r\n}<\/style><div id=\"robo_gallery_loading_rbs_gallery_69f4622618ee0\" class=\"roboGalleryLoaderSpinner\"><div class=\"roboGalleryLoaderRect1\"><\/div> <div class=\"roboGalleryLoaderRect2\"><\/div> <div class=\"roboGalleryLoaderRect3\"><\/div> <div class=\"roboGalleryLoaderRect4\"><\/div> <div class=\"roboGalleryLoaderRect5\"><\/div><\/div><div id=\"robo_gallery_main_block_rbs_gallery_69f4622618ee0\" style=\"width:100%;margin: 0 auto;  display: none;\"><div>                  <\/div><div id=\"rbs_gallery_69f4622618ee0\" data-options=\"rbs_gallery_69f4622618ee0\" style=\"width:100%;\" class=\"robo_gallery\"><div class=\"rbs-img category1623 \"  data-columns=\"1\" ><div class=\"rbs-img-image  rbs-lightbox\"   ><div data-thumbnail=\"https:\/\/www.zurbrueggen.de\/magazin\/wp-content\/uploads\/2017\/04\/0966603_695_695_80.jpg\" title=\"Z2 Couchtisch 2er-Set NIKO\" data-width=\"665\" data-height=\"665\" ><\/div><div data-popup=\"https:\/\/www.zurbrueggen.de\/shop\/z2-couchtisch-2er-set-niko.html\" data-type=\"link\" data-alt=\"Z2 Couchtisch 2er-Set NIKO\" title=\"Z2 Couchtisch 2er-Set NIKO\" ><\/div><div class=\"thumbnail-overlay\"><div class=\"rbsTitle \">Z2 Couchtisch 2er-Set NIKO<\/div><\/div><\/div><\/div><div class=\"rbs-img category1623 \"  data-columns=\"1\" ><div class=\"rbs-img-image  rbs-lightbox\"   ><div data-thumbnail=\"https:\/\/www.zurbrueggen.de\/magazin\/wp-content\/uploads\/2017\/04\/1037185_695_695_80.jpg\" title=\"H\u00fclsta Ambiente Beistelltisch RONDA\" data-width=\"665\" data-height=\"665\" ><\/div><div data-popup=\"https:\/\/www.zurbrueggen.de\/shop\/huelsta-ambiente-beistelltisch-ronda-wohnen.html\" data-type=\"link\" data-alt=\"H\u00fclsta Ambiente Beistelltisch RONDA\" title=\"H\u00fclsta Ambiente Beistelltisch RONDA\" ><\/div><div class=\"thumbnail-overlay\"><div class=\"rbsTitle \">H\u00fclsta Ambiente Beistelltisch RONDA<\/div><\/div><\/div><\/div><div class=\"rbs-img category1623 \"  data-columns=\"1\" ><div class=\"rbs-img-image  rbs-lightbox\"   ><div data-thumbnail=\"https:\/\/www.zurbrueggen.de\/magazin\/wp-content\/uploads\/2017\/04\/1049624_695_695_80.jpg\" title=\"Innovation Klappsofa SPLITBACK\" data-width=\"665\" data-height=\"665\" ><\/div><div data-popup=\"https:\/\/www.zurbrueggen.de\/shop\/zurbrueggen-klappsofa-splitback-wz.html\" data-type=\"link\" data-alt=\"Innovation Klappsofa SPLITBACK\" title=\"Innovation Klappsofa SPLITBACK\" ><\/div><div class=\"thumbnail-overlay\"><div class=\"rbsTitle \">Innovation Klappsofa SPLITBACK<\/div><\/div><\/div><\/div><\/div><div>                  <\/div><\/div><script>var rbs_gallery_69f4622618ee0 = {\"filterContainer\": \"#rbs_gallery_69f4622618ee0filter\", \"loadingContainer\": \"#robo_gallery_loading_rbs_gallery_69f4622618ee0\", \"mainContainer\": \"#robo_gallery_main_block_rbs_gallery_69f4622618ee0\", \"touch\": 1, \"lightboxOptions\": { gallery: { enabled: true, tCounter: \"%curr% of %total%\" } }, \"columns\": 3, \"columnWidth\": \"auto\", \"resolutions\": [{\"columnWidth\": \"auto\" , \"columns\":3 , \"maxWidth\": 960} , {\"columnWidth\": \"auto\" , \"columns\":2 , \"maxWidth\": 650} , {\"columnWidth\": \"auto\" , \"columns\":1 , \"maxWidth\": 450}], \"lightboxOptions\": { image: { verticalFit: true }, mainClass: \"my-mfp-slide-bottom mfp-img-mobile\" }, \"overlayEffect\": \"direction-aware-fade\", \"boxesToLoadStart\": 50, \"boxesToLoad\": 50, \"lazyLoad\": false, \"waitUntilThumbLoads\": false, \"waitForAllThumbsNoMatterWhat\": false, \"deepLinking\": false, \"LoadingWord\": \"Loading...\", \"loadMoreWord\": \"Load More\", \"loadMoreClass\": \"button-border-caution \", \"noMoreEntriesWord\": \"No More Entries\", \"horizontalSpaceBetweenBoxes\": 15, \"verticalSpaceBetweenBoxes\": 15}, rbs_gallery_69f4622618ee0_css = \"body .mfp-ready.mfp-bg{background-color: rgba(11, 11, 11, 0.8);}#rbs_gallery_69f4622618ee0 .rbs-img-container{ -webkit-border-radius: 0px; -moz-border-radius: 0px; border-radius: 0px;}#rbs_gallery_69f4622618ee0 .rbsTitle{ font-size:16px; line-height:100%; color:rgb(255, 255, 255); font-weight:bold;}#rbs_gallery_69f4622618ee0 .rbsTitle:hover{color:rgb(255, 255, 255);}#rbs_gallery_69f4622618ee0 .thumbnail-overlay{background:rgba(7, 7, 7, 0.5);}#rbs_gallery_69f4622618ee0 .image-with-dimensions{background-color: rgb(255, 255, 255);}body .mfp-title, body .mfp-counter{color: rgb(243, 243, 243);}\",roboGalleryDelay = 0; head = document.head || document.getElementsByTagName(\"head\")[0], style = document.createElement(\"style\"); style.type = \"text\/css\"; if (style.styleSheet) style.styleSheet.cssText = rbs_gallery_69f4622618ee0_css; \telse  style.appendChild(document.createTextNode(rbs_gallery_69f4622618ee0_css)); head.appendChild(style);<\/script>\n<div class=\"rbs_shortcode\"><style type=\"text\/css\" scoped>.roboGalleryLoaderSpinner{\r\n\tmargin: 50px auto;\r\n\twidth: 50px;\r\n\theight: 40px;\r\n\ttext-align: center;\r\n\tfont-size: 10px;\r\n}\r\n.roboGalleryLoaderSpinner > div{\r\n  background-color: #333;\r\n  height: 100%;\r\n  width: 6px;\r\n  display: inline-block;\r\n\r\n  -webkit-animation: roboGalleryLoader-stretchdelay 1.2s infinite ease-in-out;\r\n  animation: roboGalleryLoader-stretchdelay 1.2s infinite ease-in-out;\r\n}\r\n.roboGalleryLoaderSpinner .roboGalleryLoaderRect2 {\r\n  -webkit-animation-delay: -1.1s;\r\n  animation-delay: -1.1s;\r\n}\r\n.roboGalleryLoaderSpinner .roboGalleryLoaderRect3 {\r\n  -webkit-animation-delay: -1.0s;\r\n  animation-delay: -1.0s;\r\n}\r\n.roboGalleryLoaderSpinner .roboGalleryLoaderRect4 {\r\n  -webkit-animation-delay: -0.9s;\r\n  animation-delay: -0.9s;\r\n}\r\n.roboGalleryLoaderSpinner .roboGalleryLoaderRect5 {\r\n  -webkit-animation-delay: -0.8s;\r\n  animation-delay: -0.8s;\r\n}\r\n@-webkit-keyframes roboGalleryLoader-stretchdelay {\r\n  0%, 40%, 100% { -webkit-transform: scaleY(0.4) }  \r\n  20% { -webkit-transform: scaleY(1.0) }\r\n}\r\n@keyframes roboGalleryLoader-stretchdelay {\r\n  0%, 40%, 100% { \r\n    transform: scaleY(0.4);\r\n    -webkit-transform: scaleY(0.4);\r\n  }  20% { \r\n    transform: scaleY(1.0);\r\n    -webkit-transform: scaleY(1.0);\r\n  }\r\n}<\/style><div id=\"robo_gallery_loading_rbs_gallery_69f462261ee4a\" class=\"roboGalleryLoaderSpinner\"><div class=\"roboGalleryLoaderRect1\"><\/div> <div class=\"roboGalleryLoaderRect2\"><\/div> <div class=\"roboGalleryLoaderRect3\"><\/div> <div class=\"roboGalleryLoaderRect4\"><\/div> <div class=\"roboGalleryLoaderRect5\"><\/div><\/div><div id=\"robo_gallery_main_block_rbs_gallery_69f462261ee4a\" style=\"width:100%;  display: none;\"><div>        <\/div><div id=\"rbs_gallery_69f462261ee4a\" data-options=\"rbs_gallery_69f462261ee4a\" style=\"width:100%;\" class=\"robo_gallery\"><div class=\"rbs-img category1661 \"  data-columns=\"1\" ><div class=\"rbs-img-image  rbs-lightbox\"   ><div data-thumbnail=\"https:\/\/www.zurbrueggen.de\/magazin\/wp-content\/uploads\/2017\/04\/0923888_695_695_80.jpg\" title=\"W.Schillig Schaukelsessel 17750 MISTER X\" data-width=\"665\" data-height=\"665\" ><\/div><div data-popup=\"https:\/\/www.zurbrueggen.de\/shop\/w-schillig-schaukelsessel-17750-mister-x.html\" data-type=\"link\" data-alt=\"W.Schillig Schaukelsessel 17750 MISTER X\" title=\"W.Schillig Schaukelsessel 17750 MISTER X\" ><\/div><div class=\"thumbnail-overlay\"><div class=\"rbsTitle \">W.Schillig Schaukelsessel 17750 MISTER X<\/div><\/div><\/div><\/div><div class=\"rbs-img category1661 \"  data-columns=\"1\" ><div class=\"rbs-img-image  rbs-lightbox\"   ><div data-thumbnail=\"https:\/\/www.zurbrueggen.de\/magazin\/wp-content\/uploads\/2017\/04\/1035230_695_695_80.jpg\" title=\"Valdera Esstisch JIMMY WOHNEN\" data-width=\"665\" data-height=\"665\" ><\/div><div data-popup=\"https:\/\/www.zurbrueggen.de\/shop\/valdera-esstisch-jimmy-wohnen.html\" data-type=\"link\" data-alt=\"Valdera Esstisch JIMMY WOHNEN\" title=\"Valdera Esstisch JIMMY WOHNEN\" ><\/div><div class=\"thumbnail-overlay\"><div class=\"rbsTitle \">Valdera Esstisch JIMMY WOHNEN<\/div><\/div><\/div><\/div><div class=\"rbs-img category1661 \"  data-columns=\"1\" ><div class=\"rbs-img-image  rbs-lightbox\"   ><div data-thumbnail=\"https:\/\/www.zurbrueggen.de\/magazin\/wp-content\/uploads\/2017\/04\/1026249_695_695_80.jpg\" title=\"Zurbr\u00fcggen Stuhl C-6072\" data-width=\"665\" data-height=\"665\" ><\/div><div data-popup=\"https:\/\/www.zurbrueggen.de\/shop\/zurbrueggen-stuhl-c-6072.html\" data-type=\"link\" data-alt=\"Zurbr\u00fcggen Stuhl C-6072\" title=\"Zurbr\u00fcggen Stuhl C-6072\" ><\/div><div class=\"thumbnail-overlay\"><div class=\"rbsTitle \">Zurbr\u00fcggen Stuhl C-6072<\/div><\/div><\/div><\/div><div class=\"rbs-img category1661 \"  data-columns=\"1\" ><div class=\"rbs-img-image  rbs-lightbox\"   ><div data-thumbnail=\"https:\/\/www.zurbrueggen.de\/magazin\/wp-content\/uploads\/2017\/05\/1041787_695_695_80.jpg\" title=\"Valnatura Sideboard TIME\" data-width=\"665\" data-height=\"665\" ><\/div><div data-popup=\"https:\/\/www.zurbrueggen.de\/shop\/valnatura-sideboard-time.html\" data-type=\"link\" data-alt=\"Valnatura Sideboard TIME\" title=\"Valnatura Sideboard TIME\" ><\/div><div class=\"thumbnail-overlay\"><div class=\"rbsTitle \">Valnatura Sideboard TIME<\/div><\/div><\/div><\/div><\/div><div>        <\/div><\/div><script>var rbs_gallery_69f462261ee4a = {\"filterContainer\": \"#rbs_gallery_69f462261ee4afilter\", \"loadingContainer\": \"#robo_gallery_loading_rbs_gallery_69f462261ee4a\", \"mainContainer\": \"#robo_gallery_main_block_rbs_gallery_69f462261ee4a\", \"touch\": 1, \"lightboxOptions\": { gallery: { enabled: true, tCounter: \"%curr% of %total%\" } }, \"columns\": 4, \"columnWidth\": \"auto\", \"resolutions\": [{\"columnWidth\": \"auto\" , \"columns\":3 , \"maxWidth\": 960} , {\"columnWidth\": \"auto\" , \"columns\":2 , \"maxWidth\": 650} , {\"columnWidth\": \"auto\" , \"columns\":1 , \"maxWidth\": 450}], \"lightboxOptions\": { image: { verticalFit: true }, mainClass: \"my-mfp-slide-bottom mfp-img-mobile\" }, \"overlayEffect\": \"direction-aware-fade\", \"boxesToLoadStart\": 50, \"boxesToLoad\": 50, \"lazyLoad\": false, \"waitUntilThumbLoads\": false, \"waitForAllThumbsNoMatterWhat\": false, \"deepLinking\": false, \"LoadingWord\": \"Loading...\", \"loadMoreWord\": \"Load More\", \"loadMoreClass\": \"button-border-caution \", \"noMoreEntriesWord\": \"No More Entries\", \"horizontalSpaceBetweenBoxes\": 15, \"verticalSpaceBetweenBoxes\": 15}, rbs_gallery_69f462261ee4a_css = \"body .mfp-ready.mfp-bg{background-color: rgba(11, 11, 11, 0.8);}#rbs_gallery_69f462261ee4a .rbs-img-container{ -webkit-border-radius: 5px; -moz-border-radius: 5px; border-radius: 5px;}#rbs_gallery_69f462261ee4a .rbsTitle{ font-size:16px; line-height:100%; color:rgb(255, 255, 255); font-weight:bold;}#rbs_gallery_69f462261ee4a .rbsTitle:hover{color:rgb(255, 255, 255);}#rbs_gallery_69f462261ee4a .thumbnail-overlay{background:rgba(7, 7, 7, 0.5);}#rbs_gallery_69f462261ee4a .image-with-dimensions{background-color: rgb(255, 255, 255);}body .mfp-title, body .mfp-counter{color: rgb(243, 243, 243);}\",roboGalleryDelay = 0; head = document.head || document.getElementsByTagName(\"head\")[0], style = document.createElement(\"style\"); style.type = \"text\/css\"; if (style.styleSheet) style.styleSheet.cssText = rbs_gallery_69f462261ee4a_css; \telse  style.appendChild(document.createTextNode(rbs_gallery_69f462261ee4a_css)); head.appendChild(style);<\/script><\/div>\n","protected":false},"excerpt":{"rendered":"<p>&nbsp; Mid-Century-\u00c4ra, Mid-Century-Design, Mid Century Modern, Mid-Century-Stil: Wer es in puncto Wohndesign funktional, minimalistisch und elegant mag ohne auf Wohnlichkeit zu verzichten oder die stilvolle Coolness einer Cocktail-Lounge bevorzugt, wird immer wieder auf den Begriff \u00bbMid Century\u00ab sto\u00dfen. Mid-Century-M\u00f6bel sind zeitlos und liegen im Trend. Doch was genau verbirgt sich dahinter?<\/p>\n","protected":false},"author":20,"featured_media":1611,"comment_status":"open","ping_status":"open","sticky":false,"template":"","format":"standard","meta":{"_acf_changed":false,"footnotes":""},"categories":[1,29,35],"tags":[],"class_list":["post-1599","post","type-post","status-publish","format-standard","has-post-thumbnail","hentry","category-alle-artikel","category-dekoration","category-design"],"acf":[],"yoast_head":"<!-- This site is optimized with the Yoast SEO plugin v27.4 - https:\/\/yoast.com\/product\/yoast-seo-wordpress\/ -->\n<title>Was ist eigentlich Mid Century? &#8211; Zurbr\u00fcggen magazin<\/title>\n<meta name=\"description\" content=\"Wer sich den Stil der Mid-Century-\u00c4ra zueigen machen m\u00f6chte, hat daher heute zahlreiche M\u00f6glichkeiten \u2013 Aber was ist eigentlich Mid Century?\" \/>\n<meta name=\"robots\" content=\"index, follow, max-snippet:-1, max-image-preview:large, max-video-preview:-1\" \/>\n<link rel=\"canonical\" href=\"https:\/\/www.zurbrueggen.de\/magazin\/was-ist-eigentlich-mid-century\/\" \/>\n<meta property=\"og:locale\" content=\"de_DE\" \/>\n<meta property=\"og:type\" content=\"article\" \/>\n<meta property=\"og:title\" content=\"Was ist eigentlich Mid Century? &#8211; Zurbr\u00fcggen magazin\" \/>\n<meta property=\"og:description\" content=\"Wer sich den Stil der Mid-Century-\u00c4ra zueigen machen m\u00f6chte, hat daher heute zahlreiche M\u00f6glichkeiten \u2013 Aber was ist eigentlich Mid Century?\" \/>\n<meta property=\"og:url\" content=\"https:\/\/www.zurbrueggen.de\/magazin\/was-ist-eigentlich-mid-century\/\" \/>\n<meta property=\"og:site_name\" content=\"Zurbr\u00fcggen magazin\" \/>\n<meta property=\"article:publisher\" content=\"https:\/\/facebook.com\/zurbrueggen\" \/>\n<meta property=\"article:published_time\" content=\"2017-04-20T15:19:43+00:00\" \/>\n<meta property=\"article:modified_time\" content=\"2018-05-09T07:50:57+00:00\" \/>\n<meta property=\"og:image\" content=\"https:\/\/www.zurbrueggen.de\/magazin\/wp-content\/uploads\/2017\/04\/magazin-mid-century-04-zurbrueggen.jpg\" \/>\n\t<meta property=\"og:image:width\" content=\"1200\" \/>\n\t<meta property=\"og:image:height\" content=\"675\" \/>\n\t<meta property=\"og:image:type\" content=\"image\/jpeg\" \/>\n<meta name=\"author\" content=\"Linda Wolfgart\" \/>\n<script type=\"application\/ld+json\" class=\"yoast-schema-graph\">{\"@context\":\"https:\\\/\\\/schema.org\",\"@graph\":[{\"@type\":\"Article\",\"@id\":\"https:\\\/\\\/www.zurbrueggen.de\\\/magazin\\\/was-ist-eigentlich-mid-century\\\/#article\",\"isPartOf\":{\"@id\":\"https:\\\/\\\/www.zurbrueggen.de\\\/magazin\\\/was-ist-eigentlich-mid-century\\\/\"},\"author\":{\"name\":\"Linda Wolfgart\",\"@id\":\"https:\\\/\\\/www.zurbrueggen.de\\\/magazin\\\/#\\\/schema\\\/person\\\/07170b1da6f7876ac78e450b9a3ed3d6\"},\"headline\":\"Was ist eigentlich Mid Century?\",\"datePublished\":\"2017-04-20T15:19:43+00:00\",\"dateModified\":\"2018-05-09T07:50:57+00:00\",\"mainEntityOfPage\":{\"@id\":\"https:\\\/\\\/www.zurbrueggen.de\\\/magazin\\\/was-ist-eigentlich-mid-century\\\/\"},\"wordCount\":794,\"commentCount\":0,\"publisher\":{\"@id\":\"https:\\\/\\\/www.zurbrueggen.de\\\/magazin\\\/#organization\"},\"image\":{\"@id\":\"https:\\\/\\\/www.zurbrueggen.de\\\/magazin\\\/was-ist-eigentlich-mid-century\\\/#primaryimage\"},\"thumbnailUrl\":\"https:\\\/\\\/www.zurbrueggen.de\\\/magazin\\\/wp-content\\\/uploads\\\/2017\\\/04\\\/magazin-mid-century-04-zurbrueggen.jpg\",\"articleSection\":[\"Alle Artikel\",\"Dekoration\",\"design\"],\"inLanguage\":\"de\",\"potentialAction\":[{\"@type\":\"CommentAction\",\"name\":\"Comment\",\"target\":[\"https:\\\/\\\/www.zurbrueggen.de\\\/magazin\\\/was-ist-eigentlich-mid-century\\\/#respond\"]}]},{\"@type\":\"WebPage\",\"@id\":\"https:\\\/\\\/www.zurbrueggen.de\\\/magazin\\\/was-ist-eigentlich-mid-century\\\/\",\"url\":\"https:\\\/\\\/www.zurbrueggen.de\\\/magazin\\\/was-ist-eigentlich-mid-century\\\/\",\"name\":\"Was ist eigentlich Mid Century? &#8211; Zurbr\u00fcggen magazin\",\"isPartOf\":{\"@id\":\"https:\\\/\\\/www.zurbrueggen.de\\\/magazin\\\/#website\"},\"primaryImageOfPage\":{\"@id\":\"https:\\\/\\\/www.zurbrueggen.de\\\/magazin\\\/was-ist-eigentlich-mid-century\\\/#primaryimage\"},\"image\":{\"@id\":\"https:\\\/\\\/www.zurbrueggen.de\\\/magazin\\\/was-ist-eigentlich-mid-century\\\/#primaryimage\"},\"thumbnailUrl\":\"https:\\\/\\\/www.zurbrueggen.de\\\/magazin\\\/wp-content\\\/uploads\\\/2017\\\/04\\\/magazin-mid-century-04-zurbrueggen.jpg\",\"datePublished\":\"2017-04-20T15:19:43+00:00\",\"dateModified\":\"2018-05-09T07:50:57+00:00\",\"description\":\"Wer sich den Stil der Mid-Century-\u00c4ra zueigen machen m\u00f6chte, hat daher heute zahlreiche M\u00f6glichkeiten \u2013 Aber was ist eigentlich Mid Century?\",\"breadcrumb\":{\"@id\":\"https:\\\/\\\/www.zurbrueggen.de\\\/magazin\\\/was-ist-eigentlich-mid-century\\\/#breadcrumb\"},\"inLanguage\":\"de\",\"potentialAction\":[{\"@type\":\"ReadAction\",\"target\":[\"https:\\\/\\\/www.zurbrueggen.de\\\/magazin\\\/was-ist-eigentlich-mid-century\\\/\"]}]},{\"@type\":\"ImageObject\",\"inLanguage\":\"de\",\"@id\":\"https:\\\/\\\/www.zurbrueggen.de\\\/magazin\\\/was-ist-eigentlich-mid-century\\\/#primaryimage\",\"url\":\"https:\\\/\\\/www.zurbrueggen.de\\\/magazin\\\/wp-content\\\/uploads\\\/2017\\\/04\\\/magazin-mid-century-04-zurbrueggen.jpg\",\"contentUrl\":\"https:\\\/\\\/www.zurbrueggen.de\\\/magazin\\\/wp-content\\\/uploads\\\/2017\\\/04\\\/magazin-mid-century-04-zurbrueggen.jpg\",\"width\":1200,\"height\":675,\"caption\":\"Bew\u00e4hrte Formen der 1950er Jahre in modernen Farben und Materialien: Nierentisch und Cocktailsessel treffen auf d\u00e4nisches Mid-Century-Design und italienische Designer-Lampe.\"},{\"@type\":\"BreadcrumbList\",\"@id\":\"https:\\\/\\\/www.zurbrueggen.de\\\/magazin\\\/was-ist-eigentlich-mid-century\\\/#breadcrumb\",\"itemListElement\":[{\"@type\":\"ListItem\",\"position\":1,\"name\":\"Startseite\",\"item\":\"https:\\\/\\\/www.zurbrueggen.de\\\/magazin\\\/\"},{\"@type\":\"ListItem\",\"position\":2,\"name\":\"Was ist eigentlich Mid Century?\"}]},{\"@type\":\"WebSite\",\"@id\":\"https:\\\/\\\/www.zurbrueggen.de\\\/magazin\\\/#website\",\"url\":\"https:\\\/\\\/www.zurbrueggen.de\\\/magazin\\\/\",\"name\":\"Zurbr\u00fcggen magazin\",\"description\":\"DESIGN \u2022 STYLE \u2022 LIVING\",\"publisher\":{\"@id\":\"https:\\\/\\\/www.zurbrueggen.de\\\/magazin\\\/#organization\"},\"potentialAction\":[{\"@type\":\"SearchAction\",\"target\":{\"@type\":\"EntryPoint\",\"urlTemplate\":\"https:\\\/\\\/www.zurbrueggen.de\\\/magazin\\\/?s={search_term_string}\"},\"query-input\":{\"@type\":\"PropertyValueSpecification\",\"valueRequired\":true,\"valueName\":\"search_term_string\"}}],\"inLanguage\":\"de\"},{\"@type\":\"Organization\",\"@id\":\"https:\\\/\\\/www.zurbrueggen.de\\\/magazin\\\/#organization\",\"name\":\"Zurbr\u00fcggen Wohn-Zentrum GmbH\",\"url\":\"https:\\\/\\\/www.zurbrueggen.de\\\/magazin\\\/\",\"logo\":{\"@type\":\"ImageObject\",\"inLanguage\":\"de\",\"@id\":\"https:\\\/\\\/www.zurbrueggen.de\\\/magazin\\\/#\\\/schema\\\/logo\\\/image\\\/\",\"url\":\"https:\\\/\\\/www.zurbrueggen.de\\\/magazin\\\/wp-content\\\/uploads\\\/2016\\\/07\\\/logo_zurbrueggen.png\",\"contentUrl\":\"https:\\\/\\\/www.zurbrueggen.de\\\/magazin\\\/wp-content\\\/uploads\\\/2016\\\/07\\\/logo_zurbrueggen.png\",\"width\":400,\"height\":107,\"caption\":\"Zurbr\u00fcggen Wohn-Zentrum GmbH\"},\"image\":{\"@id\":\"https:\\\/\\\/www.zurbrueggen.de\\\/magazin\\\/#\\\/schema\\\/logo\\\/image\\\/\"},\"sameAs\":[\"https:\\\/\\\/facebook.com\\\/zurbrueggen\",\"https:\\\/\\\/x.com\\\/Zurbrueggen\"]},{\"@type\":\"Person\",\"@id\":\"https:\\\/\\\/www.zurbrueggen.de\\\/magazin\\\/#\\\/schema\\\/person\\\/07170b1da6f7876ac78e450b9a3ed3d6\",\"name\":\"Linda Wolfgart\",\"image\":{\"@type\":\"ImageObject\",\"inLanguage\":\"de\",\"@id\":\"https:\\\/\\\/secure.gravatar.com\\\/avatar\\\/f84173980fbd4382d8c0ae77c07dbf27a65219dbdadb5b039dab209120bb5c55?s=96&d=mm&r=g\",\"url\":\"https:\\\/\\\/secure.gravatar.com\\\/avatar\\\/f84173980fbd4382d8c0ae77c07dbf27a65219dbdadb5b039dab209120bb5c55?s=96&d=mm&r=g\",\"contentUrl\":\"https:\\\/\\\/secure.gravatar.com\\\/avatar\\\/f84173980fbd4382d8c0ae77c07dbf27a65219dbdadb5b039dab209120bb5c55?s=96&d=mm&r=g\",\"caption\":\"Linda Wolfgart\"},\"url\":\"https:\\\/\\\/www.zurbrueggen.de\\\/magazin\\\/author\\\/l_junowicz\\\/\"}]}<\/script>\n<!-- \/ Yoast SEO plugin. -->","yoast_head_json":{"title":"Was ist eigentlich Mid Century? &#8211; Zurbr\u00fcggen magazin","description":"Wer sich den Stil der Mid-Century-\u00c4ra zueigen machen m\u00f6chte, hat daher heute zahlreiche M\u00f6glichkeiten \u2013 Aber was ist eigentlich Mid Century?","robots":{"index":"index","follow":"follow","max-snippet":"max-snippet:-1","max-image-preview":"max-image-preview:large","max-video-preview":"max-video-preview:-1"},"canonical":"https:\/\/www.zurbrueggen.de\/magazin\/was-ist-eigentlich-mid-century\/","og_locale":"de_DE","og_type":"article","og_title":"Was ist eigentlich Mid Century? &#8211; Zurbr\u00fcggen magazin","og_description":"Wer sich den Stil der Mid-Century-\u00c4ra zueigen machen m\u00f6chte, hat daher heute zahlreiche M\u00f6glichkeiten \u2013 Aber was ist eigentlich Mid Century?","og_url":"https:\/\/www.zurbrueggen.de\/magazin\/was-ist-eigentlich-mid-century\/","og_site_name":"Zurbr\u00fcggen magazin","article_publisher":"https:\/\/facebook.com\/zurbrueggen","article_published_time":"2017-04-20T15:19:43+00:00","article_modified_time":"2018-05-09T07:50:57+00:00","og_image":[{"width":1200,"height":675,"url":"https:\/\/www.zurbrueggen.de\/magazin\/wp-content\/uploads\/2017\/04\/magazin-mid-century-04-zurbrueggen.jpg","type":"image\/jpeg"}],"author":"Linda Wolfgart","schema":{"@context":"https:\/\/schema.org","@graph":[{"@type":"Article","@id":"https:\/\/www.zurbrueggen.de\/magazin\/was-ist-eigentlich-mid-century\/#article","isPartOf":{"@id":"https:\/\/www.zurbrueggen.de\/magazin\/was-ist-eigentlich-mid-century\/"},"author":{"name":"Linda Wolfgart","@id":"https:\/\/www.zurbrueggen.de\/magazin\/#\/schema\/person\/07170b1da6f7876ac78e450b9a3ed3d6"},"headline":"Was ist eigentlich Mid Century?","datePublished":"2017-04-20T15:19:43+00:00","dateModified":"2018-05-09T07:50:57+00:00","mainEntityOfPage":{"@id":"https:\/\/www.zurbrueggen.de\/magazin\/was-ist-eigentlich-mid-century\/"},"wordCount":794,"commentCount":0,"publisher":{"@id":"https:\/\/www.zurbrueggen.de\/magazin\/#organization"},"image":{"@id":"https:\/\/www.zurbrueggen.de\/magazin\/was-ist-eigentlich-mid-century\/#primaryimage"},"thumbnailUrl":"https:\/\/www.zurbrueggen.de\/magazin\/wp-content\/uploads\/2017\/04\/magazin-mid-century-04-zurbrueggen.jpg","articleSection":["Alle Artikel","Dekoration","design"],"inLanguage":"de","potentialAction":[{"@type":"CommentAction","name":"Comment","target":["https:\/\/www.zurbrueggen.de\/magazin\/was-ist-eigentlich-mid-century\/#respond"]}]},{"@type":"WebPage","@id":"https:\/\/www.zurbrueggen.de\/magazin\/was-ist-eigentlich-mid-century\/","url":"https:\/\/www.zurbrueggen.de\/magazin\/was-ist-eigentlich-mid-century\/","name":"Was ist eigentlich Mid Century? &#8211; Zurbr\u00fcggen magazin","isPartOf":{"@id":"https:\/\/www.zurbrueggen.de\/magazin\/#website"},"primaryImageOfPage":{"@id":"https:\/\/www.zurbrueggen.de\/magazin\/was-ist-eigentlich-mid-century\/#primaryimage"},"image":{"@id":"https:\/\/www.zurbrueggen.de\/magazin\/was-ist-eigentlich-mid-century\/#primaryimage"},"thumbnailUrl":"https:\/\/www.zurbrueggen.de\/magazin\/wp-content\/uploads\/2017\/04\/magazin-mid-century-04-zurbrueggen.jpg","datePublished":"2017-04-20T15:19:43+00:00","dateModified":"2018-05-09T07:50:57+00:00","description":"Wer sich den Stil der Mid-Century-\u00c4ra zueigen machen m\u00f6chte, hat daher heute zahlreiche M\u00f6glichkeiten \u2013 Aber was ist eigentlich Mid Century?","breadcrumb":{"@id":"https:\/\/www.zurbrueggen.de\/magazin\/was-ist-eigentlich-mid-century\/#breadcrumb"},"inLanguage":"de","potentialAction":[{"@type":"ReadAction","target":["https:\/\/www.zurbrueggen.de\/magazin\/was-ist-eigentlich-mid-century\/"]}]},{"@type":"ImageObject","inLanguage":"de","@id":"https:\/\/www.zurbrueggen.de\/magazin\/was-ist-eigentlich-mid-century\/#primaryimage","url":"https:\/\/www.zurbrueggen.de\/magazin\/wp-content\/uploads\/2017\/04\/magazin-mid-century-04-zurbrueggen.jpg","contentUrl":"https:\/\/www.zurbrueggen.de\/magazin\/wp-content\/uploads\/2017\/04\/magazin-mid-century-04-zurbrueggen.jpg","width":1200,"height":675,"caption":"Bew\u00e4hrte Formen der 1950er Jahre in modernen Farben und Materialien: Nierentisch und Cocktailsessel treffen auf d\u00e4nisches Mid-Century-Design und italienische Designer-Lampe."},{"@type":"BreadcrumbList","@id":"https:\/\/www.zurbrueggen.de\/magazin\/was-ist-eigentlich-mid-century\/#breadcrumb","itemListElement":[{"@type":"ListItem","position":1,"name":"Startseite","item":"https:\/\/www.zurbrueggen.de\/magazin\/"},{"@type":"ListItem","position":2,"name":"Was ist eigentlich Mid Century?"}]},{"@type":"WebSite","@id":"https:\/\/www.zurbrueggen.de\/magazin\/#website","url":"https:\/\/www.zurbrueggen.de\/magazin\/","name":"Zurbr\u00fcggen magazin","description":"DESIGN \u2022 STYLE \u2022 LIVING","publisher":{"@id":"https:\/\/www.zurbrueggen.de\/magazin\/#organization"},"potentialAction":[{"@type":"SearchAction","target":{"@type":"EntryPoint","urlTemplate":"https:\/\/www.zurbrueggen.de\/magazin\/?s={search_term_string}"},"query-input":{"@type":"PropertyValueSpecification","valueRequired":true,"valueName":"search_term_string"}}],"inLanguage":"de"},{"@type":"Organization","@id":"https:\/\/www.zurbrueggen.de\/magazin\/#organization","name":"Zurbr\u00fcggen Wohn-Zentrum GmbH","url":"https:\/\/www.zurbrueggen.de\/magazin\/","logo":{"@type":"ImageObject","inLanguage":"de","@id":"https:\/\/www.zurbrueggen.de\/magazin\/#\/schema\/logo\/image\/","url":"https:\/\/www.zurbrueggen.de\/magazin\/wp-content\/uploads\/2016\/07\/logo_zurbrueggen.png","contentUrl":"https:\/\/www.zurbrueggen.de\/magazin\/wp-content\/uploads\/2016\/07\/logo_zurbrueggen.png","width":400,"height":107,"caption":"Zurbr\u00fcggen Wohn-Zentrum GmbH"},"image":{"@id":"https:\/\/www.zurbrueggen.de\/magazin\/#\/schema\/logo\/image\/"},"sameAs":["https:\/\/facebook.com\/zurbrueggen","https:\/\/x.com\/Zurbrueggen"]},{"@type":"Person","@id":"https:\/\/www.zurbrueggen.de\/magazin\/#\/schema\/person\/07170b1da6f7876ac78e450b9a3ed3d6","name":"Linda Wolfgart","image":{"@type":"ImageObject","inLanguage":"de","@id":"https:\/\/secure.gravatar.com\/avatar\/f84173980fbd4382d8c0ae77c07dbf27a65219dbdadb5b039dab209120bb5c55?s=96&d=mm&r=g","url":"https:\/\/secure.gravatar.com\/avatar\/f84173980fbd4382d8c0ae77c07dbf27a65219dbdadb5b039dab209120bb5c55?s=96&d=mm&r=g","contentUrl":"https:\/\/secure.gravatar.com\/avatar\/f84173980fbd4382d8c0ae77c07dbf27a65219dbdadb5b039dab209120bb5c55?s=96&d=mm&r=g","caption":"Linda Wolfgart"},"url":"https:\/\/www.zurbrueggen.de\/magazin\/author\/l_junowicz\/"}]}},"_links":{"self":[{"href":"https:\/\/www.zurbrueggen.de\/magazin\/wp-json\/wp\/v2\/posts\/1599","targetHints":{"allow":["GET"]}}],"collection":[{"href":"https:\/\/www.zurbrueggen.de\/magazin\/wp-json\/wp\/v2\/posts"}],"about":[{"href":"https:\/\/www.zurbrueggen.de\/magazin\/wp-json\/wp\/v2\/types\/post"}],"author":[{"embeddable":true,"href":"https:\/\/www.zurbrueggen.de\/magazin\/wp-json\/wp\/v2\/users\/20"}],"replies":[{"embeddable":true,"href":"https:\/\/www.zurbrueggen.de\/magazin\/wp-json\/wp\/v2\/comments?post=1599"}],"version-history":[{"count":20,"href":"https:\/\/www.zurbrueggen.de\/magazin\/wp-json\/wp\/v2\/posts\/1599\/revisions"}],"predecessor-version":[{"id":2968,"href":"https:\/\/www.zurbrueggen.de\/magazin\/wp-json\/wp\/v2\/posts\/1599\/revisions\/2968"}],"wp:featuredmedia":[{"embeddable":true,"href":"https:\/\/www.zurbrueggen.de\/magazin\/wp-json\/wp\/v2\/media\/1611"}],"wp:attachment":[{"href":"https:\/\/www.zurbrueggen.de\/magazin\/wp-json\/wp\/v2\/media?parent=1599"}],"wp:term":[{"taxonomy":"category","embeddable":true,"href":"https:\/\/www.zurbrueggen.de\/magazin\/wp-json\/wp\/v2\/categories?post=1599"},{"taxonomy":"post_tag","embeddable":true,"href":"https:\/\/www.zurbrueggen.de\/magazin\/wp-json\/wp\/v2\/tags?post=1599"}],"curies":[{"name":"wp","href":"https:\/\/api.w.org\/{rel}","templated":true}]}}